{"id":19975,"date":"2020-02-03T07:30:54","date_gmt":"2020-02-03T06:30:54","guid":{"rendered":"https:\/\/www.immobilienbusiness.ch\/?p=19975"},"modified":"2020-02-03T07:30:54","modified_gmt":"2020-02-03T06:30:54","slug":"neue-beratungsgesellschaft-am-start","status":"publish","type":"post","link":"https:\/\/www.immobilienbusiness.ch\/fr\/unternehmen\/2020-02-03\/neue-beratungsgesellschaft-am-start\/","title":{"rendered":"Lancement d'une nouvelle soci\u00e9t\u00e9 de conseil"},"content":{"rendered":"<figure id=\"attachment_20091\" aria-describedby=\"caption-attachment-20091\" style=\"width: 680px\" class=\"wp-caption alignnone\"><img loading=\"lazy\" decoding=\"async\" class=\"size-medium wp-image-20091\" src=\"https:\/\/www.immobilienbusiness.ch\/wp-content\/uploads\/2020\/01\/DSC_1496-Bearbeitet.jpg\" alt=\"\" width=\"680\" height=\"452\" srcset=\"https:\/\/www.immobilienbusiness.ch\/wp-content\/uploads\/2020\/01\/DSC_1496-Bearbeitet.jpg 2560w, https:\/\/www.immobilienbusiness.ch\/wp-content\/uploads\/2020\/01\/DSC_1496-Bearbeitet-300x200.jpg 300w, https:\/\/www.immobilienbusiness.ch\/wp-content\/uploads\/2020\/01\/DSC_1496-Bearbeitet-1024x681.jpg 1024w, https:\/\/www.immobilienbusiness.ch\/wp-content\/uploads\/2020\/01\/DSC_1496-Bearbeitet-768x511.jpg 768w, https:\/\/www.immobilienbusiness.ch\/wp-content\/uploads\/2020\/01\/DSC_1496-Bearbeitet-1536x1022.jpg 1536w, https:\/\/www.immobilienbusiness.ch\/wp-content\/uploads\/2020\/01\/DSC_1496-Bearbeitet-2048x1363.jpg 2048w, https:\/\/www.immobilienbusiness.ch\/wp-content\/uploads\/2020\/01\/DSC_1496-Bearbeitet-16x12.jpg 16w, https:\/\/www.immobilienbusiness.ch\/wp-content\/uploads\/2020\/01\/DSC_1496-Bearbeitet-263x175.jpg 263w, https:\/\/www.immobilienbusiness.ch\/wp-content\/uploads\/2020\/01\/DSC_1496-Bearbeitet-526x350.jpg 526w, https:\/\/www.immobilienbusiness.ch\/wp-content\/uploads\/2020\/01\/DSC_1496-Bearbeitet-1202x800.jpg 1202w, https:\/\/www.immobilienbusiness.ch\/wp-content\/uploads\/2020\/01\/DSC_1496-Bearbeitet-920x612.jpg 920w, https:\/\/www.immobilienbusiness.ch\/wp-content\/uploads\/2020\/01\/DSC_1496-Bearbeitet-1400x931.jpg 1400w\" sizes=\"auto, (max-width: 680px) 100vw, 680px\" \/><figcaption id=\"caption-attachment-20091\" class=\"wp-caption-text\">Mahira Begovic Wildhaber et Kirsten Rust (photo : Axentica Real Estate AG)<\/figcaption><\/figure>\n<p>Axentica Real Estate est une \"entreprise de conseil immobilier agile\" sp\u00e9cialis\u00e9e dans la location et la recherche de surfaces de bureaux ainsi que dans le conseil en mati\u00e8re d'immobilier pour les biens immobiliers \u00e0 usage commercial, \u00e9crivent les fondatrices dans un communiqu\u00e9. Elles s'adressent aux propri\u00e9taires institutionnels et priv\u00e9s ainsi qu'aux locataires d'immeubles \u00e0 usage commercial.<\/p>\n<p>Kirsten Rust travaillait auparavant pour SPG Intercity Zurich. Derni\u00e8rement, elle \u00e9tait Head of Tenant and Landlord Representation et membre de la performance commerciale. <a href=\"https:\/\/www.immobilienbusiness.ch\/fr\/spg-intercity-zurich-gibt-sich-neue-struktur\/\">Elle a quitt\u00e9 l'entreprise fin 2018, mais est rest\u00e9e \u00e0 sa disposition pour des projets s\u00e9lectionn\u00e9s.<\/a><\/p>\n<p>Mahira Begovic Wildhaber travaillait derni\u00e8rement pour le Swiss Finance &amp; Property Group en tant qu'Asset Manager Direct Real Estate. Elle a pr\u00e9c\u00e9demment travaill\u00e9 chez CBRE, o\u00f9 elle \u00e9tait Head of Letting Zurich, et chez Colliers. <em>(ah)<\/em><\/p>","protected":false},"excerpt":{"rendered":"<p>Kirsten Rust et Mahira Begovic Wildhaber ont fond\u00e9 \u00e0 Zurich la soci\u00e9t\u00e9 de conseil immobilier Axentica Real Estate.<\/p>","protected":false},"author":3,"featured_media":20091,"comment_status":"closed","ping_status":"open","sticky":false,"template":"","format":"standard","meta":{"_acf_changed":false,"_yoast_wpseo_focuskw":"Axentica","_yoast_wpseo_title":"","_yoast_wpseo_metadesc":"Kirsten Rust und Mahira Begovic Wildhaber haben in Z\u00fcrich die Immobilienberatungsgesellschaft Axentica Real Estate gegr\u00fcndet.","_yoast_wpseo_linkdex":55,"pgc_sgb_lightbox_settings":"","footnotes":""},"categories":[988],"tags":[1340,1460,1888],"class_list":["post-19975","post","type-post","status-publish","format-standard","has-post-thumbnail","hentry","category-unternehmen","tag-immobiliendienstleister","tag-makler","tag-zuerich"],"acf":[],"yoast_head":"<!-- This site is optimized with the Yoast SEO plugin v27.4 - https:\/\/yoast.com\/product\/yoast-seo-wordpress\/ -->\n<title>Neue Beratungsgesellschaft am Start - IMMOBILIEN Business<\/title>\n<meta name=\"description\" content=\"Kirsten Rust und Mahira Begovic Wildhaber haben in Z\u00fcrich die Immobilienberatungsgesellschaft Axentica Real Estate gegr\u00fcndet.\" \/>\n<meta name=\"robots\" content=\"index, follow, max-snippet:-1, max-image-preview:large, max-video-preview:-1\" \/>\n<link rel=\"canonical\" href=\"https:\/\/www.immobilienbusiness.ch\/fr\/unternehmen\/2020-02-03\/neue-beratungsgesellschaft-am-start\/\" \/>\n<meta property=\"og:locale\" content=\"fr_FR\" \/>\n<meta property=\"og:type\" content=\"article\" \/>\n<meta property=\"og:title\" content=\"Neue Beratungsgesellschaft am Start - IMMOBILIEN Business\" \/>\n<meta property=\"og:description\" content=\"Kirsten Rust und Mahira Begovic Wildhaber haben in Z\u00fcrich die Immobilienberatungsgesellschaft Axentica Real Estate gegr\u00fcndet.\" \/>\n<meta property=\"og:url\" content=\"https:\/\/www.immobilienbusiness.ch\/fr\/unternehmen\/2020-02-03\/neue-beratungsgesellschaft-am-start\/\" \/>\n<meta property=\"og:site_name\" content=\"IMMOBILIEN Business\" \/>\n<meta property=\"article:publisher\" content=\"https:\/\/www.facebook.com\/immobilienbusiness\/\" \/>\n<meta property=\"article:published_time\" content=\"2020-02-03T06:30:54+00:00\" \/>\n<meta property=\"og:image\" content=\"https:\/\/www.immobilienbusiness.ch\/wp-content\/uploads\/2020\/01\/DSC_1496-Bearbeitet-1024x681.jpg\" \/>\n\t<meta property=\"og:image:width\" content=\"1024\" \/>\n\t<meta property=\"og:image:height\" content=\"681\" \/>\n\t<meta property=\"og:image:type\" content=\"image\/jpeg\" \/>\n<meta name=\"author\" content=\"anja.hall\" \/>\n<meta name=\"twitter:card\" content=\"summary_large_image\" \/>\n<meta name=\"twitter:image\" content=\"https:\/\/www.immobilienbusiness.ch\/wp-content\/uploads\/2020\/01\/DSC_1496-Bearbeitet.jpg\" \/>\n<script type=\"application\/ld+json\" class=\"yoast-schema-graph\">{\"@context\":\"https:\\\/\\\/schema.org\",\"@graph\":[{\"@type\":\"Article\",\"@id\":\"https:\\\/\\\/www.immobilienbusiness.ch\\\/de\\\/unternehmen\\\/2020-02-03\\\/neue-beratungsgesellschaft-am-start\\\/#article\",\"isPartOf\":{\"@id\":\"https:\\\/\\\/www.immobilienbusiness.ch\\\/de\\\/unternehmen\\\/2020-02-03\\\/neue-beratungsgesellschaft-am-start\\\/\"},\"author\":{\"name\":\"anja.hall\",\"@id\":\"https:\\\/\\\/www.immobilienbusiness.ch\\\/#\\\/schema\\\/person\\\/3fc036297b10b9f42d6db5ee932af8c8\"},\"headline\":\"Neue Beratungsgesellschaft am Start\",\"datePublished\":\"2020-02-03T06:30:54+00:00\",\"mainEntityOfPage\":{\"@id\":\"https:\\\/\\\/www.immobilienbusiness.ch\\\/de\\\/unternehmen\\\/2020-02-03\\\/neue-beratungsgesellschaft-am-start\\\/\"},\"wordCount\":154,\"publisher\":{\"@id\":\"https:\\\/\\\/www.immobilienbusiness.ch\\\/#organization\"},\"image\":{\"@id\":\"https:\\\/\\\/www.immobilienbusiness.ch\\\/de\\\/unternehmen\\\/2020-02-03\\\/neue-beratungsgesellschaft-am-start\\\/#primaryimage\"},\"thumbnailUrl\":\"https:\\\/\\\/www.immobilienbusiness.ch\\\/wp-content\\\/uploads\\\/2020\\\/01\\\/DSC_1496-Bearbeitet.jpg\",\"keywords\":[\"Immobiliendienstleister\",\"Makler\",\"Z\u00fcrich\"],\"articleSection\":[\"UNTERNEHMEN\"],\"inLanguage\":\"fr-FR\"},{\"@type\":\"WebPage\",\"@id\":\"https:\\\/\\\/www.immobilienbusiness.ch\\\/de\\\/unternehmen\\\/2020-02-03\\\/neue-beratungsgesellschaft-am-start\\\/\",\"url\":\"https:\\\/\\\/www.immobilienbusiness.ch\\\/de\\\/unternehmen\\\/2020-02-03\\\/neue-beratungsgesellschaft-am-start\\\/\",\"name\":\"Neue Beratungsgesellschaft am Start - IMMOBILIEN Business\",\"isPartOf\":{\"@id\":\"https:\\\/\\\/www.immobilienbusiness.ch\\\/#website\"},\"primaryImageOfPage\":{\"@id\":\"https:\\\/\\\/www.immobilienbusiness.ch\\\/de\\\/unternehmen\\\/2020-02-03\\\/neue-beratungsgesellschaft-am-start\\\/#primaryimage\"},\"image\":{\"@id\":\"https:\\\/\\\/www.immobilienbusiness.ch\\\/de\\\/unternehmen\\\/2020-02-03\\\/neue-beratungsgesellschaft-am-start\\\/#primaryimage\"},\"thumbnailUrl\":\"https:\\\/\\\/www.immobilienbusiness.ch\\\/wp-content\\\/uploads\\\/2020\\\/01\\\/DSC_1496-Bearbeitet.jpg\",\"datePublished\":\"2020-02-03T06:30:54+00:00\",\"description\":\"Kirsten Rust und Mahira Begovic Wildhaber haben in Z\u00fcrich die Immobilienberatungsgesellschaft Axentica Real Estate gegr\u00fcndet.\",\"breadcrumb\":{\"@id\":\"https:\\\/\\\/www.immobilienbusiness.ch\\\/de\\\/unternehmen\\\/2020-02-03\\\/neue-beratungsgesellschaft-am-start\\\/#breadcrumb\"},\"inLanguage\":\"fr-FR\",\"potentialAction\":[{\"@type\":\"ReadAction\",\"target\":[\"https:\\\/\\\/www.immobilienbusiness.ch\\\/de\\\/unternehmen\\\/2020-02-03\\\/neue-beratungsgesellschaft-am-start\\\/\"]}]},{\"@type\":\"ImageObject\",\"inLanguage\":\"fr-FR\",\"@id\":\"https:\\\/\\\/www.immobilienbusiness.ch\\\/de\\\/unternehmen\\\/2020-02-03\\\/neue-beratungsgesellschaft-am-start\\\/#primaryimage\",\"url\":\"https:\\\/\\\/www.immobilienbusiness.ch\\\/wp-content\\\/uploads\\\/2020\\\/01\\\/DSC_1496-Bearbeitet.jpg\",\"contentUrl\":\"https:\\\/\\\/www.immobilienbusiness.ch\\\/wp-content\\\/uploads\\\/2020\\\/01\\\/DSC_1496-Bearbeitet.jpg\",\"width\":2560,\"height\":1703,\"caption\":\"DSC_1496-Bearbeitet\"},{\"@type\":\"BreadcrumbList\",\"@id\":\"https:\\\/\\\/www.immobilienbusiness.ch\\\/de\\\/unternehmen\\\/2020-02-03\\\/neue-beratungsgesellschaft-am-start\\\/#breadcrumb\",\"itemListElement\":[{\"@type\":\"ListItem\",\"position\":1,\"name\":\"Home\",\"item\":\"https:\\\/\\\/www.immobilienbusiness.ch\\\/\"},{\"@type\":\"ListItem\",\"position\":2,\"name\":\"Neue Beratungsgesellschaft am Start\"}]},{\"@type\":\"WebSite\",\"@id\":\"https:\\\/\\\/www.immobilienbusiness.ch\\\/#website\",\"url\":\"https:\\\/\\\/www.immobilienbusiness.ch\\\/\",\"name\":\"IMMOBILIEN Business\",\"description\":\"Unabh\u00e4ngiges Schweizer Wirtschaftsmagazin mit Fokus auf Immobilien, Architektur- und Bau sowie Investment- und Finanzierung.\",\"publisher\":{\"@id\":\"https:\\\/\\\/www.immobilienbusiness.ch\\\/#organization\"},\"potentialAction\":[{\"@type\":\"SearchAction\",\"target\":{\"@type\":\"EntryPoint\",\"urlTemplate\":\"https:\\\/\\\/www.immobilienbusiness.ch\\\/?s={search_term_string}\"},\"query-input\":{\"@type\":\"PropertyValueSpecification\",\"valueRequired\":true,\"valueName\":\"search_term_string\"}}],\"inLanguage\":\"fr-FR\"},{\"@type\":\"Organization\",\"@id\":\"https:\\\/\\\/www.immobilienbusiness.ch\\\/#organization\",\"name\":\"IMMOBILIEN Business\",\"url\":\"https:\\\/\\\/www.immobilienbusiness.ch\\\/\",\"logo\":{\"@type\":\"ImageObject\",\"inLanguage\":\"fr-FR\",\"@id\":\"https:\\\/\\\/www.immobilienbusiness.ch\\\/#\\\/schema\\\/logo\\\/image\\\/\",\"url\":\"https:\\\/\\\/www.immobilienbusiness.ch\\\/wp-content\\\/uploads\\\/2021\\\/07\\\/logo_ib.png\",\"contentUrl\":\"https:\\\/\\\/www.immobilienbusiness.ch\\\/wp-content\\\/uploads\\\/2021\\\/07\\\/logo_ib.png\",\"width\":800,\"height\":181,\"caption\":\"IMMOBILIEN Business\"},\"image\":{\"@id\":\"https:\\\/\\\/www.immobilienbusiness.ch\\\/#\\\/schema\\\/logo\\\/image\\\/\"},\"sameAs\":[\"https:\\\/\\\/www.facebook.com\\\/immobilienbusiness\\\/\"]},{\"@type\":\"Person\",\"@id\":\"https:\\\/\\\/www.immobilienbusiness.ch\\\/#\\\/schema\\\/person\\\/3fc036297b10b9f42d6db5ee932af8c8\",\"name\":\"anja.hall\",\"image\":{\"@type\":\"ImageObject\",\"inLanguage\":\"fr-FR\",\"@id\":\"https:\\\/\\\/secure.gravatar.com\\\/avatar\\\/066b5a0d447013502c71a5782f4f3469f03cfe595cc2329fb94652fe47511bfb?s=96&d=mm&r=g\",\"url\":\"https:\\\/\\\/secure.gravatar.com\\\/avatar\\\/066b5a0d447013502c71a5782f4f3469f03cfe595cc2329fb94652fe47511bfb?s=96&d=mm&r=g\",\"contentUrl\":\"https:\\\/\\\/secure.gravatar.com\\\/avatar\\\/066b5a0d447013502c71a5782f4f3469f03cfe595cc2329fb94652fe47511bfb?s=96&d=mm&r=g\",\"caption\":\"anja.hall\"},\"url\":\"https:\\\/\\\/www.immobilienbusiness.ch\\\/fr\\\/author\\\/anja-hall\\\/\"}]}<\/script>\n<!-- \/ Yoast SEO plugin. -->","yoast_head_json":{"title":"Une nouvelle soci\u00e9t\u00e9 de conseil est lanc\u00e9e - IMMOBILIER Business","description":"Kirsten Rust et Mahira Begovic Wildhaber ont fond\u00e9 \u00e0 Zurich la soci\u00e9t\u00e9 de conseil immobilier Axentica Real Estate.","robots":{"index":"index","follow":"follow","max-snippet":"max-snippet:-1","max-image-preview":"max-image-preview:large","max-video-preview":"max-video-preview:-1"},"canonical":"https:\/\/www.immobilienbusiness.ch\/fr\/unternehmen\/2020-02-03\/neue-beratungsgesellschaft-am-start\/","og_locale":"fr_FR","og_type":"article","og_title":"Neue Beratungsgesellschaft am Start - IMMOBILIEN Business","og_description":"Kirsten Rust und Mahira Begovic Wildhaber haben in Z\u00fcrich die Immobilienberatungsgesellschaft Axentica Real Estate gegr\u00fcndet.","og_url":"https:\/\/www.immobilienbusiness.ch\/fr\/unternehmen\/2020-02-03\/neue-beratungsgesellschaft-am-start\/","og_site_name":"IMMOBILIEN Business","article_publisher":"https:\/\/www.facebook.com\/immobilienbusiness\/","article_published_time":"2020-02-03T06:30:54+00:00","og_image":[{"width":1024,"height":681,"url":"https:\/\/www.immobilienbusiness.ch\/wp-content\/uploads\/2020\/01\/DSC_1496-Bearbeitet-1024x681.jpg","type":"image\/jpeg"}],"author":"anja.hall","twitter_card":"summary_large_image","twitter_image":"https:\/\/www.immobilienbusiness.ch\/wp-content\/uploads\/2020\/01\/DSC_1496-Bearbeitet.jpg","schema":{"@context":"https:\/\/schema.org","@graph":[{"@type":"Article","@id":"https:\/\/www.immobilienbusiness.ch\/de\/unternehmen\/2020-02-03\/neue-beratungsgesellschaft-am-start\/#article","isPartOf":{"@id":"https:\/\/www.immobilienbusiness.ch\/de\/unternehmen\/2020-02-03\/neue-beratungsgesellschaft-am-start\/"},"author":{"name":"anja.hall","@id":"https:\/\/www.immobilienbusiness.ch\/#\/schema\/person\/3fc036297b10b9f42d6db5ee932af8c8"},"headline":"Neue Beratungsgesellschaft am Start","datePublished":"2020-02-03T06:30:54+00:00","mainEntityOfPage":{"@id":"https:\/\/www.immobilienbusiness.ch\/de\/unternehmen\/2020-02-03\/neue-beratungsgesellschaft-am-start\/"},"wordCount":154,"publisher":{"@id":"https:\/\/www.immobilienbusiness.ch\/#organization"},"image":{"@id":"https:\/\/www.immobilienbusiness.ch\/de\/unternehmen\/2020-02-03\/neue-beratungsgesellschaft-am-start\/#primaryimage"},"thumbnailUrl":"https:\/\/www.immobilienbusiness.ch\/wp-content\/uploads\/2020\/01\/DSC_1496-Bearbeitet.jpg","keywords":["Immobiliendienstleister","Makler","Z\u00fcrich"],"articleSection":["UNTERNEHMEN"],"inLanguage":"fr-FR"},{"@type":"WebPage","@id":"https:\/\/www.immobilienbusiness.ch\/de\/unternehmen\/2020-02-03\/neue-beratungsgesellschaft-am-start\/","url":"https:\/\/www.immobilienbusiness.ch\/de\/unternehmen\/2020-02-03\/neue-beratungsgesellschaft-am-start\/","name":"Une nouvelle soci\u00e9t\u00e9 de conseil est lanc\u00e9e - IMMOBILIER Business","isPartOf":{"@id":"https:\/\/www.immobilienbusiness.ch\/#website"},"primaryImageOfPage":{"@id":"https:\/\/www.immobilienbusiness.ch\/de\/unternehmen\/2020-02-03\/neue-beratungsgesellschaft-am-start\/#primaryimage"},"image":{"@id":"https:\/\/www.immobilienbusiness.ch\/de\/unternehmen\/2020-02-03\/neue-beratungsgesellschaft-am-start\/#primaryimage"},"thumbnailUrl":"https:\/\/www.immobilienbusiness.ch\/wp-content\/uploads\/2020\/01\/DSC_1496-Bearbeitet.jpg","datePublished":"2020-02-03T06:30:54+00:00","description":"Kirsten Rust et Mahira Begovic Wildhaber ont fond\u00e9 \u00e0 Zurich la soci\u00e9t\u00e9 de conseil immobilier Axentica Real Estate.","breadcrumb":{"@id":"https:\/\/www.immobilienbusiness.ch\/de\/unternehmen\/2020-02-03\/neue-beratungsgesellschaft-am-start\/#breadcrumb"},"inLanguage":"fr-FR","potentialAction":[{"@type":"ReadAction","target":["https:\/\/www.immobilienbusiness.ch\/de\/unternehmen\/2020-02-03\/neue-beratungsgesellschaft-am-start\/"]}]},{"@type":"ImageObject","inLanguage":"fr-FR","@id":"https:\/\/www.immobilienbusiness.ch\/de\/unternehmen\/2020-02-03\/neue-beratungsgesellschaft-am-start\/#primaryimage","url":"https:\/\/www.immobilienbusiness.ch\/wp-content\/uploads\/2020\/01\/DSC_1496-Bearbeitet.jpg","contentUrl":"https:\/\/www.immobilienbusiness.ch\/wp-content\/uploads\/2020\/01\/DSC_1496-Bearbeitet.jpg","width":2560,"height":1703,"caption":"DSC_1496-Bearbeitet"},{"@type":"BreadcrumbList","@id":"https:\/\/www.immobilienbusiness.ch\/de\/unternehmen\/2020-02-03\/neue-beratungsgesellschaft-am-start\/#breadcrumb","itemListElement":[{"@type":"ListItem","position":1,"name":"Home","item":"https:\/\/www.immobilienbusiness.ch\/"},{"@type":"ListItem","position":2,"name":"Neue Beratungsgesellschaft am Start"}]},{"@type":"WebSite","@id":"https:\/\/www.immobilienbusiness.ch\/#website","url":"https:\/\/www.immobilienbusiness.ch\/","name":"IMMOBILIER Business","description":"Magazine \u00e9conomique suisse ind\u00e9pendant ax\u00e9 sur l'immobilier, l'architecture et la construction ainsi que sur les investissements et le financement.","publisher":{"@id":"https:\/\/www.immobilienbusiness.ch\/#organization"},"potentialAction":[{"@type":"SearchAction","target":{"@type":"EntryPoint","urlTemplate":"https:\/\/www.immobilienbusiness.ch\/?s={search_term_string}"},"query-input":{"@type":"PropertyValueSpecification","valueRequired":true,"valueName":"search_term_string"}}],"inLanguage":"fr-FR"},{"@type":"Organization","@id":"https:\/\/www.immobilienbusiness.ch\/#organization","name":"IMMOBILIER Business","url":"https:\/\/www.immobilienbusiness.ch\/","logo":{"@type":"ImageObject","inLanguage":"fr-FR","@id":"https:\/\/www.immobilienbusiness.ch\/#\/schema\/logo\/image\/","url":"https:\/\/www.immobilienbusiness.ch\/wp-content\/uploads\/2021\/07\/logo_ib.png","contentUrl":"https:\/\/www.immobilienbusiness.ch\/wp-content\/uploads\/2021\/07\/logo_ib.png","width":800,"height":181,"caption":"IMMOBILIEN Business"},"image":{"@id":"https:\/\/www.immobilienbusiness.ch\/#\/schema\/logo\/image\/"},"sameAs":["https:\/\/www.facebook.com\/immobilienbusiness\/"]},{"@type":"Person","@id":"https:\/\/www.immobilienbusiness.ch\/#\/schema\/person\/3fc036297b10b9f42d6db5ee932af8c8","name":"anja.hall","image":{"@type":"ImageObject","inLanguage":"fr-FR","@id":"https:\/\/secure.gravatar.com\/avatar\/066b5a0d447013502c71a5782f4f3469f03cfe595cc2329fb94652fe47511bfb?s=96&d=mm&r=g","url":"https:\/\/secure.gravatar.com\/avatar\/066b5a0d447013502c71a5782f4f3469f03cfe595cc2329fb94652fe47511bfb?s=96&d=mm&r=g","contentUrl":"https:\/\/secure.gravatar.com\/avatar\/066b5a0d447013502c71a5782f4f3469f03cfe595cc2329fb94652fe47511bfb?s=96&d=mm&r=g","caption":"anja.hall"},"url":"https:\/\/www.immobilienbusiness.ch\/fr\/author\/anja-hall\/"}]}},"_links":{"self":[{"href":"https:\/\/www.immobilienbusiness.ch\/fr\/wp-json\/wp\/v2\/posts\/19975","targetHints":{"allow":["GET"]}}],"collection":[{"href":"https:\/\/www.immobilienbusiness.ch\/fr\/wp-json\/wp\/v2\/posts"}],"about":[{"href":"https:\/\/www.immobilienbusiness.ch\/fr\/wp-json\/wp\/v2\/types\/post"}],"author":[{"embeddable":true,"href":"https:\/\/www.immobilienbusiness.ch\/fr\/wp-json\/wp\/v2\/users\/3"}],"replies":[{"embeddable":true,"href":"https:\/\/www.immobilienbusiness.ch\/fr\/wp-json\/wp\/v2\/comments?post=19975"}],"version-history":[{"count":0,"href":"https:\/\/www.immobilienbusiness.ch\/fr\/wp-json\/wp\/v2\/posts\/19975\/revisions"}],"wp:featuredmedia":[{"embeddable":true,"href":"https:\/\/www.immobilienbusiness.ch\/fr\/wp-json\/wp\/v2\/media\/20091"}],"wp:attachment":[{"href":"https:\/\/www.immobilienbusiness.ch\/fr\/wp-json\/wp\/v2\/media?parent=19975"}],"wp:term":[{"taxonomy":"category","embeddable":true,"href":"https:\/\/www.immobilienbusiness.ch\/fr\/wp-json\/wp\/v2\/categories?post=19975"},{"taxonomy":"post_tag","embeddable":true,"href":"https:\/\/www.immobilienbusiness.ch\/fr\/wp-json\/wp\/v2\/tags?post=19975"}],"curies":[{"name":"wp","href":"https:\/\/api.w.org\/{rel}","templated":true}]}}