{"id":1995,"date":"2016-01-06T17:46:55","date_gmt":"2016-01-06T16:46:55","guid":{"rendered":"http:\/\/dev.immobilienbusiness.ch\/?p=1995"},"modified":"2016-01-06T17:46:55","modified_gmt":"2016-01-06T16:46:55","slug":"allreal-startschuss-fuer-quartier-buelachguss","status":"publish","type":"post","link":"https:\/\/www.immobilienbusiness.ch\/fr\/regionen\/2016-01-06\/allreal-startschuss-fuer-quartier-buelachguss\/","title":{"rendered":"Allreal : coup d'envoi pour le quartier B\u00fclachguss"},"content":{"rendered":"<figure id=\"attachment_1996\" aria-describedby=\"caption-attachment-1996\" style=\"width: 680px\" class=\"wp-caption alignnone\"><img loading=\"lazy\" decoding=\"async\" class=\"size-medium wp-image-1996\" src=\"https:\/\/immobilienbusiness.ch\/wp-content\/uploads\/2016\/12\/Allreal-Startschuss-f\u00fcr-Quartier-B\u00fclachguss-immobilien-business.jpg\" alt=\"Allreal errichtet in B\u00fclach ein neues Wohnquartier (Visualisierung: Allreal)\" width=\"680\" height=\"338\" \/><figcaption id=\"caption-attachment-1996\" class=\"wp-caption-text\">Allreal construit un nouveau quartier r\u00e9sidentiel \u00e0 B\u00fclach (Visualisation : Allreal)<\/figcaption><\/figure>\n<p>Sur la zone de construction 8 de la Fangletenstrasse, d'une superficie de 11 250 m\u00b2, quatre immeubles d'habitation comprenant au total 76 logements locatifs doivent \u00eatre construits. Les plans ont \u00e9t\u00e9 con\u00e7us par Galli Rudolf Architekten. Le volume d'investissement s'\u00e9l\u00e8ve \u00e0 38 millions de CHF.<\/p>\n<p>La construction des quatre immeubles d'habitation d\u00e9butera vraisemblablement en octobre 2016, en fonction de la proc\u00e9dure d'autorisation, indique Allreal. Apr\u00e8s l'ach\u00e8vement des travaux au premier semestre 2018, Allreal int\u00e9grera le complexe r\u00e9sidentiel dans son propre portefeuille immobilier.<\/p>\n<p>A B\u00fclach-Nord, Allreal pr\u00e9voit de construire sur deux terrains d'une superficie totale de 55 300 m\u00b2 un quartier \u00e0 usage mixte comprenant des logements ainsi que des bureaux et des surfaces commerciales. Le plan d'am\u00e9nagement priv\u00e9 \"B\u00fclachguss\", n\u00e9cessaire \u00e0 l'am\u00e9nagement du terrain situ\u00e9 juste \u00e0 c\u00f4t\u00e9 de la gare, est en cours d'approbation. (ah)<\/p>","protected":false},"excerpt":{"rendered":"<p>Allreal a maintenant d\u00e9pos\u00e9 la demande de permis de construire pour le premier projet du quartier B\u00fclachguss pr\u00e9vu \u00e0 B\u00fclach-Nord.<\/p>","protected":false},"author":1,"featured_media":1996,"comment_status":"open","ping_status":"open","sticky":false,"template":"","format":"standard","meta":{"_acf_changed":false,"_yoast_wpseo_focuskw":"Quartier B\u00fclachguss","_yoast_wpseo_title":"Quartier B\u00fclachguss: Neuer Wohnraum in B\u00fclach entsteht","_yoast_wpseo_metadesc":"Allreal startet den Bau eines neuen Quartiers in B\u00fclach mit 76 Mietwohnungen. Fertigstellung ist f\u00fcr 2018 geplant, das Projekt umfasst 11.250 m2.","_yoast_wpseo_linkdex":53,"pgc_sgb_lightbox_settings":"","footnotes":""},"categories":[985,986],"tags":[1601,1629,1639,1862,1888],"class_list":["post-1995","post","type-post","status-publish","format-standard","has-post-thumbnail","hentry","category-regionen","category-residential","tag-projektentwicklung","tag-regionen","tag-residential","tag-wohnen","tag-zuerich"],"acf":[],"yoast_head":"<!-- This site is optimized with the Yoast SEO plugin v27.4 - https:\/\/yoast.com\/product\/yoast-seo-wordpress\/ -->\n<title>Quartier B\u00fclachguss: Neuer Wohnraum in B\u00fclach entsteht<\/title>\n<meta name=\"description\" content=\"Allreal startet den Bau eines neuen Quartiers in B\u00fclach mit 76 Mietwohnungen. Fertigstellung ist f\u00fcr 2018 geplant, das Projekt umfasst 11.250 m2.\" \/>\n<meta name=\"robots\" content=\"index, follow, max-snippet:-1, max-image-preview:large, max-video-preview:-1\" \/>\n<link rel=\"canonical\" href=\"https:\/\/www.immobilienbusiness.ch\/fr\/regionen\/2016-01-06\/allreal-startschuss-fuer-quartier-buelachguss\/\" \/>\n<meta property=\"og:locale\" content=\"fr_FR\" \/>\n<meta property=\"og:type\" content=\"article\" \/>\n<meta property=\"og:title\" content=\"Allreal: Startschuss f\u00fcr Quartier B\u00fclachguss\" \/>\n<meta property=\"og:description\" content=\"F\u00fcr das geplante Quartier B\u00fclachguss in B\u00fclach-Nord hat Allreal jetzt das Baugesuch f\u00fcr das erste Projekt eingereicht.\" \/>\n<meta property=\"og:url\" content=\"https:\/\/www.immobilienbusiness.ch\/fr\/regionen\/2016-01-06\/allreal-startschuss-fuer-quartier-buelachguss\/\" \/>\n<meta property=\"og:site_name\" content=\"IMMOBILIEN Business\" \/>\n<meta property=\"article:publisher\" content=\"https:\/\/www.facebook.com\/immobilienbusiness\/\" \/>\n<meta property=\"article:published_time\" content=\"2016-01-06T16:46:55+00:00\" \/>\n<meta name=\"author\" content=\"Redaktion\" \/>\n<meta name=\"twitter:card\" content=\"summary_large_image\" \/>\n<meta name=\"twitter:image\" content=\"https:\/\/www.immobilienbusiness.ch\/wp-content\/uploads\/2016\/12\/Allreal-Startschuss-fuer-Quartier-Buelachguss-immobilien-business.jpg\" \/>\n<script type=\"application\/ld+json\" class=\"yoast-schema-graph\">{\"@context\":\"https:\\\/\\\/schema.org\",\"@graph\":[{\"@type\":\"Article\",\"@id\":\"https:\\\/\\\/www.immobilienbusiness.ch\\\/regionen\\\/2016-01-06\\\/allreal-startschuss-fuer-quartier-buelachguss\\\/#article\",\"isPartOf\":{\"@id\":\"https:\\\/\\\/www.immobilienbusiness.ch\\\/regionen\\\/2016-01-06\\\/allreal-startschuss-fuer-quartier-buelachguss\\\/\"},\"author\":{\"name\":\"Redaktion\",\"@id\":\"https:\\\/\\\/www.immobilienbusiness.ch\\\/#\\\/schema\\\/person\\\/aa2bace6c5c5aad60102004a50c4eb1c\"},\"headline\":\"Allreal: Startschuss f\u00fcr Quartier B\u00fclachguss\",\"datePublished\":\"2016-01-06T16:46:55+00:00\",\"mainEntityOfPage\":{\"@id\":\"https:\\\/\\\/www.immobilienbusiness.ch\\\/regionen\\\/2016-01-06\\\/allreal-startschuss-fuer-quartier-buelachguss\\\/\"},\"wordCount\":140,\"commentCount\":0,\"publisher\":{\"@id\":\"https:\\\/\\\/www.immobilienbusiness.ch\\\/#organization\"},\"image\":{\"@id\":\"https:\\\/\\\/www.immobilienbusiness.ch\\\/regionen\\\/2016-01-06\\\/allreal-startschuss-fuer-quartier-buelachguss\\\/#primaryimage\"},\"thumbnailUrl\":\"https:\\\/\\\/www.immobilienbusiness.ch\\\/wp-content\\\/uploads\\\/2016\\\/12\\\/Allreal-Startschuss-fuer-Quartier-Buelachguss-immobilien-business.jpg\",\"keywords\":[\"Projektentwicklung\",\"Regionen\",\"Residential\",\"Wohnen\",\"Z\u00fcrich\"],\"articleSection\":[\"REGIONEN\",\"RESIDENTIAL\"],\"inLanguage\":\"fr-FR\"},{\"@type\":\"WebPage\",\"@id\":\"https:\\\/\\\/www.immobilienbusiness.ch\\\/regionen\\\/2016-01-06\\\/allreal-startschuss-fuer-quartier-buelachguss\\\/\",\"url\":\"https:\\\/\\\/www.immobilienbusiness.ch\\\/regionen\\\/2016-01-06\\\/allreal-startschuss-fuer-quartier-buelachguss\\\/\",\"name\":\"Quartier B\u00fclachguss: Neuer Wohnraum in B\u00fclach entsteht\",\"isPartOf\":{\"@id\":\"https:\\\/\\\/www.immobilienbusiness.ch\\\/#website\"},\"primaryImageOfPage\":{\"@id\":\"https:\\\/\\\/www.immobilienbusiness.ch\\\/regionen\\\/2016-01-06\\\/allreal-startschuss-fuer-quartier-buelachguss\\\/#primaryimage\"},\"image\":{\"@id\":\"https:\\\/\\\/www.immobilienbusiness.ch\\\/regionen\\\/2016-01-06\\\/allreal-startschuss-fuer-quartier-buelachguss\\\/#primaryimage\"},\"thumbnailUrl\":\"https:\\\/\\\/www.immobilienbusiness.ch\\\/wp-content\\\/uploads\\\/2016\\\/12\\\/Allreal-Startschuss-fuer-Quartier-Buelachguss-immobilien-business.jpg\",\"datePublished\":\"2016-01-06T16:46:55+00:00\",\"description\":\"Allreal startet den Bau eines neuen Quartiers in B\u00fclach mit 76 Mietwohnungen. Fertigstellung ist f\u00fcr 2018 geplant, das Projekt umfasst 11.250 m2.\",\"breadcrumb\":{\"@id\":\"https:\\\/\\\/www.immobilienbusiness.ch\\\/regionen\\\/2016-01-06\\\/allreal-startschuss-fuer-quartier-buelachguss\\\/#breadcrumb\"},\"inLanguage\":\"fr-FR\",\"potentialAction\":[{\"@type\":\"ReadAction\",\"target\":[\"https:\\\/\\\/www.immobilienbusiness.ch\\\/regionen\\\/2016-01-06\\\/allreal-startschuss-fuer-quartier-buelachguss\\\/\"]}]},{\"@type\":\"ImageObject\",\"inLanguage\":\"fr-FR\",\"@id\":\"https:\\\/\\\/www.immobilienbusiness.ch\\\/regionen\\\/2016-01-06\\\/allreal-startschuss-fuer-quartier-buelachguss\\\/#primaryimage\",\"url\":\"https:\\\/\\\/www.immobilienbusiness.ch\\\/wp-content\\\/uploads\\\/2016\\\/12\\\/Allreal-Startschuss-fuer-Quartier-Buelachguss-immobilien-business.jpg\",\"contentUrl\":\"https:\\\/\\\/www.immobilienbusiness.ch\\\/wp-content\\\/uploads\\\/2016\\\/12\\\/Allreal-Startschuss-fuer-Quartier-Buelachguss-immobilien-business.jpg\",\"width\":2496,\"height\":1242,\"caption\":\"Allreal errichtet in B\u00fclach ein neues Wohnquartier (Visualisierung: Allreal)\"},{\"@type\":\"BreadcrumbList\",\"@id\":\"https:\\\/\\\/www.immobilienbusiness.ch\\\/regionen\\\/2016-01-06\\\/allreal-startschuss-fuer-quartier-buelachguss\\\/#breadcrumb\",\"itemListElement\":[{\"@type\":\"ListItem\",\"position\":1,\"name\":\"Home\",\"item\":\"https:\\\/\\\/www.immobilienbusiness.ch\\\/\"},{\"@type\":\"ListItem\",\"position\":2,\"name\":\"Allreal: Startschuss f\u00fcr Quartier B\u00fclachguss\"}]},{\"@type\":\"WebSite\",\"@id\":\"https:\\\/\\\/www.immobilienbusiness.ch\\\/#website\",\"url\":\"https:\\\/\\\/www.immobilienbusiness.ch\\\/\",\"name\":\"IMMOBILIEN Business\",\"description\":\"Unabh\u00e4ngiges Schweizer Wirtschaftsmagazin mit Fokus auf Immobilien, Architektur- und Bau sowie Investment- und Finanzierung.\",\"publisher\":{\"@id\":\"https:\\\/\\\/www.immobilienbusiness.ch\\\/#organization\"},\"potentialAction\":[{\"@type\":\"SearchAction\",\"target\":{\"@type\":\"EntryPoint\",\"urlTemplate\":\"https:\\\/\\\/www.immobilienbusiness.ch\\\/?s={search_term_string}\"},\"query-input\":{\"@type\":\"PropertyValueSpecification\",\"valueRequired\":true,\"valueName\":\"search_term_string\"}}],\"inLanguage\":\"fr-FR\"},{\"@type\":\"Organization\",\"@id\":\"https:\\\/\\\/www.immobilienbusiness.ch\\\/#organization\",\"name\":\"IMMOBILIEN Business\",\"url\":\"https:\\\/\\\/www.immobilienbusiness.ch\\\/\",\"logo\":{\"@type\":\"ImageObject\",\"inLanguage\":\"fr-FR\",\"@id\":\"https:\\\/\\\/www.immobilienbusiness.ch\\\/#\\\/schema\\\/logo\\\/image\\\/\",\"url\":\"https:\\\/\\\/www.immobilienbusiness.ch\\\/wp-content\\\/uploads\\\/2021\\\/07\\\/logo_ib.png\",\"contentUrl\":\"https:\\\/\\\/www.immobilienbusiness.ch\\\/wp-content\\\/uploads\\\/2021\\\/07\\\/logo_ib.png\",\"width\":800,\"height\":181,\"caption\":\"IMMOBILIEN Business\"},\"image\":{\"@id\":\"https:\\\/\\\/www.immobilienbusiness.ch\\\/#\\\/schema\\\/logo\\\/image\\\/\"},\"sameAs\":[\"https:\\\/\\\/www.facebook.com\\\/immobilienbusiness\\\/\"]},{\"@type\":\"Person\",\"@id\":\"https:\\\/\\\/www.immobilienbusiness.ch\\\/#\\\/schema\\\/person\\\/aa2bace6c5c5aad60102004a50c4eb1c\",\"name\":\"Redaktion\",\"image\":{\"@type\":\"ImageObject\",\"inLanguage\":\"fr-FR\",\"@id\":\"https:\\\/\\\/secure.gravatar.com\\\/avatar\\\/ae2f4d718e6c49043e314ce431e7e645d646302a24a5ef5a8bc8e3f5a032e319?s=96&d=mm&r=g\",\"url\":\"https:\\\/\\\/secure.gravatar.com\\\/avatar\\\/ae2f4d718e6c49043e314ce431e7e645d646302a24a5ef5a8bc8e3f5a032e319?s=96&d=mm&r=g\",\"contentUrl\":\"https:\\\/\\\/secure.gravatar.com\\\/avatar\\\/ae2f4d718e6c49043e314ce431e7e645d646302a24a5ef5a8bc8e3f5a032e319?s=96&d=mm&r=g\",\"caption\":\"Redaktion\"},\"sameAs\":[\"http:\\\/\\\/develop.organisator.galledia.ch\"],\"url\":\"https:\\\/\\\/www.immobilienbusiness.ch\\\/fr\\\/author\\\/admin\\\/\"}]}<\/script>\n<!-- \/ Yoast SEO plugin. -->","yoast_head_json":{"title":"Quartier B\u00fclachguss: Neuer Wohnraum in B\u00fclach entsteht","description":"Allreal startet den Bau eines neuen Quartiers in B\u00fclach mit 76 Mietwohnungen. Fertigstellung ist f\u00fcr 2018 geplant, das Projekt umfasst 11.250 m2.","robots":{"index":"index","follow":"follow","max-snippet":"max-snippet:-1","max-image-preview":"max-image-preview:large","max-video-preview":"max-video-preview:-1"},"canonical":"https:\/\/www.immobilienbusiness.ch\/fr\/regionen\/2016-01-06\/allreal-startschuss-fuer-quartier-buelachguss\/","og_locale":"fr_FR","og_type":"article","og_title":"Allreal: Startschuss f\u00fcr Quartier B\u00fclachguss","og_description":"F\u00fcr das geplante Quartier B\u00fclachguss in B\u00fclach-Nord hat Allreal jetzt das Baugesuch f\u00fcr das erste Projekt eingereicht.","og_url":"https:\/\/www.immobilienbusiness.ch\/fr\/regionen\/2016-01-06\/allreal-startschuss-fuer-quartier-buelachguss\/","og_site_name":"IMMOBILIEN Business","article_publisher":"https:\/\/www.facebook.com\/immobilienbusiness\/","article_published_time":"2016-01-06T16:46:55+00:00","author":"Redaktion","twitter_card":"summary_large_image","twitter_image":"https:\/\/www.immobilienbusiness.ch\/wp-content\/uploads\/2016\/12\/Allreal-Startschuss-fuer-Quartier-Buelachguss-immobilien-business.jpg","schema":{"@context":"https:\/\/schema.org","@graph":[{"@type":"Article","@id":"https:\/\/www.immobilienbusiness.ch\/regionen\/2016-01-06\/allreal-startschuss-fuer-quartier-buelachguss\/#article","isPartOf":{"@id":"https:\/\/www.immobilienbusiness.ch\/regionen\/2016-01-06\/allreal-startschuss-fuer-quartier-buelachguss\/"},"author":{"name":"Redaktion","@id":"https:\/\/www.immobilienbusiness.ch\/#\/schema\/person\/aa2bace6c5c5aad60102004a50c4eb1c"},"headline":"Allreal: Startschuss f\u00fcr Quartier B\u00fclachguss","datePublished":"2016-01-06T16:46:55+00:00","mainEntityOfPage":{"@id":"https:\/\/www.immobilienbusiness.ch\/regionen\/2016-01-06\/allreal-startschuss-fuer-quartier-buelachguss\/"},"wordCount":140,"commentCount":0,"publisher":{"@id":"https:\/\/www.immobilienbusiness.ch\/#organization"},"image":{"@id":"https:\/\/www.immobilienbusiness.ch\/regionen\/2016-01-06\/allreal-startschuss-fuer-quartier-buelachguss\/#primaryimage"},"thumbnailUrl":"https:\/\/www.immobilienbusiness.ch\/wp-content\/uploads\/2016\/12\/Allreal-Startschuss-fuer-Quartier-Buelachguss-immobilien-business.jpg","keywords":["Projektentwicklung","Regionen","Residential","Wohnen","Z\u00fcrich"],"articleSection":["REGIONEN","RESIDENTIAL"],"inLanguage":"fr-FR"},{"@type":"WebPage","@id":"https:\/\/www.immobilienbusiness.ch\/regionen\/2016-01-06\/allreal-startschuss-fuer-quartier-buelachguss\/","url":"https:\/\/www.immobilienbusiness.ch\/regionen\/2016-01-06\/allreal-startschuss-fuer-quartier-buelachguss\/","name":"Quartier B\u00fclachguss: Neuer Wohnraum in B\u00fclach entsteht","isPartOf":{"@id":"https:\/\/www.immobilienbusiness.ch\/#website"},"primaryImageOfPage":{"@id":"https:\/\/www.immobilienbusiness.ch\/regionen\/2016-01-06\/allreal-startschuss-fuer-quartier-buelachguss\/#primaryimage"},"image":{"@id":"https:\/\/www.immobilienbusiness.ch\/regionen\/2016-01-06\/allreal-startschuss-fuer-quartier-buelachguss\/#primaryimage"},"thumbnailUrl":"https:\/\/www.immobilienbusiness.ch\/wp-content\/uploads\/2016\/12\/Allreal-Startschuss-fuer-Quartier-Buelachguss-immobilien-business.jpg","datePublished":"2016-01-06T16:46:55+00:00","description":"Allreal startet den Bau eines neuen Quartiers in B\u00fclach mit 76 Mietwohnungen. Fertigstellung ist f\u00fcr 2018 geplant, das Projekt umfasst 11.250 m2.","breadcrumb":{"@id":"https:\/\/www.immobilienbusiness.ch\/regionen\/2016-01-06\/allreal-startschuss-fuer-quartier-buelachguss\/#breadcrumb"},"inLanguage":"fr-FR","potentialAction":[{"@type":"ReadAction","target":["https:\/\/www.immobilienbusiness.ch\/regionen\/2016-01-06\/allreal-startschuss-fuer-quartier-buelachguss\/"]}]},{"@type":"ImageObject","inLanguage":"fr-FR","@id":"https:\/\/www.immobilienbusiness.ch\/regionen\/2016-01-06\/allreal-startschuss-fuer-quartier-buelachguss\/#primaryimage","url":"https:\/\/www.immobilienbusiness.ch\/wp-content\/uploads\/2016\/12\/Allreal-Startschuss-fuer-Quartier-Buelachguss-immobilien-business.jpg","contentUrl":"https:\/\/www.immobilienbusiness.ch\/wp-content\/uploads\/2016\/12\/Allreal-Startschuss-fuer-Quartier-Buelachguss-immobilien-business.jpg","width":2496,"height":1242,"caption":"Allreal errichtet in B\u00fclach ein neues Wohnquartier (Visualisierung: Allreal)"},{"@type":"BreadcrumbList","@id":"https:\/\/www.immobilienbusiness.ch\/regionen\/2016-01-06\/allreal-startschuss-fuer-quartier-buelachguss\/#breadcrumb","itemListElement":[{"@type":"ListItem","position":1,"name":"Home","item":"https:\/\/www.immobilienbusiness.ch\/"},{"@type":"ListItem","position":2,"name":"Allreal: Startschuss f\u00fcr Quartier B\u00fclachguss"}]},{"@type":"WebSite","@id":"https:\/\/www.immobilienbusiness.ch\/#website","url":"https:\/\/www.immobilienbusiness.ch\/","name":"IMMOBILIER Business","description":"Magazine \u00e9conomique suisse ind\u00e9pendant ax\u00e9 sur l'immobilier, l'architecture et la construction ainsi que sur les investissements et le financement.","publisher":{"@id":"https:\/\/www.immobilienbusiness.ch\/#organization"},"potentialAction":[{"@type":"SearchAction","target":{"@type":"EntryPoint","urlTemplate":"https:\/\/www.immobilienbusiness.ch\/?s={search_term_string}"},"query-input":{"@type":"PropertyValueSpecification","valueRequired":true,"valueName":"search_term_string"}}],"inLanguage":"fr-FR"},{"@type":"Organization","@id":"https:\/\/www.immobilienbusiness.ch\/#organization","name":"IMMOBILIER Business","url":"https:\/\/www.immobilienbusiness.ch\/","logo":{"@type":"ImageObject","inLanguage":"fr-FR","@id":"https:\/\/www.immobilienbusiness.ch\/#\/schema\/logo\/image\/","url":"https:\/\/www.immobilienbusiness.ch\/wp-content\/uploads\/2021\/07\/logo_ib.png","contentUrl":"https:\/\/www.immobilienbusiness.ch\/wp-content\/uploads\/2021\/07\/logo_ib.png","width":800,"height":181,"caption":"IMMOBILIEN Business"},"image":{"@id":"https:\/\/www.immobilienbusiness.ch\/#\/schema\/logo\/image\/"},"sameAs":["https:\/\/www.facebook.com\/immobilienbusiness\/"]},{"@type":"Person","@id":"https:\/\/www.immobilienbusiness.ch\/#\/schema\/person\/aa2bace6c5c5aad60102004a50c4eb1c","name":"Editorial","image":{"@type":"ImageObject","inLanguage":"fr-FR","@id":"https:\/\/secure.gravatar.com\/avatar\/ae2f4d718e6c49043e314ce431e7e645d646302a24a5ef5a8bc8e3f5a032e319?s=96&d=mm&r=g","url":"https:\/\/secure.gravatar.com\/avatar\/ae2f4d718e6c49043e314ce431e7e645d646302a24a5ef5a8bc8e3f5a032e319?s=96&d=mm&r=g","contentUrl":"https:\/\/secure.gravatar.com\/avatar\/ae2f4d718e6c49043e314ce431e7e645d646302a24a5ef5a8bc8e3f5a032e319?s=96&d=mm&r=g","caption":"Redaktion"},"sameAs":["http:\/\/develop.organisator.galledia.ch"],"url":"https:\/\/www.immobilienbusiness.ch\/fr\/author\/admin\/"}]}},"_links":{"self":[{"href":"https:\/\/www.immobilienbusiness.ch\/fr\/wp-json\/wp\/v2\/posts\/1995","targetHints":{"allow":["GET"]}}],"collection":[{"href":"https:\/\/www.immobilienbusiness.ch\/fr\/wp-json\/wp\/v2\/posts"}],"about":[{"href":"https:\/\/www.immobilienbusiness.ch\/fr\/wp-json\/wp\/v2\/types\/post"}],"author":[{"embeddable":true,"href":"https:\/\/www.immobilienbusiness.ch\/fr\/wp-json\/wp\/v2\/users\/1"}],"replies":[{"embeddable":true,"href":"https:\/\/www.immobilienbusiness.ch\/fr\/wp-json\/wp\/v2\/comments?post=1995"}],"version-history":[{"count":0,"href":"https:\/\/www.immobilienbusiness.ch\/fr\/wp-json\/wp\/v2\/posts\/1995\/revisions"}],"wp:featuredmedia":[{"embeddable":true,"href":"https:\/\/www.immobilienbusiness.ch\/fr\/wp-json\/wp\/v2\/media\/1996"}],"wp:attachment":[{"href":"https:\/\/www.immobilienbusiness.ch\/fr\/wp-json\/wp\/v2\/media?parent=1995"}],"wp:term":[{"taxonomy":"category","embeddable":true,"href":"https:\/\/www.immobilienbusiness.ch\/fr\/wp-json\/wp\/v2\/categories?post=1995"},{"taxonomy":"post_tag","embeddable":true,"href":"https:\/\/www.immobilienbusiness.ch\/fr\/wp-json\/wp\/v2\/tags?post=1995"}],"curies":[{"name":"wp","href":"https:\/\/api.w.org\/{rel}","templated":true}]}}