{"id":19804,"date":"2020-01-08T07:57:25","date_gmt":"2020-01-08T06:57:25","guid":{"rendered":"https:\/\/www.immobilienbusiness.ch\/?p=19804"},"modified":"2020-01-08T07:57:25","modified_gmt":"2020-01-08T06:57:25","slug":"luzern-hochschule-wird-mieter-in-der-roesslimatt","status":"publish","type":"post","link":"https:\/\/www.immobilienbusiness.ch\/fr\/allgemein\/2020-01-08\/luzern-hochschule-wird-mieter-in-der-roesslimatt\/","title":{"rendered":"Lucerne : l'universit\u00e9 devient locataire \u00e0 R\u00f6sslimatt"},"content":{"rendered":"<figure id=\"attachment_6358\" aria-describedby=\"caption-attachment-6358\" style=\"width: 553px\" class=\"wp-caption alignnone\"><img loading=\"lazy\" decoding=\"async\" class=\"size-full wp-image-6358\" src=\"https:\/\/www.immobilienbusiness.ch\/wp-content\/uploads\/2017\/02\/Areal_Roesslimatt.jpg\" alt=\"\" width=\"553\" height=\"238\" srcset=\"https:\/\/www.immobilienbusiness.ch\/wp-content\/uploads\/2017\/02\/Areal_Roesslimatt.jpg 553w, https:\/\/www.immobilienbusiness.ch\/wp-content\/uploads\/2017\/02\/Areal_Roesslimatt-300x129.jpg 300w, https:\/\/www.immobilienbusiness.ch\/wp-content\/uploads\/2017\/02\/Areal_Roesslimatt-16x7.jpg 16w, https:\/\/www.immobilienbusiness.ch\/wp-content\/uploads\/2017\/02\/Areal_Roesslimatt-375x161.jpg 375w\" sizes=\"auto, (max-width: 553px) 100vw, 553px\" \/><figcaption id=\"caption-attachment-6358\" class=\"wp-caption-text\">Pr\u00e8s de la gare de Lucerne, les CFF pr\u00e9voient un d\u00e9veloppement de la zone avec le projet R\u00f6sslimatt (photo : SBB CFF FFS).<\/figcaption><\/figure>\n<p>Un nouveau quartier urbain devrait voir le jour d'ici 2040 sur un terrain d'environ quatre hectares situ\u00e9 juste \u00e0 c\u00f4t\u00e9 de la gare de Lucerne et \u00e0 proximit\u00e9 du lac des Quatre-Cantons. Le premier locataire principal sera la Haute \u00e9cole de Lucerne, qui occupera en 2025 un nouveau b\u00e2timent d'environ 16 000 m\u00e8tres carr\u00e9s sur le site, indiquent les CFF.<\/p>\n<p>Le nouveau b\u00e2timent devrait permettre d'accueillir 3 000 \u00e9tudiants, 6 500 participants \u00e0 la formation continue et 400 collaborateurs des deux d\u00e9partements d'\u00e9conomie et de travail social, selon le communiqu\u00e9. La Haute \u00e9cole de Lucerne et les CFF auraient conclu un partenariat de 30 ans. Actuellement, les d\u00e9partements d'\u00e9conomie et de travail social sont r\u00e9partis sur cinq sites ; \u00e0 l'avenir, il y aura, outre le b\u00e2timent de R\u00f6sslimatt, un autre site \u00e0 la Zentralstrasse 9.<\/p>\n<p>Le plan d'am\u00e9nagement R\u00f6sslimatt, \u00e9labor\u00e9 par les CFF en collaboration avec la ville de Lucerne, pr\u00e9voit d'autres b\u00e2timents sur six parcelles de construction, qui seront planifi\u00e9s et r\u00e9alis\u00e9s par \u00e9tapes jusqu'en 2040 probablement. Selon les CFF, un \"m\u00e9lange d'utilisation vari\u00e9 et attractif\" doit voir le jour sur le site. Dans les rez-de-chauss\u00e9e, des utilisations orient\u00e9es vers le public seraient pr\u00e9vues, afin d'animer le quartier et de le relier aux quartiers environnants.<span class=\"Apple-converted-space\">\u00a0<\/span><\/p>\n<p>Il est \u00e9galement pr\u00e9vu de revaloriser le Frohburgsteg et de mieux relier le quartier \u00e0 la gare et au centre-ville pour les pi\u00e9tons et les cyclistes. Un espace de rencontre doit \u00eatre cr\u00e9\u00e9 sur la surface des actuelles voies de garage de la G\u00fcterstrasse. Selon les plans, une grande partie du site sera sans voiture. Une zone de rencontre limit\u00e9e \u00e0 20 km\/h est pr\u00e9vue \u00e0 l'avant du premier b\u00e2timent dans lequel s'installera la haute \u00e9cole.<\/p>\n<p>Comme l'indiquent les CFF, la d\u00e9construction d\u00e9butera en 2020 sur le premier site. La construction du nouveau b\u00e2timent de la haute \u00e9cole devrait commencer fin 2021 et la mise en service est pr\u00e9vue pour 2025. Sur le deuxi\u00e8me terrain, les travaux commenceront au plus t\u00f4t en 2021, la mise en service des nouveaux b\u00e2timents pouvant alors avoir lieu en 2024. <em>(ah)<\/em><\/p>","protected":false},"excerpt":{"rendered":"<p>La Haute \u00e9cole de Lucerne est le premier locataire principal du nouveau quartier lucernois de R\u00f6sslimatt. <\/p>","protected":false},"author":3,"featured_media":6358,"comment_status":"closed","ping_status":"open","sticky":false,"template":"","format":"standard","meta":{"_acf_changed":false,"_yoast_wpseo_focuskw":"R\u00f6sslimatt","_yoast_wpseo_title":"","_yoast_wpseo_metadesc":"Als erster Hauptmieter f\u00fcr das neue Luzerner Quartier R\u00f6sslimatt steht die Hochschule Luzern fest.","_yoast_wpseo_linkdex":63,"pgc_sgb_lightbox_settings":"","footnotes":""},"categories":[1],"tags":[1119,1459,1600,1666,1724,1832],"class_list":["post-19804","post","type-post","status-publish","format-standard","has-post-thumbnail","hentry","category-allgemein","tag-bueroimmobilien","tag-luzern","tag-projekt-in-planung","tag-sbb","tag-stadtentwicklung","tag-vermietung"],"acf":[],"yoast_head":"<!-- This site is optimized with the Yoast SEO plugin v27.4 - https:\/\/yoast.com\/product\/yoast-seo-wordpress\/ -->\n<title>Luzern: Hochschule wird Mieter in der R\u00f6sslimatt - IMMOBILIEN Business<\/title>\n<meta name=\"description\" content=\"Als erster Hauptmieter f\u00fcr das neue Luzerner Quartier R\u00f6sslimatt steht die Hochschule Luzern fest.\" \/>\n<meta name=\"robots\" content=\"index, follow, max-snippet:-1, max-image-preview:large, max-video-preview:-1\" \/>\n<link rel=\"canonical\" href=\"https:\/\/www.immobilienbusiness.ch\/fr\/allgemein\/2020-01-08\/luzern-hochschule-wird-mieter-in-der-roesslimatt\/\" \/>\n<meta property=\"og:locale\" content=\"fr_FR\" \/>\n<meta property=\"og:type\" content=\"article\" \/>\n<meta property=\"og:title\" content=\"Luzern: Hochschule wird Mieter in der R\u00f6sslimatt - IMMOBILIEN Business\" \/>\n<meta property=\"og:description\" content=\"Als erster Hauptmieter f\u00fcr das neue Luzerner Quartier R\u00f6sslimatt steht die Hochschule Luzern fest.\" \/>\n<meta property=\"og:url\" content=\"https:\/\/www.immobilienbusiness.ch\/fr\/allgemein\/2020-01-08\/luzern-hochschule-wird-mieter-in-der-roesslimatt\/\" \/>\n<meta property=\"og:site_name\" content=\"IMMOBILIEN Business\" \/>\n<meta property=\"article:publisher\" content=\"https:\/\/www.facebook.com\/immobilienbusiness\/\" \/>\n<meta property=\"article:published_time\" content=\"2020-01-08T06:57:25+00:00\" \/>\n<meta property=\"og:image\" content=\"https:\/\/www.immobilienbusiness.ch\/wp-content\/uploads\/2017\/02\/Areal_Roesslimatt.jpg\" \/>\n\t<meta property=\"og:image:width\" content=\"553\" \/>\n\t<meta property=\"og:image:height\" content=\"238\" \/>\n\t<meta property=\"og:image:type\" content=\"image\/jpeg\" \/>\n<meta name=\"author\" content=\"anja.hall\" \/>\n<meta name=\"twitter:card\" content=\"summary_large_image\" \/>\n<meta name=\"twitter:image\" content=\"https:\/\/www.immobilienbusiness.ch\/wp-content\/uploads\/2017\/02\/Areal_Roesslimatt.jpg\" \/>\n<script type=\"application\/ld+json\" class=\"yoast-schema-graph\">{\"@context\":\"https:\\\/\\\/schema.org\",\"@graph\":[{\"@type\":\"Article\",\"@id\":\"https:\\\/\\\/www.immobilienbusiness.ch\\\/en\\\/allgemein\\\/2020-01-08\\\/luzern-hochschule-wird-mieter-in-der-roesslimatt\\\/#article\",\"isPartOf\":{\"@id\":\"https:\\\/\\\/www.immobilienbusiness.ch\\\/en\\\/allgemein\\\/2020-01-08\\\/luzern-hochschule-wird-mieter-in-der-roesslimatt\\\/\"},\"author\":{\"name\":\"anja.hall\",\"@id\":\"https:\\\/\\\/www.immobilienbusiness.ch\\\/#\\\/schema\\\/person\\\/3fc036297b10b9f42d6db5ee932af8c8\"},\"headline\":\"Luzern: Hochschule wird Mieter in der R\u00f6sslimatt\",\"datePublished\":\"2020-01-08T06:57:25+00:00\",\"mainEntityOfPage\":{\"@id\":\"https:\\\/\\\/www.immobilienbusiness.ch\\\/en\\\/allgemein\\\/2020-01-08\\\/luzern-hochschule-wird-mieter-in-der-roesslimatt\\\/\"},\"wordCount\":318,\"publisher\":{\"@id\":\"https:\\\/\\\/www.immobilienbusiness.ch\\\/#organization\"},\"image\":{\"@id\":\"https:\\\/\\\/www.immobilienbusiness.ch\\\/en\\\/allgemein\\\/2020-01-08\\\/luzern-hochschule-wird-mieter-in-der-roesslimatt\\\/#primaryimage\"},\"thumbnailUrl\":\"https:\\\/\\\/www.immobilienbusiness.ch\\\/wp-content\\\/uploads\\\/2017\\\/02\\\/Areal_Roesslimatt.jpg\",\"keywords\":[\"B\u00fcroimmobilien\",\"Luzern\",\"Projekt in Planung\",\"SBB\",\"Stadtentwicklung\",\"Vermietung\"],\"articleSection\":[\"Allgemein\"],\"inLanguage\":\"fr-FR\"},{\"@type\":\"WebPage\",\"@id\":\"https:\\\/\\\/www.immobilienbusiness.ch\\\/en\\\/allgemein\\\/2020-01-08\\\/luzern-hochschule-wird-mieter-in-der-roesslimatt\\\/\",\"url\":\"https:\\\/\\\/www.immobilienbusiness.ch\\\/en\\\/allgemein\\\/2020-01-08\\\/luzern-hochschule-wird-mieter-in-der-roesslimatt\\\/\",\"name\":\"Luzern: Hochschule wird Mieter in der R\u00f6sslimatt - IMMOBILIEN Business\",\"isPartOf\":{\"@id\":\"https:\\\/\\\/www.immobilienbusiness.ch\\\/#website\"},\"primaryImageOfPage\":{\"@id\":\"https:\\\/\\\/www.immobilienbusiness.ch\\\/en\\\/allgemein\\\/2020-01-08\\\/luzern-hochschule-wird-mieter-in-der-roesslimatt\\\/#primaryimage\"},\"image\":{\"@id\":\"https:\\\/\\\/www.immobilienbusiness.ch\\\/en\\\/allgemein\\\/2020-01-08\\\/luzern-hochschule-wird-mieter-in-der-roesslimatt\\\/#primaryimage\"},\"thumbnailUrl\":\"https:\\\/\\\/www.immobilienbusiness.ch\\\/wp-content\\\/uploads\\\/2017\\\/02\\\/Areal_Roesslimatt.jpg\",\"datePublished\":\"2020-01-08T06:57:25+00:00\",\"description\":\"Als erster Hauptmieter f\u00fcr das neue Luzerner Quartier R\u00f6sslimatt steht die Hochschule Luzern fest.\",\"breadcrumb\":{\"@id\":\"https:\\\/\\\/www.immobilienbusiness.ch\\\/en\\\/allgemein\\\/2020-01-08\\\/luzern-hochschule-wird-mieter-in-der-roesslimatt\\\/#breadcrumb\"},\"inLanguage\":\"fr-FR\",\"potentialAction\":[{\"@type\":\"ReadAction\",\"target\":[\"https:\\\/\\\/www.immobilienbusiness.ch\\\/en\\\/allgemein\\\/2020-01-08\\\/luzern-hochschule-wird-mieter-in-der-roesslimatt\\\/\"]}]},{\"@type\":\"ImageObject\",\"inLanguage\":\"fr-FR\",\"@id\":\"https:\\\/\\\/www.immobilienbusiness.ch\\\/en\\\/allgemein\\\/2020-01-08\\\/luzern-hochschule-wird-mieter-in-der-roesslimatt\\\/#primaryimage\",\"url\":\"https:\\\/\\\/www.immobilienbusiness.ch\\\/wp-content\\\/uploads\\\/2017\\\/02\\\/Areal_Roesslimatt.jpg\",\"contentUrl\":\"https:\\\/\\\/www.immobilienbusiness.ch\\\/wp-content\\\/uploads\\\/2017\\\/02\\\/Areal_Roesslimatt.jpg\",\"width\":553,\"height\":238,\"caption\":\"Beim Bahnhof Luzern planen die SBB mit dem Projekt R\u00f6sslimatt eine Arealentwicklung (Bild: SBB CFF FFS)\"},{\"@type\":\"BreadcrumbList\",\"@id\":\"https:\\\/\\\/www.immobilienbusiness.ch\\\/en\\\/allgemein\\\/2020-01-08\\\/luzern-hochschule-wird-mieter-in-der-roesslimatt\\\/#breadcrumb\",\"itemListElement\":[{\"@type\":\"ListItem\",\"position\":1,\"name\":\"Home\",\"item\":\"https:\\\/\\\/www.immobilienbusiness.ch\\\/\"},{\"@type\":\"ListItem\",\"position\":2,\"name\":\"Luzern: Hochschule wird Mieter in der R\u00f6sslimatt\"}]},{\"@type\":\"WebSite\",\"@id\":\"https:\\\/\\\/www.immobilienbusiness.ch\\\/#website\",\"url\":\"https:\\\/\\\/www.immobilienbusiness.ch\\\/\",\"name\":\"IMMOBILIEN Business\",\"description\":\"Unabh\u00e4ngiges Schweizer Wirtschaftsmagazin mit Fokus auf Immobilien, Architektur- und Bau sowie Investment- und Finanzierung.\",\"publisher\":{\"@id\":\"https:\\\/\\\/www.immobilienbusiness.ch\\\/#organization\"},\"potentialAction\":[{\"@type\":\"SearchAction\",\"target\":{\"@type\":\"EntryPoint\",\"urlTemplate\":\"https:\\\/\\\/www.immobilienbusiness.ch\\\/?s={search_term_string}\"},\"query-input\":{\"@type\":\"PropertyValueSpecification\",\"valueRequired\":true,\"valueName\":\"search_term_string\"}}],\"inLanguage\":\"fr-FR\"},{\"@type\":\"Organization\",\"@id\":\"https:\\\/\\\/www.immobilienbusiness.ch\\\/#organization\",\"name\":\"IMMOBILIEN Business\",\"url\":\"https:\\\/\\\/www.immobilienbusiness.ch\\\/\",\"logo\":{\"@type\":\"ImageObject\",\"inLanguage\":\"fr-FR\",\"@id\":\"https:\\\/\\\/www.immobilienbusiness.ch\\\/#\\\/schema\\\/logo\\\/image\\\/\",\"url\":\"https:\\\/\\\/www.immobilienbusiness.ch\\\/wp-content\\\/uploads\\\/2021\\\/07\\\/logo_ib.png\",\"contentUrl\":\"https:\\\/\\\/www.immobilienbusiness.ch\\\/wp-content\\\/uploads\\\/2021\\\/07\\\/logo_ib.png\",\"width\":800,\"height\":181,\"caption\":\"IMMOBILIEN Business\"},\"image\":{\"@id\":\"https:\\\/\\\/www.immobilienbusiness.ch\\\/#\\\/schema\\\/logo\\\/image\\\/\"},\"sameAs\":[\"https:\\\/\\\/www.facebook.com\\\/immobilienbusiness\\\/\"]},{\"@type\":\"Person\",\"@id\":\"https:\\\/\\\/www.immobilienbusiness.ch\\\/#\\\/schema\\\/person\\\/3fc036297b10b9f42d6db5ee932af8c8\",\"name\":\"anja.hall\",\"image\":{\"@type\":\"ImageObject\",\"inLanguage\":\"fr-FR\",\"@id\":\"https:\\\/\\\/secure.gravatar.com\\\/avatar\\\/066b5a0d447013502c71a5782f4f3469f03cfe595cc2329fb94652fe47511bfb?s=96&d=mm&r=g\",\"url\":\"https:\\\/\\\/secure.gravatar.com\\\/avatar\\\/066b5a0d447013502c71a5782f4f3469f03cfe595cc2329fb94652fe47511bfb?s=96&d=mm&r=g\",\"contentUrl\":\"https:\\\/\\\/secure.gravatar.com\\\/avatar\\\/066b5a0d447013502c71a5782f4f3469f03cfe595cc2329fb94652fe47511bfb?s=96&d=mm&r=g\",\"caption\":\"anja.hall\"},\"url\":\"https:\\\/\\\/www.immobilienbusiness.ch\\\/fr\\\/author\\\/anja-hall\\\/\"}]}<\/script>\n<!-- \/ Yoast SEO plugin. -->","yoast_head_json":{"title":"Luzern: Hochschule wird Mieter in der R\u00f6sslimatt - IMMOBILIEN Business","description":"La Haute \u00e9cole de Lucerne est le premier locataire principal du nouveau quartier lucernois de R\u00f6sslimatt.","robots":{"index":"index","follow":"follow","max-snippet":"max-snippet:-1","max-image-preview":"max-image-preview:large","max-video-preview":"max-video-preview:-1"},"canonical":"https:\/\/www.immobilienbusiness.ch\/fr\/allgemein\/2020-01-08\/luzern-hochschule-wird-mieter-in-der-roesslimatt\/","og_locale":"fr_FR","og_type":"article","og_title":"Luzern: Hochschule wird Mieter in der R\u00f6sslimatt - IMMOBILIEN Business","og_description":"Als erster Hauptmieter f\u00fcr das neue Luzerner Quartier R\u00f6sslimatt steht die Hochschule Luzern fest.","og_url":"https:\/\/www.immobilienbusiness.ch\/fr\/allgemein\/2020-01-08\/luzern-hochschule-wird-mieter-in-der-roesslimatt\/","og_site_name":"IMMOBILIEN Business","article_publisher":"https:\/\/www.facebook.com\/immobilienbusiness\/","article_published_time":"2020-01-08T06:57:25+00:00","og_image":[{"width":553,"height":238,"url":"https:\/\/www.immobilienbusiness.ch\/wp-content\/uploads\/2017\/02\/Areal_Roesslimatt.jpg","type":"image\/jpeg"}],"author":"anja.hall","twitter_card":"summary_large_image","twitter_image":"https:\/\/www.immobilienbusiness.ch\/wp-content\/uploads\/2017\/02\/Areal_Roesslimatt.jpg","schema":{"@context":"https:\/\/schema.org","@graph":[{"@type":"Article","@id":"https:\/\/www.immobilienbusiness.ch\/en\/allgemein\/2020-01-08\/luzern-hochschule-wird-mieter-in-der-roesslimatt\/#article","isPartOf":{"@id":"https:\/\/www.immobilienbusiness.ch\/en\/allgemein\/2020-01-08\/luzern-hochschule-wird-mieter-in-der-roesslimatt\/"},"author":{"name":"anja.hall","@id":"https:\/\/www.immobilienbusiness.ch\/#\/schema\/person\/3fc036297b10b9f42d6db5ee932af8c8"},"headline":"Luzern: Hochschule wird Mieter in der R\u00f6sslimatt","datePublished":"2020-01-08T06:57:25+00:00","mainEntityOfPage":{"@id":"https:\/\/www.immobilienbusiness.ch\/en\/allgemein\/2020-01-08\/luzern-hochschule-wird-mieter-in-der-roesslimatt\/"},"wordCount":318,"publisher":{"@id":"https:\/\/www.immobilienbusiness.ch\/#organization"},"image":{"@id":"https:\/\/www.immobilienbusiness.ch\/en\/allgemein\/2020-01-08\/luzern-hochschule-wird-mieter-in-der-roesslimatt\/#primaryimage"},"thumbnailUrl":"https:\/\/www.immobilienbusiness.ch\/wp-content\/uploads\/2017\/02\/Areal_Roesslimatt.jpg","keywords":["B\u00fcroimmobilien","Luzern","Projekt in Planung","SBB","Stadtentwicklung","Vermietung"],"articleSection":["Allgemein"],"inLanguage":"fr-FR"},{"@type":"WebPage","@id":"https:\/\/www.immobilienbusiness.ch\/en\/allgemein\/2020-01-08\/luzern-hochschule-wird-mieter-in-der-roesslimatt\/","url":"https:\/\/www.immobilienbusiness.ch\/en\/allgemein\/2020-01-08\/luzern-hochschule-wird-mieter-in-der-roesslimatt\/","name":"Luzern: Hochschule wird Mieter in der R\u00f6sslimatt - IMMOBILIEN Business","isPartOf":{"@id":"https:\/\/www.immobilienbusiness.ch\/#website"},"primaryImageOfPage":{"@id":"https:\/\/www.immobilienbusiness.ch\/en\/allgemein\/2020-01-08\/luzern-hochschule-wird-mieter-in-der-roesslimatt\/#primaryimage"},"image":{"@id":"https:\/\/www.immobilienbusiness.ch\/en\/allgemein\/2020-01-08\/luzern-hochschule-wird-mieter-in-der-roesslimatt\/#primaryimage"},"thumbnailUrl":"https:\/\/www.immobilienbusiness.ch\/wp-content\/uploads\/2017\/02\/Areal_Roesslimatt.jpg","datePublished":"2020-01-08T06:57:25+00:00","description":"La Haute \u00e9cole de Lucerne est le premier locataire principal du nouveau quartier lucernois de R\u00f6sslimatt.","breadcrumb":{"@id":"https:\/\/www.immobilienbusiness.ch\/en\/allgemein\/2020-01-08\/luzern-hochschule-wird-mieter-in-der-roesslimatt\/#breadcrumb"},"inLanguage":"fr-FR","potentialAction":[{"@type":"ReadAction","target":["https:\/\/www.immobilienbusiness.ch\/en\/allgemein\/2020-01-08\/luzern-hochschule-wird-mieter-in-der-roesslimatt\/"]}]},{"@type":"ImageObject","inLanguage":"fr-FR","@id":"https:\/\/www.immobilienbusiness.ch\/en\/allgemein\/2020-01-08\/luzern-hochschule-wird-mieter-in-der-roesslimatt\/#primaryimage","url":"https:\/\/www.immobilienbusiness.ch\/wp-content\/uploads\/2017\/02\/Areal_Roesslimatt.jpg","contentUrl":"https:\/\/www.immobilienbusiness.ch\/wp-content\/uploads\/2017\/02\/Areal_Roesslimatt.jpg","width":553,"height":238,"caption":"Beim Bahnhof Luzern planen die SBB mit dem Projekt R\u00f6sslimatt eine Arealentwicklung (Bild: SBB CFF FFS)"},{"@type":"BreadcrumbList","@id":"https:\/\/www.immobilienbusiness.ch\/en\/allgemein\/2020-01-08\/luzern-hochschule-wird-mieter-in-der-roesslimatt\/#breadcrumb","itemListElement":[{"@type":"ListItem","position":1,"name":"Home","item":"https:\/\/www.immobilienbusiness.ch\/"},{"@type":"ListItem","position":2,"name":"Luzern: Hochschule wird Mieter in der R\u00f6sslimatt"}]},{"@type":"WebSite","@id":"https:\/\/www.immobilienbusiness.ch\/#website","url":"https:\/\/www.immobilienbusiness.ch\/","name":"IMMOBILIER Business","description":"Magazine \u00e9conomique suisse ind\u00e9pendant ax\u00e9 sur l'immobilier, l'architecture et la construction ainsi que sur les investissements et le financement.","publisher":{"@id":"https:\/\/www.immobilienbusiness.ch\/#organization"},"potentialAction":[{"@type":"SearchAction","target":{"@type":"EntryPoint","urlTemplate":"https:\/\/www.immobilienbusiness.ch\/?s={search_term_string}"},"query-input":{"@type":"PropertyValueSpecification","valueRequired":true,"valueName":"search_term_string"}}],"inLanguage":"fr-FR"},{"@type":"Organization","@id":"https:\/\/www.immobilienbusiness.ch\/#organization","name":"IMMOBILIER Business","url":"https:\/\/www.immobilienbusiness.ch\/","logo":{"@type":"ImageObject","inLanguage":"fr-FR","@id":"https:\/\/www.immobilienbusiness.ch\/#\/schema\/logo\/image\/","url":"https:\/\/www.immobilienbusiness.ch\/wp-content\/uploads\/2021\/07\/logo_ib.png","contentUrl":"https:\/\/www.immobilienbusiness.ch\/wp-content\/uploads\/2021\/07\/logo_ib.png","width":800,"height":181,"caption":"IMMOBILIEN Business"},"image":{"@id":"https:\/\/www.immobilienbusiness.ch\/#\/schema\/logo\/image\/"},"sameAs":["https:\/\/www.facebook.com\/immobilienbusiness\/"]},{"@type":"Person","@id":"https:\/\/www.immobilienbusiness.ch\/#\/schema\/person\/3fc036297b10b9f42d6db5ee932af8c8","name":"anja.hall","image":{"@type":"ImageObject","inLanguage":"fr-FR","@id":"https:\/\/secure.gravatar.com\/avatar\/066b5a0d447013502c71a5782f4f3469f03cfe595cc2329fb94652fe47511bfb?s=96&d=mm&r=g","url":"https:\/\/secure.gravatar.com\/avatar\/066b5a0d447013502c71a5782f4f3469f03cfe595cc2329fb94652fe47511bfb?s=96&d=mm&r=g","contentUrl":"https:\/\/secure.gravatar.com\/avatar\/066b5a0d447013502c71a5782f4f3469f03cfe595cc2329fb94652fe47511bfb?s=96&d=mm&r=g","caption":"anja.hall"},"url":"https:\/\/www.immobilienbusiness.ch\/fr\/author\/anja-hall\/"}]}},"_links":{"self":[{"href":"https:\/\/www.immobilienbusiness.ch\/fr\/wp-json\/wp\/v2\/posts\/19804","targetHints":{"allow":["GET"]}}],"collection":[{"href":"https:\/\/www.immobilienbusiness.ch\/fr\/wp-json\/wp\/v2\/posts"}],"about":[{"href":"https:\/\/www.immobilienbusiness.ch\/fr\/wp-json\/wp\/v2\/types\/post"}],"author":[{"embeddable":true,"href":"https:\/\/www.immobilienbusiness.ch\/fr\/wp-json\/wp\/v2\/users\/3"}],"replies":[{"embeddable":true,"href":"https:\/\/www.immobilienbusiness.ch\/fr\/wp-json\/wp\/v2\/comments?post=19804"}],"version-history":[{"count":0,"href":"https:\/\/www.immobilienbusiness.ch\/fr\/wp-json\/wp\/v2\/posts\/19804\/revisions"}],"wp:featuredmedia":[{"embeddable":true,"href":"https:\/\/www.immobilienbusiness.ch\/fr\/wp-json\/wp\/v2\/media\/6358"}],"wp:attachment":[{"href":"https:\/\/www.immobilienbusiness.ch\/fr\/wp-json\/wp\/v2\/media?parent=19804"}],"wp:term":[{"taxonomy":"category","embeddable":true,"href":"https:\/\/www.immobilienbusiness.ch\/fr\/wp-json\/wp\/v2\/categories?post=19804"},{"taxonomy":"post_tag","embeddable":true,"href":"https:\/\/www.immobilienbusiness.ch\/fr\/wp-json\/wp\/v2\/tags?post=19804"}],"curies":[{"name":"wp","href":"https:\/\/api.w.org\/{rel}","templated":true}]}}