{"id":19752,"date":"2019-12-31T09:06:48","date_gmt":"2019-12-31T08:06:48","guid":{"rendered":"https:\/\/www.immobilienbusiness.ch\/?p=19752"},"modified":"2019-12-31T09:06:48","modified_gmt":"2019-12-31T08:06:48","slug":"schroder-immoplus-sammelt-186-millionen-ein","status":"publish","type":"post","link":"https:\/\/www.immobilienbusiness.ch\/fr\/unternehmen\/2019-12-31\/schroder-immoplus-sammelt-186-millionen-ein\/","title":{"rendered":"Schroder Immoplus l\u00e8ve 186 millions"},"content":{"rendered":"<figure id=\"attachment_17165\" aria-describedby=\"caption-attachment-17165\" style=\"width: 680px\" class=\"wp-caption alignnone\"><img loading=\"lazy\" decoding=\"async\" class=\"size-medium wp-image-17165\" src=\"https:\/\/www.immobilienbusiness.ch\/wp-content\/uploads\/2019\/05\/Depositphotos_73281703_m-2015.jpg\" alt=\"\" width=\"680\" height=\"454\" srcset=\"https:\/\/www.immobilienbusiness.ch\/wp-content\/uploads\/2019\/05\/Depositphotos_73281703_m-2015.jpg 1000w, https:\/\/www.immobilienbusiness.ch\/wp-content\/uploads\/2019\/05\/Depositphotos_73281703_m-2015-300x200.jpg 300w, https:\/\/www.immobilienbusiness.ch\/wp-content\/uploads\/2019\/05\/Depositphotos_73281703_m-2015-768x512.jpg 768w, https:\/\/www.immobilienbusiness.ch\/wp-content\/uploads\/2019\/05\/Depositphotos_73281703_m-2015-16x12.jpg 16w, https:\/\/www.immobilienbusiness.ch\/wp-content\/uploads\/2019\/05\/Depositphotos_73281703_m-2015-262x175.jpg 262w, https:\/\/www.immobilienbusiness.ch\/wp-content\/uploads\/2019\/05\/Depositphotos_73281703_m-2015-525x350.jpg 525w, https:\/\/www.immobilienbusiness.ch\/wp-content\/uploads\/2019\/05\/Depositphotos_73281703_m-2015-920x614.jpg 920w\" sizes=\"auto, (max-width: 680px) 100vw, 680px\" \/><figcaption id=\"caption-attachment-17165\" class=\"wp-caption-text\">Augmentation de capital pour le Schroders Immoplus (Image : depositphotos)<\/figcaption><\/figure>\n<p>Comme le communique la direction du fonds, les investisseurs ont souscrit de nouvelles parts pour un montant \u00e9quivalent \u00e0 186,1 millions de CHF. Au total, environ 1,3 million de nouvelles parts auraient \u00e9t\u00e9 souscrites au prix de souscription et d'\u00e9mission de 140 CHF chacun. Selon le communiqu\u00e9, 99,95% de tous les droits de souscription ont \u00e9t\u00e9 exerc\u00e9s, les parts restantes ont \u00e9t\u00e9 souscrites par des investisseurs existants.<\/p>\n<p>Schroders Immoplus entend utiliser le produit de l'augmentation de capital, ainsi qu'une augmentation des fonds \u00e9trangers, pour l'acquisition d'un immeuble de bureaux b\u00e9n\u00e9ficiant d'une situation centrale \u00e0 Gen\u00e8ve et d'un centre de recherche dans le nord-ouest de la Suisse.<\/p>\n<p>Selon Schroders, l'immeuble de bureaux de la rue de Lausanne, pr\u00e8s de la gare de Gen\u00e8ve-Cornavin, a \u00e9t\u00e9 acquis par le Credit Suisse et affiche une dur\u00e9e de location moyenne de 7,8 ans.<\/p>\n<p>Selon le communiqu\u00e9, la transaction \u00e0 Stein\/Sisseln (AG) porte sur plusieurs immeubles abritant le centre de recherche de Syngenta. La dur\u00e9e du bail est de 30 ans. Le site a \u00e9t\u00e9 acquis dans le cadre d'une transaction de cession-bail. La valeur totale des deux investissements s'\u00e9l\u00e8ve \u00e0 environ 450 millions de CHF. <em>(ah)<\/em><\/p>","protected":false},"excerpt":{"rendered":"<p>Le fonds immobilier Schroder Immoplus de Schroder Investment Management a termin\u00e9 son augmentation de capital.<\/p>","protected":false},"author":3,"featured_media":17165,"comment_status":"closed","ping_status":"open","sticky":false,"template":"","format":"standard","meta":{"_acf_changed":false,"_yoast_wpseo_focuskw":"Immoplus","_yoast_wpseo_title":"","_yoast_wpseo_metadesc":"Der Immobilienfonds Schroder Immoplus von Schroder Investment Management hat seine Kapitalerh\u00f6hung abgeschlossen.","_yoast_wpseo_linkdex":51,"pgc_sgb_lightbox_settings":"","footnotes":""},"categories":[988],"tags":[1260,1344,1348,1412,1531,1673],"class_list":["post-19752","post","type-post","status-publish","format-standard","has-post-thumbnail","hentry","category-unternehmen","tag-genf","tag-immobilienfonds","tag-immobilienkauf","tag-kapitalerhoehung","tag-nordwest-schweiz","tag-schroder-investment-management"],"acf":[],"yoast_head":"<!-- This site is optimized with the Yoast SEO plugin v27.4 - https:\/\/yoast.com\/product\/yoast-seo-wordpress\/ -->\n<title>Schroder Immoplus sammelt 186 Millionen ein - IMMOBILIEN Business<\/title>\n<meta name=\"description\" content=\"Der Immobilienfonds Schroder Immoplus von Schroder Investment Management hat seine Kapitalerh\u00f6hung abgeschlossen.\" \/>\n<meta name=\"robots\" content=\"index, follow, max-snippet:-1, max-image-preview:large, max-video-preview:-1\" \/>\n<link rel=\"canonical\" href=\"https:\/\/www.immobilienbusiness.ch\/fr\/unternehmen\/2019-12-31\/schroder-immoplus-sammelt-186-millionen-ein\/\" \/>\n<meta property=\"og:locale\" content=\"fr_FR\" \/>\n<meta property=\"og:type\" content=\"article\" \/>\n<meta property=\"og:title\" content=\"Schroder Immoplus sammelt 186 Millionen ein - IMMOBILIEN Business\" \/>\n<meta property=\"og:description\" content=\"Der Immobilienfonds Schroder Immoplus von Schroder Investment Management hat seine Kapitalerh\u00f6hung abgeschlossen.\" \/>\n<meta property=\"og:url\" content=\"https:\/\/www.immobilienbusiness.ch\/fr\/unternehmen\/2019-12-31\/schroder-immoplus-sammelt-186-millionen-ein\/\" \/>\n<meta property=\"og:site_name\" content=\"IMMOBILIEN Business\" \/>\n<meta property=\"article:publisher\" content=\"https:\/\/www.facebook.com\/immobilienbusiness\/\" \/>\n<meta property=\"article:published_time\" content=\"2019-12-31T08:06:48+00:00\" \/>\n<meta property=\"og:image\" content=\"https:\/\/www.immobilienbusiness.ch\/wp-content\/uploads\/2019\/05\/Depositphotos_73281703_m-2015.jpg\" \/>\n\t<meta property=\"og:image:width\" content=\"1000\" \/>\n\t<meta property=\"og:image:height\" content=\"667\" \/>\n\t<meta property=\"og:image:type\" content=\"image\/jpeg\" \/>\n<meta name=\"author\" content=\"anja.hall\" \/>\n<meta name=\"twitter:card\" content=\"summary_large_image\" \/>\n<meta name=\"twitter:image\" content=\"https:\/\/www.immobilienbusiness.ch\/wp-content\/uploads\/2019\/05\/Depositphotos_73281703_m-2015.jpg\" \/>\n<script type=\"application\/ld+json\" class=\"yoast-schema-graph\">{\"@context\":\"https:\\\/\\\/schema.org\",\"@graph\":[{\"@type\":\"Article\",\"@id\":\"https:\\\/\\\/www.immobilienbusiness.ch\\\/unternehmen\\\/2019-12-31\\\/schroder-immoplus-sammelt-186-millionen-ein\\\/#article\",\"isPartOf\":{\"@id\":\"https:\\\/\\\/www.immobilienbusiness.ch\\\/unternehmen\\\/2019-12-31\\\/schroder-immoplus-sammelt-186-millionen-ein\\\/\"},\"author\":{\"name\":\"anja.hall\",\"@id\":\"https:\\\/\\\/www.immobilienbusiness.ch\\\/#\\\/schema\\\/person\\\/3fc036297b10b9f42d6db5ee932af8c8\"},\"headline\":\"Schroder Immoplus sammelt 186 Millionen ein\",\"datePublished\":\"2019-12-31T08:06:48+00:00\",\"mainEntityOfPage\":{\"@id\":\"https:\\\/\\\/www.immobilienbusiness.ch\\\/unternehmen\\\/2019-12-31\\\/schroder-immoplus-sammelt-186-millionen-ein\\\/\"},\"wordCount\":174,\"publisher\":{\"@id\":\"https:\\\/\\\/www.immobilienbusiness.ch\\\/#organization\"},\"image\":{\"@id\":\"https:\\\/\\\/www.immobilienbusiness.ch\\\/unternehmen\\\/2019-12-31\\\/schroder-immoplus-sammelt-186-millionen-ein\\\/#primaryimage\"},\"thumbnailUrl\":\"https:\\\/\\\/www.immobilienbusiness.ch\\\/wp-content\\\/uploads\\\/2019\\\/05\\\/Depositphotos_73281703_m-2015.jpg\",\"keywords\":[\"Genf\",\"Immobilienfonds\",\"Immobilienkauf\",\"Kapitalerh\u00f6hung\",\"Nordwest-Schweiz\",\"Schroder Investment Management\"],\"articleSection\":[\"UNTERNEHMEN\"],\"inLanguage\":\"fr-FR\"},{\"@type\":\"WebPage\",\"@id\":\"https:\\\/\\\/www.immobilienbusiness.ch\\\/unternehmen\\\/2019-12-31\\\/schroder-immoplus-sammelt-186-millionen-ein\\\/\",\"url\":\"https:\\\/\\\/www.immobilienbusiness.ch\\\/unternehmen\\\/2019-12-31\\\/schroder-immoplus-sammelt-186-millionen-ein\\\/\",\"name\":\"Schroder Immoplus sammelt 186 Millionen ein - IMMOBILIEN Business\",\"isPartOf\":{\"@id\":\"https:\\\/\\\/www.immobilienbusiness.ch\\\/#website\"},\"primaryImageOfPage\":{\"@id\":\"https:\\\/\\\/www.immobilienbusiness.ch\\\/unternehmen\\\/2019-12-31\\\/schroder-immoplus-sammelt-186-millionen-ein\\\/#primaryimage\"},\"image\":{\"@id\":\"https:\\\/\\\/www.immobilienbusiness.ch\\\/unternehmen\\\/2019-12-31\\\/schroder-immoplus-sammelt-186-millionen-ein\\\/#primaryimage\"},\"thumbnailUrl\":\"https:\\\/\\\/www.immobilienbusiness.ch\\\/wp-content\\\/uploads\\\/2019\\\/05\\\/Depositphotos_73281703_m-2015.jpg\",\"datePublished\":\"2019-12-31T08:06:48+00:00\",\"description\":\"Der Immobilienfonds Schroder Immoplus von Schroder Investment Management hat seine Kapitalerh\u00f6hung abgeschlossen.\",\"breadcrumb\":{\"@id\":\"https:\\\/\\\/www.immobilienbusiness.ch\\\/unternehmen\\\/2019-12-31\\\/schroder-immoplus-sammelt-186-millionen-ein\\\/#breadcrumb\"},\"inLanguage\":\"fr-FR\",\"potentialAction\":[{\"@type\":\"ReadAction\",\"target\":[\"https:\\\/\\\/www.immobilienbusiness.ch\\\/unternehmen\\\/2019-12-31\\\/schroder-immoplus-sammelt-186-millionen-ein\\\/\"]}]},{\"@type\":\"ImageObject\",\"inLanguage\":\"fr-FR\",\"@id\":\"https:\\\/\\\/www.immobilienbusiness.ch\\\/unternehmen\\\/2019-12-31\\\/schroder-immoplus-sammelt-186-millionen-ein\\\/#primaryimage\",\"url\":\"https:\\\/\\\/www.immobilienbusiness.ch\\\/wp-content\\\/uploads\\\/2019\\\/05\\\/Depositphotos_73281703_m-2015.jpg\",\"contentUrl\":\"https:\\\/\\\/www.immobilienbusiness.ch\\\/wp-content\\\/uploads\\\/2019\\\/05\\\/Depositphotos_73281703_m-2015.jpg\",\"width\":1000,\"height\":667,\"caption\":\"Die Remnex AST sucht frisches Kapital f\u00fcr geplante K\u00e4ufe (Bild: depositphotos)\"},{\"@type\":\"BreadcrumbList\",\"@id\":\"https:\\\/\\\/www.immobilienbusiness.ch\\\/unternehmen\\\/2019-12-31\\\/schroder-immoplus-sammelt-186-millionen-ein\\\/#breadcrumb\",\"itemListElement\":[{\"@type\":\"ListItem\",\"position\":1,\"name\":\"Home\",\"item\":\"https:\\\/\\\/www.immobilienbusiness.ch\\\/\"},{\"@type\":\"ListItem\",\"position\":2,\"name\":\"Schroder Immoplus sammelt 186 Millionen ein\"}]},{\"@type\":\"WebSite\",\"@id\":\"https:\\\/\\\/www.immobilienbusiness.ch\\\/#website\",\"url\":\"https:\\\/\\\/www.immobilienbusiness.ch\\\/\",\"name\":\"IMMOBILIEN Business\",\"description\":\"Unabh\u00e4ngiges Schweizer Wirtschaftsmagazin mit Fokus auf Immobilien, Architektur- und Bau sowie Investment- und Finanzierung.\",\"publisher\":{\"@id\":\"https:\\\/\\\/www.immobilienbusiness.ch\\\/#organization\"},\"potentialAction\":[{\"@type\":\"SearchAction\",\"target\":{\"@type\":\"EntryPoint\",\"urlTemplate\":\"https:\\\/\\\/www.immobilienbusiness.ch\\\/?s={search_term_string}\"},\"query-input\":{\"@type\":\"PropertyValueSpecification\",\"valueRequired\":true,\"valueName\":\"search_term_string\"}}],\"inLanguage\":\"fr-FR\"},{\"@type\":\"Organization\",\"@id\":\"https:\\\/\\\/www.immobilienbusiness.ch\\\/#organization\",\"name\":\"IMMOBILIEN Business\",\"url\":\"https:\\\/\\\/www.immobilienbusiness.ch\\\/\",\"logo\":{\"@type\":\"ImageObject\",\"inLanguage\":\"fr-FR\",\"@id\":\"https:\\\/\\\/www.immobilienbusiness.ch\\\/#\\\/schema\\\/logo\\\/image\\\/\",\"url\":\"https:\\\/\\\/www.immobilienbusiness.ch\\\/wp-content\\\/uploads\\\/2021\\\/07\\\/logo_ib.png\",\"contentUrl\":\"https:\\\/\\\/www.immobilienbusiness.ch\\\/wp-content\\\/uploads\\\/2021\\\/07\\\/logo_ib.png\",\"width\":800,\"height\":181,\"caption\":\"IMMOBILIEN Business\"},\"image\":{\"@id\":\"https:\\\/\\\/www.immobilienbusiness.ch\\\/#\\\/schema\\\/logo\\\/image\\\/\"},\"sameAs\":[\"https:\\\/\\\/www.facebook.com\\\/immobilienbusiness\\\/\"]},{\"@type\":\"Person\",\"@id\":\"https:\\\/\\\/www.immobilienbusiness.ch\\\/#\\\/schema\\\/person\\\/3fc036297b10b9f42d6db5ee932af8c8\",\"name\":\"anja.hall\",\"image\":{\"@type\":\"ImageObject\",\"inLanguage\":\"fr-FR\",\"@id\":\"https:\\\/\\\/secure.gravatar.com\\\/avatar\\\/066b5a0d447013502c71a5782f4f3469f03cfe595cc2329fb94652fe47511bfb?s=96&d=mm&r=g\",\"url\":\"https:\\\/\\\/secure.gravatar.com\\\/avatar\\\/066b5a0d447013502c71a5782f4f3469f03cfe595cc2329fb94652fe47511bfb?s=96&d=mm&r=g\",\"contentUrl\":\"https:\\\/\\\/secure.gravatar.com\\\/avatar\\\/066b5a0d447013502c71a5782f4f3469f03cfe595cc2329fb94652fe47511bfb?s=96&d=mm&r=g\",\"caption\":\"anja.hall\"},\"url\":\"https:\\\/\\\/www.immobilienbusiness.ch\\\/fr\\\/author\\\/anja-hall\\\/\"}]}<\/script>\n<!-- \/ Yoast SEO plugin. -->","yoast_head_json":{"title":"Schroder Immoplus sammelt 186 Millionen ein - IMMOBILIEN Business","description":"Le fonds immobilier Schroder Immoplus de Schroder Investment Management a termin\u00e9 son augmentation de capital.","robots":{"index":"index","follow":"follow","max-snippet":"max-snippet:-1","max-image-preview":"max-image-preview:large","max-video-preview":"max-video-preview:-1"},"canonical":"https:\/\/www.immobilienbusiness.ch\/fr\/unternehmen\/2019-12-31\/schroder-immoplus-sammelt-186-millionen-ein\/","og_locale":"fr_FR","og_type":"article","og_title":"Schroder Immoplus sammelt 186 Millionen ein - IMMOBILIEN Business","og_description":"Der Immobilienfonds Schroder Immoplus von Schroder Investment Management hat seine Kapitalerh\u00f6hung abgeschlossen.","og_url":"https:\/\/www.immobilienbusiness.ch\/fr\/unternehmen\/2019-12-31\/schroder-immoplus-sammelt-186-millionen-ein\/","og_site_name":"IMMOBILIEN Business","article_publisher":"https:\/\/www.facebook.com\/immobilienbusiness\/","article_published_time":"2019-12-31T08:06:48+00:00","og_image":[{"width":1000,"height":667,"url":"https:\/\/www.immobilienbusiness.ch\/wp-content\/uploads\/2019\/05\/Depositphotos_73281703_m-2015.jpg","type":"image\/jpeg"}],"author":"anja.hall","twitter_card":"summary_large_image","twitter_image":"https:\/\/www.immobilienbusiness.ch\/wp-content\/uploads\/2019\/05\/Depositphotos_73281703_m-2015.jpg","schema":{"@context":"https:\/\/schema.org","@graph":[{"@type":"Article","@id":"https:\/\/www.immobilienbusiness.ch\/unternehmen\/2019-12-31\/schroder-immoplus-sammelt-186-millionen-ein\/#article","isPartOf":{"@id":"https:\/\/www.immobilienbusiness.ch\/unternehmen\/2019-12-31\/schroder-immoplus-sammelt-186-millionen-ein\/"},"author":{"name":"anja.hall","@id":"https:\/\/www.immobilienbusiness.ch\/#\/schema\/person\/3fc036297b10b9f42d6db5ee932af8c8"},"headline":"Schroder Immoplus sammelt 186 Millionen ein","datePublished":"2019-12-31T08:06:48+00:00","mainEntityOfPage":{"@id":"https:\/\/www.immobilienbusiness.ch\/unternehmen\/2019-12-31\/schroder-immoplus-sammelt-186-millionen-ein\/"},"wordCount":174,"publisher":{"@id":"https:\/\/www.immobilienbusiness.ch\/#organization"},"image":{"@id":"https:\/\/www.immobilienbusiness.ch\/unternehmen\/2019-12-31\/schroder-immoplus-sammelt-186-millionen-ein\/#primaryimage"},"thumbnailUrl":"https:\/\/www.immobilienbusiness.ch\/wp-content\/uploads\/2019\/05\/Depositphotos_73281703_m-2015.jpg","keywords":["Genf","Immobilienfonds","Immobilienkauf","Kapitalerh\u00f6hung","Nordwest-Schweiz","Schroder Investment Management"],"articleSection":["UNTERNEHMEN"],"inLanguage":"fr-FR"},{"@type":"WebPage","@id":"https:\/\/www.immobilienbusiness.ch\/unternehmen\/2019-12-31\/schroder-immoplus-sammelt-186-millionen-ein\/","url":"https:\/\/www.immobilienbusiness.ch\/unternehmen\/2019-12-31\/schroder-immoplus-sammelt-186-millionen-ein\/","name":"Schroder Immoplus sammelt 186 Millionen ein - IMMOBILIEN Business","isPartOf":{"@id":"https:\/\/www.immobilienbusiness.ch\/#website"},"primaryImageOfPage":{"@id":"https:\/\/www.immobilienbusiness.ch\/unternehmen\/2019-12-31\/schroder-immoplus-sammelt-186-millionen-ein\/#primaryimage"},"image":{"@id":"https:\/\/www.immobilienbusiness.ch\/unternehmen\/2019-12-31\/schroder-immoplus-sammelt-186-millionen-ein\/#primaryimage"},"thumbnailUrl":"https:\/\/www.immobilienbusiness.ch\/wp-content\/uploads\/2019\/05\/Depositphotos_73281703_m-2015.jpg","datePublished":"2019-12-31T08:06:48+00:00","description":"Le fonds immobilier Schroder Immoplus de Schroder Investment Management a termin\u00e9 son augmentation de capital.","breadcrumb":{"@id":"https:\/\/www.immobilienbusiness.ch\/unternehmen\/2019-12-31\/schroder-immoplus-sammelt-186-millionen-ein\/#breadcrumb"},"inLanguage":"fr-FR","potentialAction":[{"@type":"ReadAction","target":["https:\/\/www.immobilienbusiness.ch\/unternehmen\/2019-12-31\/schroder-immoplus-sammelt-186-millionen-ein\/"]}]},{"@type":"ImageObject","inLanguage":"fr-FR","@id":"https:\/\/www.immobilienbusiness.ch\/unternehmen\/2019-12-31\/schroder-immoplus-sammelt-186-millionen-ein\/#primaryimage","url":"https:\/\/www.immobilienbusiness.ch\/wp-content\/uploads\/2019\/05\/Depositphotos_73281703_m-2015.jpg","contentUrl":"https:\/\/www.immobilienbusiness.ch\/wp-content\/uploads\/2019\/05\/Depositphotos_73281703_m-2015.jpg","width":1000,"height":667,"caption":"Die Remnex AST sucht frisches Kapital f\u00fcr geplante K\u00e4ufe (Bild: depositphotos)"},{"@type":"BreadcrumbList","@id":"https:\/\/www.immobilienbusiness.ch\/unternehmen\/2019-12-31\/schroder-immoplus-sammelt-186-millionen-ein\/#breadcrumb","itemListElement":[{"@type":"ListItem","position":1,"name":"Home","item":"https:\/\/www.immobilienbusiness.ch\/"},{"@type":"ListItem","position":2,"name":"Schroder Immoplus sammelt 186 Millionen ein"}]},{"@type":"WebSite","@id":"https:\/\/www.immobilienbusiness.ch\/#website","url":"https:\/\/www.immobilienbusiness.ch\/","name":"IMMOBILIER Business","description":"Magazine \u00e9conomique suisse ind\u00e9pendant ax\u00e9 sur l'immobilier, l'architecture et la construction ainsi que sur les investissements et le financement.","publisher":{"@id":"https:\/\/www.immobilienbusiness.ch\/#organization"},"potentialAction":[{"@type":"SearchAction","target":{"@type":"EntryPoint","urlTemplate":"https:\/\/www.immobilienbusiness.ch\/?s={search_term_string}"},"query-input":{"@type":"PropertyValueSpecification","valueRequired":true,"valueName":"search_term_string"}}],"inLanguage":"fr-FR"},{"@type":"Organization","@id":"https:\/\/www.immobilienbusiness.ch\/#organization","name":"IMMOBILIER Business","url":"https:\/\/www.immobilienbusiness.ch\/","logo":{"@type":"ImageObject","inLanguage":"fr-FR","@id":"https:\/\/www.immobilienbusiness.ch\/#\/schema\/logo\/image\/","url":"https:\/\/www.immobilienbusiness.ch\/wp-content\/uploads\/2021\/07\/logo_ib.png","contentUrl":"https:\/\/www.immobilienbusiness.ch\/wp-content\/uploads\/2021\/07\/logo_ib.png","width":800,"height":181,"caption":"IMMOBILIEN Business"},"image":{"@id":"https:\/\/www.immobilienbusiness.ch\/#\/schema\/logo\/image\/"},"sameAs":["https:\/\/www.facebook.com\/immobilienbusiness\/"]},{"@type":"Person","@id":"https:\/\/www.immobilienbusiness.ch\/#\/schema\/person\/3fc036297b10b9f42d6db5ee932af8c8","name":"anja.hall","image":{"@type":"ImageObject","inLanguage":"fr-FR","@id":"https:\/\/secure.gravatar.com\/avatar\/066b5a0d447013502c71a5782f4f3469f03cfe595cc2329fb94652fe47511bfb?s=96&d=mm&r=g","url":"https:\/\/secure.gravatar.com\/avatar\/066b5a0d447013502c71a5782f4f3469f03cfe595cc2329fb94652fe47511bfb?s=96&d=mm&r=g","contentUrl":"https:\/\/secure.gravatar.com\/avatar\/066b5a0d447013502c71a5782f4f3469f03cfe595cc2329fb94652fe47511bfb?s=96&d=mm&r=g","caption":"anja.hall"},"url":"https:\/\/www.immobilienbusiness.ch\/fr\/author\/anja-hall\/"}]}},"_links":{"self":[{"href":"https:\/\/www.immobilienbusiness.ch\/fr\/wp-json\/wp\/v2\/posts\/19752","targetHints":{"allow":["GET"]}}],"collection":[{"href":"https:\/\/www.immobilienbusiness.ch\/fr\/wp-json\/wp\/v2\/posts"}],"about":[{"href":"https:\/\/www.immobilienbusiness.ch\/fr\/wp-json\/wp\/v2\/types\/post"}],"author":[{"embeddable":true,"href":"https:\/\/www.immobilienbusiness.ch\/fr\/wp-json\/wp\/v2\/users\/3"}],"replies":[{"embeddable":true,"href":"https:\/\/www.immobilienbusiness.ch\/fr\/wp-json\/wp\/v2\/comments?post=19752"}],"version-history":[{"count":0,"href":"https:\/\/www.immobilienbusiness.ch\/fr\/wp-json\/wp\/v2\/posts\/19752\/revisions"}],"wp:featuredmedia":[{"embeddable":true,"href":"https:\/\/www.immobilienbusiness.ch\/fr\/wp-json\/wp\/v2\/media\/17165"}],"wp:attachment":[{"href":"https:\/\/www.immobilienbusiness.ch\/fr\/wp-json\/wp\/v2\/media?parent=19752"}],"wp:term":[{"taxonomy":"category","embeddable":true,"href":"https:\/\/www.immobilienbusiness.ch\/fr\/wp-json\/wp\/v2\/categories?post=19752"},{"taxonomy":"post_tag","embeddable":true,"href":"https:\/\/www.immobilienbusiness.ch\/fr\/wp-json\/wp\/v2\/tags?post=19752"}],"curies":[{"name":"wp","href":"https:\/\/api.w.org\/{rel}","templated":true}]}}