{"id":19729,"date":"2019-12-31T08:43:42","date_gmt":"2019-12-31T07:43:42","guid":{"rendered":"https:\/\/www.immobilienbusiness.ch\/?p=19729"},"modified":"2023-08-10T13:25:53","modified_gmt":"2023-08-10T11:25:53","slug":"genf-credit-suisse-soll-firmensitz-verkauft-haben","status":"publish","type":"post","link":"https:\/\/www.immobilienbusiness.ch\/fr\/unternehmen\/2019-12-31\/genf-credit-suisse-soll-firmensitz-verkauft-haben\/","title":{"rendered":"Gen\u00e8ve : le Credit Suisse vend son si\u00e8ge"},"content":{"rendered":"<figure id=\"attachment_5726\" aria-describedby=\"caption-attachment-5726\" style=\"width: 300px\" class=\"wp-caption alignnone\"><img loading=\"lazy\" decoding=\"async\" class=\"wp-image-5726 size-medium\" src=\"https:\/\/www.immobilienbusiness.ch\/wp-content\/uploads\/2017\/01\/Depositphotos_78270258_l-2015-300x200.jpg\" alt=\"Genf\" width=\"300\" height=\"200\" srcset=\"https:\/\/www.immobilienbusiness.ch\/wp-content\/uploads\/2017\/01\/Depositphotos_78270258_l-2015-300x200.jpg 300w, https:\/\/www.immobilienbusiness.ch\/wp-content\/uploads\/2017\/01\/Depositphotos_78270258_l-2015-1024x682.jpg 1024w, https:\/\/www.immobilienbusiness.ch\/wp-content\/uploads\/2017\/01\/Depositphotos_78270258_l-2015-768x512.jpg 768w, https:\/\/www.immobilienbusiness.ch\/wp-content\/uploads\/2017\/01\/Depositphotos_78270258_l-2015-1536x1024.jpg 1536w, https:\/\/www.immobilienbusiness.ch\/wp-content\/uploads\/2017\/01\/Depositphotos_78270258_l-2015-16x12.jpg 16w, https:\/\/www.immobilienbusiness.ch\/wp-content\/uploads\/2017\/01\/Depositphotos_78270258_l-2015-263x175.jpg 263w, https:\/\/www.immobilienbusiness.ch\/wp-content\/uploads\/2017\/01\/Depositphotos_78270258_l-2015-525x350.jpg 525w, https:\/\/www.immobilienbusiness.ch\/wp-content\/uploads\/2017\/01\/Depositphotos_78270258_l-2015-1200x800.jpg 1200w, https:\/\/www.immobilienbusiness.ch\/wp-content\/uploads\/2017\/01\/Depositphotos_78270258_l-2015-920x613.jpg 920w, https:\/\/www.immobilienbusiness.ch\/wp-content\/uploads\/2017\/01\/Depositphotos_78270258_l-2015-1400x933.jpg 1400w, https:\/\/www.immobilienbusiness.ch\/wp-content\/uploads\/2017\/01\/Depositphotos_78270258_l-2015.jpg 2000w\" sizes=\"auto, (max-width: 300px) 100vw, 300px\" \/><figcaption id=\"caption-attachment-5726\" class=\"wp-caption-text\">Gen\u00e8ve (Image : sam741002 - depositphotos)<\/figcaption><\/figure>\n<p>Comme l'ont d'abord <em>Suisse le week-end <\/em>a rapport\u00e9 que le Credit Suisse aurait re\u00e7u environ 300 millions de CHF pour l'immeuble situ\u00e9 dans le quartier genevois de Cornavin. Schroders reprendrait le b\u00e2timent pour un fonds immobilier suisse. Les deux entreprises n'ont pas comment\u00e9 l'article de presse dans un premier temps. <a href=\"https:\/\/www.immobilienbusiness.ch\/fr\/schroder-immoplus-sammelt-186-millionen-ein\/\">Cependant, Schroders a annonc\u00e9 peu apr\u00e8s que le fonds immobilier Immoplus allait acqu\u00e9rir le bien immobilier dans le cadre de sa derni\u00e8re augmentation de capital.<\/a><\/p>\n<p>Lors de sa journ\u00e9e des investisseurs en d\u00e9cembre, le Credit Suisse avait annonc\u00e9 que la situation b\u00e9n\u00e9ficiaire de ses activit\u00e9s en Suisse \u00e9tait sous pression en raison de l'environnement des taux d'int\u00e9r\u00eat n\u00e9gatifs. Le Credit Suisse a d\u00e9cid\u00e9 d'all\u00e9ger cette pression en vendant des biens immobiliers. <em>(ah)<\/em><\/p>","protected":false},"excerpt":{"rendered":"<p>Selon diff\u00e9rents articles de presse, le Credit Suisse a vendu son si\u00e8ge du quartier de la gare de Gen\u00e8ve \u00e0 Schroders.<\/p>","protected":false},"author":3,"featured_media":5726,"comment_status":"closed","ping_status":"closed","sticky":false,"template":"","format":"standard","meta":{"_acf_changed":false,"_yoast_wpseo_focuskw":"Genf","_yoast_wpseo_title":"","_yoast_wpseo_metadesc":"Laut verschiedenen Medienberichten hat Credit Suisse ihren Sitz im Genfer Bahnhofsquartier an Schroders verkauft.","_yoast_wpseo_linkdex":47,"pgc_sgb_lightbox_settings":"","footnotes":""},"categories":[988],"tags":[1146,1260,1673,1830],"class_list":["post-19729","post","type-post","status-publish","format-standard","has-post-thumbnail","hentry","category-unternehmen","tag-credit-suisse","tag-genf","tag-schroder-investment-management","tag-verkauf"],"acf":[],"yoast_head":"<!-- This site is optimized with the Yoast SEO plugin v27.4 - https:\/\/yoast.com\/product\/yoast-seo-wordpress\/ -->\n<title>Genf: Credit Suisse verkauft Firmensitz - IMMOBILIEN Business<\/title>\n<meta name=\"description\" content=\"Laut verschiedenen Medienberichten hat Credit Suisse ihren Sitz im Genfer Bahnhofsquartier an Schroders verkauft.\" \/>\n<meta name=\"robots\" content=\"index, follow, max-snippet:-1, max-image-preview:large, max-video-preview:-1\" \/>\n<link rel=\"canonical\" href=\"https:\/\/www.immobilienbusiness.ch\/fr\/unternehmen\/2019-12-31\/genf-credit-suisse-soll-firmensitz-verkauft-haben\/\" \/>\n<meta property=\"og:locale\" content=\"fr_FR\" \/>\n<meta property=\"og:type\" content=\"article\" \/>\n<meta property=\"og:title\" content=\"Genf: Credit Suisse verkauft Firmensitz - IMMOBILIEN Business\" \/>\n<meta property=\"og:description\" content=\"Laut verschiedenen Medienberichten hat Credit Suisse ihren Sitz im Genfer Bahnhofsquartier an Schroders verkauft.\" \/>\n<meta property=\"og:url\" content=\"https:\/\/www.immobilienbusiness.ch\/fr\/unternehmen\/2019-12-31\/genf-credit-suisse-soll-firmensitz-verkauft-haben\/\" \/>\n<meta property=\"og:site_name\" content=\"IMMOBILIEN Business\" \/>\n<meta property=\"article:publisher\" content=\"https:\/\/www.facebook.com\/immobilienbusiness\/\" \/>\n<meta property=\"article:published_time\" content=\"2019-12-31T07:43:42+00:00\" \/>\n<meta property=\"article:modified_time\" content=\"2023-08-10T11:25:53+00:00\" \/>\n<meta property=\"og:image\" content=\"https:\/\/www.immobilienbusiness.ch\/wp-content\/uploads\/2017\/01\/Depositphotos_78270258_l-2015-1024x682.jpg\" \/>\n\t<meta property=\"og:image:width\" content=\"1024\" \/>\n\t<meta property=\"og:image:height\" content=\"682\" \/>\n\t<meta property=\"og:image:type\" content=\"image\/jpeg\" \/>\n<meta name=\"author\" content=\"anja.hall\" \/>\n<meta name=\"twitter:card\" content=\"summary_large_image\" \/>\n<meta name=\"twitter:image\" content=\"https:\/\/www.immobilienbusiness.ch\/wp-content\/uploads\/2017\/01\/Depositphotos_78270258_l-2015.jpg\" \/>\n<script type=\"application\/ld+json\" class=\"yoast-schema-graph\">{\"@context\":\"https:\\\/\\\/schema.org\",\"@graph\":[{\"@type\":\"Article\",\"@id\":\"https:\\\/\\\/www.immobilienbusiness.ch\\\/de\\\/unternehmen\\\/2019-12-31\\\/genf-credit-suisse-soll-firmensitz-verkauft-haben\\\/#article\",\"isPartOf\":{\"@id\":\"https:\\\/\\\/www.immobilienbusiness.ch\\\/de\\\/unternehmen\\\/2019-12-31\\\/genf-credit-suisse-soll-firmensitz-verkauft-haben\\\/\"},\"author\":{\"name\":\"anja.hall\",\"@id\":\"https:\\\/\\\/www.immobilienbusiness.ch\\\/#\\\/schema\\\/person\\\/3fc036297b10b9f42d6db5ee932af8c8\"},\"headline\":\"Genf: Credit Suisse verkauft Firmensitz\",\"datePublished\":\"2019-12-31T07:43:42+00:00\",\"dateModified\":\"2023-08-10T11:25:53+00:00\",\"mainEntityOfPage\":{\"@id\":\"https:\\\/\\\/www.immobilienbusiness.ch\\\/de\\\/unternehmen\\\/2019-12-31\\\/genf-credit-suisse-soll-firmensitz-verkauft-haben\\\/\"},\"wordCount\":113,\"publisher\":{\"@id\":\"https:\\\/\\\/www.immobilienbusiness.ch\\\/#organization\"},\"image\":{\"@id\":\"https:\\\/\\\/www.immobilienbusiness.ch\\\/de\\\/unternehmen\\\/2019-12-31\\\/genf-credit-suisse-soll-firmensitz-verkauft-haben\\\/#primaryimage\"},\"thumbnailUrl\":\"https:\\\/\\\/www.immobilienbusiness.ch\\\/wp-content\\\/uploads\\\/2017\\\/01\\\/Depositphotos_78270258_l-2015.jpg\",\"keywords\":[\"Credit Suisse\",\"Genf\",\"Schroder Investment Management\",\"Verkauf\"],\"articleSection\":[\"UNTERNEHMEN\"],\"inLanguage\":\"fr-FR\"},{\"@type\":\"WebPage\",\"@id\":\"https:\\\/\\\/www.immobilienbusiness.ch\\\/de\\\/unternehmen\\\/2019-12-31\\\/genf-credit-suisse-soll-firmensitz-verkauft-haben\\\/\",\"url\":\"https:\\\/\\\/www.immobilienbusiness.ch\\\/de\\\/unternehmen\\\/2019-12-31\\\/genf-credit-suisse-soll-firmensitz-verkauft-haben\\\/\",\"name\":\"Genf: Credit Suisse verkauft Firmensitz - IMMOBILIEN Business\",\"isPartOf\":{\"@id\":\"https:\\\/\\\/www.immobilienbusiness.ch\\\/#website\"},\"primaryImageOfPage\":{\"@id\":\"https:\\\/\\\/www.immobilienbusiness.ch\\\/de\\\/unternehmen\\\/2019-12-31\\\/genf-credit-suisse-soll-firmensitz-verkauft-haben\\\/#primaryimage\"},\"image\":{\"@id\":\"https:\\\/\\\/www.immobilienbusiness.ch\\\/de\\\/unternehmen\\\/2019-12-31\\\/genf-credit-suisse-soll-firmensitz-verkauft-haben\\\/#primaryimage\"},\"thumbnailUrl\":\"https:\\\/\\\/www.immobilienbusiness.ch\\\/wp-content\\\/uploads\\\/2017\\\/01\\\/Depositphotos_78270258_l-2015.jpg\",\"datePublished\":\"2019-12-31T07:43:42+00:00\",\"dateModified\":\"2023-08-10T11:25:53+00:00\",\"description\":\"Laut verschiedenen Medienberichten hat Credit Suisse ihren Sitz im Genfer Bahnhofsquartier an Schroders verkauft.\",\"breadcrumb\":{\"@id\":\"https:\\\/\\\/www.immobilienbusiness.ch\\\/de\\\/unternehmen\\\/2019-12-31\\\/genf-credit-suisse-soll-firmensitz-verkauft-haben\\\/#breadcrumb\"},\"inLanguage\":\"fr-FR\",\"potentialAction\":[{\"@type\":\"ReadAction\",\"target\":[\"https:\\\/\\\/www.immobilienbusiness.ch\\\/de\\\/unternehmen\\\/2019-12-31\\\/genf-credit-suisse-soll-firmensitz-verkauft-haben\\\/\"]}]},{\"@type\":\"ImageObject\",\"inLanguage\":\"fr-FR\",\"@id\":\"https:\\\/\\\/www.immobilienbusiness.ch\\\/de\\\/unternehmen\\\/2019-12-31\\\/genf-credit-suisse-soll-firmensitz-verkauft-haben\\\/#primaryimage\",\"url\":\"https:\\\/\\\/www.immobilienbusiness.ch\\\/wp-content\\\/uploads\\\/2017\\\/01\\\/Depositphotos_78270258_l-2015.jpg\",\"contentUrl\":\"https:\\\/\\\/www.immobilienbusiness.ch\\\/wp-content\\\/uploads\\\/2017\\\/01\\\/Depositphotos_78270258_l-2015.jpg\",\"width\":2000,\"height\":1333,\"caption\":\"Axa verfolgt in Genf gleich mehrere Projekte, die die Umwandlung von B\u00fcros in Wohnfl\u00e4chen vorsehen (Foto: sam741002 - depositphotos)\"},{\"@type\":\"BreadcrumbList\",\"@id\":\"https:\\\/\\\/www.immobilienbusiness.ch\\\/de\\\/unternehmen\\\/2019-12-31\\\/genf-credit-suisse-soll-firmensitz-verkauft-haben\\\/#breadcrumb\",\"itemListElement\":[{\"@type\":\"ListItem\",\"position\":1,\"name\":\"Home\",\"item\":\"https:\\\/\\\/www.immobilienbusiness.ch\\\/\"},{\"@type\":\"ListItem\",\"position\":2,\"name\":\"Genf: Credit Suisse verkauft Firmensitz\"}]},{\"@type\":\"WebSite\",\"@id\":\"https:\\\/\\\/www.immobilienbusiness.ch\\\/#website\",\"url\":\"https:\\\/\\\/www.immobilienbusiness.ch\\\/\",\"name\":\"IMMOBILIEN Business\",\"description\":\"Unabh\u00e4ngiges Schweizer Wirtschaftsmagazin mit Fokus auf Immobilien, Architektur- und Bau sowie Investment- und Finanzierung.\",\"publisher\":{\"@id\":\"https:\\\/\\\/www.immobilienbusiness.ch\\\/#organization\"},\"potentialAction\":[{\"@type\":\"SearchAction\",\"target\":{\"@type\":\"EntryPoint\",\"urlTemplate\":\"https:\\\/\\\/www.immobilienbusiness.ch\\\/?s={search_term_string}\"},\"query-input\":{\"@type\":\"PropertyValueSpecification\",\"valueRequired\":true,\"valueName\":\"search_term_string\"}}],\"inLanguage\":\"fr-FR\"},{\"@type\":\"Organization\",\"@id\":\"https:\\\/\\\/www.immobilienbusiness.ch\\\/#organization\",\"name\":\"IMMOBILIEN Business\",\"url\":\"https:\\\/\\\/www.immobilienbusiness.ch\\\/\",\"logo\":{\"@type\":\"ImageObject\",\"inLanguage\":\"fr-FR\",\"@id\":\"https:\\\/\\\/www.immobilienbusiness.ch\\\/#\\\/schema\\\/logo\\\/image\\\/\",\"url\":\"https:\\\/\\\/www.immobilienbusiness.ch\\\/wp-content\\\/uploads\\\/2021\\\/07\\\/logo_ib.png\",\"contentUrl\":\"https:\\\/\\\/www.immobilienbusiness.ch\\\/wp-content\\\/uploads\\\/2021\\\/07\\\/logo_ib.png\",\"width\":800,\"height\":181,\"caption\":\"IMMOBILIEN Business\"},\"image\":{\"@id\":\"https:\\\/\\\/www.immobilienbusiness.ch\\\/#\\\/schema\\\/logo\\\/image\\\/\"},\"sameAs\":[\"https:\\\/\\\/www.facebook.com\\\/immobilienbusiness\\\/\"]},{\"@type\":\"Person\",\"@id\":\"https:\\\/\\\/www.immobilienbusiness.ch\\\/#\\\/schema\\\/person\\\/3fc036297b10b9f42d6db5ee932af8c8\",\"name\":\"anja.hall\",\"image\":{\"@type\":\"ImageObject\",\"inLanguage\":\"fr-FR\",\"@id\":\"https:\\\/\\\/secure.gravatar.com\\\/avatar\\\/066b5a0d447013502c71a5782f4f3469f03cfe595cc2329fb94652fe47511bfb?s=96&d=mm&r=g\",\"url\":\"https:\\\/\\\/secure.gravatar.com\\\/avatar\\\/066b5a0d447013502c71a5782f4f3469f03cfe595cc2329fb94652fe47511bfb?s=96&d=mm&r=g\",\"contentUrl\":\"https:\\\/\\\/secure.gravatar.com\\\/avatar\\\/066b5a0d447013502c71a5782f4f3469f03cfe595cc2329fb94652fe47511bfb?s=96&d=mm&r=g\",\"caption\":\"anja.hall\"},\"url\":\"https:\\\/\\\/www.immobilienbusiness.ch\\\/fr\\\/author\\\/anja-hall\\\/\"}]}<\/script>\n<!-- \/ Yoast SEO plugin. -->","yoast_head_json":{"title":"Gen\u00e8ve : le Credit Suisse vend son si\u00e8ge social - IMMOBILIER Business","description":"Selon diff\u00e9rents articles de presse, le Credit Suisse a vendu son si\u00e8ge du quartier de la gare de Gen\u00e8ve \u00e0 Schroders.","robots":{"index":"index","follow":"follow","max-snippet":"max-snippet:-1","max-image-preview":"max-image-preview:large","max-video-preview":"max-video-preview:-1"},"canonical":"https:\/\/www.immobilienbusiness.ch\/fr\/unternehmen\/2019-12-31\/genf-credit-suisse-soll-firmensitz-verkauft-haben\/","og_locale":"fr_FR","og_type":"article","og_title":"Genf: Credit Suisse verkauft Firmensitz - IMMOBILIEN Business","og_description":"Laut verschiedenen Medienberichten hat Credit Suisse ihren Sitz im Genfer Bahnhofsquartier an Schroders verkauft.","og_url":"https:\/\/www.immobilienbusiness.ch\/fr\/unternehmen\/2019-12-31\/genf-credit-suisse-soll-firmensitz-verkauft-haben\/","og_site_name":"IMMOBILIEN Business","article_publisher":"https:\/\/www.facebook.com\/immobilienbusiness\/","article_published_time":"2019-12-31T07:43:42+00:00","article_modified_time":"2023-08-10T11:25:53+00:00","og_image":[{"width":1024,"height":682,"url":"https:\/\/www.immobilienbusiness.ch\/wp-content\/uploads\/2017\/01\/Depositphotos_78270258_l-2015-1024x682.jpg","type":"image\/jpeg"}],"author":"anja.hall","twitter_card":"summary_large_image","twitter_image":"https:\/\/www.immobilienbusiness.ch\/wp-content\/uploads\/2017\/01\/Depositphotos_78270258_l-2015.jpg","schema":{"@context":"https:\/\/schema.org","@graph":[{"@type":"Article","@id":"https:\/\/www.immobilienbusiness.ch\/de\/unternehmen\/2019-12-31\/genf-credit-suisse-soll-firmensitz-verkauft-haben\/#article","isPartOf":{"@id":"https:\/\/www.immobilienbusiness.ch\/de\/unternehmen\/2019-12-31\/genf-credit-suisse-soll-firmensitz-verkauft-haben\/"},"author":{"name":"anja.hall","@id":"https:\/\/www.immobilienbusiness.ch\/#\/schema\/person\/3fc036297b10b9f42d6db5ee932af8c8"},"headline":"Genf: Credit Suisse verkauft Firmensitz","datePublished":"2019-12-31T07:43:42+00:00","dateModified":"2023-08-10T11:25:53+00:00","mainEntityOfPage":{"@id":"https:\/\/www.immobilienbusiness.ch\/de\/unternehmen\/2019-12-31\/genf-credit-suisse-soll-firmensitz-verkauft-haben\/"},"wordCount":113,"publisher":{"@id":"https:\/\/www.immobilienbusiness.ch\/#organization"},"image":{"@id":"https:\/\/www.immobilienbusiness.ch\/de\/unternehmen\/2019-12-31\/genf-credit-suisse-soll-firmensitz-verkauft-haben\/#primaryimage"},"thumbnailUrl":"https:\/\/www.immobilienbusiness.ch\/wp-content\/uploads\/2017\/01\/Depositphotos_78270258_l-2015.jpg","keywords":["Credit Suisse","Genf","Schroder Investment Management","Verkauf"],"articleSection":["UNTERNEHMEN"],"inLanguage":"fr-FR"},{"@type":"WebPage","@id":"https:\/\/www.immobilienbusiness.ch\/de\/unternehmen\/2019-12-31\/genf-credit-suisse-soll-firmensitz-verkauft-haben\/","url":"https:\/\/www.immobilienbusiness.ch\/de\/unternehmen\/2019-12-31\/genf-credit-suisse-soll-firmensitz-verkauft-haben\/","name":"Gen\u00e8ve : le Credit Suisse vend son si\u00e8ge social - IMMOBILIER Business","isPartOf":{"@id":"https:\/\/www.immobilienbusiness.ch\/#website"},"primaryImageOfPage":{"@id":"https:\/\/www.immobilienbusiness.ch\/de\/unternehmen\/2019-12-31\/genf-credit-suisse-soll-firmensitz-verkauft-haben\/#primaryimage"},"image":{"@id":"https:\/\/www.immobilienbusiness.ch\/de\/unternehmen\/2019-12-31\/genf-credit-suisse-soll-firmensitz-verkauft-haben\/#primaryimage"},"thumbnailUrl":"https:\/\/www.immobilienbusiness.ch\/wp-content\/uploads\/2017\/01\/Depositphotos_78270258_l-2015.jpg","datePublished":"2019-12-31T07:43:42+00:00","dateModified":"2023-08-10T11:25:53+00:00","description":"Selon diff\u00e9rents articles de presse, le Credit Suisse a vendu son si\u00e8ge du quartier de la gare de Gen\u00e8ve \u00e0 Schroders.","breadcrumb":{"@id":"https:\/\/www.immobilienbusiness.ch\/de\/unternehmen\/2019-12-31\/genf-credit-suisse-soll-firmensitz-verkauft-haben\/#breadcrumb"},"inLanguage":"fr-FR","potentialAction":[{"@type":"ReadAction","target":["https:\/\/www.immobilienbusiness.ch\/de\/unternehmen\/2019-12-31\/genf-credit-suisse-soll-firmensitz-verkauft-haben\/"]}]},{"@type":"ImageObject","inLanguage":"fr-FR","@id":"https:\/\/www.immobilienbusiness.ch\/de\/unternehmen\/2019-12-31\/genf-credit-suisse-soll-firmensitz-verkauft-haben\/#primaryimage","url":"https:\/\/www.immobilienbusiness.ch\/wp-content\/uploads\/2017\/01\/Depositphotos_78270258_l-2015.jpg","contentUrl":"https:\/\/www.immobilienbusiness.ch\/wp-content\/uploads\/2017\/01\/Depositphotos_78270258_l-2015.jpg","width":2000,"height":1333,"caption":"Axa verfolgt in Genf gleich mehrere Projekte, die die Umwandlung von B\u00fcros in Wohnfl\u00e4chen vorsehen (Foto: sam741002 - depositphotos)"},{"@type":"BreadcrumbList","@id":"https:\/\/www.immobilienbusiness.ch\/de\/unternehmen\/2019-12-31\/genf-credit-suisse-soll-firmensitz-verkauft-haben\/#breadcrumb","itemListElement":[{"@type":"ListItem","position":1,"name":"Home","item":"https:\/\/www.immobilienbusiness.ch\/"},{"@type":"ListItem","position":2,"name":"Genf: Credit Suisse verkauft Firmensitz"}]},{"@type":"WebSite","@id":"https:\/\/www.immobilienbusiness.ch\/#website","url":"https:\/\/www.immobilienbusiness.ch\/","name":"IMMOBILIER Business","description":"Magazine \u00e9conomique suisse ind\u00e9pendant ax\u00e9 sur l'immobilier, l'architecture et la construction ainsi que sur les investissements et le financement.","publisher":{"@id":"https:\/\/www.immobilienbusiness.ch\/#organization"},"potentialAction":[{"@type":"SearchAction","target":{"@type":"EntryPoint","urlTemplate":"https:\/\/www.immobilienbusiness.ch\/?s={search_term_string}"},"query-input":{"@type":"PropertyValueSpecification","valueRequired":true,"valueName":"search_term_string"}}],"inLanguage":"fr-FR"},{"@type":"Organization","@id":"https:\/\/www.immobilienbusiness.ch\/#organization","name":"IMMOBILIER Business","url":"https:\/\/www.immobilienbusiness.ch\/","logo":{"@type":"ImageObject","inLanguage":"fr-FR","@id":"https:\/\/www.immobilienbusiness.ch\/#\/schema\/logo\/image\/","url":"https:\/\/www.immobilienbusiness.ch\/wp-content\/uploads\/2021\/07\/logo_ib.png","contentUrl":"https:\/\/www.immobilienbusiness.ch\/wp-content\/uploads\/2021\/07\/logo_ib.png","width":800,"height":181,"caption":"IMMOBILIEN Business"},"image":{"@id":"https:\/\/www.immobilienbusiness.ch\/#\/schema\/logo\/image\/"},"sameAs":["https:\/\/www.facebook.com\/immobilienbusiness\/"]},{"@type":"Person","@id":"https:\/\/www.immobilienbusiness.ch\/#\/schema\/person\/3fc036297b10b9f42d6db5ee932af8c8","name":"anja.hall","image":{"@type":"ImageObject","inLanguage":"fr-FR","@id":"https:\/\/secure.gravatar.com\/avatar\/066b5a0d447013502c71a5782f4f3469f03cfe595cc2329fb94652fe47511bfb?s=96&d=mm&r=g","url":"https:\/\/secure.gravatar.com\/avatar\/066b5a0d447013502c71a5782f4f3469f03cfe595cc2329fb94652fe47511bfb?s=96&d=mm&r=g","contentUrl":"https:\/\/secure.gravatar.com\/avatar\/066b5a0d447013502c71a5782f4f3469f03cfe595cc2329fb94652fe47511bfb?s=96&d=mm&r=g","caption":"anja.hall"},"url":"https:\/\/www.immobilienbusiness.ch\/fr\/author\/anja-hall\/"}]}},"_links":{"self":[{"href":"https:\/\/www.immobilienbusiness.ch\/fr\/wp-json\/wp\/v2\/posts\/19729","targetHints":{"allow":["GET"]}}],"collection":[{"href":"https:\/\/www.immobilienbusiness.ch\/fr\/wp-json\/wp\/v2\/posts"}],"about":[{"href":"https:\/\/www.immobilienbusiness.ch\/fr\/wp-json\/wp\/v2\/types\/post"}],"author":[{"embeddable":true,"href":"https:\/\/www.immobilienbusiness.ch\/fr\/wp-json\/wp\/v2\/users\/3"}],"replies":[{"embeddable":true,"href":"https:\/\/www.immobilienbusiness.ch\/fr\/wp-json\/wp\/v2\/comments?post=19729"}],"version-history":[{"count":1,"href":"https:\/\/www.immobilienbusiness.ch\/fr\/wp-json\/wp\/v2\/posts\/19729\/revisions"}],"predecessor-version":[{"id":51941,"href":"https:\/\/www.immobilienbusiness.ch\/fr\/wp-json\/wp\/v2\/posts\/19729\/revisions\/51941"}],"wp:featuredmedia":[{"embeddable":true,"href":"https:\/\/www.immobilienbusiness.ch\/fr\/wp-json\/wp\/v2\/media\/5726"}],"wp:attachment":[{"href":"https:\/\/www.immobilienbusiness.ch\/fr\/wp-json\/wp\/v2\/media?parent=19729"}],"wp:term":[{"taxonomy":"category","embeddable":true,"href":"https:\/\/www.immobilienbusiness.ch\/fr\/wp-json\/wp\/v2\/categories?post=19729"},{"taxonomy":"post_tag","embeddable":true,"href":"https:\/\/www.immobilienbusiness.ch\/fr\/wp-json\/wp\/v2\/tags?post=19729"}],"curies":[{"name":"wp","href":"https:\/\/api.w.org\/{rel}","templated":true}]}}