{"id":19627,"date":"2019-12-17T08:46:08","date_gmt":"2019-12-17T07:46:08","guid":{"rendered":"https:\/\/www.immobilienbusiness.ch\/?p=19627"},"modified":"2019-12-17T08:46:08","modified_gmt":"2019-12-17T07:46:08","slug":"novavest-aktien-jetzt-an-der-six-kotiert","status":"publish","type":"post","link":"https:\/\/www.immobilienbusiness.ch\/fr\/allgemein\/2019-12-17\/novavest-aktien-jetzt-an-der-six-kotiert\/","title":{"rendered":"Les actions Novavest d\u00e9sormais cot\u00e9es \u00e0 la SIX"},"content":{"rendered":"<section data-sr-id=\"1\">\n<div class=\"textimage\">\n<div class=\"\">\n<div>\n<figure id=\"attachment_8281\" aria-describedby=\"caption-attachment-8281\" style=\"width: 624px\" class=\"wp-caption alignnone\"><img loading=\"lazy\" decoding=\"async\" class=\"size-full wp-image-8281\" src=\"https:\/\/www.immobilienbusiness.ch\/wp-content\/uploads\/2017\/07\/Immobilien-Business-News-20170710-Dekotierung-Pax-Anlage-AG-c-Alexmit-\u2013-depositphotos.jpg\" alt=\"\" width=\"624\" height=\"392\" srcset=\"https:\/\/www.immobilienbusiness.ch\/wp-content\/uploads\/2017\/07\/Immobilien-Business-News-20170710-Dekotierung-Pax-Anlage-AG-c-Alexmit-\u2013-depositphotos.jpg 624w, https:\/\/www.immobilienbusiness.ch\/wp-content\/uploads\/2017\/07\/Immobilien-Business-News-20170710-Dekotierung-Pax-Anlage-AG-c-Alexmit-\u2013-depositphotos-300x188.jpg 300w, https:\/\/www.immobilienbusiness.ch\/wp-content\/uploads\/2017\/07\/Immobilien-Business-News-20170710-Dekotierung-Pax-Anlage-AG-c-Alexmit-\u2013-depositphotos-16x10.jpg 16w, https:\/\/www.immobilienbusiness.ch\/wp-content\/uploads\/2017\/07\/Immobilien-Business-News-20170710-Dekotierung-Pax-Anlage-AG-c-Alexmit-\u2013-depositphotos-279x175.jpg 279w, https:\/\/www.immobilienbusiness.ch\/wp-content\/uploads\/2017\/07\/Immobilien-Business-News-20170710-Dekotierung-Pax-Anlage-AG-c-Alexmit-\u2013-depositphotos-557x350.jpg 557w\" sizes=\"auto, (max-width: 624px) 100vw, 624px\" \/><figcaption id=\"caption-attachment-8281\" class=\"wp-caption-text\">Les actions de Novavest Real Estate sont cot\u00e9es \u00e0 la SIX depuis la mi-d\u00e9cembre 2019 (Image : Alexmit - depositphotos)<\/figcaption><\/figure>\n<p>Selon l'op\u00e9rateur boursier SIX, Novavest Real Estate est la 18e soci\u00e9t\u00e9 immobili\u00e8re \u00e0 entrer dans le \"Standard pour les soci\u00e9t\u00e9s immobili\u00e8res\". Il s'agit de la toute septi\u00e8me introduction en bourse de l'ann\u00e9e.<\/p>\n<\/div>\n<\/div>\n<\/div>\n<\/section>\n<p>La cotation \u00e0 la SIX Swiss Exchange supprime \u00e9galement l'ancienne cotation \u00e0 la BX Swiss. Selon Peter Mettler, d\u00e9l\u00e9gu\u00e9 du conseil d'administration et CEO de Novavest Real Estate, le passage \u00e0 la SIX permet \u00e0 l'action de gagner encore en n\u00e9gociabilit\u00e9 et en attractivit\u00e9.<\/p>\n<p>Dans le cadre d'une augmentation de capital avant l'entr\u00e9e en bourse, 1,3 million de nouvelles actions nominatives ont \u00e9t\u00e9 \u00e9mises au prix de 40,20 CHF chacune. Le volume de placement s'est ainsi \u00e9lev\u00e9 \u00e0 51,8 millions.<\/p>\n<p>Le portefeuille immobilier de Novavest s'\u00e9l\u00e8ve \u00e0 environ 540 millions, et les investissements sont principalement r\u00e9alis\u00e9s dans des immeubles situ\u00e9s dans les zones de chalandise de B\u00e2le, Berne, Aarau, Zurich, Winterthour et Saint-Gall. <em>(ah)<\/em><\/p>","protected":false},"excerpt":{"rendered":"<p>Novavest Real Estate a cot\u00e9 ses actions \u00e0 la bourse suisse SIX le 16 d\u00e9cembre. Le cours d'ouverture \u00e9tait de 43,50 CHF, ce qui donne une capitalisation boursi\u00e8re de 280 millions.<\/p>","protected":false},"author":3,"featured_media":8281,"comment_status":"closed","ping_status":"open","sticky":false,"template":"","format":"standard","meta":{"_acf_changed":false,"_yoast_wpseo_focuskw":"Novavest","_yoast_wpseo_title":"","_yoast_wpseo_metadesc":"Novavest-Aktien sind seit dem 16. Dezember an der SIX kotiert. Der Er\u00f6ffnungskurs lag bei 43,50 CHF, was eine Marktkapitalisierung von 280 Millionen ergibt.","_yoast_wpseo_linkdex":52,"pgc_sgb_lightbox_settings":"","footnotes":""},"categories":[1],"tags":[1108,1534],"class_list":["post-19627","post","type-post","status-publish","format-standard","has-post-thumbnail","hentry","category-allgemein","tag-boersengang","tag-novavest"],"acf":[],"yoast_head":"<!-- This site is optimized with the Yoast SEO plugin v27.5 - https:\/\/yoast.com\/product\/yoast-seo-wordpress\/ -->\n<title>Novavest-Aktien jetzt an der SIX kotiert - IMMOBILIEN Business<\/title>\n<meta name=\"description\" content=\"Novavest-Aktien sind seit dem 16. Dezember an der SIX kotiert. Der Er\u00f6ffnungskurs lag bei 43,50 CHF, was eine Marktkapitalisierung von 280 Millionen ergibt.\" \/>\n<meta name=\"robots\" content=\"index, follow, max-snippet:-1, max-image-preview:large, max-video-preview:-1\" \/>\n<link rel=\"canonical\" href=\"https:\/\/www.immobilienbusiness.ch\/fr\/allgemein\/2019-12-17\/novavest-aktien-jetzt-an-der-six-kotiert\/\" \/>\n<meta property=\"og:locale\" content=\"fr_FR\" \/>\n<meta property=\"og:type\" content=\"article\" \/>\n<meta property=\"og:title\" content=\"Novavest-Aktien jetzt an der SIX kotiert - IMMOBILIEN Business\" \/>\n<meta property=\"og:description\" content=\"Novavest-Aktien sind seit dem 16. Dezember an der SIX kotiert. Der Er\u00f6ffnungskurs lag bei 43,50 CHF, was eine Marktkapitalisierung von 280 Millionen ergibt.\" \/>\n<meta property=\"og:url\" content=\"https:\/\/www.immobilienbusiness.ch\/fr\/allgemein\/2019-12-17\/novavest-aktien-jetzt-an-der-six-kotiert\/\" \/>\n<meta property=\"og:site_name\" content=\"IMMOBILIEN Business\" \/>\n<meta property=\"article:publisher\" content=\"https:\/\/www.facebook.com\/immobilienbusiness\/\" \/>\n<meta property=\"article:published_time\" content=\"2019-12-17T07:46:08+00:00\" \/>\n<meta property=\"og:image\" content=\"https:\/\/www.immobilienbusiness.ch\/wp-content\/uploads\/2017\/07\/Immobilien-Business-News-20170710-Dekotierung-Pax-Anlage-AG-c-Alexmit-\u2013-depositphotos.jpg\" \/>\n\t<meta property=\"og:image:width\" content=\"624\" \/>\n\t<meta property=\"og:image:height\" content=\"392\" \/>\n\t<meta property=\"og:image:type\" content=\"image\/jpeg\" \/>\n<meta name=\"author\" content=\"anja.hall\" \/>\n<meta name=\"twitter:card\" content=\"summary_large_image\" \/>\n<meta name=\"twitter:image\" content=\"https:\/\/www.immobilienbusiness.ch\/wp-content\/uploads\/2017\/07\/Immobilien-Business-News-20170710-Dekotierung-Pax-Anlage-AG-c-Alexmit-\u2013-depositphotos.jpg\" \/>\n<script type=\"application\/ld+json\" class=\"yoast-schema-graph\">{\"@context\":\"https:\\\/\\\/schema.org\",\"@graph\":[{\"@type\":\"Article\",\"@id\":\"https:\\\/\\\/www.immobilienbusiness.ch\\\/fr\\\/allgemein\\\/2019-12-17\\\/novavest-aktien-jetzt-an-der-six-kotiert\\\/#article\",\"isPartOf\":{\"@id\":\"https:\\\/\\\/www.immobilienbusiness.ch\\\/fr\\\/allgemein\\\/2019-12-17\\\/novavest-aktien-jetzt-an-der-six-kotiert\\\/\"},\"author\":{\"name\":\"anja.hall\",\"@id\":\"https:\\\/\\\/www.immobilienbusiness.ch\\\/#\\\/schema\\\/person\\\/3fc036297b10b9f42d6db5ee932af8c8\"},\"headline\":\"Novavest-Aktien jetzt an der SIX kotiert\",\"datePublished\":\"2019-12-17T07:46:08+00:00\",\"mainEntityOfPage\":{\"@id\":\"https:\\\/\\\/www.immobilienbusiness.ch\\\/fr\\\/allgemein\\\/2019-12-17\\\/novavest-aktien-jetzt-an-der-six-kotiert\\\/\"},\"wordCount\":158,\"publisher\":{\"@id\":\"https:\\\/\\\/www.immobilienbusiness.ch\\\/#organization\"},\"image\":{\"@id\":\"https:\\\/\\\/www.immobilienbusiness.ch\\\/fr\\\/allgemein\\\/2019-12-17\\\/novavest-aktien-jetzt-an-der-six-kotiert\\\/#primaryimage\"},\"thumbnailUrl\":\"https:\\\/\\\/www.immobilienbusiness.ch\\\/wp-content\\\/uploads\\\/2017\\\/07\\\/Immobilien-Business-News-20170710-Dekotierung-Pax-Anlage-AG-c-Alexmit-\u2013-depositphotos.jpg\",\"keywords\":[\"B\u00f6rsengang\",\"Novavest\"],\"articleSection\":[\"Allgemein\"],\"inLanguage\":\"fr-FR\"},{\"@type\":\"WebPage\",\"@id\":\"https:\\\/\\\/www.immobilienbusiness.ch\\\/fr\\\/allgemein\\\/2019-12-17\\\/novavest-aktien-jetzt-an-der-six-kotiert\\\/\",\"url\":\"https:\\\/\\\/www.immobilienbusiness.ch\\\/fr\\\/allgemein\\\/2019-12-17\\\/novavest-aktien-jetzt-an-der-six-kotiert\\\/\",\"name\":\"Novavest-Aktien jetzt an der SIX kotiert - IMMOBILIEN Business\",\"isPartOf\":{\"@id\":\"https:\\\/\\\/www.immobilienbusiness.ch\\\/#website\"},\"primaryImageOfPage\":{\"@id\":\"https:\\\/\\\/www.immobilienbusiness.ch\\\/fr\\\/allgemein\\\/2019-12-17\\\/novavest-aktien-jetzt-an-der-six-kotiert\\\/#primaryimage\"},\"image\":{\"@id\":\"https:\\\/\\\/www.immobilienbusiness.ch\\\/fr\\\/allgemein\\\/2019-12-17\\\/novavest-aktien-jetzt-an-der-six-kotiert\\\/#primaryimage\"},\"thumbnailUrl\":\"https:\\\/\\\/www.immobilienbusiness.ch\\\/wp-content\\\/uploads\\\/2017\\\/07\\\/Immobilien-Business-News-20170710-Dekotierung-Pax-Anlage-AG-c-Alexmit-\u2013-depositphotos.jpg\",\"datePublished\":\"2019-12-17T07:46:08+00:00\",\"description\":\"Novavest-Aktien sind seit dem 16. Dezember an der SIX kotiert. Der Er\u00f6ffnungskurs lag bei 43,50 CHF, was eine Marktkapitalisierung von 280 Millionen ergibt.\",\"breadcrumb\":{\"@id\":\"https:\\\/\\\/www.immobilienbusiness.ch\\\/fr\\\/allgemein\\\/2019-12-17\\\/novavest-aktien-jetzt-an-der-six-kotiert\\\/#breadcrumb\"},\"inLanguage\":\"fr-FR\",\"potentialAction\":[{\"@type\":\"ReadAction\",\"target\":[\"https:\\\/\\\/www.immobilienbusiness.ch\\\/fr\\\/allgemein\\\/2019-12-17\\\/novavest-aktien-jetzt-an-der-six-kotiert\\\/\"]}]},{\"@type\":\"ImageObject\",\"inLanguage\":\"fr-FR\",\"@id\":\"https:\\\/\\\/www.immobilienbusiness.ch\\\/fr\\\/allgemein\\\/2019-12-17\\\/novavest-aktien-jetzt-an-der-six-kotiert\\\/#primaryimage\",\"url\":\"https:\\\/\\\/www.immobilienbusiness.ch\\\/wp-content\\\/uploads\\\/2017\\\/07\\\/Immobilien-Business-News-20170710-Dekotierung-Pax-Anlage-AG-c-Alexmit-\u2013-depositphotos.jpg\",\"contentUrl\":\"https:\\\/\\\/www.immobilienbusiness.ch\\\/wp-content\\\/uploads\\\/2017\\\/07\\\/Immobilien-Business-News-20170710-Dekotierung-Pax-Anlage-AG-c-Alexmit-\u2013-depositphotos.jpg\",\"width\":624,\"height\":392,\"caption\":\"Ecoreal hat ein Quartalsupdate f\u00fcr seine beiden Anlagegruppen vorgelegt (Bild: Alexmit \u2013 depositphotos)\"},{\"@type\":\"BreadcrumbList\",\"@id\":\"https:\\\/\\\/www.immobilienbusiness.ch\\\/fr\\\/allgemein\\\/2019-12-17\\\/novavest-aktien-jetzt-an-der-six-kotiert\\\/#breadcrumb\",\"itemListElement\":[{\"@type\":\"ListItem\",\"position\":1,\"name\":\"Home\",\"item\":\"https:\\\/\\\/www.immobilienbusiness.ch\\\/\"},{\"@type\":\"ListItem\",\"position\":2,\"name\":\"Novavest-Aktien jetzt an der SIX kotiert\"}]},{\"@type\":\"WebSite\",\"@id\":\"https:\\\/\\\/www.immobilienbusiness.ch\\\/#website\",\"url\":\"https:\\\/\\\/www.immobilienbusiness.ch\\\/\",\"name\":\"IMMOBILIEN Business\",\"description\":\"Unabh\u00e4ngiges Schweizer Wirtschaftsmagazin mit Fokus auf Immobilien, Architektur- und Bau sowie Investment- und Finanzierung.\",\"publisher\":{\"@id\":\"https:\\\/\\\/www.immobilienbusiness.ch\\\/#organization\"},\"potentialAction\":[{\"@type\":\"SearchAction\",\"target\":{\"@type\":\"EntryPoint\",\"urlTemplate\":\"https:\\\/\\\/www.immobilienbusiness.ch\\\/?s={search_term_string}\"},\"query-input\":{\"@type\":\"PropertyValueSpecification\",\"valueRequired\":true,\"valueName\":\"search_term_string\"}}],\"inLanguage\":\"fr-FR\"},{\"@type\":\"Organization\",\"@id\":\"https:\\\/\\\/www.immobilienbusiness.ch\\\/#organization\",\"name\":\"IMMOBILIEN Business\",\"url\":\"https:\\\/\\\/www.immobilienbusiness.ch\\\/\",\"logo\":{\"@type\":\"ImageObject\",\"inLanguage\":\"fr-FR\",\"@id\":\"https:\\\/\\\/www.immobilienbusiness.ch\\\/#\\\/schema\\\/logo\\\/image\\\/\",\"url\":\"https:\\\/\\\/www.immobilienbusiness.ch\\\/wp-content\\\/uploads\\\/2021\\\/07\\\/logo_ib.png\",\"contentUrl\":\"https:\\\/\\\/www.immobilienbusiness.ch\\\/wp-content\\\/uploads\\\/2021\\\/07\\\/logo_ib.png\",\"width\":800,\"height\":181,\"caption\":\"IMMOBILIEN Business\"},\"image\":{\"@id\":\"https:\\\/\\\/www.immobilienbusiness.ch\\\/#\\\/schema\\\/logo\\\/image\\\/\"},\"sameAs\":[\"https:\\\/\\\/www.facebook.com\\\/immobilienbusiness\\\/\"]},{\"@type\":\"Person\",\"@id\":\"https:\\\/\\\/www.immobilienbusiness.ch\\\/#\\\/schema\\\/person\\\/3fc036297b10b9f42d6db5ee932af8c8\",\"name\":\"anja.hall\",\"image\":{\"@type\":\"ImageObject\",\"inLanguage\":\"fr-FR\",\"@id\":\"https:\\\/\\\/secure.gravatar.com\\\/avatar\\\/066b5a0d447013502c71a5782f4f3469f03cfe595cc2329fb94652fe47511bfb?s=96&d=mm&r=g\",\"url\":\"https:\\\/\\\/secure.gravatar.com\\\/avatar\\\/066b5a0d447013502c71a5782f4f3469f03cfe595cc2329fb94652fe47511bfb?s=96&d=mm&r=g\",\"contentUrl\":\"https:\\\/\\\/secure.gravatar.com\\\/avatar\\\/066b5a0d447013502c71a5782f4f3469f03cfe595cc2329fb94652fe47511bfb?s=96&d=mm&r=g\",\"caption\":\"anja.hall\"},\"url\":\"https:\\\/\\\/www.immobilienbusiness.ch\\\/fr\\\/author\\\/anja-hall\\\/\"}]}<\/script>\n<!-- \/ Yoast SEO plugin. -->","yoast_head_json":{"title":"Novavest-Aktien jetzt an der SIX kotiert - IMMOBILIEN Business","description":"Novavest-Aktien sind seit dem 16. Dezember an der SIX kotiert. Der Er\u00f6ffnungskurs lag bei 43,50 CHF, was eine Marktkapitalisierung von 280 Millionen ergibt.","robots":{"index":"index","follow":"follow","max-snippet":"max-snippet:-1","max-image-preview":"max-image-preview:large","max-video-preview":"max-video-preview:-1"},"canonical":"https:\/\/www.immobilienbusiness.ch\/fr\/allgemein\/2019-12-17\/novavest-aktien-jetzt-an-der-six-kotiert\/","og_locale":"fr_FR","og_type":"article","og_title":"Novavest-Aktien jetzt an der SIX kotiert - IMMOBILIEN Business","og_description":"Novavest-Aktien sind seit dem 16. Dezember an der SIX kotiert. Der Er\u00f6ffnungskurs lag bei 43,50 CHF, was eine Marktkapitalisierung von 280 Millionen ergibt.","og_url":"https:\/\/www.immobilienbusiness.ch\/fr\/allgemein\/2019-12-17\/novavest-aktien-jetzt-an-der-six-kotiert\/","og_site_name":"IMMOBILIEN Business","article_publisher":"https:\/\/www.facebook.com\/immobilienbusiness\/","article_published_time":"2019-12-17T07:46:08+00:00","og_image":[{"width":624,"height":392,"url":"https:\/\/www.immobilienbusiness.ch\/wp-content\/uploads\/2017\/07\/Immobilien-Business-News-20170710-Dekotierung-Pax-Anlage-AG-c-Alexmit-\u2013-depositphotos.jpg","type":"image\/jpeg"}],"author":"anja.hall","twitter_card":"summary_large_image","twitter_image":"https:\/\/www.immobilienbusiness.ch\/wp-content\/uploads\/2017\/07\/Immobilien-Business-News-20170710-Dekotierung-Pax-Anlage-AG-c-Alexmit-\u2013-depositphotos.jpg","schema":{"@context":"https:\/\/schema.org","@graph":[{"@type":"Article","@id":"https:\/\/www.immobilienbusiness.ch\/fr\/allgemein\/2019-12-17\/novavest-aktien-jetzt-an-der-six-kotiert\/#article","isPartOf":{"@id":"https:\/\/www.immobilienbusiness.ch\/fr\/allgemein\/2019-12-17\/novavest-aktien-jetzt-an-der-six-kotiert\/"},"author":{"name":"anja.hall","@id":"https:\/\/www.immobilienbusiness.ch\/#\/schema\/person\/3fc036297b10b9f42d6db5ee932af8c8"},"headline":"Novavest-Aktien jetzt an der SIX kotiert","datePublished":"2019-12-17T07:46:08+00:00","mainEntityOfPage":{"@id":"https:\/\/www.immobilienbusiness.ch\/fr\/allgemein\/2019-12-17\/novavest-aktien-jetzt-an-der-six-kotiert\/"},"wordCount":158,"publisher":{"@id":"https:\/\/www.immobilienbusiness.ch\/#organization"},"image":{"@id":"https:\/\/www.immobilienbusiness.ch\/fr\/allgemein\/2019-12-17\/novavest-aktien-jetzt-an-der-six-kotiert\/#primaryimage"},"thumbnailUrl":"https:\/\/www.immobilienbusiness.ch\/wp-content\/uploads\/2017\/07\/Immobilien-Business-News-20170710-Dekotierung-Pax-Anlage-AG-c-Alexmit-\u2013-depositphotos.jpg","keywords":["B\u00f6rsengang","Novavest"],"articleSection":["Allgemein"],"inLanguage":"fr-FR"},{"@type":"WebPage","@id":"https:\/\/www.immobilienbusiness.ch\/fr\/allgemein\/2019-12-17\/novavest-aktien-jetzt-an-der-six-kotiert\/","url":"https:\/\/www.immobilienbusiness.ch\/fr\/allgemein\/2019-12-17\/novavest-aktien-jetzt-an-der-six-kotiert\/","name":"Novavest-Aktien jetzt an der SIX kotiert - IMMOBILIEN Business","isPartOf":{"@id":"https:\/\/www.immobilienbusiness.ch\/#website"},"primaryImageOfPage":{"@id":"https:\/\/www.immobilienbusiness.ch\/fr\/allgemein\/2019-12-17\/novavest-aktien-jetzt-an-der-six-kotiert\/#primaryimage"},"image":{"@id":"https:\/\/www.immobilienbusiness.ch\/fr\/allgemein\/2019-12-17\/novavest-aktien-jetzt-an-der-six-kotiert\/#primaryimage"},"thumbnailUrl":"https:\/\/www.immobilienbusiness.ch\/wp-content\/uploads\/2017\/07\/Immobilien-Business-News-20170710-Dekotierung-Pax-Anlage-AG-c-Alexmit-\u2013-depositphotos.jpg","datePublished":"2019-12-17T07:46:08+00:00","description":"Novavest-Aktien sind seit dem 16. Dezember an der SIX kotiert. Der Er\u00f6ffnungskurs lag bei 43,50 CHF, was eine Marktkapitalisierung von 280 Millionen ergibt.","breadcrumb":{"@id":"https:\/\/www.immobilienbusiness.ch\/fr\/allgemein\/2019-12-17\/novavest-aktien-jetzt-an-der-six-kotiert\/#breadcrumb"},"inLanguage":"fr-FR","potentialAction":[{"@type":"ReadAction","target":["https:\/\/www.immobilienbusiness.ch\/fr\/allgemein\/2019-12-17\/novavest-aktien-jetzt-an-der-six-kotiert\/"]}]},{"@type":"ImageObject","inLanguage":"fr-FR","@id":"https:\/\/www.immobilienbusiness.ch\/fr\/allgemein\/2019-12-17\/novavest-aktien-jetzt-an-der-six-kotiert\/#primaryimage","url":"https:\/\/www.immobilienbusiness.ch\/wp-content\/uploads\/2017\/07\/Immobilien-Business-News-20170710-Dekotierung-Pax-Anlage-AG-c-Alexmit-\u2013-depositphotos.jpg","contentUrl":"https:\/\/www.immobilienbusiness.ch\/wp-content\/uploads\/2017\/07\/Immobilien-Business-News-20170710-Dekotierung-Pax-Anlage-AG-c-Alexmit-\u2013-depositphotos.jpg","width":624,"height":392,"caption":"Ecoreal hat ein Quartalsupdate f\u00fcr seine beiden Anlagegruppen vorgelegt (Bild: Alexmit \u2013 depositphotos)"},{"@type":"BreadcrumbList","@id":"https:\/\/www.immobilienbusiness.ch\/fr\/allgemein\/2019-12-17\/novavest-aktien-jetzt-an-der-six-kotiert\/#breadcrumb","itemListElement":[{"@type":"ListItem","position":1,"name":"Home","item":"https:\/\/www.immobilienbusiness.ch\/"},{"@type":"ListItem","position":2,"name":"Novavest-Aktien jetzt an der SIX kotiert"}]},{"@type":"WebSite","@id":"https:\/\/www.immobilienbusiness.ch\/#website","url":"https:\/\/www.immobilienbusiness.ch\/","name":"IMMOBILIER Business","description":"Magazine \u00e9conomique suisse ind\u00e9pendant ax\u00e9 sur l'immobilier, l'architecture et la construction ainsi que sur les investissements et le financement.","publisher":{"@id":"https:\/\/www.immobilienbusiness.ch\/#organization"},"potentialAction":[{"@type":"SearchAction","target":{"@type":"EntryPoint","urlTemplate":"https:\/\/www.immobilienbusiness.ch\/?s={search_term_string}"},"query-input":{"@type":"PropertyValueSpecification","valueRequired":true,"valueName":"search_term_string"}}],"inLanguage":"fr-FR"},{"@type":"Organization","@id":"https:\/\/www.immobilienbusiness.ch\/#organization","name":"IMMOBILIER Business","url":"https:\/\/www.immobilienbusiness.ch\/","logo":{"@type":"ImageObject","inLanguage":"fr-FR","@id":"https:\/\/www.immobilienbusiness.ch\/#\/schema\/logo\/image\/","url":"https:\/\/www.immobilienbusiness.ch\/wp-content\/uploads\/2021\/07\/logo_ib.png","contentUrl":"https:\/\/www.immobilienbusiness.ch\/wp-content\/uploads\/2021\/07\/logo_ib.png","width":800,"height":181,"caption":"IMMOBILIEN Business"},"image":{"@id":"https:\/\/www.immobilienbusiness.ch\/#\/schema\/logo\/image\/"},"sameAs":["https:\/\/www.facebook.com\/immobilienbusiness\/"]},{"@type":"Person","@id":"https:\/\/www.immobilienbusiness.ch\/#\/schema\/person\/3fc036297b10b9f42d6db5ee932af8c8","name":"anja.hall","image":{"@type":"ImageObject","inLanguage":"fr-FR","@id":"https:\/\/secure.gravatar.com\/avatar\/066b5a0d447013502c71a5782f4f3469f03cfe595cc2329fb94652fe47511bfb?s=96&d=mm&r=g","url":"https:\/\/secure.gravatar.com\/avatar\/066b5a0d447013502c71a5782f4f3469f03cfe595cc2329fb94652fe47511bfb?s=96&d=mm&r=g","contentUrl":"https:\/\/secure.gravatar.com\/avatar\/066b5a0d447013502c71a5782f4f3469f03cfe595cc2329fb94652fe47511bfb?s=96&d=mm&r=g","caption":"anja.hall"},"url":"https:\/\/www.immobilienbusiness.ch\/fr\/author\/anja-hall\/"}]}},"_links":{"self":[{"href":"https:\/\/www.immobilienbusiness.ch\/fr\/wp-json\/wp\/v2\/posts\/19627","targetHints":{"allow":["GET"]}}],"collection":[{"href":"https:\/\/www.immobilienbusiness.ch\/fr\/wp-json\/wp\/v2\/posts"}],"about":[{"href":"https:\/\/www.immobilienbusiness.ch\/fr\/wp-json\/wp\/v2\/types\/post"}],"author":[{"embeddable":true,"href":"https:\/\/www.immobilienbusiness.ch\/fr\/wp-json\/wp\/v2\/users\/3"}],"replies":[{"embeddable":true,"href":"https:\/\/www.immobilienbusiness.ch\/fr\/wp-json\/wp\/v2\/comments?post=19627"}],"version-history":[{"count":0,"href":"https:\/\/www.immobilienbusiness.ch\/fr\/wp-json\/wp\/v2\/posts\/19627\/revisions"}],"wp:featuredmedia":[{"embeddable":true,"href":"https:\/\/www.immobilienbusiness.ch\/fr\/wp-json\/wp\/v2\/media\/8281"}],"wp:attachment":[{"href":"https:\/\/www.immobilienbusiness.ch\/fr\/wp-json\/wp\/v2\/media?parent=19627"}],"wp:term":[{"taxonomy":"category","embeddable":true,"href":"https:\/\/www.immobilienbusiness.ch\/fr\/wp-json\/wp\/v2\/categories?post=19627"},{"taxonomy":"post_tag","embeddable":true,"href":"https:\/\/www.immobilienbusiness.ch\/fr\/wp-json\/wp\/v2\/tags?post=19627"}],"curies":[{"name":"wp","href":"https:\/\/api.w.org\/{rel}","templated":true}]}}