{"id":1952,"date":"2015-12-22T09:38:06","date_gmt":"2015-12-22T08:38:06","guid":{"rendered":"http:\/\/dev.immobilienbusiness.ch\/?p=1952"},"modified":"2015-12-22T09:38:06","modified_gmt":"2015-12-22T08:38:06","slug":"kulm-hotel-st-moritz-renoviert-eispavillon","status":"publish","type":"post","link":"https:\/\/www.immobilienbusiness.ch\/fr\/allgemein\/2015-12-22\/kulm-hotel-st-moritz-renoviert-eispavillon\/","title":{"rendered":"Le Kulm Hotel St. Moritz r\u00e9nove son pavillon de glace"},"content":{"rendered":"<figure id=\"attachment_1953\" aria-describedby=\"caption-attachment-1953\" style=\"width: 680px\" class=\"wp-caption alignnone\"><img loading=\"lazy\" decoding=\"async\" class=\"size-medium wp-image-1953\" src=\"https:\/\/immobilienbusiness.ch\/wp-content\/uploads\/2016\/12\/Kulm-Hotel-St.-Moritz-renoviert-Eispavillon-immobilien-business.jpg\" alt=\"Das Kulm Hotel in St. Moritz (Foto: Kulm Hotel)\" width=\"680\" height=\"454\" srcset=\"https:\/\/www.immobilienbusiness.ch\/wp-content\/uploads\/2016\/12\/Kulm-Hotel-St.-Moritz-renoviert-Eispavillon-immobilien-business.jpg 2500w, https:\/\/www.immobilienbusiness.ch\/wp-content\/uploads\/2016\/12\/Kulm-Hotel-St.-Moritz-renoviert-Eispavillon-immobilien-business-300x200.jpg 300w, https:\/\/www.immobilienbusiness.ch\/wp-content\/uploads\/2016\/12\/Kulm-Hotel-St.-Moritz-renoviert-Eispavillon-immobilien-business-1024x683.jpg 1024w, https:\/\/www.immobilienbusiness.ch\/wp-content\/uploads\/2016\/12\/Kulm-Hotel-St.-Moritz-renoviert-Eispavillon-immobilien-business-768x512.jpg 768w, https:\/\/www.immobilienbusiness.ch\/wp-content\/uploads\/2016\/12\/Kulm-Hotel-St.-Moritz-renoviert-Eispavillon-immobilien-business-1536x1025.jpg 1536w, https:\/\/www.immobilienbusiness.ch\/wp-content\/uploads\/2016\/12\/Kulm-Hotel-St.-Moritz-renoviert-Eispavillon-immobilien-business-2048x1366.jpg 2048w, https:\/\/www.immobilienbusiness.ch\/wp-content\/uploads\/2016\/12\/Kulm-Hotel-St.-Moritz-renoviert-Eispavillon-immobilien-business-16x12.jpg 16w, https:\/\/www.immobilienbusiness.ch\/wp-content\/uploads\/2016\/12\/Kulm-Hotel-St.-Moritz-renoviert-Eispavillon-immobilien-business-262x175.jpg 262w, https:\/\/www.immobilienbusiness.ch\/wp-content\/uploads\/2016\/12\/Kulm-Hotel-St.-Moritz-renoviert-Eispavillon-immobilien-business-525x350.jpg 525w, https:\/\/www.immobilienbusiness.ch\/wp-content\/uploads\/2016\/12\/Kulm-Hotel-St.-Moritz-renoviert-Eispavillon-immobilien-business-1199x800.jpg 1199w, https:\/\/www.immobilienbusiness.ch\/wp-content\/uploads\/2016\/12\/Kulm-Hotel-St.-Moritz-renoviert-Eispavillon-immobilien-business-920x614.jpg 920w, https:\/\/www.immobilienbusiness.ch\/wp-content\/uploads\/2016\/12\/Kulm-Hotel-St.-Moritz-renoviert-Eispavillon-immobilien-business-1400x934.jpg 1400w\" sizes=\"auto, (max-width: 680px) 100vw, 680px\" \/><figcaption id=\"caption-attachment-1953\" class=\"wp-caption-text\">Le Kulm Hotel \u00e0 St. Moritz (Photo : Kulm Hotel)<\/figcaption><\/figure>\n<p>Le pavillon de glace historique est consid\u00e9r\u00e9 comme un souvenir des Jeux olympiques de la Suisse en 1928 et 1948, mais il est aujourd'hui d\u00e9labr\u00e9 et menace de s'effondrer. En raison de sa situation dans la zone de planification du sport, le pavillon de glace doit \u00eatre soumis \u00e0 une utilit\u00e9 sportive, attest\u00e9e par exemple par la remise de m\u00e9dailles lors des championnats du monde de ski 2017. La demande de permis de construire a \u00e9t\u00e9 d\u00e9pos\u00e9e et le d\u00e9but de cet important investissement est pr\u00e9vu pour mars 2016, communique le Kulm Hotel.<\/p>\n<p>La transformation comprend la r\u00e9novation du pavillon de glace, o\u00f9 un restaurant avec terrasse sera cr\u00e9\u00e9 au premier \u00e9tage du b\u00e2timent. Au rez-de-chauss\u00e9e, un magasin et la centrale de location de patins pour la patinoire naturelle du Kulm Park sont pr\u00e9vus. En outre, une tribune couverte sera install\u00e9e. (ah)<\/p>","protected":false},"excerpt":{"rendered":"<p>Le Kulm Hotel St. Moritz r\u00e9nove et agrandit le pavillon de glace historique du Kulm Park \u00e0 partir de mars 2016. L'architecte Norman Foster sera responsable de ce projet de huit millions de CHF, en collaboration avec l'architecte grison Arnd K\u00fcchel.<\/p>","protected":false},"author":1,"featured_media":1953,"comment_status":"open","ping_status":"open","sticky":false,"template":"","format":"standard","meta":{"_acf_changed":false,"_yoast_wpseo_focuskw":"Eispavillon St. Moritz","_yoast_wpseo_title":"Eispavillon St. Moritz: Historisches Bauprojekt startet","_yoast_wpseo_metadesc":"Das historische Eispavillon in St. Moritz wird renoviert und erh\u00e4lt eine neue Nutzung, inklusive Restaurant und Trib\u00fcne. Eine bedeutende Investition.","_yoast_wpseo_linkdex":61,"pgc_sgb_lightbox_settings":"","footnotes":""},"categories":[1],"tags":[1317,1546],"class_list":["post-1952","post","type-post","status-publish","format-standard","has-post-thumbnail","hentry","category-allgemein","tag-hotels","tag-ost-schweiz"],"acf":[],"yoast_head":"<!-- This site is optimized with the Yoast SEO plugin v27.4 - https:\/\/yoast.com\/product\/yoast-seo-wordpress\/ -->\n<title>Eispavillon St. Moritz: Historisches Bauprojekt startet<\/title>\n<meta name=\"description\" content=\"Das historische Eispavillon in St. Moritz wird renoviert und erh\u00e4lt eine neue Nutzung, inklusive Restaurant und Trib\u00fcne. Eine bedeutende Investition.\" \/>\n<meta name=\"robots\" content=\"index, follow, max-snippet:-1, max-image-preview:large, max-video-preview:-1\" \/>\n<link rel=\"canonical\" href=\"https:\/\/www.immobilienbusiness.ch\/fr\/allgemein\/2015-12-22\/kulm-hotel-st-moritz-renoviert-eispavillon\/\" \/>\n<meta property=\"og:locale\" content=\"fr_FR\" \/>\n<meta property=\"og:type\" content=\"article\" \/>\n<meta property=\"og:title\" content=\"Kulm Hotel St. Moritz renoviert Eispavillon\" \/>\n<meta property=\"og:description\" content=\"Das Kulm Hotel St. Moritz renoviert und erweitert ab M\u00e4rz 2016 den historischen Eispavillon im Kulm Park. Das acht Millionen CHF schwere Projekt wird Architekt Norman Foster in Zusammenarbeit mit dem B\u00fcndner Architekten Arnd K\u00fcchel verantworten.\" \/>\n<meta property=\"og:url\" content=\"https:\/\/www.immobilienbusiness.ch\/fr\/allgemein\/2015-12-22\/kulm-hotel-st-moritz-renoviert-eispavillon\/\" \/>\n<meta property=\"og:site_name\" content=\"IMMOBILIEN Business\" \/>\n<meta property=\"article:publisher\" content=\"https:\/\/www.facebook.com\/immobilienbusiness\/\" \/>\n<meta property=\"article:published_time\" content=\"2015-12-22T08:38:06+00:00\" \/>\n<meta name=\"author\" content=\"Redaktion\" \/>\n<meta name=\"twitter:card\" content=\"summary_large_image\" \/>\n<meta name=\"twitter:image\" content=\"https:\/\/www.immobilienbusiness.ch\/wp-content\/uploads\/2016\/12\/Kulm-Hotel-St.-Moritz-renoviert-Eispavillon-immobilien-business.jpg\" \/>\n<script type=\"application\/ld+json\" class=\"yoast-schema-graph\">{\"@context\":\"https:\\\/\\\/schema.org\",\"@graph\":[{\"@type\":\"Article\",\"@id\":\"https:\\\/\\\/www.immobilienbusiness.ch\\\/en\\\/allgemein\\\/2015-12-22\\\/kulm-hotel-st-moritz-renoviert-eispavillon\\\/#article\",\"isPartOf\":{\"@id\":\"https:\\\/\\\/www.immobilienbusiness.ch\\\/en\\\/allgemein\\\/2015-12-22\\\/kulm-hotel-st-moritz-renoviert-eispavillon\\\/\"},\"author\":{\"name\":\"Redaktion\",\"@id\":\"https:\\\/\\\/www.immobilienbusiness.ch\\\/#\\\/schema\\\/person\\\/aa2bace6c5c5aad60102004a50c4eb1c\"},\"headline\":\"Kulm Hotel St. Moritz renoviert Eispavillon\",\"datePublished\":\"2015-12-22T08:38:06+00:00\",\"mainEntityOfPage\":{\"@id\":\"https:\\\/\\\/www.immobilienbusiness.ch\\\/en\\\/allgemein\\\/2015-12-22\\\/kulm-hotel-st-moritz-renoviert-eispavillon\\\/\"},\"wordCount\":136,\"commentCount\":0,\"publisher\":{\"@id\":\"https:\\\/\\\/www.immobilienbusiness.ch\\\/#organization\"},\"image\":{\"@id\":\"https:\\\/\\\/www.immobilienbusiness.ch\\\/en\\\/allgemein\\\/2015-12-22\\\/kulm-hotel-st-moritz-renoviert-eispavillon\\\/#primaryimage\"},\"thumbnailUrl\":\"https:\\\/\\\/www.immobilienbusiness.ch\\\/wp-content\\\/uploads\\\/2016\\\/12\\\/Kulm-Hotel-St.-Moritz-renoviert-Eispavillon-immobilien-business.jpg\",\"keywords\":[\"Hotels\",\"Ost-Schweiz\"],\"articleSection\":[\"Allgemein\"],\"inLanguage\":\"fr-FR\"},{\"@type\":\"WebPage\",\"@id\":\"https:\\\/\\\/www.immobilienbusiness.ch\\\/en\\\/allgemein\\\/2015-12-22\\\/kulm-hotel-st-moritz-renoviert-eispavillon\\\/\",\"url\":\"https:\\\/\\\/www.immobilienbusiness.ch\\\/en\\\/allgemein\\\/2015-12-22\\\/kulm-hotel-st-moritz-renoviert-eispavillon\\\/\",\"name\":\"Eispavillon St. Moritz: Historisches Bauprojekt startet\",\"isPartOf\":{\"@id\":\"https:\\\/\\\/www.immobilienbusiness.ch\\\/#website\"},\"primaryImageOfPage\":{\"@id\":\"https:\\\/\\\/www.immobilienbusiness.ch\\\/en\\\/allgemein\\\/2015-12-22\\\/kulm-hotel-st-moritz-renoviert-eispavillon\\\/#primaryimage\"},\"image\":{\"@id\":\"https:\\\/\\\/www.immobilienbusiness.ch\\\/en\\\/allgemein\\\/2015-12-22\\\/kulm-hotel-st-moritz-renoviert-eispavillon\\\/#primaryimage\"},\"thumbnailUrl\":\"https:\\\/\\\/www.immobilienbusiness.ch\\\/wp-content\\\/uploads\\\/2016\\\/12\\\/Kulm-Hotel-St.-Moritz-renoviert-Eispavillon-immobilien-business.jpg\",\"datePublished\":\"2015-12-22T08:38:06+00:00\",\"description\":\"Das historische Eispavillon in St. Moritz wird renoviert und erh\u00e4lt eine neue Nutzung, inklusive Restaurant und Trib\u00fcne. Eine bedeutende Investition.\",\"breadcrumb\":{\"@id\":\"https:\\\/\\\/www.immobilienbusiness.ch\\\/en\\\/allgemein\\\/2015-12-22\\\/kulm-hotel-st-moritz-renoviert-eispavillon\\\/#breadcrumb\"},\"inLanguage\":\"fr-FR\",\"potentialAction\":[{\"@type\":\"ReadAction\",\"target\":[\"https:\\\/\\\/www.immobilienbusiness.ch\\\/en\\\/allgemein\\\/2015-12-22\\\/kulm-hotel-st-moritz-renoviert-eispavillon\\\/\"]}]},{\"@type\":\"ImageObject\",\"inLanguage\":\"fr-FR\",\"@id\":\"https:\\\/\\\/www.immobilienbusiness.ch\\\/en\\\/allgemein\\\/2015-12-22\\\/kulm-hotel-st-moritz-renoviert-eispavillon\\\/#primaryimage\",\"url\":\"https:\\\/\\\/www.immobilienbusiness.ch\\\/wp-content\\\/uploads\\\/2016\\\/12\\\/Kulm-Hotel-St.-Moritz-renoviert-Eispavillon-immobilien-business.jpg\",\"contentUrl\":\"https:\\\/\\\/www.immobilienbusiness.ch\\\/wp-content\\\/uploads\\\/2016\\\/12\\\/Kulm-Hotel-St.-Moritz-renoviert-Eispavillon-immobilien-business.jpg\",\"width\":2500,\"height\":1668,\"caption\":\"Das Kulm Hotel in St. Moritz (Foto: Kulm Hotel)\"},{\"@type\":\"BreadcrumbList\",\"@id\":\"https:\\\/\\\/www.immobilienbusiness.ch\\\/en\\\/allgemein\\\/2015-12-22\\\/kulm-hotel-st-moritz-renoviert-eispavillon\\\/#breadcrumb\",\"itemListElement\":[{\"@type\":\"ListItem\",\"position\":1,\"name\":\"Home\",\"item\":\"https:\\\/\\\/www.immobilienbusiness.ch\\\/\"},{\"@type\":\"ListItem\",\"position\":2,\"name\":\"Kulm Hotel St. Moritz renoviert Eispavillon\"}]},{\"@type\":\"WebSite\",\"@id\":\"https:\\\/\\\/www.immobilienbusiness.ch\\\/#website\",\"url\":\"https:\\\/\\\/www.immobilienbusiness.ch\\\/\",\"name\":\"IMMOBILIEN Business\",\"description\":\"Unabh\u00e4ngiges Schweizer Wirtschaftsmagazin mit Fokus auf Immobilien, Architektur- und Bau sowie Investment- und Finanzierung.\",\"publisher\":{\"@id\":\"https:\\\/\\\/www.immobilienbusiness.ch\\\/#organization\"},\"potentialAction\":[{\"@type\":\"SearchAction\",\"target\":{\"@type\":\"EntryPoint\",\"urlTemplate\":\"https:\\\/\\\/www.immobilienbusiness.ch\\\/?s={search_term_string}\"},\"query-input\":{\"@type\":\"PropertyValueSpecification\",\"valueRequired\":true,\"valueName\":\"search_term_string\"}}],\"inLanguage\":\"fr-FR\"},{\"@type\":\"Organization\",\"@id\":\"https:\\\/\\\/www.immobilienbusiness.ch\\\/#organization\",\"name\":\"IMMOBILIEN Business\",\"url\":\"https:\\\/\\\/www.immobilienbusiness.ch\\\/\",\"logo\":{\"@type\":\"ImageObject\",\"inLanguage\":\"fr-FR\",\"@id\":\"https:\\\/\\\/www.immobilienbusiness.ch\\\/#\\\/schema\\\/logo\\\/image\\\/\",\"url\":\"https:\\\/\\\/www.immobilienbusiness.ch\\\/wp-content\\\/uploads\\\/2021\\\/07\\\/logo_ib.png\",\"contentUrl\":\"https:\\\/\\\/www.immobilienbusiness.ch\\\/wp-content\\\/uploads\\\/2021\\\/07\\\/logo_ib.png\",\"width\":800,\"height\":181,\"caption\":\"IMMOBILIEN Business\"},\"image\":{\"@id\":\"https:\\\/\\\/www.immobilienbusiness.ch\\\/#\\\/schema\\\/logo\\\/image\\\/\"},\"sameAs\":[\"https:\\\/\\\/www.facebook.com\\\/immobilienbusiness\\\/\"]},{\"@type\":\"Person\",\"@id\":\"https:\\\/\\\/www.immobilienbusiness.ch\\\/#\\\/schema\\\/person\\\/aa2bace6c5c5aad60102004a50c4eb1c\",\"name\":\"Redaktion\",\"image\":{\"@type\":\"ImageObject\",\"inLanguage\":\"fr-FR\",\"@id\":\"https:\\\/\\\/secure.gravatar.com\\\/avatar\\\/ae2f4d718e6c49043e314ce431e7e645d646302a24a5ef5a8bc8e3f5a032e319?s=96&d=mm&r=g\",\"url\":\"https:\\\/\\\/secure.gravatar.com\\\/avatar\\\/ae2f4d718e6c49043e314ce431e7e645d646302a24a5ef5a8bc8e3f5a032e319?s=96&d=mm&r=g\",\"contentUrl\":\"https:\\\/\\\/secure.gravatar.com\\\/avatar\\\/ae2f4d718e6c49043e314ce431e7e645d646302a24a5ef5a8bc8e3f5a032e319?s=96&d=mm&r=g\",\"caption\":\"Redaktion\"},\"sameAs\":[\"http:\\\/\\\/develop.organisator.galledia.ch\"],\"url\":\"https:\\\/\\\/www.immobilienbusiness.ch\\\/fr\\\/author\\\/admin\\\/\"}]}<\/script>\n<!-- \/ Yoast SEO plugin. -->","yoast_head_json":{"title":"Eispavillon St. Moritz: Historisches Bauprojekt startet","description":"Das historische Eispavillon in St. Moritz wird renoviert und erh\u00e4lt eine neue Nutzung, inklusive Restaurant und Trib\u00fcne. Eine bedeutende Investition.","robots":{"index":"index","follow":"follow","max-snippet":"max-snippet:-1","max-image-preview":"max-image-preview:large","max-video-preview":"max-video-preview:-1"},"canonical":"https:\/\/www.immobilienbusiness.ch\/fr\/allgemein\/2015-12-22\/kulm-hotel-st-moritz-renoviert-eispavillon\/","og_locale":"fr_FR","og_type":"article","og_title":"Kulm Hotel St. Moritz renoviert Eispavillon","og_description":"Das Kulm Hotel St. Moritz renoviert und erweitert ab M\u00e4rz 2016 den historischen Eispavillon im Kulm Park. Das acht Millionen CHF schwere Projekt wird Architekt Norman Foster in Zusammenarbeit mit dem B\u00fcndner Architekten Arnd K\u00fcchel verantworten.","og_url":"https:\/\/www.immobilienbusiness.ch\/fr\/allgemein\/2015-12-22\/kulm-hotel-st-moritz-renoviert-eispavillon\/","og_site_name":"IMMOBILIEN Business","article_publisher":"https:\/\/www.facebook.com\/immobilienbusiness\/","article_published_time":"2015-12-22T08:38:06+00:00","author":"Redaktion","twitter_card":"summary_large_image","twitter_image":"https:\/\/www.immobilienbusiness.ch\/wp-content\/uploads\/2016\/12\/Kulm-Hotel-St.-Moritz-renoviert-Eispavillon-immobilien-business.jpg","schema":{"@context":"https:\/\/schema.org","@graph":[{"@type":"Article","@id":"https:\/\/www.immobilienbusiness.ch\/en\/allgemein\/2015-12-22\/kulm-hotel-st-moritz-renoviert-eispavillon\/#article","isPartOf":{"@id":"https:\/\/www.immobilienbusiness.ch\/en\/allgemein\/2015-12-22\/kulm-hotel-st-moritz-renoviert-eispavillon\/"},"author":{"name":"Redaktion","@id":"https:\/\/www.immobilienbusiness.ch\/#\/schema\/person\/aa2bace6c5c5aad60102004a50c4eb1c"},"headline":"Kulm Hotel St. Moritz renoviert Eispavillon","datePublished":"2015-12-22T08:38:06+00:00","mainEntityOfPage":{"@id":"https:\/\/www.immobilienbusiness.ch\/en\/allgemein\/2015-12-22\/kulm-hotel-st-moritz-renoviert-eispavillon\/"},"wordCount":136,"commentCount":0,"publisher":{"@id":"https:\/\/www.immobilienbusiness.ch\/#organization"},"image":{"@id":"https:\/\/www.immobilienbusiness.ch\/en\/allgemein\/2015-12-22\/kulm-hotel-st-moritz-renoviert-eispavillon\/#primaryimage"},"thumbnailUrl":"https:\/\/www.immobilienbusiness.ch\/wp-content\/uploads\/2016\/12\/Kulm-Hotel-St.-Moritz-renoviert-Eispavillon-immobilien-business.jpg","keywords":["Hotels","Ost-Schweiz"],"articleSection":["Allgemein"],"inLanguage":"fr-FR"},{"@type":"WebPage","@id":"https:\/\/www.immobilienbusiness.ch\/en\/allgemein\/2015-12-22\/kulm-hotel-st-moritz-renoviert-eispavillon\/","url":"https:\/\/www.immobilienbusiness.ch\/en\/allgemein\/2015-12-22\/kulm-hotel-st-moritz-renoviert-eispavillon\/","name":"Eispavillon St. Moritz: Historisches Bauprojekt startet","isPartOf":{"@id":"https:\/\/www.immobilienbusiness.ch\/#website"},"primaryImageOfPage":{"@id":"https:\/\/www.immobilienbusiness.ch\/en\/allgemein\/2015-12-22\/kulm-hotel-st-moritz-renoviert-eispavillon\/#primaryimage"},"image":{"@id":"https:\/\/www.immobilienbusiness.ch\/en\/allgemein\/2015-12-22\/kulm-hotel-st-moritz-renoviert-eispavillon\/#primaryimage"},"thumbnailUrl":"https:\/\/www.immobilienbusiness.ch\/wp-content\/uploads\/2016\/12\/Kulm-Hotel-St.-Moritz-renoviert-Eispavillon-immobilien-business.jpg","datePublished":"2015-12-22T08:38:06+00:00","description":"Das historische Eispavillon in St. Moritz wird renoviert und erh\u00e4lt eine neue Nutzung, inklusive Restaurant und Trib\u00fcne. Eine bedeutende Investition.","breadcrumb":{"@id":"https:\/\/www.immobilienbusiness.ch\/en\/allgemein\/2015-12-22\/kulm-hotel-st-moritz-renoviert-eispavillon\/#breadcrumb"},"inLanguage":"fr-FR","potentialAction":[{"@type":"ReadAction","target":["https:\/\/www.immobilienbusiness.ch\/en\/allgemein\/2015-12-22\/kulm-hotel-st-moritz-renoviert-eispavillon\/"]}]},{"@type":"ImageObject","inLanguage":"fr-FR","@id":"https:\/\/www.immobilienbusiness.ch\/en\/allgemein\/2015-12-22\/kulm-hotel-st-moritz-renoviert-eispavillon\/#primaryimage","url":"https:\/\/www.immobilienbusiness.ch\/wp-content\/uploads\/2016\/12\/Kulm-Hotel-St.-Moritz-renoviert-Eispavillon-immobilien-business.jpg","contentUrl":"https:\/\/www.immobilienbusiness.ch\/wp-content\/uploads\/2016\/12\/Kulm-Hotel-St.-Moritz-renoviert-Eispavillon-immobilien-business.jpg","width":2500,"height":1668,"caption":"Das Kulm Hotel in St. Moritz (Foto: Kulm Hotel)"},{"@type":"BreadcrumbList","@id":"https:\/\/www.immobilienbusiness.ch\/en\/allgemein\/2015-12-22\/kulm-hotel-st-moritz-renoviert-eispavillon\/#breadcrumb","itemListElement":[{"@type":"ListItem","position":1,"name":"Home","item":"https:\/\/www.immobilienbusiness.ch\/"},{"@type":"ListItem","position":2,"name":"Kulm Hotel St. Moritz renoviert Eispavillon"}]},{"@type":"WebSite","@id":"https:\/\/www.immobilienbusiness.ch\/#website","url":"https:\/\/www.immobilienbusiness.ch\/","name":"IMMOBILIER Business","description":"Magazine \u00e9conomique suisse ind\u00e9pendant ax\u00e9 sur l'immobilier, l'architecture et la construction ainsi que sur les investissements et le financement.","publisher":{"@id":"https:\/\/www.immobilienbusiness.ch\/#organization"},"potentialAction":[{"@type":"SearchAction","target":{"@type":"EntryPoint","urlTemplate":"https:\/\/www.immobilienbusiness.ch\/?s={search_term_string}"},"query-input":{"@type":"PropertyValueSpecification","valueRequired":true,"valueName":"search_term_string"}}],"inLanguage":"fr-FR"},{"@type":"Organization","@id":"https:\/\/www.immobilienbusiness.ch\/#organization","name":"IMMOBILIER Business","url":"https:\/\/www.immobilienbusiness.ch\/","logo":{"@type":"ImageObject","inLanguage":"fr-FR","@id":"https:\/\/www.immobilienbusiness.ch\/#\/schema\/logo\/image\/","url":"https:\/\/www.immobilienbusiness.ch\/wp-content\/uploads\/2021\/07\/logo_ib.png","contentUrl":"https:\/\/www.immobilienbusiness.ch\/wp-content\/uploads\/2021\/07\/logo_ib.png","width":800,"height":181,"caption":"IMMOBILIEN Business"},"image":{"@id":"https:\/\/www.immobilienbusiness.ch\/#\/schema\/logo\/image\/"},"sameAs":["https:\/\/www.facebook.com\/immobilienbusiness\/"]},{"@type":"Person","@id":"https:\/\/www.immobilienbusiness.ch\/#\/schema\/person\/aa2bace6c5c5aad60102004a50c4eb1c","name":"Editorial","image":{"@type":"ImageObject","inLanguage":"fr-FR","@id":"https:\/\/secure.gravatar.com\/avatar\/ae2f4d718e6c49043e314ce431e7e645d646302a24a5ef5a8bc8e3f5a032e319?s=96&d=mm&r=g","url":"https:\/\/secure.gravatar.com\/avatar\/ae2f4d718e6c49043e314ce431e7e645d646302a24a5ef5a8bc8e3f5a032e319?s=96&d=mm&r=g","contentUrl":"https:\/\/secure.gravatar.com\/avatar\/ae2f4d718e6c49043e314ce431e7e645d646302a24a5ef5a8bc8e3f5a032e319?s=96&d=mm&r=g","caption":"Redaktion"},"sameAs":["http:\/\/develop.organisator.galledia.ch"],"url":"https:\/\/www.immobilienbusiness.ch\/fr\/author\/admin\/"}]}},"_links":{"self":[{"href":"https:\/\/www.immobilienbusiness.ch\/fr\/wp-json\/wp\/v2\/posts\/1952","targetHints":{"allow":["GET"]}}],"collection":[{"href":"https:\/\/www.immobilienbusiness.ch\/fr\/wp-json\/wp\/v2\/posts"}],"about":[{"href":"https:\/\/www.immobilienbusiness.ch\/fr\/wp-json\/wp\/v2\/types\/post"}],"author":[{"embeddable":true,"href":"https:\/\/www.immobilienbusiness.ch\/fr\/wp-json\/wp\/v2\/users\/1"}],"replies":[{"embeddable":true,"href":"https:\/\/www.immobilienbusiness.ch\/fr\/wp-json\/wp\/v2\/comments?post=1952"}],"version-history":[{"count":0,"href":"https:\/\/www.immobilienbusiness.ch\/fr\/wp-json\/wp\/v2\/posts\/1952\/revisions"}],"wp:featuredmedia":[{"embeddable":true,"href":"https:\/\/www.immobilienbusiness.ch\/fr\/wp-json\/wp\/v2\/media\/1953"}],"wp:attachment":[{"href":"https:\/\/www.immobilienbusiness.ch\/fr\/wp-json\/wp\/v2\/media?parent=1952"}],"wp:term":[{"taxonomy":"category","embeddable":true,"href":"https:\/\/www.immobilienbusiness.ch\/fr\/wp-json\/wp\/v2\/categories?post=1952"},{"taxonomy":"post_tag","embeddable":true,"href":"https:\/\/www.immobilienbusiness.ch\/fr\/wp-json\/wp\/v2\/tags?post=1952"}],"curies":[{"name":"wp","href":"https:\/\/api.w.org\/{rel}","templated":true}]}}