{"id":19313,"date":"2019-11-21T09:47:28","date_gmt":"2019-11-21T08:47:28","guid":{"rendered":"https:\/\/www.immobilienbusiness.ch\/?p=19313"},"modified":"2019-11-21T09:47:28","modified_gmt":"2019-11-21T08:47:28","slug":"zuerich-siedlung-birkenhof-wird-saniert","status":"publish","type":"post","link":"https:\/\/www.immobilienbusiness.ch\/fr\/regionen\/2019-11-21\/zuerich-siedlung-birkenhof-wird-saniert\/","title":{"rendered":"Zurich : le lotissement Birkenhof va \u00eatre r\u00e9am\u00e9nag\u00e9"},"content":{"rendered":"<figure id=\"attachment_14652\" aria-describedby=\"caption-attachment-14652\" style=\"width: 680px\" class=\"wp-caption alignnone\"><img loading=\"lazy\" decoding=\"async\" class=\"size-medium wp-image-14652\" src=\"https:\/\/www.immobilienbusiness.ch\/wp-content\/uploads\/2018\/10\/Depositphotos_170350446_m-2015.jpg\" alt=\"\" width=\"680\" height=\"454\" srcset=\"https:\/\/www.immobilienbusiness.ch\/wp-content\/uploads\/2018\/10\/Depositphotos_170350446_m-2015.jpg 999w, https:\/\/www.immobilienbusiness.ch\/wp-content\/uploads\/2018\/10\/Depositphotos_170350446_m-2015-300x200.jpg 300w, https:\/\/www.immobilienbusiness.ch\/wp-content\/uploads\/2018\/10\/Depositphotos_170350446_m-2015-768x513.jpg 768w, https:\/\/www.immobilienbusiness.ch\/wp-content\/uploads\/2018\/10\/Depositphotos_170350446_m-2015-16x12.jpg 16w, https:\/\/www.immobilienbusiness.ch\/wp-content\/uploads\/2018\/10\/Depositphotos_170350446_m-2015-262x175.jpg 262w, https:\/\/www.immobilienbusiness.ch\/wp-content\/uploads\/2018\/10\/Depositphotos_170350446_m-2015-524x350.jpg 524w, https:\/\/www.immobilienbusiness.ch\/wp-content\/uploads\/2018\/10\/Depositphotos_170350446_m-2015-920x614.jpg 920w\" sizes=\"auto, (max-width: 680px) 100vw, 680px\" \/><figcaption id=\"caption-attachment-14652\" class=\"wp-caption-text\">La ville de Zurich veut r\u00e9nover la cit\u00e9 Birkenhof (photo : ArturVerkhovetskiy - depositphotos)<\/figcaption><\/figure>\n<p>Le lotissement Birkenhof a \u00e9t\u00e9 construit dans les ann\u00e9es 1925\/26 sur un terrain situ\u00e9 \u00e0 l'angle de la Schaffhauser-\/Guggachstrasse ; il comprend 101 logements. La derni\u00e8re r\u00e9novation a eu lieu dans les ann\u00e9es 1970. Le Birkenhof doit maintenant \u00eatre remis en \u00e9tat pour une nouvelle dur\u00e9e d'utilisation de 30 ans, communique la ville de Zurich.<\/p>\n<p>Le lotissement figure dans l'inventaire des objets d'art et de culture prot\u00e9g\u00e9s d'importance communale, raison pour laquelle les mesures de construction seront r\u00e9alis\u00e9es en accord avec le service de protection des monuments. Les \u00e9l\u00e9ments d'origine encore pr\u00e9sents, tels que les armoires murales, les rev\u00eatements de sol d'origine et les peintures de fa\u00e7ade, seront conserv\u00e9s ; les salles de bains, les cuisines et les installations techniques du b\u00e2timent seront remplac\u00e9es ou compl\u00e9t\u00e9es.<\/p>\n<h2>Besoin de r\u00e9novation plus \u00e9lev\u00e9 que pr\u00e9vu<\/h2>\n<p>Le conseil municipal vient d'accorder 35,58 millions de CHF pour la remise en \u00e9tat. Lors de l'approbation du cr\u00e9dit d'\u00e9tude en 2016, les co\u00fbts avaient encore \u00e9t\u00e9 estim\u00e9s \u00e0 environ 30 millions. Mais au cours de l'\u00e9tude de projet, il s'est av\u00e9r\u00e9 que les besoins de remise en \u00e9tat seraient plus importants que pr\u00e9vu initialement, explique la ville de Zurich.<\/p>\n<p>L'\u00e9cole Milchbuck, situ\u00e9e \u00e0 proximit\u00e9 imm\u00e9diate du lotissement, doit \u00eatre agrandie \u00e0 partir de 2027. Pour une p\u00e9riode transitoire de dix ans, le b\u00e2timent du Birkenhof, situ\u00e9 au 36 de la Zeppelinstrasse, devrait donc \u00eatre utilis\u00e9 comme jardin d'enfants avec encadrement. Ce changement d'affectation et la d\u00e9molition ult\u00e9rieure co\u00fbteraient 2,89 millions. Environ 600 000 CHF seront en outre investis dans l'am\u00e9nagement int\u00e9rieur et l'environnement du lotissement, avec notamment la cr\u00e9ation de 130 places de stationnement pour v\u00e9los.<\/p>\n<p>Suite \u00e0 la remise en \u00e9tat, le loyer net moyen des appartements de 3 pi\u00e8ces de 68 m\u00b2 passera de 720 CHF aujourd'hui \u00e0 1 124 CHF. Pour les appartements de 4 pi\u00e8ces de 89 m\u00b2, le loyer net moyen passera de 883 \u00e0 1 350 CHF, selon la ville de Zurich. Le loyer net par m\u00b2\/an sera en moyenne de 195 CHF. La possibilit\u00e9 de subventionner un tiers des appartements est \u00e0 l'\u00e9tude. Jusqu'\u00e0 pr\u00e9sent, aucun appartement du Birkenhof n'a \u00e9t\u00e9 subventionn\u00e9.<\/p>\n<p>La construction devrait d\u00e9buter en f\u00e9vrier 2021 et les appartements remis en \u00e9tat devraient \u00eatre disponibles \u00e0 partir d'ao\u00fbt 2023. <em>(ah)<\/em><\/p>","protected":false},"excerpt":{"rendered":"<p>La ville de Zurich veut r\u00e9nover l'ensemble d'habitation Birkenhof dans le quartier d'Unterstrass. La remise en \u00e9tat devrait co\u00fbter environ 35 millions de CHF.<\/p>","protected":false},"author":3,"featured_media":14652,"comment_status":"closed","ping_status":"open","sticky":false,"template":"","format":"standard","meta":{"_acf_changed":false,"_yoast_wpseo_focuskw":"Birkenhof","_yoast_wpseo_title":"","_yoast_wpseo_metadesc":"Die Stadt Z\u00fcrich will die Wohnsiedlung Birkenhof im Quartier Unterstrass sanieren. Die Instandsetzung soll rund 35 Millionen CHF kosten.","_yoast_wpseo_linkdex":67,"pgc_sgb_lightbox_settings":"","footnotes":""},"categories":[985],"tags":[1662,1863,1888],"class_list":["post-19313","post","type-post","status-publish","format-standard","has-post-thumbnail","hentry","category-regionen","tag-sanierung","tag-wohnimmobilien","tag-zuerich"],"acf":[],"yoast_head":"<!-- This site is optimized with the Yoast SEO plugin v27.4 - https:\/\/yoast.com\/product\/yoast-seo-wordpress\/ -->\n<title>Z\u00fcrich: Siedlung Birkenhof wird saniert - IMMOBILIEN Business<\/title>\n<meta name=\"description\" content=\"Die Stadt Z\u00fcrich will die Wohnsiedlung Birkenhof im Quartier Unterstrass sanieren. Die Instandsetzung soll rund 35 Millionen CHF kosten.\" \/>\n<meta name=\"robots\" content=\"index, follow, max-snippet:-1, max-image-preview:large, max-video-preview:-1\" \/>\n<link rel=\"canonical\" href=\"https:\/\/www.immobilienbusiness.ch\/fr\/regionen\/2019-11-21\/zuerich-siedlung-birkenhof-wird-saniert\/\" \/>\n<meta property=\"og:locale\" content=\"fr_FR\" \/>\n<meta property=\"og:type\" content=\"article\" \/>\n<meta property=\"og:title\" content=\"Z\u00fcrich: Siedlung Birkenhof wird saniert - IMMOBILIEN Business\" \/>\n<meta property=\"og:description\" content=\"Die Stadt Z\u00fcrich will die Wohnsiedlung Birkenhof im Quartier Unterstrass sanieren. Die Instandsetzung soll rund 35 Millionen CHF kosten.\" \/>\n<meta property=\"og:url\" content=\"https:\/\/www.immobilienbusiness.ch\/fr\/regionen\/2019-11-21\/zuerich-siedlung-birkenhof-wird-saniert\/\" \/>\n<meta property=\"og:site_name\" content=\"IMMOBILIEN Business\" \/>\n<meta property=\"article:publisher\" content=\"https:\/\/www.facebook.com\/immobilienbusiness\/\" \/>\n<meta property=\"article:published_time\" content=\"2019-11-21T08:47:28+00:00\" \/>\n<meta property=\"og:image\" content=\"https:\/\/www.immobilienbusiness.ch\/wp-content\/uploads\/2018\/10\/Depositphotos_170350446_m-2015.jpg\" \/>\n\t<meta property=\"og:image:width\" content=\"999\" \/>\n\t<meta property=\"og:image:height\" content=\"667\" \/>\n\t<meta property=\"og:image:type\" content=\"image\/jpeg\" \/>\n<meta name=\"author\" content=\"anja.hall\" \/>\n<meta name=\"twitter:card\" content=\"summary_large_image\" \/>\n<meta name=\"twitter:image\" content=\"https:\/\/www.immobilienbusiness.ch\/wp-content\/uploads\/2018\/10\/Depositphotos_170350446_m-2015.jpg\" \/>\n<script type=\"application\/ld+json\" class=\"yoast-schema-graph\">{\"@context\":\"https:\\\/\\\/schema.org\",\"@graph\":[{\"@type\":\"Article\",\"@id\":\"https:\\\/\\\/www.immobilienbusiness.ch\\\/regionen\\\/2019-11-21\\\/zuerich-siedlung-birkenhof-wird-saniert\\\/#article\",\"isPartOf\":{\"@id\":\"https:\\\/\\\/www.immobilienbusiness.ch\\\/regionen\\\/2019-11-21\\\/zuerich-siedlung-birkenhof-wird-saniert\\\/\"},\"author\":{\"name\":\"anja.hall\",\"@id\":\"https:\\\/\\\/www.immobilienbusiness.ch\\\/#\\\/schema\\\/person\\\/3fc036297b10b9f42d6db5ee932af8c8\"},\"headline\":\"Z\u00fcrich: Siedlung Birkenhof wird saniert\",\"datePublished\":\"2019-11-21T08:47:28+00:00\",\"mainEntityOfPage\":{\"@id\":\"https:\\\/\\\/www.immobilienbusiness.ch\\\/regionen\\\/2019-11-21\\\/zuerich-siedlung-birkenhof-wird-saniert\\\/\"},\"wordCount\":337,\"publisher\":{\"@id\":\"https:\\\/\\\/www.immobilienbusiness.ch\\\/#organization\"},\"image\":{\"@id\":\"https:\\\/\\\/www.immobilienbusiness.ch\\\/regionen\\\/2019-11-21\\\/zuerich-siedlung-birkenhof-wird-saniert\\\/#primaryimage\"},\"thumbnailUrl\":\"https:\\\/\\\/www.immobilienbusiness.ch\\\/wp-content\\\/uploads\\\/2018\\\/10\\\/Depositphotos_170350446_m-2015.jpg\",\"keywords\":[\"Sanierung\",\"Wohnimmobilien\",\"Z\u00fcrich\"],\"articleSection\":[\"REGIONEN\"],\"inLanguage\":\"fr-FR\"},{\"@type\":\"WebPage\",\"@id\":\"https:\\\/\\\/www.immobilienbusiness.ch\\\/regionen\\\/2019-11-21\\\/zuerich-siedlung-birkenhof-wird-saniert\\\/\",\"url\":\"https:\\\/\\\/www.immobilienbusiness.ch\\\/regionen\\\/2019-11-21\\\/zuerich-siedlung-birkenhof-wird-saniert\\\/\",\"name\":\"Z\u00fcrich: Siedlung Birkenhof wird saniert - IMMOBILIEN Business\",\"isPartOf\":{\"@id\":\"https:\\\/\\\/www.immobilienbusiness.ch\\\/#website\"},\"primaryImageOfPage\":{\"@id\":\"https:\\\/\\\/www.immobilienbusiness.ch\\\/regionen\\\/2019-11-21\\\/zuerich-siedlung-birkenhof-wird-saniert\\\/#primaryimage\"},\"image\":{\"@id\":\"https:\\\/\\\/www.immobilienbusiness.ch\\\/regionen\\\/2019-11-21\\\/zuerich-siedlung-birkenhof-wird-saniert\\\/#primaryimage\"},\"thumbnailUrl\":\"https:\\\/\\\/www.immobilienbusiness.ch\\\/wp-content\\\/uploads\\\/2018\\\/10\\\/Depositphotos_170350446_m-2015.jpg\",\"datePublished\":\"2019-11-21T08:47:28+00:00\",\"description\":\"Die Stadt Z\u00fcrich will die Wohnsiedlung Birkenhof im Quartier Unterstrass sanieren. Die Instandsetzung soll rund 35 Millionen CHF kosten.\",\"breadcrumb\":{\"@id\":\"https:\\\/\\\/www.immobilienbusiness.ch\\\/regionen\\\/2019-11-21\\\/zuerich-siedlung-birkenhof-wird-saniert\\\/#breadcrumb\"},\"inLanguage\":\"fr-FR\",\"potentialAction\":[{\"@type\":\"ReadAction\",\"target\":[\"https:\\\/\\\/www.immobilienbusiness.ch\\\/regionen\\\/2019-11-21\\\/zuerich-siedlung-birkenhof-wird-saniert\\\/\"]}]},{\"@type\":\"ImageObject\",\"inLanguage\":\"fr-FR\",\"@id\":\"https:\\\/\\\/www.immobilienbusiness.ch\\\/regionen\\\/2019-11-21\\\/zuerich-siedlung-birkenhof-wird-saniert\\\/#primaryimage\",\"url\":\"https:\\\/\\\/www.immobilienbusiness.ch\\\/wp-content\\\/uploads\\\/2018\\\/10\\\/Depositphotos_170350446_m-2015.jpg\",\"contentUrl\":\"https:\\\/\\\/www.immobilienbusiness.ch\\\/wp-content\\\/uploads\\\/2018\\\/10\\\/Depositphotos_170350446_m-2015.jpg\",\"width\":999,\"height\":667,\"caption\":\"Die Rohbauarbeiten f\u00fcr eine Wohn\u00fcberbauung in Lausen sind abgeschlossen (bild: Depositphotos)\"},{\"@type\":\"BreadcrumbList\",\"@id\":\"https:\\\/\\\/www.immobilienbusiness.ch\\\/regionen\\\/2019-11-21\\\/zuerich-siedlung-birkenhof-wird-saniert\\\/#breadcrumb\",\"itemListElement\":[{\"@type\":\"ListItem\",\"position\":1,\"name\":\"Home\",\"item\":\"https:\\\/\\\/www.immobilienbusiness.ch\\\/\"},{\"@type\":\"ListItem\",\"position\":2,\"name\":\"Z\u00fcrich: Siedlung Birkenhof wird saniert\"}]},{\"@type\":\"WebSite\",\"@id\":\"https:\\\/\\\/www.immobilienbusiness.ch\\\/#website\",\"url\":\"https:\\\/\\\/www.immobilienbusiness.ch\\\/\",\"name\":\"IMMOBILIEN Business\",\"description\":\"Unabh\u00e4ngiges Schweizer Wirtschaftsmagazin mit Fokus auf Immobilien, Architektur- und Bau sowie Investment- und Finanzierung.\",\"publisher\":{\"@id\":\"https:\\\/\\\/www.immobilienbusiness.ch\\\/#organization\"},\"potentialAction\":[{\"@type\":\"SearchAction\",\"target\":{\"@type\":\"EntryPoint\",\"urlTemplate\":\"https:\\\/\\\/www.immobilienbusiness.ch\\\/?s={search_term_string}\"},\"query-input\":{\"@type\":\"PropertyValueSpecification\",\"valueRequired\":true,\"valueName\":\"search_term_string\"}}],\"inLanguage\":\"fr-FR\"},{\"@type\":\"Organization\",\"@id\":\"https:\\\/\\\/www.immobilienbusiness.ch\\\/#organization\",\"name\":\"IMMOBILIEN Business\",\"url\":\"https:\\\/\\\/www.immobilienbusiness.ch\\\/\",\"logo\":{\"@type\":\"ImageObject\",\"inLanguage\":\"fr-FR\",\"@id\":\"https:\\\/\\\/www.immobilienbusiness.ch\\\/#\\\/schema\\\/logo\\\/image\\\/\",\"url\":\"https:\\\/\\\/www.immobilienbusiness.ch\\\/wp-content\\\/uploads\\\/2021\\\/07\\\/logo_ib.png\",\"contentUrl\":\"https:\\\/\\\/www.immobilienbusiness.ch\\\/wp-content\\\/uploads\\\/2021\\\/07\\\/logo_ib.png\",\"width\":800,\"height\":181,\"caption\":\"IMMOBILIEN Business\"},\"image\":{\"@id\":\"https:\\\/\\\/www.immobilienbusiness.ch\\\/#\\\/schema\\\/logo\\\/image\\\/\"},\"sameAs\":[\"https:\\\/\\\/www.facebook.com\\\/immobilienbusiness\\\/\"]},{\"@type\":\"Person\",\"@id\":\"https:\\\/\\\/www.immobilienbusiness.ch\\\/#\\\/schema\\\/person\\\/3fc036297b10b9f42d6db5ee932af8c8\",\"name\":\"anja.hall\",\"image\":{\"@type\":\"ImageObject\",\"inLanguage\":\"fr-FR\",\"@id\":\"https:\\\/\\\/secure.gravatar.com\\\/avatar\\\/066b5a0d447013502c71a5782f4f3469f03cfe595cc2329fb94652fe47511bfb?s=96&d=mm&r=g\",\"url\":\"https:\\\/\\\/secure.gravatar.com\\\/avatar\\\/066b5a0d447013502c71a5782f4f3469f03cfe595cc2329fb94652fe47511bfb?s=96&d=mm&r=g\",\"contentUrl\":\"https:\\\/\\\/secure.gravatar.com\\\/avatar\\\/066b5a0d447013502c71a5782f4f3469f03cfe595cc2329fb94652fe47511bfb?s=96&d=mm&r=g\",\"caption\":\"anja.hall\"},\"url\":\"https:\\\/\\\/www.immobilienbusiness.ch\\\/fr\\\/author\\\/anja-hall\\\/\"}]}<\/script>\n<!-- \/ Yoast SEO plugin. -->","yoast_head_json":{"title":"Z\u00fcrich: Siedlung Birkenhof wird saniert - IMMOBILIEN Business","description":"La ville de Zurich veut r\u00e9nover l'ensemble d'habitation Birkenhof dans le quartier d'Unterstrass. La remise en \u00e9tat devrait co\u00fbter environ 35 millions de CHF.","robots":{"index":"index","follow":"follow","max-snippet":"max-snippet:-1","max-image-preview":"max-image-preview:large","max-video-preview":"max-video-preview:-1"},"canonical":"https:\/\/www.immobilienbusiness.ch\/fr\/regionen\/2019-11-21\/zuerich-siedlung-birkenhof-wird-saniert\/","og_locale":"fr_FR","og_type":"article","og_title":"Z\u00fcrich: Siedlung Birkenhof wird saniert - IMMOBILIEN Business","og_description":"Die Stadt Z\u00fcrich will die Wohnsiedlung Birkenhof im Quartier Unterstrass sanieren. Die Instandsetzung soll rund 35 Millionen CHF kosten.","og_url":"https:\/\/www.immobilienbusiness.ch\/fr\/regionen\/2019-11-21\/zuerich-siedlung-birkenhof-wird-saniert\/","og_site_name":"IMMOBILIEN Business","article_publisher":"https:\/\/www.facebook.com\/immobilienbusiness\/","article_published_time":"2019-11-21T08:47:28+00:00","og_image":[{"width":999,"height":667,"url":"https:\/\/www.immobilienbusiness.ch\/wp-content\/uploads\/2018\/10\/Depositphotos_170350446_m-2015.jpg","type":"image\/jpeg"}],"author":"anja.hall","twitter_card":"summary_large_image","twitter_image":"https:\/\/www.immobilienbusiness.ch\/wp-content\/uploads\/2018\/10\/Depositphotos_170350446_m-2015.jpg","schema":{"@context":"https:\/\/schema.org","@graph":[{"@type":"Article","@id":"https:\/\/www.immobilienbusiness.ch\/regionen\/2019-11-21\/zuerich-siedlung-birkenhof-wird-saniert\/#article","isPartOf":{"@id":"https:\/\/www.immobilienbusiness.ch\/regionen\/2019-11-21\/zuerich-siedlung-birkenhof-wird-saniert\/"},"author":{"name":"anja.hall","@id":"https:\/\/www.immobilienbusiness.ch\/#\/schema\/person\/3fc036297b10b9f42d6db5ee932af8c8"},"headline":"Z\u00fcrich: Siedlung Birkenhof wird saniert","datePublished":"2019-11-21T08:47:28+00:00","mainEntityOfPage":{"@id":"https:\/\/www.immobilienbusiness.ch\/regionen\/2019-11-21\/zuerich-siedlung-birkenhof-wird-saniert\/"},"wordCount":337,"publisher":{"@id":"https:\/\/www.immobilienbusiness.ch\/#organization"},"image":{"@id":"https:\/\/www.immobilienbusiness.ch\/regionen\/2019-11-21\/zuerich-siedlung-birkenhof-wird-saniert\/#primaryimage"},"thumbnailUrl":"https:\/\/www.immobilienbusiness.ch\/wp-content\/uploads\/2018\/10\/Depositphotos_170350446_m-2015.jpg","keywords":["Sanierung","Wohnimmobilien","Z\u00fcrich"],"articleSection":["REGIONEN"],"inLanguage":"fr-FR"},{"@type":"WebPage","@id":"https:\/\/www.immobilienbusiness.ch\/regionen\/2019-11-21\/zuerich-siedlung-birkenhof-wird-saniert\/","url":"https:\/\/www.immobilienbusiness.ch\/regionen\/2019-11-21\/zuerich-siedlung-birkenhof-wird-saniert\/","name":"Z\u00fcrich: Siedlung Birkenhof wird saniert - IMMOBILIEN Business","isPartOf":{"@id":"https:\/\/www.immobilienbusiness.ch\/#website"},"primaryImageOfPage":{"@id":"https:\/\/www.immobilienbusiness.ch\/regionen\/2019-11-21\/zuerich-siedlung-birkenhof-wird-saniert\/#primaryimage"},"image":{"@id":"https:\/\/www.immobilienbusiness.ch\/regionen\/2019-11-21\/zuerich-siedlung-birkenhof-wird-saniert\/#primaryimage"},"thumbnailUrl":"https:\/\/www.immobilienbusiness.ch\/wp-content\/uploads\/2018\/10\/Depositphotos_170350446_m-2015.jpg","datePublished":"2019-11-21T08:47:28+00:00","description":"La ville de Zurich veut r\u00e9nover l'ensemble d'habitation Birkenhof dans le quartier d'Unterstrass. La remise en \u00e9tat devrait co\u00fbter environ 35 millions de CHF.","breadcrumb":{"@id":"https:\/\/www.immobilienbusiness.ch\/regionen\/2019-11-21\/zuerich-siedlung-birkenhof-wird-saniert\/#breadcrumb"},"inLanguage":"fr-FR","potentialAction":[{"@type":"ReadAction","target":["https:\/\/www.immobilienbusiness.ch\/regionen\/2019-11-21\/zuerich-siedlung-birkenhof-wird-saniert\/"]}]},{"@type":"ImageObject","inLanguage":"fr-FR","@id":"https:\/\/www.immobilienbusiness.ch\/regionen\/2019-11-21\/zuerich-siedlung-birkenhof-wird-saniert\/#primaryimage","url":"https:\/\/www.immobilienbusiness.ch\/wp-content\/uploads\/2018\/10\/Depositphotos_170350446_m-2015.jpg","contentUrl":"https:\/\/www.immobilienbusiness.ch\/wp-content\/uploads\/2018\/10\/Depositphotos_170350446_m-2015.jpg","width":999,"height":667,"caption":"Die Rohbauarbeiten f\u00fcr eine Wohn\u00fcberbauung in Lausen sind abgeschlossen (bild: Depositphotos)"},{"@type":"BreadcrumbList","@id":"https:\/\/www.immobilienbusiness.ch\/regionen\/2019-11-21\/zuerich-siedlung-birkenhof-wird-saniert\/#breadcrumb","itemListElement":[{"@type":"ListItem","position":1,"name":"Home","item":"https:\/\/www.immobilienbusiness.ch\/"},{"@type":"ListItem","position":2,"name":"Z\u00fcrich: Siedlung Birkenhof wird saniert"}]},{"@type":"WebSite","@id":"https:\/\/www.immobilienbusiness.ch\/#website","url":"https:\/\/www.immobilienbusiness.ch\/","name":"IMMOBILIER Business","description":"Magazine \u00e9conomique suisse ind\u00e9pendant ax\u00e9 sur l'immobilier, l'architecture et la construction ainsi que sur les investissements et le financement.","publisher":{"@id":"https:\/\/www.immobilienbusiness.ch\/#organization"},"potentialAction":[{"@type":"SearchAction","target":{"@type":"EntryPoint","urlTemplate":"https:\/\/www.immobilienbusiness.ch\/?s={search_term_string}"},"query-input":{"@type":"PropertyValueSpecification","valueRequired":true,"valueName":"search_term_string"}}],"inLanguage":"fr-FR"},{"@type":"Organization","@id":"https:\/\/www.immobilienbusiness.ch\/#organization","name":"IMMOBILIER Business","url":"https:\/\/www.immobilienbusiness.ch\/","logo":{"@type":"ImageObject","inLanguage":"fr-FR","@id":"https:\/\/www.immobilienbusiness.ch\/#\/schema\/logo\/image\/","url":"https:\/\/www.immobilienbusiness.ch\/wp-content\/uploads\/2021\/07\/logo_ib.png","contentUrl":"https:\/\/www.immobilienbusiness.ch\/wp-content\/uploads\/2021\/07\/logo_ib.png","width":800,"height":181,"caption":"IMMOBILIEN Business"},"image":{"@id":"https:\/\/www.immobilienbusiness.ch\/#\/schema\/logo\/image\/"},"sameAs":["https:\/\/www.facebook.com\/immobilienbusiness\/"]},{"@type":"Person","@id":"https:\/\/www.immobilienbusiness.ch\/#\/schema\/person\/3fc036297b10b9f42d6db5ee932af8c8","name":"anja.hall","image":{"@type":"ImageObject","inLanguage":"fr-FR","@id":"https:\/\/secure.gravatar.com\/avatar\/066b5a0d447013502c71a5782f4f3469f03cfe595cc2329fb94652fe47511bfb?s=96&d=mm&r=g","url":"https:\/\/secure.gravatar.com\/avatar\/066b5a0d447013502c71a5782f4f3469f03cfe595cc2329fb94652fe47511bfb?s=96&d=mm&r=g","contentUrl":"https:\/\/secure.gravatar.com\/avatar\/066b5a0d447013502c71a5782f4f3469f03cfe595cc2329fb94652fe47511bfb?s=96&d=mm&r=g","caption":"anja.hall"},"url":"https:\/\/www.immobilienbusiness.ch\/fr\/author\/anja-hall\/"}]}},"_links":{"self":[{"href":"https:\/\/www.immobilienbusiness.ch\/fr\/wp-json\/wp\/v2\/posts\/19313","targetHints":{"allow":["GET"]}}],"collection":[{"href":"https:\/\/www.immobilienbusiness.ch\/fr\/wp-json\/wp\/v2\/posts"}],"about":[{"href":"https:\/\/www.immobilienbusiness.ch\/fr\/wp-json\/wp\/v2\/types\/post"}],"author":[{"embeddable":true,"href":"https:\/\/www.immobilienbusiness.ch\/fr\/wp-json\/wp\/v2\/users\/3"}],"replies":[{"embeddable":true,"href":"https:\/\/www.immobilienbusiness.ch\/fr\/wp-json\/wp\/v2\/comments?post=19313"}],"version-history":[{"count":0,"href":"https:\/\/www.immobilienbusiness.ch\/fr\/wp-json\/wp\/v2\/posts\/19313\/revisions"}],"wp:featuredmedia":[{"embeddable":true,"href":"https:\/\/www.immobilienbusiness.ch\/fr\/wp-json\/wp\/v2\/media\/14652"}],"wp:attachment":[{"href":"https:\/\/www.immobilienbusiness.ch\/fr\/wp-json\/wp\/v2\/media?parent=19313"}],"wp:term":[{"taxonomy":"category","embeddable":true,"href":"https:\/\/www.immobilienbusiness.ch\/fr\/wp-json\/wp\/v2\/categories?post=19313"},{"taxonomy":"post_tag","embeddable":true,"href":"https:\/\/www.immobilienbusiness.ch\/fr\/wp-json\/wp\/v2\/tags?post=19313"}],"curies":[{"name":"wp","href":"https:\/\/api.w.org\/{rel}","templated":true}]}}