{"id":19300,"date":"2019-11-20T09:17:02","date_gmt":"2019-11-20T08:17:02","guid":{"rendered":"https:\/\/www.immobilienbusiness.ch\/?p=19300"},"modified":"2023-08-10T13:29:39","modified_gmt":"2023-08-10T11:29:39","slug":"zuerich-best-smile-mietet-retail-und-bueroflaechen","status":"publish","type":"post","link":"https:\/\/www.immobilienbusiness.ch\/fr\/unternehmen\/2019-11-20\/zuerich-best-smile-mietet-retail-und-bueroflaechen\/","title":{"rendered":"Zurich : Best Smile loue des surfaces de vente au d\u00e9tail et des bureaux"},"content":{"rendered":"<figure id=\"attachment_19010\" aria-describedby=\"caption-attachment-19010\" style=\"width: 300px\" class=\"wp-caption alignnone\"><img loading=\"lazy\" decoding=\"async\" class=\"wp-image-19010 size-medium\" src=\"https:\/\/www.immobilienbusiness.ch\/wp-content\/uploads\/2019\/10\/Depositphotos_10731136_m-2015-300x200.jpg\" alt=\"Best Smile\" width=\"300\" height=\"200\" srcset=\"https:\/\/www.immobilienbusiness.ch\/wp-content\/uploads\/2019\/10\/Depositphotos_10731136_m-2015-300x200.jpg 300w, https:\/\/www.immobilienbusiness.ch\/wp-content\/uploads\/2019\/10\/Depositphotos_10731136_m-2015-768x512.jpg 768w, https:\/\/www.immobilienbusiness.ch\/wp-content\/uploads\/2019\/10\/Depositphotos_10731136_m-2015-16x12.jpg 16w, https:\/\/www.immobilienbusiness.ch\/wp-content\/uploads\/2019\/10\/Depositphotos_10731136_m-2015-262x175.jpg 262w, https:\/\/www.immobilienbusiness.ch\/wp-content\/uploads\/2019\/10\/Depositphotos_10731136_m-2015-525x350.jpg 525w, https:\/\/www.immobilienbusiness.ch\/wp-content\/uploads\/2019\/10\/Depositphotos_10731136_m-2015-920x614.jpg 920w, https:\/\/www.immobilienbusiness.ch\/wp-content\/uploads\/2019\/10\/Depositphotos_10731136_m-2015.jpg 1000w\" sizes=\"auto, (max-width: 300px) 100vw, 300px\" \/><figcaption id=\"caption-attachment-19010\" class=\"wp-caption-text\">SPG Intercity Zurich procure \u00e0 Best Smile des surfaces de bureaux et de vente au d\u00e9tail \u00e0 Zurich (photo : depositphotos)<\/figcaption><\/figure>\n<p>Best Smile a ouvert sa onzi\u00e8me filiale en Suisse dans l'espace commercial du Kreis 1 \u00e0 Zurich. Les bureaux que l'entreprise a lou\u00e9s se trouvent dans le Kreis 4, communique SPG Intercity Zurich.<\/p>\n<p>Selon ses propres indications, SPG Intercity Zurich a d\u00e9j\u00e0 lou\u00e9 \u00e0 l'entreprise les sites de Saint-Gall et de Winterthour. Avec le nouveau site de Zurich et les surfaces de bureaux, la soci\u00e9t\u00e9 est responsable de quatre locations \u00e0 l'entreprise cette ann\u00e9e, selon le prestataire de services immobiliers.<\/p>\n<p>Best Smile exploite des cabinets dans toute la Suisse al\u00e9manique, o\u00f9 elle fabrique des appareils dentaires transparents \u00e0 l'aide de la technologie 3D.<\/p>","protected":false},"excerpt":{"rendered":"<p>Best Smile a lou\u00e9 une surface commerciale de 142 m\u00b2 ainsi que 150 m\u00b2 de bureaux \u00e0 Zurich. SPG Intercity a servi d'interm\u00e9diaire.<\/p>","protected":false},"author":3,"featured_media":19010,"comment_status":"closed","ping_status":"closed","sticky":false,"template":"","format":"standard","meta":{"_acf_changed":false,"_yoast_wpseo_focuskw":"Best Smile","_yoast_wpseo_title":"","_yoast_wpseo_metadesc":"Best Smile hat in Z\u00fcrich eine 142 qm grosse Ladenfl\u00e4che sowie 150 qm B\u00fcrofl\u00e4chen angemietet. SPG Intercity vermittelte.","_yoast_wpseo_linkdex":48,"pgc_sgb_lightbox_settings":"","footnotes":""},"categories":[988],"tags":[1119,1645,1832],"class_list":["post-19300","post","type-post","status-publish","format-standard","has-post-thumbnail","hentry","category-unternehmen","tag-bueroimmobilien","tag-retailflaechen","tag-vermietung"],"acf":[],"yoast_head":"<!-- This site is optimized with the Yoast SEO plugin v27.4 - https:\/\/yoast.com\/product\/yoast-seo-wordpress\/ -->\n<title>Z\u00fcrich: Best Smile mietet Retail- und B\u00fcrofl\u00e4chen - IMMOBILIEN Business<\/title>\n<meta name=\"description\" content=\"Best Smile hat in Z\u00fcrich eine 142 qm grosse Ladenfl\u00e4che sowie 150 qm B\u00fcrofl\u00e4chen angemietet. SPG Intercity vermittelte.\" \/>\n<meta name=\"robots\" content=\"index, follow, max-snippet:-1, max-image-preview:large, max-video-preview:-1\" \/>\n<link rel=\"canonical\" href=\"https:\/\/www.immobilienbusiness.ch\/fr\/unternehmen\/2019-11-20\/zuerich-best-smile-mietet-retail-und-bueroflaechen\/\" \/>\n<meta property=\"og:locale\" content=\"fr_FR\" \/>\n<meta property=\"og:type\" content=\"article\" \/>\n<meta property=\"og:title\" content=\"Z\u00fcrich: Best Smile mietet Retail- und B\u00fcrofl\u00e4chen - IMMOBILIEN Business\" \/>\n<meta property=\"og:description\" content=\"Best Smile hat in Z\u00fcrich eine 142 qm grosse Ladenfl\u00e4che sowie 150 qm B\u00fcrofl\u00e4chen angemietet. SPG Intercity vermittelte.\" \/>\n<meta property=\"og:url\" content=\"https:\/\/www.immobilienbusiness.ch\/fr\/unternehmen\/2019-11-20\/zuerich-best-smile-mietet-retail-und-bueroflaechen\/\" \/>\n<meta property=\"og:site_name\" content=\"IMMOBILIEN Business\" \/>\n<meta property=\"article:publisher\" content=\"https:\/\/www.facebook.com\/immobilienbusiness\/\" \/>\n<meta property=\"article:published_time\" content=\"2019-11-20T08:17:02+00:00\" \/>\n<meta property=\"article:modified_time\" content=\"2023-08-10T11:29:39+00:00\" \/>\n<meta property=\"og:image\" content=\"https:\/\/www.immobilienbusiness.ch\/wp-content\/uploads\/2019\/10\/Depositphotos_10731136_m-2015.jpg\" \/>\n\t<meta property=\"og:image:width\" content=\"1000\" \/>\n\t<meta property=\"og:image:height\" content=\"667\" \/>\n\t<meta property=\"og:image:type\" content=\"image\/jpeg\" \/>\n<meta name=\"author\" content=\"anja.hall\" \/>\n<meta name=\"twitter:card\" content=\"summary_large_image\" \/>\n<meta name=\"twitter:image\" content=\"https:\/\/www.immobilienbusiness.ch\/wp-content\/uploads\/2019\/10\/Depositphotos_10731136_m-2015.jpg\" \/>\n<script type=\"application\/ld+json\" class=\"yoast-schema-graph\">{\"@context\":\"https:\\\/\\\/schema.org\",\"@graph\":[{\"@type\":\"Article\",\"@id\":\"https:\\\/\\\/www.immobilienbusiness.ch\\\/it\\\/unternehmen\\\/2019-11-20\\\/zuerich-best-smile-mietet-retail-und-bueroflaechen\\\/#article\",\"isPartOf\":{\"@id\":\"https:\\\/\\\/www.immobilienbusiness.ch\\\/it\\\/unternehmen\\\/2019-11-20\\\/zuerich-best-smile-mietet-retail-und-bueroflaechen\\\/\"},\"author\":{\"name\":\"anja.hall\",\"@id\":\"https:\\\/\\\/www.immobilienbusiness.ch\\\/#\\\/schema\\\/person\\\/3fc036297b10b9f42d6db5ee932af8c8\"},\"headline\":\"Z\u00fcrich: Best Smile mietet Retail- und B\u00fcrofl\u00e4chen\",\"datePublished\":\"2019-11-20T08:17:02+00:00\",\"dateModified\":\"2023-08-10T11:29:39+00:00\",\"mainEntityOfPage\":{\"@id\":\"https:\\\/\\\/www.immobilienbusiness.ch\\\/it\\\/unternehmen\\\/2019-11-20\\\/zuerich-best-smile-mietet-retail-und-bueroflaechen\\\/\"},\"wordCount\":133,\"publisher\":{\"@id\":\"https:\\\/\\\/www.immobilienbusiness.ch\\\/#organization\"},\"image\":{\"@id\":\"https:\\\/\\\/www.immobilienbusiness.ch\\\/it\\\/unternehmen\\\/2019-11-20\\\/zuerich-best-smile-mietet-retail-und-bueroflaechen\\\/#primaryimage\"},\"thumbnailUrl\":\"https:\\\/\\\/www.immobilienbusiness.ch\\\/wp-content\\\/uploads\\\/2019\\\/10\\\/Depositphotos_10731136_m-2015.jpg\",\"keywords\":[\"B\u00fcroimmobilien\",\"Retailfl\u00e4chen\",\"Vermietung\"],\"articleSection\":[\"UNTERNEHMEN\"],\"inLanguage\":\"fr-FR\"},{\"@type\":\"WebPage\",\"@id\":\"https:\\\/\\\/www.immobilienbusiness.ch\\\/it\\\/unternehmen\\\/2019-11-20\\\/zuerich-best-smile-mietet-retail-und-bueroflaechen\\\/\",\"url\":\"https:\\\/\\\/www.immobilienbusiness.ch\\\/it\\\/unternehmen\\\/2019-11-20\\\/zuerich-best-smile-mietet-retail-und-bueroflaechen\\\/\",\"name\":\"Z\u00fcrich: Best Smile mietet Retail- und B\u00fcrofl\u00e4chen - IMMOBILIEN Business\",\"isPartOf\":{\"@id\":\"https:\\\/\\\/www.immobilienbusiness.ch\\\/#website\"},\"primaryImageOfPage\":{\"@id\":\"https:\\\/\\\/www.immobilienbusiness.ch\\\/it\\\/unternehmen\\\/2019-11-20\\\/zuerich-best-smile-mietet-retail-und-bueroflaechen\\\/#primaryimage\"},\"image\":{\"@id\":\"https:\\\/\\\/www.immobilienbusiness.ch\\\/it\\\/unternehmen\\\/2019-11-20\\\/zuerich-best-smile-mietet-retail-und-bueroflaechen\\\/#primaryimage\"},\"thumbnailUrl\":\"https:\\\/\\\/www.immobilienbusiness.ch\\\/wp-content\\\/uploads\\\/2019\\\/10\\\/Depositphotos_10731136_m-2015.jpg\",\"datePublished\":\"2019-11-20T08:17:02+00:00\",\"dateModified\":\"2023-08-10T11:29:39+00:00\",\"description\":\"Best Smile hat in Z\u00fcrich eine 142 qm grosse Ladenfl\u00e4che sowie 150 qm B\u00fcrofl\u00e4chen angemietet. SPG Intercity vermittelte.\",\"breadcrumb\":{\"@id\":\"https:\\\/\\\/www.immobilienbusiness.ch\\\/it\\\/unternehmen\\\/2019-11-20\\\/zuerich-best-smile-mietet-retail-und-bueroflaechen\\\/#breadcrumb\"},\"inLanguage\":\"fr-FR\",\"potentialAction\":[{\"@type\":\"ReadAction\",\"target\":[\"https:\\\/\\\/www.immobilienbusiness.ch\\\/it\\\/unternehmen\\\/2019-11-20\\\/zuerich-best-smile-mietet-retail-und-bueroflaechen\\\/\"]}]},{\"@type\":\"ImageObject\",\"inLanguage\":\"fr-FR\",\"@id\":\"https:\\\/\\\/www.immobilienbusiness.ch\\\/it\\\/unternehmen\\\/2019-11-20\\\/zuerich-best-smile-mietet-retail-und-bueroflaechen\\\/#primaryimage\",\"url\":\"https:\\\/\\\/www.immobilienbusiness.ch\\\/wp-content\\\/uploads\\\/2019\\\/10\\\/Depositphotos_10731136_m-2015.jpg\",\"contentUrl\":\"https:\\\/\\\/www.immobilienbusiness.ch\\\/wp-content\\\/uploads\\\/2019\\\/10\\\/Depositphotos_10731136_m-2015.jpg\",\"width\":1000,\"height\":667,\"caption\":\"Investis hat eine bereits angek\u00fcndigte Gross-Transaktion nun finalisiert (Bild: Depositphotos)\"},{\"@type\":\"BreadcrumbList\",\"@id\":\"https:\\\/\\\/www.immobilienbusiness.ch\\\/it\\\/unternehmen\\\/2019-11-20\\\/zuerich-best-smile-mietet-retail-und-bueroflaechen\\\/#breadcrumb\",\"itemListElement\":[{\"@type\":\"ListItem\",\"position\":1,\"name\":\"Home\",\"item\":\"https:\\\/\\\/www.immobilienbusiness.ch\\\/\"},{\"@type\":\"ListItem\",\"position\":2,\"name\":\"Z\u00fcrich: Best Smile mietet Retail- und B\u00fcrofl\u00e4chen\"}]},{\"@type\":\"WebSite\",\"@id\":\"https:\\\/\\\/www.immobilienbusiness.ch\\\/#website\",\"url\":\"https:\\\/\\\/www.immobilienbusiness.ch\\\/\",\"name\":\"IMMOBILIEN Business\",\"description\":\"Unabh\u00e4ngiges Schweizer Wirtschaftsmagazin mit Fokus auf Immobilien, Architektur- und Bau sowie Investment- und Finanzierung.\",\"publisher\":{\"@id\":\"https:\\\/\\\/www.immobilienbusiness.ch\\\/#organization\"},\"potentialAction\":[{\"@type\":\"SearchAction\",\"target\":{\"@type\":\"EntryPoint\",\"urlTemplate\":\"https:\\\/\\\/www.immobilienbusiness.ch\\\/?s={search_term_string}\"},\"query-input\":{\"@type\":\"PropertyValueSpecification\",\"valueRequired\":true,\"valueName\":\"search_term_string\"}}],\"inLanguage\":\"fr-FR\"},{\"@type\":\"Organization\",\"@id\":\"https:\\\/\\\/www.immobilienbusiness.ch\\\/#organization\",\"name\":\"IMMOBILIEN Business\",\"url\":\"https:\\\/\\\/www.immobilienbusiness.ch\\\/\",\"logo\":{\"@type\":\"ImageObject\",\"inLanguage\":\"fr-FR\",\"@id\":\"https:\\\/\\\/www.immobilienbusiness.ch\\\/#\\\/schema\\\/logo\\\/image\\\/\",\"url\":\"https:\\\/\\\/www.immobilienbusiness.ch\\\/wp-content\\\/uploads\\\/2021\\\/07\\\/logo_ib.png\",\"contentUrl\":\"https:\\\/\\\/www.immobilienbusiness.ch\\\/wp-content\\\/uploads\\\/2021\\\/07\\\/logo_ib.png\",\"width\":800,\"height\":181,\"caption\":\"IMMOBILIEN Business\"},\"image\":{\"@id\":\"https:\\\/\\\/www.immobilienbusiness.ch\\\/#\\\/schema\\\/logo\\\/image\\\/\"},\"sameAs\":[\"https:\\\/\\\/www.facebook.com\\\/immobilienbusiness\\\/\"]},{\"@type\":\"Person\",\"@id\":\"https:\\\/\\\/www.immobilienbusiness.ch\\\/#\\\/schema\\\/person\\\/3fc036297b10b9f42d6db5ee932af8c8\",\"name\":\"anja.hall\",\"image\":{\"@type\":\"ImageObject\",\"inLanguage\":\"fr-FR\",\"@id\":\"https:\\\/\\\/secure.gravatar.com\\\/avatar\\\/066b5a0d447013502c71a5782f4f3469f03cfe595cc2329fb94652fe47511bfb?s=96&d=mm&r=g\",\"url\":\"https:\\\/\\\/secure.gravatar.com\\\/avatar\\\/066b5a0d447013502c71a5782f4f3469f03cfe595cc2329fb94652fe47511bfb?s=96&d=mm&r=g\",\"contentUrl\":\"https:\\\/\\\/secure.gravatar.com\\\/avatar\\\/066b5a0d447013502c71a5782f4f3469f03cfe595cc2329fb94652fe47511bfb?s=96&d=mm&r=g\",\"caption\":\"anja.hall\"},\"url\":\"https:\\\/\\\/www.immobilienbusiness.ch\\\/fr\\\/author\\\/anja-hall\\\/\"}]}<\/script>\n<!-- \/ Yoast SEO plugin. -->","yoast_head_json":{"title":"Z\u00fcrich: Best Smile mietet Retail- und B\u00fcrofl\u00e4chen - IMMOBILIEN Business","description":"Best Smile a lou\u00e9 une surface commerciale de 142 m\u00b2 ainsi que 150 m\u00b2 de bureaux \u00e0 Zurich. SPG Intercity a servi d'interm\u00e9diaire.","robots":{"index":"index","follow":"follow","max-snippet":"max-snippet:-1","max-image-preview":"max-image-preview:large","max-video-preview":"max-video-preview:-1"},"canonical":"https:\/\/www.immobilienbusiness.ch\/fr\/unternehmen\/2019-11-20\/zuerich-best-smile-mietet-retail-und-bueroflaechen\/","og_locale":"fr_FR","og_type":"article","og_title":"Z\u00fcrich: Best Smile mietet Retail- und B\u00fcrofl\u00e4chen - IMMOBILIEN Business","og_description":"Best Smile hat in Z\u00fcrich eine 142 qm grosse Ladenfl\u00e4che sowie 150 qm B\u00fcrofl\u00e4chen angemietet. SPG Intercity vermittelte.","og_url":"https:\/\/www.immobilienbusiness.ch\/fr\/unternehmen\/2019-11-20\/zuerich-best-smile-mietet-retail-und-bueroflaechen\/","og_site_name":"IMMOBILIEN Business","article_publisher":"https:\/\/www.facebook.com\/immobilienbusiness\/","article_published_time":"2019-11-20T08:17:02+00:00","article_modified_time":"2023-08-10T11:29:39+00:00","og_image":[{"width":1000,"height":667,"url":"https:\/\/www.immobilienbusiness.ch\/wp-content\/uploads\/2019\/10\/Depositphotos_10731136_m-2015.jpg","type":"image\/jpeg"}],"author":"anja.hall","twitter_card":"summary_large_image","twitter_image":"https:\/\/www.immobilienbusiness.ch\/wp-content\/uploads\/2019\/10\/Depositphotos_10731136_m-2015.jpg","schema":{"@context":"https:\/\/schema.org","@graph":[{"@type":"Article","@id":"https:\/\/www.immobilienbusiness.ch\/it\/unternehmen\/2019-11-20\/zuerich-best-smile-mietet-retail-und-bueroflaechen\/#article","isPartOf":{"@id":"https:\/\/www.immobilienbusiness.ch\/it\/unternehmen\/2019-11-20\/zuerich-best-smile-mietet-retail-und-bueroflaechen\/"},"author":{"name":"anja.hall","@id":"https:\/\/www.immobilienbusiness.ch\/#\/schema\/person\/3fc036297b10b9f42d6db5ee932af8c8"},"headline":"Z\u00fcrich: Best Smile mietet Retail- und B\u00fcrofl\u00e4chen","datePublished":"2019-11-20T08:17:02+00:00","dateModified":"2023-08-10T11:29:39+00:00","mainEntityOfPage":{"@id":"https:\/\/www.immobilienbusiness.ch\/it\/unternehmen\/2019-11-20\/zuerich-best-smile-mietet-retail-und-bueroflaechen\/"},"wordCount":133,"publisher":{"@id":"https:\/\/www.immobilienbusiness.ch\/#organization"},"image":{"@id":"https:\/\/www.immobilienbusiness.ch\/it\/unternehmen\/2019-11-20\/zuerich-best-smile-mietet-retail-und-bueroflaechen\/#primaryimage"},"thumbnailUrl":"https:\/\/www.immobilienbusiness.ch\/wp-content\/uploads\/2019\/10\/Depositphotos_10731136_m-2015.jpg","keywords":["B\u00fcroimmobilien","Retailfl\u00e4chen","Vermietung"],"articleSection":["UNTERNEHMEN"],"inLanguage":"fr-FR"},{"@type":"WebPage","@id":"https:\/\/www.immobilienbusiness.ch\/it\/unternehmen\/2019-11-20\/zuerich-best-smile-mietet-retail-und-bueroflaechen\/","url":"https:\/\/www.immobilienbusiness.ch\/it\/unternehmen\/2019-11-20\/zuerich-best-smile-mietet-retail-und-bueroflaechen\/","name":"Z\u00fcrich: Best Smile mietet Retail- und B\u00fcrofl\u00e4chen - IMMOBILIEN Business","isPartOf":{"@id":"https:\/\/www.immobilienbusiness.ch\/#website"},"primaryImageOfPage":{"@id":"https:\/\/www.immobilienbusiness.ch\/it\/unternehmen\/2019-11-20\/zuerich-best-smile-mietet-retail-und-bueroflaechen\/#primaryimage"},"image":{"@id":"https:\/\/www.immobilienbusiness.ch\/it\/unternehmen\/2019-11-20\/zuerich-best-smile-mietet-retail-und-bueroflaechen\/#primaryimage"},"thumbnailUrl":"https:\/\/www.immobilienbusiness.ch\/wp-content\/uploads\/2019\/10\/Depositphotos_10731136_m-2015.jpg","datePublished":"2019-11-20T08:17:02+00:00","dateModified":"2023-08-10T11:29:39+00:00","description":"Best Smile a lou\u00e9 une surface commerciale de 142 m\u00b2 ainsi que 150 m\u00b2 de bureaux \u00e0 Zurich. SPG Intercity a servi d'interm\u00e9diaire.","breadcrumb":{"@id":"https:\/\/www.immobilienbusiness.ch\/it\/unternehmen\/2019-11-20\/zuerich-best-smile-mietet-retail-und-bueroflaechen\/#breadcrumb"},"inLanguage":"fr-FR","potentialAction":[{"@type":"ReadAction","target":["https:\/\/www.immobilienbusiness.ch\/it\/unternehmen\/2019-11-20\/zuerich-best-smile-mietet-retail-und-bueroflaechen\/"]}]},{"@type":"ImageObject","inLanguage":"fr-FR","@id":"https:\/\/www.immobilienbusiness.ch\/it\/unternehmen\/2019-11-20\/zuerich-best-smile-mietet-retail-und-bueroflaechen\/#primaryimage","url":"https:\/\/www.immobilienbusiness.ch\/wp-content\/uploads\/2019\/10\/Depositphotos_10731136_m-2015.jpg","contentUrl":"https:\/\/www.immobilienbusiness.ch\/wp-content\/uploads\/2019\/10\/Depositphotos_10731136_m-2015.jpg","width":1000,"height":667,"caption":"Investis hat eine bereits angek\u00fcndigte Gross-Transaktion nun finalisiert (Bild: Depositphotos)"},{"@type":"BreadcrumbList","@id":"https:\/\/www.immobilienbusiness.ch\/it\/unternehmen\/2019-11-20\/zuerich-best-smile-mietet-retail-und-bueroflaechen\/#breadcrumb","itemListElement":[{"@type":"ListItem","position":1,"name":"Home","item":"https:\/\/www.immobilienbusiness.ch\/"},{"@type":"ListItem","position":2,"name":"Z\u00fcrich: Best Smile mietet Retail- und B\u00fcrofl\u00e4chen"}]},{"@type":"WebSite","@id":"https:\/\/www.immobilienbusiness.ch\/#website","url":"https:\/\/www.immobilienbusiness.ch\/","name":"IMMOBILIER Business","description":"Magazine \u00e9conomique suisse ind\u00e9pendant ax\u00e9 sur l'immobilier, l'architecture et la construction ainsi que sur les investissements et le financement.","publisher":{"@id":"https:\/\/www.immobilienbusiness.ch\/#organization"},"potentialAction":[{"@type":"SearchAction","target":{"@type":"EntryPoint","urlTemplate":"https:\/\/www.immobilienbusiness.ch\/?s={search_term_string}"},"query-input":{"@type":"PropertyValueSpecification","valueRequired":true,"valueName":"search_term_string"}}],"inLanguage":"fr-FR"},{"@type":"Organization","@id":"https:\/\/www.immobilienbusiness.ch\/#organization","name":"IMMOBILIER Business","url":"https:\/\/www.immobilienbusiness.ch\/","logo":{"@type":"ImageObject","inLanguage":"fr-FR","@id":"https:\/\/www.immobilienbusiness.ch\/#\/schema\/logo\/image\/","url":"https:\/\/www.immobilienbusiness.ch\/wp-content\/uploads\/2021\/07\/logo_ib.png","contentUrl":"https:\/\/www.immobilienbusiness.ch\/wp-content\/uploads\/2021\/07\/logo_ib.png","width":800,"height":181,"caption":"IMMOBILIEN Business"},"image":{"@id":"https:\/\/www.immobilienbusiness.ch\/#\/schema\/logo\/image\/"},"sameAs":["https:\/\/www.facebook.com\/immobilienbusiness\/"]},{"@type":"Person","@id":"https:\/\/www.immobilienbusiness.ch\/#\/schema\/person\/3fc036297b10b9f42d6db5ee932af8c8","name":"anja.hall","image":{"@type":"ImageObject","inLanguage":"fr-FR","@id":"https:\/\/secure.gravatar.com\/avatar\/066b5a0d447013502c71a5782f4f3469f03cfe595cc2329fb94652fe47511bfb?s=96&d=mm&r=g","url":"https:\/\/secure.gravatar.com\/avatar\/066b5a0d447013502c71a5782f4f3469f03cfe595cc2329fb94652fe47511bfb?s=96&d=mm&r=g","contentUrl":"https:\/\/secure.gravatar.com\/avatar\/066b5a0d447013502c71a5782f4f3469f03cfe595cc2329fb94652fe47511bfb?s=96&d=mm&r=g","caption":"anja.hall"},"url":"https:\/\/www.immobilienbusiness.ch\/fr\/author\/anja-hall\/"}]}},"_links":{"self":[{"href":"https:\/\/www.immobilienbusiness.ch\/fr\/wp-json\/wp\/v2\/posts\/19300","targetHints":{"allow":["GET"]}}],"collection":[{"href":"https:\/\/www.immobilienbusiness.ch\/fr\/wp-json\/wp\/v2\/posts"}],"about":[{"href":"https:\/\/www.immobilienbusiness.ch\/fr\/wp-json\/wp\/v2\/types\/post"}],"author":[{"embeddable":true,"href":"https:\/\/www.immobilienbusiness.ch\/fr\/wp-json\/wp\/v2\/users\/3"}],"replies":[{"embeddable":true,"href":"https:\/\/www.immobilienbusiness.ch\/fr\/wp-json\/wp\/v2\/comments?post=19300"}],"version-history":[{"count":1,"href":"https:\/\/www.immobilienbusiness.ch\/fr\/wp-json\/wp\/v2\/posts\/19300\/revisions"}],"predecessor-version":[{"id":51955,"href":"https:\/\/www.immobilienbusiness.ch\/fr\/wp-json\/wp\/v2\/posts\/19300\/revisions\/51955"}],"wp:featuredmedia":[{"embeddable":true,"href":"https:\/\/www.immobilienbusiness.ch\/fr\/wp-json\/wp\/v2\/media\/19010"}],"wp:attachment":[{"href":"https:\/\/www.immobilienbusiness.ch\/fr\/wp-json\/wp\/v2\/media?parent=19300"}],"wp:term":[{"taxonomy":"category","embeddable":true,"href":"https:\/\/www.immobilienbusiness.ch\/fr\/wp-json\/wp\/v2\/categories?post=19300"},{"taxonomy":"post_tag","embeddable":true,"href":"https:\/\/www.immobilienbusiness.ch\/fr\/wp-json\/wp\/v2\/tags?post=19300"}],"curies":[{"name":"wp","href":"https:\/\/api.w.org\/{rel}","templated":true}]}}