{"id":19141,"date":"2019-11-08T08:39:03","date_gmt":"2019-11-08T07:39:03","guid":{"rendered":"https:\/\/www.immobilienbusiness.ch\/?p=19141"},"modified":"2019-11-08T08:39:03","modified_gmt":"2019-11-08T07:39:03","slug":"basel-stadtteilrichtplan-fuer-kleinhueningen-klybeck","status":"publish","type":"post","link":"https:\/\/www.immobilienbusiness.ch\/fr\/regionen\/2019-11-08\/basel-stadtteilrichtplan-fuer-kleinhueningen-klybeck\/","title":{"rendered":"B\u00e2le : plan directeur de quartier pour Kleinh\u00fcningen-Klybeck"},"content":{"rendered":"<figure id=\"attachment_19143\" aria-describedby=\"caption-attachment-19143\" style=\"width: 680px\" class=\"wp-caption alignnone\"><img loading=\"lazy\" decoding=\"async\" class=\"size-medium wp-image-19143\" src=\"https:\/\/www.immobilienbusiness.ch\/wp-content\/uploads\/2019\/11\/Stadterweiterung-am-Rhein_Baukontor_Bild03_Westquai_Nightnurse-Images-Z\u00fcrichh.jpg\" alt=\"\" width=\"680\" height=\"453\" \/><figcaption id=\"caption-attachment-19143\" class=\"wp-caption-text\">Visualisation du quai ouest (\u00a9 Nightnurse Images)<\/figcaption><\/figure>\n<p>Au nord de B\u00e2le, sur les anciens terrains de l'usine Ciba \u00e0 Klybeck et sur les terrains du port au Klybeckquai et au Westquai, 50 hectares au total seront lib\u00e9r\u00e9s pour de nouveaux quartiers. Des espaces d'habitation et de travail pourraient \u00eatre cr\u00e9\u00e9s pour plus de 20.000 personnes au total, indique-t-on \u00e0 la ville de B\u00e2le.<\/p>\n<p>Il est \u00e9galement pr\u00e9vu de relier les sites au c\u0153ur du RER avec l'arr\u00eat Klybeck. De nouveaux ponts seront \u00e9galement construits afin de renforcer les liens avec les voisins fran\u00e7ais et allemands.<\/p>\n<h2>Le plan directeur doit coordonner la transformation<\/h2>\n<p>Afin de coordonner cette transformation, il est pr\u00e9vu d'\u00e9laborer un plan directeur de quartier pour les quartiers de Kleinh\u00fcningen et Klybeck, qui d\u00e9finira notamment la strat\u00e9gie de d\u00e9veloppement territorial pour ces quartiers. Le plan directeur de quartier, \u00e0 l'instar du plan directeur cantonal, est \u00e9tabli par le Conseil d'Etat et a force obligatoire pour les autorit\u00e9s.<\/p>\n<p>Dans un communiqu\u00e9, le Conseil d'Etat b\u00e2lois souligne que les habitants des quartiers, les propri\u00e9taires fonciers, les entreprises, les organisations et tous les citoyens int\u00e9ress\u00e9s peuvent participer \u00e0 l'\u00e9laboration du plan directeur. Le Conseil d'Etat propose au Grand Conseil de d\u00e9penser environ 5,8 millions de CHF pour l'\u00e9laboration de ce plan, notamment pour les bases n\u00e9cessaires.<\/p>\n<h2>Vivre sur le quai du Klybeck<\/h2>\n<p>Un concept d'urbanisme a d\u00e9j\u00e0 \u00e9t\u00e9 \u00e9labor\u00e9 pour servir de base \u00e0 la planification ult\u00e9rieure sur les quais Klybeck et Ouest. Tandis que des logements sont pr\u00e9vus sur le quai Klybeck, le quai ouest devrait accueillir des espaces d\u00e9di\u00e9s \u00e0 la culture, au travail et aux loisirs.<\/p>\n<p>Selon le communiqu\u00e9 du Conseil d'Etat, ces quartiers \u00e0 la mixit\u00e9 sociale et fonctionnelle pourraient accueillir plus de 8 000 habitants et employ\u00e9s. Le quartier existant de Klybeck serait reli\u00e9 aux rives du Rhin par de nouveaux espaces verts et des rues de quartier prolong\u00e9es.<em> (ah)<\/em><\/p>","protected":false},"excerpt":{"rendered":"<p>Les zones industrielles du nord de B\u00e2le doivent devenir des quartiers mixtes. Pour ce faire, le d\u00e9veloppement d'un plan directeur de quartier a \u00e9t\u00e9 mis en route.<\/p>","protected":false},"author":3,"featured_media":19143,"comment_status":"closed","ping_status":"open","sticky":false,"template":"","format":"standard","meta":{"_acf_changed":false,"_yoast_wpseo_focuskw":"Klybeck","_yoast_wpseo_title":"","_yoast_wpseo_metadesc":"Basel will die Industrieareale im Norden Basels zu Stadtteilen entwickeln. Dazu wurde nun die Entwicklung eines Stadtteilrichtplans auf den Weg gebracht.","_yoast_wpseo_linkdex":46,"pgc_sgb_lightbox_settings":"","footnotes":""},"categories":[985],"tags":[1069,1724],"class_list":["post-19141","post","type-post","status-publish","format-standard","has-post-thumbnail","hentry","category-regionen","tag-basel","tag-stadtentwicklung"],"acf":[],"yoast_head":"<!-- This site is optimized with the Yoast SEO plugin v27.4 - https:\/\/yoast.com\/product\/yoast-seo-wordpress\/ -->\n<title>Basel: Stadtteilrichtplan f\u00fcr Kleinh\u00fcningen-Klybeck - IMMOBILIEN Business<\/title>\n<meta name=\"description\" content=\"Basel will die Industrieareale im Norden Basels zu Stadtteilen entwickeln. Dazu wurde nun die Entwicklung eines Stadtteilrichtplans auf den Weg gebracht.\" \/>\n<meta name=\"robots\" content=\"index, follow, max-snippet:-1, max-image-preview:large, max-video-preview:-1\" \/>\n<link rel=\"canonical\" href=\"https:\/\/www.immobilienbusiness.ch\/fr\/regionen\/2019-11-08\/basel-stadtteilrichtplan-fuer-kleinhueningen-klybeck\/\" \/>\n<meta property=\"og:locale\" content=\"fr_FR\" \/>\n<meta property=\"og:type\" content=\"article\" \/>\n<meta property=\"og:title\" content=\"Basel: Stadtteilrichtplan f\u00fcr Kleinh\u00fcningen-Klybeck - IMMOBILIEN Business\" \/>\n<meta property=\"og:description\" content=\"Basel will die Industrieareale im Norden Basels zu Stadtteilen entwickeln. Dazu wurde nun die Entwicklung eines Stadtteilrichtplans auf den Weg gebracht.\" \/>\n<meta property=\"og:url\" content=\"https:\/\/www.immobilienbusiness.ch\/fr\/regionen\/2019-11-08\/basel-stadtteilrichtplan-fuer-kleinhueningen-klybeck\/\" \/>\n<meta property=\"og:site_name\" content=\"IMMOBILIEN Business\" \/>\n<meta property=\"article:publisher\" content=\"https:\/\/www.facebook.com\/immobilienbusiness\/\" \/>\n<meta property=\"article:published_time\" content=\"2019-11-08T07:39:03+00:00\" \/>\n<meta property=\"og:image\" content=\"https:\/\/www.immobilienbusiness.ch\/wp-content\/uploads\/2019\/11\/Stadterweiterung-am-Rhein_Baukontor_Bild03_Westquai_Nightnurse-Images-Zuerichh-1024x683.jpg\" \/>\n\t<meta property=\"og:image:width\" content=\"1024\" \/>\n\t<meta property=\"og:image:height\" content=\"683\" \/>\n\t<meta property=\"og:image:type\" content=\"image\/jpeg\" \/>\n<meta name=\"author\" content=\"anja.hall\" \/>\n<meta name=\"twitter:card\" content=\"summary_large_image\" \/>\n<meta name=\"twitter:image\" content=\"https:\/\/www.immobilienbusiness.ch\/wp-content\/uploads\/2019\/11\/Stadterweiterung-am-Rhein_Baukontor_Bild03_Westquai_Nightnurse-Images-Zuerichh.jpg\" \/>\n<script type=\"application\/ld+json\" class=\"yoast-schema-graph\">{\"@context\":\"https:\\\/\\\/schema.org\",\"@graph\":[{\"@type\":\"Article\",\"@id\":\"https:\\\/\\\/www.immobilienbusiness.ch\\\/de\\\/regionen\\\/2019-11-08\\\/basel-stadtteilrichtplan-fuer-kleinhueningen-klybeck\\\/#article\",\"isPartOf\":{\"@id\":\"https:\\\/\\\/www.immobilienbusiness.ch\\\/de\\\/regionen\\\/2019-11-08\\\/basel-stadtteilrichtplan-fuer-kleinhueningen-klybeck\\\/\"},\"author\":{\"name\":\"anja.hall\",\"@id\":\"https:\\\/\\\/www.immobilienbusiness.ch\\\/#\\\/schema\\\/person\\\/3fc036297b10b9f42d6db5ee932af8c8\"},\"headline\":\"Basel: Stadtteilrichtplan f\u00fcr Kleinh\u00fcningen-Klybeck\",\"datePublished\":\"2019-11-08T07:39:03+00:00\",\"mainEntityOfPage\":{\"@id\":\"https:\\\/\\\/www.immobilienbusiness.ch\\\/de\\\/regionen\\\/2019-11-08\\\/basel-stadtteilrichtplan-fuer-kleinhueningen-klybeck\\\/\"},\"wordCount\":277,\"publisher\":{\"@id\":\"https:\\\/\\\/www.immobilienbusiness.ch\\\/#organization\"},\"image\":{\"@id\":\"https:\\\/\\\/www.immobilienbusiness.ch\\\/de\\\/regionen\\\/2019-11-08\\\/basel-stadtteilrichtplan-fuer-kleinhueningen-klybeck\\\/#primaryimage\"},\"thumbnailUrl\":\"https:\\\/\\\/www.immobilienbusiness.ch\\\/wp-content\\\/uploads\\\/2019\\\/11\\\/Stadterweiterung-am-Rhein_Baukontor_Bild03_Westquai_Nightnurse-Images-Zuerichh.jpg\",\"keywords\":[\"Basel\",\"Stadtentwicklung\"],\"articleSection\":[\"REGIONEN\"],\"inLanguage\":\"fr-FR\"},{\"@type\":\"WebPage\",\"@id\":\"https:\\\/\\\/www.immobilienbusiness.ch\\\/de\\\/regionen\\\/2019-11-08\\\/basel-stadtteilrichtplan-fuer-kleinhueningen-klybeck\\\/\",\"url\":\"https:\\\/\\\/www.immobilienbusiness.ch\\\/de\\\/regionen\\\/2019-11-08\\\/basel-stadtteilrichtplan-fuer-kleinhueningen-klybeck\\\/\",\"name\":\"Basel: Stadtteilrichtplan f\u00fcr Kleinh\u00fcningen-Klybeck - IMMOBILIEN Business\",\"isPartOf\":{\"@id\":\"https:\\\/\\\/www.immobilienbusiness.ch\\\/#website\"},\"primaryImageOfPage\":{\"@id\":\"https:\\\/\\\/www.immobilienbusiness.ch\\\/de\\\/regionen\\\/2019-11-08\\\/basel-stadtteilrichtplan-fuer-kleinhueningen-klybeck\\\/#primaryimage\"},\"image\":{\"@id\":\"https:\\\/\\\/www.immobilienbusiness.ch\\\/de\\\/regionen\\\/2019-11-08\\\/basel-stadtteilrichtplan-fuer-kleinhueningen-klybeck\\\/#primaryimage\"},\"thumbnailUrl\":\"https:\\\/\\\/www.immobilienbusiness.ch\\\/wp-content\\\/uploads\\\/2019\\\/11\\\/Stadterweiterung-am-Rhein_Baukontor_Bild03_Westquai_Nightnurse-Images-Zuerichh.jpg\",\"datePublished\":\"2019-11-08T07:39:03+00:00\",\"description\":\"Basel will die Industrieareale im Norden Basels zu Stadtteilen entwickeln. Dazu wurde nun die Entwicklung eines Stadtteilrichtplans auf den Weg gebracht.\",\"breadcrumb\":{\"@id\":\"https:\\\/\\\/www.immobilienbusiness.ch\\\/de\\\/regionen\\\/2019-11-08\\\/basel-stadtteilrichtplan-fuer-kleinhueningen-klybeck\\\/#breadcrumb\"},\"inLanguage\":\"fr-FR\",\"potentialAction\":[{\"@type\":\"ReadAction\",\"target\":[\"https:\\\/\\\/www.immobilienbusiness.ch\\\/de\\\/regionen\\\/2019-11-08\\\/basel-stadtteilrichtplan-fuer-kleinhueningen-klybeck\\\/\"]}]},{\"@type\":\"ImageObject\",\"inLanguage\":\"fr-FR\",\"@id\":\"https:\\\/\\\/www.immobilienbusiness.ch\\\/de\\\/regionen\\\/2019-11-08\\\/basel-stadtteilrichtplan-fuer-kleinhueningen-klybeck\\\/#primaryimage\",\"url\":\"https:\\\/\\\/www.immobilienbusiness.ch\\\/wp-content\\\/uploads\\\/2019\\\/11\\\/Stadterweiterung-am-Rhein_Baukontor_Bild03_Westquai_Nightnurse-Images-Zuerichh.jpg\",\"contentUrl\":\"https:\\\/\\\/www.immobilienbusiness.ch\\\/wp-content\\\/uploads\\\/2019\\\/11\\\/Stadterweiterung-am-Rhein_Baukontor_Bild03_Westquai_Nightnurse-Images-Zuerichh.jpg\",\"width\":2560,\"height\":1706,\"caption\":\"\u00a9 Nightnurse Images\"},{\"@type\":\"BreadcrumbList\",\"@id\":\"https:\\\/\\\/www.immobilienbusiness.ch\\\/de\\\/regionen\\\/2019-11-08\\\/basel-stadtteilrichtplan-fuer-kleinhueningen-klybeck\\\/#breadcrumb\",\"itemListElement\":[{\"@type\":\"ListItem\",\"position\":1,\"name\":\"Home\",\"item\":\"https:\\\/\\\/www.immobilienbusiness.ch\\\/\"},{\"@type\":\"ListItem\",\"position\":2,\"name\":\"Basel: Stadtteilrichtplan f\u00fcr Kleinh\u00fcningen-Klybeck\"}]},{\"@type\":\"WebSite\",\"@id\":\"https:\\\/\\\/www.immobilienbusiness.ch\\\/#website\",\"url\":\"https:\\\/\\\/www.immobilienbusiness.ch\\\/\",\"name\":\"IMMOBILIEN Business\",\"description\":\"Unabh\u00e4ngiges Schweizer Wirtschaftsmagazin mit Fokus auf Immobilien, Architektur- und Bau sowie Investment- und Finanzierung.\",\"publisher\":{\"@id\":\"https:\\\/\\\/www.immobilienbusiness.ch\\\/#organization\"},\"potentialAction\":[{\"@type\":\"SearchAction\",\"target\":{\"@type\":\"EntryPoint\",\"urlTemplate\":\"https:\\\/\\\/www.immobilienbusiness.ch\\\/?s={search_term_string}\"},\"query-input\":{\"@type\":\"PropertyValueSpecification\",\"valueRequired\":true,\"valueName\":\"search_term_string\"}}],\"inLanguage\":\"fr-FR\"},{\"@type\":\"Organization\",\"@id\":\"https:\\\/\\\/www.immobilienbusiness.ch\\\/#organization\",\"name\":\"IMMOBILIEN Business\",\"url\":\"https:\\\/\\\/www.immobilienbusiness.ch\\\/\",\"logo\":{\"@type\":\"ImageObject\",\"inLanguage\":\"fr-FR\",\"@id\":\"https:\\\/\\\/www.immobilienbusiness.ch\\\/#\\\/schema\\\/logo\\\/image\\\/\",\"url\":\"https:\\\/\\\/www.immobilienbusiness.ch\\\/wp-content\\\/uploads\\\/2021\\\/07\\\/logo_ib.png\",\"contentUrl\":\"https:\\\/\\\/www.immobilienbusiness.ch\\\/wp-content\\\/uploads\\\/2021\\\/07\\\/logo_ib.png\",\"width\":800,\"height\":181,\"caption\":\"IMMOBILIEN Business\"},\"image\":{\"@id\":\"https:\\\/\\\/www.immobilienbusiness.ch\\\/#\\\/schema\\\/logo\\\/image\\\/\"},\"sameAs\":[\"https:\\\/\\\/www.facebook.com\\\/immobilienbusiness\\\/\"]},{\"@type\":\"Person\",\"@id\":\"https:\\\/\\\/www.immobilienbusiness.ch\\\/#\\\/schema\\\/person\\\/3fc036297b10b9f42d6db5ee932af8c8\",\"name\":\"anja.hall\",\"image\":{\"@type\":\"ImageObject\",\"inLanguage\":\"fr-FR\",\"@id\":\"https:\\\/\\\/secure.gravatar.com\\\/avatar\\\/066b5a0d447013502c71a5782f4f3469f03cfe595cc2329fb94652fe47511bfb?s=96&d=mm&r=g\",\"url\":\"https:\\\/\\\/secure.gravatar.com\\\/avatar\\\/066b5a0d447013502c71a5782f4f3469f03cfe595cc2329fb94652fe47511bfb?s=96&d=mm&r=g\",\"contentUrl\":\"https:\\\/\\\/secure.gravatar.com\\\/avatar\\\/066b5a0d447013502c71a5782f4f3469f03cfe595cc2329fb94652fe47511bfb?s=96&d=mm&r=g\",\"caption\":\"anja.hall\"},\"url\":\"https:\\\/\\\/www.immobilienbusiness.ch\\\/fr\\\/author\\\/anja-hall\\\/\"}]}<\/script>\n<!-- \/ Yoast SEO plugin. -->","yoast_head_json":{"title":"Basel: Stadtteilrichtplan f\u00fcr Kleinh\u00fcningen-Klybeck - IMMOBILIEN Business","description":"Basel will die Industrieareale im Norden Basels zu Stadtteilen entwickeln. Dazu wurde nun die Entwicklung eines Stadtteilrichtplans auf den Weg gebracht.","robots":{"index":"index","follow":"follow","max-snippet":"max-snippet:-1","max-image-preview":"max-image-preview:large","max-video-preview":"max-video-preview:-1"},"canonical":"https:\/\/www.immobilienbusiness.ch\/fr\/regionen\/2019-11-08\/basel-stadtteilrichtplan-fuer-kleinhueningen-klybeck\/","og_locale":"fr_FR","og_type":"article","og_title":"Basel: Stadtteilrichtplan f\u00fcr Kleinh\u00fcningen-Klybeck - IMMOBILIEN Business","og_description":"Basel will die Industrieareale im Norden Basels zu Stadtteilen entwickeln. Dazu wurde nun die Entwicklung eines Stadtteilrichtplans auf den Weg gebracht.","og_url":"https:\/\/www.immobilienbusiness.ch\/fr\/regionen\/2019-11-08\/basel-stadtteilrichtplan-fuer-kleinhueningen-klybeck\/","og_site_name":"IMMOBILIEN Business","article_publisher":"https:\/\/www.facebook.com\/immobilienbusiness\/","article_published_time":"2019-11-08T07:39:03+00:00","og_image":[{"width":1024,"height":683,"url":"https:\/\/www.immobilienbusiness.ch\/wp-content\/uploads\/2019\/11\/Stadterweiterung-am-Rhein_Baukontor_Bild03_Westquai_Nightnurse-Images-Zuerichh-1024x683.jpg","type":"image\/jpeg"}],"author":"anja.hall","twitter_card":"summary_large_image","twitter_image":"https:\/\/www.immobilienbusiness.ch\/wp-content\/uploads\/2019\/11\/Stadterweiterung-am-Rhein_Baukontor_Bild03_Westquai_Nightnurse-Images-Zuerichh.jpg","schema":{"@context":"https:\/\/schema.org","@graph":[{"@type":"Article","@id":"https:\/\/www.immobilienbusiness.ch\/de\/regionen\/2019-11-08\/basel-stadtteilrichtplan-fuer-kleinhueningen-klybeck\/#article","isPartOf":{"@id":"https:\/\/www.immobilienbusiness.ch\/de\/regionen\/2019-11-08\/basel-stadtteilrichtplan-fuer-kleinhueningen-klybeck\/"},"author":{"name":"anja.hall","@id":"https:\/\/www.immobilienbusiness.ch\/#\/schema\/person\/3fc036297b10b9f42d6db5ee932af8c8"},"headline":"Basel: Stadtteilrichtplan f\u00fcr Kleinh\u00fcningen-Klybeck","datePublished":"2019-11-08T07:39:03+00:00","mainEntityOfPage":{"@id":"https:\/\/www.immobilienbusiness.ch\/de\/regionen\/2019-11-08\/basel-stadtteilrichtplan-fuer-kleinhueningen-klybeck\/"},"wordCount":277,"publisher":{"@id":"https:\/\/www.immobilienbusiness.ch\/#organization"},"image":{"@id":"https:\/\/www.immobilienbusiness.ch\/de\/regionen\/2019-11-08\/basel-stadtteilrichtplan-fuer-kleinhueningen-klybeck\/#primaryimage"},"thumbnailUrl":"https:\/\/www.immobilienbusiness.ch\/wp-content\/uploads\/2019\/11\/Stadterweiterung-am-Rhein_Baukontor_Bild03_Westquai_Nightnurse-Images-Zuerichh.jpg","keywords":["Basel","Stadtentwicklung"],"articleSection":["REGIONEN"],"inLanguage":"fr-FR"},{"@type":"WebPage","@id":"https:\/\/www.immobilienbusiness.ch\/de\/regionen\/2019-11-08\/basel-stadtteilrichtplan-fuer-kleinhueningen-klybeck\/","url":"https:\/\/www.immobilienbusiness.ch\/de\/regionen\/2019-11-08\/basel-stadtteilrichtplan-fuer-kleinhueningen-klybeck\/","name":"Basel: Stadtteilrichtplan f\u00fcr Kleinh\u00fcningen-Klybeck - IMMOBILIEN Business","isPartOf":{"@id":"https:\/\/www.immobilienbusiness.ch\/#website"},"primaryImageOfPage":{"@id":"https:\/\/www.immobilienbusiness.ch\/de\/regionen\/2019-11-08\/basel-stadtteilrichtplan-fuer-kleinhueningen-klybeck\/#primaryimage"},"image":{"@id":"https:\/\/www.immobilienbusiness.ch\/de\/regionen\/2019-11-08\/basel-stadtteilrichtplan-fuer-kleinhueningen-klybeck\/#primaryimage"},"thumbnailUrl":"https:\/\/www.immobilienbusiness.ch\/wp-content\/uploads\/2019\/11\/Stadterweiterung-am-Rhein_Baukontor_Bild03_Westquai_Nightnurse-Images-Zuerichh.jpg","datePublished":"2019-11-08T07:39:03+00:00","description":"Basel will die Industrieareale im Norden Basels zu Stadtteilen entwickeln. Dazu wurde nun die Entwicklung eines Stadtteilrichtplans auf den Weg gebracht.","breadcrumb":{"@id":"https:\/\/www.immobilienbusiness.ch\/de\/regionen\/2019-11-08\/basel-stadtteilrichtplan-fuer-kleinhueningen-klybeck\/#breadcrumb"},"inLanguage":"fr-FR","potentialAction":[{"@type":"ReadAction","target":["https:\/\/www.immobilienbusiness.ch\/de\/regionen\/2019-11-08\/basel-stadtteilrichtplan-fuer-kleinhueningen-klybeck\/"]}]},{"@type":"ImageObject","inLanguage":"fr-FR","@id":"https:\/\/www.immobilienbusiness.ch\/de\/regionen\/2019-11-08\/basel-stadtteilrichtplan-fuer-kleinhueningen-klybeck\/#primaryimage","url":"https:\/\/www.immobilienbusiness.ch\/wp-content\/uploads\/2019\/11\/Stadterweiterung-am-Rhein_Baukontor_Bild03_Westquai_Nightnurse-Images-Zuerichh.jpg","contentUrl":"https:\/\/www.immobilienbusiness.ch\/wp-content\/uploads\/2019\/11\/Stadterweiterung-am-Rhein_Baukontor_Bild03_Westquai_Nightnurse-Images-Zuerichh.jpg","width":2560,"height":1706,"caption":"\u00a9 Nightnurse Images"},{"@type":"BreadcrumbList","@id":"https:\/\/www.immobilienbusiness.ch\/de\/regionen\/2019-11-08\/basel-stadtteilrichtplan-fuer-kleinhueningen-klybeck\/#breadcrumb","itemListElement":[{"@type":"ListItem","position":1,"name":"Home","item":"https:\/\/www.immobilienbusiness.ch\/"},{"@type":"ListItem","position":2,"name":"Basel: Stadtteilrichtplan f\u00fcr Kleinh\u00fcningen-Klybeck"}]},{"@type":"WebSite","@id":"https:\/\/www.immobilienbusiness.ch\/#website","url":"https:\/\/www.immobilienbusiness.ch\/","name":"IMMOBILIER Business","description":"Magazine \u00e9conomique suisse ind\u00e9pendant ax\u00e9 sur l'immobilier, l'architecture et la construction ainsi que sur les investissements et le financement.","publisher":{"@id":"https:\/\/www.immobilienbusiness.ch\/#organization"},"potentialAction":[{"@type":"SearchAction","target":{"@type":"EntryPoint","urlTemplate":"https:\/\/www.immobilienbusiness.ch\/?s={search_term_string}"},"query-input":{"@type":"PropertyValueSpecification","valueRequired":true,"valueName":"search_term_string"}}],"inLanguage":"fr-FR"},{"@type":"Organization","@id":"https:\/\/www.immobilienbusiness.ch\/#organization","name":"IMMOBILIER Business","url":"https:\/\/www.immobilienbusiness.ch\/","logo":{"@type":"ImageObject","inLanguage":"fr-FR","@id":"https:\/\/www.immobilienbusiness.ch\/#\/schema\/logo\/image\/","url":"https:\/\/www.immobilienbusiness.ch\/wp-content\/uploads\/2021\/07\/logo_ib.png","contentUrl":"https:\/\/www.immobilienbusiness.ch\/wp-content\/uploads\/2021\/07\/logo_ib.png","width":800,"height":181,"caption":"IMMOBILIEN Business"},"image":{"@id":"https:\/\/www.immobilienbusiness.ch\/#\/schema\/logo\/image\/"},"sameAs":["https:\/\/www.facebook.com\/immobilienbusiness\/"]},{"@type":"Person","@id":"https:\/\/www.immobilienbusiness.ch\/#\/schema\/person\/3fc036297b10b9f42d6db5ee932af8c8","name":"anja.hall","image":{"@type":"ImageObject","inLanguage":"fr-FR","@id":"https:\/\/secure.gravatar.com\/avatar\/066b5a0d447013502c71a5782f4f3469f03cfe595cc2329fb94652fe47511bfb?s=96&d=mm&r=g","url":"https:\/\/secure.gravatar.com\/avatar\/066b5a0d447013502c71a5782f4f3469f03cfe595cc2329fb94652fe47511bfb?s=96&d=mm&r=g","contentUrl":"https:\/\/secure.gravatar.com\/avatar\/066b5a0d447013502c71a5782f4f3469f03cfe595cc2329fb94652fe47511bfb?s=96&d=mm&r=g","caption":"anja.hall"},"url":"https:\/\/www.immobilienbusiness.ch\/fr\/author\/anja-hall\/"}]}},"_links":{"self":[{"href":"https:\/\/www.immobilienbusiness.ch\/fr\/wp-json\/wp\/v2\/posts\/19141","targetHints":{"allow":["GET"]}}],"collection":[{"href":"https:\/\/www.immobilienbusiness.ch\/fr\/wp-json\/wp\/v2\/posts"}],"about":[{"href":"https:\/\/www.immobilienbusiness.ch\/fr\/wp-json\/wp\/v2\/types\/post"}],"author":[{"embeddable":true,"href":"https:\/\/www.immobilienbusiness.ch\/fr\/wp-json\/wp\/v2\/users\/3"}],"replies":[{"embeddable":true,"href":"https:\/\/www.immobilienbusiness.ch\/fr\/wp-json\/wp\/v2\/comments?post=19141"}],"version-history":[{"count":0,"href":"https:\/\/www.immobilienbusiness.ch\/fr\/wp-json\/wp\/v2\/posts\/19141\/revisions"}],"wp:featuredmedia":[{"embeddable":true,"href":"https:\/\/www.immobilienbusiness.ch\/fr\/wp-json\/wp\/v2\/media\/19143"}],"wp:attachment":[{"href":"https:\/\/www.immobilienbusiness.ch\/fr\/wp-json\/wp\/v2\/media?parent=19141"}],"wp:term":[{"taxonomy":"category","embeddable":true,"href":"https:\/\/www.immobilienbusiness.ch\/fr\/wp-json\/wp\/v2\/categories?post=19141"},{"taxonomy":"post_tag","embeddable":true,"href":"https:\/\/www.immobilienbusiness.ch\/fr\/wp-json\/wp\/v2\/tags?post=19141"}],"curies":[{"name":"wp","href":"https:\/\/api.w.org\/{rel}","templated":true}]}}