{"id":19130,"date":"2019-11-08T08:09:04","date_gmt":"2019-11-08T07:09:04","guid":{"rendered":"https:\/\/www.immobilienbusiness.ch\/?p=19130"},"modified":"2019-11-08T08:09:04","modified_gmt":"2019-11-08T07:09:04","slug":"emmen-steiner-entwickelt-wohn-und-gewerbeueberbauung","status":"publish","type":"post","link":"https:\/\/www.immobilienbusiness.ch\/fr\/regionen\/2019-11-08\/emmen-steiner-entwickelt-wohn-und-gewerbeueberbauung\/","title":{"rendered":"Emmen : Steiner d\u00e9veloppe une superstructure r\u00e9sidentielle et commerciale"},"content":{"rendered":"<figure id=\"attachment_14652\" aria-describedby=\"caption-attachment-14652\" style=\"width: 680px\" class=\"wp-caption alignnone\"><img loading=\"lazy\" decoding=\"async\" class=\"size-medium wp-image-14652\" src=\"https:\/\/www.immobilienbusiness.ch\/wp-content\/uploads\/2018\/10\/Depositphotos_170350446_m-2015.jpg\" alt=\"\" width=\"680\" height=\"454\" srcset=\"https:\/\/www.immobilienbusiness.ch\/wp-content\/uploads\/2018\/10\/Depositphotos_170350446_m-2015.jpg 999w, https:\/\/www.immobilienbusiness.ch\/wp-content\/uploads\/2018\/10\/Depositphotos_170350446_m-2015-300x200.jpg 300w, https:\/\/www.immobilienbusiness.ch\/wp-content\/uploads\/2018\/10\/Depositphotos_170350446_m-2015-768x513.jpg 768w, https:\/\/www.immobilienbusiness.ch\/wp-content\/uploads\/2018\/10\/Depositphotos_170350446_m-2015-16x12.jpg 16w, https:\/\/www.immobilienbusiness.ch\/wp-content\/uploads\/2018\/10\/Depositphotos_170350446_m-2015-262x175.jpg 262w, https:\/\/www.immobilienbusiness.ch\/wp-content\/uploads\/2018\/10\/Depositphotos_170350446_m-2015-524x350.jpg 524w, https:\/\/www.immobilienbusiness.ch\/wp-content\/uploads\/2018\/10\/Depositphotos_170350446_m-2015-920x614.jpg 920w\" sizes=\"auto, (max-width: 680px) 100vw, 680px\" \/><figcaption id=\"caption-attachment-14652\" class=\"wp-caption-text\">Steiner pr\u00e9voit le d\u00e9veloppement d'un site \u00e0 Emmen (Image : ArturVerkhovetskiy - depositphotos)<\/figcaption><\/figure>\n<p>Le projet Sonne est construit \u00e0 Emmen sur le site situ\u00e9 entre la Gerliswilstrasse et la Gersagstrasse, \u00e0 proximit\u00e9 imm\u00e9diate de la Sonnenplatz et de la station de S-Bahn Emmenbr\u00fccke Gersag. Le projet comprendra quatre b\u00e2timents polygonaux et environ 180 appartements. Le long de la Gersagstrasse, des b\u00e2timents de sept \u00e9tages maximum sont pr\u00e9vus, avec un rez-de-chauss\u00e9e orient\u00e9 vers le public et des utilisations commerciales. M. Steiner est convaincu que cette mesure, combin\u00e9e \u00e0 une zone de trottoir bord\u00e9e d'arbres, am\u00e9liorera et revitalisera le centre d'Emmen. Le quartier sera reli\u00e9 aux transports publics gr\u00e2ce \u00e0 l'extension pr\u00e9vue de la station de S-Bahn et au nouveau centre de bus.<\/p>\n<p>Le projet indicatif d'am\u00e9nagement du site est bas\u00e9 sur une \u00e9tude de projet r\u00e9alis\u00e9e par l'\u00e9quipe Steib Gm\u00fcr Geschwentner Kyburz Partner et koepflipartner Landscape Architects BSLA, qui a remport\u00e9 la commande d'\u00e9tude. Le projet a convaincu le jury d'experts notamment par ses qualit\u00e9s ext\u00e9rieures, les bonnes connexions visuelles dans le quartier et l'int\u00e9gration soign\u00e9e des b\u00e2timents existants de la Gerliswilstrasse avec l'auberge historique Adler, \u00e9crit Steiner dans le communiqu\u00e9 de presse.<\/p>\n<p>Un plan de d\u00e9veloppement est en cours d'\u00e9laboration ; le d\u00e9but des travaux de construction est pr\u00e9vu pour la mi-2020. M. Steiner pr\u00e9voit que l'ensemble du projet sera achev\u00e9 en 2024.\u00a0<em>(ah)<\/em><\/p>","protected":false},"excerpt":{"rendered":"<p>Sur le site de la Sonne, dans le quartier d'Emmenbr\u00fccke, Steiner planifie un nouveau lotissement pour le compte de la Fondation d'investissement Steiner. L'esquisse de projet pour le d\u00e9veloppement du site a maintenant \u00e9t\u00e9 pr\u00e9sent\u00e9e.<\/p>","protected":false},"author":3,"featured_media":14652,"comment_status":"closed","ping_status":"open","sticky":false,"template":"","format":"standard","meta":{"_acf_changed":false,"_yoast_wpseo_focuskw":"Emmen","_yoast_wpseo_title":"","_yoast_wpseo_metadesc":"Auf dem Areal Sonne in Emmen plant Steiner im Auftrag der Steiner Investment Foundation eine Neubausiedlung. Das Richtprojekt wurde nun vorgestellt.","_yoast_wpseo_linkdex":51,"pgc_sgb_lightbox_settings":"","footnotes":""},"categories":[985],"tags":[1400,1600,1731,1732,1863],"class_list":["post-19130","post","type-post","status-publish","format-standard","has-post-thumbnail","hentry","category-regionen","tag-kanton-luzern","tag-projekt-in-planung","tag-steiner-ag","tag-steiner-investment-foundation","tag-wohnimmobilien"],"acf":[],"yoast_head":"<!-- This site is optimized with the Yoast SEO plugin v27.5 - https:\/\/yoast.com\/product\/yoast-seo-wordpress\/ -->\n<title>Emmen: Steiner entwickelt Wohn- und Gewerbe\u00fcberbauung - IMMOBILIEN Business<\/title>\n<meta name=\"description\" content=\"Auf dem Areal Sonne in Emmen plant Steiner im Auftrag der Steiner Investment Foundation eine Neubausiedlung. Das Richtprojekt wurde nun vorgestellt.\" \/>\n<meta name=\"robots\" content=\"index, follow, max-snippet:-1, max-image-preview:large, max-video-preview:-1\" \/>\n<link rel=\"canonical\" href=\"https:\/\/www.immobilienbusiness.ch\/fr\/regionen\/2019-11-08\/emmen-steiner-entwickelt-wohn-und-gewerbeueberbauung\/\" \/>\n<meta property=\"og:locale\" content=\"fr_FR\" \/>\n<meta property=\"og:type\" content=\"article\" \/>\n<meta property=\"og:title\" content=\"Emmen: Steiner entwickelt Wohn- und Gewerbe\u00fcberbauung - IMMOBILIEN Business\" \/>\n<meta property=\"og:description\" content=\"Auf dem Areal Sonne in Emmen plant Steiner im Auftrag der Steiner Investment Foundation eine Neubausiedlung. Das Richtprojekt wurde nun vorgestellt.\" \/>\n<meta property=\"og:url\" content=\"https:\/\/www.immobilienbusiness.ch\/fr\/regionen\/2019-11-08\/emmen-steiner-entwickelt-wohn-und-gewerbeueberbauung\/\" \/>\n<meta property=\"og:site_name\" content=\"IMMOBILIEN Business\" \/>\n<meta property=\"article:publisher\" content=\"https:\/\/www.facebook.com\/immobilienbusiness\/\" \/>\n<meta property=\"article:published_time\" content=\"2019-11-08T07:09:04+00:00\" \/>\n<meta property=\"og:image\" content=\"https:\/\/www.immobilienbusiness.ch\/wp-content\/uploads\/2018\/10\/Depositphotos_170350446_m-2015.jpg\" \/>\n\t<meta property=\"og:image:width\" content=\"999\" \/>\n\t<meta property=\"og:image:height\" content=\"667\" \/>\n\t<meta property=\"og:image:type\" content=\"image\/jpeg\" \/>\n<meta name=\"author\" content=\"anja.hall\" \/>\n<meta name=\"twitter:card\" content=\"summary_large_image\" \/>\n<meta name=\"twitter:image\" content=\"https:\/\/www.immobilienbusiness.ch\/wp-content\/uploads\/2018\/10\/Depositphotos_170350446_m-2015.jpg\" \/>\n<script type=\"application\/ld+json\" class=\"yoast-schema-graph\">{\"@context\":\"https:\\\/\\\/schema.org\",\"@graph\":[{\"@type\":\"Article\",\"@id\":\"https:\\\/\\\/www.immobilienbusiness.ch\\\/regionen\\\/2019-11-08\\\/emmen-steiner-entwickelt-wohn-und-gewerbeueberbauung\\\/#article\",\"isPartOf\":{\"@id\":\"https:\\\/\\\/www.immobilienbusiness.ch\\\/regionen\\\/2019-11-08\\\/emmen-steiner-entwickelt-wohn-und-gewerbeueberbauung\\\/\"},\"author\":{\"name\":\"anja.hall\",\"@id\":\"https:\\\/\\\/www.immobilienbusiness.ch\\\/#\\\/schema\\\/person\\\/3fc036297b10b9f42d6db5ee932af8c8\"},\"headline\":\"Emmen: Steiner entwickelt Wohn- und Gewerbe\u00fcberbauung\",\"datePublished\":\"2019-11-08T07:09:04+00:00\",\"mainEntityOfPage\":{\"@id\":\"https:\\\/\\\/www.immobilienbusiness.ch\\\/regionen\\\/2019-11-08\\\/emmen-steiner-entwickelt-wohn-und-gewerbeueberbauung\\\/\"},\"wordCount\":215,\"publisher\":{\"@id\":\"https:\\\/\\\/www.immobilienbusiness.ch\\\/#organization\"},\"image\":{\"@id\":\"https:\\\/\\\/www.immobilienbusiness.ch\\\/regionen\\\/2019-11-08\\\/emmen-steiner-entwickelt-wohn-und-gewerbeueberbauung\\\/#primaryimage\"},\"thumbnailUrl\":\"https:\\\/\\\/www.immobilienbusiness.ch\\\/wp-content\\\/uploads\\\/2018\\\/10\\\/Depositphotos_170350446_m-2015.jpg\",\"keywords\":[\"Kanton Luzern\",\"Projekt in Planung\",\"Steiner AG\",\"Steiner Investment Foundation\",\"Wohnimmobilien\"],\"articleSection\":[\"REGIONEN\"],\"inLanguage\":\"fr-FR\"},{\"@type\":\"WebPage\",\"@id\":\"https:\\\/\\\/www.immobilienbusiness.ch\\\/regionen\\\/2019-11-08\\\/emmen-steiner-entwickelt-wohn-und-gewerbeueberbauung\\\/\",\"url\":\"https:\\\/\\\/www.immobilienbusiness.ch\\\/regionen\\\/2019-11-08\\\/emmen-steiner-entwickelt-wohn-und-gewerbeueberbauung\\\/\",\"name\":\"Emmen: Steiner entwickelt Wohn- und Gewerbe\u00fcberbauung - IMMOBILIEN Business\",\"isPartOf\":{\"@id\":\"https:\\\/\\\/www.immobilienbusiness.ch\\\/#website\"},\"primaryImageOfPage\":{\"@id\":\"https:\\\/\\\/www.immobilienbusiness.ch\\\/regionen\\\/2019-11-08\\\/emmen-steiner-entwickelt-wohn-und-gewerbeueberbauung\\\/#primaryimage\"},\"image\":{\"@id\":\"https:\\\/\\\/www.immobilienbusiness.ch\\\/regionen\\\/2019-11-08\\\/emmen-steiner-entwickelt-wohn-und-gewerbeueberbauung\\\/#primaryimage\"},\"thumbnailUrl\":\"https:\\\/\\\/www.immobilienbusiness.ch\\\/wp-content\\\/uploads\\\/2018\\\/10\\\/Depositphotos_170350446_m-2015.jpg\",\"datePublished\":\"2019-11-08T07:09:04+00:00\",\"description\":\"Auf dem Areal Sonne in Emmen plant Steiner im Auftrag der Steiner Investment Foundation eine Neubausiedlung. Das Richtprojekt wurde nun vorgestellt.\",\"breadcrumb\":{\"@id\":\"https:\\\/\\\/www.immobilienbusiness.ch\\\/regionen\\\/2019-11-08\\\/emmen-steiner-entwickelt-wohn-und-gewerbeueberbauung\\\/#breadcrumb\"},\"inLanguage\":\"fr-FR\",\"potentialAction\":[{\"@type\":\"ReadAction\",\"target\":[\"https:\\\/\\\/www.immobilienbusiness.ch\\\/regionen\\\/2019-11-08\\\/emmen-steiner-entwickelt-wohn-und-gewerbeueberbauung\\\/\"]}]},{\"@type\":\"ImageObject\",\"inLanguage\":\"fr-FR\",\"@id\":\"https:\\\/\\\/www.immobilienbusiness.ch\\\/regionen\\\/2019-11-08\\\/emmen-steiner-entwickelt-wohn-und-gewerbeueberbauung\\\/#primaryimage\",\"url\":\"https:\\\/\\\/www.immobilienbusiness.ch\\\/wp-content\\\/uploads\\\/2018\\\/10\\\/Depositphotos_170350446_m-2015.jpg\",\"contentUrl\":\"https:\\\/\\\/www.immobilienbusiness.ch\\\/wp-content\\\/uploads\\\/2018\\\/10\\\/Depositphotos_170350446_m-2015.jpg\",\"width\":999,\"height\":667,\"caption\":\"Die Rohbauarbeiten f\u00fcr eine Wohn\u00fcberbauung in Lausen sind abgeschlossen (bild: Depositphotos)\"},{\"@type\":\"BreadcrumbList\",\"@id\":\"https:\\\/\\\/www.immobilienbusiness.ch\\\/regionen\\\/2019-11-08\\\/emmen-steiner-entwickelt-wohn-und-gewerbeueberbauung\\\/#breadcrumb\",\"itemListElement\":[{\"@type\":\"ListItem\",\"position\":1,\"name\":\"Home\",\"item\":\"https:\\\/\\\/www.immobilienbusiness.ch\\\/\"},{\"@type\":\"ListItem\",\"position\":2,\"name\":\"Emmen: Steiner entwickelt Wohn- und Gewerbe\u00fcberbauung\"}]},{\"@type\":\"WebSite\",\"@id\":\"https:\\\/\\\/www.immobilienbusiness.ch\\\/#website\",\"url\":\"https:\\\/\\\/www.immobilienbusiness.ch\\\/\",\"name\":\"IMMOBILIEN Business\",\"description\":\"Unabh\u00e4ngiges Schweizer Wirtschaftsmagazin mit Fokus auf Immobilien, Architektur- und Bau sowie Investment- und Finanzierung.\",\"publisher\":{\"@id\":\"https:\\\/\\\/www.immobilienbusiness.ch\\\/#organization\"},\"potentialAction\":[{\"@type\":\"SearchAction\",\"target\":{\"@type\":\"EntryPoint\",\"urlTemplate\":\"https:\\\/\\\/www.immobilienbusiness.ch\\\/?s={search_term_string}\"},\"query-input\":{\"@type\":\"PropertyValueSpecification\",\"valueRequired\":true,\"valueName\":\"search_term_string\"}}],\"inLanguage\":\"fr-FR\"},{\"@type\":\"Organization\",\"@id\":\"https:\\\/\\\/www.immobilienbusiness.ch\\\/#organization\",\"name\":\"IMMOBILIEN Business\",\"url\":\"https:\\\/\\\/www.immobilienbusiness.ch\\\/\",\"logo\":{\"@type\":\"ImageObject\",\"inLanguage\":\"fr-FR\",\"@id\":\"https:\\\/\\\/www.immobilienbusiness.ch\\\/#\\\/schema\\\/logo\\\/image\\\/\",\"url\":\"https:\\\/\\\/www.immobilienbusiness.ch\\\/wp-content\\\/uploads\\\/2021\\\/07\\\/logo_ib.png\",\"contentUrl\":\"https:\\\/\\\/www.immobilienbusiness.ch\\\/wp-content\\\/uploads\\\/2021\\\/07\\\/logo_ib.png\",\"width\":800,\"height\":181,\"caption\":\"IMMOBILIEN Business\"},\"image\":{\"@id\":\"https:\\\/\\\/www.immobilienbusiness.ch\\\/#\\\/schema\\\/logo\\\/image\\\/\"},\"sameAs\":[\"https:\\\/\\\/www.facebook.com\\\/immobilienbusiness\\\/\"]},{\"@type\":\"Person\",\"@id\":\"https:\\\/\\\/www.immobilienbusiness.ch\\\/#\\\/schema\\\/person\\\/3fc036297b10b9f42d6db5ee932af8c8\",\"name\":\"anja.hall\",\"image\":{\"@type\":\"ImageObject\",\"inLanguage\":\"fr-FR\",\"@id\":\"https:\\\/\\\/secure.gravatar.com\\\/avatar\\\/066b5a0d447013502c71a5782f4f3469f03cfe595cc2329fb94652fe47511bfb?s=96&d=mm&r=g\",\"url\":\"https:\\\/\\\/secure.gravatar.com\\\/avatar\\\/066b5a0d447013502c71a5782f4f3469f03cfe595cc2329fb94652fe47511bfb?s=96&d=mm&r=g\",\"contentUrl\":\"https:\\\/\\\/secure.gravatar.com\\\/avatar\\\/066b5a0d447013502c71a5782f4f3469f03cfe595cc2329fb94652fe47511bfb?s=96&d=mm&r=g\",\"caption\":\"anja.hall\"},\"url\":\"https:\\\/\\\/www.immobilienbusiness.ch\\\/fr\\\/author\\\/anja-hall\\\/\"}]}<\/script>\n<!-- \/ Yoast SEO plugin. -->","yoast_head_json":{"title":"Emmen: Steiner entwickelt Wohn- und Gewerbe\u00fcberbauung - IMMOBILIEN Business","description":"Auf dem Areal Sonne in Emmen plant Steiner im Auftrag der Steiner Investment Foundation eine Neubausiedlung. Das Richtprojekt wurde nun vorgestellt.","robots":{"index":"index","follow":"follow","max-snippet":"max-snippet:-1","max-image-preview":"max-image-preview:large","max-video-preview":"max-video-preview:-1"},"canonical":"https:\/\/www.immobilienbusiness.ch\/fr\/regionen\/2019-11-08\/emmen-steiner-entwickelt-wohn-und-gewerbeueberbauung\/","og_locale":"fr_FR","og_type":"article","og_title":"Emmen: Steiner entwickelt Wohn- und Gewerbe\u00fcberbauung - IMMOBILIEN Business","og_description":"Auf dem Areal Sonne in Emmen plant Steiner im Auftrag der Steiner Investment Foundation eine Neubausiedlung. Das Richtprojekt wurde nun vorgestellt.","og_url":"https:\/\/www.immobilienbusiness.ch\/fr\/regionen\/2019-11-08\/emmen-steiner-entwickelt-wohn-und-gewerbeueberbauung\/","og_site_name":"IMMOBILIEN Business","article_publisher":"https:\/\/www.facebook.com\/immobilienbusiness\/","article_published_time":"2019-11-08T07:09:04+00:00","og_image":[{"width":999,"height":667,"url":"https:\/\/www.immobilienbusiness.ch\/wp-content\/uploads\/2018\/10\/Depositphotos_170350446_m-2015.jpg","type":"image\/jpeg"}],"author":"anja.hall","twitter_card":"summary_large_image","twitter_image":"https:\/\/www.immobilienbusiness.ch\/wp-content\/uploads\/2018\/10\/Depositphotos_170350446_m-2015.jpg","schema":{"@context":"https:\/\/schema.org","@graph":[{"@type":"Article","@id":"https:\/\/www.immobilienbusiness.ch\/regionen\/2019-11-08\/emmen-steiner-entwickelt-wohn-und-gewerbeueberbauung\/#article","isPartOf":{"@id":"https:\/\/www.immobilienbusiness.ch\/regionen\/2019-11-08\/emmen-steiner-entwickelt-wohn-und-gewerbeueberbauung\/"},"author":{"name":"anja.hall","@id":"https:\/\/www.immobilienbusiness.ch\/#\/schema\/person\/3fc036297b10b9f42d6db5ee932af8c8"},"headline":"Emmen: Steiner entwickelt Wohn- und Gewerbe\u00fcberbauung","datePublished":"2019-11-08T07:09:04+00:00","mainEntityOfPage":{"@id":"https:\/\/www.immobilienbusiness.ch\/regionen\/2019-11-08\/emmen-steiner-entwickelt-wohn-und-gewerbeueberbauung\/"},"wordCount":215,"publisher":{"@id":"https:\/\/www.immobilienbusiness.ch\/#organization"},"image":{"@id":"https:\/\/www.immobilienbusiness.ch\/regionen\/2019-11-08\/emmen-steiner-entwickelt-wohn-und-gewerbeueberbauung\/#primaryimage"},"thumbnailUrl":"https:\/\/www.immobilienbusiness.ch\/wp-content\/uploads\/2018\/10\/Depositphotos_170350446_m-2015.jpg","keywords":["Kanton Luzern","Projekt in Planung","Steiner AG","Steiner Investment Foundation","Wohnimmobilien"],"articleSection":["REGIONEN"],"inLanguage":"fr-FR"},{"@type":"WebPage","@id":"https:\/\/www.immobilienbusiness.ch\/regionen\/2019-11-08\/emmen-steiner-entwickelt-wohn-und-gewerbeueberbauung\/","url":"https:\/\/www.immobilienbusiness.ch\/regionen\/2019-11-08\/emmen-steiner-entwickelt-wohn-und-gewerbeueberbauung\/","name":"Emmen: Steiner entwickelt Wohn- und Gewerbe\u00fcberbauung - IMMOBILIEN Business","isPartOf":{"@id":"https:\/\/www.immobilienbusiness.ch\/#website"},"primaryImageOfPage":{"@id":"https:\/\/www.immobilienbusiness.ch\/regionen\/2019-11-08\/emmen-steiner-entwickelt-wohn-und-gewerbeueberbauung\/#primaryimage"},"image":{"@id":"https:\/\/www.immobilienbusiness.ch\/regionen\/2019-11-08\/emmen-steiner-entwickelt-wohn-und-gewerbeueberbauung\/#primaryimage"},"thumbnailUrl":"https:\/\/www.immobilienbusiness.ch\/wp-content\/uploads\/2018\/10\/Depositphotos_170350446_m-2015.jpg","datePublished":"2019-11-08T07:09:04+00:00","description":"Auf dem Areal Sonne in Emmen plant Steiner im Auftrag der Steiner Investment Foundation eine Neubausiedlung. Das Richtprojekt wurde nun vorgestellt.","breadcrumb":{"@id":"https:\/\/www.immobilienbusiness.ch\/regionen\/2019-11-08\/emmen-steiner-entwickelt-wohn-und-gewerbeueberbauung\/#breadcrumb"},"inLanguage":"fr-FR","potentialAction":[{"@type":"ReadAction","target":["https:\/\/www.immobilienbusiness.ch\/regionen\/2019-11-08\/emmen-steiner-entwickelt-wohn-und-gewerbeueberbauung\/"]}]},{"@type":"ImageObject","inLanguage":"fr-FR","@id":"https:\/\/www.immobilienbusiness.ch\/regionen\/2019-11-08\/emmen-steiner-entwickelt-wohn-und-gewerbeueberbauung\/#primaryimage","url":"https:\/\/www.immobilienbusiness.ch\/wp-content\/uploads\/2018\/10\/Depositphotos_170350446_m-2015.jpg","contentUrl":"https:\/\/www.immobilienbusiness.ch\/wp-content\/uploads\/2018\/10\/Depositphotos_170350446_m-2015.jpg","width":999,"height":667,"caption":"Die Rohbauarbeiten f\u00fcr eine Wohn\u00fcberbauung in Lausen sind abgeschlossen (bild: Depositphotos)"},{"@type":"BreadcrumbList","@id":"https:\/\/www.immobilienbusiness.ch\/regionen\/2019-11-08\/emmen-steiner-entwickelt-wohn-und-gewerbeueberbauung\/#breadcrumb","itemListElement":[{"@type":"ListItem","position":1,"name":"Home","item":"https:\/\/www.immobilienbusiness.ch\/"},{"@type":"ListItem","position":2,"name":"Emmen: Steiner entwickelt Wohn- und Gewerbe\u00fcberbauung"}]},{"@type":"WebSite","@id":"https:\/\/www.immobilienbusiness.ch\/#website","url":"https:\/\/www.immobilienbusiness.ch\/","name":"IMMOBILIER Business","description":"Magazine \u00e9conomique suisse ind\u00e9pendant ax\u00e9 sur l'immobilier, l'architecture et la construction ainsi que sur les investissements et le financement.","publisher":{"@id":"https:\/\/www.immobilienbusiness.ch\/#organization"},"potentialAction":[{"@type":"SearchAction","target":{"@type":"EntryPoint","urlTemplate":"https:\/\/www.immobilienbusiness.ch\/?s={search_term_string}"},"query-input":{"@type":"PropertyValueSpecification","valueRequired":true,"valueName":"search_term_string"}}],"inLanguage":"fr-FR"},{"@type":"Organization","@id":"https:\/\/www.immobilienbusiness.ch\/#organization","name":"IMMOBILIER Business","url":"https:\/\/www.immobilienbusiness.ch\/","logo":{"@type":"ImageObject","inLanguage":"fr-FR","@id":"https:\/\/www.immobilienbusiness.ch\/#\/schema\/logo\/image\/","url":"https:\/\/www.immobilienbusiness.ch\/wp-content\/uploads\/2021\/07\/logo_ib.png","contentUrl":"https:\/\/www.immobilienbusiness.ch\/wp-content\/uploads\/2021\/07\/logo_ib.png","width":800,"height":181,"caption":"IMMOBILIEN Business"},"image":{"@id":"https:\/\/www.immobilienbusiness.ch\/#\/schema\/logo\/image\/"},"sameAs":["https:\/\/www.facebook.com\/immobilienbusiness\/"]},{"@type":"Person","@id":"https:\/\/www.immobilienbusiness.ch\/#\/schema\/person\/3fc036297b10b9f42d6db5ee932af8c8","name":"anja.hall","image":{"@type":"ImageObject","inLanguage":"fr-FR","@id":"https:\/\/secure.gravatar.com\/avatar\/066b5a0d447013502c71a5782f4f3469f03cfe595cc2329fb94652fe47511bfb?s=96&d=mm&r=g","url":"https:\/\/secure.gravatar.com\/avatar\/066b5a0d447013502c71a5782f4f3469f03cfe595cc2329fb94652fe47511bfb?s=96&d=mm&r=g","contentUrl":"https:\/\/secure.gravatar.com\/avatar\/066b5a0d447013502c71a5782f4f3469f03cfe595cc2329fb94652fe47511bfb?s=96&d=mm&r=g","caption":"anja.hall"},"url":"https:\/\/www.immobilienbusiness.ch\/fr\/author\/anja-hall\/"}]}},"_links":{"self":[{"href":"https:\/\/www.immobilienbusiness.ch\/fr\/wp-json\/wp\/v2\/posts\/19130","targetHints":{"allow":["GET"]}}],"collection":[{"href":"https:\/\/www.immobilienbusiness.ch\/fr\/wp-json\/wp\/v2\/posts"}],"about":[{"href":"https:\/\/www.immobilienbusiness.ch\/fr\/wp-json\/wp\/v2\/types\/post"}],"author":[{"embeddable":true,"href":"https:\/\/www.immobilienbusiness.ch\/fr\/wp-json\/wp\/v2\/users\/3"}],"replies":[{"embeddable":true,"href":"https:\/\/www.immobilienbusiness.ch\/fr\/wp-json\/wp\/v2\/comments?post=19130"}],"version-history":[{"count":0,"href":"https:\/\/www.immobilienbusiness.ch\/fr\/wp-json\/wp\/v2\/posts\/19130\/revisions"}],"wp:featuredmedia":[{"embeddable":true,"href":"https:\/\/www.immobilienbusiness.ch\/fr\/wp-json\/wp\/v2\/media\/14652"}],"wp:attachment":[{"href":"https:\/\/www.immobilienbusiness.ch\/fr\/wp-json\/wp\/v2\/media?parent=19130"}],"wp:term":[{"taxonomy":"category","embeddable":true,"href":"https:\/\/www.immobilienbusiness.ch\/fr\/wp-json\/wp\/v2\/categories?post=19130"},{"taxonomy":"post_tag","embeddable":true,"href":"https:\/\/www.immobilienbusiness.ch\/fr\/wp-json\/wp\/v2\/tags?post=19130"}],"curies":[{"name":"wp","href":"https:\/\/api.w.org\/{rel}","templated":true}]}}