{"id":19094,"date":"2019-11-11T08:45:03","date_gmt":"2019-11-11T07:45:03","guid":{"rendered":"https:\/\/www.immobilienbusiness.ch\/?p=19094"},"modified":"2019-11-11T08:45:03","modified_gmt":"2019-11-11T07:45:03","slug":"luzern-coffeeshop-kette-jacs-plant-erste-filiale","status":"publish","type":"post","link":"https:\/\/www.immobilienbusiness.ch\/fr\/regionen\/2019-11-11\/luzern-coffeeshop-kette-jacs-plant-erste-filiale\/","title":{"rendered":"Lucerne : la cha\u00eene de caf\u00e9s Jacs pr\u00e9voit d'ouvrir sa premi\u00e8re succursale"},"content":{"rendered":"<figure id=\"attachment_19163\" aria-describedby=\"caption-attachment-19163\" style=\"width: 680px\" class=\"wp-caption alignnone\"><img loading=\"lazy\" decoding=\"async\" class=\"size-medium wp-image-19163\" src=\"https:\/\/www.immobilienbusiness.ch\/wp-content\/uploads\/2019\/11\/Luzern.jpg\" alt=\"\" width=\"680\" height=\"441\" srcset=\"https:\/\/www.immobilienbusiness.ch\/wp-content\/uploads\/2019\/11\/Luzern.jpg 1024w, https:\/\/www.immobilienbusiness.ch\/wp-content\/uploads\/2019\/11\/Luzern-300x195.jpg 300w, https:\/\/www.immobilienbusiness.ch\/wp-content\/uploads\/2019\/11\/Luzern-768x498.jpg 768w, https:\/\/www.immobilienbusiness.ch\/wp-content\/uploads\/2019\/11\/Luzern-16x10.jpg 16w, https:\/\/www.immobilienbusiness.ch\/wp-content\/uploads\/2019\/11\/Luzern-270x175.jpg 270w, https:\/\/www.immobilienbusiness.ch\/wp-content\/uploads\/2019\/11\/Luzern-540x350.jpg 540w, https:\/\/www.immobilienbusiness.ch\/wp-content\/uploads\/2019\/11\/Luzern-920x597.jpg 920w\" sizes=\"auto, (max-width: 680px) 100vw, 680px\" \/><figcaption id=\"caption-attachment-19163\" class=\"wp-caption-text\">Lucerne (Image : olgysha - depositphotos)<\/figcaption><\/figure>\n<p>Comment la premi\u00e8re <a href=\"https:\/\/www.zentralplus.ch\/zuerichstrasse-aus-dem-schuhladen-wird-ein-coffeeshop-1641521\/\"><em>Centralplus<\/em><\/a> un caf\u00e9-restaurant de 100 places assises sur 300 m\u00e8tres carr\u00e9s est en train de voir le jour \u00e0 la Luzerner Z\u00fcrichstrasse 4, dans les anciens locaux d'un magasin de chaussures.<\/p>\n<p>Le coffee shop nomm\u00e9 Jacs, qui signifie \"Just another Coffee Shop\", veut, selon les informations fournies, miser sur la suissitude et la durabilit\u00e9. Les mat\u00e9riaux utilis\u00e9s pour les plats \u00e0 emporter seront enti\u00e8rement compostables et les produits utilis\u00e9s proviendront presque exclusivement de Suisse, indique le site. <em>Centralplus<\/em> le directeur g\u00e9n\u00e9ral Roland Rillig.<\/p>\n<p>Comme l'explique Rillig au journal, le concept devrait \u00eatre appliqu\u00e9 \"un jour\" dans toute la Suisse. Le local de Lucerne, situ\u00e9 dans la Z\u00fcrichstrasse, sera le premier magasin situ\u00e9 dans un lieu public. A B\u00e2le, une collaboration avec Spaces est pr\u00e9vue : On veut prendre en charge la restauration sur les sites du prestataire de coworking.<em> (ah)<\/em><\/p>","protected":false},"excerpt":{"rendered":"<p>Une premi\u00e8re filiale de la cha\u00eene de coffee-shops Jacs est actuellement en construction \u00e0 la Z\u00fcrichstrasse \u00e0 Lucerne. D'autres suivront dans toute la Suisse.<\/p>","protected":false},"author":3,"featured_media":19163,"comment_status":"closed","ping_status":"open","sticky":false,"template":"","format":"standard","meta":{"_acf_changed":false,"_yoast_wpseo_focuskw":"Jacs","_yoast_wpseo_title":"","_yoast_wpseo_metadesc":"An der Z\u00fcrichstrasse in Luzern entsteht derzeit eine erste Filiale der Coffeeshop-Kette Jacs. Weitere sollen in der ganzen Schweiz folgen.","_yoast_wpseo_linkdex":52,"pgc_sgb_lightbox_settings":"","footnotes":""},"categories":[985],"tags":[1254,1459,1590,1645],"class_list":["post-19094","post","type-post","status-publish","format-standard","has-post-thumbnail","hentry","category-regionen","tag-gastronomie","tag-luzern","tag-potenzieller-mieter","tag-retailflaechen"],"acf":[],"yoast_head":"<!-- This site is optimized with the Yoast SEO plugin v27.4 - https:\/\/yoast.com\/product\/yoast-seo-wordpress\/ -->\n<title>Luzern: Coffeeshop-Kette Jacs plant erste Filiale - IMMOBILIEN Business<\/title>\n<meta name=\"description\" content=\"An der Z\u00fcrichstrasse in Luzern entsteht derzeit eine erste Filiale der Coffeeshop-Kette Jacs. Weitere sollen in der ganzen Schweiz folgen.\" \/>\n<meta name=\"robots\" content=\"index, follow, max-snippet:-1, max-image-preview:large, max-video-preview:-1\" \/>\n<link rel=\"canonical\" href=\"https:\/\/www.immobilienbusiness.ch\/fr\/regionen\/2019-11-11\/luzern-coffeeshop-kette-jacs-plant-erste-filiale\/\" \/>\n<meta property=\"og:locale\" content=\"fr_FR\" \/>\n<meta property=\"og:type\" content=\"article\" \/>\n<meta property=\"og:title\" content=\"Luzern: Coffeeshop-Kette Jacs plant erste Filiale - IMMOBILIEN Business\" \/>\n<meta property=\"og:description\" content=\"An der Z\u00fcrichstrasse in Luzern entsteht derzeit eine erste Filiale der Coffeeshop-Kette Jacs. Weitere sollen in der ganzen Schweiz folgen.\" \/>\n<meta property=\"og:url\" content=\"https:\/\/www.immobilienbusiness.ch\/fr\/regionen\/2019-11-11\/luzern-coffeeshop-kette-jacs-plant-erste-filiale\/\" \/>\n<meta property=\"og:site_name\" content=\"IMMOBILIEN Business\" \/>\n<meta property=\"article:publisher\" content=\"https:\/\/www.facebook.com\/immobilienbusiness\/\" \/>\n<meta property=\"article:published_time\" content=\"2019-11-11T07:45:03+00:00\" \/>\n<meta property=\"og:image\" content=\"https:\/\/www.immobilienbusiness.ch\/wp-content\/uploads\/2019\/11\/Luzern.jpg\" \/>\n\t<meta property=\"og:image:width\" content=\"1024\" \/>\n\t<meta property=\"og:image:height\" content=\"664\" \/>\n\t<meta property=\"og:image:type\" content=\"image\/jpeg\" \/>\n<meta name=\"author\" content=\"anja.hall\" \/>\n<meta name=\"twitter:card\" content=\"summary_large_image\" \/>\n<meta name=\"twitter:image\" content=\"https:\/\/www.immobilienbusiness.ch\/wp-content\/uploads\/2019\/11\/Luzern.jpg\" \/>\n<script type=\"application\/ld+json\" class=\"yoast-schema-graph\">{\"@context\":\"https:\\\/\\\/schema.org\",\"@graph\":[{\"@type\":\"Article\",\"@id\":\"https:\\\/\\\/www.immobilienbusiness.ch\\\/en\\\/regionen\\\/2019-11-11\\\/luzern-coffeeshop-kette-jacs-plant-erste-filiale\\\/#article\",\"isPartOf\":{\"@id\":\"https:\\\/\\\/www.immobilienbusiness.ch\\\/en\\\/regionen\\\/2019-11-11\\\/luzern-coffeeshop-kette-jacs-plant-erste-filiale\\\/\"},\"author\":{\"name\":\"anja.hall\",\"@id\":\"https:\\\/\\\/www.immobilienbusiness.ch\\\/#\\\/schema\\\/person\\\/3fc036297b10b9f42d6db5ee932af8c8\"},\"headline\":\"Luzern: Coffeeshop-Kette Jacs plant erste Filiale\",\"datePublished\":\"2019-11-11T07:45:03+00:00\",\"mainEntityOfPage\":{\"@id\":\"https:\\\/\\\/www.immobilienbusiness.ch\\\/en\\\/regionen\\\/2019-11-11\\\/luzern-coffeeshop-kette-jacs-plant-erste-filiale\\\/\"},\"wordCount\":140,\"publisher\":{\"@id\":\"https:\\\/\\\/www.immobilienbusiness.ch\\\/#organization\"},\"image\":{\"@id\":\"https:\\\/\\\/www.immobilienbusiness.ch\\\/en\\\/regionen\\\/2019-11-11\\\/luzern-coffeeshop-kette-jacs-plant-erste-filiale\\\/#primaryimage\"},\"thumbnailUrl\":\"https:\\\/\\\/www.immobilienbusiness.ch\\\/wp-content\\\/uploads\\\/2019\\\/11\\\/Luzern.jpg\",\"keywords\":[\"Gastronomie\",\"Luzern\",\"potenzieller Mieter\",\"Retailfl\u00e4chen\"],\"articleSection\":[\"REGIONEN\"],\"inLanguage\":\"fr-FR\"},{\"@type\":\"WebPage\",\"@id\":\"https:\\\/\\\/www.immobilienbusiness.ch\\\/en\\\/regionen\\\/2019-11-11\\\/luzern-coffeeshop-kette-jacs-plant-erste-filiale\\\/\",\"url\":\"https:\\\/\\\/www.immobilienbusiness.ch\\\/en\\\/regionen\\\/2019-11-11\\\/luzern-coffeeshop-kette-jacs-plant-erste-filiale\\\/\",\"name\":\"Luzern: Coffeeshop-Kette Jacs plant erste Filiale - IMMOBILIEN Business\",\"isPartOf\":{\"@id\":\"https:\\\/\\\/www.immobilienbusiness.ch\\\/#website\"},\"primaryImageOfPage\":{\"@id\":\"https:\\\/\\\/www.immobilienbusiness.ch\\\/en\\\/regionen\\\/2019-11-11\\\/luzern-coffeeshop-kette-jacs-plant-erste-filiale\\\/#primaryimage\"},\"image\":{\"@id\":\"https:\\\/\\\/www.immobilienbusiness.ch\\\/en\\\/regionen\\\/2019-11-11\\\/luzern-coffeeshop-kette-jacs-plant-erste-filiale\\\/#primaryimage\"},\"thumbnailUrl\":\"https:\\\/\\\/www.immobilienbusiness.ch\\\/wp-content\\\/uploads\\\/2019\\\/11\\\/Luzern.jpg\",\"datePublished\":\"2019-11-11T07:45:03+00:00\",\"description\":\"An der Z\u00fcrichstrasse in Luzern entsteht derzeit eine erste Filiale der Coffeeshop-Kette Jacs. Weitere sollen in der ganzen Schweiz folgen.\",\"breadcrumb\":{\"@id\":\"https:\\\/\\\/www.immobilienbusiness.ch\\\/en\\\/regionen\\\/2019-11-11\\\/luzern-coffeeshop-kette-jacs-plant-erste-filiale\\\/#breadcrumb\"},\"inLanguage\":\"fr-FR\",\"potentialAction\":[{\"@type\":\"ReadAction\",\"target\":[\"https:\\\/\\\/www.immobilienbusiness.ch\\\/en\\\/regionen\\\/2019-11-11\\\/luzern-coffeeshop-kette-jacs-plant-erste-filiale\\\/\"]}]},{\"@type\":\"ImageObject\",\"inLanguage\":\"fr-FR\",\"@id\":\"https:\\\/\\\/www.immobilienbusiness.ch\\\/en\\\/regionen\\\/2019-11-11\\\/luzern-coffeeshop-kette-jacs-plant-erste-filiale\\\/#primaryimage\",\"url\":\"https:\\\/\\\/www.immobilienbusiness.ch\\\/wp-content\\\/uploads\\\/2019\\\/11\\\/Luzern.jpg\",\"contentUrl\":\"https:\\\/\\\/www.immobilienbusiness.ch\\\/wp-content\\\/uploads\\\/2019\\\/11\\\/Luzern.jpg\",\"width\":1024,\"height\":664,\"caption\":\"Luzern (Bild: olgysha \u2013 depositphotos)\"},{\"@type\":\"BreadcrumbList\",\"@id\":\"https:\\\/\\\/www.immobilienbusiness.ch\\\/en\\\/regionen\\\/2019-11-11\\\/luzern-coffeeshop-kette-jacs-plant-erste-filiale\\\/#breadcrumb\",\"itemListElement\":[{\"@type\":\"ListItem\",\"position\":1,\"name\":\"Home\",\"item\":\"https:\\\/\\\/www.immobilienbusiness.ch\\\/\"},{\"@type\":\"ListItem\",\"position\":2,\"name\":\"Luzern: Coffeeshop-Kette Jacs plant erste Filiale\"}]},{\"@type\":\"WebSite\",\"@id\":\"https:\\\/\\\/www.immobilienbusiness.ch\\\/#website\",\"url\":\"https:\\\/\\\/www.immobilienbusiness.ch\\\/\",\"name\":\"IMMOBILIEN Business\",\"description\":\"Unabh\u00e4ngiges Schweizer Wirtschaftsmagazin mit Fokus auf Immobilien, Architektur- und Bau sowie Investment- und Finanzierung.\",\"publisher\":{\"@id\":\"https:\\\/\\\/www.immobilienbusiness.ch\\\/#organization\"},\"potentialAction\":[{\"@type\":\"SearchAction\",\"target\":{\"@type\":\"EntryPoint\",\"urlTemplate\":\"https:\\\/\\\/www.immobilienbusiness.ch\\\/?s={search_term_string}\"},\"query-input\":{\"@type\":\"PropertyValueSpecification\",\"valueRequired\":true,\"valueName\":\"search_term_string\"}}],\"inLanguage\":\"fr-FR\"},{\"@type\":\"Organization\",\"@id\":\"https:\\\/\\\/www.immobilienbusiness.ch\\\/#organization\",\"name\":\"IMMOBILIEN Business\",\"url\":\"https:\\\/\\\/www.immobilienbusiness.ch\\\/\",\"logo\":{\"@type\":\"ImageObject\",\"inLanguage\":\"fr-FR\",\"@id\":\"https:\\\/\\\/www.immobilienbusiness.ch\\\/#\\\/schema\\\/logo\\\/image\\\/\",\"url\":\"https:\\\/\\\/www.immobilienbusiness.ch\\\/wp-content\\\/uploads\\\/2021\\\/07\\\/logo_ib.png\",\"contentUrl\":\"https:\\\/\\\/www.immobilienbusiness.ch\\\/wp-content\\\/uploads\\\/2021\\\/07\\\/logo_ib.png\",\"width\":800,\"height\":181,\"caption\":\"IMMOBILIEN Business\"},\"image\":{\"@id\":\"https:\\\/\\\/www.immobilienbusiness.ch\\\/#\\\/schema\\\/logo\\\/image\\\/\"},\"sameAs\":[\"https:\\\/\\\/www.facebook.com\\\/immobilienbusiness\\\/\"]},{\"@type\":\"Person\",\"@id\":\"https:\\\/\\\/www.immobilienbusiness.ch\\\/#\\\/schema\\\/person\\\/3fc036297b10b9f42d6db5ee932af8c8\",\"name\":\"anja.hall\",\"image\":{\"@type\":\"ImageObject\",\"inLanguage\":\"fr-FR\",\"@id\":\"https:\\\/\\\/secure.gravatar.com\\\/avatar\\\/066b5a0d447013502c71a5782f4f3469f03cfe595cc2329fb94652fe47511bfb?s=96&d=mm&r=g\",\"url\":\"https:\\\/\\\/secure.gravatar.com\\\/avatar\\\/066b5a0d447013502c71a5782f4f3469f03cfe595cc2329fb94652fe47511bfb?s=96&d=mm&r=g\",\"contentUrl\":\"https:\\\/\\\/secure.gravatar.com\\\/avatar\\\/066b5a0d447013502c71a5782f4f3469f03cfe595cc2329fb94652fe47511bfb?s=96&d=mm&r=g\",\"caption\":\"anja.hall\"},\"url\":\"https:\\\/\\\/www.immobilienbusiness.ch\\\/fr\\\/author\\\/anja-hall\\\/\"}]}<\/script>\n<!-- \/ Yoast SEO plugin. -->","yoast_head_json":{"title":"Luzern: Coffeeshop-Kette Jacs plant erste Filiale - IMMOBILIEN Business","description":"Une premi\u00e8re filiale de la cha\u00eene de coffee-shops Jacs est actuellement en construction \u00e0 la Z\u00fcrichstrasse \u00e0 Lucerne. D'autres suivront dans toute la Suisse.","robots":{"index":"index","follow":"follow","max-snippet":"max-snippet:-1","max-image-preview":"max-image-preview:large","max-video-preview":"max-video-preview:-1"},"canonical":"https:\/\/www.immobilienbusiness.ch\/fr\/regionen\/2019-11-11\/luzern-coffeeshop-kette-jacs-plant-erste-filiale\/","og_locale":"fr_FR","og_type":"article","og_title":"Luzern: Coffeeshop-Kette Jacs plant erste Filiale - IMMOBILIEN Business","og_description":"An der Z\u00fcrichstrasse in Luzern entsteht derzeit eine erste Filiale der Coffeeshop-Kette Jacs. Weitere sollen in der ganzen Schweiz folgen.","og_url":"https:\/\/www.immobilienbusiness.ch\/fr\/regionen\/2019-11-11\/luzern-coffeeshop-kette-jacs-plant-erste-filiale\/","og_site_name":"IMMOBILIEN Business","article_publisher":"https:\/\/www.facebook.com\/immobilienbusiness\/","article_published_time":"2019-11-11T07:45:03+00:00","og_image":[{"width":1024,"height":664,"url":"https:\/\/www.immobilienbusiness.ch\/wp-content\/uploads\/2019\/11\/Luzern.jpg","type":"image\/jpeg"}],"author":"anja.hall","twitter_card":"summary_large_image","twitter_image":"https:\/\/www.immobilienbusiness.ch\/wp-content\/uploads\/2019\/11\/Luzern.jpg","schema":{"@context":"https:\/\/schema.org","@graph":[{"@type":"Article","@id":"https:\/\/www.immobilienbusiness.ch\/en\/regionen\/2019-11-11\/luzern-coffeeshop-kette-jacs-plant-erste-filiale\/#article","isPartOf":{"@id":"https:\/\/www.immobilienbusiness.ch\/en\/regionen\/2019-11-11\/luzern-coffeeshop-kette-jacs-plant-erste-filiale\/"},"author":{"name":"anja.hall","@id":"https:\/\/www.immobilienbusiness.ch\/#\/schema\/person\/3fc036297b10b9f42d6db5ee932af8c8"},"headline":"Luzern: Coffeeshop-Kette Jacs plant erste Filiale","datePublished":"2019-11-11T07:45:03+00:00","mainEntityOfPage":{"@id":"https:\/\/www.immobilienbusiness.ch\/en\/regionen\/2019-11-11\/luzern-coffeeshop-kette-jacs-plant-erste-filiale\/"},"wordCount":140,"publisher":{"@id":"https:\/\/www.immobilienbusiness.ch\/#organization"},"image":{"@id":"https:\/\/www.immobilienbusiness.ch\/en\/regionen\/2019-11-11\/luzern-coffeeshop-kette-jacs-plant-erste-filiale\/#primaryimage"},"thumbnailUrl":"https:\/\/www.immobilienbusiness.ch\/wp-content\/uploads\/2019\/11\/Luzern.jpg","keywords":["Gastronomie","Luzern","potenzieller Mieter","Retailfl\u00e4chen"],"articleSection":["REGIONEN"],"inLanguage":"fr-FR"},{"@type":"WebPage","@id":"https:\/\/www.immobilienbusiness.ch\/en\/regionen\/2019-11-11\/luzern-coffeeshop-kette-jacs-plant-erste-filiale\/","url":"https:\/\/www.immobilienbusiness.ch\/en\/regionen\/2019-11-11\/luzern-coffeeshop-kette-jacs-plant-erste-filiale\/","name":"Luzern: Coffeeshop-Kette Jacs plant erste Filiale - IMMOBILIEN Business","isPartOf":{"@id":"https:\/\/www.immobilienbusiness.ch\/#website"},"primaryImageOfPage":{"@id":"https:\/\/www.immobilienbusiness.ch\/en\/regionen\/2019-11-11\/luzern-coffeeshop-kette-jacs-plant-erste-filiale\/#primaryimage"},"image":{"@id":"https:\/\/www.immobilienbusiness.ch\/en\/regionen\/2019-11-11\/luzern-coffeeshop-kette-jacs-plant-erste-filiale\/#primaryimage"},"thumbnailUrl":"https:\/\/www.immobilienbusiness.ch\/wp-content\/uploads\/2019\/11\/Luzern.jpg","datePublished":"2019-11-11T07:45:03+00:00","description":"Une premi\u00e8re filiale de la cha\u00eene de coffee-shops Jacs est actuellement en construction \u00e0 la Z\u00fcrichstrasse \u00e0 Lucerne. D'autres suivront dans toute la Suisse.","breadcrumb":{"@id":"https:\/\/www.immobilienbusiness.ch\/en\/regionen\/2019-11-11\/luzern-coffeeshop-kette-jacs-plant-erste-filiale\/#breadcrumb"},"inLanguage":"fr-FR","potentialAction":[{"@type":"ReadAction","target":["https:\/\/www.immobilienbusiness.ch\/en\/regionen\/2019-11-11\/luzern-coffeeshop-kette-jacs-plant-erste-filiale\/"]}]},{"@type":"ImageObject","inLanguage":"fr-FR","@id":"https:\/\/www.immobilienbusiness.ch\/en\/regionen\/2019-11-11\/luzern-coffeeshop-kette-jacs-plant-erste-filiale\/#primaryimage","url":"https:\/\/www.immobilienbusiness.ch\/wp-content\/uploads\/2019\/11\/Luzern.jpg","contentUrl":"https:\/\/www.immobilienbusiness.ch\/wp-content\/uploads\/2019\/11\/Luzern.jpg","width":1024,"height":664,"caption":"Luzern (Bild: olgysha \u2013 depositphotos)"},{"@type":"BreadcrumbList","@id":"https:\/\/www.immobilienbusiness.ch\/en\/regionen\/2019-11-11\/luzern-coffeeshop-kette-jacs-plant-erste-filiale\/#breadcrumb","itemListElement":[{"@type":"ListItem","position":1,"name":"Home","item":"https:\/\/www.immobilienbusiness.ch\/"},{"@type":"ListItem","position":2,"name":"Luzern: Coffeeshop-Kette Jacs plant erste Filiale"}]},{"@type":"WebSite","@id":"https:\/\/www.immobilienbusiness.ch\/#website","url":"https:\/\/www.immobilienbusiness.ch\/","name":"IMMOBILIER Business","description":"Magazine \u00e9conomique suisse ind\u00e9pendant ax\u00e9 sur l'immobilier, l'architecture et la construction ainsi que sur les investissements et le financement.","publisher":{"@id":"https:\/\/www.immobilienbusiness.ch\/#organization"},"potentialAction":[{"@type":"SearchAction","target":{"@type":"EntryPoint","urlTemplate":"https:\/\/www.immobilienbusiness.ch\/?s={search_term_string}"},"query-input":{"@type":"PropertyValueSpecification","valueRequired":true,"valueName":"search_term_string"}}],"inLanguage":"fr-FR"},{"@type":"Organization","@id":"https:\/\/www.immobilienbusiness.ch\/#organization","name":"IMMOBILIER Business","url":"https:\/\/www.immobilienbusiness.ch\/","logo":{"@type":"ImageObject","inLanguage":"fr-FR","@id":"https:\/\/www.immobilienbusiness.ch\/#\/schema\/logo\/image\/","url":"https:\/\/www.immobilienbusiness.ch\/wp-content\/uploads\/2021\/07\/logo_ib.png","contentUrl":"https:\/\/www.immobilienbusiness.ch\/wp-content\/uploads\/2021\/07\/logo_ib.png","width":800,"height":181,"caption":"IMMOBILIEN Business"},"image":{"@id":"https:\/\/www.immobilienbusiness.ch\/#\/schema\/logo\/image\/"},"sameAs":["https:\/\/www.facebook.com\/immobilienbusiness\/"]},{"@type":"Person","@id":"https:\/\/www.immobilienbusiness.ch\/#\/schema\/person\/3fc036297b10b9f42d6db5ee932af8c8","name":"anja.hall","image":{"@type":"ImageObject","inLanguage":"fr-FR","@id":"https:\/\/secure.gravatar.com\/avatar\/066b5a0d447013502c71a5782f4f3469f03cfe595cc2329fb94652fe47511bfb?s=96&d=mm&r=g","url":"https:\/\/secure.gravatar.com\/avatar\/066b5a0d447013502c71a5782f4f3469f03cfe595cc2329fb94652fe47511bfb?s=96&d=mm&r=g","contentUrl":"https:\/\/secure.gravatar.com\/avatar\/066b5a0d447013502c71a5782f4f3469f03cfe595cc2329fb94652fe47511bfb?s=96&d=mm&r=g","caption":"anja.hall"},"url":"https:\/\/www.immobilienbusiness.ch\/fr\/author\/anja-hall\/"}]}},"_links":{"self":[{"href":"https:\/\/www.immobilienbusiness.ch\/fr\/wp-json\/wp\/v2\/posts\/19094","targetHints":{"allow":["GET"]}}],"collection":[{"href":"https:\/\/www.immobilienbusiness.ch\/fr\/wp-json\/wp\/v2\/posts"}],"about":[{"href":"https:\/\/www.immobilienbusiness.ch\/fr\/wp-json\/wp\/v2\/types\/post"}],"author":[{"embeddable":true,"href":"https:\/\/www.immobilienbusiness.ch\/fr\/wp-json\/wp\/v2\/users\/3"}],"replies":[{"embeddable":true,"href":"https:\/\/www.immobilienbusiness.ch\/fr\/wp-json\/wp\/v2\/comments?post=19094"}],"version-history":[{"count":0,"href":"https:\/\/www.immobilienbusiness.ch\/fr\/wp-json\/wp\/v2\/posts\/19094\/revisions"}],"wp:featuredmedia":[{"embeddable":true,"href":"https:\/\/www.immobilienbusiness.ch\/fr\/wp-json\/wp\/v2\/media\/19163"}],"wp:attachment":[{"href":"https:\/\/www.immobilienbusiness.ch\/fr\/wp-json\/wp\/v2\/media?parent=19094"}],"wp:term":[{"taxonomy":"category","embeddable":true,"href":"https:\/\/www.immobilienbusiness.ch\/fr\/wp-json\/wp\/v2\/categories?post=19094"},{"taxonomy":"post_tag","embeddable":true,"href":"https:\/\/www.immobilienbusiness.ch\/fr\/wp-json\/wp\/v2\/tags?post=19094"}],"curies":[{"name":"wp","href":"https:\/\/api.w.org\/{rel}","templated":true}]}}