{"id":19013,"date":"2019-10-31T09:12:22","date_gmt":"2019-10-31T08:12:22","guid":{"rendered":"https:\/\/www.immobilienbusiness.ch\/?p=19013"},"modified":"2019-10-31T09:12:22","modified_gmt":"2019-10-31T08:12:22","slug":"bern-grundsteinlegung-fuer-ueberbauung-huebergass","status":"publish","type":"post","link":"https:\/\/www.immobilienbusiness.ch\/fr\/regionen\/2019-10-31\/bern-grundsteinlegung-fuer-ueberbauung-huebergass\/","title":{"rendered":"Berne : Pose de la premi\u00e8re pierre pour le d\u00e9veloppement du Huebergass"},"content":{"rendered":"<figure id=\"attachment_19015\" aria-describedby=\"caption-attachment-19015\" style=\"width: 680px\" class=\"wp-caption alignnone\"><img loading=\"lazy\" decoding=\"async\" class=\"size-medium wp-image-19015\" src=\"https:\/\/www.immobilienbusiness.ch\/wp-content\/uploads\/2019\/10\/Visu_Aussen.jpg\" alt=\"\" width=\"680\" height=\"447\" \/><figcaption id=\"caption-attachment-19015\" class=\"wp-caption-text\">Le d\u00e9veloppement du Huebergass avec le parc adjacent (visualisation : art.space\/WBG Huebergass)<\/figcaption><\/figure>\n<p>Le projet Huebergass consiste en cinq b\u00e2timents de quatre \u00e9tages, plac\u00e9s de mani\u00e8re \u00e0 former une all\u00e9e qui sera le c\u0153ur du nouveau quartier, le \"Huebergass\". Le b\u00e2timent est construit d'apr\u00e8s un projet de GWJ Architektur de Berne, et Halter AG est l'entrepreneur g\u00e9n\u00e9ral. Parall\u00e8lement au projet, la ville de Berne cr\u00e9e un parc avec un paysage aquatique et ludique.<\/p>\n<p>Des appartements familiaux de 4,5 et 5,5 pi\u00e8ces, des studios r\u00e9sidentiels et des appartements de 1,5, 2,5 et 3,5 pi\u00e8ces sont pr\u00e9vus. Les appartements dits \"en grappe\", situ\u00e9s au rez-de-chauss\u00e9e et compos\u00e9s de six \u00e0 huit pi\u00e8ces, d'une cuisine commune et d'un salon spacieux, doivent offrir de l'espace pour de nouvelles formes d'habitation, telles que les communaut\u00e9s de personnes \u00e2g\u00e9es et les grandes communaut\u00e9s. Selon la coop\u00e9rative de construction Huebergass, tous les appartements \u00e9taient d\u00e9j\u00e0 lou\u00e9s avant le d\u00e9but des travaux. Les appartements devraient \u00eatre pr\u00eats \u00e0 \u00eatre occup\u00e9s au d\u00e9but de l'ann\u00e9e 2021.<\/p>\n<p>L'une des particularit\u00e9s du projet est un concept de mobilit\u00e9 global : une seule place de stationnement est pr\u00e9vue pour quatre appartements, afin de promouvoir \"un transport priv\u00e9 sobre\", selon la d\u00e9claration. Le projet est situ\u00e9 juste \u00e0 c\u00f4t\u00e9 de l'arr\u00eat de tramway Schlossmatte et disposera d'une station Mobility ainsi que d'autres solutions de mobilit\u00e9 avec une station de recharge \u00e9lectrique. En outre, la coop\u00e9rative de locataires versera \u00e0 chaque r\u00e9sident une part de l'abonnement \u00e0 Libero. Ces services seront financ\u00e9s par un locataire franc.<\/p>\n<p>La coop\u00e9rative de logement Huebergass est un projet de r\u00e9f\u00e9rence du GBM Wir sind Stadtgarten. En 2017, le GBM a remport\u00e9 le concours d'investisseurs et de projets pour le lotissement de Berne \u00e0 la Mutachstrasse avec le projet Huebergass. Apr\u00e8s l'ach\u00e8vement du d\u00e9veloppement du projet et avant le d\u00e9but de la construction, la coop\u00e9rative d'habitation a \u00e9t\u00e9 transform\u00e9e en coop\u00e9rative ind\u00e9pendante de locataires Huebergass. <em>(ah)<\/em><\/p>","protected":false},"excerpt":{"rendered":"<p>\u00c0 Berne, la premi\u00e8re pierre a \u00e9t\u00e9 pos\u00e9e pour un projet de 103 appartements en coop\u00e9rative.<\/p>","protected":false},"author":3,"featured_media":19015,"comment_status":"closed","ping_status":"open","sticky":false,"template":"","format":"standard","meta":{"_acf_changed":false,"_yoast_wpseo_focuskw":"Huebergass","_yoast_wpseo_title":"","_yoast_wpseo_metadesc":"In Bern wurde nun der Grundstein f\u00fcr eine \u00dcberbauung mit 103 Genossenschaftswohnungen gelegt.","_yoast_wpseo_linkdex":41,"pgc_sgb_lightbox_settings":"","footnotes":""},"categories":[985],"tags":[1077,1091,1286,1863],"class_list":["post-19013","post","type-post","status-publish","format-standard","has-post-thumbnail","hentry","category-regionen","tag-baugenossenschaft","tag-bern","tag-grundsteinlegung","tag-wohnimmobilien"],"acf":[],"yoast_head":"<!-- This site is optimized with the Yoast SEO plugin v27.4 - https:\/\/yoast.com\/product\/yoast-seo-wordpress\/ -->\n<title>Bern: Grundsteinlegung f\u00fcr \u00dcberbauung Huebergass - IMMOBILIEN Business<\/title>\n<meta name=\"description\" content=\"In Bern wurde nun der Grundstein f\u00fcr eine \u00dcberbauung mit 103 Genossenschaftswohnungen gelegt.\" \/>\n<meta name=\"robots\" content=\"index, follow, max-snippet:-1, max-image-preview:large, max-video-preview:-1\" \/>\n<link rel=\"canonical\" href=\"https:\/\/www.immobilienbusiness.ch\/fr\/regionen\/2019-10-31\/bern-grundsteinlegung-fuer-ueberbauung-huebergass\/\" \/>\n<meta property=\"og:locale\" content=\"fr_FR\" \/>\n<meta property=\"og:type\" content=\"article\" \/>\n<meta property=\"og:title\" content=\"Bern: Grundsteinlegung f\u00fcr \u00dcberbauung Huebergass - IMMOBILIEN Business\" \/>\n<meta property=\"og:description\" content=\"In Bern wurde nun der Grundstein f\u00fcr eine \u00dcberbauung mit 103 Genossenschaftswohnungen gelegt.\" \/>\n<meta property=\"og:url\" content=\"https:\/\/www.immobilienbusiness.ch\/fr\/regionen\/2019-10-31\/bern-grundsteinlegung-fuer-ueberbauung-huebergass\/\" \/>\n<meta property=\"og:site_name\" content=\"IMMOBILIEN Business\" \/>\n<meta property=\"article:publisher\" content=\"https:\/\/www.facebook.com\/immobilienbusiness\/\" \/>\n<meta property=\"article:published_time\" content=\"2019-10-31T08:12:22+00:00\" \/>\n<meta property=\"og:image\" content=\"https:\/\/www.immobilienbusiness.ch\/wp-content\/uploads\/2019\/10\/Visu_Aussen-e1572530400140-1024x673.jpg\" \/>\n\t<meta property=\"og:image:width\" content=\"1024\" \/>\n\t<meta property=\"og:image:height\" content=\"673\" \/>\n\t<meta property=\"og:image:type\" content=\"image\/jpeg\" \/>\n<meta name=\"author\" content=\"anja.hall\" \/>\n<meta name=\"twitter:card\" content=\"summary_large_image\" \/>\n<meta name=\"twitter:image\" content=\"https:\/\/www.immobilienbusiness.ch\/wp-content\/uploads\/2019\/10\/Visu_Aussen-e1572530400140.jpg\" \/>\n<script type=\"application\/ld+json\" class=\"yoast-schema-graph\">{\"@context\":\"https:\\\/\\\/schema.org\",\"@graph\":[{\"@type\":\"Article\",\"@id\":\"https:\\\/\\\/www.immobilienbusiness.ch\\\/de\\\/regionen\\\/2019-10-31\\\/bern-grundsteinlegung-fuer-ueberbauung-huebergass\\\/#article\",\"isPartOf\":{\"@id\":\"https:\\\/\\\/www.immobilienbusiness.ch\\\/de\\\/regionen\\\/2019-10-31\\\/bern-grundsteinlegung-fuer-ueberbauung-huebergass\\\/\"},\"author\":{\"name\":\"anja.hall\",\"@id\":\"https:\\\/\\\/www.immobilienbusiness.ch\\\/#\\\/schema\\\/person\\\/3fc036297b10b9f42d6db5ee932af8c8\"},\"headline\":\"Bern: Grundsteinlegung f\u00fcr \u00dcberbauung Huebergass\",\"datePublished\":\"2019-10-31T08:12:22+00:00\",\"mainEntityOfPage\":{\"@id\":\"https:\\\/\\\/www.immobilienbusiness.ch\\\/de\\\/regionen\\\/2019-10-31\\\/bern-grundsteinlegung-fuer-ueberbauung-huebergass\\\/\"},\"wordCount\":257,\"publisher\":{\"@id\":\"https:\\\/\\\/www.immobilienbusiness.ch\\\/#organization\"},\"image\":{\"@id\":\"https:\\\/\\\/www.immobilienbusiness.ch\\\/de\\\/regionen\\\/2019-10-31\\\/bern-grundsteinlegung-fuer-ueberbauung-huebergass\\\/#primaryimage\"},\"thumbnailUrl\":\"https:\\\/\\\/www.immobilienbusiness.ch\\\/wp-content\\\/uploads\\\/2019\\\/10\\\/Visu_Aussen-e1572530400140.jpg\",\"keywords\":[\"Baugenossenschaft\",\"Bern\",\"Grundsteinlegung\",\"Wohnimmobilien\"],\"articleSection\":[\"REGIONEN\"],\"inLanguage\":\"fr-FR\"},{\"@type\":\"WebPage\",\"@id\":\"https:\\\/\\\/www.immobilienbusiness.ch\\\/de\\\/regionen\\\/2019-10-31\\\/bern-grundsteinlegung-fuer-ueberbauung-huebergass\\\/\",\"url\":\"https:\\\/\\\/www.immobilienbusiness.ch\\\/de\\\/regionen\\\/2019-10-31\\\/bern-grundsteinlegung-fuer-ueberbauung-huebergass\\\/\",\"name\":\"Bern: Grundsteinlegung f\u00fcr \u00dcberbauung Huebergass - IMMOBILIEN Business\",\"isPartOf\":{\"@id\":\"https:\\\/\\\/www.immobilienbusiness.ch\\\/#website\"},\"primaryImageOfPage\":{\"@id\":\"https:\\\/\\\/www.immobilienbusiness.ch\\\/de\\\/regionen\\\/2019-10-31\\\/bern-grundsteinlegung-fuer-ueberbauung-huebergass\\\/#primaryimage\"},\"image\":{\"@id\":\"https:\\\/\\\/www.immobilienbusiness.ch\\\/de\\\/regionen\\\/2019-10-31\\\/bern-grundsteinlegung-fuer-ueberbauung-huebergass\\\/#primaryimage\"},\"thumbnailUrl\":\"https:\\\/\\\/www.immobilienbusiness.ch\\\/wp-content\\\/uploads\\\/2019\\\/10\\\/Visu_Aussen-e1572530400140.jpg\",\"datePublished\":\"2019-10-31T08:12:22+00:00\",\"description\":\"In Bern wurde nun der Grundstein f\u00fcr eine \u00dcberbauung mit 103 Genossenschaftswohnungen gelegt.\",\"breadcrumb\":{\"@id\":\"https:\\\/\\\/www.immobilienbusiness.ch\\\/de\\\/regionen\\\/2019-10-31\\\/bern-grundsteinlegung-fuer-ueberbauung-huebergass\\\/#breadcrumb\"},\"inLanguage\":\"fr-FR\",\"potentialAction\":[{\"@type\":\"ReadAction\",\"target\":[\"https:\\\/\\\/www.immobilienbusiness.ch\\\/de\\\/regionen\\\/2019-10-31\\\/bern-grundsteinlegung-fuer-ueberbauung-huebergass\\\/\"]}]},{\"@type\":\"ImageObject\",\"inLanguage\":\"fr-FR\",\"@id\":\"https:\\\/\\\/www.immobilienbusiness.ch\\\/de\\\/regionen\\\/2019-10-31\\\/bern-grundsteinlegung-fuer-ueberbauung-huebergass\\\/#primaryimage\",\"url\":\"https:\\\/\\\/www.immobilienbusiness.ch\\\/wp-content\\\/uploads\\\/2019\\\/10\\\/Visu_Aussen-e1572530400140.jpg\",\"contentUrl\":\"https:\\\/\\\/www.immobilienbusiness.ch\\\/wp-content\\\/uploads\\\/2019\\\/10\\\/Visu_Aussen-e1572530400140.jpg\",\"width\":2000,\"height\":1314,\"caption\":\"Die \u00dcberbauung Huebergass mit angrenzendem Park (Visualisierung: art.space\\\/\"},{\"@type\":\"BreadcrumbList\",\"@id\":\"https:\\\/\\\/www.immobilienbusiness.ch\\\/de\\\/regionen\\\/2019-10-31\\\/bern-grundsteinlegung-fuer-ueberbauung-huebergass\\\/#breadcrumb\",\"itemListElement\":[{\"@type\":\"ListItem\",\"position\":1,\"name\":\"Home\",\"item\":\"https:\\\/\\\/www.immobilienbusiness.ch\\\/\"},{\"@type\":\"ListItem\",\"position\":2,\"name\":\"Bern: Grundsteinlegung f\u00fcr \u00dcberbauung Huebergass\"}]},{\"@type\":\"WebSite\",\"@id\":\"https:\\\/\\\/www.immobilienbusiness.ch\\\/#website\",\"url\":\"https:\\\/\\\/www.immobilienbusiness.ch\\\/\",\"name\":\"IMMOBILIEN Business\",\"description\":\"Unabh\u00e4ngiges Schweizer Wirtschaftsmagazin mit Fokus auf Immobilien, Architektur- und Bau sowie Investment- und Finanzierung.\",\"publisher\":{\"@id\":\"https:\\\/\\\/www.immobilienbusiness.ch\\\/#organization\"},\"potentialAction\":[{\"@type\":\"SearchAction\",\"target\":{\"@type\":\"EntryPoint\",\"urlTemplate\":\"https:\\\/\\\/www.immobilienbusiness.ch\\\/?s={search_term_string}\"},\"query-input\":{\"@type\":\"PropertyValueSpecification\",\"valueRequired\":true,\"valueName\":\"search_term_string\"}}],\"inLanguage\":\"fr-FR\"},{\"@type\":\"Organization\",\"@id\":\"https:\\\/\\\/www.immobilienbusiness.ch\\\/#organization\",\"name\":\"IMMOBILIEN Business\",\"url\":\"https:\\\/\\\/www.immobilienbusiness.ch\\\/\",\"logo\":{\"@type\":\"ImageObject\",\"inLanguage\":\"fr-FR\",\"@id\":\"https:\\\/\\\/www.immobilienbusiness.ch\\\/#\\\/schema\\\/logo\\\/image\\\/\",\"url\":\"https:\\\/\\\/www.immobilienbusiness.ch\\\/wp-content\\\/uploads\\\/2021\\\/07\\\/logo_ib.png\",\"contentUrl\":\"https:\\\/\\\/www.immobilienbusiness.ch\\\/wp-content\\\/uploads\\\/2021\\\/07\\\/logo_ib.png\",\"width\":800,\"height\":181,\"caption\":\"IMMOBILIEN Business\"},\"image\":{\"@id\":\"https:\\\/\\\/www.immobilienbusiness.ch\\\/#\\\/schema\\\/logo\\\/image\\\/\"},\"sameAs\":[\"https:\\\/\\\/www.facebook.com\\\/immobilienbusiness\\\/\"]},{\"@type\":\"Person\",\"@id\":\"https:\\\/\\\/www.immobilienbusiness.ch\\\/#\\\/schema\\\/person\\\/3fc036297b10b9f42d6db5ee932af8c8\",\"name\":\"anja.hall\",\"image\":{\"@type\":\"ImageObject\",\"inLanguage\":\"fr-FR\",\"@id\":\"https:\\\/\\\/secure.gravatar.com\\\/avatar\\\/066b5a0d447013502c71a5782f4f3469f03cfe595cc2329fb94652fe47511bfb?s=96&d=mm&r=g\",\"url\":\"https:\\\/\\\/secure.gravatar.com\\\/avatar\\\/066b5a0d447013502c71a5782f4f3469f03cfe595cc2329fb94652fe47511bfb?s=96&d=mm&r=g\",\"contentUrl\":\"https:\\\/\\\/secure.gravatar.com\\\/avatar\\\/066b5a0d447013502c71a5782f4f3469f03cfe595cc2329fb94652fe47511bfb?s=96&d=mm&r=g\",\"caption\":\"anja.hall\"},\"url\":\"https:\\\/\\\/www.immobilienbusiness.ch\\\/fr\\\/author\\\/anja-hall\\\/\"}]}<\/script>\n<!-- \/ Yoast SEO plugin. -->","yoast_head_json":{"title":"Bern: Grundsteinlegung f\u00fcr \u00dcberbauung Huebergass - IMMOBILIEN Business","description":"In Bern wurde nun der Grundstein f\u00fcr eine \u00dcberbauung mit 103 Genossenschaftswohnungen gelegt.","robots":{"index":"index","follow":"follow","max-snippet":"max-snippet:-1","max-image-preview":"max-image-preview:large","max-video-preview":"max-video-preview:-1"},"canonical":"https:\/\/www.immobilienbusiness.ch\/fr\/regionen\/2019-10-31\/bern-grundsteinlegung-fuer-ueberbauung-huebergass\/","og_locale":"fr_FR","og_type":"article","og_title":"Bern: Grundsteinlegung f\u00fcr \u00dcberbauung Huebergass - IMMOBILIEN Business","og_description":"In Bern wurde nun der Grundstein f\u00fcr eine \u00dcberbauung mit 103 Genossenschaftswohnungen gelegt.","og_url":"https:\/\/www.immobilienbusiness.ch\/fr\/regionen\/2019-10-31\/bern-grundsteinlegung-fuer-ueberbauung-huebergass\/","og_site_name":"IMMOBILIEN Business","article_publisher":"https:\/\/www.facebook.com\/immobilienbusiness\/","article_published_time":"2019-10-31T08:12:22+00:00","og_image":[{"width":1024,"height":673,"url":"https:\/\/www.immobilienbusiness.ch\/wp-content\/uploads\/2019\/10\/Visu_Aussen-e1572530400140-1024x673.jpg","type":"image\/jpeg"}],"author":"anja.hall","twitter_card":"summary_large_image","twitter_image":"https:\/\/www.immobilienbusiness.ch\/wp-content\/uploads\/2019\/10\/Visu_Aussen-e1572530400140.jpg","schema":{"@context":"https:\/\/schema.org","@graph":[{"@type":"Article","@id":"https:\/\/www.immobilienbusiness.ch\/de\/regionen\/2019-10-31\/bern-grundsteinlegung-fuer-ueberbauung-huebergass\/#article","isPartOf":{"@id":"https:\/\/www.immobilienbusiness.ch\/de\/regionen\/2019-10-31\/bern-grundsteinlegung-fuer-ueberbauung-huebergass\/"},"author":{"name":"anja.hall","@id":"https:\/\/www.immobilienbusiness.ch\/#\/schema\/person\/3fc036297b10b9f42d6db5ee932af8c8"},"headline":"Bern: Grundsteinlegung f\u00fcr \u00dcberbauung Huebergass","datePublished":"2019-10-31T08:12:22+00:00","mainEntityOfPage":{"@id":"https:\/\/www.immobilienbusiness.ch\/de\/regionen\/2019-10-31\/bern-grundsteinlegung-fuer-ueberbauung-huebergass\/"},"wordCount":257,"publisher":{"@id":"https:\/\/www.immobilienbusiness.ch\/#organization"},"image":{"@id":"https:\/\/www.immobilienbusiness.ch\/de\/regionen\/2019-10-31\/bern-grundsteinlegung-fuer-ueberbauung-huebergass\/#primaryimage"},"thumbnailUrl":"https:\/\/www.immobilienbusiness.ch\/wp-content\/uploads\/2019\/10\/Visu_Aussen-e1572530400140.jpg","keywords":["Baugenossenschaft","Bern","Grundsteinlegung","Wohnimmobilien"],"articleSection":["REGIONEN"],"inLanguage":"fr-FR"},{"@type":"WebPage","@id":"https:\/\/www.immobilienbusiness.ch\/de\/regionen\/2019-10-31\/bern-grundsteinlegung-fuer-ueberbauung-huebergass\/","url":"https:\/\/www.immobilienbusiness.ch\/de\/regionen\/2019-10-31\/bern-grundsteinlegung-fuer-ueberbauung-huebergass\/","name":"Bern: Grundsteinlegung f\u00fcr \u00dcberbauung Huebergass - IMMOBILIEN Business","isPartOf":{"@id":"https:\/\/www.immobilienbusiness.ch\/#website"},"primaryImageOfPage":{"@id":"https:\/\/www.immobilienbusiness.ch\/de\/regionen\/2019-10-31\/bern-grundsteinlegung-fuer-ueberbauung-huebergass\/#primaryimage"},"image":{"@id":"https:\/\/www.immobilienbusiness.ch\/de\/regionen\/2019-10-31\/bern-grundsteinlegung-fuer-ueberbauung-huebergass\/#primaryimage"},"thumbnailUrl":"https:\/\/www.immobilienbusiness.ch\/wp-content\/uploads\/2019\/10\/Visu_Aussen-e1572530400140.jpg","datePublished":"2019-10-31T08:12:22+00:00","description":"In Bern wurde nun der Grundstein f\u00fcr eine \u00dcberbauung mit 103 Genossenschaftswohnungen gelegt.","breadcrumb":{"@id":"https:\/\/www.immobilienbusiness.ch\/de\/regionen\/2019-10-31\/bern-grundsteinlegung-fuer-ueberbauung-huebergass\/#breadcrumb"},"inLanguage":"fr-FR","potentialAction":[{"@type":"ReadAction","target":["https:\/\/www.immobilienbusiness.ch\/de\/regionen\/2019-10-31\/bern-grundsteinlegung-fuer-ueberbauung-huebergass\/"]}]},{"@type":"ImageObject","inLanguage":"fr-FR","@id":"https:\/\/www.immobilienbusiness.ch\/de\/regionen\/2019-10-31\/bern-grundsteinlegung-fuer-ueberbauung-huebergass\/#primaryimage","url":"https:\/\/www.immobilienbusiness.ch\/wp-content\/uploads\/2019\/10\/Visu_Aussen-e1572530400140.jpg","contentUrl":"https:\/\/www.immobilienbusiness.ch\/wp-content\/uploads\/2019\/10\/Visu_Aussen-e1572530400140.jpg","width":2000,"height":1314,"caption":"Die \u00dcberbauung Huebergass mit angrenzendem Park (Visualisierung: art.space\/"},{"@type":"BreadcrumbList","@id":"https:\/\/www.immobilienbusiness.ch\/de\/regionen\/2019-10-31\/bern-grundsteinlegung-fuer-ueberbauung-huebergass\/#breadcrumb","itemListElement":[{"@type":"ListItem","position":1,"name":"Home","item":"https:\/\/www.immobilienbusiness.ch\/"},{"@type":"ListItem","position":2,"name":"Bern: Grundsteinlegung f\u00fcr \u00dcberbauung Huebergass"}]},{"@type":"WebSite","@id":"https:\/\/www.immobilienbusiness.ch\/#website","url":"https:\/\/www.immobilienbusiness.ch\/","name":"IMMOBILIER Business","description":"Magazine \u00e9conomique suisse ind\u00e9pendant ax\u00e9 sur l'immobilier, l'architecture et la construction ainsi que sur les investissements et le financement.","publisher":{"@id":"https:\/\/www.immobilienbusiness.ch\/#organization"},"potentialAction":[{"@type":"SearchAction","target":{"@type":"EntryPoint","urlTemplate":"https:\/\/www.immobilienbusiness.ch\/?s={search_term_string}"},"query-input":{"@type":"PropertyValueSpecification","valueRequired":true,"valueName":"search_term_string"}}],"inLanguage":"fr-FR"},{"@type":"Organization","@id":"https:\/\/www.immobilienbusiness.ch\/#organization","name":"IMMOBILIER Business","url":"https:\/\/www.immobilienbusiness.ch\/","logo":{"@type":"ImageObject","inLanguage":"fr-FR","@id":"https:\/\/www.immobilienbusiness.ch\/#\/schema\/logo\/image\/","url":"https:\/\/www.immobilienbusiness.ch\/wp-content\/uploads\/2021\/07\/logo_ib.png","contentUrl":"https:\/\/www.immobilienbusiness.ch\/wp-content\/uploads\/2021\/07\/logo_ib.png","width":800,"height":181,"caption":"IMMOBILIEN Business"},"image":{"@id":"https:\/\/www.immobilienbusiness.ch\/#\/schema\/logo\/image\/"},"sameAs":["https:\/\/www.facebook.com\/immobilienbusiness\/"]},{"@type":"Person","@id":"https:\/\/www.immobilienbusiness.ch\/#\/schema\/person\/3fc036297b10b9f42d6db5ee932af8c8","name":"anja.hall","image":{"@type":"ImageObject","inLanguage":"fr-FR","@id":"https:\/\/secure.gravatar.com\/avatar\/066b5a0d447013502c71a5782f4f3469f03cfe595cc2329fb94652fe47511bfb?s=96&d=mm&r=g","url":"https:\/\/secure.gravatar.com\/avatar\/066b5a0d447013502c71a5782f4f3469f03cfe595cc2329fb94652fe47511bfb?s=96&d=mm&r=g","contentUrl":"https:\/\/secure.gravatar.com\/avatar\/066b5a0d447013502c71a5782f4f3469f03cfe595cc2329fb94652fe47511bfb?s=96&d=mm&r=g","caption":"anja.hall"},"url":"https:\/\/www.immobilienbusiness.ch\/fr\/author\/anja-hall\/"}]}},"_links":{"self":[{"href":"https:\/\/www.immobilienbusiness.ch\/fr\/wp-json\/wp\/v2\/posts\/19013","targetHints":{"allow":["GET"]}}],"collection":[{"href":"https:\/\/www.immobilienbusiness.ch\/fr\/wp-json\/wp\/v2\/posts"}],"about":[{"href":"https:\/\/www.immobilienbusiness.ch\/fr\/wp-json\/wp\/v2\/types\/post"}],"author":[{"embeddable":true,"href":"https:\/\/www.immobilienbusiness.ch\/fr\/wp-json\/wp\/v2\/users\/3"}],"replies":[{"embeddable":true,"href":"https:\/\/www.immobilienbusiness.ch\/fr\/wp-json\/wp\/v2\/comments?post=19013"}],"version-history":[{"count":0,"href":"https:\/\/www.immobilienbusiness.ch\/fr\/wp-json\/wp\/v2\/posts\/19013\/revisions"}],"wp:featuredmedia":[{"embeddable":true,"href":"https:\/\/www.immobilienbusiness.ch\/fr\/wp-json\/wp\/v2\/media\/19015"}],"wp:attachment":[{"href":"https:\/\/www.immobilienbusiness.ch\/fr\/wp-json\/wp\/v2\/media?parent=19013"}],"wp:term":[{"taxonomy":"category","embeddable":true,"href":"https:\/\/www.immobilienbusiness.ch\/fr\/wp-json\/wp\/v2\/categories?post=19013"},{"taxonomy":"post_tag","embeddable":true,"href":"https:\/\/www.immobilienbusiness.ch\/fr\/wp-json\/wp\/v2\/tags?post=19013"}],"curies":[{"name":"wp","href":"https:\/\/api.w.org\/{rel}","templated":true}]}}