{"id":1898,"date":"2015-12-16T08:24:57","date_gmt":"2015-12-16T07:24:57","guid":{"rendered":"http:\/\/dev.immobilienbusiness.ch\/?p=1898"},"modified":"2015-12-16T08:24:57","modified_gmt":"2015-12-16T07:24:57","slug":"swiss-life-fonds-erhoeht-sein-kapital","status":"publish","type":"post","link":"https:\/\/www.immobilienbusiness.ch\/fr\/allgemein\/2015-12-16\/swiss-life-fonds-erhoeht-sein-kapital\/","title":{"rendered":"Le fonds Swiss Life augmente son capital"},"content":{"rendered":"<figure id=\"attachment_1899\" aria-describedby=\"caption-attachment-1899\" style=\"width: 680px\" class=\"wp-caption alignnone\"><img loading=\"lazy\" decoding=\"async\" class=\"size-medium wp-image-1899\" src=\"https:\/\/immobilienbusiness.ch\/wp-content\/uploads\/2016\/12\/Swiss-Life-Fonds-erh\u00f6ht-sein-Kapital-immobilien-business.jpg\" alt=\"Kapitalerh\u00f6hung f\u00fcr den Swiss Life REF Commercial Properties Switzerland (Foto: Pixabay)\" width=\"680\" height=\"481\" \/><figcaption id=\"caption-attachment-1899\" class=\"wp-caption-text\">Augmentation de capital pour le Swiss Life REF Commercial Properties Switzerland (photo : Pixabay)<\/figcaption><\/figure>\n<p>Le produit de l'\u00e9mission permettra de r\u00e9duire suffisamment le taux d'endettement pour que les futurs achats d'immeubles puissent \u00eatre financ\u00e9s par l'emprunt, indique Swiss Life Asset Managers. Un immeuble commercial \u00e0 Zurich a d\u00e9j\u00e0 \u00e9t\u00e9 acquis dans le cadre de l'augmentation de capital.<\/p>\n<p>Le fonds Swiss Life REF (LUX) Commercial Properties Switzerland a \u00e9t\u00e9 lanc\u00e9 en 2012 et investit dans des immeubles commerciaux haut de gamme en Suisse, qui disposent de tr\u00e8s bonnes qualit\u00e9s d'objet et de situation. Selon la direction du fonds, un grand nombre d'immeubles ont enregistr\u00e9 des plus-values significatives. (ah)<\/p>","protected":false},"excerpt":{"rendered":"<p>Le fonds immobilier Swiss Life REF (LUX) Commercial Properties Switzerland a lev\u00e9 67,4 millions de francs suisses via une augmentation de capital.<\/p>","protected":false},"author":1,"featured_media":1899,"comment_status":"open","ping_status":"open","sticky":false,"template":"","format":"standard","meta":{"_acf_changed":false,"_yoast_wpseo_focuskw":"Kapitalerh\u00f6hung Swiss Life","_yoast_wpseo_title":"Kapitalerh\u00f6hung Swiss Life: Neue Investitionen in Immobilien","_yoast_wpseo_metadesc":"Swiss Life erh\u00f6ht sein Kapital und reduziert die Fremdkapitalquote. Das Fondsmanagement investierte bereits in eine Z\u00fcrcher Gesch\u00e4ftsliegenschaft.","_yoast_wpseo_linkdex":42,"pgc_sgb_lightbox_settings":"","footnotes":""},"categories":[1],"tags":[1362],"class_list":["post-1898","post","type-post","status-publish","format-standard","has-post-thumbnail","hentry","category-allgemein","tag-indirekte-immobilienanlagen"],"acf":[],"yoast_head":"<!-- This site is optimized with the Yoast SEO plugin v27.4 - https:\/\/yoast.com\/product\/yoast-seo-wordpress\/ -->\n<title>Kapitalerh\u00f6hung Swiss Life: Neue Investitionen in Immobilien<\/title>\n<meta name=\"description\" content=\"Swiss Life erh\u00f6ht sein Kapital und reduziert die Fremdkapitalquote. Das Fondsmanagement investierte bereits in eine Z\u00fcrcher Gesch\u00e4ftsliegenschaft.\" \/>\n<meta name=\"robots\" content=\"index, follow, max-snippet:-1, max-image-preview:large, max-video-preview:-1\" \/>\n<link rel=\"canonical\" href=\"https:\/\/www.immobilienbusiness.ch\/fr\/allgemein\/2015-12-16\/swiss-life-fonds-erhoeht-sein-kapital\/\" \/>\n<meta property=\"og:locale\" content=\"fr_FR\" \/>\n<meta property=\"og:type\" content=\"article\" \/>\n<meta property=\"og:title\" content=\"Swiss-Life-Fonds erh\u00f6ht sein Kapital\" \/>\n<meta property=\"og:description\" content=\"Der Immobilienfonds Swiss Life REF (LUX) Commercial Properties Switzerland hat \u00fcber eine Kapitalerh\u00f6hung 67,4 Millionen CHF erl\u00f6st.\" \/>\n<meta property=\"og:url\" content=\"https:\/\/www.immobilienbusiness.ch\/fr\/allgemein\/2015-12-16\/swiss-life-fonds-erhoeht-sein-kapital\/\" \/>\n<meta property=\"og:site_name\" content=\"IMMOBILIEN Business\" \/>\n<meta property=\"article:publisher\" content=\"https:\/\/www.facebook.com\/immobilienbusiness\/\" \/>\n<meta property=\"article:published_time\" content=\"2015-12-16T07:24:57+00:00\" \/>\n<meta name=\"author\" content=\"Redaktion\" \/>\n<meta name=\"twitter:card\" content=\"summary_large_image\" \/>\n<meta name=\"twitter:image\" content=\"https:\/\/www.immobilienbusiness.ch\/wp-content\/uploads\/2016\/12\/Swiss-Life-Fonds-erhoeht-sein-Kapital-immobilien-business.jpg\" \/>\n<script type=\"application\/ld+json\" class=\"yoast-schema-graph\">{\"@context\":\"https:\\\/\\\/schema.org\",\"@graph\":[{\"@type\":\"Article\",\"@id\":\"https:\\\/\\\/www.immobilienbusiness.ch\\\/allgemein\\\/2015-12-16\\\/swiss-life-fonds-erhoeht-sein-kapital\\\/#article\",\"isPartOf\":{\"@id\":\"https:\\\/\\\/www.immobilienbusiness.ch\\\/allgemein\\\/2015-12-16\\\/swiss-life-fonds-erhoeht-sein-kapital\\\/\"},\"author\":{\"name\":\"Redaktion\",\"@id\":\"https:\\\/\\\/www.immobilienbusiness.ch\\\/#\\\/schema\\\/person\\\/aa2bace6c5c5aad60102004a50c4eb1c\"},\"headline\":\"Swiss-Life-Fonds erh\u00f6ht sein Kapital\",\"datePublished\":\"2015-12-16T07:24:57+00:00\",\"mainEntityOfPage\":{\"@id\":\"https:\\\/\\\/www.immobilienbusiness.ch\\\/allgemein\\\/2015-12-16\\\/swiss-life-fonds-erhoeht-sein-kapital\\\/\"},\"wordCount\":116,\"commentCount\":0,\"publisher\":{\"@id\":\"https:\\\/\\\/www.immobilienbusiness.ch\\\/#organization\"},\"image\":{\"@id\":\"https:\\\/\\\/www.immobilienbusiness.ch\\\/allgemein\\\/2015-12-16\\\/swiss-life-fonds-erhoeht-sein-kapital\\\/#primaryimage\"},\"thumbnailUrl\":\"https:\\\/\\\/www.immobilienbusiness.ch\\\/wp-content\\\/uploads\\\/2016\\\/12\\\/Swiss-Life-Fonds-erhoeht-sein-Kapital-immobilien-business.jpg\",\"keywords\":[\"Indirekte Immobilienanlagen\"],\"articleSection\":[\"Allgemein\"],\"inLanguage\":\"fr-FR\"},{\"@type\":\"WebPage\",\"@id\":\"https:\\\/\\\/www.immobilienbusiness.ch\\\/allgemein\\\/2015-12-16\\\/swiss-life-fonds-erhoeht-sein-kapital\\\/\",\"url\":\"https:\\\/\\\/www.immobilienbusiness.ch\\\/allgemein\\\/2015-12-16\\\/swiss-life-fonds-erhoeht-sein-kapital\\\/\",\"name\":\"Kapitalerh\u00f6hung Swiss Life: Neue Investitionen in Immobilien\",\"isPartOf\":{\"@id\":\"https:\\\/\\\/www.immobilienbusiness.ch\\\/#website\"},\"primaryImageOfPage\":{\"@id\":\"https:\\\/\\\/www.immobilienbusiness.ch\\\/allgemein\\\/2015-12-16\\\/swiss-life-fonds-erhoeht-sein-kapital\\\/#primaryimage\"},\"image\":{\"@id\":\"https:\\\/\\\/www.immobilienbusiness.ch\\\/allgemein\\\/2015-12-16\\\/swiss-life-fonds-erhoeht-sein-kapital\\\/#primaryimage\"},\"thumbnailUrl\":\"https:\\\/\\\/www.immobilienbusiness.ch\\\/wp-content\\\/uploads\\\/2016\\\/12\\\/Swiss-Life-Fonds-erhoeht-sein-Kapital-immobilien-business.jpg\",\"datePublished\":\"2015-12-16T07:24:57+00:00\",\"description\":\"Swiss Life erh\u00f6ht sein Kapital und reduziert die Fremdkapitalquote. Das Fondsmanagement investierte bereits in eine Z\u00fcrcher Gesch\u00e4ftsliegenschaft.\",\"breadcrumb\":{\"@id\":\"https:\\\/\\\/www.immobilienbusiness.ch\\\/allgemein\\\/2015-12-16\\\/swiss-life-fonds-erhoeht-sein-kapital\\\/#breadcrumb\"},\"inLanguage\":\"fr-FR\",\"potentialAction\":[{\"@type\":\"ReadAction\",\"target\":[\"https:\\\/\\\/www.immobilienbusiness.ch\\\/allgemein\\\/2015-12-16\\\/swiss-life-fonds-erhoeht-sein-kapital\\\/\"]}]},{\"@type\":\"ImageObject\",\"inLanguage\":\"fr-FR\",\"@id\":\"https:\\\/\\\/www.immobilienbusiness.ch\\\/allgemein\\\/2015-12-16\\\/swiss-life-fonds-erhoeht-sein-kapital\\\/#primaryimage\",\"url\":\"https:\\\/\\\/www.immobilienbusiness.ch\\\/wp-content\\\/uploads\\\/2016\\\/12\\\/Swiss-Life-Fonds-erhoeht-sein-Kapital-immobilien-business.jpg\",\"contentUrl\":\"https:\\\/\\\/www.immobilienbusiness.ch\\\/wp-content\\\/uploads\\\/2016\\\/12\\\/Swiss-Life-Fonds-erhoeht-sein-Kapital-immobilien-business.jpg\",\"width\":1280,\"height\":905,\"caption\":\"Kapitalerh\u00f6hung f\u00fcr den Swiss Life REF Commercial Properties Switzerland (Foto: Pixabay)\"},{\"@type\":\"BreadcrumbList\",\"@id\":\"https:\\\/\\\/www.immobilienbusiness.ch\\\/allgemein\\\/2015-12-16\\\/swiss-life-fonds-erhoeht-sein-kapital\\\/#breadcrumb\",\"itemListElement\":[{\"@type\":\"ListItem\",\"position\":1,\"name\":\"Home\",\"item\":\"https:\\\/\\\/www.immobilienbusiness.ch\\\/\"},{\"@type\":\"ListItem\",\"position\":2,\"name\":\"Swiss-Life-Fonds erh\u00f6ht sein Kapital\"}]},{\"@type\":\"WebSite\",\"@id\":\"https:\\\/\\\/www.immobilienbusiness.ch\\\/#website\",\"url\":\"https:\\\/\\\/www.immobilienbusiness.ch\\\/\",\"name\":\"IMMOBILIEN Business\",\"description\":\"Unabh\u00e4ngiges Schweizer Wirtschaftsmagazin mit Fokus auf Immobilien, Architektur- und Bau sowie Investment- und Finanzierung.\",\"publisher\":{\"@id\":\"https:\\\/\\\/www.immobilienbusiness.ch\\\/#organization\"},\"potentialAction\":[{\"@type\":\"SearchAction\",\"target\":{\"@type\":\"EntryPoint\",\"urlTemplate\":\"https:\\\/\\\/www.immobilienbusiness.ch\\\/?s={search_term_string}\"},\"query-input\":{\"@type\":\"PropertyValueSpecification\",\"valueRequired\":true,\"valueName\":\"search_term_string\"}}],\"inLanguage\":\"fr-FR\"},{\"@type\":\"Organization\",\"@id\":\"https:\\\/\\\/www.immobilienbusiness.ch\\\/#organization\",\"name\":\"IMMOBILIEN Business\",\"url\":\"https:\\\/\\\/www.immobilienbusiness.ch\\\/\",\"logo\":{\"@type\":\"ImageObject\",\"inLanguage\":\"fr-FR\",\"@id\":\"https:\\\/\\\/www.immobilienbusiness.ch\\\/#\\\/schema\\\/logo\\\/image\\\/\",\"url\":\"https:\\\/\\\/www.immobilienbusiness.ch\\\/wp-content\\\/uploads\\\/2021\\\/07\\\/logo_ib.png\",\"contentUrl\":\"https:\\\/\\\/www.immobilienbusiness.ch\\\/wp-content\\\/uploads\\\/2021\\\/07\\\/logo_ib.png\",\"width\":800,\"height\":181,\"caption\":\"IMMOBILIEN Business\"},\"image\":{\"@id\":\"https:\\\/\\\/www.immobilienbusiness.ch\\\/#\\\/schema\\\/logo\\\/image\\\/\"},\"sameAs\":[\"https:\\\/\\\/www.facebook.com\\\/immobilienbusiness\\\/\"]},{\"@type\":\"Person\",\"@id\":\"https:\\\/\\\/www.immobilienbusiness.ch\\\/#\\\/schema\\\/person\\\/aa2bace6c5c5aad60102004a50c4eb1c\",\"name\":\"Redaktion\",\"image\":{\"@type\":\"ImageObject\",\"inLanguage\":\"fr-FR\",\"@id\":\"https:\\\/\\\/secure.gravatar.com\\\/avatar\\\/ae2f4d718e6c49043e314ce431e7e645d646302a24a5ef5a8bc8e3f5a032e319?s=96&d=mm&r=g\",\"url\":\"https:\\\/\\\/secure.gravatar.com\\\/avatar\\\/ae2f4d718e6c49043e314ce431e7e645d646302a24a5ef5a8bc8e3f5a032e319?s=96&d=mm&r=g\",\"contentUrl\":\"https:\\\/\\\/secure.gravatar.com\\\/avatar\\\/ae2f4d718e6c49043e314ce431e7e645d646302a24a5ef5a8bc8e3f5a032e319?s=96&d=mm&r=g\",\"caption\":\"Redaktion\"},\"sameAs\":[\"http:\\\/\\\/develop.organisator.galledia.ch\"],\"url\":\"https:\\\/\\\/www.immobilienbusiness.ch\\\/fr\\\/author\\\/admin\\\/\"}]}<\/script>\n<!-- \/ Yoast SEO plugin. -->","yoast_head_json":{"title":"Kapitalerh\u00f6hung Swiss Life: Neue Investitionen in Immobilien","description":"Swiss Life erh\u00f6ht sein Kapital und reduziert die Fremdkapitalquote. Das Fondsmanagement investierte bereits in eine Z\u00fcrcher Gesch\u00e4ftsliegenschaft.","robots":{"index":"index","follow":"follow","max-snippet":"max-snippet:-1","max-image-preview":"max-image-preview:large","max-video-preview":"max-video-preview:-1"},"canonical":"https:\/\/www.immobilienbusiness.ch\/fr\/allgemein\/2015-12-16\/swiss-life-fonds-erhoeht-sein-kapital\/","og_locale":"fr_FR","og_type":"article","og_title":"Swiss-Life-Fonds erh\u00f6ht sein Kapital","og_description":"Der Immobilienfonds Swiss Life REF (LUX) Commercial Properties Switzerland hat \u00fcber eine Kapitalerh\u00f6hung 67,4 Millionen CHF erl\u00f6st.","og_url":"https:\/\/www.immobilienbusiness.ch\/fr\/allgemein\/2015-12-16\/swiss-life-fonds-erhoeht-sein-kapital\/","og_site_name":"IMMOBILIEN Business","article_publisher":"https:\/\/www.facebook.com\/immobilienbusiness\/","article_published_time":"2015-12-16T07:24:57+00:00","author":"Redaktion","twitter_card":"summary_large_image","twitter_image":"https:\/\/www.immobilienbusiness.ch\/wp-content\/uploads\/2016\/12\/Swiss-Life-Fonds-erhoeht-sein-Kapital-immobilien-business.jpg","schema":{"@context":"https:\/\/schema.org","@graph":[{"@type":"Article","@id":"https:\/\/www.immobilienbusiness.ch\/allgemein\/2015-12-16\/swiss-life-fonds-erhoeht-sein-kapital\/#article","isPartOf":{"@id":"https:\/\/www.immobilienbusiness.ch\/allgemein\/2015-12-16\/swiss-life-fonds-erhoeht-sein-kapital\/"},"author":{"name":"Redaktion","@id":"https:\/\/www.immobilienbusiness.ch\/#\/schema\/person\/aa2bace6c5c5aad60102004a50c4eb1c"},"headline":"Swiss-Life-Fonds erh\u00f6ht sein Kapital","datePublished":"2015-12-16T07:24:57+00:00","mainEntityOfPage":{"@id":"https:\/\/www.immobilienbusiness.ch\/allgemein\/2015-12-16\/swiss-life-fonds-erhoeht-sein-kapital\/"},"wordCount":116,"commentCount":0,"publisher":{"@id":"https:\/\/www.immobilienbusiness.ch\/#organization"},"image":{"@id":"https:\/\/www.immobilienbusiness.ch\/allgemein\/2015-12-16\/swiss-life-fonds-erhoeht-sein-kapital\/#primaryimage"},"thumbnailUrl":"https:\/\/www.immobilienbusiness.ch\/wp-content\/uploads\/2016\/12\/Swiss-Life-Fonds-erhoeht-sein-Kapital-immobilien-business.jpg","keywords":["Indirekte Immobilienanlagen"],"articleSection":["Allgemein"],"inLanguage":"fr-FR"},{"@type":"WebPage","@id":"https:\/\/www.immobilienbusiness.ch\/allgemein\/2015-12-16\/swiss-life-fonds-erhoeht-sein-kapital\/","url":"https:\/\/www.immobilienbusiness.ch\/allgemein\/2015-12-16\/swiss-life-fonds-erhoeht-sein-kapital\/","name":"Kapitalerh\u00f6hung Swiss Life: Neue Investitionen in Immobilien","isPartOf":{"@id":"https:\/\/www.immobilienbusiness.ch\/#website"},"primaryImageOfPage":{"@id":"https:\/\/www.immobilienbusiness.ch\/allgemein\/2015-12-16\/swiss-life-fonds-erhoeht-sein-kapital\/#primaryimage"},"image":{"@id":"https:\/\/www.immobilienbusiness.ch\/allgemein\/2015-12-16\/swiss-life-fonds-erhoeht-sein-kapital\/#primaryimage"},"thumbnailUrl":"https:\/\/www.immobilienbusiness.ch\/wp-content\/uploads\/2016\/12\/Swiss-Life-Fonds-erhoeht-sein-Kapital-immobilien-business.jpg","datePublished":"2015-12-16T07:24:57+00:00","description":"Swiss Life erh\u00f6ht sein Kapital und reduziert die Fremdkapitalquote. Das Fondsmanagement investierte bereits in eine Z\u00fcrcher Gesch\u00e4ftsliegenschaft.","breadcrumb":{"@id":"https:\/\/www.immobilienbusiness.ch\/allgemein\/2015-12-16\/swiss-life-fonds-erhoeht-sein-kapital\/#breadcrumb"},"inLanguage":"fr-FR","potentialAction":[{"@type":"ReadAction","target":["https:\/\/www.immobilienbusiness.ch\/allgemein\/2015-12-16\/swiss-life-fonds-erhoeht-sein-kapital\/"]}]},{"@type":"ImageObject","inLanguage":"fr-FR","@id":"https:\/\/www.immobilienbusiness.ch\/allgemein\/2015-12-16\/swiss-life-fonds-erhoeht-sein-kapital\/#primaryimage","url":"https:\/\/www.immobilienbusiness.ch\/wp-content\/uploads\/2016\/12\/Swiss-Life-Fonds-erhoeht-sein-Kapital-immobilien-business.jpg","contentUrl":"https:\/\/www.immobilienbusiness.ch\/wp-content\/uploads\/2016\/12\/Swiss-Life-Fonds-erhoeht-sein-Kapital-immobilien-business.jpg","width":1280,"height":905,"caption":"Kapitalerh\u00f6hung f\u00fcr den Swiss Life REF Commercial Properties Switzerland (Foto: Pixabay)"},{"@type":"BreadcrumbList","@id":"https:\/\/www.immobilienbusiness.ch\/allgemein\/2015-12-16\/swiss-life-fonds-erhoeht-sein-kapital\/#breadcrumb","itemListElement":[{"@type":"ListItem","position":1,"name":"Home","item":"https:\/\/www.immobilienbusiness.ch\/"},{"@type":"ListItem","position":2,"name":"Swiss-Life-Fonds erh\u00f6ht sein Kapital"}]},{"@type":"WebSite","@id":"https:\/\/www.immobilienbusiness.ch\/#website","url":"https:\/\/www.immobilienbusiness.ch\/","name":"IMMOBILIER Business","description":"Magazine \u00e9conomique suisse ind\u00e9pendant ax\u00e9 sur l'immobilier, l'architecture et la construction ainsi que sur les investissements et le financement.","publisher":{"@id":"https:\/\/www.immobilienbusiness.ch\/#organization"},"potentialAction":[{"@type":"SearchAction","target":{"@type":"EntryPoint","urlTemplate":"https:\/\/www.immobilienbusiness.ch\/?s={search_term_string}"},"query-input":{"@type":"PropertyValueSpecification","valueRequired":true,"valueName":"search_term_string"}}],"inLanguage":"fr-FR"},{"@type":"Organization","@id":"https:\/\/www.immobilienbusiness.ch\/#organization","name":"IMMOBILIER Business","url":"https:\/\/www.immobilienbusiness.ch\/","logo":{"@type":"ImageObject","inLanguage":"fr-FR","@id":"https:\/\/www.immobilienbusiness.ch\/#\/schema\/logo\/image\/","url":"https:\/\/www.immobilienbusiness.ch\/wp-content\/uploads\/2021\/07\/logo_ib.png","contentUrl":"https:\/\/www.immobilienbusiness.ch\/wp-content\/uploads\/2021\/07\/logo_ib.png","width":800,"height":181,"caption":"IMMOBILIEN Business"},"image":{"@id":"https:\/\/www.immobilienbusiness.ch\/#\/schema\/logo\/image\/"},"sameAs":["https:\/\/www.facebook.com\/immobilienbusiness\/"]},{"@type":"Person","@id":"https:\/\/www.immobilienbusiness.ch\/#\/schema\/person\/aa2bace6c5c5aad60102004a50c4eb1c","name":"Editorial","image":{"@type":"ImageObject","inLanguage":"fr-FR","@id":"https:\/\/secure.gravatar.com\/avatar\/ae2f4d718e6c49043e314ce431e7e645d646302a24a5ef5a8bc8e3f5a032e319?s=96&d=mm&r=g","url":"https:\/\/secure.gravatar.com\/avatar\/ae2f4d718e6c49043e314ce431e7e645d646302a24a5ef5a8bc8e3f5a032e319?s=96&d=mm&r=g","contentUrl":"https:\/\/secure.gravatar.com\/avatar\/ae2f4d718e6c49043e314ce431e7e645d646302a24a5ef5a8bc8e3f5a032e319?s=96&d=mm&r=g","caption":"Redaktion"},"sameAs":["http:\/\/develop.organisator.galledia.ch"],"url":"https:\/\/www.immobilienbusiness.ch\/fr\/author\/admin\/"}]}},"_links":{"self":[{"href":"https:\/\/www.immobilienbusiness.ch\/fr\/wp-json\/wp\/v2\/posts\/1898","targetHints":{"allow":["GET"]}}],"collection":[{"href":"https:\/\/www.immobilienbusiness.ch\/fr\/wp-json\/wp\/v2\/posts"}],"about":[{"href":"https:\/\/www.immobilienbusiness.ch\/fr\/wp-json\/wp\/v2\/types\/post"}],"author":[{"embeddable":true,"href":"https:\/\/www.immobilienbusiness.ch\/fr\/wp-json\/wp\/v2\/users\/1"}],"replies":[{"embeddable":true,"href":"https:\/\/www.immobilienbusiness.ch\/fr\/wp-json\/wp\/v2\/comments?post=1898"}],"version-history":[{"count":0,"href":"https:\/\/www.immobilienbusiness.ch\/fr\/wp-json\/wp\/v2\/posts\/1898\/revisions"}],"wp:featuredmedia":[{"embeddable":true,"href":"https:\/\/www.immobilienbusiness.ch\/fr\/wp-json\/wp\/v2\/media\/1899"}],"wp:attachment":[{"href":"https:\/\/www.immobilienbusiness.ch\/fr\/wp-json\/wp\/v2\/media?parent=1898"}],"wp:term":[{"taxonomy":"category","embeddable":true,"href":"https:\/\/www.immobilienbusiness.ch\/fr\/wp-json\/wp\/v2\/categories?post=1898"},{"taxonomy":"post_tag","embeddable":true,"href":"https:\/\/www.immobilienbusiness.ch\/fr\/wp-json\/wp\/v2\/tags?post=1898"}],"curies":[{"name":"wp","href":"https:\/\/api.w.org\/{rel}","templated":true}]}}