{"id":18660,"date":"2019-10-02T08:40:13","date_gmt":"2019-10-02T06:40:13","guid":{"rendered":"https:\/\/www.immobilienbusiness.ch\/?p=18660"},"modified":"2019-10-02T08:40:13","modified_gmt":"2019-10-02T06:40:13","slug":"pfaeffikon-rituals-mietet-im-seedamm-center","status":"publish","type":"post","link":"https:\/\/www.immobilienbusiness.ch\/fr\/retail\/2019-10-02\/pfaeffikon-rituals-mietet-im-seedamm-center\/","title":{"rendered":"Pf\u00e4ffikon : Les rentes rituelles dans le Seedamm-Center"},"content":{"rendered":"<figure id=\"attachment_18663\" aria-describedby=\"caption-attachment-18663\" style=\"width: 680px\" class=\"wp-caption alignnone\"><img loading=\"lazy\" decoding=\"async\" class=\"size-medium wp-image-18663\" src=\"https:\/\/www.immobilienbusiness.ch\/wp-content\/uploads\/2019\/09\/Rituals-Seedamm-Center.jpg\" alt=\"\" width=\"680\" height=\"510\" srcset=\"https:\/\/www.immobilienbusiness.ch\/wp-content\/uploads\/2019\/09\/Rituals-Seedamm-Center.jpg 2560w, https:\/\/www.immobilienbusiness.ch\/wp-content\/uploads\/2019\/09\/Rituals-Seedamm-Center-300x225.jpg 300w, https:\/\/www.immobilienbusiness.ch\/wp-content\/uploads\/2019\/09\/Rituals-Seedamm-Center-1024x768.jpg 1024w, https:\/\/www.immobilienbusiness.ch\/wp-content\/uploads\/2019\/09\/Rituals-Seedamm-Center-768x576.jpg 768w, https:\/\/www.immobilienbusiness.ch\/wp-content\/uploads\/2019\/09\/Rituals-Seedamm-Center-1536x1152.jpg 1536w, https:\/\/www.immobilienbusiness.ch\/wp-content\/uploads\/2019\/09\/Rituals-Seedamm-Center-2048x1536.jpg 2048w, https:\/\/www.immobilienbusiness.ch\/wp-content\/uploads\/2019\/09\/Rituals-Seedamm-Center-16x12.jpg 16w, https:\/\/www.immobilienbusiness.ch\/wp-content\/uploads\/2019\/09\/Rituals-Seedamm-Center-233x175.jpg 233w, https:\/\/www.immobilienbusiness.ch\/wp-content\/uploads\/2019\/09\/Rituals-Seedamm-Center-467x350.jpg 467w, https:\/\/www.immobilienbusiness.ch\/wp-content\/uploads\/2019\/09\/Rituals-Seedamm-Center-1067x800.jpg 1067w, https:\/\/www.immobilienbusiness.ch\/wp-content\/uploads\/2019\/09\/Rituals-Seedamm-Center-920x690.jpg 920w, https:\/\/www.immobilienbusiness.ch\/wp-content\/uploads\/2019\/09\/Rituals-Seedamm-Center-1400x1050.jpg 1400w, https:\/\/www.immobilienbusiness.ch\/wp-content\/uploads\/2019\/09\/Rituals-Seedamm-Center-1867x1400.jpg 1867w\" sizes=\"auto, (max-width: 680px) 100vw, 680px\" \/><figcaption id=\"caption-attachment-18663\" class=\"wp-caption-text\">La filiale Rituals au Seedamm-Center (photo : SPG Intercity Zurich)<\/figcaption><\/figure>\n<p>Rituals a ouvert son nouveau magasin le 18 septembre au Seedamm-Center ; le local commercial s'\u00e9tend sur 160 m\u00b2. Le Seedamm-Center est consid\u00e9r\u00e9 comme le plus grand centre commercial du lac sup\u00e9rieur de Zurich : ses quelque 20 100 m\u00b2 de surface de vente abritent 48 magasins. Il est bien desservi par les transports publics et dispose en outre de 1.500 places de parking. SPG Intercity Zurich a travaill\u00e9 pour Rituals. Le prestataire de services immobiliers avait d\u00e9j\u00e0 procur\u00e9 \u00e0 l'entreprise son premier site suisse \u00e0 la Marktgasse \u00e0 Zurich ainsi qu'un magasin au Shoppi Tivoli.<\/p>\n<p>Rituals a ouvert son premier magasin en 2000. Aujourd'hui, la marque de cosm\u00e9tiques poss\u00e8de plus de 600 magasins dans 27 pays du monde. D'ici la fin de l'ann\u00e9e 2020, le r\u00e9seau de magasins devrait s'\u00e9tendre \u00e0 1 000 magasins. <em>(ah)<\/em><\/p>","protected":false},"excerpt":{"rendered":"<p>La marque de cosm\u00e9tiques Rituals a lou\u00e9 un local commercial au Seedamm-Center de Pf\u00e4ffikon (SZ). SPG Intercity Zurich a trouv\u00e9 l'emplacement pour l'entreprise.<\/p>","protected":false},"author":3,"featured_media":18663,"comment_status":"closed","ping_status":"open","sticky":false,"template":"","format":"standard","meta":{"_acf_changed":false,"_yoast_wpseo_focuskw":"Rituals","_yoast_wpseo_title":"","_yoast_wpseo_metadesc":"Die Kosmetikmarke Rituals hat ein Ladenlokal im\u00a0Seedamm-Center in Pf\u00e4ffikon (SZ) angemietet.\u00a0SPG Intercity Zurich hat den Standort f\u00fcr die Firma gefunden.","_yoast_wpseo_linkdex":42,"pgc_sgb_lightbox_settings":"","footnotes":""},"categories":[987],"tags":[1569,1645,1717,1832],"class_list":["post-18660","post","type-post","status-publish","format-standard","has-post-thumbnail","hentry","category-retail","tag-pfaeffikon","tag-retailflaechen","tag-spg-intercity","tag-vermietung"],"acf":[],"yoast_head":"<!-- This site is optimized with the Yoast SEO plugin v27.5 - https:\/\/yoast.com\/product\/yoast-seo-wordpress\/ -->\n<title>Pf\u00e4ffikon: Rituals mietet im Seedamm-Center - IMMOBILIEN Business<\/title>\n<meta name=\"description\" content=\"Die Kosmetikmarke Rituals hat ein Ladenlokal im\u00a0Seedamm-Center in Pf\u00e4ffikon (SZ) angemietet.\u00a0SPG Intercity Zurich hat den Standort f\u00fcr die Firma gefunden.\" \/>\n<meta name=\"robots\" content=\"index, follow, max-snippet:-1, max-image-preview:large, max-video-preview:-1\" \/>\n<link rel=\"canonical\" href=\"https:\/\/www.immobilienbusiness.ch\/fr\/retail\/2019-10-02\/pfaeffikon-rituals-mietet-im-seedamm-center\/\" \/>\n<meta property=\"og:locale\" content=\"fr_FR\" \/>\n<meta property=\"og:type\" content=\"article\" \/>\n<meta property=\"og:title\" content=\"Pf\u00e4ffikon: Rituals mietet im Seedamm-Center - IMMOBILIEN Business\" \/>\n<meta property=\"og:description\" content=\"Die Kosmetikmarke Rituals hat ein Ladenlokal im\u00a0Seedamm-Center in Pf\u00e4ffikon (SZ) angemietet.\u00a0SPG Intercity Zurich hat den Standort f\u00fcr die Firma gefunden.\" \/>\n<meta property=\"og:url\" content=\"https:\/\/www.immobilienbusiness.ch\/fr\/retail\/2019-10-02\/pfaeffikon-rituals-mietet-im-seedamm-center\/\" \/>\n<meta property=\"og:site_name\" content=\"IMMOBILIEN Business\" \/>\n<meta property=\"article:publisher\" content=\"https:\/\/www.facebook.com\/immobilienbusiness\/\" \/>\n<meta property=\"article:published_time\" content=\"2019-10-02T06:40:13+00:00\" \/>\n<meta property=\"og:image\" content=\"https:\/\/www.immobilienbusiness.ch\/wp-content\/uploads\/2019\/09\/Rituals-Seedamm-Center-1024x768.jpg\" \/>\n\t<meta property=\"og:image:width\" content=\"1024\" \/>\n\t<meta property=\"og:image:height\" content=\"768\" \/>\n\t<meta property=\"og:image:type\" content=\"image\/jpeg\" \/>\n<meta name=\"author\" content=\"anja.hall\" \/>\n<meta name=\"twitter:card\" content=\"summary_large_image\" \/>\n<meta name=\"twitter:image\" content=\"https:\/\/www.immobilienbusiness.ch\/wp-content\/uploads\/2019\/09\/Rituals-Seedamm-Center.jpg\" \/>\n<script type=\"application\/ld+json\" class=\"yoast-schema-graph\">{\"@context\":\"https:\\\/\\\/schema.org\",\"@graph\":[{\"@type\":\"Article\",\"@id\":\"https:\\\/\\\/www.immobilienbusiness.ch\\\/de\\\/retail\\\/2019-10-02\\\/pfaeffikon-rituals-mietet-im-seedamm-center\\\/#article\",\"isPartOf\":{\"@id\":\"https:\\\/\\\/www.immobilienbusiness.ch\\\/de\\\/retail\\\/2019-10-02\\\/pfaeffikon-rituals-mietet-im-seedamm-center\\\/\"},\"author\":{\"name\":\"anja.hall\",\"@id\":\"https:\\\/\\\/www.immobilienbusiness.ch\\\/#\\\/schema\\\/person\\\/3fc036297b10b9f42d6db5ee932af8c8\"},\"headline\":\"Pf\u00e4ffikon: Rituals mietet im Seedamm-Center\",\"datePublished\":\"2019-10-02T06:40:13+00:00\",\"mainEntityOfPage\":{\"@id\":\"https:\\\/\\\/www.immobilienbusiness.ch\\\/de\\\/retail\\\/2019-10-02\\\/pfaeffikon-rituals-mietet-im-seedamm-center\\\/\"},\"wordCount\":133,\"publisher\":{\"@id\":\"https:\\\/\\\/www.immobilienbusiness.ch\\\/#organization\"},\"image\":{\"@id\":\"https:\\\/\\\/www.immobilienbusiness.ch\\\/de\\\/retail\\\/2019-10-02\\\/pfaeffikon-rituals-mietet-im-seedamm-center\\\/#primaryimage\"},\"thumbnailUrl\":\"https:\\\/\\\/www.immobilienbusiness.ch\\\/wp-content\\\/uploads\\\/2019\\\/09\\\/Rituals-Seedamm-Center.jpg\",\"keywords\":[\"Pf\u00e4ffikon\",\"Retailfl\u00e4chen\",\"SPG Intercity\",\"Vermietung\"],\"articleSection\":[\"RETAIL\"],\"inLanguage\":\"fr-FR\"},{\"@type\":\"WebPage\",\"@id\":\"https:\\\/\\\/www.immobilienbusiness.ch\\\/de\\\/retail\\\/2019-10-02\\\/pfaeffikon-rituals-mietet-im-seedamm-center\\\/\",\"url\":\"https:\\\/\\\/www.immobilienbusiness.ch\\\/de\\\/retail\\\/2019-10-02\\\/pfaeffikon-rituals-mietet-im-seedamm-center\\\/\",\"name\":\"Pf\u00e4ffikon: Rituals mietet im Seedamm-Center - IMMOBILIEN Business\",\"isPartOf\":{\"@id\":\"https:\\\/\\\/www.immobilienbusiness.ch\\\/#website\"},\"primaryImageOfPage\":{\"@id\":\"https:\\\/\\\/www.immobilienbusiness.ch\\\/de\\\/retail\\\/2019-10-02\\\/pfaeffikon-rituals-mietet-im-seedamm-center\\\/#primaryimage\"},\"image\":{\"@id\":\"https:\\\/\\\/www.immobilienbusiness.ch\\\/de\\\/retail\\\/2019-10-02\\\/pfaeffikon-rituals-mietet-im-seedamm-center\\\/#primaryimage\"},\"thumbnailUrl\":\"https:\\\/\\\/www.immobilienbusiness.ch\\\/wp-content\\\/uploads\\\/2019\\\/09\\\/Rituals-Seedamm-Center.jpg\",\"datePublished\":\"2019-10-02T06:40:13+00:00\",\"description\":\"Die Kosmetikmarke Rituals hat ein Ladenlokal im\u00a0Seedamm-Center in Pf\u00e4ffikon (SZ) angemietet.\u00a0SPG Intercity Zurich hat den Standort f\u00fcr die Firma gefunden.\",\"breadcrumb\":{\"@id\":\"https:\\\/\\\/www.immobilienbusiness.ch\\\/de\\\/retail\\\/2019-10-02\\\/pfaeffikon-rituals-mietet-im-seedamm-center\\\/#breadcrumb\"},\"inLanguage\":\"fr-FR\",\"potentialAction\":[{\"@type\":\"ReadAction\",\"target\":[\"https:\\\/\\\/www.immobilienbusiness.ch\\\/de\\\/retail\\\/2019-10-02\\\/pfaeffikon-rituals-mietet-im-seedamm-center\\\/\"]}]},{\"@type\":\"ImageObject\",\"inLanguage\":\"fr-FR\",\"@id\":\"https:\\\/\\\/www.immobilienbusiness.ch\\\/de\\\/retail\\\/2019-10-02\\\/pfaeffikon-rituals-mietet-im-seedamm-center\\\/#primaryimage\",\"url\":\"https:\\\/\\\/www.immobilienbusiness.ch\\\/wp-content\\\/uploads\\\/2019\\\/09\\\/Rituals-Seedamm-Center.jpg\",\"contentUrl\":\"https:\\\/\\\/www.immobilienbusiness.ch\\\/wp-content\\\/uploads\\\/2019\\\/09\\\/Rituals-Seedamm-Center.jpg\",\"width\":2560,\"height\":1920,\"caption\":\"Die Rituals-Filiale im Seedamm-Center (Bild: SPG Intercity Zurich)\"},{\"@type\":\"BreadcrumbList\",\"@id\":\"https:\\\/\\\/www.immobilienbusiness.ch\\\/de\\\/retail\\\/2019-10-02\\\/pfaeffikon-rituals-mietet-im-seedamm-center\\\/#breadcrumb\",\"itemListElement\":[{\"@type\":\"ListItem\",\"position\":1,\"name\":\"Home\",\"item\":\"https:\\\/\\\/www.immobilienbusiness.ch\\\/\"},{\"@type\":\"ListItem\",\"position\":2,\"name\":\"Pf\u00e4ffikon: Rituals mietet im Seedamm-Center\"}]},{\"@type\":\"WebSite\",\"@id\":\"https:\\\/\\\/www.immobilienbusiness.ch\\\/#website\",\"url\":\"https:\\\/\\\/www.immobilienbusiness.ch\\\/\",\"name\":\"IMMOBILIEN Business\",\"description\":\"Unabh\u00e4ngiges Schweizer Wirtschaftsmagazin mit Fokus auf Immobilien, Architektur- und Bau sowie Investment- und Finanzierung.\",\"publisher\":{\"@id\":\"https:\\\/\\\/www.immobilienbusiness.ch\\\/#organization\"},\"potentialAction\":[{\"@type\":\"SearchAction\",\"target\":{\"@type\":\"EntryPoint\",\"urlTemplate\":\"https:\\\/\\\/www.immobilienbusiness.ch\\\/?s={search_term_string}\"},\"query-input\":{\"@type\":\"PropertyValueSpecification\",\"valueRequired\":true,\"valueName\":\"search_term_string\"}}],\"inLanguage\":\"fr-FR\"},{\"@type\":\"Organization\",\"@id\":\"https:\\\/\\\/www.immobilienbusiness.ch\\\/#organization\",\"name\":\"IMMOBILIEN Business\",\"url\":\"https:\\\/\\\/www.immobilienbusiness.ch\\\/\",\"logo\":{\"@type\":\"ImageObject\",\"inLanguage\":\"fr-FR\",\"@id\":\"https:\\\/\\\/www.immobilienbusiness.ch\\\/#\\\/schema\\\/logo\\\/image\\\/\",\"url\":\"https:\\\/\\\/www.immobilienbusiness.ch\\\/wp-content\\\/uploads\\\/2021\\\/07\\\/logo_ib.png\",\"contentUrl\":\"https:\\\/\\\/www.immobilienbusiness.ch\\\/wp-content\\\/uploads\\\/2021\\\/07\\\/logo_ib.png\",\"width\":800,\"height\":181,\"caption\":\"IMMOBILIEN Business\"},\"image\":{\"@id\":\"https:\\\/\\\/www.immobilienbusiness.ch\\\/#\\\/schema\\\/logo\\\/image\\\/\"},\"sameAs\":[\"https:\\\/\\\/www.facebook.com\\\/immobilienbusiness\\\/\"]},{\"@type\":\"Person\",\"@id\":\"https:\\\/\\\/www.immobilienbusiness.ch\\\/#\\\/schema\\\/person\\\/3fc036297b10b9f42d6db5ee932af8c8\",\"name\":\"anja.hall\",\"image\":{\"@type\":\"ImageObject\",\"inLanguage\":\"fr-FR\",\"@id\":\"https:\\\/\\\/secure.gravatar.com\\\/avatar\\\/066b5a0d447013502c71a5782f4f3469f03cfe595cc2329fb94652fe47511bfb?s=96&d=mm&r=g\",\"url\":\"https:\\\/\\\/secure.gravatar.com\\\/avatar\\\/066b5a0d447013502c71a5782f4f3469f03cfe595cc2329fb94652fe47511bfb?s=96&d=mm&r=g\",\"contentUrl\":\"https:\\\/\\\/secure.gravatar.com\\\/avatar\\\/066b5a0d447013502c71a5782f4f3469f03cfe595cc2329fb94652fe47511bfb?s=96&d=mm&r=g\",\"caption\":\"anja.hall\"},\"url\":\"https:\\\/\\\/www.immobilienbusiness.ch\\\/fr\\\/author\\\/anja-hall\\\/\"}]}<\/script>\n<!-- \/ Yoast SEO plugin. -->","yoast_head_json":{"title":"Pf\u00e4ffikon: Rituals mietet im Seedamm-Center - IMMOBILIEN Business","description":"La marque de cosm\u00e9tiques Rituals a lou\u00e9 un local commercial au Seedamm-Center de Pf\u00e4ffikon (SZ). SPG Intercity Zurich a trouv\u00e9 l'emplacement pour l'entreprise.","robots":{"index":"index","follow":"follow","max-snippet":"max-snippet:-1","max-image-preview":"max-image-preview:large","max-video-preview":"max-video-preview:-1"},"canonical":"https:\/\/www.immobilienbusiness.ch\/fr\/retail\/2019-10-02\/pfaeffikon-rituals-mietet-im-seedamm-center\/","og_locale":"fr_FR","og_type":"article","og_title":"Pf\u00e4ffikon: Rituals mietet im Seedamm-Center - IMMOBILIEN Business","og_description":"Die Kosmetikmarke Rituals hat ein Ladenlokal im\u00a0Seedamm-Center in Pf\u00e4ffikon (SZ) angemietet.\u00a0SPG Intercity Zurich hat den Standort f\u00fcr die Firma gefunden.","og_url":"https:\/\/www.immobilienbusiness.ch\/fr\/retail\/2019-10-02\/pfaeffikon-rituals-mietet-im-seedamm-center\/","og_site_name":"IMMOBILIEN Business","article_publisher":"https:\/\/www.facebook.com\/immobilienbusiness\/","article_published_time":"2019-10-02T06:40:13+00:00","og_image":[{"width":1024,"height":768,"url":"https:\/\/www.immobilienbusiness.ch\/wp-content\/uploads\/2019\/09\/Rituals-Seedamm-Center-1024x768.jpg","type":"image\/jpeg"}],"author":"anja.hall","twitter_card":"summary_large_image","twitter_image":"https:\/\/www.immobilienbusiness.ch\/wp-content\/uploads\/2019\/09\/Rituals-Seedamm-Center.jpg","schema":{"@context":"https:\/\/schema.org","@graph":[{"@type":"Article","@id":"https:\/\/www.immobilienbusiness.ch\/de\/retail\/2019-10-02\/pfaeffikon-rituals-mietet-im-seedamm-center\/#article","isPartOf":{"@id":"https:\/\/www.immobilienbusiness.ch\/de\/retail\/2019-10-02\/pfaeffikon-rituals-mietet-im-seedamm-center\/"},"author":{"name":"anja.hall","@id":"https:\/\/www.immobilienbusiness.ch\/#\/schema\/person\/3fc036297b10b9f42d6db5ee932af8c8"},"headline":"Pf\u00e4ffikon: Rituals mietet im Seedamm-Center","datePublished":"2019-10-02T06:40:13+00:00","mainEntityOfPage":{"@id":"https:\/\/www.immobilienbusiness.ch\/de\/retail\/2019-10-02\/pfaeffikon-rituals-mietet-im-seedamm-center\/"},"wordCount":133,"publisher":{"@id":"https:\/\/www.immobilienbusiness.ch\/#organization"},"image":{"@id":"https:\/\/www.immobilienbusiness.ch\/de\/retail\/2019-10-02\/pfaeffikon-rituals-mietet-im-seedamm-center\/#primaryimage"},"thumbnailUrl":"https:\/\/www.immobilienbusiness.ch\/wp-content\/uploads\/2019\/09\/Rituals-Seedamm-Center.jpg","keywords":["Pf\u00e4ffikon","Retailfl\u00e4chen","SPG Intercity","Vermietung"],"articleSection":["RETAIL"],"inLanguage":"fr-FR"},{"@type":"WebPage","@id":"https:\/\/www.immobilienbusiness.ch\/de\/retail\/2019-10-02\/pfaeffikon-rituals-mietet-im-seedamm-center\/","url":"https:\/\/www.immobilienbusiness.ch\/de\/retail\/2019-10-02\/pfaeffikon-rituals-mietet-im-seedamm-center\/","name":"Pf\u00e4ffikon: Rituals mietet im Seedamm-Center - IMMOBILIEN Business","isPartOf":{"@id":"https:\/\/www.immobilienbusiness.ch\/#website"},"primaryImageOfPage":{"@id":"https:\/\/www.immobilienbusiness.ch\/de\/retail\/2019-10-02\/pfaeffikon-rituals-mietet-im-seedamm-center\/#primaryimage"},"image":{"@id":"https:\/\/www.immobilienbusiness.ch\/de\/retail\/2019-10-02\/pfaeffikon-rituals-mietet-im-seedamm-center\/#primaryimage"},"thumbnailUrl":"https:\/\/www.immobilienbusiness.ch\/wp-content\/uploads\/2019\/09\/Rituals-Seedamm-Center.jpg","datePublished":"2019-10-02T06:40:13+00:00","description":"La marque de cosm\u00e9tiques Rituals a lou\u00e9 un local commercial au Seedamm-Center de Pf\u00e4ffikon (SZ). SPG Intercity Zurich a trouv\u00e9 l'emplacement pour l'entreprise.","breadcrumb":{"@id":"https:\/\/www.immobilienbusiness.ch\/de\/retail\/2019-10-02\/pfaeffikon-rituals-mietet-im-seedamm-center\/#breadcrumb"},"inLanguage":"fr-FR","potentialAction":[{"@type":"ReadAction","target":["https:\/\/www.immobilienbusiness.ch\/de\/retail\/2019-10-02\/pfaeffikon-rituals-mietet-im-seedamm-center\/"]}]},{"@type":"ImageObject","inLanguage":"fr-FR","@id":"https:\/\/www.immobilienbusiness.ch\/de\/retail\/2019-10-02\/pfaeffikon-rituals-mietet-im-seedamm-center\/#primaryimage","url":"https:\/\/www.immobilienbusiness.ch\/wp-content\/uploads\/2019\/09\/Rituals-Seedamm-Center.jpg","contentUrl":"https:\/\/www.immobilienbusiness.ch\/wp-content\/uploads\/2019\/09\/Rituals-Seedamm-Center.jpg","width":2560,"height":1920,"caption":"Die Rituals-Filiale im Seedamm-Center (Bild: SPG Intercity Zurich)"},{"@type":"BreadcrumbList","@id":"https:\/\/www.immobilienbusiness.ch\/de\/retail\/2019-10-02\/pfaeffikon-rituals-mietet-im-seedamm-center\/#breadcrumb","itemListElement":[{"@type":"ListItem","position":1,"name":"Home","item":"https:\/\/www.immobilienbusiness.ch\/"},{"@type":"ListItem","position":2,"name":"Pf\u00e4ffikon: Rituals mietet im Seedamm-Center"}]},{"@type":"WebSite","@id":"https:\/\/www.immobilienbusiness.ch\/#website","url":"https:\/\/www.immobilienbusiness.ch\/","name":"IMMOBILIER Business","description":"Magazine \u00e9conomique suisse ind\u00e9pendant ax\u00e9 sur l'immobilier, l'architecture et la construction ainsi que sur les investissements et le financement.","publisher":{"@id":"https:\/\/www.immobilienbusiness.ch\/#organization"},"potentialAction":[{"@type":"SearchAction","target":{"@type":"EntryPoint","urlTemplate":"https:\/\/www.immobilienbusiness.ch\/?s={search_term_string}"},"query-input":{"@type":"PropertyValueSpecification","valueRequired":true,"valueName":"search_term_string"}}],"inLanguage":"fr-FR"},{"@type":"Organization","@id":"https:\/\/www.immobilienbusiness.ch\/#organization","name":"IMMOBILIER Business","url":"https:\/\/www.immobilienbusiness.ch\/","logo":{"@type":"ImageObject","inLanguage":"fr-FR","@id":"https:\/\/www.immobilienbusiness.ch\/#\/schema\/logo\/image\/","url":"https:\/\/www.immobilienbusiness.ch\/wp-content\/uploads\/2021\/07\/logo_ib.png","contentUrl":"https:\/\/www.immobilienbusiness.ch\/wp-content\/uploads\/2021\/07\/logo_ib.png","width":800,"height":181,"caption":"IMMOBILIEN Business"},"image":{"@id":"https:\/\/www.immobilienbusiness.ch\/#\/schema\/logo\/image\/"},"sameAs":["https:\/\/www.facebook.com\/immobilienbusiness\/"]},{"@type":"Person","@id":"https:\/\/www.immobilienbusiness.ch\/#\/schema\/person\/3fc036297b10b9f42d6db5ee932af8c8","name":"anja.hall","image":{"@type":"ImageObject","inLanguage":"fr-FR","@id":"https:\/\/secure.gravatar.com\/avatar\/066b5a0d447013502c71a5782f4f3469f03cfe595cc2329fb94652fe47511bfb?s=96&d=mm&r=g","url":"https:\/\/secure.gravatar.com\/avatar\/066b5a0d447013502c71a5782f4f3469f03cfe595cc2329fb94652fe47511bfb?s=96&d=mm&r=g","contentUrl":"https:\/\/secure.gravatar.com\/avatar\/066b5a0d447013502c71a5782f4f3469f03cfe595cc2329fb94652fe47511bfb?s=96&d=mm&r=g","caption":"anja.hall"},"url":"https:\/\/www.immobilienbusiness.ch\/fr\/author\/anja-hall\/"}]}},"_links":{"self":[{"href":"https:\/\/www.immobilienbusiness.ch\/fr\/wp-json\/wp\/v2\/posts\/18660","targetHints":{"allow":["GET"]}}],"collection":[{"href":"https:\/\/www.immobilienbusiness.ch\/fr\/wp-json\/wp\/v2\/posts"}],"about":[{"href":"https:\/\/www.immobilienbusiness.ch\/fr\/wp-json\/wp\/v2\/types\/post"}],"author":[{"embeddable":true,"href":"https:\/\/www.immobilienbusiness.ch\/fr\/wp-json\/wp\/v2\/users\/3"}],"replies":[{"embeddable":true,"href":"https:\/\/www.immobilienbusiness.ch\/fr\/wp-json\/wp\/v2\/comments?post=18660"}],"version-history":[{"count":0,"href":"https:\/\/www.immobilienbusiness.ch\/fr\/wp-json\/wp\/v2\/posts\/18660\/revisions"}],"wp:featuredmedia":[{"embeddable":true,"href":"https:\/\/www.immobilienbusiness.ch\/fr\/wp-json\/wp\/v2\/media\/18663"}],"wp:attachment":[{"href":"https:\/\/www.immobilienbusiness.ch\/fr\/wp-json\/wp\/v2\/media?parent=18660"}],"wp:term":[{"taxonomy":"category","embeddable":true,"href":"https:\/\/www.immobilienbusiness.ch\/fr\/wp-json\/wp\/v2\/categories?post=18660"},{"taxonomy":"post_tag","embeddable":true,"href":"https:\/\/www.immobilienbusiness.ch\/fr\/wp-json\/wp\/v2\/tags?post=18660"}],"curies":[{"name":"wp","href":"https:\/\/api.w.org\/{rel}","templated":true}]}}