{"id":18503,"date":"2019-09-23T08:56:52","date_gmt":"2019-09-23T06:56:52","guid":{"rendered":"https:\/\/www.immobilienbusiness.ch\/?p=18503"},"modified":"2019-09-23T08:56:52","modified_gmt":"2019-09-23T06:56:52","slug":"basel-baufreigabe-fuer-die-werkarena","status":"publish","type":"post","link":"https:\/\/www.immobilienbusiness.ch\/fr\/regionen\/2019-09-23\/basel-baufreigabe-fuer-die-werkarena\/","title":{"rendered":"B\u00e2le : permis de construire pour la Werkarena"},"content":{"rendered":"<figure id=\"attachment_18505\" aria-describedby=\"caption-attachment-18505\" style=\"width: 680px\" class=\"wp-caption alignnone\"><img loading=\"lazy\" decoding=\"async\" class=\"size-medium wp-image-18505\" src=\"https:\/\/www.immobilienbusiness.ch\/wp-content\/uploads\/2019\/09\/Werkarena_Aussen.jpg\" alt=\"\" width=\"680\" height=\"492\" srcset=\"https:\/\/www.immobilienbusiness.ch\/wp-content\/uploads\/2019\/09\/Werkarena_Aussen.jpg 2560w, https:\/\/www.immobilienbusiness.ch\/wp-content\/uploads\/2019\/09\/Werkarena_Aussen-300x217.jpg 300w, https:\/\/www.immobilienbusiness.ch\/wp-content\/uploads\/2019\/09\/Werkarena_Aussen-1024x740.jpg 1024w, https:\/\/www.immobilienbusiness.ch\/wp-content\/uploads\/2019\/09\/Werkarena_Aussen-768x555.jpg 768w, https:\/\/www.immobilienbusiness.ch\/wp-content\/uploads\/2019\/09\/Werkarena_Aussen-1536x1111.jpg 1536w, https:\/\/www.immobilienbusiness.ch\/wp-content\/uploads\/2019\/09\/Werkarena_Aussen-2048x1481.jpg 2048w, https:\/\/www.immobilienbusiness.ch\/wp-content\/uploads\/2019\/09\/Werkarena_Aussen-16x12.jpg 16w, https:\/\/www.immobilienbusiness.ch\/wp-content\/uploads\/2019\/09\/Werkarena_Aussen-242x175.jpg 242w, https:\/\/www.immobilienbusiness.ch\/wp-content\/uploads\/2019\/09\/Werkarena_Aussen-484x350.jpg 484w, https:\/\/www.immobilienbusiness.ch\/wp-content\/uploads\/2019\/09\/Werkarena_Aussen-1106x800.jpg 1106w, https:\/\/www.immobilienbusiness.ch\/wp-content\/uploads\/2019\/09\/Werkarena_Aussen-920x665.jpg 920w, https:\/\/www.immobilienbusiness.ch\/wp-content\/uploads\/2019\/09\/Werkarena_Aussen-1400x1012.jpg 1400w, https:\/\/www.immobilienbusiness.ch\/wp-content\/uploads\/2019\/09\/Werkarena_Aussen-1936x1400.jpg 1936w\" sizes=\"auto, (max-width: 680px) 100vw, 680px\" \/><figcaption id=\"caption-attachment-18505\" class=\"wp-caption-text\">Le Werkarena \u00e0 B\u00e2le (Visualisation : Steiner AG)<\/figcaption><\/figure>\n<p>Selon Stefan Gabriel, chef d'\u00e9quipe du d\u00e9veloppement immobilier chez Steiner, les travaux de construction du complexe immobilier devraient d\u00e9buter dans quelques jours. Les premiers emm\u00e9nagements sont pr\u00e9vus \u00e0 partir de l'automne 2021. Le Werkarena comprendra 20.000 m\u00b2 de surfaces de stockage, de bureaux et de production ; le groupe cible est constitu\u00e9 de jeunes entrepreneurs et de PME.<\/p>\n<p>Le lotissement est situ\u00e9 au nord de B\u00e2le, \u00e0 proximit\u00e9 imm\u00e9diate de la fronti\u00e8re. La Werkarena est facilement accessible depuis le centre-ville de B\u00e2le ainsi que depuis l'EuroAirport B\u00e2le-Mulhouse, le site est directement reli\u00e9 \u00e0 l'autoroute A3. Le projet est une initiative de l'association des commer\u00e7ants de B\u00e2le-Ville, de Immobilien Basel-Stadt, du Businessparc Reinach, de Steiner, Smeyers et Picard Angst ainsi que d'autres grandes entreprises.<\/p>\n<p>Les petites camionnettes peuvent acc\u00e9der aux deux \u00e9tages commerciaux inf\u00e9rieurs gr\u00e2ce \u00e0 un syst\u00e8me de rampes. Les quatre \u00e9tages sup\u00e9rieurs du Werkarena abritent des bureaux et des salles de r\u00e9union. Les entreprises peuvent soit louer des surfaces, soit les acqu\u00e9rir en propri\u00e9t\u00e9 par \u00e9tage.<\/p>\n<p>Le projet comprend \u00e9galement un parc commercial et d'affaires, g\u00e9r\u00e9 par l'association des commer\u00e7ants de B\u00e2le-Ville et le Businessparc Reinach, qui propose des postes de travail enti\u00e8rement \u00e9quip\u00e9s pour une utilisation temporaire. Des salles de s\u00e9minaire et de conf\u00e9rence sont en outre disponibles pour les manifestations. <em>(ah)<\/em><\/p>","protected":false},"excerpt":{"rendered":"<p>Steiner AG a obtenu l'autorisation de construire pour la Werkarena Basel. Ainsi, le parc d'affaires au nord de la ville peut d\u00e9sormais \u00eatre r\u00e9alis\u00e9.<\/p>","protected":false},"author":3,"featured_media":18505,"comment_status":"closed","ping_status":"open","sticky":false,"template":"","format":"standard","meta":{"_acf_changed":false,"_yoast_wpseo_focuskw":"Werkarena","_yoast_wpseo_title":"","_yoast_wpseo_metadesc":"Die Steiner AG hat die Baufreigabe f\u00fcr die Werkarena Basel erhalten. Damit kann der Businesspark im Norden der Stadt nun realisiert werden.","_yoast_wpseo_linkdex":58,"pgc_sgb_lightbox_settings":"","footnotes":""},"categories":[985],"tags":[1069,1272,1600,1731],"class_list":["post-18503","post","type-post","status-publish","format-standard","has-post-thumbnail","hentry","category-regionen","tag-basel","tag-gewerbeimmobilien","tag-projekt-in-planung","tag-steiner-ag"],"acf":[],"yoast_head":"<!-- This site is optimized with the Yoast SEO plugin v27.4 - https:\/\/yoast.com\/product\/yoast-seo-wordpress\/ -->\n<title>Basel: Baufreigabe f\u00fcr die Werkarena - IMMOBILIEN Business<\/title>\n<meta name=\"description\" content=\"Die Steiner AG hat die Baufreigabe f\u00fcr die Werkarena Basel erhalten. Damit kann der Businesspark im Norden der Stadt nun realisiert werden.\" \/>\n<meta name=\"robots\" content=\"index, follow, max-snippet:-1, max-image-preview:large, max-video-preview:-1\" \/>\n<link rel=\"canonical\" href=\"https:\/\/www.immobilienbusiness.ch\/fr\/regionen\/2019-09-23\/basel-baufreigabe-fuer-die-werkarena\/\" \/>\n<meta property=\"og:locale\" content=\"fr_FR\" \/>\n<meta property=\"og:type\" content=\"article\" \/>\n<meta property=\"og:title\" content=\"Basel: Baufreigabe f\u00fcr die Werkarena - IMMOBILIEN Business\" \/>\n<meta property=\"og:description\" content=\"Die Steiner AG hat die Baufreigabe f\u00fcr die Werkarena Basel erhalten. Damit kann der Businesspark im Norden der Stadt nun realisiert werden.\" \/>\n<meta property=\"og:url\" content=\"https:\/\/www.immobilienbusiness.ch\/fr\/regionen\/2019-09-23\/basel-baufreigabe-fuer-die-werkarena\/\" \/>\n<meta property=\"og:site_name\" content=\"IMMOBILIEN Business\" \/>\n<meta property=\"article:publisher\" content=\"https:\/\/www.facebook.com\/immobilienbusiness\/\" \/>\n<meta property=\"article:published_time\" content=\"2019-09-23T06:56:52+00:00\" \/>\n<meta property=\"og:image\" content=\"https:\/\/www.immobilienbusiness.ch\/wp-content\/uploads\/2019\/09\/Werkarena_Aussen-1024x740.jpg\" \/>\n\t<meta property=\"og:image:width\" content=\"1024\" \/>\n\t<meta property=\"og:image:height\" content=\"740\" \/>\n\t<meta property=\"og:image:type\" content=\"image\/jpeg\" \/>\n<meta name=\"author\" content=\"anja.hall\" \/>\n<meta name=\"twitter:card\" content=\"summary_large_image\" \/>\n<meta name=\"twitter:image\" content=\"https:\/\/www.immobilienbusiness.ch\/wp-content\/uploads\/2019\/09\/Werkarena_Aussen.jpg\" \/>\n<script type=\"application\/ld+json\" class=\"yoast-schema-graph\">{\"@context\":\"https:\\\/\\\/schema.org\",\"@graph\":[{\"@type\":\"Article\",\"@id\":\"https:\\\/\\\/www.immobilienbusiness.ch\\\/regionen\\\/2019-09-23\\\/basel-baufreigabe-fuer-die-werkarena\\\/#article\",\"isPartOf\":{\"@id\":\"https:\\\/\\\/www.immobilienbusiness.ch\\\/regionen\\\/2019-09-23\\\/basel-baufreigabe-fuer-die-werkarena\\\/\"},\"author\":{\"name\":\"anja.hall\",\"@id\":\"https:\\\/\\\/www.immobilienbusiness.ch\\\/#\\\/schema\\\/person\\\/3fc036297b10b9f42d6db5ee932af8c8\"},\"headline\":\"Basel: Baufreigabe f\u00fcr die Werkarena\",\"datePublished\":\"2019-09-23T06:56:52+00:00\",\"mainEntityOfPage\":{\"@id\":\"https:\\\/\\\/www.immobilienbusiness.ch\\\/regionen\\\/2019-09-23\\\/basel-baufreigabe-fuer-die-werkarena\\\/\"},\"wordCount\":199,\"publisher\":{\"@id\":\"https:\\\/\\\/www.immobilienbusiness.ch\\\/#organization\"},\"image\":{\"@id\":\"https:\\\/\\\/www.immobilienbusiness.ch\\\/regionen\\\/2019-09-23\\\/basel-baufreigabe-fuer-die-werkarena\\\/#primaryimage\"},\"thumbnailUrl\":\"https:\\\/\\\/www.immobilienbusiness.ch\\\/wp-content\\\/uploads\\\/2019\\\/09\\\/Werkarena_Aussen.jpg\",\"keywords\":[\"Basel\",\"Gewerbeimmobilien\",\"Projekt in Planung\",\"Steiner AG\"],\"articleSection\":[\"REGIONEN\"],\"inLanguage\":\"fr-FR\"},{\"@type\":\"WebPage\",\"@id\":\"https:\\\/\\\/www.immobilienbusiness.ch\\\/regionen\\\/2019-09-23\\\/basel-baufreigabe-fuer-die-werkarena\\\/\",\"url\":\"https:\\\/\\\/www.immobilienbusiness.ch\\\/regionen\\\/2019-09-23\\\/basel-baufreigabe-fuer-die-werkarena\\\/\",\"name\":\"Basel: Baufreigabe f\u00fcr die Werkarena - IMMOBILIEN Business\",\"isPartOf\":{\"@id\":\"https:\\\/\\\/www.immobilienbusiness.ch\\\/#website\"},\"primaryImageOfPage\":{\"@id\":\"https:\\\/\\\/www.immobilienbusiness.ch\\\/regionen\\\/2019-09-23\\\/basel-baufreigabe-fuer-die-werkarena\\\/#primaryimage\"},\"image\":{\"@id\":\"https:\\\/\\\/www.immobilienbusiness.ch\\\/regionen\\\/2019-09-23\\\/basel-baufreigabe-fuer-die-werkarena\\\/#primaryimage\"},\"thumbnailUrl\":\"https:\\\/\\\/www.immobilienbusiness.ch\\\/wp-content\\\/uploads\\\/2019\\\/09\\\/Werkarena_Aussen.jpg\",\"datePublished\":\"2019-09-23T06:56:52+00:00\",\"description\":\"Die Steiner AG hat die Baufreigabe f\u00fcr die Werkarena Basel erhalten. Damit kann der Businesspark im Norden der Stadt nun realisiert werden.\",\"breadcrumb\":{\"@id\":\"https:\\\/\\\/www.immobilienbusiness.ch\\\/regionen\\\/2019-09-23\\\/basel-baufreigabe-fuer-die-werkarena\\\/#breadcrumb\"},\"inLanguage\":\"fr-FR\",\"potentialAction\":[{\"@type\":\"ReadAction\",\"target\":[\"https:\\\/\\\/www.immobilienbusiness.ch\\\/regionen\\\/2019-09-23\\\/basel-baufreigabe-fuer-die-werkarena\\\/\"]}]},{\"@type\":\"ImageObject\",\"inLanguage\":\"fr-FR\",\"@id\":\"https:\\\/\\\/www.immobilienbusiness.ch\\\/regionen\\\/2019-09-23\\\/basel-baufreigabe-fuer-die-werkarena\\\/#primaryimage\",\"url\":\"https:\\\/\\\/www.immobilienbusiness.ch\\\/wp-content\\\/uploads\\\/2019\\\/09\\\/Werkarena_Aussen.jpg\",\"contentUrl\":\"https:\\\/\\\/www.immobilienbusiness.ch\\\/wp-content\\\/uploads\\\/2019\\\/09\\\/Werkarena_Aussen.jpg\",\"width\":2560,\"height\":1851,\"caption\":\"Die Werkarena in Basel (Visualisierung: Steiner AG)\"},{\"@type\":\"BreadcrumbList\",\"@id\":\"https:\\\/\\\/www.immobilienbusiness.ch\\\/regionen\\\/2019-09-23\\\/basel-baufreigabe-fuer-die-werkarena\\\/#breadcrumb\",\"itemListElement\":[{\"@type\":\"ListItem\",\"position\":1,\"name\":\"Home\",\"item\":\"https:\\\/\\\/www.immobilienbusiness.ch\\\/\"},{\"@type\":\"ListItem\",\"position\":2,\"name\":\"Basel: Baufreigabe f\u00fcr die Werkarena\"}]},{\"@type\":\"WebSite\",\"@id\":\"https:\\\/\\\/www.immobilienbusiness.ch\\\/#website\",\"url\":\"https:\\\/\\\/www.immobilienbusiness.ch\\\/\",\"name\":\"IMMOBILIEN Business\",\"description\":\"Unabh\u00e4ngiges Schweizer Wirtschaftsmagazin mit Fokus auf Immobilien, Architektur- und Bau sowie Investment- und Finanzierung.\",\"publisher\":{\"@id\":\"https:\\\/\\\/www.immobilienbusiness.ch\\\/#organization\"},\"potentialAction\":[{\"@type\":\"SearchAction\",\"target\":{\"@type\":\"EntryPoint\",\"urlTemplate\":\"https:\\\/\\\/www.immobilienbusiness.ch\\\/?s={search_term_string}\"},\"query-input\":{\"@type\":\"PropertyValueSpecification\",\"valueRequired\":true,\"valueName\":\"search_term_string\"}}],\"inLanguage\":\"fr-FR\"},{\"@type\":\"Organization\",\"@id\":\"https:\\\/\\\/www.immobilienbusiness.ch\\\/#organization\",\"name\":\"IMMOBILIEN Business\",\"url\":\"https:\\\/\\\/www.immobilienbusiness.ch\\\/\",\"logo\":{\"@type\":\"ImageObject\",\"inLanguage\":\"fr-FR\",\"@id\":\"https:\\\/\\\/www.immobilienbusiness.ch\\\/#\\\/schema\\\/logo\\\/image\\\/\",\"url\":\"https:\\\/\\\/www.immobilienbusiness.ch\\\/wp-content\\\/uploads\\\/2021\\\/07\\\/logo_ib.png\",\"contentUrl\":\"https:\\\/\\\/www.immobilienbusiness.ch\\\/wp-content\\\/uploads\\\/2021\\\/07\\\/logo_ib.png\",\"width\":800,\"height\":181,\"caption\":\"IMMOBILIEN Business\"},\"image\":{\"@id\":\"https:\\\/\\\/www.immobilienbusiness.ch\\\/#\\\/schema\\\/logo\\\/image\\\/\"},\"sameAs\":[\"https:\\\/\\\/www.facebook.com\\\/immobilienbusiness\\\/\"]},{\"@type\":\"Person\",\"@id\":\"https:\\\/\\\/www.immobilienbusiness.ch\\\/#\\\/schema\\\/person\\\/3fc036297b10b9f42d6db5ee932af8c8\",\"name\":\"anja.hall\",\"image\":{\"@type\":\"ImageObject\",\"inLanguage\":\"fr-FR\",\"@id\":\"https:\\\/\\\/secure.gravatar.com\\\/avatar\\\/066b5a0d447013502c71a5782f4f3469f03cfe595cc2329fb94652fe47511bfb?s=96&d=mm&r=g\",\"url\":\"https:\\\/\\\/secure.gravatar.com\\\/avatar\\\/066b5a0d447013502c71a5782f4f3469f03cfe595cc2329fb94652fe47511bfb?s=96&d=mm&r=g\",\"contentUrl\":\"https:\\\/\\\/secure.gravatar.com\\\/avatar\\\/066b5a0d447013502c71a5782f4f3469f03cfe595cc2329fb94652fe47511bfb?s=96&d=mm&r=g\",\"caption\":\"anja.hall\"},\"url\":\"https:\\\/\\\/www.immobilienbusiness.ch\\\/fr\\\/author\\\/anja-hall\\\/\"}]}<\/script>\n<!-- \/ Yoast SEO plugin. -->","yoast_head_json":{"title":"Basel: Baufreigabe f\u00fcr die Werkarena - IMMOBILIEN Business","description":"Steiner AG a obtenu l'autorisation de construire pour la Werkarena Basel. Ainsi, le parc d'affaires au nord de la ville peut d\u00e9sormais \u00eatre r\u00e9alis\u00e9.","robots":{"index":"index","follow":"follow","max-snippet":"max-snippet:-1","max-image-preview":"max-image-preview:large","max-video-preview":"max-video-preview:-1"},"canonical":"https:\/\/www.immobilienbusiness.ch\/fr\/regionen\/2019-09-23\/basel-baufreigabe-fuer-die-werkarena\/","og_locale":"fr_FR","og_type":"article","og_title":"Basel: Baufreigabe f\u00fcr die Werkarena - IMMOBILIEN Business","og_description":"Die Steiner AG hat die Baufreigabe f\u00fcr die Werkarena Basel erhalten. Damit kann der Businesspark im Norden der Stadt nun realisiert werden.","og_url":"https:\/\/www.immobilienbusiness.ch\/fr\/regionen\/2019-09-23\/basel-baufreigabe-fuer-die-werkarena\/","og_site_name":"IMMOBILIEN Business","article_publisher":"https:\/\/www.facebook.com\/immobilienbusiness\/","article_published_time":"2019-09-23T06:56:52+00:00","og_image":[{"width":1024,"height":740,"url":"https:\/\/www.immobilienbusiness.ch\/wp-content\/uploads\/2019\/09\/Werkarena_Aussen-1024x740.jpg","type":"image\/jpeg"}],"author":"anja.hall","twitter_card":"summary_large_image","twitter_image":"https:\/\/www.immobilienbusiness.ch\/wp-content\/uploads\/2019\/09\/Werkarena_Aussen.jpg","schema":{"@context":"https:\/\/schema.org","@graph":[{"@type":"Article","@id":"https:\/\/www.immobilienbusiness.ch\/regionen\/2019-09-23\/basel-baufreigabe-fuer-die-werkarena\/#article","isPartOf":{"@id":"https:\/\/www.immobilienbusiness.ch\/regionen\/2019-09-23\/basel-baufreigabe-fuer-die-werkarena\/"},"author":{"name":"anja.hall","@id":"https:\/\/www.immobilienbusiness.ch\/#\/schema\/person\/3fc036297b10b9f42d6db5ee932af8c8"},"headline":"Basel: Baufreigabe f\u00fcr die Werkarena","datePublished":"2019-09-23T06:56:52+00:00","mainEntityOfPage":{"@id":"https:\/\/www.immobilienbusiness.ch\/regionen\/2019-09-23\/basel-baufreigabe-fuer-die-werkarena\/"},"wordCount":199,"publisher":{"@id":"https:\/\/www.immobilienbusiness.ch\/#organization"},"image":{"@id":"https:\/\/www.immobilienbusiness.ch\/regionen\/2019-09-23\/basel-baufreigabe-fuer-die-werkarena\/#primaryimage"},"thumbnailUrl":"https:\/\/www.immobilienbusiness.ch\/wp-content\/uploads\/2019\/09\/Werkarena_Aussen.jpg","keywords":["Basel","Gewerbeimmobilien","Projekt in Planung","Steiner AG"],"articleSection":["REGIONEN"],"inLanguage":"fr-FR"},{"@type":"WebPage","@id":"https:\/\/www.immobilienbusiness.ch\/regionen\/2019-09-23\/basel-baufreigabe-fuer-die-werkarena\/","url":"https:\/\/www.immobilienbusiness.ch\/regionen\/2019-09-23\/basel-baufreigabe-fuer-die-werkarena\/","name":"Basel: Baufreigabe f\u00fcr die Werkarena - IMMOBILIEN Business","isPartOf":{"@id":"https:\/\/www.immobilienbusiness.ch\/#website"},"primaryImageOfPage":{"@id":"https:\/\/www.immobilienbusiness.ch\/regionen\/2019-09-23\/basel-baufreigabe-fuer-die-werkarena\/#primaryimage"},"image":{"@id":"https:\/\/www.immobilienbusiness.ch\/regionen\/2019-09-23\/basel-baufreigabe-fuer-die-werkarena\/#primaryimage"},"thumbnailUrl":"https:\/\/www.immobilienbusiness.ch\/wp-content\/uploads\/2019\/09\/Werkarena_Aussen.jpg","datePublished":"2019-09-23T06:56:52+00:00","description":"Steiner AG a obtenu l'autorisation de construire pour la Werkarena Basel. Ainsi, le parc d'affaires au nord de la ville peut d\u00e9sormais \u00eatre r\u00e9alis\u00e9.","breadcrumb":{"@id":"https:\/\/www.immobilienbusiness.ch\/regionen\/2019-09-23\/basel-baufreigabe-fuer-die-werkarena\/#breadcrumb"},"inLanguage":"fr-FR","potentialAction":[{"@type":"ReadAction","target":["https:\/\/www.immobilienbusiness.ch\/regionen\/2019-09-23\/basel-baufreigabe-fuer-die-werkarena\/"]}]},{"@type":"ImageObject","inLanguage":"fr-FR","@id":"https:\/\/www.immobilienbusiness.ch\/regionen\/2019-09-23\/basel-baufreigabe-fuer-die-werkarena\/#primaryimage","url":"https:\/\/www.immobilienbusiness.ch\/wp-content\/uploads\/2019\/09\/Werkarena_Aussen.jpg","contentUrl":"https:\/\/www.immobilienbusiness.ch\/wp-content\/uploads\/2019\/09\/Werkarena_Aussen.jpg","width":2560,"height":1851,"caption":"Die Werkarena in Basel (Visualisierung: Steiner AG)"},{"@type":"BreadcrumbList","@id":"https:\/\/www.immobilienbusiness.ch\/regionen\/2019-09-23\/basel-baufreigabe-fuer-die-werkarena\/#breadcrumb","itemListElement":[{"@type":"ListItem","position":1,"name":"Home","item":"https:\/\/www.immobilienbusiness.ch\/"},{"@type":"ListItem","position":2,"name":"Basel: Baufreigabe f\u00fcr die Werkarena"}]},{"@type":"WebSite","@id":"https:\/\/www.immobilienbusiness.ch\/#website","url":"https:\/\/www.immobilienbusiness.ch\/","name":"IMMOBILIER Business","description":"Magazine \u00e9conomique suisse ind\u00e9pendant ax\u00e9 sur l'immobilier, l'architecture et la construction ainsi que sur les investissements et le financement.","publisher":{"@id":"https:\/\/www.immobilienbusiness.ch\/#organization"},"potentialAction":[{"@type":"SearchAction","target":{"@type":"EntryPoint","urlTemplate":"https:\/\/www.immobilienbusiness.ch\/?s={search_term_string}"},"query-input":{"@type":"PropertyValueSpecification","valueRequired":true,"valueName":"search_term_string"}}],"inLanguage":"fr-FR"},{"@type":"Organization","@id":"https:\/\/www.immobilienbusiness.ch\/#organization","name":"IMMOBILIER Business","url":"https:\/\/www.immobilienbusiness.ch\/","logo":{"@type":"ImageObject","inLanguage":"fr-FR","@id":"https:\/\/www.immobilienbusiness.ch\/#\/schema\/logo\/image\/","url":"https:\/\/www.immobilienbusiness.ch\/wp-content\/uploads\/2021\/07\/logo_ib.png","contentUrl":"https:\/\/www.immobilienbusiness.ch\/wp-content\/uploads\/2021\/07\/logo_ib.png","width":800,"height":181,"caption":"IMMOBILIEN Business"},"image":{"@id":"https:\/\/www.immobilienbusiness.ch\/#\/schema\/logo\/image\/"},"sameAs":["https:\/\/www.facebook.com\/immobilienbusiness\/"]},{"@type":"Person","@id":"https:\/\/www.immobilienbusiness.ch\/#\/schema\/person\/3fc036297b10b9f42d6db5ee932af8c8","name":"anja.hall","image":{"@type":"ImageObject","inLanguage":"fr-FR","@id":"https:\/\/secure.gravatar.com\/avatar\/066b5a0d447013502c71a5782f4f3469f03cfe595cc2329fb94652fe47511bfb?s=96&d=mm&r=g","url":"https:\/\/secure.gravatar.com\/avatar\/066b5a0d447013502c71a5782f4f3469f03cfe595cc2329fb94652fe47511bfb?s=96&d=mm&r=g","contentUrl":"https:\/\/secure.gravatar.com\/avatar\/066b5a0d447013502c71a5782f4f3469f03cfe595cc2329fb94652fe47511bfb?s=96&d=mm&r=g","caption":"anja.hall"},"url":"https:\/\/www.immobilienbusiness.ch\/fr\/author\/anja-hall\/"}]}},"_links":{"self":[{"href":"https:\/\/www.immobilienbusiness.ch\/fr\/wp-json\/wp\/v2\/posts\/18503","targetHints":{"allow":["GET"]}}],"collection":[{"href":"https:\/\/www.immobilienbusiness.ch\/fr\/wp-json\/wp\/v2\/posts"}],"about":[{"href":"https:\/\/www.immobilienbusiness.ch\/fr\/wp-json\/wp\/v2\/types\/post"}],"author":[{"embeddable":true,"href":"https:\/\/www.immobilienbusiness.ch\/fr\/wp-json\/wp\/v2\/users\/3"}],"replies":[{"embeddable":true,"href":"https:\/\/www.immobilienbusiness.ch\/fr\/wp-json\/wp\/v2\/comments?post=18503"}],"version-history":[{"count":0,"href":"https:\/\/www.immobilienbusiness.ch\/fr\/wp-json\/wp\/v2\/posts\/18503\/revisions"}],"wp:featuredmedia":[{"embeddable":true,"href":"https:\/\/www.immobilienbusiness.ch\/fr\/wp-json\/wp\/v2\/media\/18505"}],"wp:attachment":[{"href":"https:\/\/www.immobilienbusiness.ch\/fr\/wp-json\/wp\/v2\/media?parent=18503"}],"wp:term":[{"taxonomy":"category","embeddable":true,"href":"https:\/\/www.immobilienbusiness.ch\/fr\/wp-json\/wp\/v2\/categories?post=18503"},{"taxonomy":"post_tag","embeddable":true,"href":"https:\/\/www.immobilienbusiness.ch\/fr\/wp-json\/wp\/v2\/tags?post=18503"}],"curies":[{"name":"wp","href":"https:\/\/api.w.org\/{rel}","templated":true}]}}