{"id":1844,"date":"2015-12-09T08:09:54","date_gmt":"2015-12-09T07:09:54","guid":{"rendered":"http:\/\/dev.immobilienbusiness.ch\/?p=1844"},"modified":"2015-12-09T08:09:54","modified_gmt":"2015-12-09T07:09:54","slug":"procimmo-kauft-in-meyrin-zu","status":"publish","type":"post","link":"https:\/\/www.immobilienbusiness.ch\/fr\/buero\/2015-12-09\/procimmo-kauft-in-meyrin-zu\/","title":{"rendered":"Procimmo ach\u00e8te \u00e0 Meyrin"},"content":{"rendered":"<figure id=\"attachment_1845\" aria-describedby=\"caption-attachment-1845\" style=\"width: 344px\" class=\"wp-caption alignnone\"><img loading=\"lazy\" decoding=\"async\" class=\"size-full wp-image-1845\" src=\"https:\/\/immobilienbusiness.ch\/wp-content\/uploads\/2016\/12\/Procimmo-kauft-in-Meyrin-zu-immobilien-business.jpg\" alt=\"Das GF-Verwaltungsgeb\u00e4ude in Meyrin (Foto: GF Machining Solutions)\" width=\"344\" height=\"229\" srcset=\"https:\/\/www.immobilienbusiness.ch\/wp-content\/uploads\/2016\/12\/Procimmo-kauft-in-Meyrin-zu-immobilien-business.jpg 344w, https:\/\/www.immobilienbusiness.ch\/wp-content\/uploads\/2016\/12\/Procimmo-kauft-in-Meyrin-zu-immobilien-business-300x200.jpg 300w, https:\/\/www.immobilienbusiness.ch\/wp-content\/uploads\/2016\/12\/Procimmo-kauft-in-Meyrin-zu-immobilien-business-16x12.jpg 16w, https:\/\/www.immobilienbusiness.ch\/wp-content\/uploads\/2016\/12\/Procimmo-kauft-in-Meyrin-zu-immobilien-business-263x175.jpg 263w\" sizes=\"auto, (max-width: 344px) 100vw, 344px\" \/><figcaption id=\"caption-attachment-1845\" class=\"wp-caption-text\">Le b\u00e2timent administratif de GF \u00e0 Meyrin (Photo : GF Machining Solutions)<\/figcaption><\/figure>\n<p>GF Machining Solutions a conclu avec le nouveau propri\u00e9taire un contrat de location de plusieurs ann\u00e9es pour le b\u00e2timent construit en 1987. Le site de Meyrin, avec son centre de recherche et de d\u00e9veloppement, reste le si\u00e8ge mondial de l'entreprise.<\/p>\n<p>Outre le b\u00e2timent administratif de 6.600 m\u00b2, la transaction comprend \u00e9galement 14.300 m\u00b2 de terrain. (ah)<\/p>","protected":false},"excerpt":{"rendered":"<p>GF Machining Solutions, une division du groupe industriel Georg Fischer (GF), a vendu son b\u00e2timent administratif de Meyrin (GE) au Procimmo Swiss Commercial Fund 56 pour 27 millions de CHF.<\/p>","protected":false},"author":1,"featured_media":1845,"comment_status":"open","ping_status":"open","sticky":false,"template":"","format":"standard","meta":{"_acf_changed":false,"_yoast_wpseo_focuskw":"Immobilien Meyrin","_yoast_wpseo_title":"Immobilien Meyrin: Procimmo erwirbt Verwaltungsgeb\u00e4ude","_yoast_wpseo_metadesc":"GF Machining Solutions bleibt mit Meyrin-Immobilie globaler Hauptsitz. Mehrj\u00e4hriger Mietvertrag f\u00fcr Verwaltungsgeb\u00e4ude und Landfl\u00e4chen abschlossen.","_yoast_wpseo_linkdex":49,"pgc_sgb_lightbox_settings":"","footnotes":""},"categories":[983],"tags":[1118,1362],"class_list":["post-1844","post","type-post","status-publish","format-standard","has-post-thumbnail","hentry","category-buero","tag-buero","tag-indirekte-immobilienanlagen"],"acf":[],"yoast_head":"<!-- This site is optimized with the Yoast SEO plugin v27.4 - https:\/\/yoast.com\/product\/yoast-seo-wordpress\/ -->\n<title>Immobilien Meyrin: Procimmo erwirbt Verwaltungsgeb\u00e4ude<\/title>\n<meta name=\"description\" content=\"GF Machining Solutions bleibt mit Meyrin-Immobilie globaler Hauptsitz. Mehrj\u00e4hriger Mietvertrag f\u00fcr Verwaltungsgeb\u00e4ude und Landfl\u00e4chen abschlossen.\" \/>\n<meta name=\"robots\" content=\"index, follow, max-snippet:-1, max-image-preview:large, max-video-preview:-1\" \/>\n<link rel=\"canonical\" href=\"https:\/\/www.immobilienbusiness.ch\/fr\/buero\/2015-12-09\/procimmo-kauft-in-meyrin-zu\/\" \/>\n<meta property=\"og:locale\" content=\"fr_FR\" \/>\n<meta property=\"og:type\" content=\"article\" \/>\n<meta property=\"og:title\" content=\"Procimmo kauft in Meyrin zu\" \/>\n<meta property=\"og:description\" content=\"Die GF Machining Solutions, eine Division des Industriekonzerns Georg Fischer (GF), hat ihr Verwaltungsgeb\u00e4ude in Meyrin (GE) f\u00fcr 27 Millionen CHF an den Procimmo Swiss Commercial Fund 56 verkauft.\" \/>\n<meta property=\"og:url\" content=\"https:\/\/www.immobilienbusiness.ch\/fr\/buero\/2015-12-09\/procimmo-kauft-in-meyrin-zu\/\" \/>\n<meta property=\"og:site_name\" content=\"IMMOBILIEN Business\" \/>\n<meta property=\"article:publisher\" content=\"https:\/\/www.facebook.com\/immobilienbusiness\/\" \/>\n<meta property=\"article:published_time\" content=\"2015-12-09T07:09:54+00:00\" \/>\n<meta name=\"author\" content=\"Redaktion\" \/>\n<meta name=\"twitter:card\" content=\"summary_large_image\" \/>\n<meta name=\"twitter:image\" content=\"https:\/\/www.immobilienbusiness.ch\/wp-content\/uploads\/2016\/12\/Procimmo-kauft-in-Meyrin-zu-immobilien-business.jpg\" \/>\n<script type=\"application\/ld+json\" class=\"yoast-schema-graph\">{\"@context\":\"https:\\\/\\\/schema.org\",\"@graph\":[{\"@type\":\"Article\",\"@id\":\"https:\\\/\\\/www.immobilienbusiness.ch\\\/buero\\\/2015-12-09\\\/procimmo-kauft-in-meyrin-zu\\\/#article\",\"isPartOf\":{\"@id\":\"https:\\\/\\\/www.immobilienbusiness.ch\\\/buero\\\/2015-12-09\\\/procimmo-kauft-in-meyrin-zu\\\/\"},\"author\":{\"name\":\"Redaktion\",\"@id\":\"https:\\\/\\\/www.immobilienbusiness.ch\\\/#\\\/schema\\\/person\\\/aa2bace6c5c5aad60102004a50c4eb1c\"},\"headline\":\"Procimmo kauft in Meyrin zu\",\"datePublished\":\"2015-12-09T07:09:54+00:00\",\"mainEntityOfPage\":{\"@id\":\"https:\\\/\\\/www.immobilienbusiness.ch\\\/buero\\\/2015-12-09\\\/procimmo-kauft-in-meyrin-zu\\\/\"},\"wordCount\":67,\"commentCount\":0,\"publisher\":{\"@id\":\"https:\\\/\\\/www.immobilienbusiness.ch\\\/#organization\"},\"image\":{\"@id\":\"https:\\\/\\\/www.immobilienbusiness.ch\\\/buero\\\/2015-12-09\\\/procimmo-kauft-in-meyrin-zu\\\/#primaryimage\"},\"thumbnailUrl\":\"https:\\\/\\\/www.immobilienbusiness.ch\\\/wp-content\\\/uploads\\\/2016\\\/12\\\/Procimmo-kauft-in-Meyrin-zu-immobilien-business.jpg\",\"keywords\":[\"B\u00fcro\",\"Indirekte Immobilienanlagen\"],\"articleSection\":[\"B\u00dcRO\"],\"inLanguage\":\"fr-FR\"},{\"@type\":\"WebPage\",\"@id\":\"https:\\\/\\\/www.immobilienbusiness.ch\\\/buero\\\/2015-12-09\\\/procimmo-kauft-in-meyrin-zu\\\/\",\"url\":\"https:\\\/\\\/www.immobilienbusiness.ch\\\/buero\\\/2015-12-09\\\/procimmo-kauft-in-meyrin-zu\\\/\",\"name\":\"Immobilien Meyrin: Procimmo erwirbt Verwaltungsgeb\u00e4ude\",\"isPartOf\":{\"@id\":\"https:\\\/\\\/www.immobilienbusiness.ch\\\/#website\"},\"primaryImageOfPage\":{\"@id\":\"https:\\\/\\\/www.immobilienbusiness.ch\\\/buero\\\/2015-12-09\\\/procimmo-kauft-in-meyrin-zu\\\/#primaryimage\"},\"image\":{\"@id\":\"https:\\\/\\\/www.immobilienbusiness.ch\\\/buero\\\/2015-12-09\\\/procimmo-kauft-in-meyrin-zu\\\/#primaryimage\"},\"thumbnailUrl\":\"https:\\\/\\\/www.immobilienbusiness.ch\\\/wp-content\\\/uploads\\\/2016\\\/12\\\/Procimmo-kauft-in-Meyrin-zu-immobilien-business.jpg\",\"datePublished\":\"2015-12-09T07:09:54+00:00\",\"description\":\"GF Machining Solutions bleibt mit Meyrin-Immobilie globaler Hauptsitz. Mehrj\u00e4hriger Mietvertrag f\u00fcr Verwaltungsgeb\u00e4ude und Landfl\u00e4chen abschlossen.\",\"breadcrumb\":{\"@id\":\"https:\\\/\\\/www.immobilienbusiness.ch\\\/buero\\\/2015-12-09\\\/procimmo-kauft-in-meyrin-zu\\\/#breadcrumb\"},\"inLanguage\":\"fr-FR\",\"potentialAction\":[{\"@type\":\"ReadAction\",\"target\":[\"https:\\\/\\\/www.immobilienbusiness.ch\\\/buero\\\/2015-12-09\\\/procimmo-kauft-in-meyrin-zu\\\/\"]}]},{\"@type\":\"ImageObject\",\"inLanguage\":\"fr-FR\",\"@id\":\"https:\\\/\\\/www.immobilienbusiness.ch\\\/buero\\\/2015-12-09\\\/procimmo-kauft-in-meyrin-zu\\\/#primaryimage\",\"url\":\"https:\\\/\\\/www.immobilienbusiness.ch\\\/wp-content\\\/uploads\\\/2016\\\/12\\\/Procimmo-kauft-in-Meyrin-zu-immobilien-business.jpg\",\"contentUrl\":\"https:\\\/\\\/www.immobilienbusiness.ch\\\/wp-content\\\/uploads\\\/2016\\\/12\\\/Procimmo-kauft-in-Meyrin-zu-immobilien-business.jpg\",\"width\":344,\"height\":229,\"caption\":\"Das GF-Verwaltungsgeb\u00e4ude in Meyrin (Foto: GF Machining Solutions)\"},{\"@type\":\"BreadcrumbList\",\"@id\":\"https:\\\/\\\/www.immobilienbusiness.ch\\\/buero\\\/2015-12-09\\\/procimmo-kauft-in-meyrin-zu\\\/#breadcrumb\",\"itemListElement\":[{\"@type\":\"ListItem\",\"position\":1,\"name\":\"Home\",\"item\":\"https:\\\/\\\/www.immobilienbusiness.ch\\\/\"},{\"@type\":\"ListItem\",\"position\":2,\"name\":\"Procimmo kauft in Meyrin zu\"}]},{\"@type\":\"WebSite\",\"@id\":\"https:\\\/\\\/www.immobilienbusiness.ch\\\/#website\",\"url\":\"https:\\\/\\\/www.immobilienbusiness.ch\\\/\",\"name\":\"IMMOBILIEN Business\",\"description\":\"Unabh\u00e4ngiges Schweizer Wirtschaftsmagazin mit Fokus auf Immobilien, Architektur- und Bau sowie Investment- und Finanzierung.\",\"publisher\":{\"@id\":\"https:\\\/\\\/www.immobilienbusiness.ch\\\/#organization\"},\"potentialAction\":[{\"@type\":\"SearchAction\",\"target\":{\"@type\":\"EntryPoint\",\"urlTemplate\":\"https:\\\/\\\/www.immobilienbusiness.ch\\\/?s={search_term_string}\"},\"query-input\":{\"@type\":\"PropertyValueSpecification\",\"valueRequired\":true,\"valueName\":\"search_term_string\"}}],\"inLanguage\":\"fr-FR\"},{\"@type\":\"Organization\",\"@id\":\"https:\\\/\\\/www.immobilienbusiness.ch\\\/#organization\",\"name\":\"IMMOBILIEN Business\",\"url\":\"https:\\\/\\\/www.immobilienbusiness.ch\\\/\",\"logo\":{\"@type\":\"ImageObject\",\"inLanguage\":\"fr-FR\",\"@id\":\"https:\\\/\\\/www.immobilienbusiness.ch\\\/#\\\/schema\\\/logo\\\/image\\\/\",\"url\":\"https:\\\/\\\/www.immobilienbusiness.ch\\\/wp-content\\\/uploads\\\/2021\\\/07\\\/logo_ib.png\",\"contentUrl\":\"https:\\\/\\\/www.immobilienbusiness.ch\\\/wp-content\\\/uploads\\\/2021\\\/07\\\/logo_ib.png\",\"width\":800,\"height\":181,\"caption\":\"IMMOBILIEN Business\"},\"image\":{\"@id\":\"https:\\\/\\\/www.immobilienbusiness.ch\\\/#\\\/schema\\\/logo\\\/image\\\/\"},\"sameAs\":[\"https:\\\/\\\/www.facebook.com\\\/immobilienbusiness\\\/\"]},{\"@type\":\"Person\",\"@id\":\"https:\\\/\\\/www.immobilienbusiness.ch\\\/#\\\/schema\\\/person\\\/aa2bace6c5c5aad60102004a50c4eb1c\",\"name\":\"Redaktion\",\"image\":{\"@type\":\"ImageObject\",\"inLanguage\":\"fr-FR\",\"@id\":\"https:\\\/\\\/secure.gravatar.com\\\/avatar\\\/ae2f4d718e6c49043e314ce431e7e645d646302a24a5ef5a8bc8e3f5a032e319?s=96&d=mm&r=g\",\"url\":\"https:\\\/\\\/secure.gravatar.com\\\/avatar\\\/ae2f4d718e6c49043e314ce431e7e645d646302a24a5ef5a8bc8e3f5a032e319?s=96&d=mm&r=g\",\"contentUrl\":\"https:\\\/\\\/secure.gravatar.com\\\/avatar\\\/ae2f4d718e6c49043e314ce431e7e645d646302a24a5ef5a8bc8e3f5a032e319?s=96&d=mm&r=g\",\"caption\":\"Redaktion\"},\"sameAs\":[\"http:\\\/\\\/develop.organisator.galledia.ch\"],\"url\":\"https:\\\/\\\/www.immobilienbusiness.ch\\\/fr\\\/author\\\/admin\\\/\"}]}<\/script>\n<!-- \/ Yoast SEO plugin. -->","yoast_head_json":{"title":"Immobilier Meyrin : Procimmo acquiert un b\u00e2timent administratif","description":"GF Machining Solutions conserve son si\u00e8ge social mondial avec l'immeuble de Meyrin. Conclusion d'un contrat de location pluriannuel pour le b\u00e2timent administratif et les terrains.","robots":{"index":"index","follow":"follow","max-snippet":"max-snippet:-1","max-image-preview":"max-image-preview:large","max-video-preview":"max-video-preview:-1"},"canonical":"https:\/\/www.immobilienbusiness.ch\/fr\/buero\/2015-12-09\/procimmo-kauft-in-meyrin-zu\/","og_locale":"fr_FR","og_type":"article","og_title":"Procimmo kauft in Meyrin zu","og_description":"Die GF Machining Solutions, eine Division des Industriekonzerns Georg Fischer (GF), hat ihr Verwaltungsgeb\u00e4ude in Meyrin (GE) f\u00fcr 27 Millionen CHF an den Procimmo Swiss Commercial Fund 56 verkauft.","og_url":"https:\/\/www.immobilienbusiness.ch\/fr\/buero\/2015-12-09\/procimmo-kauft-in-meyrin-zu\/","og_site_name":"IMMOBILIEN Business","article_publisher":"https:\/\/www.facebook.com\/immobilienbusiness\/","article_published_time":"2015-12-09T07:09:54+00:00","author":"Redaktion","twitter_card":"summary_large_image","twitter_image":"https:\/\/www.immobilienbusiness.ch\/wp-content\/uploads\/2016\/12\/Procimmo-kauft-in-Meyrin-zu-immobilien-business.jpg","schema":{"@context":"https:\/\/schema.org","@graph":[{"@type":"Article","@id":"https:\/\/www.immobilienbusiness.ch\/buero\/2015-12-09\/procimmo-kauft-in-meyrin-zu\/#article","isPartOf":{"@id":"https:\/\/www.immobilienbusiness.ch\/buero\/2015-12-09\/procimmo-kauft-in-meyrin-zu\/"},"author":{"name":"Redaktion","@id":"https:\/\/www.immobilienbusiness.ch\/#\/schema\/person\/aa2bace6c5c5aad60102004a50c4eb1c"},"headline":"Procimmo kauft in Meyrin zu","datePublished":"2015-12-09T07:09:54+00:00","mainEntityOfPage":{"@id":"https:\/\/www.immobilienbusiness.ch\/buero\/2015-12-09\/procimmo-kauft-in-meyrin-zu\/"},"wordCount":67,"commentCount":0,"publisher":{"@id":"https:\/\/www.immobilienbusiness.ch\/#organization"},"image":{"@id":"https:\/\/www.immobilienbusiness.ch\/buero\/2015-12-09\/procimmo-kauft-in-meyrin-zu\/#primaryimage"},"thumbnailUrl":"https:\/\/www.immobilienbusiness.ch\/wp-content\/uploads\/2016\/12\/Procimmo-kauft-in-Meyrin-zu-immobilien-business.jpg","keywords":["B\u00fcro","Indirekte Immobilienanlagen"],"articleSection":["B\u00dcRO"],"inLanguage":"fr-FR"},{"@type":"WebPage","@id":"https:\/\/www.immobilienbusiness.ch\/buero\/2015-12-09\/procimmo-kauft-in-meyrin-zu\/","url":"https:\/\/www.immobilienbusiness.ch\/buero\/2015-12-09\/procimmo-kauft-in-meyrin-zu\/","name":"Immobilier Meyrin : Procimmo acquiert un b\u00e2timent administratif","isPartOf":{"@id":"https:\/\/www.immobilienbusiness.ch\/#website"},"primaryImageOfPage":{"@id":"https:\/\/www.immobilienbusiness.ch\/buero\/2015-12-09\/procimmo-kauft-in-meyrin-zu\/#primaryimage"},"image":{"@id":"https:\/\/www.immobilienbusiness.ch\/buero\/2015-12-09\/procimmo-kauft-in-meyrin-zu\/#primaryimage"},"thumbnailUrl":"https:\/\/www.immobilienbusiness.ch\/wp-content\/uploads\/2016\/12\/Procimmo-kauft-in-Meyrin-zu-immobilien-business.jpg","datePublished":"2015-12-09T07:09:54+00:00","description":"GF Machining Solutions conserve son si\u00e8ge social mondial avec l'immeuble de Meyrin. Conclusion d'un contrat de location pluriannuel pour le b\u00e2timent administratif et les terrains.","breadcrumb":{"@id":"https:\/\/www.immobilienbusiness.ch\/buero\/2015-12-09\/procimmo-kauft-in-meyrin-zu\/#breadcrumb"},"inLanguage":"fr-FR","potentialAction":[{"@type":"ReadAction","target":["https:\/\/www.immobilienbusiness.ch\/buero\/2015-12-09\/procimmo-kauft-in-meyrin-zu\/"]}]},{"@type":"ImageObject","inLanguage":"fr-FR","@id":"https:\/\/www.immobilienbusiness.ch\/buero\/2015-12-09\/procimmo-kauft-in-meyrin-zu\/#primaryimage","url":"https:\/\/www.immobilienbusiness.ch\/wp-content\/uploads\/2016\/12\/Procimmo-kauft-in-Meyrin-zu-immobilien-business.jpg","contentUrl":"https:\/\/www.immobilienbusiness.ch\/wp-content\/uploads\/2016\/12\/Procimmo-kauft-in-Meyrin-zu-immobilien-business.jpg","width":344,"height":229,"caption":"Das GF-Verwaltungsgeb\u00e4ude in Meyrin (Foto: GF Machining Solutions)"},{"@type":"BreadcrumbList","@id":"https:\/\/www.immobilienbusiness.ch\/buero\/2015-12-09\/procimmo-kauft-in-meyrin-zu\/#breadcrumb","itemListElement":[{"@type":"ListItem","position":1,"name":"Home","item":"https:\/\/www.immobilienbusiness.ch\/"},{"@type":"ListItem","position":2,"name":"Procimmo kauft in Meyrin zu"}]},{"@type":"WebSite","@id":"https:\/\/www.immobilienbusiness.ch\/#website","url":"https:\/\/www.immobilienbusiness.ch\/","name":"IMMOBILIER Business","description":"Magazine \u00e9conomique suisse ind\u00e9pendant ax\u00e9 sur l'immobilier, l'architecture et la construction ainsi que sur les investissements et le financement.","publisher":{"@id":"https:\/\/www.immobilienbusiness.ch\/#organization"},"potentialAction":[{"@type":"SearchAction","target":{"@type":"EntryPoint","urlTemplate":"https:\/\/www.immobilienbusiness.ch\/?s={search_term_string}"},"query-input":{"@type":"PropertyValueSpecification","valueRequired":true,"valueName":"search_term_string"}}],"inLanguage":"fr-FR"},{"@type":"Organization","@id":"https:\/\/www.immobilienbusiness.ch\/#organization","name":"IMMOBILIER Business","url":"https:\/\/www.immobilienbusiness.ch\/","logo":{"@type":"ImageObject","inLanguage":"fr-FR","@id":"https:\/\/www.immobilienbusiness.ch\/#\/schema\/logo\/image\/","url":"https:\/\/www.immobilienbusiness.ch\/wp-content\/uploads\/2021\/07\/logo_ib.png","contentUrl":"https:\/\/www.immobilienbusiness.ch\/wp-content\/uploads\/2021\/07\/logo_ib.png","width":800,"height":181,"caption":"IMMOBILIEN Business"},"image":{"@id":"https:\/\/www.immobilienbusiness.ch\/#\/schema\/logo\/image\/"},"sameAs":["https:\/\/www.facebook.com\/immobilienbusiness\/"]},{"@type":"Person","@id":"https:\/\/www.immobilienbusiness.ch\/#\/schema\/person\/aa2bace6c5c5aad60102004a50c4eb1c","name":"Editorial","image":{"@type":"ImageObject","inLanguage":"fr-FR","@id":"https:\/\/secure.gravatar.com\/avatar\/ae2f4d718e6c49043e314ce431e7e645d646302a24a5ef5a8bc8e3f5a032e319?s=96&d=mm&r=g","url":"https:\/\/secure.gravatar.com\/avatar\/ae2f4d718e6c49043e314ce431e7e645d646302a24a5ef5a8bc8e3f5a032e319?s=96&d=mm&r=g","contentUrl":"https:\/\/secure.gravatar.com\/avatar\/ae2f4d718e6c49043e314ce431e7e645d646302a24a5ef5a8bc8e3f5a032e319?s=96&d=mm&r=g","caption":"Redaktion"},"sameAs":["http:\/\/develop.organisator.galledia.ch"],"url":"https:\/\/www.immobilienbusiness.ch\/fr\/author\/admin\/"}]}},"_links":{"self":[{"href":"https:\/\/www.immobilienbusiness.ch\/fr\/wp-json\/wp\/v2\/posts\/1844","targetHints":{"allow":["GET"]}}],"collection":[{"href":"https:\/\/www.immobilienbusiness.ch\/fr\/wp-json\/wp\/v2\/posts"}],"about":[{"href":"https:\/\/www.immobilienbusiness.ch\/fr\/wp-json\/wp\/v2\/types\/post"}],"author":[{"embeddable":true,"href":"https:\/\/www.immobilienbusiness.ch\/fr\/wp-json\/wp\/v2\/users\/1"}],"replies":[{"embeddable":true,"href":"https:\/\/www.immobilienbusiness.ch\/fr\/wp-json\/wp\/v2\/comments?post=1844"}],"version-history":[{"count":0,"href":"https:\/\/www.immobilienbusiness.ch\/fr\/wp-json\/wp\/v2\/posts\/1844\/revisions"}],"wp:featuredmedia":[{"embeddable":true,"href":"https:\/\/www.immobilienbusiness.ch\/fr\/wp-json\/wp\/v2\/media\/1845"}],"wp:attachment":[{"href":"https:\/\/www.immobilienbusiness.ch\/fr\/wp-json\/wp\/v2\/media?parent=1844"}],"wp:term":[{"taxonomy":"category","embeddable":true,"href":"https:\/\/www.immobilienbusiness.ch\/fr\/wp-json\/wp\/v2\/categories?post=1844"},{"taxonomy":"post_tag","embeddable":true,"href":"https:\/\/www.immobilienbusiness.ch\/fr\/wp-json\/wp\/v2\/tags?post=1844"}],"curies":[{"name":"wp","href":"https:\/\/api.w.org\/{rel}","templated":true}]}}