{"id":18394,"date":"2019-09-16T08:27:26","date_gmt":"2019-09-16T06:27:26","guid":{"rendered":"https:\/\/www.immobilienbusiness.ch\/?p=18394"},"modified":"2019-09-16T08:27:26","modified_gmt":"2019-09-16T06:27:26","slug":"aktivistischer-investor-fuer-implenia","status":"publish","type":"post","link":"https:\/\/www.immobilienbusiness.ch\/fr\/unternehmen\/2019-09-16\/aktivistischer-investor-fuer-implenia\/","title":{"rendered":"Investisseur activiste pour Implenia"},"content":{"rendered":"<figure id=\"attachment_18411\" aria-describedby=\"caption-attachment-18411\" style=\"width: 680px\" class=\"wp-caption alignnone\"><img loading=\"lazy\" decoding=\"async\" class=\"size-medium wp-image-18411\" src=\"https:\/\/www.immobilienbusiness.ch\/wp-content\/uploads\/2019\/09\/Implenia-Metertasche-1024x683.jpg\" alt=\"\" width=\"680\" height=\"454\" \/><figcaption id=\"caption-attachment-18411\" class=\"wp-caption-text\">Un groupe d'actionnaires s'est constitu\u00e9 chez Implenia (Image : Implenia)<\/figcaption><\/figure>\n<p>Selon un communiqu\u00e9 d'Implenia, Veraison Capital et Parmino Holding, derri\u00e8re laquelle se trouve l'investisseur Max R\u00f6ssler, ont d\u00e9voil\u00e9 le 12 septembre 2019 apr\u00e8s la cl\u00f4ture de la bourse la formation du groupe par le biais d'une convention d'actionnaires.<\/p>\n<p>D\u00e9but ao\u00fbt, Parmino Holding d\u00e9tenait 16,5% du capital-actions ; selon l'entreprise de construction, le groupe d\u00e9tient d\u00e9sormais ensemble 17,34% des droits de vote. Le groupe lui-m\u00eame d\u00e9clare d\u00e9tenir 18,1% du capital-actions.<\/p>\n<p>Le communiqu\u00e9 d'Implenia pr\u00e9cise que l'on ne dispose pas pour l'instant d'autres informations ni d'\u00e9l\u00e9ments de fond. L'entreprise est ouverte \u00e0 un dialogue constructif.<\/p>\n<p>Entre-temps, Veraison Capital a fait savoir que l'objectif du groupe d'actionnaires \u00e9tait \"d'accompagner Implenia sur la voie du retour au succ\u00e8s, tout en garantissant et en d\u00e9veloppant la valeur de l'entreprise\".<\/p>\n<p>Selon les m\u00e9dias, Veraison est consid\u00e9r\u00e9 comme un investisseur activiste et a pris des participations dans diff\u00e9rentes soci\u00e9t\u00e9s suisses au cours des derni\u00e8res ann\u00e9es, notamment dans <span class=\"rtr-schema-org\">Calida, <\/span><span class=\"rtr-schema-org\">Orell F\u00fcssli<\/span> et la pharmacie par correspondance Zur Rose.<\/p>\n<div class=\"article-body Article-restricted-content\">\n<div>\n<div class=\"_1O58Lu8R _2TWv7v0t\">\n<div class=\"paragraph-wrapper _2cOg_XeW _1O1iT0pZ _1NyN93yu\">\n<div class=\"_3OoLJ6p8\">\n<div class=\"_2RaP3gFG _33NNPQny _1Aor7XyQ n_VUivUD _33NNPQny _1Aor7XyQ _--7YR9OD _33NNPQny _1Aor7XyQ SuwAm6oV _33NNPQny _1Aor7XyQ _1OcEHJcL _33NNPQny _1Aor7XyQ NZAY-dCa _33NNPQny _1Aor7XyQ\">\n<div>\n<div class=\"paragraph text-paragraph _1QULufVs VBOJ5nrq\">\n<div>\n<p><a href=\"https:\/\/www.immobilienbusiness.ch\/fr\/gewinneinbruch-bei-implenia\/\">En ao\u00fbt, Implenia avait annonc\u00e9 une chute de ses b\u00e9n\u00e9fices pour le premier semestre 2019 ;<\/a> l'entreprise se r\u00e9organise actuellement. <em>(ah)<\/em><\/p>\n<\/div>\n<\/div>\n<\/div>\n<\/div>\n<\/div>\n<\/div>\n<\/div>\n<\/div>\n<\/div>","protected":false},"excerpt":{"rendered":"<p>Un groupe d'actionnaires s'est form\u00e9 au sein du groupe de construction et de services Implenia : Veraison Capital et Parmino Holding s'unissent.<\/p>","protected":false},"author":3,"featured_media":5301,"comment_status":"closed","ping_status":"open","sticky":false,"template":"","format":"standard","meta":{"_acf_changed":false,"_yoast_wpseo_focuskw":"Implenia","_yoast_wpseo_title":"","_yoast_wpseo_metadesc":"Beim Bau- und Dienstleistungskonzern Implenia hat sich eine Aktion\u00e4rsgruppe gebildet: Veraison Capital und Parmino Holding schliessen sich zusammen.","_yoast_wpseo_linkdex":41,"pgc_sgb_lightbox_settings":"","footnotes":""},"categories":[988],"tags":[1010,1359],"class_list":["post-18394","post","type-post","status-publish","format-standard","has-post-thumbnail","hentry","category-unternehmen","tag-aktien","tag-implenia"],"acf":[],"yoast_head":"<!-- This site is optimized with the Yoast SEO plugin v27.5 - https:\/\/yoast.com\/product\/yoast-seo-wordpress\/ -->\n<title>Aktivistischer Investor f\u00fcr Implenia - IMMOBILIEN Business<\/title>\n<meta name=\"description\" content=\"Beim Bau- und Dienstleistungskonzern Implenia hat sich eine Aktion\u00e4rsgruppe gebildet: Veraison Capital und Parmino Holding schliessen sich zusammen.\" \/>\n<meta name=\"robots\" content=\"index, follow, max-snippet:-1, max-image-preview:large, max-video-preview:-1\" \/>\n<link rel=\"canonical\" href=\"https:\/\/www.immobilienbusiness.ch\/fr\/unternehmen\/2019-09-16\/aktivistischer-investor-fuer-implenia\/\" \/>\n<meta property=\"og:locale\" content=\"fr_FR\" \/>\n<meta property=\"og:type\" content=\"article\" \/>\n<meta property=\"og:title\" content=\"Aktivistischer Investor f\u00fcr Implenia - IMMOBILIEN Business\" \/>\n<meta property=\"og:description\" content=\"Beim Bau- und Dienstleistungskonzern Implenia hat sich eine Aktion\u00e4rsgruppe gebildet: Veraison Capital und Parmino Holding schliessen sich zusammen.\" \/>\n<meta property=\"og:url\" content=\"https:\/\/www.immobilienbusiness.ch\/fr\/unternehmen\/2019-09-16\/aktivistischer-investor-fuer-implenia\/\" \/>\n<meta property=\"og:site_name\" content=\"IMMOBILIEN Business\" \/>\n<meta property=\"article:publisher\" content=\"https:\/\/www.facebook.com\/immobilienbusiness\/\" \/>\n<meta property=\"article:published_time\" content=\"2019-09-16T06:27:26+00:00\" \/>\n<meta property=\"og:image\" content=\"https:\/\/www.immobilienbusiness.ch\/wp-content\/uploads\/2019\/09\/Implenia-Metertasche-1024x683-1.jpg\" \/>\n\t<meta property=\"og:image:width\" content=\"1024\" \/>\n\t<meta property=\"og:image:height\" content=\"683\" \/>\n\t<meta property=\"og:image:type\" content=\"image\/jpeg\" \/>\n<meta name=\"author\" content=\"anja.hall\" \/>\n<meta name=\"twitter:card\" content=\"summary_large_image\" \/>\n<meta name=\"twitter:image\" content=\"https:\/\/www.immobilienbusiness.ch\/wp-content\/uploads\/2019\/09\/Implenia-Metertasche-1024x683-1.jpg\" \/>\n<script type=\"application\/ld+json\" class=\"yoast-schema-graph\">{\"@context\":\"https:\\\/\\\/schema.org\",\"@graph\":[{\"@type\":\"Article\",\"@id\":\"https:\\\/\\\/www.immobilienbusiness.ch\\\/it\\\/unternehmen\\\/2019-09-16\\\/aktivistischer-investor-fuer-implenia\\\/#article\",\"isPartOf\":{\"@id\":\"https:\\\/\\\/www.immobilienbusiness.ch\\\/it\\\/unternehmen\\\/2019-09-16\\\/aktivistischer-investor-fuer-implenia\\\/\"},\"author\":{\"name\":\"anja.hall\",\"@id\":\"https:\\\/\\\/www.immobilienbusiness.ch\\\/#\\\/schema\\\/person\\\/3fc036297b10b9f42d6db5ee932af8c8\"},\"headline\":\"Aktivistischer Investor f\u00fcr Implenia\",\"datePublished\":\"2019-09-16T06:27:26+00:00\",\"mainEntityOfPage\":{\"@id\":\"https:\\\/\\\/www.immobilienbusiness.ch\\\/it\\\/unternehmen\\\/2019-09-16\\\/aktivistischer-investor-fuer-implenia\\\/\"},\"wordCount\":188,\"publisher\":{\"@id\":\"https:\\\/\\\/www.immobilienbusiness.ch\\\/#organization\"},\"image\":{\"@id\":\"https:\\\/\\\/www.immobilienbusiness.ch\\\/it\\\/unternehmen\\\/2019-09-16\\\/aktivistischer-investor-fuer-implenia\\\/#primaryimage\"},\"thumbnailUrl\":\"https:\\\/\\\/www.immobilienbusiness.ch\\\/wp-content\\\/uploads\\\/2016\\\/12\\\/Implenia-Metertasche.jpg\",\"keywords\":[\"Aktien\",\"Implenia\"],\"articleSection\":[\"UNTERNEHMEN\"],\"inLanguage\":\"fr-FR\"},{\"@type\":\"WebPage\",\"@id\":\"https:\\\/\\\/www.immobilienbusiness.ch\\\/it\\\/unternehmen\\\/2019-09-16\\\/aktivistischer-investor-fuer-implenia\\\/\",\"url\":\"https:\\\/\\\/www.immobilienbusiness.ch\\\/it\\\/unternehmen\\\/2019-09-16\\\/aktivistischer-investor-fuer-implenia\\\/\",\"name\":\"Aktivistischer Investor f\u00fcr Implenia - IMMOBILIEN Business\",\"isPartOf\":{\"@id\":\"https:\\\/\\\/www.immobilienbusiness.ch\\\/#website\"},\"primaryImageOfPage\":{\"@id\":\"https:\\\/\\\/www.immobilienbusiness.ch\\\/it\\\/unternehmen\\\/2019-09-16\\\/aktivistischer-investor-fuer-implenia\\\/#primaryimage\"},\"image\":{\"@id\":\"https:\\\/\\\/www.immobilienbusiness.ch\\\/it\\\/unternehmen\\\/2019-09-16\\\/aktivistischer-investor-fuer-implenia\\\/#primaryimage\"},\"thumbnailUrl\":\"https:\\\/\\\/www.immobilienbusiness.ch\\\/wp-content\\\/uploads\\\/2016\\\/12\\\/Implenia-Metertasche.jpg\",\"datePublished\":\"2019-09-16T06:27:26+00:00\",\"description\":\"Beim Bau- und Dienstleistungskonzern Implenia hat sich eine Aktion\u00e4rsgruppe gebildet: Veraison Capital und Parmino Holding schliessen sich zusammen.\",\"breadcrumb\":{\"@id\":\"https:\\\/\\\/www.immobilienbusiness.ch\\\/it\\\/unternehmen\\\/2019-09-16\\\/aktivistischer-investor-fuer-implenia\\\/#breadcrumb\"},\"inLanguage\":\"fr-FR\",\"potentialAction\":[{\"@type\":\"ReadAction\",\"target\":[\"https:\\\/\\\/www.immobilienbusiness.ch\\\/it\\\/unternehmen\\\/2019-09-16\\\/aktivistischer-investor-fuer-implenia\\\/\"]}]},{\"@type\":\"ImageObject\",\"inLanguage\":\"fr-FR\",\"@id\":\"https:\\\/\\\/www.immobilienbusiness.ch\\\/it\\\/unternehmen\\\/2019-09-16\\\/aktivistischer-investor-fuer-implenia\\\/#primaryimage\",\"url\":\"https:\\\/\\\/www.immobilienbusiness.ch\\\/wp-content\\\/uploads\\\/2016\\\/12\\\/Implenia-Metertasche.jpg\",\"contentUrl\":\"https:\\\/\\\/www.immobilienbusiness.ch\\\/wp-content\\\/uploads\\\/2016\\\/12\\\/Implenia-Metertasche.jpg\",\"width\":2560,\"height\":1707,\"caption\":\"Der Bau- und Immobilienkonzern hat seine Jahreszahlen pr\u00e4sentiert (Foto: Implenia)\"},{\"@type\":\"BreadcrumbList\",\"@id\":\"https:\\\/\\\/www.immobilienbusiness.ch\\\/it\\\/unternehmen\\\/2019-09-16\\\/aktivistischer-investor-fuer-implenia\\\/#breadcrumb\",\"itemListElement\":[{\"@type\":\"ListItem\",\"position\":1,\"name\":\"Home\",\"item\":\"https:\\\/\\\/www.immobilienbusiness.ch\\\/\"},{\"@type\":\"ListItem\",\"position\":2,\"name\":\"Aktivistischer Investor f\u00fcr Implenia\"}]},{\"@type\":\"WebSite\",\"@id\":\"https:\\\/\\\/www.immobilienbusiness.ch\\\/#website\",\"url\":\"https:\\\/\\\/www.immobilienbusiness.ch\\\/\",\"name\":\"IMMOBILIEN Business\",\"description\":\"Unabh\u00e4ngiges Schweizer Wirtschaftsmagazin mit Fokus auf Immobilien, Architektur- und Bau sowie Investment- und Finanzierung.\",\"publisher\":{\"@id\":\"https:\\\/\\\/www.immobilienbusiness.ch\\\/#organization\"},\"potentialAction\":[{\"@type\":\"SearchAction\",\"target\":{\"@type\":\"EntryPoint\",\"urlTemplate\":\"https:\\\/\\\/www.immobilienbusiness.ch\\\/?s={search_term_string}\"},\"query-input\":{\"@type\":\"PropertyValueSpecification\",\"valueRequired\":true,\"valueName\":\"search_term_string\"}}],\"inLanguage\":\"fr-FR\"},{\"@type\":\"Organization\",\"@id\":\"https:\\\/\\\/www.immobilienbusiness.ch\\\/#organization\",\"name\":\"IMMOBILIEN Business\",\"url\":\"https:\\\/\\\/www.immobilienbusiness.ch\\\/\",\"logo\":{\"@type\":\"ImageObject\",\"inLanguage\":\"fr-FR\",\"@id\":\"https:\\\/\\\/www.immobilienbusiness.ch\\\/#\\\/schema\\\/logo\\\/image\\\/\",\"url\":\"https:\\\/\\\/www.immobilienbusiness.ch\\\/wp-content\\\/uploads\\\/2021\\\/07\\\/logo_ib.png\",\"contentUrl\":\"https:\\\/\\\/www.immobilienbusiness.ch\\\/wp-content\\\/uploads\\\/2021\\\/07\\\/logo_ib.png\",\"width\":800,\"height\":181,\"caption\":\"IMMOBILIEN Business\"},\"image\":{\"@id\":\"https:\\\/\\\/www.immobilienbusiness.ch\\\/#\\\/schema\\\/logo\\\/image\\\/\"},\"sameAs\":[\"https:\\\/\\\/www.facebook.com\\\/immobilienbusiness\\\/\"]},{\"@type\":\"Person\",\"@id\":\"https:\\\/\\\/www.immobilienbusiness.ch\\\/#\\\/schema\\\/person\\\/3fc036297b10b9f42d6db5ee932af8c8\",\"name\":\"anja.hall\",\"image\":{\"@type\":\"ImageObject\",\"inLanguage\":\"fr-FR\",\"@id\":\"https:\\\/\\\/secure.gravatar.com\\\/avatar\\\/066b5a0d447013502c71a5782f4f3469f03cfe595cc2329fb94652fe47511bfb?s=96&d=mm&r=g\",\"url\":\"https:\\\/\\\/secure.gravatar.com\\\/avatar\\\/066b5a0d447013502c71a5782f4f3469f03cfe595cc2329fb94652fe47511bfb?s=96&d=mm&r=g\",\"contentUrl\":\"https:\\\/\\\/secure.gravatar.com\\\/avatar\\\/066b5a0d447013502c71a5782f4f3469f03cfe595cc2329fb94652fe47511bfb?s=96&d=mm&r=g\",\"caption\":\"anja.hall\"},\"url\":\"https:\\\/\\\/www.immobilienbusiness.ch\\\/fr\\\/author\\\/anja-hall\\\/\"}]}<\/script>\n<!-- \/ Yoast SEO plugin. -->","yoast_head_json":{"title":"Un investisseur activiste pour Implenia - IMMOBILIER Business","description":"Un groupe d'actionnaires s'est form\u00e9 au sein du groupe de construction et de services Implenia : Veraison Capital et Parmino Holding s'unissent.","robots":{"index":"index","follow":"follow","max-snippet":"max-snippet:-1","max-image-preview":"max-image-preview:large","max-video-preview":"max-video-preview:-1"},"canonical":"https:\/\/www.immobilienbusiness.ch\/fr\/unternehmen\/2019-09-16\/aktivistischer-investor-fuer-implenia\/","og_locale":"fr_FR","og_type":"article","og_title":"Aktivistischer Investor f\u00fcr Implenia - IMMOBILIEN Business","og_description":"Beim Bau- und Dienstleistungskonzern Implenia hat sich eine Aktion\u00e4rsgruppe gebildet: Veraison Capital und Parmino Holding schliessen sich zusammen.","og_url":"https:\/\/www.immobilienbusiness.ch\/fr\/unternehmen\/2019-09-16\/aktivistischer-investor-fuer-implenia\/","og_site_name":"IMMOBILIEN Business","article_publisher":"https:\/\/www.facebook.com\/immobilienbusiness\/","article_published_time":"2019-09-16T06:27:26+00:00","og_image":[{"width":1024,"height":683,"url":"https:\/\/www.immobilienbusiness.ch\/wp-content\/uploads\/2019\/09\/Implenia-Metertasche-1024x683-1.jpg","type":"image\/jpeg"}],"author":"anja.hall","twitter_card":"summary_large_image","twitter_image":"https:\/\/www.immobilienbusiness.ch\/wp-content\/uploads\/2019\/09\/Implenia-Metertasche-1024x683-1.jpg","schema":{"@context":"https:\/\/schema.org","@graph":[{"@type":"Article","@id":"https:\/\/www.immobilienbusiness.ch\/it\/unternehmen\/2019-09-16\/aktivistischer-investor-fuer-implenia\/#article","isPartOf":{"@id":"https:\/\/www.immobilienbusiness.ch\/it\/unternehmen\/2019-09-16\/aktivistischer-investor-fuer-implenia\/"},"author":{"name":"anja.hall","@id":"https:\/\/www.immobilienbusiness.ch\/#\/schema\/person\/3fc036297b10b9f42d6db5ee932af8c8"},"headline":"Aktivistischer Investor f\u00fcr Implenia","datePublished":"2019-09-16T06:27:26+00:00","mainEntityOfPage":{"@id":"https:\/\/www.immobilienbusiness.ch\/it\/unternehmen\/2019-09-16\/aktivistischer-investor-fuer-implenia\/"},"wordCount":188,"publisher":{"@id":"https:\/\/www.immobilienbusiness.ch\/#organization"},"image":{"@id":"https:\/\/www.immobilienbusiness.ch\/it\/unternehmen\/2019-09-16\/aktivistischer-investor-fuer-implenia\/#primaryimage"},"thumbnailUrl":"https:\/\/www.immobilienbusiness.ch\/wp-content\/uploads\/2016\/12\/Implenia-Metertasche.jpg","keywords":["Aktien","Implenia"],"articleSection":["UNTERNEHMEN"],"inLanguage":"fr-FR"},{"@type":"WebPage","@id":"https:\/\/www.immobilienbusiness.ch\/it\/unternehmen\/2019-09-16\/aktivistischer-investor-fuer-implenia\/","url":"https:\/\/www.immobilienbusiness.ch\/it\/unternehmen\/2019-09-16\/aktivistischer-investor-fuer-implenia\/","name":"Un investisseur activiste pour Implenia - IMMOBILIER Business","isPartOf":{"@id":"https:\/\/www.immobilienbusiness.ch\/#website"},"primaryImageOfPage":{"@id":"https:\/\/www.immobilienbusiness.ch\/it\/unternehmen\/2019-09-16\/aktivistischer-investor-fuer-implenia\/#primaryimage"},"image":{"@id":"https:\/\/www.immobilienbusiness.ch\/it\/unternehmen\/2019-09-16\/aktivistischer-investor-fuer-implenia\/#primaryimage"},"thumbnailUrl":"https:\/\/www.immobilienbusiness.ch\/wp-content\/uploads\/2016\/12\/Implenia-Metertasche.jpg","datePublished":"2019-09-16T06:27:26+00:00","description":"Un groupe d'actionnaires s'est form\u00e9 au sein du groupe de construction et de services Implenia : Veraison Capital et Parmino Holding s'unissent.","breadcrumb":{"@id":"https:\/\/www.immobilienbusiness.ch\/it\/unternehmen\/2019-09-16\/aktivistischer-investor-fuer-implenia\/#breadcrumb"},"inLanguage":"fr-FR","potentialAction":[{"@type":"ReadAction","target":["https:\/\/www.immobilienbusiness.ch\/it\/unternehmen\/2019-09-16\/aktivistischer-investor-fuer-implenia\/"]}]},{"@type":"ImageObject","inLanguage":"fr-FR","@id":"https:\/\/www.immobilienbusiness.ch\/it\/unternehmen\/2019-09-16\/aktivistischer-investor-fuer-implenia\/#primaryimage","url":"https:\/\/www.immobilienbusiness.ch\/wp-content\/uploads\/2016\/12\/Implenia-Metertasche.jpg","contentUrl":"https:\/\/www.immobilienbusiness.ch\/wp-content\/uploads\/2016\/12\/Implenia-Metertasche.jpg","width":2560,"height":1707,"caption":"Der Bau- und Immobilienkonzern hat seine Jahreszahlen pr\u00e4sentiert (Foto: Implenia)"},{"@type":"BreadcrumbList","@id":"https:\/\/www.immobilienbusiness.ch\/it\/unternehmen\/2019-09-16\/aktivistischer-investor-fuer-implenia\/#breadcrumb","itemListElement":[{"@type":"ListItem","position":1,"name":"Home","item":"https:\/\/www.immobilienbusiness.ch\/"},{"@type":"ListItem","position":2,"name":"Aktivistischer Investor f\u00fcr Implenia"}]},{"@type":"WebSite","@id":"https:\/\/www.immobilienbusiness.ch\/#website","url":"https:\/\/www.immobilienbusiness.ch\/","name":"IMMOBILIER Business","description":"Magazine \u00e9conomique suisse ind\u00e9pendant ax\u00e9 sur l'immobilier, l'architecture et la construction ainsi que sur les investissements et le financement.","publisher":{"@id":"https:\/\/www.immobilienbusiness.ch\/#organization"},"potentialAction":[{"@type":"SearchAction","target":{"@type":"EntryPoint","urlTemplate":"https:\/\/www.immobilienbusiness.ch\/?s={search_term_string}"},"query-input":{"@type":"PropertyValueSpecification","valueRequired":true,"valueName":"search_term_string"}}],"inLanguage":"fr-FR"},{"@type":"Organization","@id":"https:\/\/www.immobilienbusiness.ch\/#organization","name":"IMMOBILIER Business","url":"https:\/\/www.immobilienbusiness.ch\/","logo":{"@type":"ImageObject","inLanguage":"fr-FR","@id":"https:\/\/www.immobilienbusiness.ch\/#\/schema\/logo\/image\/","url":"https:\/\/www.immobilienbusiness.ch\/wp-content\/uploads\/2021\/07\/logo_ib.png","contentUrl":"https:\/\/www.immobilienbusiness.ch\/wp-content\/uploads\/2021\/07\/logo_ib.png","width":800,"height":181,"caption":"IMMOBILIEN Business"},"image":{"@id":"https:\/\/www.immobilienbusiness.ch\/#\/schema\/logo\/image\/"},"sameAs":["https:\/\/www.facebook.com\/immobilienbusiness\/"]},{"@type":"Person","@id":"https:\/\/www.immobilienbusiness.ch\/#\/schema\/person\/3fc036297b10b9f42d6db5ee932af8c8","name":"anja.hall","image":{"@type":"ImageObject","inLanguage":"fr-FR","@id":"https:\/\/secure.gravatar.com\/avatar\/066b5a0d447013502c71a5782f4f3469f03cfe595cc2329fb94652fe47511bfb?s=96&d=mm&r=g","url":"https:\/\/secure.gravatar.com\/avatar\/066b5a0d447013502c71a5782f4f3469f03cfe595cc2329fb94652fe47511bfb?s=96&d=mm&r=g","contentUrl":"https:\/\/secure.gravatar.com\/avatar\/066b5a0d447013502c71a5782f4f3469f03cfe595cc2329fb94652fe47511bfb?s=96&d=mm&r=g","caption":"anja.hall"},"url":"https:\/\/www.immobilienbusiness.ch\/fr\/author\/anja-hall\/"}]}},"_links":{"self":[{"href":"https:\/\/www.immobilienbusiness.ch\/fr\/wp-json\/wp\/v2\/posts\/18394","targetHints":{"allow":["GET"]}}],"collection":[{"href":"https:\/\/www.immobilienbusiness.ch\/fr\/wp-json\/wp\/v2\/posts"}],"about":[{"href":"https:\/\/www.immobilienbusiness.ch\/fr\/wp-json\/wp\/v2\/types\/post"}],"author":[{"embeddable":true,"href":"https:\/\/www.immobilienbusiness.ch\/fr\/wp-json\/wp\/v2\/users\/3"}],"replies":[{"embeddable":true,"href":"https:\/\/www.immobilienbusiness.ch\/fr\/wp-json\/wp\/v2\/comments?post=18394"}],"version-history":[{"count":0,"href":"https:\/\/www.immobilienbusiness.ch\/fr\/wp-json\/wp\/v2\/posts\/18394\/revisions"}],"wp:featuredmedia":[{"embeddable":true,"href":"https:\/\/www.immobilienbusiness.ch\/fr\/wp-json\/wp\/v2\/media\/5301"}],"wp:attachment":[{"href":"https:\/\/www.immobilienbusiness.ch\/fr\/wp-json\/wp\/v2\/media?parent=18394"}],"wp:term":[{"taxonomy":"category","embeddable":true,"href":"https:\/\/www.immobilienbusiness.ch\/fr\/wp-json\/wp\/v2\/categories?post=18394"},{"taxonomy":"post_tag","embeddable":true,"href":"https:\/\/www.immobilienbusiness.ch\/fr\/wp-json\/wp\/v2\/tags?post=18394"}],"curies":[{"name":"wp","href":"https:\/\/api.w.org\/{rel}","templated":true}]}}