{"id":18349,"date":"2019-09-11T08:59:07","date_gmt":"2019-09-11T06:59:07","guid":{"rendered":"https:\/\/www.immobilienbusiness.ch\/?p=18349"},"modified":"2019-09-11T08:59:07","modified_gmt":"2019-09-11T06:59:07","slug":"betreiber-fuer-gastro-und-eventflaechen-im-jed-steht-fest","status":"publish","type":"post","link":"https:\/\/www.immobilienbusiness.ch\/fr\/regionen\/2019-09-11\/betreiber-fuer-gastro-und-eventflaechen-im-jed-steht-fest\/","title":{"rendered":"L'exploitant des espaces gastronomiques et \u00e9v\u00e9nementiels du JED est connu"},"content":{"rendered":"<figure id=\"attachment_17180\" aria-describedby=\"caption-attachment-17180\" style=\"width: 680px\" class=\"wp-caption alignnone\"><img loading=\"lazy\" decoding=\"async\" class=\"size-medium wp-image-17180\" src=\"https:\/\/www.immobilienbusiness.ch\/wp-content\/uploads\/2019\/05\/190516_Prio_1_Uebersicht_vom_Gleis.jpg\" alt=\"\" width=\"680\" height=\"383\" srcset=\"https:\/\/www.immobilienbusiness.ch\/wp-content\/uploads\/2019\/05\/190516_Prio_1_Uebersicht_vom_Gleis.jpg 720w, https:\/\/www.immobilienbusiness.ch\/wp-content\/uploads\/2019\/05\/190516_Prio_1_Uebersicht_vom_Gleis-300x169.jpg 300w, https:\/\/www.immobilienbusiness.ch\/wp-content\/uploads\/2019\/05\/190516_Prio_1_Uebersicht_vom_Gleis-16x9.jpg 16w, https:\/\/www.immobilienbusiness.ch\/wp-content\/uploads\/2019\/05\/190516_Prio_1_Uebersicht_vom_Gleis-311x175.jpg 311w, https:\/\/www.immobilienbusiness.ch\/wp-content\/uploads\/2019\/05\/190516_Prio_1_Uebersicht_vom_Gleis-622x350.jpg 622w\" sizes=\"auto, (max-width: 680px) 100vw, 680px\" \/><figcaption id=\"caption-attachment-17180\" class=\"wp-caption-text\">Le nouveau b\u00e2timent JED \u00e0 Schlieren (visualisation : www.nightnurse.ch)<\/figcaption><\/figure>\n<p>Avec le JED, Swiss Prime Site construit sur le site de l'ancien centre d'impression de la NZZ \u00e0 Schlieren (ZH) un nouveau b\u00e2timent qui comprend, outre des bureaux, des zones de rencontre et des espaces de restauration et d'\u00e9v\u00e9nements.<\/p>\n<p>Un hall industriel avec des plafonds pouvant atteindre 18 m\u00e8tres de haut ainsi que d'autres espaces de banquets et d'\u00e9v\u00e9nements seront disponibles sur une surface de 2.200 m\u00b2, auxquels s'ajoutera un restaurant.<\/p>\n<p>L'exploitation des espaces de restauration et d'\u00e9v\u00e9nements sera assur\u00e9e par Nicolai Squarra. Il est directeur de dine&amp;shine Event Catering depuis 2015, responsable du secteur \u00e9v\u00e9nementiel de SV Group et membre du comit\u00e9 de l'association professionnelle Expo Event. Squarra travaillera encore chez dine&amp;shine jusqu'au 1er juillet 2020 et reprendra la nouvelle entreprise le 1er octobre 2020. Pour<\/p>\n<p>En 2016, Squarra avait utilis\u00e9 les halles vides pendant 18 mois avec dine&amp;shine dans le cadre du projet d'utilisation interm\u00e9diaire \"Offset\" comme lieu d'\u00e9v\u00e9nement ainsi que pour un restaurant pop-up.<\/p>\n<p>Du point de vue de Swiss Prime Site Immobilien, JED se positionne \"de mani\u00e8re optimale dans le secteur MICE\" en raison de la proximit\u00e9 imm\u00e9diate de la gare de Schlieren et de la connexion avec le Limmattalbahn. L'offre comble le vide connu dans le secteur de l'\u00e9v\u00e9nementiel dans le secteur des lieux pour les \u00e9v\u00e9nements de petite et moyenne envergure.<\/p>","protected":false},"excerpt":{"rendered":"<p>L'entrepreneur Nicolai Squarra exploitera le lieu de restauration et d'\u00e9v\u00e9nements dans le JED \u00e0 Schlieren, un projet de Swiss Prime Site Immobilien.<\/p>","protected":false},"author":3,"featured_media":17180,"comment_status":"closed","ping_status":"open","sticky":false,"template":"","format":"standard","meta":{"_acf_changed":false,"_yoast_wpseo_focuskw":"JED","_yoast_wpseo_title":"","_yoast_wpseo_metadesc":"Der Unternehmer Nicolai Squarra wird die Gastro- und Eventlocation im JED in Schlieren betreiben, einem Projekt der Swiss Prime Site Immobilien.","_yoast_wpseo_linkdex":51,"pgc_sgb_lightbox_settings":"","footnotes":""},"categories":[985],"tags":[1254,1760,1832],"class_list":["post-18349","post","type-post","status-publish","format-standard","has-post-thumbnail","hentry","category-regionen","tag-gastronomie","tag-swiss-prime-site","tag-vermietung"],"acf":[],"yoast_head":"<!-- This site is optimized with the Yoast SEO plugin v27.4 - https:\/\/yoast.com\/product\/yoast-seo-wordpress\/ -->\n<title>Betreiber f\u00fcr Gastro- und Eventfl\u00e4chen im JED steht fest - IMMOBILIEN Business<\/title>\n<meta name=\"description\" content=\"Der Unternehmer Nicolai Squarra wird die Gastro- und Eventlocation im JED in Schlieren betreiben, einem Projekt der Swiss Prime Site Immobilien.\" \/>\n<meta name=\"robots\" content=\"index, follow, max-snippet:-1, max-image-preview:large, max-video-preview:-1\" \/>\n<link rel=\"canonical\" href=\"https:\/\/www.immobilienbusiness.ch\/fr\/regionen\/2019-09-11\/betreiber-fuer-gastro-und-eventflaechen-im-jed-steht-fest\/\" \/>\n<meta property=\"og:locale\" content=\"fr_FR\" \/>\n<meta property=\"og:type\" content=\"article\" \/>\n<meta property=\"og:title\" content=\"Betreiber f\u00fcr Gastro- und Eventfl\u00e4chen im JED steht fest - IMMOBILIEN Business\" \/>\n<meta property=\"og:description\" content=\"Der Unternehmer Nicolai Squarra wird die Gastro- und Eventlocation im JED in Schlieren betreiben, einem Projekt der Swiss Prime Site Immobilien.\" \/>\n<meta property=\"og:url\" content=\"https:\/\/www.immobilienbusiness.ch\/fr\/regionen\/2019-09-11\/betreiber-fuer-gastro-und-eventflaechen-im-jed-steht-fest\/\" \/>\n<meta property=\"og:site_name\" content=\"IMMOBILIEN Business\" \/>\n<meta property=\"article:publisher\" content=\"https:\/\/www.facebook.com\/immobilienbusiness\/\" \/>\n<meta property=\"article:published_time\" content=\"2019-09-11T06:59:07+00:00\" \/>\n<meta property=\"og:image\" content=\"https:\/\/www.immobilienbusiness.ch\/wp-content\/uploads\/2019\/05\/190516_Prio_1_Uebersicht_vom_Gleis.jpg\" \/>\n\t<meta property=\"og:image:width\" content=\"720\" \/>\n\t<meta property=\"og:image:height\" content=\"405\" \/>\n\t<meta property=\"og:image:type\" content=\"image\/jpeg\" \/>\n<meta name=\"author\" content=\"anja.hall\" \/>\n<meta name=\"twitter:card\" content=\"summary_large_image\" \/>\n<meta name=\"twitter:image\" content=\"https:\/\/www.immobilienbusiness.ch\/wp-content\/uploads\/2019\/05\/190516_Prio_1_Uebersicht_vom_Gleis.jpg\" \/>\n<script type=\"application\/ld+json\" class=\"yoast-schema-graph\">{\"@context\":\"https:\\\/\\\/schema.org\",\"@graph\":[{\"@type\":\"Article\",\"@id\":\"https:\\\/\\\/www.immobilienbusiness.ch\\\/fr\\\/regionen\\\/2019-09-11\\\/betreiber-fuer-gastro-und-eventflaechen-im-jed-steht-fest\\\/#article\",\"isPartOf\":{\"@id\":\"https:\\\/\\\/www.immobilienbusiness.ch\\\/fr\\\/regionen\\\/2019-09-11\\\/betreiber-fuer-gastro-und-eventflaechen-im-jed-steht-fest\\\/\"},\"author\":{\"name\":\"anja.hall\",\"@id\":\"https:\\\/\\\/www.immobilienbusiness.ch\\\/#\\\/schema\\\/person\\\/3fc036297b10b9f42d6db5ee932af8c8\"},\"headline\":\"Betreiber f\u00fcr Gastro- und Eventfl\u00e4chen im JED steht fest\",\"datePublished\":\"2019-09-11T06:59:07+00:00\",\"mainEntityOfPage\":{\"@id\":\"https:\\\/\\\/www.immobilienbusiness.ch\\\/fr\\\/regionen\\\/2019-09-11\\\/betreiber-fuer-gastro-und-eventflaechen-im-jed-steht-fest\\\/\"},\"wordCount\":214,\"publisher\":{\"@id\":\"https:\\\/\\\/www.immobilienbusiness.ch\\\/#organization\"},\"image\":{\"@id\":\"https:\\\/\\\/www.immobilienbusiness.ch\\\/fr\\\/regionen\\\/2019-09-11\\\/betreiber-fuer-gastro-und-eventflaechen-im-jed-steht-fest\\\/#primaryimage\"},\"thumbnailUrl\":\"https:\\\/\\\/www.immobilienbusiness.ch\\\/wp-content\\\/uploads\\\/2019\\\/05\\\/190516_Prio_1_Uebersicht_vom_Gleis.jpg\",\"keywords\":[\"Gastronomie\",\"Swiss Prime Site\",\"Vermietung\"],\"articleSection\":[\"REGIONEN\"],\"inLanguage\":\"fr-FR\"},{\"@type\":\"WebPage\",\"@id\":\"https:\\\/\\\/www.immobilienbusiness.ch\\\/fr\\\/regionen\\\/2019-09-11\\\/betreiber-fuer-gastro-und-eventflaechen-im-jed-steht-fest\\\/\",\"url\":\"https:\\\/\\\/www.immobilienbusiness.ch\\\/fr\\\/regionen\\\/2019-09-11\\\/betreiber-fuer-gastro-und-eventflaechen-im-jed-steht-fest\\\/\",\"name\":\"Betreiber f\u00fcr Gastro- und Eventfl\u00e4chen im JED steht fest - IMMOBILIEN Business\",\"isPartOf\":{\"@id\":\"https:\\\/\\\/www.immobilienbusiness.ch\\\/#website\"},\"primaryImageOfPage\":{\"@id\":\"https:\\\/\\\/www.immobilienbusiness.ch\\\/fr\\\/regionen\\\/2019-09-11\\\/betreiber-fuer-gastro-und-eventflaechen-im-jed-steht-fest\\\/#primaryimage\"},\"image\":{\"@id\":\"https:\\\/\\\/www.immobilienbusiness.ch\\\/fr\\\/regionen\\\/2019-09-11\\\/betreiber-fuer-gastro-und-eventflaechen-im-jed-steht-fest\\\/#primaryimage\"},\"thumbnailUrl\":\"https:\\\/\\\/www.immobilienbusiness.ch\\\/wp-content\\\/uploads\\\/2019\\\/05\\\/190516_Prio_1_Uebersicht_vom_Gleis.jpg\",\"datePublished\":\"2019-09-11T06:59:07+00:00\",\"description\":\"Der Unternehmer Nicolai Squarra wird die Gastro- und Eventlocation im JED in Schlieren betreiben, einem Projekt der Swiss Prime Site Immobilien.\",\"breadcrumb\":{\"@id\":\"https:\\\/\\\/www.immobilienbusiness.ch\\\/fr\\\/regionen\\\/2019-09-11\\\/betreiber-fuer-gastro-und-eventflaechen-im-jed-steht-fest\\\/#breadcrumb\"},\"inLanguage\":\"fr-FR\",\"potentialAction\":[{\"@type\":\"ReadAction\",\"target\":[\"https:\\\/\\\/www.immobilienbusiness.ch\\\/fr\\\/regionen\\\/2019-09-11\\\/betreiber-fuer-gastro-und-eventflaechen-im-jed-steht-fest\\\/\"]}]},{\"@type\":\"ImageObject\",\"inLanguage\":\"fr-FR\",\"@id\":\"https:\\\/\\\/www.immobilienbusiness.ch\\\/fr\\\/regionen\\\/2019-09-11\\\/betreiber-fuer-gastro-und-eventflaechen-im-jed-steht-fest\\\/#primaryimage\",\"url\":\"https:\\\/\\\/www.immobilienbusiness.ch\\\/wp-content\\\/uploads\\\/2019\\\/05\\\/190516_Prio_1_Uebersicht_vom_Gleis.jpg\",\"contentUrl\":\"https:\\\/\\\/www.immobilienbusiness.ch\\\/wp-content\\\/uploads\\\/2019\\\/05\\\/190516_Prio_1_Uebersicht_vom_Gleis.jpg\",\"width\":720,\"height\":405,\"caption\":\"nightnurse images Visualisierungwww.nightnurse.ch\"},{\"@type\":\"BreadcrumbList\",\"@id\":\"https:\\\/\\\/www.immobilienbusiness.ch\\\/fr\\\/regionen\\\/2019-09-11\\\/betreiber-fuer-gastro-und-eventflaechen-im-jed-steht-fest\\\/#breadcrumb\",\"itemListElement\":[{\"@type\":\"ListItem\",\"position\":1,\"name\":\"Home\",\"item\":\"https:\\\/\\\/www.immobilienbusiness.ch\\\/\"},{\"@type\":\"ListItem\",\"position\":2,\"name\":\"Betreiber f\u00fcr Gastro- und Eventfl\u00e4chen im JED steht fest\"}]},{\"@type\":\"WebSite\",\"@id\":\"https:\\\/\\\/www.immobilienbusiness.ch\\\/#website\",\"url\":\"https:\\\/\\\/www.immobilienbusiness.ch\\\/\",\"name\":\"IMMOBILIEN Business\",\"description\":\"Unabh\u00e4ngiges Schweizer Wirtschaftsmagazin mit Fokus auf Immobilien, Architektur- und Bau sowie Investment- und Finanzierung.\",\"publisher\":{\"@id\":\"https:\\\/\\\/www.immobilienbusiness.ch\\\/#organization\"},\"potentialAction\":[{\"@type\":\"SearchAction\",\"target\":{\"@type\":\"EntryPoint\",\"urlTemplate\":\"https:\\\/\\\/www.immobilienbusiness.ch\\\/?s={search_term_string}\"},\"query-input\":{\"@type\":\"PropertyValueSpecification\",\"valueRequired\":true,\"valueName\":\"search_term_string\"}}],\"inLanguage\":\"fr-FR\"},{\"@type\":\"Organization\",\"@id\":\"https:\\\/\\\/www.immobilienbusiness.ch\\\/#organization\",\"name\":\"IMMOBILIEN Business\",\"url\":\"https:\\\/\\\/www.immobilienbusiness.ch\\\/\",\"logo\":{\"@type\":\"ImageObject\",\"inLanguage\":\"fr-FR\",\"@id\":\"https:\\\/\\\/www.immobilienbusiness.ch\\\/#\\\/schema\\\/logo\\\/image\\\/\",\"url\":\"https:\\\/\\\/www.immobilienbusiness.ch\\\/wp-content\\\/uploads\\\/2021\\\/07\\\/logo_ib.png\",\"contentUrl\":\"https:\\\/\\\/www.immobilienbusiness.ch\\\/wp-content\\\/uploads\\\/2021\\\/07\\\/logo_ib.png\",\"width\":800,\"height\":181,\"caption\":\"IMMOBILIEN Business\"},\"image\":{\"@id\":\"https:\\\/\\\/www.immobilienbusiness.ch\\\/#\\\/schema\\\/logo\\\/image\\\/\"},\"sameAs\":[\"https:\\\/\\\/www.facebook.com\\\/immobilienbusiness\\\/\"]},{\"@type\":\"Person\",\"@id\":\"https:\\\/\\\/www.immobilienbusiness.ch\\\/#\\\/schema\\\/person\\\/3fc036297b10b9f42d6db5ee932af8c8\",\"name\":\"anja.hall\",\"image\":{\"@type\":\"ImageObject\",\"inLanguage\":\"fr-FR\",\"@id\":\"https:\\\/\\\/secure.gravatar.com\\\/avatar\\\/066b5a0d447013502c71a5782f4f3469f03cfe595cc2329fb94652fe47511bfb?s=96&d=mm&r=g\",\"url\":\"https:\\\/\\\/secure.gravatar.com\\\/avatar\\\/066b5a0d447013502c71a5782f4f3469f03cfe595cc2329fb94652fe47511bfb?s=96&d=mm&r=g\",\"contentUrl\":\"https:\\\/\\\/secure.gravatar.com\\\/avatar\\\/066b5a0d447013502c71a5782f4f3469f03cfe595cc2329fb94652fe47511bfb?s=96&d=mm&r=g\",\"caption\":\"anja.hall\"},\"url\":\"https:\\\/\\\/www.immobilienbusiness.ch\\\/fr\\\/author\\\/anja-hall\\\/\"}]}<\/script>\n<!-- \/ Yoast SEO plugin. -->","yoast_head_json":{"title":"Betreiber f\u00fcr Gastro- und Eventfl\u00e4chen im JED steht fest - IMMOBILIEN Business","description":"L'entrepreneur Nicolai Squarra exploitera le lieu de restauration et d'\u00e9v\u00e9nements dans le JED \u00e0 Schlieren, un projet de Swiss Prime Site Immobilien.","robots":{"index":"index","follow":"follow","max-snippet":"max-snippet:-1","max-image-preview":"max-image-preview:large","max-video-preview":"max-video-preview:-1"},"canonical":"https:\/\/www.immobilienbusiness.ch\/fr\/regionen\/2019-09-11\/betreiber-fuer-gastro-und-eventflaechen-im-jed-steht-fest\/","og_locale":"fr_FR","og_type":"article","og_title":"Betreiber f\u00fcr Gastro- und Eventfl\u00e4chen im JED steht fest - IMMOBILIEN Business","og_description":"Der Unternehmer Nicolai Squarra wird die Gastro- und Eventlocation im JED in Schlieren betreiben, einem Projekt der Swiss Prime Site Immobilien.","og_url":"https:\/\/www.immobilienbusiness.ch\/fr\/regionen\/2019-09-11\/betreiber-fuer-gastro-und-eventflaechen-im-jed-steht-fest\/","og_site_name":"IMMOBILIEN Business","article_publisher":"https:\/\/www.facebook.com\/immobilienbusiness\/","article_published_time":"2019-09-11T06:59:07+00:00","og_image":[{"width":720,"height":405,"url":"https:\/\/www.immobilienbusiness.ch\/wp-content\/uploads\/2019\/05\/190516_Prio_1_Uebersicht_vom_Gleis.jpg","type":"image\/jpeg"}],"author":"anja.hall","twitter_card":"summary_large_image","twitter_image":"https:\/\/www.immobilienbusiness.ch\/wp-content\/uploads\/2019\/05\/190516_Prio_1_Uebersicht_vom_Gleis.jpg","schema":{"@context":"https:\/\/schema.org","@graph":[{"@type":"Article","@id":"https:\/\/www.immobilienbusiness.ch\/fr\/regionen\/2019-09-11\/betreiber-fuer-gastro-und-eventflaechen-im-jed-steht-fest\/#article","isPartOf":{"@id":"https:\/\/www.immobilienbusiness.ch\/fr\/regionen\/2019-09-11\/betreiber-fuer-gastro-und-eventflaechen-im-jed-steht-fest\/"},"author":{"name":"anja.hall","@id":"https:\/\/www.immobilienbusiness.ch\/#\/schema\/person\/3fc036297b10b9f42d6db5ee932af8c8"},"headline":"Betreiber f\u00fcr Gastro- und Eventfl\u00e4chen im JED steht fest","datePublished":"2019-09-11T06:59:07+00:00","mainEntityOfPage":{"@id":"https:\/\/www.immobilienbusiness.ch\/fr\/regionen\/2019-09-11\/betreiber-fuer-gastro-und-eventflaechen-im-jed-steht-fest\/"},"wordCount":214,"publisher":{"@id":"https:\/\/www.immobilienbusiness.ch\/#organization"},"image":{"@id":"https:\/\/www.immobilienbusiness.ch\/fr\/regionen\/2019-09-11\/betreiber-fuer-gastro-und-eventflaechen-im-jed-steht-fest\/#primaryimage"},"thumbnailUrl":"https:\/\/www.immobilienbusiness.ch\/wp-content\/uploads\/2019\/05\/190516_Prio_1_Uebersicht_vom_Gleis.jpg","keywords":["Gastronomie","Swiss Prime Site","Vermietung"],"articleSection":["REGIONEN"],"inLanguage":"fr-FR"},{"@type":"WebPage","@id":"https:\/\/www.immobilienbusiness.ch\/fr\/regionen\/2019-09-11\/betreiber-fuer-gastro-und-eventflaechen-im-jed-steht-fest\/","url":"https:\/\/www.immobilienbusiness.ch\/fr\/regionen\/2019-09-11\/betreiber-fuer-gastro-und-eventflaechen-im-jed-steht-fest\/","name":"Betreiber f\u00fcr Gastro- und Eventfl\u00e4chen im JED steht fest - IMMOBILIEN Business","isPartOf":{"@id":"https:\/\/www.immobilienbusiness.ch\/#website"},"primaryImageOfPage":{"@id":"https:\/\/www.immobilienbusiness.ch\/fr\/regionen\/2019-09-11\/betreiber-fuer-gastro-und-eventflaechen-im-jed-steht-fest\/#primaryimage"},"image":{"@id":"https:\/\/www.immobilienbusiness.ch\/fr\/regionen\/2019-09-11\/betreiber-fuer-gastro-und-eventflaechen-im-jed-steht-fest\/#primaryimage"},"thumbnailUrl":"https:\/\/www.immobilienbusiness.ch\/wp-content\/uploads\/2019\/05\/190516_Prio_1_Uebersicht_vom_Gleis.jpg","datePublished":"2019-09-11T06:59:07+00:00","description":"L'entrepreneur Nicolai Squarra exploitera le lieu de restauration et d'\u00e9v\u00e9nements dans le JED \u00e0 Schlieren, un projet de Swiss Prime Site Immobilien.","breadcrumb":{"@id":"https:\/\/www.immobilienbusiness.ch\/fr\/regionen\/2019-09-11\/betreiber-fuer-gastro-und-eventflaechen-im-jed-steht-fest\/#breadcrumb"},"inLanguage":"fr-FR","potentialAction":[{"@type":"ReadAction","target":["https:\/\/www.immobilienbusiness.ch\/fr\/regionen\/2019-09-11\/betreiber-fuer-gastro-und-eventflaechen-im-jed-steht-fest\/"]}]},{"@type":"ImageObject","inLanguage":"fr-FR","@id":"https:\/\/www.immobilienbusiness.ch\/fr\/regionen\/2019-09-11\/betreiber-fuer-gastro-und-eventflaechen-im-jed-steht-fest\/#primaryimage","url":"https:\/\/www.immobilienbusiness.ch\/wp-content\/uploads\/2019\/05\/190516_Prio_1_Uebersicht_vom_Gleis.jpg","contentUrl":"https:\/\/www.immobilienbusiness.ch\/wp-content\/uploads\/2019\/05\/190516_Prio_1_Uebersicht_vom_Gleis.jpg","width":720,"height":405,"caption":"nightnurse images Visualisierungwww.nightnurse.ch"},{"@type":"BreadcrumbList","@id":"https:\/\/www.immobilienbusiness.ch\/fr\/regionen\/2019-09-11\/betreiber-fuer-gastro-und-eventflaechen-im-jed-steht-fest\/#breadcrumb","itemListElement":[{"@type":"ListItem","position":1,"name":"Home","item":"https:\/\/www.immobilienbusiness.ch\/"},{"@type":"ListItem","position":2,"name":"Betreiber f\u00fcr Gastro- und Eventfl\u00e4chen im JED steht fest"}]},{"@type":"WebSite","@id":"https:\/\/www.immobilienbusiness.ch\/#website","url":"https:\/\/www.immobilienbusiness.ch\/","name":"IMMOBILIER Business","description":"Magazine \u00e9conomique suisse ind\u00e9pendant ax\u00e9 sur l'immobilier, l'architecture et la construction ainsi que sur les investissements et le financement.","publisher":{"@id":"https:\/\/www.immobilienbusiness.ch\/#organization"},"potentialAction":[{"@type":"SearchAction","target":{"@type":"EntryPoint","urlTemplate":"https:\/\/www.immobilienbusiness.ch\/?s={search_term_string}"},"query-input":{"@type":"PropertyValueSpecification","valueRequired":true,"valueName":"search_term_string"}}],"inLanguage":"fr-FR"},{"@type":"Organization","@id":"https:\/\/www.immobilienbusiness.ch\/#organization","name":"IMMOBILIER Business","url":"https:\/\/www.immobilienbusiness.ch\/","logo":{"@type":"ImageObject","inLanguage":"fr-FR","@id":"https:\/\/www.immobilienbusiness.ch\/#\/schema\/logo\/image\/","url":"https:\/\/www.immobilienbusiness.ch\/wp-content\/uploads\/2021\/07\/logo_ib.png","contentUrl":"https:\/\/www.immobilienbusiness.ch\/wp-content\/uploads\/2021\/07\/logo_ib.png","width":800,"height":181,"caption":"IMMOBILIEN Business"},"image":{"@id":"https:\/\/www.immobilienbusiness.ch\/#\/schema\/logo\/image\/"},"sameAs":["https:\/\/www.facebook.com\/immobilienbusiness\/"]},{"@type":"Person","@id":"https:\/\/www.immobilienbusiness.ch\/#\/schema\/person\/3fc036297b10b9f42d6db5ee932af8c8","name":"anja.hall","image":{"@type":"ImageObject","inLanguage":"fr-FR","@id":"https:\/\/secure.gravatar.com\/avatar\/066b5a0d447013502c71a5782f4f3469f03cfe595cc2329fb94652fe47511bfb?s=96&d=mm&r=g","url":"https:\/\/secure.gravatar.com\/avatar\/066b5a0d447013502c71a5782f4f3469f03cfe595cc2329fb94652fe47511bfb?s=96&d=mm&r=g","contentUrl":"https:\/\/secure.gravatar.com\/avatar\/066b5a0d447013502c71a5782f4f3469f03cfe595cc2329fb94652fe47511bfb?s=96&d=mm&r=g","caption":"anja.hall"},"url":"https:\/\/www.immobilienbusiness.ch\/fr\/author\/anja-hall\/"}]}},"_links":{"self":[{"href":"https:\/\/www.immobilienbusiness.ch\/fr\/wp-json\/wp\/v2\/posts\/18349","targetHints":{"allow":["GET"]}}],"collection":[{"href":"https:\/\/www.immobilienbusiness.ch\/fr\/wp-json\/wp\/v2\/posts"}],"about":[{"href":"https:\/\/www.immobilienbusiness.ch\/fr\/wp-json\/wp\/v2\/types\/post"}],"author":[{"embeddable":true,"href":"https:\/\/www.immobilienbusiness.ch\/fr\/wp-json\/wp\/v2\/users\/3"}],"replies":[{"embeddable":true,"href":"https:\/\/www.immobilienbusiness.ch\/fr\/wp-json\/wp\/v2\/comments?post=18349"}],"version-history":[{"count":0,"href":"https:\/\/www.immobilienbusiness.ch\/fr\/wp-json\/wp\/v2\/posts\/18349\/revisions"}],"wp:featuredmedia":[{"embeddable":true,"href":"https:\/\/www.immobilienbusiness.ch\/fr\/wp-json\/wp\/v2\/media\/17180"}],"wp:attachment":[{"href":"https:\/\/www.immobilienbusiness.ch\/fr\/wp-json\/wp\/v2\/media?parent=18349"}],"wp:term":[{"taxonomy":"category","embeddable":true,"href":"https:\/\/www.immobilienbusiness.ch\/fr\/wp-json\/wp\/v2\/categories?post=18349"},{"taxonomy":"post_tag","embeddable":true,"href":"https:\/\/www.immobilienbusiness.ch\/fr\/wp-json\/wp\/v2\/tags?post=18349"}],"curies":[{"name":"wp","href":"https:\/\/api.w.org\/{rel}","templated":true}]}}