{"id":18334,"date":"2019-09-11T08:10:30","date_gmt":"2019-09-11T06:10:30","guid":{"rendered":"https:\/\/www.immobilienbusiness.ch\/?p=18334"},"modified":"2019-09-11T08:10:30","modified_gmt":"2019-09-11T06:10:30","slug":"sarasin-nachhaltigkeitsfonds-investiert-in-barcelona","status":"publish","type":"post","link":"https:\/\/www.immobilienbusiness.ch\/fr\/unternehmen\/2019-09-11\/sarasin-nachhaltigkeitsfonds-investiert-in-barcelona\/","title":{"rendered":"Le fonds de d\u00e9veloppement durable de Sarasin investit \u00e0 Barcelone"},"content":{"rendered":"<figure id=\"attachment_3514\" aria-describedby=\"caption-attachment-3514\" style=\"width: 680px\" class=\"wp-caption alignnone\"><img loading=\"lazy\" decoding=\"async\" class=\"size-medium wp-image-3514\" src=\"https:\/\/www.immobilienbusiness.ch\/wp-content\/uploads\/2016\/12\/UBS-kauft-in-Barcelona-und-Madrid-zu-immobilien-business.jpg\" alt=\"\" width=\"680\" height=\"453\" srcset=\"https:\/\/www.immobilienbusiness.ch\/wp-content\/uploads\/2016\/12\/UBS-kauft-in-Barcelona-und-Madrid-zu-immobilien-business.jpg 1280w, https:\/\/www.immobilienbusiness.ch\/wp-content\/uploads\/2016\/12\/UBS-kauft-in-Barcelona-und-Madrid-zu-immobilien-business-300x200.jpg 300w, https:\/\/www.immobilienbusiness.ch\/wp-content\/uploads\/2016\/12\/UBS-kauft-in-Barcelona-und-Madrid-zu-immobilien-business-1024x682.jpg 1024w, https:\/\/www.immobilienbusiness.ch\/wp-content\/uploads\/2016\/12\/UBS-kauft-in-Barcelona-und-Madrid-zu-immobilien-business-768x512.jpg 768w, https:\/\/www.immobilienbusiness.ch\/wp-content\/uploads\/2016\/12\/UBS-kauft-in-Barcelona-und-Madrid-zu-immobilien-business-16x12.jpg 16w, https:\/\/www.immobilienbusiness.ch\/wp-content\/uploads\/2016\/12\/UBS-kauft-in-Barcelona-und-Madrid-zu-immobilien-business-263x175.jpg 263w, https:\/\/www.immobilienbusiness.ch\/wp-content\/uploads\/2016\/12\/UBS-kauft-in-Barcelona-und-Madrid-zu-immobilien-business-525x350.jpg 525w, https:\/\/www.immobilienbusiness.ch\/wp-content\/uploads\/2016\/12\/UBS-kauft-in-Barcelona-und-Madrid-zu-immobilien-business-1200x800.jpg 1200w, https:\/\/www.immobilienbusiness.ch\/wp-content\/uploads\/2016\/12\/UBS-kauft-in-Barcelona-und-Madrid-zu-immobilien-business-920x613.jpg 920w\" sizes=\"auto, (max-width: 680px) 100vw, 680px\" \/><figcaption id=\"caption-attachment-3514\" class=\"wp-caption-text\">Le fonds Sarasin Sustainable Properties - European Cities investit \u00e0 Barcelone (Photo : Pixabay)<\/figcaption><\/figure>\n<p>L'immeuble est situ\u00e9 dans la Carrer de Felipe II, dans le quartier de La Sagrera. Le vendeur \u00e9tait un fonds de Shaftesbury Asset Management, qui avait achet\u00e9 le bien \u00e0 Telef\u00f3nica en 2016.<\/p>\n<p>Construit en 1961 et r\u00e9nov\u00e9 en 2018, cet immeuble de quatre \u00e9tages dispose d'une surface locative d'environ 5 800 m\u00b2 et est enti\u00e8rement lou\u00e9 \u00e0 deux utilisateurs. Le locataire principal, l'agence de marketing CPM, occupe environ 70% de la surface locative. L'un des plus importants projets d'infrastructure de Barcelone, l'extension d'un nouveau hub de transport avec liaison ferroviaire rapide, est en cours de r\u00e9alisation \u00e0 proximit\u00e9 imm\u00e9diate de l'objet. La ville pr\u00e9voit \u00e9galement de r\u00e9am\u00e9nager les environs afin de les rendre plus attrayants pour les pi\u00e9tons, les cyclistes et les transports en commun.<\/p>\n<p>Le Sarasin Sustainable Properties - European Cities est un produit de Catella Real Estate en coop\u00e9ration avec la Banque J. Safra Sarasin. Le fonds s'adresse aux investisseurs institutionnels en Suisse, en Autriche et en Allemagne. Il investit \u00e0 hauteur d'au moins 75% dans des immeubles commerciaux, principalement des bureaux et des commerces de d\u00e9tail. Chaque b\u00e2timent doit r\u00e9pondre aux normes de durabilit\u00e9 de la Banque Sarasin. <em>(ah)<\/em><\/p>","protected":false},"excerpt":{"rendered":"<p>Le fonds Sarasin Sustainable Properties - European Cities a acquis un immeuble de bureaux au nord-ouest de Barcelone.<\/p>","protected":false},"author":3,"featured_media":3514,"comment_status":"closed","ping_status":"open","sticky":false,"template":"","format":"standard","meta":{"_acf_changed":false,"_yoast_wpseo_focuskw":"Barcelona","_yoast_wpseo_title":"","_yoast_wpseo_metadesc":"Der Fonds Sarasin Sustainable Properties \u2013 European Cities hat ein B\u00fcrogeb\u00e4ude im Nordwesten von Barcelona erworben.","_yoast_wpseo_linkdex":46,"pgc_sgb_lightbox_settings":"","footnotes":""},"categories":[988],"tags":[1052,1119,1344,1348,1388,1712],"class_list":["post-18334","post","type-post","status-publish","format-standard","has-post-thumbnail","hentry","category-unternehmen","tag-ausland","tag-bueroimmobilien","tag-immobilienfonds","tag-immobilienkauf","tag-j-safra-sarasin","tag-spanien"],"acf":[],"yoast_head":"<!-- This site is optimized with the Yoast SEO plugin v27.5 - https:\/\/yoast.com\/product\/yoast-seo-wordpress\/ -->\n<title>Sarasin-Nachhaltigkeitsfonds investiert in Barcelona - IMMOBILIEN Business<\/title>\n<meta name=\"description\" content=\"Der Fonds Sarasin Sustainable Properties \u2013 European Cities hat ein B\u00fcrogeb\u00e4ude im Nordwesten von Barcelona erworben.\" \/>\n<meta name=\"robots\" content=\"index, follow, max-snippet:-1, max-image-preview:large, max-video-preview:-1\" \/>\n<link rel=\"canonical\" href=\"https:\/\/www.immobilienbusiness.ch\/fr\/unternehmen\/2019-09-11\/sarasin-nachhaltigkeitsfonds-investiert-in-barcelona\/\" \/>\n<meta property=\"og:locale\" content=\"fr_FR\" \/>\n<meta property=\"og:type\" content=\"article\" \/>\n<meta property=\"og:title\" content=\"Sarasin-Nachhaltigkeitsfonds investiert in Barcelona - IMMOBILIEN Business\" \/>\n<meta property=\"og:description\" content=\"Der Fonds Sarasin Sustainable Properties \u2013 European Cities hat ein B\u00fcrogeb\u00e4ude im Nordwesten von Barcelona erworben.\" \/>\n<meta property=\"og:url\" content=\"https:\/\/www.immobilienbusiness.ch\/fr\/unternehmen\/2019-09-11\/sarasin-nachhaltigkeitsfonds-investiert-in-barcelona\/\" \/>\n<meta property=\"og:site_name\" content=\"IMMOBILIEN Business\" \/>\n<meta property=\"article:publisher\" content=\"https:\/\/www.facebook.com\/immobilienbusiness\/\" \/>\n<meta property=\"article:published_time\" content=\"2019-09-11T06:10:30+00:00\" \/>\n<meta property=\"og:image\" content=\"https:\/\/www.immobilienbusiness.ch\/wp-content\/uploads\/2016\/12\/UBS-kauft-in-Barcelona-und-Madrid-zu-immobilien-business.jpg\" \/>\n\t<meta property=\"og:image:width\" content=\"1280\" \/>\n\t<meta property=\"og:image:height\" content=\"853\" \/>\n\t<meta property=\"og:image:type\" content=\"image\/jpeg\" \/>\n<meta name=\"author\" content=\"anja.hall\" \/>\n<meta name=\"twitter:card\" content=\"summary_large_image\" \/>\n<meta name=\"twitter:image\" content=\"https:\/\/www.immobilienbusiness.ch\/wp-content\/uploads\/2016\/12\/UBS-kauft-in-Barcelona-und-Madrid-zu-immobilien-business.jpg\" \/>\n<script type=\"application\/ld+json\" class=\"yoast-schema-graph\">{\"@context\":\"https:\\\/\\\/schema.org\",\"@graph\":[{\"@type\":\"Article\",\"@id\":\"https:\\\/\\\/www.immobilienbusiness.ch\\\/en\\\/unternehmen\\\/2019-09-11\\\/sarasin-nachhaltigkeitsfonds-investiert-in-barcelona\\\/#article\",\"isPartOf\":{\"@id\":\"https:\\\/\\\/www.immobilienbusiness.ch\\\/en\\\/unternehmen\\\/2019-09-11\\\/sarasin-nachhaltigkeitsfonds-investiert-in-barcelona\\\/\"},\"author\":{\"name\":\"anja.hall\",\"@id\":\"https:\\\/\\\/www.immobilienbusiness.ch\\\/#\\\/schema\\\/person\\\/3fc036297b10b9f42d6db5ee932af8c8\"},\"headline\":\"Sarasin-Nachhaltigkeitsfonds investiert in Barcelona\",\"datePublished\":\"2019-09-11T06:10:30+00:00\",\"mainEntityOfPage\":{\"@id\":\"https:\\\/\\\/www.immobilienbusiness.ch\\\/en\\\/unternehmen\\\/2019-09-11\\\/sarasin-nachhaltigkeitsfonds-investiert-in-barcelona\\\/\"},\"wordCount\":187,\"publisher\":{\"@id\":\"https:\\\/\\\/www.immobilienbusiness.ch\\\/#organization\"},\"image\":{\"@id\":\"https:\\\/\\\/www.immobilienbusiness.ch\\\/en\\\/unternehmen\\\/2019-09-11\\\/sarasin-nachhaltigkeitsfonds-investiert-in-barcelona\\\/#primaryimage\"},\"thumbnailUrl\":\"https:\\\/\\\/www.immobilienbusiness.ch\\\/wp-content\\\/uploads\\\/2016\\\/12\\\/UBS-kauft-in-Barcelona-und-Madrid-zu-immobilien-business.jpg\",\"keywords\":[\"Ausland\",\"B\u00fcroimmobilien\",\"Immobilienfonds\",\"Immobilienkauf\",\"J. Safra Sarasin\",\"Spanien\"],\"articleSection\":[\"UNTERNEHMEN\"],\"inLanguage\":\"fr-FR\"},{\"@type\":\"WebPage\",\"@id\":\"https:\\\/\\\/www.immobilienbusiness.ch\\\/en\\\/unternehmen\\\/2019-09-11\\\/sarasin-nachhaltigkeitsfonds-investiert-in-barcelona\\\/\",\"url\":\"https:\\\/\\\/www.immobilienbusiness.ch\\\/en\\\/unternehmen\\\/2019-09-11\\\/sarasin-nachhaltigkeitsfonds-investiert-in-barcelona\\\/\",\"name\":\"Sarasin-Nachhaltigkeitsfonds investiert in Barcelona - IMMOBILIEN Business\",\"isPartOf\":{\"@id\":\"https:\\\/\\\/www.immobilienbusiness.ch\\\/#website\"},\"primaryImageOfPage\":{\"@id\":\"https:\\\/\\\/www.immobilienbusiness.ch\\\/en\\\/unternehmen\\\/2019-09-11\\\/sarasin-nachhaltigkeitsfonds-investiert-in-barcelona\\\/#primaryimage\"},\"image\":{\"@id\":\"https:\\\/\\\/www.immobilienbusiness.ch\\\/en\\\/unternehmen\\\/2019-09-11\\\/sarasin-nachhaltigkeitsfonds-investiert-in-barcelona\\\/#primaryimage\"},\"thumbnailUrl\":\"https:\\\/\\\/www.immobilienbusiness.ch\\\/wp-content\\\/uploads\\\/2016\\\/12\\\/UBS-kauft-in-Barcelona-und-Madrid-zu-immobilien-business.jpg\",\"datePublished\":\"2019-09-11T06:10:30+00:00\",\"description\":\"Der Fonds Sarasin Sustainable Properties \u2013 European Cities hat ein B\u00fcrogeb\u00e4ude im Nordwesten von Barcelona erworben.\",\"breadcrumb\":{\"@id\":\"https:\\\/\\\/www.immobilienbusiness.ch\\\/en\\\/unternehmen\\\/2019-09-11\\\/sarasin-nachhaltigkeitsfonds-investiert-in-barcelona\\\/#breadcrumb\"},\"inLanguage\":\"fr-FR\",\"potentialAction\":[{\"@type\":\"ReadAction\",\"target\":[\"https:\\\/\\\/www.immobilienbusiness.ch\\\/en\\\/unternehmen\\\/2019-09-11\\\/sarasin-nachhaltigkeitsfonds-investiert-in-barcelona\\\/\"]}]},{\"@type\":\"ImageObject\",\"inLanguage\":\"fr-FR\",\"@id\":\"https:\\\/\\\/www.immobilienbusiness.ch\\\/en\\\/unternehmen\\\/2019-09-11\\\/sarasin-nachhaltigkeitsfonds-investiert-in-barcelona\\\/#primaryimage\",\"url\":\"https:\\\/\\\/www.immobilienbusiness.ch\\\/wp-content\\\/uploads\\\/2016\\\/12\\\/UBS-kauft-in-Barcelona-und-Madrid-zu-immobilien-business.jpg\",\"contentUrl\":\"https:\\\/\\\/www.immobilienbusiness.ch\\\/wp-content\\\/uploads\\\/2016\\\/12\\\/UBS-kauft-in-Barcelona-und-Madrid-zu-immobilien-business.jpg\",\"width\":1280,\"height\":853,\"caption\":\"UBS kauft B\u00fcroimmobilien in Barcelona und Madrid (Foto: Pixabay)\"},{\"@type\":\"BreadcrumbList\",\"@id\":\"https:\\\/\\\/www.immobilienbusiness.ch\\\/en\\\/unternehmen\\\/2019-09-11\\\/sarasin-nachhaltigkeitsfonds-investiert-in-barcelona\\\/#breadcrumb\",\"itemListElement\":[{\"@type\":\"ListItem\",\"position\":1,\"name\":\"Home\",\"item\":\"https:\\\/\\\/www.immobilienbusiness.ch\\\/\"},{\"@type\":\"ListItem\",\"position\":2,\"name\":\"Sarasin-Nachhaltigkeitsfonds investiert in Barcelona\"}]},{\"@type\":\"WebSite\",\"@id\":\"https:\\\/\\\/www.immobilienbusiness.ch\\\/#website\",\"url\":\"https:\\\/\\\/www.immobilienbusiness.ch\\\/\",\"name\":\"IMMOBILIEN Business\",\"description\":\"Unabh\u00e4ngiges Schweizer Wirtschaftsmagazin mit Fokus auf Immobilien, Architektur- und Bau sowie Investment- und Finanzierung.\",\"publisher\":{\"@id\":\"https:\\\/\\\/www.immobilienbusiness.ch\\\/#organization\"},\"potentialAction\":[{\"@type\":\"SearchAction\",\"target\":{\"@type\":\"EntryPoint\",\"urlTemplate\":\"https:\\\/\\\/www.immobilienbusiness.ch\\\/?s={search_term_string}\"},\"query-input\":{\"@type\":\"PropertyValueSpecification\",\"valueRequired\":true,\"valueName\":\"search_term_string\"}}],\"inLanguage\":\"fr-FR\"},{\"@type\":\"Organization\",\"@id\":\"https:\\\/\\\/www.immobilienbusiness.ch\\\/#organization\",\"name\":\"IMMOBILIEN Business\",\"url\":\"https:\\\/\\\/www.immobilienbusiness.ch\\\/\",\"logo\":{\"@type\":\"ImageObject\",\"inLanguage\":\"fr-FR\",\"@id\":\"https:\\\/\\\/www.immobilienbusiness.ch\\\/#\\\/schema\\\/logo\\\/image\\\/\",\"url\":\"https:\\\/\\\/www.immobilienbusiness.ch\\\/wp-content\\\/uploads\\\/2021\\\/07\\\/logo_ib.png\",\"contentUrl\":\"https:\\\/\\\/www.immobilienbusiness.ch\\\/wp-content\\\/uploads\\\/2021\\\/07\\\/logo_ib.png\",\"width\":800,\"height\":181,\"caption\":\"IMMOBILIEN Business\"},\"image\":{\"@id\":\"https:\\\/\\\/www.immobilienbusiness.ch\\\/#\\\/schema\\\/logo\\\/image\\\/\"},\"sameAs\":[\"https:\\\/\\\/www.facebook.com\\\/immobilienbusiness\\\/\"]},{\"@type\":\"Person\",\"@id\":\"https:\\\/\\\/www.immobilienbusiness.ch\\\/#\\\/schema\\\/person\\\/3fc036297b10b9f42d6db5ee932af8c8\",\"name\":\"anja.hall\",\"image\":{\"@type\":\"ImageObject\",\"inLanguage\":\"fr-FR\",\"@id\":\"https:\\\/\\\/secure.gravatar.com\\\/avatar\\\/066b5a0d447013502c71a5782f4f3469f03cfe595cc2329fb94652fe47511bfb?s=96&d=mm&r=g\",\"url\":\"https:\\\/\\\/secure.gravatar.com\\\/avatar\\\/066b5a0d447013502c71a5782f4f3469f03cfe595cc2329fb94652fe47511bfb?s=96&d=mm&r=g\",\"contentUrl\":\"https:\\\/\\\/secure.gravatar.com\\\/avatar\\\/066b5a0d447013502c71a5782f4f3469f03cfe595cc2329fb94652fe47511bfb?s=96&d=mm&r=g\",\"caption\":\"anja.hall\"},\"url\":\"https:\\\/\\\/www.immobilienbusiness.ch\\\/fr\\\/author\\\/anja-hall\\\/\"}]}<\/script>\n<!-- \/ Yoast SEO plugin. -->","yoast_head_json":{"title":"Sarasin-Nachhaltigkeitsfonds investiert in Barcelona - IMMOBILIEN Business","description":"Le fonds Sarasin Sustainable Properties - European Cities a acquis un immeuble de bureaux au nord-ouest de Barcelone.","robots":{"index":"index","follow":"follow","max-snippet":"max-snippet:-1","max-image-preview":"max-image-preview:large","max-video-preview":"max-video-preview:-1"},"canonical":"https:\/\/www.immobilienbusiness.ch\/fr\/unternehmen\/2019-09-11\/sarasin-nachhaltigkeitsfonds-investiert-in-barcelona\/","og_locale":"fr_FR","og_type":"article","og_title":"Sarasin-Nachhaltigkeitsfonds investiert in Barcelona - IMMOBILIEN Business","og_description":"Der Fonds Sarasin Sustainable Properties \u2013 European Cities hat ein B\u00fcrogeb\u00e4ude im Nordwesten von Barcelona erworben.","og_url":"https:\/\/www.immobilienbusiness.ch\/fr\/unternehmen\/2019-09-11\/sarasin-nachhaltigkeitsfonds-investiert-in-barcelona\/","og_site_name":"IMMOBILIEN Business","article_publisher":"https:\/\/www.facebook.com\/immobilienbusiness\/","article_published_time":"2019-09-11T06:10:30+00:00","og_image":[{"width":1280,"height":853,"url":"https:\/\/www.immobilienbusiness.ch\/wp-content\/uploads\/2016\/12\/UBS-kauft-in-Barcelona-und-Madrid-zu-immobilien-business.jpg","type":"image\/jpeg"}],"author":"anja.hall","twitter_card":"summary_large_image","twitter_image":"https:\/\/www.immobilienbusiness.ch\/wp-content\/uploads\/2016\/12\/UBS-kauft-in-Barcelona-und-Madrid-zu-immobilien-business.jpg","schema":{"@context":"https:\/\/schema.org","@graph":[{"@type":"Article","@id":"https:\/\/www.immobilienbusiness.ch\/en\/unternehmen\/2019-09-11\/sarasin-nachhaltigkeitsfonds-investiert-in-barcelona\/#article","isPartOf":{"@id":"https:\/\/www.immobilienbusiness.ch\/en\/unternehmen\/2019-09-11\/sarasin-nachhaltigkeitsfonds-investiert-in-barcelona\/"},"author":{"name":"anja.hall","@id":"https:\/\/www.immobilienbusiness.ch\/#\/schema\/person\/3fc036297b10b9f42d6db5ee932af8c8"},"headline":"Sarasin-Nachhaltigkeitsfonds investiert in Barcelona","datePublished":"2019-09-11T06:10:30+00:00","mainEntityOfPage":{"@id":"https:\/\/www.immobilienbusiness.ch\/en\/unternehmen\/2019-09-11\/sarasin-nachhaltigkeitsfonds-investiert-in-barcelona\/"},"wordCount":187,"publisher":{"@id":"https:\/\/www.immobilienbusiness.ch\/#organization"},"image":{"@id":"https:\/\/www.immobilienbusiness.ch\/en\/unternehmen\/2019-09-11\/sarasin-nachhaltigkeitsfonds-investiert-in-barcelona\/#primaryimage"},"thumbnailUrl":"https:\/\/www.immobilienbusiness.ch\/wp-content\/uploads\/2016\/12\/UBS-kauft-in-Barcelona-und-Madrid-zu-immobilien-business.jpg","keywords":["Ausland","B\u00fcroimmobilien","Immobilienfonds","Immobilienkauf","J. Safra Sarasin","Spanien"],"articleSection":["UNTERNEHMEN"],"inLanguage":"fr-FR"},{"@type":"WebPage","@id":"https:\/\/www.immobilienbusiness.ch\/en\/unternehmen\/2019-09-11\/sarasin-nachhaltigkeitsfonds-investiert-in-barcelona\/","url":"https:\/\/www.immobilienbusiness.ch\/en\/unternehmen\/2019-09-11\/sarasin-nachhaltigkeitsfonds-investiert-in-barcelona\/","name":"Sarasin-Nachhaltigkeitsfonds investiert in Barcelona - IMMOBILIEN Business","isPartOf":{"@id":"https:\/\/www.immobilienbusiness.ch\/#website"},"primaryImageOfPage":{"@id":"https:\/\/www.immobilienbusiness.ch\/en\/unternehmen\/2019-09-11\/sarasin-nachhaltigkeitsfonds-investiert-in-barcelona\/#primaryimage"},"image":{"@id":"https:\/\/www.immobilienbusiness.ch\/en\/unternehmen\/2019-09-11\/sarasin-nachhaltigkeitsfonds-investiert-in-barcelona\/#primaryimage"},"thumbnailUrl":"https:\/\/www.immobilienbusiness.ch\/wp-content\/uploads\/2016\/12\/UBS-kauft-in-Barcelona-und-Madrid-zu-immobilien-business.jpg","datePublished":"2019-09-11T06:10:30+00:00","description":"Le fonds Sarasin Sustainable Properties - European Cities a acquis un immeuble de bureaux au nord-ouest de Barcelone.","breadcrumb":{"@id":"https:\/\/www.immobilienbusiness.ch\/en\/unternehmen\/2019-09-11\/sarasin-nachhaltigkeitsfonds-investiert-in-barcelona\/#breadcrumb"},"inLanguage":"fr-FR","potentialAction":[{"@type":"ReadAction","target":["https:\/\/www.immobilienbusiness.ch\/en\/unternehmen\/2019-09-11\/sarasin-nachhaltigkeitsfonds-investiert-in-barcelona\/"]}]},{"@type":"ImageObject","inLanguage":"fr-FR","@id":"https:\/\/www.immobilienbusiness.ch\/en\/unternehmen\/2019-09-11\/sarasin-nachhaltigkeitsfonds-investiert-in-barcelona\/#primaryimage","url":"https:\/\/www.immobilienbusiness.ch\/wp-content\/uploads\/2016\/12\/UBS-kauft-in-Barcelona-und-Madrid-zu-immobilien-business.jpg","contentUrl":"https:\/\/www.immobilienbusiness.ch\/wp-content\/uploads\/2016\/12\/UBS-kauft-in-Barcelona-und-Madrid-zu-immobilien-business.jpg","width":1280,"height":853,"caption":"UBS kauft B\u00fcroimmobilien in Barcelona und Madrid (Foto: Pixabay)"},{"@type":"BreadcrumbList","@id":"https:\/\/www.immobilienbusiness.ch\/en\/unternehmen\/2019-09-11\/sarasin-nachhaltigkeitsfonds-investiert-in-barcelona\/#breadcrumb","itemListElement":[{"@type":"ListItem","position":1,"name":"Home","item":"https:\/\/www.immobilienbusiness.ch\/"},{"@type":"ListItem","position":2,"name":"Sarasin-Nachhaltigkeitsfonds investiert in Barcelona"}]},{"@type":"WebSite","@id":"https:\/\/www.immobilienbusiness.ch\/#website","url":"https:\/\/www.immobilienbusiness.ch\/","name":"IMMOBILIER Business","description":"Magazine \u00e9conomique suisse ind\u00e9pendant ax\u00e9 sur l'immobilier, l'architecture et la construction ainsi que sur les investissements et le financement.","publisher":{"@id":"https:\/\/www.immobilienbusiness.ch\/#organization"},"potentialAction":[{"@type":"SearchAction","target":{"@type":"EntryPoint","urlTemplate":"https:\/\/www.immobilienbusiness.ch\/?s={search_term_string}"},"query-input":{"@type":"PropertyValueSpecification","valueRequired":true,"valueName":"search_term_string"}}],"inLanguage":"fr-FR"},{"@type":"Organization","@id":"https:\/\/www.immobilienbusiness.ch\/#organization","name":"IMMOBILIER Business","url":"https:\/\/www.immobilienbusiness.ch\/","logo":{"@type":"ImageObject","inLanguage":"fr-FR","@id":"https:\/\/www.immobilienbusiness.ch\/#\/schema\/logo\/image\/","url":"https:\/\/www.immobilienbusiness.ch\/wp-content\/uploads\/2021\/07\/logo_ib.png","contentUrl":"https:\/\/www.immobilienbusiness.ch\/wp-content\/uploads\/2021\/07\/logo_ib.png","width":800,"height":181,"caption":"IMMOBILIEN Business"},"image":{"@id":"https:\/\/www.immobilienbusiness.ch\/#\/schema\/logo\/image\/"},"sameAs":["https:\/\/www.facebook.com\/immobilienbusiness\/"]},{"@type":"Person","@id":"https:\/\/www.immobilienbusiness.ch\/#\/schema\/person\/3fc036297b10b9f42d6db5ee932af8c8","name":"anja.hall","image":{"@type":"ImageObject","inLanguage":"fr-FR","@id":"https:\/\/secure.gravatar.com\/avatar\/066b5a0d447013502c71a5782f4f3469f03cfe595cc2329fb94652fe47511bfb?s=96&d=mm&r=g","url":"https:\/\/secure.gravatar.com\/avatar\/066b5a0d447013502c71a5782f4f3469f03cfe595cc2329fb94652fe47511bfb?s=96&d=mm&r=g","contentUrl":"https:\/\/secure.gravatar.com\/avatar\/066b5a0d447013502c71a5782f4f3469f03cfe595cc2329fb94652fe47511bfb?s=96&d=mm&r=g","caption":"anja.hall"},"url":"https:\/\/www.immobilienbusiness.ch\/fr\/author\/anja-hall\/"}]}},"_links":{"self":[{"href":"https:\/\/www.immobilienbusiness.ch\/fr\/wp-json\/wp\/v2\/posts\/18334","targetHints":{"allow":["GET"]}}],"collection":[{"href":"https:\/\/www.immobilienbusiness.ch\/fr\/wp-json\/wp\/v2\/posts"}],"about":[{"href":"https:\/\/www.immobilienbusiness.ch\/fr\/wp-json\/wp\/v2\/types\/post"}],"author":[{"embeddable":true,"href":"https:\/\/www.immobilienbusiness.ch\/fr\/wp-json\/wp\/v2\/users\/3"}],"replies":[{"embeddable":true,"href":"https:\/\/www.immobilienbusiness.ch\/fr\/wp-json\/wp\/v2\/comments?post=18334"}],"version-history":[{"count":0,"href":"https:\/\/www.immobilienbusiness.ch\/fr\/wp-json\/wp\/v2\/posts\/18334\/revisions"}],"wp:featuredmedia":[{"embeddable":true,"href":"https:\/\/www.immobilienbusiness.ch\/fr\/wp-json\/wp\/v2\/media\/3514"}],"wp:attachment":[{"href":"https:\/\/www.immobilienbusiness.ch\/fr\/wp-json\/wp\/v2\/media?parent=18334"}],"wp:term":[{"taxonomy":"category","embeddable":true,"href":"https:\/\/www.immobilienbusiness.ch\/fr\/wp-json\/wp\/v2\/categories?post=18334"},{"taxonomy":"post_tag","embeddable":true,"href":"https:\/\/www.immobilienbusiness.ch\/fr\/wp-json\/wp\/v2\/tags?post=18334"}],"curies":[{"name":"wp","href":"https:\/\/api.w.org\/{rel}","templated":true}]}}