{"id":18041,"date":"2019-08-20T08:22:18","date_gmt":"2019-08-20T06:22:18","guid":{"rendered":"https:\/\/www.immobilienbusiness.ch\/?p=18041"},"modified":"2019-08-20T08:22:18","modified_gmt":"2019-08-20T06:22:18","slug":"markspace-wird-mieter-im-city-plaza-dietikon","status":"publish","type":"post","link":"https:\/\/www.immobilienbusiness.ch\/fr\/regionen\/2019-08-20\/markspace-wird-mieter-im-city-plaza-dietikon\/","title":{"rendered":"Markspace devient locataire du City Plaza Dietikon"},"content":{"rendered":"<figure id=\"attachment_18042\" aria-describedby=\"caption-attachment-18042\" style=\"width: 680px\" class=\"wp-caption alignnone\"><img loading=\"lazy\" decoding=\"async\" class=\"size-medium wp-image-18042\" src=\"https:\/\/www.immobilienbusiness.ch\/wp-content\/uploads\/2019\/08\/city-plaza.png\" alt=\"\" width=\"680\" height=\"453\" srcset=\"https:\/\/www.immobilienbusiness.ch\/wp-content\/uploads\/2019\/08\/city-plaza.png 1232w, https:\/\/www.immobilienbusiness.ch\/wp-content\/uploads\/2019\/08\/city-plaza-300x200.png 300w, https:\/\/www.immobilienbusiness.ch\/wp-content\/uploads\/2019\/08\/city-plaza-1024x682.png 1024w, https:\/\/www.immobilienbusiness.ch\/wp-content\/uploads\/2019\/08\/city-plaza-768x511.png 768w, https:\/\/www.immobilienbusiness.ch\/wp-content\/uploads\/2019\/08\/city-plaza-16x12.png 16w, https:\/\/www.immobilienbusiness.ch\/wp-content\/uploads\/2019\/08\/city-plaza-263x175.png 263w, https:\/\/www.immobilienbusiness.ch\/wp-content\/uploads\/2019\/08\/city-plaza-526x350.png 526w, https:\/\/www.immobilienbusiness.ch\/wp-content\/uploads\/2019\/08\/city-plaza-1202x800.png 1202w, https:\/\/www.immobilienbusiness.ch\/wp-content\/uploads\/2019\/08\/city-plaza-920x612.png 920w\" sizes=\"auto, (max-width: 680px) 100vw, 680px\" \/><figcaption id=\"caption-attachment-18042\" class=\"wp-caption-text\">Le City Plaza Dietikon (photo : Swiss Finance Property &amp; Funds AG)<\/figcaption><\/figure>\n<p>Au cours du premier semestre, le SF Commercial Properties Funds a conclu six nouveaux contrats de location pour le City Plaza Dietikon. D\u00e9but ao\u00fbt, le fonds a \u00e9galement accueilli le prestataire de coworking Markspace comme nouveau locataire.<\/p>\n<p>Markspace louera une surface de 1.700 m\u00b2 au rez-de-chauss\u00e9e de l'immeuble et ouvrira son deuxi\u00e8me site \u00e0 Zurich l'ann\u00e9e prochaine apr\u00e8s des travaux de transformation, a indiqu\u00e9 le SF Commercial Properties. Le contrat de location s'\u00e9tend sur 12,5 ans.<\/p>\n<p>Selon les informations fournies, plus de 2 500 m\u00b2 ont \u00e9t\u00e9 lou\u00e9s au City Plaza Dietikon cette ann\u00e9e, ce qui correspond \u00e0 un taux de location de plus de 20%. <em>(ah)<\/em><\/p>","protected":false},"excerpt":{"rendered":"<p>Le prestataire de coworking Markspace a lou\u00e9 1.700 m\u00b2 au City Plaza Dietikon, annonce le SF Commercial Properties Funds en tant que propri\u00e9taire.<\/p>","protected":false},"author":3,"featured_media":18042,"comment_status":"closed","ping_status":"open","sticky":false,"template":"","format":"standard","meta":{"_acf_changed":false,"_yoast_wpseo_focuskw":"City Plaza Dietikon","_yoast_wpseo_title":"","_yoast_wpseo_metadesc":"Der Coworking-Anbieter Markspace hat 1.700 qm im City Plaza Dietikon angemietet, teilt der SF Commercial Properties Funds als Eigent\u00fcmer mit.","_yoast_wpseo_linkdex":54,"pgc_sgb_lightbox_settings":"","footnotes":""},"categories":[985],"tags":[1119,1691,1832,1888],"class_list":["post-18041","post","type-post","status-publish","format-standard","has-post-thumbnail","hentry","category-regionen","tag-bueroimmobilien","tag-sf-commercial-properties-fund","tag-vermietung","tag-zuerich"],"acf":[],"yoast_head":"<!-- This site is optimized with the Yoast SEO plugin v27.5 - https:\/\/yoast.com\/product\/yoast-seo-wordpress\/ -->\n<title>Markspace wird Mieter im City Plaza Dietikon - IMMOBILIEN Business<\/title>\n<meta name=\"description\" content=\"Der Coworking-Anbieter Markspace hat 1.700 qm im City Plaza Dietikon angemietet, teilt der SF Commercial Properties Funds als Eigent\u00fcmer mit.\" \/>\n<meta name=\"robots\" content=\"index, follow, max-snippet:-1, max-image-preview:large, max-video-preview:-1\" \/>\n<link rel=\"canonical\" href=\"https:\/\/www.immobilienbusiness.ch\/fr\/regionen\/2019-08-20\/markspace-wird-mieter-im-city-plaza-dietikon\/\" \/>\n<meta property=\"og:locale\" content=\"fr_FR\" \/>\n<meta property=\"og:type\" content=\"article\" \/>\n<meta property=\"og:title\" content=\"Markspace wird Mieter im City Plaza Dietikon - IMMOBILIEN Business\" \/>\n<meta property=\"og:description\" content=\"Der Coworking-Anbieter Markspace hat 1.700 qm im City Plaza Dietikon angemietet, teilt der SF Commercial Properties Funds als Eigent\u00fcmer mit.\" \/>\n<meta property=\"og:url\" content=\"https:\/\/www.immobilienbusiness.ch\/fr\/regionen\/2019-08-20\/markspace-wird-mieter-im-city-plaza-dietikon\/\" \/>\n<meta property=\"og:site_name\" content=\"IMMOBILIEN Business\" \/>\n<meta property=\"article:publisher\" content=\"https:\/\/www.facebook.com\/immobilienbusiness\/\" \/>\n<meta property=\"article:published_time\" content=\"2019-08-20T06:22:18+00:00\" \/>\n<meta property=\"og:image\" content=\"https:\/\/www.immobilienbusiness.ch\/wp-content\/uploads\/2019\/08\/city-plaza.png\" \/>\n\t<meta property=\"og:image:width\" content=\"1232\" \/>\n\t<meta property=\"og:image:height\" content=\"820\" \/>\n\t<meta property=\"og:image:type\" content=\"image\/png\" \/>\n<meta name=\"author\" content=\"anja.hall\" \/>\n<meta name=\"twitter:card\" content=\"summary_large_image\" \/>\n<meta name=\"twitter:image\" content=\"https:\/\/www.immobilienbusiness.ch\/wp-content\/uploads\/2019\/08\/city-plaza.png\" \/>\n<script type=\"application\/ld+json\" class=\"yoast-schema-graph\">{\"@context\":\"https:\\\/\\\/schema.org\",\"@graph\":[{\"@type\":\"Article\",\"@id\":\"https:\\\/\\\/www.immobilienbusiness.ch\\\/de\\\/regionen\\\/2019-08-20\\\/markspace-wird-mieter-im-city-plaza-dietikon\\\/#article\",\"isPartOf\":{\"@id\":\"https:\\\/\\\/www.immobilienbusiness.ch\\\/de\\\/regionen\\\/2019-08-20\\\/markspace-wird-mieter-im-city-plaza-dietikon\\\/\"},\"author\":{\"name\":\"anja.hall\",\"@id\":\"https:\\\/\\\/www.immobilienbusiness.ch\\\/#\\\/schema\\\/person\\\/3fc036297b10b9f42d6db5ee932af8c8\"},\"headline\":\"Markspace wird Mieter im City Plaza Dietikon\",\"datePublished\":\"2019-08-20T06:22:18+00:00\",\"mainEntityOfPage\":{\"@id\":\"https:\\\/\\\/www.immobilienbusiness.ch\\\/de\\\/regionen\\\/2019-08-20\\\/markspace-wird-mieter-im-city-plaza-dietikon\\\/\"},\"wordCount\":117,\"publisher\":{\"@id\":\"https:\\\/\\\/www.immobilienbusiness.ch\\\/#organization\"},\"image\":{\"@id\":\"https:\\\/\\\/www.immobilienbusiness.ch\\\/de\\\/regionen\\\/2019-08-20\\\/markspace-wird-mieter-im-city-plaza-dietikon\\\/#primaryimage\"},\"thumbnailUrl\":\"https:\\\/\\\/www.immobilienbusiness.ch\\\/wp-content\\\/uploads\\\/2019\\\/08\\\/city-plaza.png\",\"keywords\":[\"B\u00fcroimmobilien\",\"SF Commercial Properties Fund\",\"Vermietung\",\"Z\u00fcrich\"],\"articleSection\":[\"REGIONEN\"],\"inLanguage\":\"fr-FR\"},{\"@type\":\"WebPage\",\"@id\":\"https:\\\/\\\/www.immobilienbusiness.ch\\\/de\\\/regionen\\\/2019-08-20\\\/markspace-wird-mieter-im-city-plaza-dietikon\\\/\",\"url\":\"https:\\\/\\\/www.immobilienbusiness.ch\\\/de\\\/regionen\\\/2019-08-20\\\/markspace-wird-mieter-im-city-plaza-dietikon\\\/\",\"name\":\"Markspace wird Mieter im City Plaza Dietikon - IMMOBILIEN Business\",\"isPartOf\":{\"@id\":\"https:\\\/\\\/www.immobilienbusiness.ch\\\/#website\"},\"primaryImageOfPage\":{\"@id\":\"https:\\\/\\\/www.immobilienbusiness.ch\\\/de\\\/regionen\\\/2019-08-20\\\/markspace-wird-mieter-im-city-plaza-dietikon\\\/#primaryimage\"},\"image\":{\"@id\":\"https:\\\/\\\/www.immobilienbusiness.ch\\\/de\\\/regionen\\\/2019-08-20\\\/markspace-wird-mieter-im-city-plaza-dietikon\\\/#primaryimage\"},\"thumbnailUrl\":\"https:\\\/\\\/www.immobilienbusiness.ch\\\/wp-content\\\/uploads\\\/2019\\\/08\\\/city-plaza.png\",\"datePublished\":\"2019-08-20T06:22:18+00:00\",\"description\":\"Der Coworking-Anbieter Markspace hat 1.700 qm im City Plaza Dietikon angemietet, teilt der SF Commercial Properties Funds als Eigent\u00fcmer mit.\",\"breadcrumb\":{\"@id\":\"https:\\\/\\\/www.immobilienbusiness.ch\\\/de\\\/regionen\\\/2019-08-20\\\/markspace-wird-mieter-im-city-plaza-dietikon\\\/#breadcrumb\"},\"inLanguage\":\"fr-FR\",\"potentialAction\":[{\"@type\":\"ReadAction\",\"target\":[\"https:\\\/\\\/www.immobilienbusiness.ch\\\/de\\\/regionen\\\/2019-08-20\\\/markspace-wird-mieter-im-city-plaza-dietikon\\\/\"]}]},{\"@type\":\"ImageObject\",\"inLanguage\":\"fr-FR\",\"@id\":\"https:\\\/\\\/www.immobilienbusiness.ch\\\/de\\\/regionen\\\/2019-08-20\\\/markspace-wird-mieter-im-city-plaza-dietikon\\\/#primaryimage\",\"url\":\"https:\\\/\\\/www.immobilienbusiness.ch\\\/wp-content\\\/uploads\\\/2019\\\/08\\\/city-plaza.png\",\"contentUrl\":\"https:\\\/\\\/www.immobilienbusiness.ch\\\/wp-content\\\/uploads\\\/2019\\\/08\\\/city-plaza.png\",\"width\":1232,\"height\":820,\"caption\":\"Das City Plaza Dietikon (Bild: SF Commercial Properties Fund)\"},{\"@type\":\"BreadcrumbList\",\"@id\":\"https:\\\/\\\/www.immobilienbusiness.ch\\\/de\\\/regionen\\\/2019-08-20\\\/markspace-wird-mieter-im-city-plaza-dietikon\\\/#breadcrumb\",\"itemListElement\":[{\"@type\":\"ListItem\",\"position\":1,\"name\":\"Home\",\"item\":\"https:\\\/\\\/www.immobilienbusiness.ch\\\/\"},{\"@type\":\"ListItem\",\"position\":2,\"name\":\"Markspace wird Mieter im City Plaza Dietikon\"}]},{\"@type\":\"WebSite\",\"@id\":\"https:\\\/\\\/www.immobilienbusiness.ch\\\/#website\",\"url\":\"https:\\\/\\\/www.immobilienbusiness.ch\\\/\",\"name\":\"IMMOBILIEN Business\",\"description\":\"Unabh\u00e4ngiges Schweizer Wirtschaftsmagazin mit Fokus auf Immobilien, Architektur- und Bau sowie Investment- und Finanzierung.\",\"publisher\":{\"@id\":\"https:\\\/\\\/www.immobilienbusiness.ch\\\/#organization\"},\"potentialAction\":[{\"@type\":\"SearchAction\",\"target\":{\"@type\":\"EntryPoint\",\"urlTemplate\":\"https:\\\/\\\/www.immobilienbusiness.ch\\\/?s={search_term_string}\"},\"query-input\":{\"@type\":\"PropertyValueSpecification\",\"valueRequired\":true,\"valueName\":\"search_term_string\"}}],\"inLanguage\":\"fr-FR\"},{\"@type\":\"Organization\",\"@id\":\"https:\\\/\\\/www.immobilienbusiness.ch\\\/#organization\",\"name\":\"IMMOBILIEN Business\",\"url\":\"https:\\\/\\\/www.immobilienbusiness.ch\\\/\",\"logo\":{\"@type\":\"ImageObject\",\"inLanguage\":\"fr-FR\",\"@id\":\"https:\\\/\\\/www.immobilienbusiness.ch\\\/#\\\/schema\\\/logo\\\/image\\\/\",\"url\":\"https:\\\/\\\/www.immobilienbusiness.ch\\\/wp-content\\\/uploads\\\/2021\\\/07\\\/logo_ib.png\",\"contentUrl\":\"https:\\\/\\\/www.immobilienbusiness.ch\\\/wp-content\\\/uploads\\\/2021\\\/07\\\/logo_ib.png\",\"width\":800,\"height\":181,\"caption\":\"IMMOBILIEN Business\"},\"image\":{\"@id\":\"https:\\\/\\\/www.immobilienbusiness.ch\\\/#\\\/schema\\\/logo\\\/image\\\/\"},\"sameAs\":[\"https:\\\/\\\/www.facebook.com\\\/immobilienbusiness\\\/\"]},{\"@type\":\"Person\",\"@id\":\"https:\\\/\\\/www.immobilienbusiness.ch\\\/#\\\/schema\\\/person\\\/3fc036297b10b9f42d6db5ee932af8c8\",\"name\":\"anja.hall\",\"image\":{\"@type\":\"ImageObject\",\"inLanguage\":\"fr-FR\",\"@id\":\"https:\\\/\\\/secure.gravatar.com\\\/avatar\\\/066b5a0d447013502c71a5782f4f3469f03cfe595cc2329fb94652fe47511bfb?s=96&d=mm&r=g\",\"url\":\"https:\\\/\\\/secure.gravatar.com\\\/avatar\\\/066b5a0d447013502c71a5782f4f3469f03cfe595cc2329fb94652fe47511bfb?s=96&d=mm&r=g\",\"contentUrl\":\"https:\\\/\\\/secure.gravatar.com\\\/avatar\\\/066b5a0d447013502c71a5782f4f3469f03cfe595cc2329fb94652fe47511bfb?s=96&d=mm&r=g\",\"caption\":\"anja.hall\"},\"url\":\"https:\\\/\\\/www.immobilienbusiness.ch\\\/fr\\\/author\\\/anja-hall\\\/\"}]}<\/script>\n<!-- \/ Yoast SEO plugin. -->","yoast_head_json":{"title":"Markspace wird Mieter im City Plaza Dietikon - IMMOBILIEN Business","description":"Le prestataire de coworking Markspace a lou\u00e9 1.700 m\u00b2 au City Plaza Dietikon, annonce le SF Commercial Properties Funds en tant que propri\u00e9taire.","robots":{"index":"index","follow":"follow","max-snippet":"max-snippet:-1","max-image-preview":"max-image-preview:large","max-video-preview":"max-video-preview:-1"},"canonical":"https:\/\/www.immobilienbusiness.ch\/fr\/regionen\/2019-08-20\/markspace-wird-mieter-im-city-plaza-dietikon\/","og_locale":"fr_FR","og_type":"article","og_title":"Markspace wird Mieter im City Plaza Dietikon - IMMOBILIEN Business","og_description":"Der Coworking-Anbieter Markspace hat 1.700 qm im City Plaza Dietikon angemietet, teilt der SF Commercial Properties Funds als Eigent\u00fcmer mit.","og_url":"https:\/\/www.immobilienbusiness.ch\/fr\/regionen\/2019-08-20\/markspace-wird-mieter-im-city-plaza-dietikon\/","og_site_name":"IMMOBILIEN Business","article_publisher":"https:\/\/www.facebook.com\/immobilienbusiness\/","article_published_time":"2019-08-20T06:22:18+00:00","og_image":[{"width":1232,"height":820,"url":"https:\/\/www.immobilienbusiness.ch\/wp-content\/uploads\/2019\/08\/city-plaza.png","type":"image\/png"}],"author":"anja.hall","twitter_card":"summary_large_image","twitter_image":"https:\/\/www.immobilienbusiness.ch\/wp-content\/uploads\/2019\/08\/city-plaza.png","schema":{"@context":"https:\/\/schema.org","@graph":[{"@type":"Article","@id":"https:\/\/www.immobilienbusiness.ch\/de\/regionen\/2019-08-20\/markspace-wird-mieter-im-city-plaza-dietikon\/#article","isPartOf":{"@id":"https:\/\/www.immobilienbusiness.ch\/de\/regionen\/2019-08-20\/markspace-wird-mieter-im-city-plaza-dietikon\/"},"author":{"name":"anja.hall","@id":"https:\/\/www.immobilienbusiness.ch\/#\/schema\/person\/3fc036297b10b9f42d6db5ee932af8c8"},"headline":"Markspace wird Mieter im City Plaza Dietikon","datePublished":"2019-08-20T06:22:18+00:00","mainEntityOfPage":{"@id":"https:\/\/www.immobilienbusiness.ch\/de\/regionen\/2019-08-20\/markspace-wird-mieter-im-city-plaza-dietikon\/"},"wordCount":117,"publisher":{"@id":"https:\/\/www.immobilienbusiness.ch\/#organization"},"image":{"@id":"https:\/\/www.immobilienbusiness.ch\/de\/regionen\/2019-08-20\/markspace-wird-mieter-im-city-plaza-dietikon\/#primaryimage"},"thumbnailUrl":"https:\/\/www.immobilienbusiness.ch\/wp-content\/uploads\/2019\/08\/city-plaza.png","keywords":["B\u00fcroimmobilien","SF Commercial Properties Fund","Vermietung","Z\u00fcrich"],"articleSection":["REGIONEN"],"inLanguage":"fr-FR"},{"@type":"WebPage","@id":"https:\/\/www.immobilienbusiness.ch\/de\/regionen\/2019-08-20\/markspace-wird-mieter-im-city-plaza-dietikon\/","url":"https:\/\/www.immobilienbusiness.ch\/de\/regionen\/2019-08-20\/markspace-wird-mieter-im-city-plaza-dietikon\/","name":"Markspace wird Mieter im City Plaza Dietikon - IMMOBILIEN Business","isPartOf":{"@id":"https:\/\/www.immobilienbusiness.ch\/#website"},"primaryImageOfPage":{"@id":"https:\/\/www.immobilienbusiness.ch\/de\/regionen\/2019-08-20\/markspace-wird-mieter-im-city-plaza-dietikon\/#primaryimage"},"image":{"@id":"https:\/\/www.immobilienbusiness.ch\/de\/regionen\/2019-08-20\/markspace-wird-mieter-im-city-plaza-dietikon\/#primaryimage"},"thumbnailUrl":"https:\/\/www.immobilienbusiness.ch\/wp-content\/uploads\/2019\/08\/city-plaza.png","datePublished":"2019-08-20T06:22:18+00:00","description":"Le prestataire de coworking Markspace a lou\u00e9 1.700 m\u00b2 au City Plaza Dietikon, annonce le SF Commercial Properties Funds en tant que propri\u00e9taire.","breadcrumb":{"@id":"https:\/\/www.immobilienbusiness.ch\/de\/regionen\/2019-08-20\/markspace-wird-mieter-im-city-plaza-dietikon\/#breadcrumb"},"inLanguage":"fr-FR","potentialAction":[{"@type":"ReadAction","target":["https:\/\/www.immobilienbusiness.ch\/de\/regionen\/2019-08-20\/markspace-wird-mieter-im-city-plaza-dietikon\/"]}]},{"@type":"ImageObject","inLanguage":"fr-FR","@id":"https:\/\/www.immobilienbusiness.ch\/de\/regionen\/2019-08-20\/markspace-wird-mieter-im-city-plaza-dietikon\/#primaryimage","url":"https:\/\/www.immobilienbusiness.ch\/wp-content\/uploads\/2019\/08\/city-plaza.png","contentUrl":"https:\/\/www.immobilienbusiness.ch\/wp-content\/uploads\/2019\/08\/city-plaza.png","width":1232,"height":820,"caption":"Das City Plaza Dietikon (Bild: SF Commercial Properties Fund)"},{"@type":"BreadcrumbList","@id":"https:\/\/www.immobilienbusiness.ch\/de\/regionen\/2019-08-20\/markspace-wird-mieter-im-city-plaza-dietikon\/#breadcrumb","itemListElement":[{"@type":"ListItem","position":1,"name":"Home","item":"https:\/\/www.immobilienbusiness.ch\/"},{"@type":"ListItem","position":2,"name":"Markspace wird Mieter im City Plaza Dietikon"}]},{"@type":"WebSite","@id":"https:\/\/www.immobilienbusiness.ch\/#website","url":"https:\/\/www.immobilienbusiness.ch\/","name":"IMMOBILIER Business","description":"Magazine \u00e9conomique suisse ind\u00e9pendant ax\u00e9 sur l'immobilier, l'architecture et la construction ainsi que sur les investissements et le financement.","publisher":{"@id":"https:\/\/www.immobilienbusiness.ch\/#organization"},"potentialAction":[{"@type":"SearchAction","target":{"@type":"EntryPoint","urlTemplate":"https:\/\/www.immobilienbusiness.ch\/?s={search_term_string}"},"query-input":{"@type":"PropertyValueSpecification","valueRequired":true,"valueName":"search_term_string"}}],"inLanguage":"fr-FR"},{"@type":"Organization","@id":"https:\/\/www.immobilienbusiness.ch\/#organization","name":"IMMOBILIER Business","url":"https:\/\/www.immobilienbusiness.ch\/","logo":{"@type":"ImageObject","inLanguage":"fr-FR","@id":"https:\/\/www.immobilienbusiness.ch\/#\/schema\/logo\/image\/","url":"https:\/\/www.immobilienbusiness.ch\/wp-content\/uploads\/2021\/07\/logo_ib.png","contentUrl":"https:\/\/www.immobilienbusiness.ch\/wp-content\/uploads\/2021\/07\/logo_ib.png","width":800,"height":181,"caption":"IMMOBILIEN Business"},"image":{"@id":"https:\/\/www.immobilienbusiness.ch\/#\/schema\/logo\/image\/"},"sameAs":["https:\/\/www.facebook.com\/immobilienbusiness\/"]},{"@type":"Person","@id":"https:\/\/www.immobilienbusiness.ch\/#\/schema\/person\/3fc036297b10b9f42d6db5ee932af8c8","name":"anja.hall","image":{"@type":"ImageObject","inLanguage":"fr-FR","@id":"https:\/\/secure.gravatar.com\/avatar\/066b5a0d447013502c71a5782f4f3469f03cfe595cc2329fb94652fe47511bfb?s=96&d=mm&r=g","url":"https:\/\/secure.gravatar.com\/avatar\/066b5a0d447013502c71a5782f4f3469f03cfe595cc2329fb94652fe47511bfb?s=96&d=mm&r=g","contentUrl":"https:\/\/secure.gravatar.com\/avatar\/066b5a0d447013502c71a5782f4f3469f03cfe595cc2329fb94652fe47511bfb?s=96&d=mm&r=g","caption":"anja.hall"},"url":"https:\/\/www.immobilienbusiness.ch\/fr\/author\/anja-hall\/"}]}},"_links":{"self":[{"href":"https:\/\/www.immobilienbusiness.ch\/fr\/wp-json\/wp\/v2\/posts\/18041","targetHints":{"allow":["GET"]}}],"collection":[{"href":"https:\/\/www.immobilienbusiness.ch\/fr\/wp-json\/wp\/v2\/posts"}],"about":[{"href":"https:\/\/www.immobilienbusiness.ch\/fr\/wp-json\/wp\/v2\/types\/post"}],"author":[{"embeddable":true,"href":"https:\/\/www.immobilienbusiness.ch\/fr\/wp-json\/wp\/v2\/users\/3"}],"replies":[{"embeddable":true,"href":"https:\/\/www.immobilienbusiness.ch\/fr\/wp-json\/wp\/v2\/comments?post=18041"}],"version-history":[{"count":0,"href":"https:\/\/www.immobilienbusiness.ch\/fr\/wp-json\/wp\/v2\/posts\/18041\/revisions"}],"wp:featuredmedia":[{"embeddable":true,"href":"https:\/\/www.immobilienbusiness.ch\/fr\/wp-json\/wp\/v2\/media\/18042"}],"wp:attachment":[{"href":"https:\/\/www.immobilienbusiness.ch\/fr\/wp-json\/wp\/v2\/media?parent=18041"}],"wp:term":[{"taxonomy":"category","embeddable":true,"href":"https:\/\/www.immobilienbusiness.ch\/fr\/wp-json\/wp\/v2\/categories?post=18041"},{"taxonomy":"post_tag","embeddable":true,"href":"https:\/\/www.immobilienbusiness.ch\/fr\/wp-json\/wp\/v2\/tags?post=18041"}],"curies":[{"name":"wp","href":"https:\/\/api.w.org\/{rel}","templated":true}]}}