{"id":17999,"date":"2019-08-16T08:34:52","date_gmt":"2019-08-16T06:34:52","guid":{"rendered":"https:\/\/www.immobilienbusiness.ch\/?p=17999"},"modified":"2019-08-16T08:34:52","modified_gmt":"2019-08-16T06:34:52","slug":"zuerich-globus-am-bellevue-wird-saniert","status":"publish","type":"post","link":"https:\/\/www.immobilienbusiness.ch\/fr\/regionen\/2019-08-16\/zuerich-globus-am-bellevue-wird-saniert\/","title":{"rendered":"Zurich : Globus \u00e0 Bellevue est en cours de r\u00e9novation"},"content":{"rendered":"<figure id=\"attachment_18001\" aria-describedby=\"caption-attachment-18001\" style=\"width: 680px\" class=\"wp-caption alignnone\"><img loading=\"lazy\" decoding=\"async\" class=\"size-medium wp-image-18001\" src=\"https:\/\/www.immobilienbusiness.ch\/wp-content\/uploads\/2019\/08\/csm_6013_Theaterstrasse_12_01_044806e95b.jpg\" alt=\"\" width=\"680\" height=\"453\" srcset=\"https:\/\/www.immobilienbusiness.ch\/wp-content\/uploads\/2019\/08\/csm_6013_Theaterstrasse_12_01_044806e95b.jpg 1599w, https:\/\/www.immobilienbusiness.ch\/wp-content\/uploads\/2019\/08\/csm_6013_Theaterstrasse_12_01_044806e95b-300x200.jpg 300w, https:\/\/www.immobilienbusiness.ch\/wp-content\/uploads\/2019\/08\/csm_6013_Theaterstrasse_12_01_044806e95b-1024x683.jpg 1024w, https:\/\/www.immobilienbusiness.ch\/wp-content\/uploads\/2019\/08\/csm_6013_Theaterstrasse_12_01_044806e95b-768x512.jpg 768w, https:\/\/www.immobilienbusiness.ch\/wp-content\/uploads\/2019\/08\/csm_6013_Theaterstrasse_12_01_044806e95b-1536x1024.jpg 1536w, https:\/\/www.immobilienbusiness.ch\/wp-content\/uploads\/2019\/08\/csm_6013_Theaterstrasse_12_01_044806e95b-16x12.jpg 16w, https:\/\/www.immobilienbusiness.ch\/wp-content\/uploads\/2019\/08\/csm_6013_Theaterstrasse_12_01_044806e95b-263x175.jpg 263w, https:\/\/www.immobilienbusiness.ch\/wp-content\/uploads\/2019\/08\/csm_6013_Theaterstrasse_12_01_044806e95b-525x350.jpg 525w, https:\/\/www.immobilienbusiness.ch\/wp-content\/uploads\/2019\/08\/csm_6013_Theaterstrasse_12_01_044806e95b-1200x800.jpg 1200w, https:\/\/www.immobilienbusiness.ch\/wp-content\/uploads\/2019\/08\/csm_6013_Theaterstrasse_12_01_044806e95b-920x613.jpg 920w, https:\/\/www.immobilienbusiness.ch\/wp-content\/uploads\/2019\/08\/csm_6013_Theaterstrasse_12_01_044806e95b-1400x933.jpg 1400w\" sizes=\"auto, (max-width: 680px) 100vw, 680px\" \/><figcaption id=\"caption-attachment-18001\" class=\"wp-caption-text\">Le Globus de Bellevue \u00e0 Zurich (photo : PSP Swiss Property)<\/figcaption><\/figure>\n<p><a href=\"https:\/\/www.tagesanzeiger.ch\/zuerich\/stadt\/globus-muss-das-bellevue-verlassen\/story\/12153887\">Comment le <em>Tages-Anzeiger<\/em> rapports,<\/a> PSP Swiss Property pr\u00e9voit une r\u00e9novation compl\u00e8te du b\u00e2timent. La technique est obsol\u00e8te et on veut r\u00e9nover l'enveloppe du b\u00e2timent, a d\u00e9clar\u00e9 un porte-parole de l'entreprise au journal. Les travaux devraient donc d\u00e9buter en 2023 et durer quelques mois.<\/p>\n<p>Globus occupe trois \u00e9tages de l'immeuble, les autres locataires sont entre autres Active Fitness et Mobilezone. Au total, l'immeuble comprend 6.600 m\u00b2, dont un tiers de bureaux.<\/p>\n<p>Selon le journal, les contrats de location avec Globus et les autres locataires expirent fin 2022. On ne sait pas encore si le groupe de grands magasins et les autres entreprises r\u00e9int\u00e9greront les lieux apr\u00e8s la r\u00e9novation. Le Globus de Bellevue est consid\u00e9r\u00e9 comme tr\u00e8s fr\u00e9quent\u00e9, notamment le \"Food Hall\" au rez-de-chauss\u00e9e. <em>(ah)<\/em><\/p>","protected":false},"excerpt":{"rendered":"<p>Selon un article de presse, PSP Swiss Property veut proc\u00e9der \u00e0 une r\u00e9novation totale de son immeuble de la Theaterstrasse 12 \u00e0 Zurich, o\u00f9 se trouve actuellement le magasin Globus am Bellevue. <\/p>","protected":false},"author":3,"featured_media":18001,"comment_status":"closed","ping_status":"open","sticky":false,"template":"","format":"standard","meta":{"_acf_changed":false,"_yoast_wpseo_focuskw":"Bellevue","_yoast_wpseo_title":"","_yoast_wpseo_metadesc":"PSP Swiss Property will laut einem Medienbericht ihre Liegenschaft an der Theaterstrasse 12 in Z\u00fcrich, wo derzeit der Globus am Bellevue ist, totalsanieren.","_yoast_wpseo_linkdex":62,"pgc_sgb_lightbox_settings":"","footnotes":""},"categories":[985],"tags":[1279,1608,1643,1662,1888],"class_list":["post-17999","post","type-post","status-publish","format-standard","has-post-thumbnail","hentry","category-regionen","tag-globus","tag-psp-swiss-property","tag-retail","tag-sanierung","tag-zuerich"],"acf":[],"yoast_head":"<!-- This site is optimized with the Yoast SEO plugin v27.4 - https:\/\/yoast.com\/product\/yoast-seo-wordpress\/ -->\n<title>Z\u00fcrich: Globus am Bellevue wird saniert - IMMOBILIEN Business<\/title>\n<meta name=\"description\" content=\"PSP Swiss Property will laut einem Medienbericht ihre Liegenschaft an der Theaterstrasse 12 in Z\u00fcrich, wo derzeit der Globus am Bellevue ist, totalsanieren.\" \/>\n<meta name=\"robots\" content=\"index, follow, max-snippet:-1, max-image-preview:large, max-video-preview:-1\" \/>\n<link rel=\"canonical\" href=\"https:\/\/www.immobilienbusiness.ch\/fr\/regionen\/2019-08-16\/zuerich-globus-am-bellevue-wird-saniert\/\" \/>\n<meta property=\"og:locale\" content=\"fr_FR\" \/>\n<meta property=\"og:type\" content=\"article\" \/>\n<meta property=\"og:title\" content=\"Z\u00fcrich: Globus am Bellevue wird saniert - IMMOBILIEN Business\" \/>\n<meta property=\"og:description\" content=\"PSP Swiss Property will laut einem Medienbericht ihre Liegenschaft an der Theaterstrasse 12 in Z\u00fcrich, wo derzeit der Globus am Bellevue ist, totalsanieren.\" \/>\n<meta property=\"og:url\" content=\"https:\/\/www.immobilienbusiness.ch\/fr\/regionen\/2019-08-16\/zuerich-globus-am-bellevue-wird-saniert\/\" \/>\n<meta property=\"og:site_name\" content=\"IMMOBILIEN Business\" \/>\n<meta property=\"article:publisher\" content=\"https:\/\/www.facebook.com\/immobilienbusiness\/\" \/>\n<meta property=\"article:published_time\" content=\"2019-08-16T06:34:52+00:00\" \/>\n<meta property=\"og:image\" content=\"https:\/\/www.immobilienbusiness.ch\/wp-content\/uploads\/2019\/08\/csm_6013_Theaterstrasse_12_01_044806e95b.jpg\" \/>\n\t<meta property=\"og:image:width\" content=\"1599\" \/>\n\t<meta property=\"og:image:height\" content=\"1066\" \/>\n\t<meta property=\"og:image:type\" content=\"image\/jpeg\" \/>\n<meta name=\"author\" content=\"anja.hall\" \/>\n<meta name=\"twitter:card\" content=\"summary_large_image\" \/>\n<meta name=\"twitter:image\" content=\"https:\/\/www.immobilienbusiness.ch\/wp-content\/uploads\/2019\/08\/csm_6013_Theaterstrasse_12_01_044806e95b.jpg\" \/>\n<script type=\"application\/ld+json\" class=\"yoast-schema-graph\">{\"@context\":\"https:\\\/\\\/schema.org\",\"@graph\":[{\"@type\":\"Article\",\"@id\":\"https:\\\/\\\/www.immobilienbusiness.ch\\\/de\\\/regionen\\\/2019-08-16\\\/zuerich-globus-am-bellevue-wird-saniert\\\/#article\",\"isPartOf\":{\"@id\":\"https:\\\/\\\/www.immobilienbusiness.ch\\\/de\\\/regionen\\\/2019-08-16\\\/zuerich-globus-am-bellevue-wird-saniert\\\/\"},\"author\":{\"name\":\"anja.hall\",\"@id\":\"https:\\\/\\\/www.immobilienbusiness.ch\\\/#\\\/schema\\\/person\\\/3fc036297b10b9f42d6db5ee932af8c8\"},\"headline\":\"Z\u00fcrich: Globus am Bellevue wird saniert\",\"datePublished\":\"2019-08-16T06:34:52+00:00\",\"mainEntityOfPage\":{\"@id\":\"https:\\\/\\\/www.immobilienbusiness.ch\\\/de\\\/regionen\\\/2019-08-16\\\/zuerich-globus-am-bellevue-wird-saniert\\\/\"},\"wordCount\":143,\"publisher\":{\"@id\":\"https:\\\/\\\/www.immobilienbusiness.ch\\\/#organization\"},\"image\":{\"@id\":\"https:\\\/\\\/www.immobilienbusiness.ch\\\/de\\\/regionen\\\/2019-08-16\\\/zuerich-globus-am-bellevue-wird-saniert\\\/#primaryimage\"},\"thumbnailUrl\":\"https:\\\/\\\/www.immobilienbusiness.ch\\\/wp-content\\\/uploads\\\/2019\\\/08\\\/csm_6013_Theaterstrasse_12_01_044806e95b.jpg\",\"keywords\":[\"Globus\",\"PSP Swiss Property\",\"Retail\",\"Sanierung\",\"Z\u00fcrich\"],\"articleSection\":[\"REGIONEN\"],\"inLanguage\":\"fr-FR\"},{\"@type\":\"WebPage\",\"@id\":\"https:\\\/\\\/www.immobilienbusiness.ch\\\/de\\\/regionen\\\/2019-08-16\\\/zuerich-globus-am-bellevue-wird-saniert\\\/\",\"url\":\"https:\\\/\\\/www.immobilienbusiness.ch\\\/de\\\/regionen\\\/2019-08-16\\\/zuerich-globus-am-bellevue-wird-saniert\\\/\",\"name\":\"Z\u00fcrich: Globus am Bellevue wird saniert - IMMOBILIEN Business\",\"isPartOf\":{\"@id\":\"https:\\\/\\\/www.immobilienbusiness.ch\\\/#website\"},\"primaryImageOfPage\":{\"@id\":\"https:\\\/\\\/www.immobilienbusiness.ch\\\/de\\\/regionen\\\/2019-08-16\\\/zuerich-globus-am-bellevue-wird-saniert\\\/#primaryimage\"},\"image\":{\"@id\":\"https:\\\/\\\/www.immobilienbusiness.ch\\\/de\\\/regionen\\\/2019-08-16\\\/zuerich-globus-am-bellevue-wird-saniert\\\/#primaryimage\"},\"thumbnailUrl\":\"https:\\\/\\\/www.immobilienbusiness.ch\\\/wp-content\\\/uploads\\\/2019\\\/08\\\/csm_6013_Theaterstrasse_12_01_044806e95b.jpg\",\"datePublished\":\"2019-08-16T06:34:52+00:00\",\"description\":\"PSP Swiss Property will laut einem Medienbericht ihre Liegenschaft an der Theaterstrasse 12 in Z\u00fcrich, wo derzeit der Globus am Bellevue ist, totalsanieren.\",\"breadcrumb\":{\"@id\":\"https:\\\/\\\/www.immobilienbusiness.ch\\\/de\\\/regionen\\\/2019-08-16\\\/zuerich-globus-am-bellevue-wird-saniert\\\/#breadcrumb\"},\"inLanguage\":\"fr-FR\",\"potentialAction\":[{\"@type\":\"ReadAction\",\"target\":[\"https:\\\/\\\/www.immobilienbusiness.ch\\\/de\\\/regionen\\\/2019-08-16\\\/zuerich-globus-am-bellevue-wird-saniert\\\/\"]}]},{\"@type\":\"ImageObject\",\"inLanguage\":\"fr-FR\",\"@id\":\"https:\\\/\\\/www.immobilienbusiness.ch\\\/de\\\/regionen\\\/2019-08-16\\\/zuerich-globus-am-bellevue-wird-saniert\\\/#primaryimage\",\"url\":\"https:\\\/\\\/www.immobilienbusiness.ch\\\/wp-content\\\/uploads\\\/2019\\\/08\\\/csm_6013_Theaterstrasse_12_01_044806e95b.jpg\",\"contentUrl\":\"https:\\\/\\\/www.immobilienbusiness.ch\\\/wp-content\\\/uploads\\\/2019\\\/08\\\/csm_6013_Theaterstrasse_12_01_044806e95b.jpg\",\"width\":1599,\"height\":1066,\"caption\":\"Der Globus am Bellevue in Z\u00fcrich (Bild: PSP Swiss Property)\"},{\"@type\":\"BreadcrumbList\",\"@id\":\"https:\\\/\\\/www.immobilienbusiness.ch\\\/de\\\/regionen\\\/2019-08-16\\\/zuerich-globus-am-bellevue-wird-saniert\\\/#breadcrumb\",\"itemListElement\":[{\"@type\":\"ListItem\",\"position\":1,\"name\":\"Home\",\"item\":\"https:\\\/\\\/www.immobilienbusiness.ch\\\/\"},{\"@type\":\"ListItem\",\"position\":2,\"name\":\"Z\u00fcrich: Globus am Bellevue wird saniert\"}]},{\"@type\":\"WebSite\",\"@id\":\"https:\\\/\\\/www.immobilienbusiness.ch\\\/#website\",\"url\":\"https:\\\/\\\/www.immobilienbusiness.ch\\\/\",\"name\":\"IMMOBILIEN Business\",\"description\":\"Unabh\u00e4ngiges Schweizer Wirtschaftsmagazin mit Fokus auf Immobilien, Architektur- und Bau sowie Investment- und Finanzierung.\",\"publisher\":{\"@id\":\"https:\\\/\\\/www.immobilienbusiness.ch\\\/#organization\"},\"potentialAction\":[{\"@type\":\"SearchAction\",\"target\":{\"@type\":\"EntryPoint\",\"urlTemplate\":\"https:\\\/\\\/www.immobilienbusiness.ch\\\/?s={search_term_string}\"},\"query-input\":{\"@type\":\"PropertyValueSpecification\",\"valueRequired\":true,\"valueName\":\"search_term_string\"}}],\"inLanguage\":\"fr-FR\"},{\"@type\":\"Organization\",\"@id\":\"https:\\\/\\\/www.immobilienbusiness.ch\\\/#organization\",\"name\":\"IMMOBILIEN Business\",\"url\":\"https:\\\/\\\/www.immobilienbusiness.ch\\\/\",\"logo\":{\"@type\":\"ImageObject\",\"inLanguage\":\"fr-FR\",\"@id\":\"https:\\\/\\\/www.immobilienbusiness.ch\\\/#\\\/schema\\\/logo\\\/image\\\/\",\"url\":\"https:\\\/\\\/www.immobilienbusiness.ch\\\/wp-content\\\/uploads\\\/2021\\\/07\\\/logo_ib.png\",\"contentUrl\":\"https:\\\/\\\/www.immobilienbusiness.ch\\\/wp-content\\\/uploads\\\/2021\\\/07\\\/logo_ib.png\",\"width\":800,\"height\":181,\"caption\":\"IMMOBILIEN Business\"},\"image\":{\"@id\":\"https:\\\/\\\/www.immobilienbusiness.ch\\\/#\\\/schema\\\/logo\\\/image\\\/\"},\"sameAs\":[\"https:\\\/\\\/www.facebook.com\\\/immobilienbusiness\\\/\"]},{\"@type\":\"Person\",\"@id\":\"https:\\\/\\\/www.immobilienbusiness.ch\\\/#\\\/schema\\\/person\\\/3fc036297b10b9f42d6db5ee932af8c8\",\"name\":\"anja.hall\",\"image\":{\"@type\":\"ImageObject\",\"inLanguage\":\"fr-FR\",\"@id\":\"https:\\\/\\\/secure.gravatar.com\\\/avatar\\\/066b5a0d447013502c71a5782f4f3469f03cfe595cc2329fb94652fe47511bfb?s=96&d=mm&r=g\",\"url\":\"https:\\\/\\\/secure.gravatar.com\\\/avatar\\\/066b5a0d447013502c71a5782f4f3469f03cfe595cc2329fb94652fe47511bfb?s=96&d=mm&r=g\",\"contentUrl\":\"https:\\\/\\\/secure.gravatar.com\\\/avatar\\\/066b5a0d447013502c71a5782f4f3469f03cfe595cc2329fb94652fe47511bfb?s=96&d=mm&r=g\",\"caption\":\"anja.hall\"},\"url\":\"https:\\\/\\\/www.immobilienbusiness.ch\\\/fr\\\/author\\\/anja-hall\\\/\"}]}<\/script>\n<!-- \/ Yoast SEO plugin. -->","yoast_head_json":{"title":"Z\u00fcrich: Globus am Bellevue wird saniert - IMMOBILIEN Business","description":"Selon un article de presse, PSP Swiss Property veut proc\u00e9der \u00e0 une r\u00e9novation totale de son immeuble de la Theaterstrasse 12 \u00e0 Zurich, o\u00f9 se trouve actuellement le magasin Globus am Bellevue.","robots":{"index":"index","follow":"follow","max-snippet":"max-snippet:-1","max-image-preview":"max-image-preview:large","max-video-preview":"max-video-preview:-1"},"canonical":"https:\/\/www.immobilienbusiness.ch\/fr\/regionen\/2019-08-16\/zuerich-globus-am-bellevue-wird-saniert\/","og_locale":"fr_FR","og_type":"article","og_title":"Z\u00fcrich: Globus am Bellevue wird saniert - IMMOBILIEN Business","og_description":"PSP Swiss Property will laut einem Medienbericht ihre Liegenschaft an der Theaterstrasse 12 in Z\u00fcrich, wo derzeit der Globus am Bellevue ist, totalsanieren.","og_url":"https:\/\/www.immobilienbusiness.ch\/fr\/regionen\/2019-08-16\/zuerich-globus-am-bellevue-wird-saniert\/","og_site_name":"IMMOBILIEN Business","article_publisher":"https:\/\/www.facebook.com\/immobilienbusiness\/","article_published_time":"2019-08-16T06:34:52+00:00","og_image":[{"width":1599,"height":1066,"url":"https:\/\/www.immobilienbusiness.ch\/wp-content\/uploads\/2019\/08\/csm_6013_Theaterstrasse_12_01_044806e95b.jpg","type":"image\/jpeg"}],"author":"anja.hall","twitter_card":"summary_large_image","twitter_image":"https:\/\/www.immobilienbusiness.ch\/wp-content\/uploads\/2019\/08\/csm_6013_Theaterstrasse_12_01_044806e95b.jpg","schema":{"@context":"https:\/\/schema.org","@graph":[{"@type":"Article","@id":"https:\/\/www.immobilienbusiness.ch\/de\/regionen\/2019-08-16\/zuerich-globus-am-bellevue-wird-saniert\/#article","isPartOf":{"@id":"https:\/\/www.immobilienbusiness.ch\/de\/regionen\/2019-08-16\/zuerich-globus-am-bellevue-wird-saniert\/"},"author":{"name":"anja.hall","@id":"https:\/\/www.immobilienbusiness.ch\/#\/schema\/person\/3fc036297b10b9f42d6db5ee932af8c8"},"headline":"Z\u00fcrich: Globus am Bellevue wird saniert","datePublished":"2019-08-16T06:34:52+00:00","mainEntityOfPage":{"@id":"https:\/\/www.immobilienbusiness.ch\/de\/regionen\/2019-08-16\/zuerich-globus-am-bellevue-wird-saniert\/"},"wordCount":143,"publisher":{"@id":"https:\/\/www.immobilienbusiness.ch\/#organization"},"image":{"@id":"https:\/\/www.immobilienbusiness.ch\/de\/regionen\/2019-08-16\/zuerich-globus-am-bellevue-wird-saniert\/#primaryimage"},"thumbnailUrl":"https:\/\/www.immobilienbusiness.ch\/wp-content\/uploads\/2019\/08\/csm_6013_Theaterstrasse_12_01_044806e95b.jpg","keywords":["Globus","PSP Swiss Property","Retail","Sanierung","Z\u00fcrich"],"articleSection":["REGIONEN"],"inLanguage":"fr-FR"},{"@type":"WebPage","@id":"https:\/\/www.immobilienbusiness.ch\/de\/regionen\/2019-08-16\/zuerich-globus-am-bellevue-wird-saniert\/","url":"https:\/\/www.immobilienbusiness.ch\/de\/regionen\/2019-08-16\/zuerich-globus-am-bellevue-wird-saniert\/","name":"Z\u00fcrich: Globus am Bellevue wird saniert - IMMOBILIEN Business","isPartOf":{"@id":"https:\/\/www.immobilienbusiness.ch\/#website"},"primaryImageOfPage":{"@id":"https:\/\/www.immobilienbusiness.ch\/de\/regionen\/2019-08-16\/zuerich-globus-am-bellevue-wird-saniert\/#primaryimage"},"image":{"@id":"https:\/\/www.immobilienbusiness.ch\/de\/regionen\/2019-08-16\/zuerich-globus-am-bellevue-wird-saniert\/#primaryimage"},"thumbnailUrl":"https:\/\/www.immobilienbusiness.ch\/wp-content\/uploads\/2019\/08\/csm_6013_Theaterstrasse_12_01_044806e95b.jpg","datePublished":"2019-08-16T06:34:52+00:00","description":"Selon un article de presse, PSP Swiss Property veut proc\u00e9der \u00e0 une r\u00e9novation totale de son immeuble de la Theaterstrasse 12 \u00e0 Zurich, o\u00f9 se trouve actuellement le magasin Globus am Bellevue.","breadcrumb":{"@id":"https:\/\/www.immobilienbusiness.ch\/de\/regionen\/2019-08-16\/zuerich-globus-am-bellevue-wird-saniert\/#breadcrumb"},"inLanguage":"fr-FR","potentialAction":[{"@type":"ReadAction","target":["https:\/\/www.immobilienbusiness.ch\/de\/regionen\/2019-08-16\/zuerich-globus-am-bellevue-wird-saniert\/"]}]},{"@type":"ImageObject","inLanguage":"fr-FR","@id":"https:\/\/www.immobilienbusiness.ch\/de\/regionen\/2019-08-16\/zuerich-globus-am-bellevue-wird-saniert\/#primaryimage","url":"https:\/\/www.immobilienbusiness.ch\/wp-content\/uploads\/2019\/08\/csm_6013_Theaterstrasse_12_01_044806e95b.jpg","contentUrl":"https:\/\/www.immobilienbusiness.ch\/wp-content\/uploads\/2019\/08\/csm_6013_Theaterstrasse_12_01_044806e95b.jpg","width":1599,"height":1066,"caption":"Der Globus am Bellevue in Z\u00fcrich (Bild: PSP Swiss Property)"},{"@type":"BreadcrumbList","@id":"https:\/\/www.immobilienbusiness.ch\/de\/regionen\/2019-08-16\/zuerich-globus-am-bellevue-wird-saniert\/#breadcrumb","itemListElement":[{"@type":"ListItem","position":1,"name":"Home","item":"https:\/\/www.immobilienbusiness.ch\/"},{"@type":"ListItem","position":2,"name":"Z\u00fcrich: Globus am Bellevue wird saniert"}]},{"@type":"WebSite","@id":"https:\/\/www.immobilienbusiness.ch\/#website","url":"https:\/\/www.immobilienbusiness.ch\/","name":"IMMOBILIER Business","description":"Magazine \u00e9conomique suisse ind\u00e9pendant ax\u00e9 sur l'immobilier, l'architecture et la construction ainsi que sur les investissements et le financement.","publisher":{"@id":"https:\/\/www.immobilienbusiness.ch\/#organization"},"potentialAction":[{"@type":"SearchAction","target":{"@type":"EntryPoint","urlTemplate":"https:\/\/www.immobilienbusiness.ch\/?s={search_term_string}"},"query-input":{"@type":"PropertyValueSpecification","valueRequired":true,"valueName":"search_term_string"}}],"inLanguage":"fr-FR"},{"@type":"Organization","@id":"https:\/\/www.immobilienbusiness.ch\/#organization","name":"IMMOBILIER Business","url":"https:\/\/www.immobilienbusiness.ch\/","logo":{"@type":"ImageObject","inLanguage":"fr-FR","@id":"https:\/\/www.immobilienbusiness.ch\/#\/schema\/logo\/image\/","url":"https:\/\/www.immobilienbusiness.ch\/wp-content\/uploads\/2021\/07\/logo_ib.png","contentUrl":"https:\/\/www.immobilienbusiness.ch\/wp-content\/uploads\/2021\/07\/logo_ib.png","width":800,"height":181,"caption":"IMMOBILIEN Business"},"image":{"@id":"https:\/\/www.immobilienbusiness.ch\/#\/schema\/logo\/image\/"},"sameAs":["https:\/\/www.facebook.com\/immobilienbusiness\/"]},{"@type":"Person","@id":"https:\/\/www.immobilienbusiness.ch\/#\/schema\/person\/3fc036297b10b9f42d6db5ee932af8c8","name":"anja.hall","image":{"@type":"ImageObject","inLanguage":"fr-FR","@id":"https:\/\/secure.gravatar.com\/avatar\/066b5a0d447013502c71a5782f4f3469f03cfe595cc2329fb94652fe47511bfb?s=96&d=mm&r=g","url":"https:\/\/secure.gravatar.com\/avatar\/066b5a0d447013502c71a5782f4f3469f03cfe595cc2329fb94652fe47511bfb?s=96&d=mm&r=g","contentUrl":"https:\/\/secure.gravatar.com\/avatar\/066b5a0d447013502c71a5782f4f3469f03cfe595cc2329fb94652fe47511bfb?s=96&d=mm&r=g","caption":"anja.hall"},"url":"https:\/\/www.immobilienbusiness.ch\/fr\/author\/anja-hall\/"}]}},"_links":{"self":[{"href":"https:\/\/www.immobilienbusiness.ch\/fr\/wp-json\/wp\/v2\/posts\/17999","targetHints":{"allow":["GET"]}}],"collection":[{"href":"https:\/\/www.immobilienbusiness.ch\/fr\/wp-json\/wp\/v2\/posts"}],"about":[{"href":"https:\/\/www.immobilienbusiness.ch\/fr\/wp-json\/wp\/v2\/types\/post"}],"author":[{"embeddable":true,"href":"https:\/\/www.immobilienbusiness.ch\/fr\/wp-json\/wp\/v2\/users\/3"}],"replies":[{"embeddable":true,"href":"https:\/\/www.immobilienbusiness.ch\/fr\/wp-json\/wp\/v2\/comments?post=17999"}],"version-history":[{"count":0,"href":"https:\/\/www.immobilienbusiness.ch\/fr\/wp-json\/wp\/v2\/posts\/17999\/revisions"}],"wp:featuredmedia":[{"embeddable":true,"href":"https:\/\/www.immobilienbusiness.ch\/fr\/wp-json\/wp\/v2\/media\/18001"}],"wp:attachment":[{"href":"https:\/\/www.immobilienbusiness.ch\/fr\/wp-json\/wp\/v2\/media?parent=17999"}],"wp:term":[{"taxonomy":"category","embeddable":true,"href":"https:\/\/www.immobilienbusiness.ch\/fr\/wp-json\/wp\/v2\/categories?post=17999"},{"taxonomy":"post_tag","embeddable":true,"href":"https:\/\/www.immobilienbusiness.ch\/fr\/wp-json\/wp\/v2\/tags?post=17999"}],"curies":[{"name":"wp","href":"https:\/\/api.w.org\/{rel}","templated":true}]}}