{"id":17871,"date":"2019-07-31T08:00:07","date_gmt":"2019-07-31T06:00:07","guid":{"rendered":"https:\/\/www.immobilienbusiness.ch\/?p=17871"},"modified":"2019-07-31T08:00:07","modified_gmt":"2019-07-31T06:00:07","slug":"bern-start-fuer-ueberbauung-holliger","status":"publish","type":"post","link":"https:\/\/www.immobilienbusiness.ch\/fr\/regionen\/2019-07-31\/bern-start-fuer-ueberbauung-holliger\/","title":{"rendered":"Berne : D\u00e9but du d\u00e9veloppement de Holliger"},"content":{"rendered":"<figure id=\"attachment_17872\" aria-describedby=\"caption-attachment-17872\" style=\"width: 1500px\" class=\"wp-caption alignnone\"><img loading=\"lazy\" decoding=\"async\" class=\"size-full wp-image-17872\" src=\"https:\/\/www.immobilienbusiness.ch\/wp-content\/uploads\/2019\/07\/IMMOBILIEN-BUSINESS-News-20190731-Start-f\u00fcr-neue-Wohnsiedlung-in-Bern-c-Dachgenossenschaft-Holliger.png\" alt=\"\" width=\"1500\" height=\"1000\" \/><figcaption id=\"caption-attachment-17872\" class=\"wp-caption-text\">Le nouveau projet Holliger \u00e0 Berne comprend six lots de construction (Photo : coop\u00e9rative de toiture Holliger)<\/figcaption><\/figure>\n<p>La coop\u00e9rative d'habitation Warmb\u00e4chli d\u00e9marre sur le site de l'ancienne usine d'incin\u00e9ration des d\u00e9chets \u00e0 Bern-Holligen. Le projet commencera le mois prochain par la transformation de l'ancien entrep\u00f4t Tobler, situ\u00e9 \u00e0 la G\u00fcterstrasse 8, en espace de vie et de travail. En outre, quatre autres chantiers sont pr\u00e9vus. Les contrats de droit de superficie ont d\u00e9j\u00e0 \u00e9t\u00e9 sign\u00e9s \u00e0 l'automne 2018.<\/p>\n<p>Six promoteurs \u00e0 but non lucratif r\u00e9alisent le nouveau projet Holliger. Outre la coop\u00e9rative d'habitation Warmb\u00e4chli, il s'agit des coop\u00e9ratives d'habitation Aare Bern et Br\u00fcnnen-Eichholz, de la coop\u00e9rative de construction ferroviaire Bern, de la coop\u00e9rative Fambau et de npg AG pour la construction durable. En 2017, les parties concern\u00e9es ont fond\u00e9 une entreprise commune de construction pour le projet.<\/p>\n<p>Au total, six b\u00e2timents seront pr\u00eats \u00e0 \u00eatre occup\u00e9s par \u00e9tapes entre 2021 et 2023. La coop\u00e9rative Warmb\u00e4chli pr\u00e9voit que les travaux de transformation de son projet seront achev\u00e9s \u00e0 l'\u00e9t\u00e9 2021. Les cinq autres b\u00e2timents seront neufs, dont une tour que la coop\u00e9rative ferroviaire veut r\u00e9aliser \u00e0 partir de l'ann\u00e9e prochaine. (mr)<\/p>","protected":false},"excerpt":{"rendered":"<p>En ao\u00fbt, les premiers travaux de construction commenceront sur le projet Holliger \u00e0 Berne. Environ 250 appartements doivent y \u00eatre construits d'ici 2023.<\/p>","protected":false},"author":4,"featured_media":17872,"comment_status":"closed","ping_status":"open","sticky":false,"template":"","format":"standard","meta":{"_acf_changed":false,"_yoast_wpseo_focuskw":"Holliger","_yoast_wpseo_title":"","_yoast_wpseo_metadesc":"Im August beginnen die ersten Bauarbeiten an der geplanten \u00dcberbauung Holliger in Bern. Bis 2023 sollen dort rund 250 Wohnungen entstehen.","_yoast_wpseo_linkdex":69,"pgc_sgb_lightbox_settings":"","footnotes":""},"categories":[985],"tags":[1077,1091,1308,1492,1599,1797],"class_list":["post-17871","post","type-post","status-publish","format-standard","has-post-thumbnail","hentry","category-regionen","tag-baugenossenschaft","tag-bern","tag-hochhaus","tag-mietwohnungen","tag-projekt-in-bau","tag-umbau"],"acf":[],"yoast_head":"<!-- This site is optimized with the Yoast SEO plugin v27.4 - https:\/\/yoast.com\/product\/yoast-seo-wordpress\/ -->\n<title>Bern: Start f\u00fcr \u00dcberbauung Holliger - IMMOBILIEN Business<\/title>\n<meta name=\"description\" content=\"Im August beginnen die ersten Bauarbeiten an der geplanten \u00dcberbauung Holliger in Bern. Bis 2023 sollen dort rund 250 Wohnungen entstehen.\" \/>\n<meta name=\"robots\" content=\"index, follow, max-snippet:-1, max-image-preview:large, max-video-preview:-1\" \/>\n<link rel=\"canonical\" href=\"https:\/\/www.immobilienbusiness.ch\/fr\/regionen\/2019-07-31\/bern-start-fuer-ueberbauung-holliger\/\" \/>\n<meta property=\"og:locale\" content=\"fr_FR\" \/>\n<meta property=\"og:type\" content=\"article\" \/>\n<meta property=\"og:title\" content=\"Bern: Start f\u00fcr \u00dcberbauung Holliger - IMMOBILIEN Business\" \/>\n<meta property=\"og:description\" content=\"Im August beginnen die ersten Bauarbeiten an der geplanten \u00dcberbauung Holliger in Bern. Bis 2023 sollen dort rund 250 Wohnungen entstehen.\" \/>\n<meta property=\"og:url\" content=\"https:\/\/www.immobilienbusiness.ch\/fr\/regionen\/2019-07-31\/bern-start-fuer-ueberbauung-holliger\/\" \/>\n<meta property=\"og:site_name\" content=\"IMMOBILIEN Business\" \/>\n<meta property=\"article:publisher\" content=\"https:\/\/www.facebook.com\/immobilienbusiness\/\" \/>\n<meta property=\"article:published_time\" content=\"2019-07-31T06:00:07+00:00\" \/>\n<meta property=\"og:image\" content=\"https:\/\/www.immobilienbusiness.ch\/wp-content\/uploads\/2019\/07\/IMMOBILIEN-BUSINESS-News-20190731-Start-fuer-neue-Wohnsiedlung-in-Bern-c-Dachgenossenschaft-Holliger.png\" \/>\n\t<meta property=\"og:image:width\" content=\"1500\" \/>\n\t<meta property=\"og:image:height\" content=\"1000\" \/>\n\t<meta property=\"og:image:type\" content=\"image\/png\" \/>\n<meta name=\"author\" content=\"mathias.rinka\" \/>\n<meta name=\"twitter:card\" content=\"summary_large_image\" \/>\n<script type=\"application\/ld+json\" class=\"yoast-schema-graph\">{\"@context\":\"https:\\\/\\\/schema.org\",\"@graph\":[{\"@type\":\"Article\",\"@id\":\"https:\\\/\\\/www.immobilienbusiness.ch\\\/de\\\/regionen\\\/2019-07-31\\\/bern-start-fuer-ueberbauung-holliger\\\/#article\",\"isPartOf\":{\"@id\":\"https:\\\/\\\/www.immobilienbusiness.ch\\\/de\\\/regionen\\\/2019-07-31\\\/bern-start-fuer-ueberbauung-holliger\\\/\"},\"author\":{\"name\":\"mathias.rinka\",\"@id\":\"https:\\\/\\\/www.immobilienbusiness.ch\\\/#\\\/schema\\\/person\\\/31be7383261ea656cfe52cad71fdc211\"},\"headline\":\"Bern: Start f\u00fcr \u00dcberbauung Holliger\",\"datePublished\":\"2019-07-31T06:00:07+00:00\",\"mainEntityOfPage\":{\"@id\":\"https:\\\/\\\/www.immobilienbusiness.ch\\\/de\\\/regionen\\\/2019-07-31\\\/bern-start-fuer-ueberbauung-holliger\\\/\"},\"wordCount\":182,\"publisher\":{\"@id\":\"https:\\\/\\\/www.immobilienbusiness.ch\\\/#organization\"},\"image\":{\"@id\":\"https:\\\/\\\/www.immobilienbusiness.ch\\\/de\\\/regionen\\\/2019-07-31\\\/bern-start-fuer-ueberbauung-holliger\\\/#primaryimage\"},\"thumbnailUrl\":\"https:\\\/\\\/www.immobilienbusiness.ch\\\/wp-content\\\/uploads\\\/2019\\\/07\\\/IMMOBILIEN-BUSINESS-News-20190731-Start-fuer-neue-Wohnsiedlung-in-Bern-c-Dachgenossenschaft-Holliger.png\",\"keywords\":[\"Baugenossenschaft\",\"Bern\",\"Hochhaus\",\"Mietwohnungen\",\"Projekt in Bau\",\"Umbau\"],\"articleSection\":[\"REGIONEN\"],\"inLanguage\":\"fr-FR\"},{\"@type\":\"WebPage\",\"@id\":\"https:\\\/\\\/www.immobilienbusiness.ch\\\/de\\\/regionen\\\/2019-07-31\\\/bern-start-fuer-ueberbauung-holliger\\\/\",\"url\":\"https:\\\/\\\/www.immobilienbusiness.ch\\\/de\\\/regionen\\\/2019-07-31\\\/bern-start-fuer-ueberbauung-holliger\\\/\",\"name\":\"Bern: Start f\u00fcr \u00dcberbauung Holliger - IMMOBILIEN Business\",\"isPartOf\":{\"@id\":\"https:\\\/\\\/www.immobilienbusiness.ch\\\/#website\"},\"primaryImageOfPage\":{\"@id\":\"https:\\\/\\\/www.immobilienbusiness.ch\\\/de\\\/regionen\\\/2019-07-31\\\/bern-start-fuer-ueberbauung-holliger\\\/#primaryimage\"},\"image\":{\"@id\":\"https:\\\/\\\/www.immobilienbusiness.ch\\\/de\\\/regionen\\\/2019-07-31\\\/bern-start-fuer-ueberbauung-holliger\\\/#primaryimage\"},\"thumbnailUrl\":\"https:\\\/\\\/www.immobilienbusiness.ch\\\/wp-content\\\/uploads\\\/2019\\\/07\\\/IMMOBILIEN-BUSINESS-News-20190731-Start-fuer-neue-Wohnsiedlung-in-Bern-c-Dachgenossenschaft-Holliger.png\",\"datePublished\":\"2019-07-31T06:00:07+00:00\",\"description\":\"Im August beginnen die ersten Bauarbeiten an der geplanten \u00dcberbauung Holliger in Bern. Bis 2023 sollen dort rund 250 Wohnungen entstehen.\",\"breadcrumb\":{\"@id\":\"https:\\\/\\\/www.immobilienbusiness.ch\\\/de\\\/regionen\\\/2019-07-31\\\/bern-start-fuer-ueberbauung-holliger\\\/#breadcrumb\"},\"inLanguage\":\"fr-FR\",\"potentialAction\":[{\"@type\":\"ReadAction\",\"target\":[\"https:\\\/\\\/www.immobilienbusiness.ch\\\/de\\\/regionen\\\/2019-07-31\\\/bern-start-fuer-ueberbauung-holliger\\\/\"]}]},{\"@type\":\"ImageObject\",\"inLanguage\":\"fr-FR\",\"@id\":\"https:\\\/\\\/www.immobilienbusiness.ch\\\/de\\\/regionen\\\/2019-07-31\\\/bern-start-fuer-ueberbauung-holliger\\\/#primaryimage\",\"url\":\"https:\\\/\\\/www.immobilienbusiness.ch\\\/wp-content\\\/uploads\\\/2019\\\/07\\\/IMMOBILIEN-BUSINESS-News-20190731-Start-fuer-neue-Wohnsiedlung-in-Bern-c-Dachgenossenschaft-Holliger.png\",\"contentUrl\":\"https:\\\/\\\/www.immobilienbusiness.ch\\\/wp-content\\\/uploads\\\/2019\\\/07\\\/IMMOBILIEN-BUSINESS-News-20190731-Start-fuer-neue-Wohnsiedlung-in-Bern-c-Dachgenossenschaft-Holliger.png\",\"width\":1500,\"height\":1000,\"caption\":\"Sechs Baufelder umfasst die neue \u00dcberbauung Holliger in Bern (Bild: Dachgenossenschaft Holliger)\"},{\"@type\":\"BreadcrumbList\",\"@id\":\"https:\\\/\\\/www.immobilienbusiness.ch\\\/de\\\/regionen\\\/2019-07-31\\\/bern-start-fuer-ueberbauung-holliger\\\/#breadcrumb\",\"itemListElement\":[{\"@type\":\"ListItem\",\"position\":1,\"name\":\"Home\",\"item\":\"https:\\\/\\\/www.immobilienbusiness.ch\\\/\"},{\"@type\":\"ListItem\",\"position\":2,\"name\":\"Bern: Start f\u00fcr \u00dcberbauung Holliger\"}]},{\"@type\":\"WebSite\",\"@id\":\"https:\\\/\\\/www.immobilienbusiness.ch\\\/#website\",\"url\":\"https:\\\/\\\/www.immobilienbusiness.ch\\\/\",\"name\":\"IMMOBILIEN Business\",\"description\":\"Unabh\u00e4ngiges Schweizer Wirtschaftsmagazin mit Fokus auf Immobilien, Architektur- und Bau sowie Investment- und Finanzierung.\",\"publisher\":{\"@id\":\"https:\\\/\\\/www.immobilienbusiness.ch\\\/#organization\"},\"potentialAction\":[{\"@type\":\"SearchAction\",\"target\":{\"@type\":\"EntryPoint\",\"urlTemplate\":\"https:\\\/\\\/www.immobilienbusiness.ch\\\/?s={search_term_string}\"},\"query-input\":{\"@type\":\"PropertyValueSpecification\",\"valueRequired\":true,\"valueName\":\"search_term_string\"}}],\"inLanguage\":\"fr-FR\"},{\"@type\":\"Organization\",\"@id\":\"https:\\\/\\\/www.immobilienbusiness.ch\\\/#organization\",\"name\":\"IMMOBILIEN Business\",\"url\":\"https:\\\/\\\/www.immobilienbusiness.ch\\\/\",\"logo\":{\"@type\":\"ImageObject\",\"inLanguage\":\"fr-FR\",\"@id\":\"https:\\\/\\\/www.immobilienbusiness.ch\\\/#\\\/schema\\\/logo\\\/image\\\/\",\"url\":\"https:\\\/\\\/www.immobilienbusiness.ch\\\/wp-content\\\/uploads\\\/2021\\\/07\\\/logo_ib.png\",\"contentUrl\":\"https:\\\/\\\/www.immobilienbusiness.ch\\\/wp-content\\\/uploads\\\/2021\\\/07\\\/logo_ib.png\",\"width\":800,\"height\":181,\"caption\":\"IMMOBILIEN Business\"},\"image\":{\"@id\":\"https:\\\/\\\/www.immobilienbusiness.ch\\\/#\\\/schema\\\/logo\\\/image\\\/\"},\"sameAs\":[\"https:\\\/\\\/www.facebook.com\\\/immobilienbusiness\\\/\"]},{\"@type\":\"Person\",\"@id\":\"https:\\\/\\\/www.immobilienbusiness.ch\\\/#\\\/schema\\\/person\\\/31be7383261ea656cfe52cad71fdc211\",\"name\":\"mathias.rinka\",\"image\":{\"@type\":\"ImageObject\",\"inLanguage\":\"fr-FR\",\"@id\":\"https:\\\/\\\/secure.gravatar.com\\\/avatar\\\/?s=96&d=mm&r=g\",\"url\":\"https:\\\/\\\/secure.gravatar.com\\\/avatar\\\/?s=96&d=mm&r=g\",\"contentUrl\":\"https:\\\/\\\/secure.gravatar.com\\\/avatar\\\/?s=96&d=mm&r=g\",\"caption\":\"mathias.rinka\"},\"url\":\"https:\\\/\\\/www.immobilienbusiness.ch\\\/fr\\\/author\\\/mathias-rinka\\\/\"}]}<\/script>\n<!-- \/ Yoast SEO plugin. -->","yoast_head_json":{"title":"Bern: Start f\u00fcr \u00dcberbauung Holliger - IMMOBILIEN Business","description":"En ao\u00fbt, les premiers travaux de construction commenceront sur le projet Holliger \u00e0 Berne. Environ 250 appartements doivent y \u00eatre construits d'ici 2023.","robots":{"index":"index","follow":"follow","max-snippet":"max-snippet:-1","max-image-preview":"max-image-preview:large","max-video-preview":"max-video-preview:-1"},"canonical":"https:\/\/www.immobilienbusiness.ch\/fr\/regionen\/2019-07-31\/bern-start-fuer-ueberbauung-holliger\/","og_locale":"fr_FR","og_type":"article","og_title":"Bern: Start f\u00fcr \u00dcberbauung Holliger - IMMOBILIEN Business","og_description":"Im August beginnen die ersten Bauarbeiten an der geplanten \u00dcberbauung Holliger in Bern. Bis 2023 sollen dort rund 250 Wohnungen entstehen.","og_url":"https:\/\/www.immobilienbusiness.ch\/fr\/regionen\/2019-07-31\/bern-start-fuer-ueberbauung-holliger\/","og_site_name":"IMMOBILIEN Business","article_publisher":"https:\/\/www.facebook.com\/immobilienbusiness\/","article_published_time":"2019-07-31T06:00:07+00:00","og_image":[{"width":1500,"height":1000,"url":"https:\/\/www.immobilienbusiness.ch\/wp-content\/uploads\/2019\/07\/IMMOBILIEN-BUSINESS-News-20190731-Start-fuer-neue-Wohnsiedlung-in-Bern-c-Dachgenossenschaft-Holliger.png","type":"image\/png"}],"author":"mathias.rinka","twitter_card":"summary_large_image","schema":{"@context":"https:\/\/schema.org","@graph":[{"@type":"Article","@id":"https:\/\/www.immobilienbusiness.ch\/de\/regionen\/2019-07-31\/bern-start-fuer-ueberbauung-holliger\/#article","isPartOf":{"@id":"https:\/\/www.immobilienbusiness.ch\/de\/regionen\/2019-07-31\/bern-start-fuer-ueberbauung-holliger\/"},"author":{"name":"mathias.rinka","@id":"https:\/\/www.immobilienbusiness.ch\/#\/schema\/person\/31be7383261ea656cfe52cad71fdc211"},"headline":"Bern: Start f\u00fcr \u00dcberbauung Holliger","datePublished":"2019-07-31T06:00:07+00:00","mainEntityOfPage":{"@id":"https:\/\/www.immobilienbusiness.ch\/de\/regionen\/2019-07-31\/bern-start-fuer-ueberbauung-holliger\/"},"wordCount":182,"publisher":{"@id":"https:\/\/www.immobilienbusiness.ch\/#organization"},"image":{"@id":"https:\/\/www.immobilienbusiness.ch\/de\/regionen\/2019-07-31\/bern-start-fuer-ueberbauung-holliger\/#primaryimage"},"thumbnailUrl":"https:\/\/www.immobilienbusiness.ch\/wp-content\/uploads\/2019\/07\/IMMOBILIEN-BUSINESS-News-20190731-Start-fuer-neue-Wohnsiedlung-in-Bern-c-Dachgenossenschaft-Holliger.png","keywords":["Baugenossenschaft","Bern","Hochhaus","Mietwohnungen","Projekt in Bau","Umbau"],"articleSection":["REGIONEN"],"inLanguage":"fr-FR"},{"@type":"WebPage","@id":"https:\/\/www.immobilienbusiness.ch\/de\/regionen\/2019-07-31\/bern-start-fuer-ueberbauung-holliger\/","url":"https:\/\/www.immobilienbusiness.ch\/de\/regionen\/2019-07-31\/bern-start-fuer-ueberbauung-holliger\/","name":"Bern: Start f\u00fcr \u00dcberbauung Holliger - IMMOBILIEN Business","isPartOf":{"@id":"https:\/\/www.immobilienbusiness.ch\/#website"},"primaryImageOfPage":{"@id":"https:\/\/www.immobilienbusiness.ch\/de\/regionen\/2019-07-31\/bern-start-fuer-ueberbauung-holliger\/#primaryimage"},"image":{"@id":"https:\/\/www.immobilienbusiness.ch\/de\/regionen\/2019-07-31\/bern-start-fuer-ueberbauung-holliger\/#primaryimage"},"thumbnailUrl":"https:\/\/www.immobilienbusiness.ch\/wp-content\/uploads\/2019\/07\/IMMOBILIEN-BUSINESS-News-20190731-Start-fuer-neue-Wohnsiedlung-in-Bern-c-Dachgenossenschaft-Holliger.png","datePublished":"2019-07-31T06:00:07+00:00","description":"En ao\u00fbt, les premiers travaux de construction commenceront sur le projet Holliger \u00e0 Berne. Environ 250 appartements doivent y \u00eatre construits d'ici 2023.","breadcrumb":{"@id":"https:\/\/www.immobilienbusiness.ch\/de\/regionen\/2019-07-31\/bern-start-fuer-ueberbauung-holliger\/#breadcrumb"},"inLanguage":"fr-FR","potentialAction":[{"@type":"ReadAction","target":["https:\/\/www.immobilienbusiness.ch\/de\/regionen\/2019-07-31\/bern-start-fuer-ueberbauung-holliger\/"]}]},{"@type":"ImageObject","inLanguage":"fr-FR","@id":"https:\/\/www.immobilienbusiness.ch\/de\/regionen\/2019-07-31\/bern-start-fuer-ueberbauung-holliger\/#primaryimage","url":"https:\/\/www.immobilienbusiness.ch\/wp-content\/uploads\/2019\/07\/IMMOBILIEN-BUSINESS-News-20190731-Start-fuer-neue-Wohnsiedlung-in-Bern-c-Dachgenossenschaft-Holliger.png","contentUrl":"https:\/\/www.immobilienbusiness.ch\/wp-content\/uploads\/2019\/07\/IMMOBILIEN-BUSINESS-News-20190731-Start-fuer-neue-Wohnsiedlung-in-Bern-c-Dachgenossenschaft-Holliger.png","width":1500,"height":1000,"caption":"Sechs Baufelder umfasst die neue \u00dcberbauung Holliger in Bern (Bild: Dachgenossenschaft Holliger)"},{"@type":"BreadcrumbList","@id":"https:\/\/www.immobilienbusiness.ch\/de\/regionen\/2019-07-31\/bern-start-fuer-ueberbauung-holliger\/#breadcrumb","itemListElement":[{"@type":"ListItem","position":1,"name":"Home","item":"https:\/\/www.immobilienbusiness.ch\/"},{"@type":"ListItem","position":2,"name":"Bern: Start f\u00fcr \u00dcberbauung Holliger"}]},{"@type":"WebSite","@id":"https:\/\/www.immobilienbusiness.ch\/#website","url":"https:\/\/www.immobilienbusiness.ch\/","name":"IMMOBILIER Business","description":"Magazine \u00e9conomique suisse ind\u00e9pendant ax\u00e9 sur l'immobilier, l'architecture et la construction ainsi que sur les investissements et le financement.","publisher":{"@id":"https:\/\/www.immobilienbusiness.ch\/#organization"},"potentialAction":[{"@type":"SearchAction","target":{"@type":"EntryPoint","urlTemplate":"https:\/\/www.immobilienbusiness.ch\/?s={search_term_string}"},"query-input":{"@type":"PropertyValueSpecification","valueRequired":true,"valueName":"search_term_string"}}],"inLanguage":"fr-FR"},{"@type":"Organization","@id":"https:\/\/www.immobilienbusiness.ch\/#organization","name":"IMMOBILIER Business","url":"https:\/\/www.immobilienbusiness.ch\/","logo":{"@type":"ImageObject","inLanguage":"fr-FR","@id":"https:\/\/www.immobilienbusiness.ch\/#\/schema\/logo\/image\/","url":"https:\/\/www.immobilienbusiness.ch\/wp-content\/uploads\/2021\/07\/logo_ib.png","contentUrl":"https:\/\/www.immobilienbusiness.ch\/wp-content\/uploads\/2021\/07\/logo_ib.png","width":800,"height":181,"caption":"IMMOBILIEN Business"},"image":{"@id":"https:\/\/www.immobilienbusiness.ch\/#\/schema\/logo\/image\/"},"sameAs":["https:\/\/www.facebook.com\/immobilienbusiness\/"]},{"@type":"Person","@id":"https:\/\/www.immobilienbusiness.ch\/#\/schema\/person\/31be7383261ea656cfe52cad71fdc211","name":"mathias.rinka","image":{"@type":"ImageObject","inLanguage":"fr-FR","@id":"https:\/\/secure.gravatar.com\/avatar\/?s=96&d=mm&r=g","url":"https:\/\/secure.gravatar.com\/avatar\/?s=96&d=mm&r=g","contentUrl":"https:\/\/secure.gravatar.com\/avatar\/?s=96&d=mm&r=g","caption":"mathias.rinka"},"url":"https:\/\/www.immobilienbusiness.ch\/fr\/author\/mathias-rinka\/"}]}},"_links":{"self":[{"href":"https:\/\/www.immobilienbusiness.ch\/fr\/wp-json\/wp\/v2\/posts\/17871","targetHints":{"allow":["GET"]}}],"collection":[{"href":"https:\/\/www.immobilienbusiness.ch\/fr\/wp-json\/wp\/v2\/posts"}],"about":[{"href":"https:\/\/www.immobilienbusiness.ch\/fr\/wp-json\/wp\/v2\/types\/post"}],"author":[{"embeddable":true,"href":"https:\/\/www.immobilienbusiness.ch\/fr\/wp-json\/wp\/v2\/users\/4"}],"replies":[{"embeddable":true,"href":"https:\/\/www.immobilienbusiness.ch\/fr\/wp-json\/wp\/v2\/comments?post=17871"}],"version-history":[{"count":0,"href":"https:\/\/www.immobilienbusiness.ch\/fr\/wp-json\/wp\/v2\/posts\/17871\/revisions"}],"wp:featuredmedia":[{"embeddable":true,"href":"https:\/\/www.immobilienbusiness.ch\/fr\/wp-json\/wp\/v2\/media\/17872"}],"wp:attachment":[{"href":"https:\/\/www.immobilienbusiness.ch\/fr\/wp-json\/wp\/v2\/media?parent=17871"}],"wp:term":[{"taxonomy":"category","embeddable":true,"href":"https:\/\/www.immobilienbusiness.ch\/fr\/wp-json\/wp\/v2\/categories?post=17871"},{"taxonomy":"post_tag","embeddable":true,"href":"https:\/\/www.immobilienbusiness.ch\/fr\/wp-json\/wp\/v2\/tags?post=17871"}],"curies":[{"name":"wp","href":"https:\/\/api.w.org\/{rel}","templated":true}]}}