{"id":17828,"date":"2019-07-26T09:54:00","date_gmt":"2019-07-26T07:54:00","guid":{"rendered":"https:\/\/www.immobilienbusiness.ch\/?p=17828"},"modified":"2019-07-26T09:54:00","modified_gmt":"2019-07-26T07:54:00","slug":"bern-swisscom-tower-wird-zum-wohnturm","status":"publish","type":"post","link":"https:\/\/www.immobilienbusiness.ch\/fr\/regionen\/2019-07-26\/bern-swisscom-tower-wird-zum-wohnturm\/","title":{"rendered":"Berne : la Swisscom Tower devient une tour r\u00e9sidentielle"},"content":{"rendered":"<figure id=\"attachment_17829\" aria-describedby=\"caption-attachment-17829\" style=\"width: 750px\" class=\"wp-caption alignnone\"><img loading=\"lazy\" decoding=\"async\" class=\"size-full wp-image-17829\" src=\"https:\/\/www.immobilienbusiness.ch\/wp-content\/uploads\/2019\/07\/IMMOBILIEN-BUSINESS-News-20190726-Tempor\u00e4re-Umnutzung-Wohnen-im-Swisscom-Tower-Bern-Bild-c-Reinvest-Capital.jpg\" alt=\"\" width=\"750\" height=\"500\" \/><figcaption id=\"caption-attachment-17829\" class=\"wp-caption-text\">Environ 90 logements sont pr\u00e9vus dans l'ancienne tour Swisscom \u00e0 Berne (photo : Reinvest Capital)<\/figcaption><\/figure>\n<p>La tour Swisscom situ\u00e9e \u00e0 la Ostermundigenstrasse 93 \u00e0 Berne sera transform\u00e9e en immeuble d'habitation. Comme l'a rapport\u00e9 \"Der Bund\", la tour situ\u00e9e sur le Galgenfeld appartient d\u00e9sormais \u00e0 la soci\u00e9t\u00e9 Reiber GmbH \u00e0 Gen\u00e8ve, qui appartient \u00e0 son tour \u00e0 diff\u00e9rentes soci\u00e9t\u00e9s luxembourgeoises. La soci\u00e9t\u00e9 immobili\u00e8re priv\u00e9e genevoise serait responsable de la gestion de l'entreprise et donc de la transformation de la tour Swisscom. <a href=\"http:\/\/www.reinvestcap.com\/\">Reinvest Capital<\/a> autour des promoteurs immobiliers genevois Dan Meyer et Tamer Amr.<\/p>\n<p>Reinvest Capital veut transformer le b\u00e2timent de 75 m\u00e8tres de haut en 90 appartements de location ; 500 m\u00e8tres carr\u00e9s d'anciens bureaux sont disponibles \u00e0 cet effet par \u00e9tage. Selon les m\u00e9dias, la demande de permis de construire a \u00e9t\u00e9 d\u00e9pos\u00e9e r\u00e9cemment. Les locataires potentiels peuvent consulter le <a href=\"https:\/\/zwischennutzung.hochhaus.be\/\">Page web Hochhaus.be<\/a> Choisir des propositions concernant la taille des appartements. Selon Reinvest Capital, 400 personnes ont profit\u00e9 de l'option de \"participer \u00e0 la conception des appartements\" en l'espace de six semaines.  Il s'est av\u00e9r\u00e9 que les appartements de 2,5 pi\u00e8ces et de 5,5 pi\u00e8ces \u00e9taient les plus appr\u00e9ci\u00e9s.<\/p>\n<p>Depuis fin 2017, la tour de bureaux est disponible pour des utilisations interm\u00e9diaires, dont l'\u00e9ch\u00e9ance est fix\u00e9e \u00e0 mi-juin 2020. Apr\u00e8s la transformation en tour d'habitation, le toit-terrasse du 17e \u00e9tage accueillera un bistrot pour les habitants et un centre de fitness avec une petite piscine. En outre, il y aura un concierge dans le hall d'entr\u00e9e, une garderie et un atelier de r\u00e9paration de v\u00e9los au sous-sol. La transformation devrait durer deux ans ; selon \"Der Bund\", le volume d'investissement devrait atteindre un \"montant \u00e0 deux chiffres en millions\". (bw\/mr)<\/p>","protected":false},"excerpt":{"rendered":"<p>L'ancienne tour Swisscom \u00e0 Berne, quartier g\u00e9n\u00e9ral de la recherche et du d\u00e9veloppement du groupe de t\u00e9l\u00e9communications de 1994 \u00e0 2014, doit accueillir 90 logements.<\/p>","protected":false},"author":4,"featured_media":17829,"comment_status":"closed","ping_status":"open","sticky":false,"template":"","format":"standard","meta":{"_acf_changed":false,"_yoast_wpseo_focuskw":"Swisscom-Tower","_yoast_wpseo_title":"","_yoast_wpseo_metadesc":"Im ehemaligen Swisscom-Tower in Bern an der Ostermundigenstrasse 93 sollen 90 Wohnungen entstehen, so die Pl\u00e4ne der Genfer Firma Reinvest Capital.","_yoast_wpseo_linkdex":84,"pgc_sgb_lightbox_settings":"","footnotes":""},"categories":[985],"tags":[1091,1119,1600,1633,1766,1800,1862],"class_list":["post-17828","post","type-post","status-publish","format-standard","has-post-thumbnail","hentry","category-regionen","tag-bern","tag-bueroimmobilien","tag-projekt-in-planung","tag-reinvest-capital","tag-swisscom","tag-umnutzung","tag-wohnen"],"acf":[],"yoast_head":"<!-- This site is optimized with the Yoast SEO plugin v27.4 - https:\/\/yoast.com\/product\/yoast-seo-wordpress\/ -->\n<title>Bern: Swisscom-Tower wird zum Wohnturm - IMMOBILIEN Business<\/title>\n<meta name=\"description\" content=\"Im ehemaligen Swisscom-Tower in Bern an der Ostermundigenstrasse 93 sollen 90 Wohnungen entstehen, so die Pl\u00e4ne der Genfer Firma Reinvest Capital.\" \/>\n<meta name=\"robots\" content=\"index, follow, max-snippet:-1, max-image-preview:large, max-video-preview:-1\" \/>\n<link rel=\"canonical\" href=\"https:\/\/www.immobilienbusiness.ch\/fr\/regionen\/2019-07-26\/bern-swisscom-tower-wird-zum-wohnturm\/\" \/>\n<meta property=\"og:locale\" content=\"fr_FR\" \/>\n<meta property=\"og:type\" content=\"article\" \/>\n<meta property=\"og:title\" content=\"Bern: Swisscom-Tower wird zum Wohnturm - IMMOBILIEN Business\" \/>\n<meta property=\"og:description\" content=\"Im ehemaligen Swisscom-Tower in Bern an der Ostermundigenstrasse 93 sollen 90 Wohnungen entstehen, so die Pl\u00e4ne der Genfer Firma Reinvest Capital.\" \/>\n<meta property=\"og:url\" content=\"https:\/\/www.immobilienbusiness.ch\/fr\/regionen\/2019-07-26\/bern-swisscom-tower-wird-zum-wohnturm\/\" \/>\n<meta property=\"og:site_name\" content=\"IMMOBILIEN Business\" \/>\n<meta property=\"article:publisher\" content=\"https:\/\/www.facebook.com\/immobilienbusiness\/\" \/>\n<meta property=\"article:published_time\" content=\"2019-07-26T07:54:00+00:00\" \/>\n<meta property=\"og:image\" content=\"https:\/\/www.immobilienbusiness.ch\/wp-content\/uploads\/2019\/07\/IMMOBILIEN-BUSINESS-News-20190726-Temporaere-Umnutzung-Wohnen-im-Swisscom-Tower-Bern-Bild-c-Reinvest-Capital.jpg\" \/>\n\t<meta property=\"og:image:width\" content=\"750\" \/>\n\t<meta property=\"og:image:height\" content=\"500\" \/>\n\t<meta property=\"og:image:type\" content=\"image\/jpeg\" \/>\n<meta name=\"author\" content=\"mathias.rinka\" \/>\n<meta name=\"twitter:card\" content=\"summary_large_image\" \/>\n<script type=\"application\/ld+json\" class=\"yoast-schema-graph\">{\"@context\":\"https:\\\/\\\/schema.org\",\"@graph\":[{\"@type\":\"Article\",\"@id\":\"https:\\\/\\\/www.immobilienbusiness.ch\\\/de\\\/regionen\\\/2019-07-26\\\/bern-swisscom-tower-wird-zum-wohnturm\\\/#article\",\"isPartOf\":{\"@id\":\"https:\\\/\\\/www.immobilienbusiness.ch\\\/de\\\/regionen\\\/2019-07-26\\\/bern-swisscom-tower-wird-zum-wohnturm\\\/\"},\"author\":{\"name\":\"mathias.rinka\",\"@id\":\"https:\\\/\\\/www.immobilienbusiness.ch\\\/#\\\/schema\\\/person\\\/31be7383261ea656cfe52cad71fdc211\"},\"headline\":\"Bern: Swisscom-Tower wird zum Wohnturm\",\"datePublished\":\"2019-07-26T07:54:00+00:00\",\"mainEntityOfPage\":{\"@id\":\"https:\\\/\\\/www.immobilienbusiness.ch\\\/de\\\/regionen\\\/2019-07-26\\\/bern-swisscom-tower-wird-zum-wohnturm\\\/\"},\"wordCount\":246,\"publisher\":{\"@id\":\"https:\\\/\\\/www.immobilienbusiness.ch\\\/#organization\"},\"image\":{\"@id\":\"https:\\\/\\\/www.immobilienbusiness.ch\\\/de\\\/regionen\\\/2019-07-26\\\/bern-swisscom-tower-wird-zum-wohnturm\\\/#primaryimage\"},\"thumbnailUrl\":\"https:\\\/\\\/www.immobilienbusiness.ch\\\/wp-content\\\/uploads\\\/2019\\\/07\\\/IMMOBILIEN-BUSINESS-News-20190726-Temporaere-Umnutzung-Wohnen-im-Swisscom-Tower-Bern-Bild-c-Reinvest-Capital.jpg\",\"keywords\":[\"Bern\",\"B\u00fcroimmobilien\",\"Projekt in Planung\",\"Reinvest Capital\",\"Swisscom\",\"Umnutzung\",\"Wohnen\"],\"articleSection\":[\"REGIONEN\"],\"inLanguage\":\"fr-FR\"},{\"@type\":\"WebPage\",\"@id\":\"https:\\\/\\\/www.immobilienbusiness.ch\\\/de\\\/regionen\\\/2019-07-26\\\/bern-swisscom-tower-wird-zum-wohnturm\\\/\",\"url\":\"https:\\\/\\\/www.immobilienbusiness.ch\\\/de\\\/regionen\\\/2019-07-26\\\/bern-swisscom-tower-wird-zum-wohnturm\\\/\",\"name\":\"Bern: Swisscom-Tower wird zum Wohnturm - IMMOBILIEN Business\",\"isPartOf\":{\"@id\":\"https:\\\/\\\/www.immobilienbusiness.ch\\\/#website\"},\"primaryImageOfPage\":{\"@id\":\"https:\\\/\\\/www.immobilienbusiness.ch\\\/de\\\/regionen\\\/2019-07-26\\\/bern-swisscom-tower-wird-zum-wohnturm\\\/#primaryimage\"},\"image\":{\"@id\":\"https:\\\/\\\/www.immobilienbusiness.ch\\\/de\\\/regionen\\\/2019-07-26\\\/bern-swisscom-tower-wird-zum-wohnturm\\\/#primaryimage\"},\"thumbnailUrl\":\"https:\\\/\\\/www.immobilienbusiness.ch\\\/wp-content\\\/uploads\\\/2019\\\/07\\\/IMMOBILIEN-BUSINESS-News-20190726-Temporaere-Umnutzung-Wohnen-im-Swisscom-Tower-Bern-Bild-c-Reinvest-Capital.jpg\",\"datePublished\":\"2019-07-26T07:54:00+00:00\",\"description\":\"Im ehemaligen Swisscom-Tower in Bern an der Ostermundigenstrasse 93 sollen 90 Wohnungen entstehen, so die Pl\u00e4ne der Genfer Firma Reinvest Capital.\",\"breadcrumb\":{\"@id\":\"https:\\\/\\\/www.immobilienbusiness.ch\\\/de\\\/regionen\\\/2019-07-26\\\/bern-swisscom-tower-wird-zum-wohnturm\\\/#breadcrumb\"},\"inLanguage\":\"fr-FR\",\"potentialAction\":[{\"@type\":\"ReadAction\",\"target\":[\"https:\\\/\\\/www.immobilienbusiness.ch\\\/de\\\/regionen\\\/2019-07-26\\\/bern-swisscom-tower-wird-zum-wohnturm\\\/\"]}]},{\"@type\":\"ImageObject\",\"inLanguage\":\"fr-FR\",\"@id\":\"https:\\\/\\\/www.immobilienbusiness.ch\\\/de\\\/regionen\\\/2019-07-26\\\/bern-swisscom-tower-wird-zum-wohnturm\\\/#primaryimage\",\"url\":\"https:\\\/\\\/www.immobilienbusiness.ch\\\/wp-content\\\/uploads\\\/2019\\\/07\\\/IMMOBILIEN-BUSINESS-News-20190726-Temporaere-Umnutzung-Wohnen-im-Swisscom-Tower-Bern-Bild-c-Reinvest-Capital.jpg\",\"contentUrl\":\"https:\\\/\\\/www.immobilienbusiness.ch\\\/wp-content\\\/uploads\\\/2019\\\/07\\\/IMMOBILIEN-BUSINESS-News-20190726-Temporaere-Umnutzung-Wohnen-im-Swisscom-Tower-Bern-Bild-c-Reinvest-Capital.jpg\",\"width\":750,\"height\":500,\"caption\":\"Rund 90 Wohnungen sind im ehemaligen Swisscom Tower in Bern geplant (Bild: Reinvest Capital)\"},{\"@type\":\"BreadcrumbList\",\"@id\":\"https:\\\/\\\/www.immobilienbusiness.ch\\\/de\\\/regionen\\\/2019-07-26\\\/bern-swisscom-tower-wird-zum-wohnturm\\\/#breadcrumb\",\"itemListElement\":[{\"@type\":\"ListItem\",\"position\":1,\"name\":\"Home\",\"item\":\"https:\\\/\\\/www.immobilienbusiness.ch\\\/\"},{\"@type\":\"ListItem\",\"position\":2,\"name\":\"Bern: Swisscom-Tower wird zum Wohnturm\"}]},{\"@type\":\"WebSite\",\"@id\":\"https:\\\/\\\/www.immobilienbusiness.ch\\\/#website\",\"url\":\"https:\\\/\\\/www.immobilienbusiness.ch\\\/\",\"name\":\"IMMOBILIEN Business\",\"description\":\"Unabh\u00e4ngiges Schweizer Wirtschaftsmagazin mit Fokus auf Immobilien, Architektur- und Bau sowie Investment- und Finanzierung.\",\"publisher\":{\"@id\":\"https:\\\/\\\/www.immobilienbusiness.ch\\\/#organization\"},\"potentialAction\":[{\"@type\":\"SearchAction\",\"target\":{\"@type\":\"EntryPoint\",\"urlTemplate\":\"https:\\\/\\\/www.immobilienbusiness.ch\\\/?s={search_term_string}\"},\"query-input\":{\"@type\":\"PropertyValueSpecification\",\"valueRequired\":true,\"valueName\":\"search_term_string\"}}],\"inLanguage\":\"fr-FR\"},{\"@type\":\"Organization\",\"@id\":\"https:\\\/\\\/www.immobilienbusiness.ch\\\/#organization\",\"name\":\"IMMOBILIEN Business\",\"url\":\"https:\\\/\\\/www.immobilienbusiness.ch\\\/\",\"logo\":{\"@type\":\"ImageObject\",\"inLanguage\":\"fr-FR\",\"@id\":\"https:\\\/\\\/www.immobilienbusiness.ch\\\/#\\\/schema\\\/logo\\\/image\\\/\",\"url\":\"https:\\\/\\\/www.immobilienbusiness.ch\\\/wp-content\\\/uploads\\\/2021\\\/07\\\/logo_ib.png\",\"contentUrl\":\"https:\\\/\\\/www.immobilienbusiness.ch\\\/wp-content\\\/uploads\\\/2021\\\/07\\\/logo_ib.png\",\"width\":800,\"height\":181,\"caption\":\"IMMOBILIEN Business\"},\"image\":{\"@id\":\"https:\\\/\\\/www.immobilienbusiness.ch\\\/#\\\/schema\\\/logo\\\/image\\\/\"},\"sameAs\":[\"https:\\\/\\\/www.facebook.com\\\/immobilienbusiness\\\/\"]},{\"@type\":\"Person\",\"@id\":\"https:\\\/\\\/www.immobilienbusiness.ch\\\/#\\\/schema\\\/person\\\/31be7383261ea656cfe52cad71fdc211\",\"name\":\"mathias.rinka\",\"image\":{\"@type\":\"ImageObject\",\"inLanguage\":\"fr-FR\",\"@id\":\"https:\\\/\\\/secure.gravatar.com\\\/avatar\\\/?s=96&d=mm&r=g\",\"url\":\"https:\\\/\\\/secure.gravatar.com\\\/avatar\\\/?s=96&d=mm&r=g\",\"contentUrl\":\"https:\\\/\\\/secure.gravatar.com\\\/avatar\\\/?s=96&d=mm&r=g\",\"caption\":\"mathias.rinka\"},\"url\":\"https:\\\/\\\/www.immobilienbusiness.ch\\\/fr\\\/author\\\/mathias-rinka\\\/\"}]}<\/script>\n<!-- \/ Yoast SEO plugin. -->","yoast_head_json":{"title":"Bern: Swisscom-Tower wird zum Wohnturm - IMMOBILIEN Business","description":"Im ehemaligen Swisscom-Tower in Bern an der Ostermundigenstrasse 93 sollen 90 Wohnungen entstehen, so die Pl\u00e4ne der Genfer Firma Reinvest Capital.","robots":{"index":"index","follow":"follow","max-snippet":"max-snippet:-1","max-image-preview":"max-image-preview:large","max-video-preview":"max-video-preview:-1"},"canonical":"https:\/\/www.immobilienbusiness.ch\/fr\/regionen\/2019-07-26\/bern-swisscom-tower-wird-zum-wohnturm\/","og_locale":"fr_FR","og_type":"article","og_title":"Bern: Swisscom-Tower wird zum Wohnturm - IMMOBILIEN Business","og_description":"Im ehemaligen Swisscom-Tower in Bern an der Ostermundigenstrasse 93 sollen 90 Wohnungen entstehen, so die Pl\u00e4ne der Genfer Firma Reinvest Capital.","og_url":"https:\/\/www.immobilienbusiness.ch\/fr\/regionen\/2019-07-26\/bern-swisscom-tower-wird-zum-wohnturm\/","og_site_name":"IMMOBILIEN Business","article_publisher":"https:\/\/www.facebook.com\/immobilienbusiness\/","article_published_time":"2019-07-26T07:54:00+00:00","og_image":[{"width":750,"height":500,"url":"https:\/\/www.immobilienbusiness.ch\/wp-content\/uploads\/2019\/07\/IMMOBILIEN-BUSINESS-News-20190726-Temporaere-Umnutzung-Wohnen-im-Swisscom-Tower-Bern-Bild-c-Reinvest-Capital.jpg","type":"image\/jpeg"}],"author":"mathias.rinka","twitter_card":"summary_large_image","schema":{"@context":"https:\/\/schema.org","@graph":[{"@type":"Article","@id":"https:\/\/www.immobilienbusiness.ch\/de\/regionen\/2019-07-26\/bern-swisscom-tower-wird-zum-wohnturm\/#article","isPartOf":{"@id":"https:\/\/www.immobilienbusiness.ch\/de\/regionen\/2019-07-26\/bern-swisscom-tower-wird-zum-wohnturm\/"},"author":{"name":"mathias.rinka","@id":"https:\/\/www.immobilienbusiness.ch\/#\/schema\/person\/31be7383261ea656cfe52cad71fdc211"},"headline":"Bern: Swisscom-Tower wird zum Wohnturm","datePublished":"2019-07-26T07:54:00+00:00","mainEntityOfPage":{"@id":"https:\/\/www.immobilienbusiness.ch\/de\/regionen\/2019-07-26\/bern-swisscom-tower-wird-zum-wohnturm\/"},"wordCount":246,"publisher":{"@id":"https:\/\/www.immobilienbusiness.ch\/#organization"},"image":{"@id":"https:\/\/www.immobilienbusiness.ch\/de\/regionen\/2019-07-26\/bern-swisscom-tower-wird-zum-wohnturm\/#primaryimage"},"thumbnailUrl":"https:\/\/www.immobilienbusiness.ch\/wp-content\/uploads\/2019\/07\/IMMOBILIEN-BUSINESS-News-20190726-Temporaere-Umnutzung-Wohnen-im-Swisscom-Tower-Bern-Bild-c-Reinvest-Capital.jpg","keywords":["Bern","B\u00fcroimmobilien","Projekt in Planung","Reinvest Capital","Swisscom","Umnutzung","Wohnen"],"articleSection":["REGIONEN"],"inLanguage":"fr-FR"},{"@type":"WebPage","@id":"https:\/\/www.immobilienbusiness.ch\/de\/regionen\/2019-07-26\/bern-swisscom-tower-wird-zum-wohnturm\/","url":"https:\/\/www.immobilienbusiness.ch\/de\/regionen\/2019-07-26\/bern-swisscom-tower-wird-zum-wohnturm\/","name":"Bern: Swisscom-Tower wird zum Wohnturm - IMMOBILIEN Business","isPartOf":{"@id":"https:\/\/www.immobilienbusiness.ch\/#website"},"primaryImageOfPage":{"@id":"https:\/\/www.immobilienbusiness.ch\/de\/regionen\/2019-07-26\/bern-swisscom-tower-wird-zum-wohnturm\/#primaryimage"},"image":{"@id":"https:\/\/www.immobilienbusiness.ch\/de\/regionen\/2019-07-26\/bern-swisscom-tower-wird-zum-wohnturm\/#primaryimage"},"thumbnailUrl":"https:\/\/www.immobilienbusiness.ch\/wp-content\/uploads\/2019\/07\/IMMOBILIEN-BUSINESS-News-20190726-Temporaere-Umnutzung-Wohnen-im-Swisscom-Tower-Bern-Bild-c-Reinvest-Capital.jpg","datePublished":"2019-07-26T07:54:00+00:00","description":"Im ehemaligen Swisscom-Tower in Bern an der Ostermundigenstrasse 93 sollen 90 Wohnungen entstehen, so die Pl\u00e4ne der Genfer Firma Reinvest Capital.","breadcrumb":{"@id":"https:\/\/www.immobilienbusiness.ch\/de\/regionen\/2019-07-26\/bern-swisscom-tower-wird-zum-wohnturm\/#breadcrumb"},"inLanguage":"fr-FR","potentialAction":[{"@type":"ReadAction","target":["https:\/\/www.immobilienbusiness.ch\/de\/regionen\/2019-07-26\/bern-swisscom-tower-wird-zum-wohnturm\/"]}]},{"@type":"ImageObject","inLanguage":"fr-FR","@id":"https:\/\/www.immobilienbusiness.ch\/de\/regionen\/2019-07-26\/bern-swisscom-tower-wird-zum-wohnturm\/#primaryimage","url":"https:\/\/www.immobilienbusiness.ch\/wp-content\/uploads\/2019\/07\/IMMOBILIEN-BUSINESS-News-20190726-Temporaere-Umnutzung-Wohnen-im-Swisscom-Tower-Bern-Bild-c-Reinvest-Capital.jpg","contentUrl":"https:\/\/www.immobilienbusiness.ch\/wp-content\/uploads\/2019\/07\/IMMOBILIEN-BUSINESS-News-20190726-Temporaere-Umnutzung-Wohnen-im-Swisscom-Tower-Bern-Bild-c-Reinvest-Capital.jpg","width":750,"height":500,"caption":"Rund 90 Wohnungen sind im ehemaligen Swisscom Tower in Bern geplant (Bild: Reinvest Capital)"},{"@type":"BreadcrumbList","@id":"https:\/\/www.immobilienbusiness.ch\/de\/regionen\/2019-07-26\/bern-swisscom-tower-wird-zum-wohnturm\/#breadcrumb","itemListElement":[{"@type":"ListItem","position":1,"name":"Home","item":"https:\/\/www.immobilienbusiness.ch\/"},{"@type":"ListItem","position":2,"name":"Bern: Swisscom-Tower wird zum Wohnturm"}]},{"@type":"WebSite","@id":"https:\/\/www.immobilienbusiness.ch\/#website","url":"https:\/\/www.immobilienbusiness.ch\/","name":"IMMOBILIER Business","description":"Magazine \u00e9conomique suisse ind\u00e9pendant ax\u00e9 sur l'immobilier, l'architecture et la construction ainsi que sur les investissements et le financement.","publisher":{"@id":"https:\/\/www.immobilienbusiness.ch\/#organization"},"potentialAction":[{"@type":"SearchAction","target":{"@type":"EntryPoint","urlTemplate":"https:\/\/www.immobilienbusiness.ch\/?s={search_term_string}"},"query-input":{"@type":"PropertyValueSpecification","valueRequired":true,"valueName":"search_term_string"}}],"inLanguage":"fr-FR"},{"@type":"Organization","@id":"https:\/\/www.immobilienbusiness.ch\/#organization","name":"IMMOBILIER Business","url":"https:\/\/www.immobilienbusiness.ch\/","logo":{"@type":"ImageObject","inLanguage":"fr-FR","@id":"https:\/\/www.immobilienbusiness.ch\/#\/schema\/logo\/image\/","url":"https:\/\/www.immobilienbusiness.ch\/wp-content\/uploads\/2021\/07\/logo_ib.png","contentUrl":"https:\/\/www.immobilienbusiness.ch\/wp-content\/uploads\/2021\/07\/logo_ib.png","width":800,"height":181,"caption":"IMMOBILIEN Business"},"image":{"@id":"https:\/\/www.immobilienbusiness.ch\/#\/schema\/logo\/image\/"},"sameAs":["https:\/\/www.facebook.com\/immobilienbusiness\/"]},{"@type":"Person","@id":"https:\/\/www.immobilienbusiness.ch\/#\/schema\/person\/31be7383261ea656cfe52cad71fdc211","name":"mathias.rinka","image":{"@type":"ImageObject","inLanguage":"fr-FR","@id":"https:\/\/secure.gravatar.com\/avatar\/?s=96&d=mm&r=g","url":"https:\/\/secure.gravatar.com\/avatar\/?s=96&d=mm&r=g","contentUrl":"https:\/\/secure.gravatar.com\/avatar\/?s=96&d=mm&r=g","caption":"mathias.rinka"},"url":"https:\/\/www.immobilienbusiness.ch\/fr\/author\/mathias-rinka\/"}]}},"_links":{"self":[{"href":"https:\/\/www.immobilienbusiness.ch\/fr\/wp-json\/wp\/v2\/posts\/17828","targetHints":{"allow":["GET"]}}],"collection":[{"href":"https:\/\/www.immobilienbusiness.ch\/fr\/wp-json\/wp\/v2\/posts"}],"about":[{"href":"https:\/\/www.immobilienbusiness.ch\/fr\/wp-json\/wp\/v2\/types\/post"}],"author":[{"embeddable":true,"href":"https:\/\/www.immobilienbusiness.ch\/fr\/wp-json\/wp\/v2\/users\/4"}],"replies":[{"embeddable":true,"href":"https:\/\/www.immobilienbusiness.ch\/fr\/wp-json\/wp\/v2\/comments?post=17828"}],"version-history":[{"count":0,"href":"https:\/\/www.immobilienbusiness.ch\/fr\/wp-json\/wp\/v2\/posts\/17828\/revisions"}],"wp:featuredmedia":[{"embeddable":true,"href":"https:\/\/www.immobilienbusiness.ch\/fr\/wp-json\/wp\/v2\/media\/17829"}],"wp:attachment":[{"href":"https:\/\/www.immobilienbusiness.ch\/fr\/wp-json\/wp\/v2\/media?parent=17828"}],"wp:term":[{"taxonomy":"category","embeddable":true,"href":"https:\/\/www.immobilienbusiness.ch\/fr\/wp-json\/wp\/v2\/categories?post=17828"},{"taxonomy":"post_tag","embeddable":true,"href":"https:\/\/www.immobilienbusiness.ch\/fr\/wp-json\/wp\/v2\/tags?post=17828"}],"curies":[{"name":"wp","href":"https:\/\/api.w.org\/{rel}","templated":true}]}}