{"id":17506,"date":"2019-06-28T08:34:18","date_gmt":"2019-06-28T06:34:18","guid":{"rendered":"https:\/\/www.immobilienbusiness.ch\/?p=17506"},"modified":"2019-06-28T08:34:18","modified_gmt":"2019-06-28T06:34:18","slug":"procimmo-swiss-commercial-nimmt-75-millionen-auf","status":"publish","type":"post","link":"https:\/\/www.immobilienbusiness.ch\/fr\/unternehmen\/2019-06-28\/procimmo-swiss-commercial-nimmt-75-millionen-auf\/","title":{"rendered":"Procimmo Swiss Commercial l\u00e8ve 75 millions"},"content":{"rendered":"<figure id=\"attachment_9635\" aria-describedby=\"caption-attachment-9635\" style=\"width: 680px\" class=\"wp-caption alignnone\"><img loading=\"lazy\" decoding=\"async\" class=\"size-medium wp-image-9635\" src=\"https:\/\/www.immobilienbusiness.ch\/wp-content\/uploads\/2017\/10\/IB-News-20171019-Kapitalerh\u00f6hung-Swiss-Commercial-Properties-Fund.jpg\" alt=\"\" width=\"680\" height=\"492\" \/><figcaption id=\"caption-attachment-9635\" class=\"wp-caption-text\">Procimmo Swiss Commercial a augment\u00e9 son capital (Image : Rangizzz - depositphotos)<\/figcaption><\/figure>\n<p>L'\u00e9mission a \u00e9t\u00e9 sursouscrite, indique Procimmo. Avec ce capital frais, le fonds veut avant tout r\u00e9aliser plus rapidement des projets de d\u00e9veloppement - immeubles commerciaux et industriels. Au 31 d\u00e9cembre 2018, Procimmo Swiss Commercial d\u00e9tenait 67 immeubles en portefeuille ; ils sont principalement situ\u00e9s en Suisse romande.<\/p>\n<p>Dans le cadre de l'augmentation de capital, un total de 536 521 nouvelles parts de fonds ont \u00e9t\u00e9 \u00e9mises, neuf parts existantes donnant droit \u00e0 une nouvelle part. Au 27 juin 2019, un total d'environ 5,4 millions de parts du Procimmo Swiss Commercial Fund sont en circulation aupr\u00e8s des investisseurs. <em>(ah)<\/em><\/p>\n<p>&nbsp;<\/p>","protected":false},"excerpt":{"rendered":"<p>Le fonds immobilier Procimmo Swiss Commercial Fund a re\u00e7u 75 millions de CHF lors de son augmentation de capital.<\/p>","protected":false},"author":3,"featured_media":9635,"comment_status":"closed","ping_status":"open","sticky":false,"template":"","format":"standard","meta":{"_acf_changed":false,"_yoast_wpseo_focuskw":"Procimmo Swiss Commercial","_yoast_wpseo_title":"","_yoast_wpseo_metadesc":"Dem Immobilienfonds Procimmo Swiss Commercial Fund hat bei seiner Kapitalerh\u00f6hung 75 Millionen CHF zugeflossen.","_yoast_wpseo_linkdex":41,"pgc_sgb_lightbox_settings":"","footnotes":""},"categories":[988],"tags":[1344,1412,1597],"class_list":["post-17506","post","type-post","status-publish","format-standard","has-post-thumbnail","hentry","category-unternehmen","tag-immobilienfonds","tag-kapitalerhoehung","tag-procimmo"],"acf":[],"yoast_head":"<!-- This site is optimized with the Yoast SEO plugin v27.4 - https:\/\/yoast.com\/product\/yoast-seo-wordpress\/ -->\n<title>Procimmo Swiss Commercial nimmt 75 Millionen auf - IMMOBILIEN Business<\/title>\n<meta name=\"description\" content=\"Dem Immobilienfonds Procimmo Swiss Commercial Fund hat bei seiner Kapitalerh\u00f6hung 75 Millionen CHF zugeflossen.\" \/>\n<meta name=\"robots\" content=\"index, follow, max-snippet:-1, max-image-preview:large, max-video-preview:-1\" \/>\n<link rel=\"canonical\" href=\"https:\/\/www.immobilienbusiness.ch\/fr\/unternehmen\/2019-06-28\/procimmo-swiss-commercial-nimmt-75-millionen-auf\/\" \/>\n<meta property=\"og:locale\" content=\"fr_FR\" \/>\n<meta property=\"og:type\" content=\"article\" \/>\n<meta property=\"og:title\" content=\"Procimmo Swiss Commercial nimmt 75 Millionen auf - IMMOBILIEN Business\" \/>\n<meta property=\"og:description\" content=\"Dem Immobilienfonds Procimmo Swiss Commercial Fund hat bei seiner Kapitalerh\u00f6hung 75 Millionen CHF zugeflossen.\" \/>\n<meta property=\"og:url\" content=\"https:\/\/www.immobilienbusiness.ch\/fr\/unternehmen\/2019-06-28\/procimmo-swiss-commercial-nimmt-75-millionen-auf\/\" \/>\n<meta property=\"og:site_name\" content=\"IMMOBILIEN Business\" \/>\n<meta property=\"article:publisher\" content=\"https:\/\/www.facebook.com\/immobilienbusiness\/\" \/>\n<meta property=\"article:published_time\" content=\"2019-06-28T06:34:18+00:00\" \/>\n<meta property=\"og:image\" content=\"https:\/\/www.immobilienbusiness.ch\/wp-content\/uploads\/2017\/10\/IB-News-20171019-Kapitalerhoehung-Swiss-Commercial-Properties-Fund-e1637933228234.jpg\" \/>\n\t<meta property=\"og:image:width\" content=\"680\" \/>\n\t<meta property=\"og:image:height\" content=\"450\" \/>\n\t<meta property=\"og:image:type\" content=\"image\/jpeg\" \/>\n<meta name=\"author\" content=\"anja.hall\" \/>\n<meta name=\"twitter:card\" content=\"summary_large_image\" \/>\n<meta name=\"twitter:image\" content=\"https:\/\/www.immobilienbusiness.ch\/wp-content\/uploads\/2017\/10\/IB-News-20171019-Kapitalerh\u00f6hung-Swiss-Commercial-Properties-Fund.jpg\" \/>\n<script type=\"application\/ld+json\" class=\"yoast-schema-graph\">{\"@context\":\"https:\\\/\\\/schema.org\",\"@graph\":[{\"@type\":\"Article\",\"@id\":\"https:\\\/\\\/www.immobilienbusiness.ch\\\/de\\\/unternehmen\\\/2019-06-28\\\/procimmo-swiss-commercial-nimmt-75-millionen-auf\\\/#article\",\"isPartOf\":{\"@id\":\"https:\\\/\\\/www.immobilienbusiness.ch\\\/de\\\/unternehmen\\\/2019-06-28\\\/procimmo-swiss-commercial-nimmt-75-millionen-auf\\\/\"},\"author\":{\"name\":\"anja.hall\",\"@id\":\"https:\\\/\\\/www.immobilienbusiness.ch\\\/#\\\/schema\\\/person\\\/3fc036297b10b9f42d6db5ee932af8c8\"},\"headline\":\"Procimmo Swiss Commercial nimmt 75 Millionen auf\",\"datePublished\":\"2019-06-28T06:34:18+00:00\",\"mainEntityOfPage\":{\"@id\":\"https:\\\/\\\/www.immobilienbusiness.ch\\\/de\\\/unternehmen\\\/2019-06-28\\\/procimmo-swiss-commercial-nimmt-75-millionen-auf\\\/\"},\"wordCount\":108,\"publisher\":{\"@id\":\"https:\\\/\\\/www.immobilienbusiness.ch\\\/#organization\"},\"image\":{\"@id\":\"https:\\\/\\\/www.immobilienbusiness.ch\\\/de\\\/unternehmen\\\/2019-06-28\\\/procimmo-swiss-commercial-nimmt-75-millionen-auf\\\/#primaryimage\"},\"thumbnailUrl\":\"https:\\\/\\\/www.immobilienbusiness.ch\\\/wp-content\\\/uploads\\\/2017\\\/10\\\/IB-News-20171019-Kapitalerhoehung-Swiss-Commercial-Properties-Fund-e1637933228234.jpg\",\"keywords\":[\"Immobilienfonds\",\"Kapitalerh\u00f6hung\",\"Procimmo\"],\"articleSection\":[\"UNTERNEHMEN\"],\"inLanguage\":\"fr-FR\"},{\"@type\":\"WebPage\",\"@id\":\"https:\\\/\\\/www.immobilienbusiness.ch\\\/de\\\/unternehmen\\\/2019-06-28\\\/procimmo-swiss-commercial-nimmt-75-millionen-auf\\\/\",\"url\":\"https:\\\/\\\/www.immobilienbusiness.ch\\\/de\\\/unternehmen\\\/2019-06-28\\\/procimmo-swiss-commercial-nimmt-75-millionen-auf\\\/\",\"name\":\"Procimmo Swiss Commercial nimmt 75 Millionen auf - IMMOBILIEN Business\",\"isPartOf\":{\"@id\":\"https:\\\/\\\/www.immobilienbusiness.ch\\\/#website\"},\"primaryImageOfPage\":{\"@id\":\"https:\\\/\\\/www.immobilienbusiness.ch\\\/de\\\/unternehmen\\\/2019-06-28\\\/procimmo-swiss-commercial-nimmt-75-millionen-auf\\\/#primaryimage\"},\"image\":{\"@id\":\"https:\\\/\\\/www.immobilienbusiness.ch\\\/de\\\/unternehmen\\\/2019-06-28\\\/procimmo-swiss-commercial-nimmt-75-millionen-auf\\\/#primaryimage\"},\"thumbnailUrl\":\"https:\\\/\\\/www.immobilienbusiness.ch\\\/wp-content\\\/uploads\\\/2017\\\/10\\\/IB-News-20171019-Kapitalerhoehung-Swiss-Commercial-Properties-Fund-e1637933228234.jpg\",\"datePublished\":\"2019-06-28T06:34:18+00:00\",\"description\":\"Dem Immobilienfonds Procimmo Swiss Commercial Fund hat bei seiner Kapitalerh\u00f6hung 75 Millionen CHF zugeflossen.\",\"breadcrumb\":{\"@id\":\"https:\\\/\\\/www.immobilienbusiness.ch\\\/de\\\/unternehmen\\\/2019-06-28\\\/procimmo-swiss-commercial-nimmt-75-millionen-auf\\\/#breadcrumb\"},\"inLanguage\":\"fr-FR\",\"potentialAction\":[{\"@type\":\"ReadAction\",\"target\":[\"https:\\\/\\\/www.immobilienbusiness.ch\\\/de\\\/unternehmen\\\/2019-06-28\\\/procimmo-swiss-commercial-nimmt-75-millionen-auf\\\/\"]}]},{\"@type\":\"ImageObject\",\"inLanguage\":\"fr-FR\",\"@id\":\"https:\\\/\\\/www.immobilienbusiness.ch\\\/de\\\/unternehmen\\\/2019-06-28\\\/procimmo-swiss-commercial-nimmt-75-millionen-auf\\\/#primaryimage\",\"url\":\"https:\\\/\\\/www.immobilienbusiness.ch\\\/wp-content\\\/uploads\\\/2017\\\/10\\\/IB-News-20171019-Kapitalerhoehung-Swiss-Commercial-Properties-Fund-e1637933228234.jpg\",\"contentUrl\":\"https:\\\/\\\/www.immobilienbusiness.ch\\\/wp-content\\\/uploads\\\/2017\\\/10\\\/IB-News-20171019-Kapitalerhoehung-Swiss-Commercial-Properties-Fund-e1637933228234.jpg\",\"width\":680,\"height\":450,\"caption\":\"Frisches Kapital (Bild: Rangizzz \u2013 depositphotos)\"},{\"@type\":\"BreadcrumbList\",\"@id\":\"https:\\\/\\\/www.immobilienbusiness.ch\\\/de\\\/unternehmen\\\/2019-06-28\\\/procimmo-swiss-commercial-nimmt-75-millionen-auf\\\/#breadcrumb\",\"itemListElement\":[{\"@type\":\"ListItem\",\"position\":1,\"name\":\"Home\",\"item\":\"https:\\\/\\\/www.immobilienbusiness.ch\\\/\"},{\"@type\":\"ListItem\",\"position\":2,\"name\":\"Procimmo Swiss Commercial nimmt 75 Millionen auf\"}]},{\"@type\":\"WebSite\",\"@id\":\"https:\\\/\\\/www.immobilienbusiness.ch\\\/#website\",\"url\":\"https:\\\/\\\/www.immobilienbusiness.ch\\\/\",\"name\":\"IMMOBILIEN Business\",\"description\":\"Unabh\u00e4ngiges Schweizer Wirtschaftsmagazin mit Fokus auf Immobilien, Architektur- und Bau sowie Investment- und Finanzierung.\",\"publisher\":{\"@id\":\"https:\\\/\\\/www.immobilienbusiness.ch\\\/#organization\"},\"potentialAction\":[{\"@type\":\"SearchAction\",\"target\":{\"@type\":\"EntryPoint\",\"urlTemplate\":\"https:\\\/\\\/www.immobilienbusiness.ch\\\/?s={search_term_string}\"},\"query-input\":{\"@type\":\"PropertyValueSpecification\",\"valueRequired\":true,\"valueName\":\"search_term_string\"}}],\"inLanguage\":\"fr-FR\"},{\"@type\":\"Organization\",\"@id\":\"https:\\\/\\\/www.immobilienbusiness.ch\\\/#organization\",\"name\":\"IMMOBILIEN Business\",\"url\":\"https:\\\/\\\/www.immobilienbusiness.ch\\\/\",\"logo\":{\"@type\":\"ImageObject\",\"inLanguage\":\"fr-FR\",\"@id\":\"https:\\\/\\\/www.immobilienbusiness.ch\\\/#\\\/schema\\\/logo\\\/image\\\/\",\"url\":\"https:\\\/\\\/www.immobilienbusiness.ch\\\/wp-content\\\/uploads\\\/2021\\\/07\\\/logo_ib.png\",\"contentUrl\":\"https:\\\/\\\/www.immobilienbusiness.ch\\\/wp-content\\\/uploads\\\/2021\\\/07\\\/logo_ib.png\",\"width\":800,\"height\":181,\"caption\":\"IMMOBILIEN Business\"},\"image\":{\"@id\":\"https:\\\/\\\/www.immobilienbusiness.ch\\\/#\\\/schema\\\/logo\\\/image\\\/\"},\"sameAs\":[\"https:\\\/\\\/www.facebook.com\\\/immobilienbusiness\\\/\"]},{\"@type\":\"Person\",\"@id\":\"https:\\\/\\\/www.immobilienbusiness.ch\\\/#\\\/schema\\\/person\\\/3fc036297b10b9f42d6db5ee932af8c8\",\"name\":\"anja.hall\",\"image\":{\"@type\":\"ImageObject\",\"inLanguage\":\"fr-FR\",\"@id\":\"https:\\\/\\\/secure.gravatar.com\\\/avatar\\\/066b5a0d447013502c71a5782f4f3469f03cfe595cc2329fb94652fe47511bfb?s=96&d=mm&r=g\",\"url\":\"https:\\\/\\\/secure.gravatar.com\\\/avatar\\\/066b5a0d447013502c71a5782f4f3469f03cfe595cc2329fb94652fe47511bfb?s=96&d=mm&r=g\",\"contentUrl\":\"https:\\\/\\\/secure.gravatar.com\\\/avatar\\\/066b5a0d447013502c71a5782f4f3469f03cfe595cc2329fb94652fe47511bfb?s=96&d=mm&r=g\",\"caption\":\"anja.hall\"},\"url\":\"https:\\\/\\\/www.immobilienbusiness.ch\\\/fr\\\/author\\\/anja-hall\\\/\"}]}<\/script>\n<!-- \/ Yoast SEO plugin. -->","yoast_head_json":{"title":"Procimmo Swiss Commercial l\u00e8ve 75 millions - IMMOBILIER Business","description":"Le fonds immobilier Procimmo Swiss Commercial Fund a re\u00e7u 75 millions de CHF lors de son augmentation de capital.","robots":{"index":"index","follow":"follow","max-snippet":"max-snippet:-1","max-image-preview":"max-image-preview:large","max-video-preview":"max-video-preview:-1"},"canonical":"https:\/\/www.immobilienbusiness.ch\/fr\/unternehmen\/2019-06-28\/procimmo-swiss-commercial-nimmt-75-millionen-auf\/","og_locale":"fr_FR","og_type":"article","og_title":"Procimmo Swiss Commercial nimmt 75 Millionen auf - IMMOBILIEN Business","og_description":"Dem Immobilienfonds Procimmo Swiss Commercial Fund hat bei seiner Kapitalerh\u00f6hung 75 Millionen CHF zugeflossen.","og_url":"https:\/\/www.immobilienbusiness.ch\/fr\/unternehmen\/2019-06-28\/procimmo-swiss-commercial-nimmt-75-millionen-auf\/","og_site_name":"IMMOBILIEN Business","article_publisher":"https:\/\/www.facebook.com\/immobilienbusiness\/","article_published_time":"2019-06-28T06:34:18+00:00","og_image":[{"width":680,"height":450,"url":"https:\/\/www.immobilienbusiness.ch\/wp-content\/uploads\/2017\/10\/IB-News-20171019-Kapitalerhoehung-Swiss-Commercial-Properties-Fund-e1637933228234.jpg","type":"image\/jpeg"}],"author":"anja.hall","twitter_card":"summary_large_image","twitter_image":"https:\/\/www.immobilienbusiness.ch\/wp-content\/uploads\/2017\/10\/IB-News-20171019-Kapitalerh\u00f6hung-Swiss-Commercial-Properties-Fund.jpg","schema":{"@context":"https:\/\/schema.org","@graph":[{"@type":"Article","@id":"https:\/\/www.immobilienbusiness.ch\/de\/unternehmen\/2019-06-28\/procimmo-swiss-commercial-nimmt-75-millionen-auf\/#article","isPartOf":{"@id":"https:\/\/www.immobilienbusiness.ch\/de\/unternehmen\/2019-06-28\/procimmo-swiss-commercial-nimmt-75-millionen-auf\/"},"author":{"name":"anja.hall","@id":"https:\/\/www.immobilienbusiness.ch\/#\/schema\/person\/3fc036297b10b9f42d6db5ee932af8c8"},"headline":"Procimmo Swiss Commercial nimmt 75 Millionen auf","datePublished":"2019-06-28T06:34:18+00:00","mainEntityOfPage":{"@id":"https:\/\/www.immobilienbusiness.ch\/de\/unternehmen\/2019-06-28\/procimmo-swiss-commercial-nimmt-75-millionen-auf\/"},"wordCount":108,"publisher":{"@id":"https:\/\/www.immobilienbusiness.ch\/#organization"},"image":{"@id":"https:\/\/www.immobilienbusiness.ch\/de\/unternehmen\/2019-06-28\/procimmo-swiss-commercial-nimmt-75-millionen-auf\/#primaryimage"},"thumbnailUrl":"https:\/\/www.immobilienbusiness.ch\/wp-content\/uploads\/2017\/10\/IB-News-20171019-Kapitalerhoehung-Swiss-Commercial-Properties-Fund-e1637933228234.jpg","keywords":["Immobilienfonds","Kapitalerh\u00f6hung","Procimmo"],"articleSection":["UNTERNEHMEN"],"inLanguage":"fr-FR"},{"@type":"WebPage","@id":"https:\/\/www.immobilienbusiness.ch\/de\/unternehmen\/2019-06-28\/procimmo-swiss-commercial-nimmt-75-millionen-auf\/","url":"https:\/\/www.immobilienbusiness.ch\/de\/unternehmen\/2019-06-28\/procimmo-swiss-commercial-nimmt-75-millionen-auf\/","name":"Procimmo Swiss Commercial l\u00e8ve 75 millions - IMMOBILIER Business","isPartOf":{"@id":"https:\/\/www.immobilienbusiness.ch\/#website"},"primaryImageOfPage":{"@id":"https:\/\/www.immobilienbusiness.ch\/de\/unternehmen\/2019-06-28\/procimmo-swiss-commercial-nimmt-75-millionen-auf\/#primaryimage"},"image":{"@id":"https:\/\/www.immobilienbusiness.ch\/de\/unternehmen\/2019-06-28\/procimmo-swiss-commercial-nimmt-75-millionen-auf\/#primaryimage"},"thumbnailUrl":"https:\/\/www.immobilienbusiness.ch\/wp-content\/uploads\/2017\/10\/IB-News-20171019-Kapitalerhoehung-Swiss-Commercial-Properties-Fund-e1637933228234.jpg","datePublished":"2019-06-28T06:34:18+00:00","description":"Le fonds immobilier Procimmo Swiss Commercial Fund a re\u00e7u 75 millions de CHF lors de son augmentation de capital.","breadcrumb":{"@id":"https:\/\/www.immobilienbusiness.ch\/de\/unternehmen\/2019-06-28\/procimmo-swiss-commercial-nimmt-75-millionen-auf\/#breadcrumb"},"inLanguage":"fr-FR","potentialAction":[{"@type":"ReadAction","target":["https:\/\/www.immobilienbusiness.ch\/de\/unternehmen\/2019-06-28\/procimmo-swiss-commercial-nimmt-75-millionen-auf\/"]}]},{"@type":"ImageObject","inLanguage":"fr-FR","@id":"https:\/\/www.immobilienbusiness.ch\/de\/unternehmen\/2019-06-28\/procimmo-swiss-commercial-nimmt-75-millionen-auf\/#primaryimage","url":"https:\/\/www.immobilienbusiness.ch\/wp-content\/uploads\/2017\/10\/IB-News-20171019-Kapitalerhoehung-Swiss-Commercial-Properties-Fund-e1637933228234.jpg","contentUrl":"https:\/\/www.immobilienbusiness.ch\/wp-content\/uploads\/2017\/10\/IB-News-20171019-Kapitalerhoehung-Swiss-Commercial-Properties-Fund-e1637933228234.jpg","width":680,"height":450,"caption":"Frisches Kapital (Bild: Rangizzz \u2013 depositphotos)"},{"@type":"BreadcrumbList","@id":"https:\/\/www.immobilienbusiness.ch\/de\/unternehmen\/2019-06-28\/procimmo-swiss-commercial-nimmt-75-millionen-auf\/#breadcrumb","itemListElement":[{"@type":"ListItem","position":1,"name":"Home","item":"https:\/\/www.immobilienbusiness.ch\/"},{"@type":"ListItem","position":2,"name":"Procimmo Swiss Commercial nimmt 75 Millionen auf"}]},{"@type":"WebSite","@id":"https:\/\/www.immobilienbusiness.ch\/#website","url":"https:\/\/www.immobilienbusiness.ch\/","name":"IMMOBILIER Business","description":"Magazine \u00e9conomique suisse ind\u00e9pendant ax\u00e9 sur l'immobilier, l'architecture et la construction ainsi que sur les investissements et le financement.","publisher":{"@id":"https:\/\/www.immobilienbusiness.ch\/#organization"},"potentialAction":[{"@type":"SearchAction","target":{"@type":"EntryPoint","urlTemplate":"https:\/\/www.immobilienbusiness.ch\/?s={search_term_string}"},"query-input":{"@type":"PropertyValueSpecification","valueRequired":true,"valueName":"search_term_string"}}],"inLanguage":"fr-FR"},{"@type":"Organization","@id":"https:\/\/www.immobilienbusiness.ch\/#organization","name":"IMMOBILIER Business","url":"https:\/\/www.immobilienbusiness.ch\/","logo":{"@type":"ImageObject","inLanguage":"fr-FR","@id":"https:\/\/www.immobilienbusiness.ch\/#\/schema\/logo\/image\/","url":"https:\/\/www.immobilienbusiness.ch\/wp-content\/uploads\/2021\/07\/logo_ib.png","contentUrl":"https:\/\/www.immobilienbusiness.ch\/wp-content\/uploads\/2021\/07\/logo_ib.png","width":800,"height":181,"caption":"IMMOBILIEN Business"},"image":{"@id":"https:\/\/www.immobilienbusiness.ch\/#\/schema\/logo\/image\/"},"sameAs":["https:\/\/www.facebook.com\/immobilienbusiness\/"]},{"@type":"Person","@id":"https:\/\/www.immobilienbusiness.ch\/#\/schema\/person\/3fc036297b10b9f42d6db5ee932af8c8","name":"anja.hall","image":{"@type":"ImageObject","inLanguage":"fr-FR","@id":"https:\/\/secure.gravatar.com\/avatar\/066b5a0d447013502c71a5782f4f3469f03cfe595cc2329fb94652fe47511bfb?s=96&d=mm&r=g","url":"https:\/\/secure.gravatar.com\/avatar\/066b5a0d447013502c71a5782f4f3469f03cfe595cc2329fb94652fe47511bfb?s=96&d=mm&r=g","contentUrl":"https:\/\/secure.gravatar.com\/avatar\/066b5a0d447013502c71a5782f4f3469f03cfe595cc2329fb94652fe47511bfb?s=96&d=mm&r=g","caption":"anja.hall"},"url":"https:\/\/www.immobilienbusiness.ch\/fr\/author\/anja-hall\/"}]}},"_links":{"self":[{"href":"https:\/\/www.immobilienbusiness.ch\/fr\/wp-json\/wp\/v2\/posts\/17506","targetHints":{"allow":["GET"]}}],"collection":[{"href":"https:\/\/www.immobilienbusiness.ch\/fr\/wp-json\/wp\/v2\/posts"}],"about":[{"href":"https:\/\/www.immobilienbusiness.ch\/fr\/wp-json\/wp\/v2\/types\/post"}],"author":[{"embeddable":true,"href":"https:\/\/www.immobilienbusiness.ch\/fr\/wp-json\/wp\/v2\/users\/3"}],"replies":[{"embeddable":true,"href":"https:\/\/www.immobilienbusiness.ch\/fr\/wp-json\/wp\/v2\/comments?post=17506"}],"version-history":[{"count":0,"href":"https:\/\/www.immobilienbusiness.ch\/fr\/wp-json\/wp\/v2\/posts\/17506\/revisions"}],"wp:featuredmedia":[{"embeddable":true,"href":"https:\/\/www.immobilienbusiness.ch\/fr\/wp-json\/wp\/v2\/media\/9635"}],"wp:attachment":[{"href":"https:\/\/www.immobilienbusiness.ch\/fr\/wp-json\/wp\/v2\/media?parent=17506"}],"wp:term":[{"taxonomy":"category","embeddable":true,"href":"https:\/\/www.immobilienbusiness.ch\/fr\/wp-json\/wp\/v2\/categories?post=17506"},{"taxonomy":"post_tag","embeddable":true,"href":"https:\/\/www.immobilienbusiness.ch\/fr\/wp-json\/wp\/v2\/tags?post=17506"}],"curies":[{"name":"wp","href":"https:\/\/api.w.org\/{rel}","templated":true}]}}