{"id":17480,"date":"2019-07-15T09:39:48","date_gmt":"2019-07-15T07:39:48","guid":{"rendered":"https:\/\/www.immobilienbusiness.ch\/?p=17480"},"modified":"2019-07-15T09:39:48","modified_gmt":"2019-07-15T07:39:48","slug":"halter-setzt-auf-mikroapartments","status":"publish","type":"post","link":"https:\/\/www.immobilienbusiness.ch\/fr\/residential\/2019-07-15\/halter-setzt-auf-mikroapartments\/","title":{"rendered":"Halter se concentre sur les micro-appartements"},"content":{"rendered":"<figure id=\"attachment_17481\" aria-describedby=\"caption-attachment-17481\" style=\"width: 680px\" class=\"wp-caption alignnone\"><img loading=\"lazy\" decoding=\"async\" class=\"size-medium wp-image-17481\" src=\"https:\/\/www.immobilienbusiness.ch\/wp-content\/uploads\/2019\/06\/MOVEment_Musterwohnung_The_Jay_-_Uebersicht.jpg\" alt=\"\" width=\"680\" height=\"454\" srcset=\"https:\/\/www.immobilienbusiness.ch\/wp-content\/uploads\/2019\/06\/MOVEment_Musterwohnung_The_Jay_-_Uebersicht.jpg 2560w, https:\/\/www.immobilienbusiness.ch\/wp-content\/uploads\/2019\/06\/MOVEment_Musterwohnung_The_Jay_-_Uebersicht-300x200.jpg 300w, https:\/\/www.immobilienbusiness.ch\/wp-content\/uploads\/2019\/06\/MOVEment_Musterwohnung_The_Jay_-_Uebersicht-1024x683.jpg 1024w, https:\/\/www.immobilienbusiness.ch\/wp-content\/uploads\/2019\/06\/MOVEment_Musterwohnung_The_Jay_-_Uebersicht-768x512.jpg 768w, https:\/\/www.immobilienbusiness.ch\/wp-content\/uploads\/2019\/06\/MOVEment_Musterwohnung_The_Jay_-_Uebersicht-1536x1025.jpg 1536w, https:\/\/www.immobilienbusiness.ch\/wp-content\/uploads\/2019\/06\/MOVEment_Musterwohnung_The_Jay_-_Uebersicht-2048x1367.jpg 2048w, https:\/\/www.immobilienbusiness.ch\/wp-content\/uploads\/2019\/06\/MOVEment_Musterwohnung_The_Jay_-_Uebersicht-16x12.jpg 16w, https:\/\/www.immobilienbusiness.ch\/wp-content\/uploads\/2019\/06\/MOVEment_Musterwohnung_The_Jay_-_Uebersicht-262x175.jpg 262w, https:\/\/www.immobilienbusiness.ch\/wp-content\/uploads\/2019\/06\/MOVEment_Musterwohnung_The_Jay_-_Uebersicht-525x350.jpg 525w, https:\/\/www.immobilienbusiness.ch\/wp-content\/uploads\/2019\/06\/MOVEment_Musterwohnung_The_Jay_-_Uebersicht-1199x800.jpg 1199w, https:\/\/www.immobilienbusiness.ch\/wp-content\/uploads\/2019\/06\/MOVEment_Musterwohnung_The_Jay_-_Uebersicht-920x614.jpg 920w, https:\/\/www.immobilienbusiness.ch\/wp-content\/uploads\/2019\/06\/MOVEment_Musterwohnung_The_Jay_-_Uebersicht-1400x934.jpg 1400w\" sizes=\"auto, (max-width: 680px) 100vw, 680px\" \/><figcaption id=\"caption-attachment-17481\" class=\"wp-caption-text\">Vue d'un micro-appartement Movement (photo : Halter AG)<\/figcaption><\/figure>\n<p>Halter veut r\u00e9pondre \u00e0 la demande croissante de petits appartements avec le concept d'habitat Movement. Il se compose essentiellement de modules d'espace d\u00e9pla\u00e7ables \u00e9lectroniquement, gr\u00e2ce auxquels les habitants peuvent modifier leur situation d'habitation dans une chambre de 23 \u00e0 40 m\u00e8tres carr\u00e9s en appuyant sur un bouton. La salle de bains se trouve dans une pi\u00e8ce s\u00e9par\u00e9e.<\/p>\n<p>Selon le d\u00e9veloppeur, ce concept d'habitat unique en Suisse est bas\u00e9 sur une id\u00e9e de l'architecte autrichien Angelo Roventa. Les 41 premiers appartements Movement doivent \u00eatre occup\u00e9s \u00e0 l'automne dans le lotissement The Jay \u00e0 Adliswil, 35 autres suivront d'ici l'automne 2021 dans la Claraturm pr\u00e8s de la place de la Foire de B\u00e2le. A l'avenir, la soci\u00e9t\u00e9 de d\u00e9veloppement immobilier suisse entend construire jusqu'\u00e0 300 unit\u00e9s par an. (ah)<\/p>","protected":false},"excerpt":{"rendered":"<p>Le promoteur immobilier Halter a d\u00e9velopp\u00e9 un concept de micro-appartements flexibles. Les premiers de ces petits appartements devraient \u00eatre occup\u00e9s cette ann\u00e9e encore.<\/p>","protected":false},"author":3,"featured_media":17481,"comment_status":"closed","ping_status":"open","sticky":false,"template":"","format":"standard","meta":{"_acf_changed":false,"_yoast_wpseo_focuskw":"Halter","_yoast_wpseo_title":"","_yoast_wpseo_metadesc":"Der Immobilienentwickler Halter hat ein Konzept f\u00fcr Mikroapartments entwickelt. Die ersten dieser Kleinwohnungen sollen noch in diesem Jahr bezogen werden.","_yoast_wpseo_linkdex":61,"pgc_sgb_lightbox_settings":"","footnotes":""},"categories":[986],"tags":[1039,1291,1497,1863],"class_list":["post-17480","post","type-post","status-publish","format-standard","has-post-thumbnail","hentry","category-residential","tag-architektur","tag-halter-ag","tag-mikro-apartments","tag-wohnimmobilien"],"acf":[],"yoast_head":"<!-- This site is optimized with the Yoast SEO plugin v27.5 - https:\/\/yoast.com\/product\/yoast-seo-wordpress\/ -->\n<title>Halter setzt auf Mikro-Apartments - IMMOBILIEN Business<\/title>\n<meta name=\"description\" content=\"Der Immobilienentwickler Halter hat ein Konzept f\u00fcr Mikroapartments entwickelt. Die ersten dieser Kleinwohnungen sollen noch in diesem Jahr bezogen werden.\" \/>\n<meta name=\"robots\" content=\"index, follow, max-snippet:-1, max-image-preview:large, max-video-preview:-1\" \/>\n<link rel=\"canonical\" href=\"https:\/\/www.immobilienbusiness.ch\/fr\/residential\/2019-07-15\/halter-setzt-auf-mikroapartments\/\" \/>\n<meta property=\"og:locale\" content=\"fr_FR\" \/>\n<meta property=\"og:type\" content=\"article\" \/>\n<meta property=\"og:title\" content=\"Halter setzt auf Mikro-Apartments - IMMOBILIEN Business\" \/>\n<meta property=\"og:description\" content=\"Der Immobilienentwickler Halter hat ein Konzept f\u00fcr Mikroapartments entwickelt. Die ersten dieser Kleinwohnungen sollen noch in diesem Jahr bezogen werden.\" \/>\n<meta property=\"og:url\" content=\"https:\/\/www.immobilienbusiness.ch\/fr\/residential\/2019-07-15\/halter-setzt-auf-mikroapartments\/\" \/>\n<meta property=\"og:site_name\" content=\"IMMOBILIEN Business\" \/>\n<meta property=\"article:publisher\" content=\"https:\/\/www.facebook.com\/immobilienbusiness\/\" \/>\n<meta property=\"article:published_time\" content=\"2019-07-15T07:39:48+00:00\" \/>\n<meta property=\"og:image\" content=\"https:\/\/www.immobilienbusiness.ch\/wp-content\/uploads\/2019\/06\/MOVEment_Musterwohnung_The_Jay_-_Uebersicht-1024x683.jpg\" \/>\n\t<meta property=\"og:image:width\" content=\"1024\" \/>\n\t<meta property=\"og:image:height\" content=\"683\" \/>\n\t<meta property=\"og:image:type\" content=\"image\/jpeg\" \/>\n<meta name=\"author\" content=\"anja.hall\" \/>\n<meta name=\"twitter:card\" content=\"summary_large_image\" \/>\n<meta name=\"twitter:image\" content=\"https:\/\/www.immobilienbusiness.ch\/wp-content\/uploads\/2019\/06\/MOVEment_Musterwohnung_The_Jay_-_Uebersicht.jpg\" \/>\n<script type=\"application\/ld+json\" class=\"yoast-schema-graph\">{\"@context\":\"https:\\\/\\\/schema.org\",\"@graph\":[{\"@type\":\"Article\",\"@id\":\"https:\\\/\\\/www.immobilienbusiness.ch\\\/residential\\\/2019-07-15\\\/halter-setzt-auf-mikroapartments\\\/#article\",\"isPartOf\":{\"@id\":\"https:\\\/\\\/www.immobilienbusiness.ch\\\/residential\\\/2019-07-15\\\/halter-setzt-auf-mikroapartments\\\/\"},\"author\":{\"name\":\"anja.hall\",\"@id\":\"https:\\\/\\\/www.immobilienbusiness.ch\\\/#\\\/schema\\\/person\\\/3fc036297b10b9f42d6db5ee932af8c8\"},\"headline\":\"Halter setzt auf Mikro-Apartments\",\"datePublished\":\"2019-07-15T07:39:48+00:00\",\"mainEntityOfPage\":{\"@id\":\"https:\\\/\\\/www.immobilienbusiness.ch\\\/residential\\\/2019-07-15\\\/halter-setzt-auf-mikroapartments\\\/\"},\"wordCount\":115,\"publisher\":{\"@id\":\"https:\\\/\\\/www.immobilienbusiness.ch\\\/#organization\"},\"image\":{\"@id\":\"https:\\\/\\\/www.immobilienbusiness.ch\\\/residential\\\/2019-07-15\\\/halter-setzt-auf-mikroapartments\\\/#primaryimage\"},\"thumbnailUrl\":\"https:\\\/\\\/www.immobilienbusiness.ch\\\/wp-content\\\/uploads\\\/2019\\\/06\\\/MOVEment_Musterwohnung_The_Jay_-_Uebersicht.jpg\",\"keywords\":[\"Architektur\",\"Halter AG\",\"Mikro-Apartments\",\"Wohnimmobilien\"],\"articleSection\":[\"RESIDENTIAL\"],\"inLanguage\":\"fr-FR\"},{\"@type\":\"WebPage\",\"@id\":\"https:\\\/\\\/www.immobilienbusiness.ch\\\/residential\\\/2019-07-15\\\/halter-setzt-auf-mikroapartments\\\/\",\"url\":\"https:\\\/\\\/www.immobilienbusiness.ch\\\/residential\\\/2019-07-15\\\/halter-setzt-auf-mikroapartments\\\/\",\"name\":\"Halter setzt auf Mikro-Apartments - IMMOBILIEN Business\",\"isPartOf\":{\"@id\":\"https:\\\/\\\/www.immobilienbusiness.ch\\\/#website\"},\"primaryImageOfPage\":{\"@id\":\"https:\\\/\\\/www.immobilienbusiness.ch\\\/residential\\\/2019-07-15\\\/halter-setzt-auf-mikroapartments\\\/#primaryimage\"},\"image\":{\"@id\":\"https:\\\/\\\/www.immobilienbusiness.ch\\\/residential\\\/2019-07-15\\\/halter-setzt-auf-mikroapartments\\\/#primaryimage\"},\"thumbnailUrl\":\"https:\\\/\\\/www.immobilienbusiness.ch\\\/wp-content\\\/uploads\\\/2019\\\/06\\\/MOVEment_Musterwohnung_The_Jay_-_Uebersicht.jpg\",\"datePublished\":\"2019-07-15T07:39:48+00:00\",\"description\":\"Der Immobilienentwickler Halter hat ein Konzept f\u00fcr Mikroapartments entwickelt. Die ersten dieser Kleinwohnungen sollen noch in diesem Jahr bezogen werden.\",\"breadcrumb\":{\"@id\":\"https:\\\/\\\/www.immobilienbusiness.ch\\\/residential\\\/2019-07-15\\\/halter-setzt-auf-mikroapartments\\\/#breadcrumb\"},\"inLanguage\":\"fr-FR\",\"potentialAction\":[{\"@type\":\"ReadAction\",\"target\":[\"https:\\\/\\\/www.immobilienbusiness.ch\\\/residential\\\/2019-07-15\\\/halter-setzt-auf-mikroapartments\\\/\"]}]},{\"@type\":\"ImageObject\",\"inLanguage\":\"fr-FR\",\"@id\":\"https:\\\/\\\/www.immobilienbusiness.ch\\\/residential\\\/2019-07-15\\\/halter-setzt-auf-mikroapartments\\\/#primaryimage\",\"url\":\"https:\\\/\\\/www.immobilienbusiness.ch\\\/wp-content\\\/uploads\\\/2019\\\/06\\\/MOVEment_Musterwohnung_The_Jay_-_Uebersicht.jpg\",\"contentUrl\":\"https:\\\/\\\/www.immobilienbusiness.ch\\\/wp-content\\\/uploads\\\/2019\\\/06\\\/MOVEment_Musterwohnung_The_Jay_-_Uebersicht.jpg\",\"width\":2560,\"height\":1708,\"caption\":\"MOVEment_Musterwohnung_The_Jay_-_Uebersicht\"},{\"@type\":\"BreadcrumbList\",\"@id\":\"https:\\\/\\\/www.immobilienbusiness.ch\\\/residential\\\/2019-07-15\\\/halter-setzt-auf-mikroapartments\\\/#breadcrumb\",\"itemListElement\":[{\"@type\":\"ListItem\",\"position\":1,\"name\":\"Home\",\"item\":\"https:\\\/\\\/www.immobilienbusiness.ch\\\/\"},{\"@type\":\"ListItem\",\"position\":2,\"name\":\"Halter setzt auf Mikro-Apartments\"}]},{\"@type\":\"WebSite\",\"@id\":\"https:\\\/\\\/www.immobilienbusiness.ch\\\/#website\",\"url\":\"https:\\\/\\\/www.immobilienbusiness.ch\\\/\",\"name\":\"IMMOBILIEN Business\",\"description\":\"Unabh\u00e4ngiges Schweizer Wirtschaftsmagazin mit Fokus auf Immobilien, Architektur- und Bau sowie Investment- und Finanzierung.\",\"publisher\":{\"@id\":\"https:\\\/\\\/www.immobilienbusiness.ch\\\/#organization\"},\"potentialAction\":[{\"@type\":\"SearchAction\",\"target\":{\"@type\":\"EntryPoint\",\"urlTemplate\":\"https:\\\/\\\/www.immobilienbusiness.ch\\\/?s={search_term_string}\"},\"query-input\":{\"@type\":\"PropertyValueSpecification\",\"valueRequired\":true,\"valueName\":\"search_term_string\"}}],\"inLanguage\":\"fr-FR\"},{\"@type\":\"Organization\",\"@id\":\"https:\\\/\\\/www.immobilienbusiness.ch\\\/#organization\",\"name\":\"IMMOBILIEN Business\",\"url\":\"https:\\\/\\\/www.immobilienbusiness.ch\\\/\",\"logo\":{\"@type\":\"ImageObject\",\"inLanguage\":\"fr-FR\",\"@id\":\"https:\\\/\\\/www.immobilienbusiness.ch\\\/#\\\/schema\\\/logo\\\/image\\\/\",\"url\":\"https:\\\/\\\/www.immobilienbusiness.ch\\\/wp-content\\\/uploads\\\/2021\\\/07\\\/logo_ib.png\",\"contentUrl\":\"https:\\\/\\\/www.immobilienbusiness.ch\\\/wp-content\\\/uploads\\\/2021\\\/07\\\/logo_ib.png\",\"width\":800,\"height\":181,\"caption\":\"IMMOBILIEN Business\"},\"image\":{\"@id\":\"https:\\\/\\\/www.immobilienbusiness.ch\\\/#\\\/schema\\\/logo\\\/image\\\/\"},\"sameAs\":[\"https:\\\/\\\/www.facebook.com\\\/immobilienbusiness\\\/\"]},{\"@type\":\"Person\",\"@id\":\"https:\\\/\\\/www.immobilienbusiness.ch\\\/#\\\/schema\\\/person\\\/3fc036297b10b9f42d6db5ee932af8c8\",\"name\":\"anja.hall\",\"image\":{\"@type\":\"ImageObject\",\"inLanguage\":\"fr-FR\",\"@id\":\"https:\\\/\\\/secure.gravatar.com\\\/avatar\\\/066b5a0d447013502c71a5782f4f3469f03cfe595cc2329fb94652fe47511bfb?s=96&d=mm&r=g\",\"url\":\"https:\\\/\\\/secure.gravatar.com\\\/avatar\\\/066b5a0d447013502c71a5782f4f3469f03cfe595cc2329fb94652fe47511bfb?s=96&d=mm&r=g\",\"contentUrl\":\"https:\\\/\\\/secure.gravatar.com\\\/avatar\\\/066b5a0d447013502c71a5782f4f3469f03cfe595cc2329fb94652fe47511bfb?s=96&d=mm&r=g\",\"caption\":\"anja.hall\"},\"url\":\"https:\\\/\\\/www.immobilienbusiness.ch\\\/fr\\\/author\\\/anja-hall\\\/\"}]}<\/script>\n<!-- \/ Yoast SEO plugin. -->","yoast_head_json":{"title":"Halter setzt auf Mikro-Apartments - IMMOBILIEN Business","description":"Der Immobilienentwickler Halter hat ein Konzept f\u00fcr Mikroapartments entwickelt. Die ersten dieser Kleinwohnungen sollen noch in diesem Jahr bezogen werden.","robots":{"index":"index","follow":"follow","max-snippet":"max-snippet:-1","max-image-preview":"max-image-preview:large","max-video-preview":"max-video-preview:-1"},"canonical":"https:\/\/www.immobilienbusiness.ch\/fr\/residential\/2019-07-15\/halter-setzt-auf-mikroapartments\/","og_locale":"fr_FR","og_type":"article","og_title":"Halter setzt auf Mikro-Apartments - IMMOBILIEN Business","og_description":"Der Immobilienentwickler Halter hat ein Konzept f\u00fcr Mikroapartments entwickelt. Die ersten dieser Kleinwohnungen sollen noch in diesem Jahr bezogen werden.","og_url":"https:\/\/www.immobilienbusiness.ch\/fr\/residential\/2019-07-15\/halter-setzt-auf-mikroapartments\/","og_site_name":"IMMOBILIEN Business","article_publisher":"https:\/\/www.facebook.com\/immobilienbusiness\/","article_published_time":"2019-07-15T07:39:48+00:00","og_image":[{"width":1024,"height":683,"url":"https:\/\/www.immobilienbusiness.ch\/wp-content\/uploads\/2019\/06\/MOVEment_Musterwohnung_The_Jay_-_Uebersicht-1024x683.jpg","type":"image\/jpeg"}],"author":"anja.hall","twitter_card":"summary_large_image","twitter_image":"https:\/\/www.immobilienbusiness.ch\/wp-content\/uploads\/2019\/06\/MOVEment_Musterwohnung_The_Jay_-_Uebersicht.jpg","schema":{"@context":"https:\/\/schema.org","@graph":[{"@type":"Article","@id":"https:\/\/www.immobilienbusiness.ch\/residential\/2019-07-15\/halter-setzt-auf-mikroapartments\/#article","isPartOf":{"@id":"https:\/\/www.immobilienbusiness.ch\/residential\/2019-07-15\/halter-setzt-auf-mikroapartments\/"},"author":{"name":"anja.hall","@id":"https:\/\/www.immobilienbusiness.ch\/#\/schema\/person\/3fc036297b10b9f42d6db5ee932af8c8"},"headline":"Halter setzt auf Mikro-Apartments","datePublished":"2019-07-15T07:39:48+00:00","mainEntityOfPage":{"@id":"https:\/\/www.immobilienbusiness.ch\/residential\/2019-07-15\/halter-setzt-auf-mikroapartments\/"},"wordCount":115,"publisher":{"@id":"https:\/\/www.immobilienbusiness.ch\/#organization"},"image":{"@id":"https:\/\/www.immobilienbusiness.ch\/residential\/2019-07-15\/halter-setzt-auf-mikroapartments\/#primaryimage"},"thumbnailUrl":"https:\/\/www.immobilienbusiness.ch\/wp-content\/uploads\/2019\/06\/MOVEment_Musterwohnung_The_Jay_-_Uebersicht.jpg","keywords":["Architektur","Halter AG","Mikro-Apartments","Wohnimmobilien"],"articleSection":["RESIDENTIAL"],"inLanguage":"fr-FR"},{"@type":"WebPage","@id":"https:\/\/www.immobilienbusiness.ch\/residential\/2019-07-15\/halter-setzt-auf-mikroapartments\/","url":"https:\/\/www.immobilienbusiness.ch\/residential\/2019-07-15\/halter-setzt-auf-mikroapartments\/","name":"Halter setzt auf Mikro-Apartments - IMMOBILIEN Business","isPartOf":{"@id":"https:\/\/www.immobilienbusiness.ch\/#website"},"primaryImageOfPage":{"@id":"https:\/\/www.immobilienbusiness.ch\/residential\/2019-07-15\/halter-setzt-auf-mikroapartments\/#primaryimage"},"image":{"@id":"https:\/\/www.immobilienbusiness.ch\/residential\/2019-07-15\/halter-setzt-auf-mikroapartments\/#primaryimage"},"thumbnailUrl":"https:\/\/www.immobilienbusiness.ch\/wp-content\/uploads\/2019\/06\/MOVEment_Musterwohnung_The_Jay_-_Uebersicht.jpg","datePublished":"2019-07-15T07:39:48+00:00","description":"Der Immobilienentwickler Halter hat ein Konzept f\u00fcr Mikroapartments entwickelt. Die ersten dieser Kleinwohnungen sollen noch in diesem Jahr bezogen werden.","breadcrumb":{"@id":"https:\/\/www.immobilienbusiness.ch\/residential\/2019-07-15\/halter-setzt-auf-mikroapartments\/#breadcrumb"},"inLanguage":"fr-FR","potentialAction":[{"@type":"ReadAction","target":["https:\/\/www.immobilienbusiness.ch\/residential\/2019-07-15\/halter-setzt-auf-mikroapartments\/"]}]},{"@type":"ImageObject","inLanguage":"fr-FR","@id":"https:\/\/www.immobilienbusiness.ch\/residential\/2019-07-15\/halter-setzt-auf-mikroapartments\/#primaryimage","url":"https:\/\/www.immobilienbusiness.ch\/wp-content\/uploads\/2019\/06\/MOVEment_Musterwohnung_The_Jay_-_Uebersicht.jpg","contentUrl":"https:\/\/www.immobilienbusiness.ch\/wp-content\/uploads\/2019\/06\/MOVEment_Musterwohnung_The_Jay_-_Uebersicht.jpg","width":2560,"height":1708,"caption":"MOVEment_Musterwohnung_The_Jay_-_Uebersicht"},{"@type":"BreadcrumbList","@id":"https:\/\/www.immobilienbusiness.ch\/residential\/2019-07-15\/halter-setzt-auf-mikroapartments\/#breadcrumb","itemListElement":[{"@type":"ListItem","position":1,"name":"Home","item":"https:\/\/www.immobilienbusiness.ch\/"},{"@type":"ListItem","position":2,"name":"Halter setzt auf Mikro-Apartments"}]},{"@type":"WebSite","@id":"https:\/\/www.immobilienbusiness.ch\/#website","url":"https:\/\/www.immobilienbusiness.ch\/","name":"IMMOBILIER Business","description":"Magazine \u00e9conomique suisse ind\u00e9pendant ax\u00e9 sur l'immobilier, l'architecture et la construction ainsi que sur les investissements et le financement.","publisher":{"@id":"https:\/\/www.immobilienbusiness.ch\/#organization"},"potentialAction":[{"@type":"SearchAction","target":{"@type":"EntryPoint","urlTemplate":"https:\/\/www.immobilienbusiness.ch\/?s={search_term_string}"},"query-input":{"@type":"PropertyValueSpecification","valueRequired":true,"valueName":"search_term_string"}}],"inLanguage":"fr-FR"},{"@type":"Organization","@id":"https:\/\/www.immobilienbusiness.ch\/#organization","name":"IMMOBILIER Business","url":"https:\/\/www.immobilienbusiness.ch\/","logo":{"@type":"ImageObject","inLanguage":"fr-FR","@id":"https:\/\/www.immobilienbusiness.ch\/#\/schema\/logo\/image\/","url":"https:\/\/www.immobilienbusiness.ch\/wp-content\/uploads\/2021\/07\/logo_ib.png","contentUrl":"https:\/\/www.immobilienbusiness.ch\/wp-content\/uploads\/2021\/07\/logo_ib.png","width":800,"height":181,"caption":"IMMOBILIEN Business"},"image":{"@id":"https:\/\/www.immobilienbusiness.ch\/#\/schema\/logo\/image\/"},"sameAs":["https:\/\/www.facebook.com\/immobilienbusiness\/"]},{"@type":"Person","@id":"https:\/\/www.immobilienbusiness.ch\/#\/schema\/person\/3fc036297b10b9f42d6db5ee932af8c8","name":"anja.hall","image":{"@type":"ImageObject","inLanguage":"fr-FR","@id":"https:\/\/secure.gravatar.com\/avatar\/066b5a0d447013502c71a5782f4f3469f03cfe595cc2329fb94652fe47511bfb?s=96&d=mm&r=g","url":"https:\/\/secure.gravatar.com\/avatar\/066b5a0d447013502c71a5782f4f3469f03cfe595cc2329fb94652fe47511bfb?s=96&d=mm&r=g","contentUrl":"https:\/\/secure.gravatar.com\/avatar\/066b5a0d447013502c71a5782f4f3469f03cfe595cc2329fb94652fe47511bfb?s=96&d=mm&r=g","caption":"anja.hall"},"url":"https:\/\/www.immobilienbusiness.ch\/fr\/author\/anja-hall\/"}]}},"_links":{"self":[{"href":"https:\/\/www.immobilienbusiness.ch\/fr\/wp-json\/wp\/v2\/posts\/17480","targetHints":{"allow":["GET"]}}],"collection":[{"href":"https:\/\/www.immobilienbusiness.ch\/fr\/wp-json\/wp\/v2\/posts"}],"about":[{"href":"https:\/\/www.immobilienbusiness.ch\/fr\/wp-json\/wp\/v2\/types\/post"}],"author":[{"embeddable":true,"href":"https:\/\/www.immobilienbusiness.ch\/fr\/wp-json\/wp\/v2\/users\/3"}],"replies":[{"embeddable":true,"href":"https:\/\/www.immobilienbusiness.ch\/fr\/wp-json\/wp\/v2\/comments?post=17480"}],"version-history":[{"count":0,"href":"https:\/\/www.immobilienbusiness.ch\/fr\/wp-json\/wp\/v2\/posts\/17480\/revisions"}],"wp:featuredmedia":[{"embeddable":true,"href":"https:\/\/www.immobilienbusiness.ch\/fr\/wp-json\/wp\/v2\/media\/17481"}],"wp:attachment":[{"href":"https:\/\/www.immobilienbusiness.ch\/fr\/wp-json\/wp\/v2\/media?parent=17480"}],"wp:term":[{"taxonomy":"category","embeddable":true,"href":"https:\/\/www.immobilienbusiness.ch\/fr\/wp-json\/wp\/v2\/categories?post=17480"},{"taxonomy":"post_tag","embeddable":true,"href":"https:\/\/www.immobilienbusiness.ch\/fr\/wp-json\/wp\/v2\/tags?post=17480"}],"curies":[{"name":"wp","href":"https:\/\/api.w.org\/{rel}","templated":true}]}}