{"id":17266,"date":"2019-06-06T09:05:29","date_gmt":"2019-06-06T07:05:29","guid":{"rendered":"https:\/\/www.immobilienbusiness.ch\/?p=17266"},"modified":"2019-06-06T09:05:29","modified_gmt":"2019-06-06T07:05:29","slug":"neuer-stadtteil-fuer-pratteln","status":"publish","type":"post","link":"https:\/\/www.immobilienbusiness.ch\/fr\/regionen\/2019-06-06\/neuer-stadtteil-fuer-pratteln\/","title":{"rendered":"Pratteln : Un nouveau quartier pour 2 500 habitants"},"content":{"rendered":"<figure id=\"attachment_17271\" aria-describedby=\"caption-attachment-17271\" style=\"width: 680px\" class=\"wp-caption alignnone\"><img loading=\"lazy\" decoding=\"async\" class=\"size-medium wp-image-17271\" src=\"https:\/\/www.immobilienbusiness.ch\/wp-content\/uploads\/2019\/06\/Areal_Zukunft.jpg\" alt=\"\" width=\"680\" height=\"510\" srcset=\"https:\/\/www.immobilienbusiness.ch\/wp-content\/uploads\/2019\/06\/Areal_Zukunft.jpg 1890w, https:\/\/www.immobilienbusiness.ch\/wp-content\/uploads\/2019\/06\/Areal_Zukunft-300x225.jpg 300w, https:\/\/www.immobilienbusiness.ch\/wp-content\/uploads\/2019\/06\/Areal_Zukunft-1024x768.jpg 1024w, https:\/\/www.immobilienbusiness.ch\/wp-content\/uploads\/2019\/06\/Areal_Zukunft-768x576.jpg 768w, https:\/\/www.immobilienbusiness.ch\/wp-content\/uploads\/2019\/06\/Areal_Zukunft-1536x1152.jpg 1536w, https:\/\/www.immobilienbusiness.ch\/wp-content\/uploads\/2019\/06\/Areal_Zukunft-16x12.jpg 16w, https:\/\/www.immobilienbusiness.ch\/wp-content\/uploads\/2019\/06\/Areal_Zukunft-233x175.jpg 233w, https:\/\/www.immobilienbusiness.ch\/wp-content\/uploads\/2019\/06\/Areal_Zukunft-467x350.jpg 467w, https:\/\/www.immobilienbusiness.ch\/wp-content\/uploads\/2019\/06\/Areal_Zukunft-1067x800.jpg 1067w, https:\/\/www.immobilienbusiness.ch\/wp-content\/uploads\/2019\/06\/Areal_Zukunft-920x690.jpg 920w, https:\/\/www.immobilienbusiness.ch\/wp-content\/uploads\/2019\/06\/Areal_Zukunft-1400x1050.jpg 1400w, https:\/\/www.immobilienbusiness.ch\/wp-content\/uploads\/2019\/06\/Areal_Zukunft-1867x1400.jpg 1867w\" sizes=\"auto, (max-width: 680px) 100vw, 680px\" \/><figcaption id=\"caption-attachment-17271\" class=\"wp-caption-text\">Voici \u00e0 quoi ressemblera un jour Pratteln Mitte (Visualisation : Bredella AG)<\/figcaption><\/figure>\n<p>La zone situ\u00e9e au nord de la gare de Pratteln est l'une des plus grandes zones de d\u00e9veloppement de B\u00e2le-Campagne. La commune de Pratteln veut y transformer, en collaboration avec des investisseurs, d'anciennes zones industrielles et commerciales en quartiers mixtes avec des utilisations r\u00e9sidentielles et professionnelles. Jusqu'\u00e0 2.500 personnes devraient pouvoir s'y installer d'ici 2030.<\/p>\n<p>D'une part, les anciens sites des entreprises Buss et Rohrbogen doivent se transformer en zone d'habitation Bredella, communique la commune. D'autre part, Logis Suisse va cr\u00e9er, avec la centrale de Pratteln, un quartier avec des espaces libres publics et un nouveau complexe scolaire et un gymnase triple.<\/p>\n<p>Sur le site de Bredella, d'une superficie de 87 100 m\u00b2, 175 000 m\u00b2 de surface de plancher seront construits en trois \u00e9tapes sur 20 ans. Plus des deux tiers de cette surface seront r\u00e9serv\u00e9s \u00e0 l'habitat. Il est \u00e9galement pr\u00e9vu de construire des b\u00e2timents \u00e0 usage public tels que des restaurants, des h\u00f4tels ou des commerces de d\u00e9tail, ainsi que des surfaces pour des bureaux et des services. Le propri\u00e9taire foncier du site est la soci\u00e9t\u00e9 Bredella AG, derri\u00e8re laquelle se trouve Hermann Alexander Beyeler. Le d\u00e9veloppeur du projet est HRS Real Estate, le projet d'urbanisme a \u00e9t\u00e9 con\u00e7u par Burkhardt + Partner de B\u00e2le.<\/p>\n<p>Le projet du bureau b\u00e2lois Bachelard Wagner Architekten et des architectes paysagistes Raderschallpartner de Meilen a remport\u00e9 le concours d'urbanisme pour le site central de Pratteln d'une superficie de 43.000 m\u00b2. Il pr\u00e9voit la cr\u00e9ation d'un parc de quartier d'environ 7.600 m\u00b2 au milieu d'un ensemble de constructions en bordure d'\u00eelot. La halle aux sheds et l'orangerie doivent \u00eatre conserv\u00e9es. Des bureaux et des commerces sont pr\u00e9vus dans la barre existante et le silo \u00e0 sucre. Au total, environ 470 logements sont propos\u00e9s.<\/p>\n<p><a href=\"https:\/\/www.bazonline.ch\/basel\/land\/pratteln-stampft-neuen-stadtteil-aus-dem-boden\/story\/23644239\">Selon un rapport de l <em>Basler Zeitung<\/em><\/a> environ 800 millions de CHF devraient \u00eatre investis dans les projets. <em>(ah)<\/em><\/p>","protected":false},"excerpt":{"rendered":"<p>Au nord de la gare de Pratteln, un nouveau quartier appel\u00e9 Pratteln Mitte doit voir le jour avec une utilisation mixte pour l'habitat et le commerce. <\/p>","protected":false},"author":3,"featured_media":17271,"comment_status":"closed","ping_status":"open","sticky":false,"template":"","format":"standard","meta":{"_acf_changed":false,"_yoast_wpseo_focuskw":"Pratteln","_yoast_wpseo_title":"","_yoast_wpseo_metadesc":"N\u00f6rdlich des Bahnhofs von Pratteln soll ein neuer Stadtteil namens Pratteln Mitte mit einer Mischnutzung f\u00fcr Wohnen und Gewerbe entstehen.","_yoast_wpseo_linkdex":76,"pgc_sgb_lightbox_settings":"","footnotes":""},"categories":[985],"tags":[1272,1318,1592,1600,1724,1863],"class_list":["post-17266","post","type-post","status-publish","format-standard","has-post-thumbnail","hentry","category-regionen","tag-gewerbeimmobilien","tag-hrs-real-estate","tag-pratteln","tag-projekt-in-planung","tag-stadtentwicklung","tag-wohnimmobilien"],"acf":[],"yoast_head":"<!-- This site is optimized with the Yoast SEO plugin v27.5 - https:\/\/yoast.com\/product\/yoast-seo-wordpress\/ -->\n<title>Pratteln: Neuer Stadtteil f\u00fcr 2.500 Bewohner - IMMOBILIEN Business<\/title>\n<meta name=\"description\" content=\"N\u00f6rdlich des Bahnhofs von Pratteln soll ein neuer Stadtteil namens Pratteln Mitte mit einer Mischnutzung f\u00fcr Wohnen und Gewerbe entstehen.\" \/>\n<meta name=\"robots\" content=\"index, follow, max-snippet:-1, max-image-preview:large, max-video-preview:-1\" \/>\n<link rel=\"canonical\" href=\"https:\/\/www.immobilienbusiness.ch\/fr\/regionen\/2019-06-06\/neuer-stadtteil-fuer-pratteln\/\" \/>\n<meta property=\"og:locale\" content=\"fr_FR\" \/>\n<meta property=\"og:type\" content=\"article\" \/>\n<meta property=\"og:title\" content=\"Pratteln: Neuer Stadtteil f\u00fcr 2.500 Bewohner - IMMOBILIEN Business\" \/>\n<meta property=\"og:description\" content=\"N\u00f6rdlich des Bahnhofs von Pratteln soll ein neuer Stadtteil namens Pratteln Mitte mit einer Mischnutzung f\u00fcr Wohnen und Gewerbe entstehen.\" \/>\n<meta property=\"og:url\" content=\"https:\/\/www.immobilienbusiness.ch\/fr\/regionen\/2019-06-06\/neuer-stadtteil-fuer-pratteln\/\" \/>\n<meta property=\"og:site_name\" content=\"IMMOBILIEN Business\" \/>\n<meta property=\"article:publisher\" content=\"https:\/\/www.facebook.com\/immobilienbusiness\/\" \/>\n<meta property=\"article:published_time\" content=\"2019-06-06T07:05:29+00:00\" \/>\n<meta property=\"og:image\" content=\"https:\/\/www.immobilienbusiness.ch\/wp-content\/uploads\/2019\/06\/Areal_Zukunft-1024x768.jpg\" \/>\n\t<meta property=\"og:image:width\" content=\"1024\" \/>\n\t<meta property=\"og:image:height\" content=\"768\" \/>\n\t<meta property=\"og:image:type\" content=\"image\/jpeg\" \/>\n<meta name=\"author\" content=\"anja.hall\" \/>\n<meta name=\"twitter:card\" content=\"summary_large_image\" \/>\n<meta name=\"twitter:image\" content=\"https:\/\/www.immobilienbusiness.ch\/wp-content\/uploads\/2019\/06\/Areal_Zukunft.jpg\" \/>\n<script type=\"application\/ld+json\" class=\"yoast-schema-graph\">{\"@context\":\"https:\\\/\\\/schema.org\",\"@graph\":[{\"@type\":\"Article\",\"@id\":\"https:\\\/\\\/www.immobilienbusiness.ch\\\/de\\\/regionen\\\/2019-06-06\\\/neuer-stadtteil-fuer-pratteln\\\/#article\",\"isPartOf\":{\"@id\":\"https:\\\/\\\/www.immobilienbusiness.ch\\\/de\\\/regionen\\\/2019-06-06\\\/neuer-stadtteil-fuer-pratteln\\\/\"},\"author\":{\"name\":\"anja.hall\",\"@id\":\"https:\\\/\\\/www.immobilienbusiness.ch\\\/#\\\/schema\\\/person\\\/3fc036297b10b9f42d6db5ee932af8c8\"},\"headline\":\"Pratteln: Neuer Stadtteil f\u00fcr 2.500 Bewohner\",\"datePublished\":\"2019-06-06T07:05:29+00:00\",\"mainEntityOfPage\":{\"@id\":\"https:\\\/\\\/www.immobilienbusiness.ch\\\/de\\\/regionen\\\/2019-06-06\\\/neuer-stadtteil-fuer-pratteln\\\/\"},\"wordCount\":265,\"publisher\":{\"@id\":\"https:\\\/\\\/www.immobilienbusiness.ch\\\/#organization\"},\"image\":{\"@id\":\"https:\\\/\\\/www.immobilienbusiness.ch\\\/de\\\/regionen\\\/2019-06-06\\\/neuer-stadtteil-fuer-pratteln\\\/#primaryimage\"},\"thumbnailUrl\":\"https:\\\/\\\/www.immobilienbusiness.ch\\\/wp-content\\\/uploads\\\/2019\\\/06\\\/Areal_Zukunft.jpg\",\"keywords\":[\"Gewerbeimmobilien\",\"HRS Real Estate\",\"Pratteln\",\"Projekt in Planung\",\"Stadtentwicklung\",\"Wohnimmobilien\"],\"articleSection\":[\"REGIONEN\"],\"inLanguage\":\"fr-FR\"},{\"@type\":\"WebPage\",\"@id\":\"https:\\\/\\\/www.immobilienbusiness.ch\\\/de\\\/regionen\\\/2019-06-06\\\/neuer-stadtteil-fuer-pratteln\\\/\",\"url\":\"https:\\\/\\\/www.immobilienbusiness.ch\\\/de\\\/regionen\\\/2019-06-06\\\/neuer-stadtteil-fuer-pratteln\\\/\",\"name\":\"Pratteln: Neuer Stadtteil f\u00fcr 2.500 Bewohner - IMMOBILIEN Business\",\"isPartOf\":{\"@id\":\"https:\\\/\\\/www.immobilienbusiness.ch\\\/#website\"},\"primaryImageOfPage\":{\"@id\":\"https:\\\/\\\/www.immobilienbusiness.ch\\\/de\\\/regionen\\\/2019-06-06\\\/neuer-stadtteil-fuer-pratteln\\\/#primaryimage\"},\"image\":{\"@id\":\"https:\\\/\\\/www.immobilienbusiness.ch\\\/de\\\/regionen\\\/2019-06-06\\\/neuer-stadtteil-fuer-pratteln\\\/#primaryimage\"},\"thumbnailUrl\":\"https:\\\/\\\/www.immobilienbusiness.ch\\\/wp-content\\\/uploads\\\/2019\\\/06\\\/Areal_Zukunft.jpg\",\"datePublished\":\"2019-06-06T07:05:29+00:00\",\"description\":\"N\u00f6rdlich des Bahnhofs von Pratteln soll ein neuer Stadtteil namens Pratteln Mitte mit einer Mischnutzung f\u00fcr Wohnen und Gewerbe entstehen.\",\"breadcrumb\":{\"@id\":\"https:\\\/\\\/www.immobilienbusiness.ch\\\/de\\\/regionen\\\/2019-06-06\\\/neuer-stadtteil-fuer-pratteln\\\/#breadcrumb\"},\"inLanguage\":\"fr-FR\",\"potentialAction\":[{\"@type\":\"ReadAction\",\"target\":[\"https:\\\/\\\/www.immobilienbusiness.ch\\\/de\\\/regionen\\\/2019-06-06\\\/neuer-stadtteil-fuer-pratteln\\\/\"]}]},{\"@type\":\"ImageObject\",\"inLanguage\":\"fr-FR\",\"@id\":\"https:\\\/\\\/www.immobilienbusiness.ch\\\/de\\\/regionen\\\/2019-06-06\\\/neuer-stadtteil-fuer-pratteln\\\/#primaryimage\",\"url\":\"https:\\\/\\\/www.immobilienbusiness.ch\\\/wp-content\\\/uploads\\\/2019\\\/06\\\/Areal_Zukunft.jpg\",\"contentUrl\":\"https:\\\/\\\/www.immobilienbusiness.ch\\\/wp-content\\\/uploads\\\/2019\\\/06\\\/Areal_Zukunft.jpg\",\"width\":1890,\"height\":1417,\"caption\":\"Blick auf das Bredella-Areal, f\u00fcr dessen westlichen Teil ein Quartierplan besteht (Visualisierung: Bredella AG)\"},{\"@type\":\"BreadcrumbList\",\"@id\":\"https:\\\/\\\/www.immobilienbusiness.ch\\\/de\\\/regionen\\\/2019-06-06\\\/neuer-stadtteil-fuer-pratteln\\\/#breadcrumb\",\"itemListElement\":[{\"@type\":\"ListItem\",\"position\":1,\"name\":\"Home\",\"item\":\"https:\\\/\\\/www.immobilienbusiness.ch\\\/\"},{\"@type\":\"ListItem\",\"position\":2,\"name\":\"Pratteln: Neuer Stadtteil f\u00fcr 2.500 Bewohner\"}]},{\"@type\":\"WebSite\",\"@id\":\"https:\\\/\\\/www.immobilienbusiness.ch\\\/#website\",\"url\":\"https:\\\/\\\/www.immobilienbusiness.ch\\\/\",\"name\":\"IMMOBILIEN Business\",\"description\":\"Unabh\u00e4ngiges Schweizer Wirtschaftsmagazin mit Fokus auf Immobilien, Architektur- und Bau sowie Investment- und Finanzierung.\",\"publisher\":{\"@id\":\"https:\\\/\\\/www.immobilienbusiness.ch\\\/#organization\"},\"potentialAction\":[{\"@type\":\"SearchAction\",\"target\":{\"@type\":\"EntryPoint\",\"urlTemplate\":\"https:\\\/\\\/www.immobilienbusiness.ch\\\/?s={search_term_string}\"},\"query-input\":{\"@type\":\"PropertyValueSpecification\",\"valueRequired\":true,\"valueName\":\"search_term_string\"}}],\"inLanguage\":\"fr-FR\"},{\"@type\":\"Organization\",\"@id\":\"https:\\\/\\\/www.immobilienbusiness.ch\\\/#organization\",\"name\":\"IMMOBILIEN Business\",\"url\":\"https:\\\/\\\/www.immobilienbusiness.ch\\\/\",\"logo\":{\"@type\":\"ImageObject\",\"inLanguage\":\"fr-FR\",\"@id\":\"https:\\\/\\\/www.immobilienbusiness.ch\\\/#\\\/schema\\\/logo\\\/image\\\/\",\"url\":\"https:\\\/\\\/www.immobilienbusiness.ch\\\/wp-content\\\/uploads\\\/2021\\\/07\\\/logo_ib.png\",\"contentUrl\":\"https:\\\/\\\/www.immobilienbusiness.ch\\\/wp-content\\\/uploads\\\/2021\\\/07\\\/logo_ib.png\",\"width\":800,\"height\":181,\"caption\":\"IMMOBILIEN Business\"},\"image\":{\"@id\":\"https:\\\/\\\/www.immobilienbusiness.ch\\\/#\\\/schema\\\/logo\\\/image\\\/\"},\"sameAs\":[\"https:\\\/\\\/www.facebook.com\\\/immobilienbusiness\\\/\"]},{\"@type\":\"Person\",\"@id\":\"https:\\\/\\\/www.immobilienbusiness.ch\\\/#\\\/schema\\\/person\\\/3fc036297b10b9f42d6db5ee932af8c8\",\"name\":\"anja.hall\",\"image\":{\"@type\":\"ImageObject\",\"inLanguage\":\"fr-FR\",\"@id\":\"https:\\\/\\\/secure.gravatar.com\\\/avatar\\\/066b5a0d447013502c71a5782f4f3469f03cfe595cc2329fb94652fe47511bfb?s=96&d=mm&r=g\",\"url\":\"https:\\\/\\\/secure.gravatar.com\\\/avatar\\\/066b5a0d447013502c71a5782f4f3469f03cfe595cc2329fb94652fe47511bfb?s=96&d=mm&r=g\",\"contentUrl\":\"https:\\\/\\\/secure.gravatar.com\\\/avatar\\\/066b5a0d447013502c71a5782f4f3469f03cfe595cc2329fb94652fe47511bfb?s=96&d=mm&r=g\",\"caption\":\"anja.hall\"},\"url\":\"https:\\\/\\\/www.immobilienbusiness.ch\\\/fr\\\/author\\\/anja-hall\\\/\"}]}<\/script>\n<!-- \/ Yoast SEO plugin. -->","yoast_head_json":{"title":"Pratteln: Neuer Stadtteil f\u00fcr 2.500 Bewohner - IMMOBILIEN Business","description":"Au nord de la gare de Pratteln, un nouveau quartier appel\u00e9 Pratteln Mitte doit voir le jour avec une utilisation mixte pour l'habitat et le commerce.","robots":{"index":"index","follow":"follow","max-snippet":"max-snippet:-1","max-image-preview":"max-image-preview:large","max-video-preview":"max-video-preview:-1"},"canonical":"https:\/\/www.immobilienbusiness.ch\/fr\/regionen\/2019-06-06\/neuer-stadtteil-fuer-pratteln\/","og_locale":"fr_FR","og_type":"article","og_title":"Pratteln: Neuer Stadtteil f\u00fcr 2.500 Bewohner - IMMOBILIEN Business","og_description":"N\u00f6rdlich des Bahnhofs von Pratteln soll ein neuer Stadtteil namens Pratteln Mitte mit einer Mischnutzung f\u00fcr Wohnen und Gewerbe entstehen.","og_url":"https:\/\/www.immobilienbusiness.ch\/fr\/regionen\/2019-06-06\/neuer-stadtteil-fuer-pratteln\/","og_site_name":"IMMOBILIEN Business","article_publisher":"https:\/\/www.facebook.com\/immobilienbusiness\/","article_published_time":"2019-06-06T07:05:29+00:00","og_image":[{"width":1024,"height":768,"url":"https:\/\/www.immobilienbusiness.ch\/wp-content\/uploads\/2019\/06\/Areal_Zukunft-1024x768.jpg","type":"image\/jpeg"}],"author":"anja.hall","twitter_card":"summary_large_image","twitter_image":"https:\/\/www.immobilienbusiness.ch\/wp-content\/uploads\/2019\/06\/Areal_Zukunft.jpg","schema":{"@context":"https:\/\/schema.org","@graph":[{"@type":"Article","@id":"https:\/\/www.immobilienbusiness.ch\/de\/regionen\/2019-06-06\/neuer-stadtteil-fuer-pratteln\/#article","isPartOf":{"@id":"https:\/\/www.immobilienbusiness.ch\/de\/regionen\/2019-06-06\/neuer-stadtteil-fuer-pratteln\/"},"author":{"name":"anja.hall","@id":"https:\/\/www.immobilienbusiness.ch\/#\/schema\/person\/3fc036297b10b9f42d6db5ee932af8c8"},"headline":"Pratteln: Neuer Stadtteil f\u00fcr 2.500 Bewohner","datePublished":"2019-06-06T07:05:29+00:00","mainEntityOfPage":{"@id":"https:\/\/www.immobilienbusiness.ch\/de\/regionen\/2019-06-06\/neuer-stadtteil-fuer-pratteln\/"},"wordCount":265,"publisher":{"@id":"https:\/\/www.immobilienbusiness.ch\/#organization"},"image":{"@id":"https:\/\/www.immobilienbusiness.ch\/de\/regionen\/2019-06-06\/neuer-stadtteil-fuer-pratteln\/#primaryimage"},"thumbnailUrl":"https:\/\/www.immobilienbusiness.ch\/wp-content\/uploads\/2019\/06\/Areal_Zukunft.jpg","keywords":["Gewerbeimmobilien","HRS Real Estate","Pratteln","Projekt in Planung","Stadtentwicklung","Wohnimmobilien"],"articleSection":["REGIONEN"],"inLanguage":"fr-FR"},{"@type":"WebPage","@id":"https:\/\/www.immobilienbusiness.ch\/de\/regionen\/2019-06-06\/neuer-stadtteil-fuer-pratteln\/","url":"https:\/\/www.immobilienbusiness.ch\/de\/regionen\/2019-06-06\/neuer-stadtteil-fuer-pratteln\/","name":"Pratteln: Neuer Stadtteil f\u00fcr 2.500 Bewohner - IMMOBILIEN Business","isPartOf":{"@id":"https:\/\/www.immobilienbusiness.ch\/#website"},"primaryImageOfPage":{"@id":"https:\/\/www.immobilienbusiness.ch\/de\/regionen\/2019-06-06\/neuer-stadtteil-fuer-pratteln\/#primaryimage"},"image":{"@id":"https:\/\/www.immobilienbusiness.ch\/de\/regionen\/2019-06-06\/neuer-stadtteil-fuer-pratteln\/#primaryimage"},"thumbnailUrl":"https:\/\/www.immobilienbusiness.ch\/wp-content\/uploads\/2019\/06\/Areal_Zukunft.jpg","datePublished":"2019-06-06T07:05:29+00:00","description":"Au nord de la gare de Pratteln, un nouveau quartier appel\u00e9 Pratteln Mitte doit voir le jour avec une utilisation mixte pour l'habitat et le commerce.","breadcrumb":{"@id":"https:\/\/www.immobilienbusiness.ch\/de\/regionen\/2019-06-06\/neuer-stadtteil-fuer-pratteln\/#breadcrumb"},"inLanguage":"fr-FR","potentialAction":[{"@type":"ReadAction","target":["https:\/\/www.immobilienbusiness.ch\/de\/regionen\/2019-06-06\/neuer-stadtteil-fuer-pratteln\/"]}]},{"@type":"ImageObject","inLanguage":"fr-FR","@id":"https:\/\/www.immobilienbusiness.ch\/de\/regionen\/2019-06-06\/neuer-stadtteil-fuer-pratteln\/#primaryimage","url":"https:\/\/www.immobilienbusiness.ch\/wp-content\/uploads\/2019\/06\/Areal_Zukunft.jpg","contentUrl":"https:\/\/www.immobilienbusiness.ch\/wp-content\/uploads\/2019\/06\/Areal_Zukunft.jpg","width":1890,"height":1417,"caption":"Blick auf das Bredella-Areal, f\u00fcr dessen westlichen Teil ein Quartierplan besteht (Visualisierung: Bredella AG)"},{"@type":"BreadcrumbList","@id":"https:\/\/www.immobilienbusiness.ch\/de\/regionen\/2019-06-06\/neuer-stadtteil-fuer-pratteln\/#breadcrumb","itemListElement":[{"@type":"ListItem","position":1,"name":"Home","item":"https:\/\/www.immobilienbusiness.ch\/"},{"@type":"ListItem","position":2,"name":"Pratteln: Neuer Stadtteil f\u00fcr 2.500 Bewohner"}]},{"@type":"WebSite","@id":"https:\/\/www.immobilienbusiness.ch\/#website","url":"https:\/\/www.immobilienbusiness.ch\/","name":"IMMOBILIER Business","description":"Magazine \u00e9conomique suisse ind\u00e9pendant ax\u00e9 sur l'immobilier, l'architecture et la construction ainsi que sur les investissements et le financement.","publisher":{"@id":"https:\/\/www.immobilienbusiness.ch\/#organization"},"potentialAction":[{"@type":"SearchAction","target":{"@type":"EntryPoint","urlTemplate":"https:\/\/www.immobilienbusiness.ch\/?s={search_term_string}"},"query-input":{"@type":"PropertyValueSpecification","valueRequired":true,"valueName":"search_term_string"}}],"inLanguage":"fr-FR"},{"@type":"Organization","@id":"https:\/\/www.immobilienbusiness.ch\/#organization","name":"IMMOBILIER Business","url":"https:\/\/www.immobilienbusiness.ch\/","logo":{"@type":"ImageObject","inLanguage":"fr-FR","@id":"https:\/\/www.immobilienbusiness.ch\/#\/schema\/logo\/image\/","url":"https:\/\/www.immobilienbusiness.ch\/wp-content\/uploads\/2021\/07\/logo_ib.png","contentUrl":"https:\/\/www.immobilienbusiness.ch\/wp-content\/uploads\/2021\/07\/logo_ib.png","width":800,"height":181,"caption":"IMMOBILIEN Business"},"image":{"@id":"https:\/\/www.immobilienbusiness.ch\/#\/schema\/logo\/image\/"},"sameAs":["https:\/\/www.facebook.com\/immobilienbusiness\/"]},{"@type":"Person","@id":"https:\/\/www.immobilienbusiness.ch\/#\/schema\/person\/3fc036297b10b9f42d6db5ee932af8c8","name":"anja.hall","image":{"@type":"ImageObject","inLanguage":"fr-FR","@id":"https:\/\/secure.gravatar.com\/avatar\/066b5a0d447013502c71a5782f4f3469f03cfe595cc2329fb94652fe47511bfb?s=96&d=mm&r=g","url":"https:\/\/secure.gravatar.com\/avatar\/066b5a0d447013502c71a5782f4f3469f03cfe595cc2329fb94652fe47511bfb?s=96&d=mm&r=g","contentUrl":"https:\/\/secure.gravatar.com\/avatar\/066b5a0d447013502c71a5782f4f3469f03cfe595cc2329fb94652fe47511bfb?s=96&d=mm&r=g","caption":"anja.hall"},"url":"https:\/\/www.immobilienbusiness.ch\/fr\/author\/anja-hall\/"}]}},"_links":{"self":[{"href":"https:\/\/www.immobilienbusiness.ch\/fr\/wp-json\/wp\/v2\/posts\/17266","targetHints":{"allow":["GET"]}}],"collection":[{"href":"https:\/\/www.immobilienbusiness.ch\/fr\/wp-json\/wp\/v2\/posts"}],"about":[{"href":"https:\/\/www.immobilienbusiness.ch\/fr\/wp-json\/wp\/v2\/types\/post"}],"author":[{"embeddable":true,"href":"https:\/\/www.immobilienbusiness.ch\/fr\/wp-json\/wp\/v2\/users\/3"}],"replies":[{"embeddable":true,"href":"https:\/\/www.immobilienbusiness.ch\/fr\/wp-json\/wp\/v2\/comments?post=17266"}],"version-history":[{"count":0,"href":"https:\/\/www.immobilienbusiness.ch\/fr\/wp-json\/wp\/v2\/posts\/17266\/revisions"}],"wp:featuredmedia":[{"embeddable":true,"href":"https:\/\/www.immobilienbusiness.ch\/fr\/wp-json\/wp\/v2\/media\/17271"}],"wp:attachment":[{"href":"https:\/\/www.immobilienbusiness.ch\/fr\/wp-json\/wp\/v2\/media?parent=17266"}],"wp:term":[{"taxonomy":"category","embeddable":true,"href":"https:\/\/www.immobilienbusiness.ch\/fr\/wp-json\/wp\/v2\/categories?post=17266"},{"taxonomy":"post_tag","embeddable":true,"href":"https:\/\/www.immobilienbusiness.ch\/fr\/wp-json\/wp\/v2\/tags?post=17266"}],"curies":[{"name":"wp","href":"https:\/\/api.w.org\/{rel}","templated":true}]}}