{"id":1714,"date":"2015-11-27T09:42:26","date_gmt":"2015-11-27T08:42:26","guid":{"rendered":"http:\/\/dev.immobilienbusiness.ch\/?p=1714"},"modified":"2015-11-27T09:42:26","modified_gmt":"2015-11-27T08:42:26","slug":"nach-kapitalerhoehung-zueblin-will-wieder-expandieren","status":"publish","type":"post","link":"https:\/\/www.immobilienbusiness.ch\/fr\/unternehmen\/2015-11-27\/nach-kapitalerhoehung-zueblin-will-wieder-expandieren\/","title":{"rendered":"Apr\u00e8s l'augmentation de capital : Z\u00fcblin veut \u00e0 nouveau se d\u00e9velopper"},"content":{"rendered":"<figure id=\"attachment_1715\" aria-describedby=\"caption-attachment-1715\" style=\"width: 680px\" class=\"wp-caption alignnone\"><img loading=\"lazy\" decoding=\"async\" class=\"size-medium wp-image-1715\" src=\"https:\/\/immobilienbusiness.ch\/wp-content\/uploads\/2016\/12\/Nach-Kapitalerh\u00f6hung-Z\u00fcblin-will-wieder-expandieren-immobilien-business.jpg\" alt=\"Plant Zuk\u00e4ufe: Z\u00fcblin-CEO und -VRP Iosif Bakaleynik (Foto: Z\u00fcblin Immobilien Holding AG)\" width=\"680\" height=\"469\" \/><figcaption id=\"caption-attachment-1715\" class=\"wp-caption-text\">Planifie des acquisitions : CEO et VRP de Z\u00fcblin Iosif Bakaleynik (Photo : Z\u00fcblin Immobilien Holding AG)<\/figcaption><\/figure>\n<p>Dans le cadre du n\u00e9goce des droits de souscription, qui s'est d\u00e9roul\u00e9 jusqu'au 24 novembre, 92,36 pour cent des nouvelles actions nominatives offertes ont \u00e9t\u00e9 souscrites. Les actions restantes seront propos\u00e9es \u00e0 la vente le 27 novembre 2015 dans le cadre d'une proc\u00e9dure de placement acc\u00e9l\u00e9r\u00e9e (accelerated bookbuilding) lors d'un placement public en Suisse et dans le cadre de placements priv\u00e9s aupr\u00e8s d'investisseurs institutionnels hors de Suisse et hors des \u00c9tats-Unis. Lamesa Holding S.A. reprendra les actions nominatives qui ne seront pas vendues dans le cadre du placement.<\/p>\n<p>Dr. Iosif Bakaleynik, CEO et pr\u00e9sident du conseil d'administration de Z\u00fcblin Immobilien Holding, a entre-temps annonc\u00e9 dans une interview avec <em>NZZ am Sonntag<\/em> l'achat de biens immobiliers. Z\u00fcblin se concentrerait ainsi sur des immeubles de bureaux et commerciaux en Allemagne, en Suisse et en Autriche. L'accent sera mis sur les emplacements B dans les villes A et les emplacements A dans les villes B. L'entreprise envisage \u00e9galement de revenir sur le march\u00e9 des capitaux, a d\u00e9clar\u00e9 Bakaleynik dans une interview \u00e0 la NZZ. A moyen terme, Z\u00fcblin vise une taille de portefeuille de 1 \u00e0 1,5 milliard de CHF.<\/p>\n<p>Les actionnaires de Z\u00fcblin avaient d\u00e9cid\u00e9 de prendre des mesures d'assainissement sous la forme d'une r\u00e9duction de capital associ\u00e9e \u00e0 une augmentation de capital simultan\u00e9e. Ces mesures \u00e9taient devenues n\u00e9cessaires en raison du faible taux de fonds propres de la holding immobili\u00e8re. A l'origine, la mesure de capital devait d\u00e9j\u00e0 avoir lieu \u00e0 la fin de l'\u00e9t\u00e9, mais elle a \u00e9t\u00e9 report\u00e9e en raison des turbulences sur les march\u00e9s financiers. (ah)<\/p>","protected":false},"excerpt":{"rendered":"<p>Z\u00fcblin Immobilien Holding SA veut utiliser les fonds de l'augmentation de capital actuellement en cours pour une expansion et des acquisitions. L'entreprise s'attend \u00e0 un produit net d'au moins 70 millions de CHF.<\/p>","protected":false},"author":1,"featured_media":1715,"comment_status":"open","ping_status":"open","sticky":false,"template":"","format":"standard","meta":{"_acf_changed":false,"_yoast_wpseo_focuskw":"Z\u00fcblin Expansion","_yoast_wpseo_title":"Z\u00fcblin Expansion: Kapitalerhohung und neue Ankaufe","_yoast_wpseo_metadesc":"Z\u00fcblin plant nach Kapitalerhohung den Ausbau des Portfolios mit B\u00fcro- und Gewerbeobjekten in Europa. Fokus auf A-Lagen in B-St\u00e4dten.","_yoast_wpseo_linkdex":59,"pgc_sgb_lightbox_settings":"","footnotes":""},"categories":[988],"tags":[1807],"class_list":["post-1714","post","type-post","status-publish","format-standard","has-post-thumbnail","hentry","category-unternehmen","tag-unternehmen"],"acf":[],"yoast_head":"<!-- This site is optimized with the Yoast SEO plugin v27.4 - https:\/\/yoast.com\/product\/yoast-seo-wordpress\/ -->\n<title>Z\u00fcblin Expansion: Kapitalerhohung und neue Ankaufe<\/title>\n<meta name=\"description\" content=\"Z\u00fcblin plant nach Kapitalerhohung den Ausbau des Portfolios mit B\u00fcro- und Gewerbeobjekten in Europa. Fokus auf A-Lagen in B-St\u00e4dten.\" \/>\n<meta name=\"robots\" content=\"index, follow, max-snippet:-1, max-image-preview:large, max-video-preview:-1\" \/>\n<link rel=\"canonical\" href=\"https:\/\/www.immobilienbusiness.ch\/fr\/unternehmen\/2015-11-27\/nach-kapitalerhoehung-zueblin-will-wieder-expandieren\/\" \/>\n<meta property=\"og:locale\" content=\"fr_FR\" \/>\n<meta property=\"og:type\" content=\"article\" \/>\n<meta property=\"og:title\" content=\"Nach Kapitalerh\u00f6hung: Z\u00fcblin will wieder expandieren\" \/>\n<meta property=\"og:description\" content=\"Die Z\u00fcblin Immobilien Holding AG will die Mittel aus der derzeit laufenden Kapitalerh\u00f6hung f\u00fcr eine Expansion und Zuk\u00e4ufe verwenden. Das Unternehmen rechnet mit einem Nettoerl\u00f6s von mindestens 70 Millionen CHF.\" \/>\n<meta property=\"og:url\" content=\"https:\/\/www.immobilienbusiness.ch\/fr\/unternehmen\/2015-11-27\/nach-kapitalerhoehung-zueblin-will-wieder-expandieren\/\" \/>\n<meta property=\"og:site_name\" content=\"IMMOBILIEN Business\" \/>\n<meta property=\"article:publisher\" content=\"https:\/\/www.facebook.com\/immobilienbusiness\/\" \/>\n<meta property=\"article:published_time\" content=\"2015-11-27T08:42:26+00:00\" \/>\n<meta name=\"author\" content=\"Redaktion\" \/>\n<meta name=\"twitter:card\" content=\"summary_large_image\" \/>\n<meta name=\"twitter:image\" content=\"https:\/\/www.immobilienbusiness.ch\/wp-content\/uploads\/2016\/12\/Nach-Kapitalerhoehung-Zueblin-will-wieder-expandieren-immobilien-business.jpg\" \/>\n<script type=\"application\/ld+json\" class=\"yoast-schema-graph\">{\"@context\":\"https:\\\/\\\/schema.org\",\"@graph\":[{\"@type\":\"Article\",\"@id\":\"https:\\\/\\\/www.immobilienbusiness.ch\\\/unternehmen\\\/2015-11-27\\\/nach-kapitalerhoehung-zueblin-will-wieder-expandieren\\\/#article\",\"isPartOf\":{\"@id\":\"https:\\\/\\\/www.immobilienbusiness.ch\\\/unternehmen\\\/2015-11-27\\\/nach-kapitalerhoehung-zueblin-will-wieder-expandieren\\\/\"},\"author\":{\"name\":\"Redaktion\",\"@id\":\"https:\\\/\\\/www.immobilienbusiness.ch\\\/#\\\/schema\\\/person\\\/aa2bace6c5c5aad60102004a50c4eb1c\"},\"headline\":\"Nach Kapitalerh\u00f6hung: Z\u00fcblin will wieder expandieren\",\"datePublished\":\"2015-11-27T08:42:26+00:00\",\"mainEntityOfPage\":{\"@id\":\"https:\\\/\\\/www.immobilienbusiness.ch\\\/unternehmen\\\/2015-11-27\\\/nach-kapitalerhoehung-zueblin-will-wieder-expandieren\\\/\"},\"wordCount\":233,\"commentCount\":0,\"publisher\":{\"@id\":\"https:\\\/\\\/www.immobilienbusiness.ch\\\/#organization\"},\"image\":{\"@id\":\"https:\\\/\\\/www.immobilienbusiness.ch\\\/unternehmen\\\/2015-11-27\\\/nach-kapitalerhoehung-zueblin-will-wieder-expandieren\\\/#primaryimage\"},\"thumbnailUrl\":\"https:\\\/\\\/www.immobilienbusiness.ch\\\/wp-content\\\/uploads\\\/2016\\\/12\\\/Nach-Kapitalerhoehung-Zueblin-will-wieder-expandieren-immobilien-business.jpg\",\"keywords\":[\"Unternehmen\"],\"articleSection\":[\"UNTERNEHMEN\"],\"inLanguage\":\"fr-FR\"},{\"@type\":\"WebPage\",\"@id\":\"https:\\\/\\\/www.immobilienbusiness.ch\\\/unternehmen\\\/2015-11-27\\\/nach-kapitalerhoehung-zueblin-will-wieder-expandieren\\\/\",\"url\":\"https:\\\/\\\/www.immobilienbusiness.ch\\\/unternehmen\\\/2015-11-27\\\/nach-kapitalerhoehung-zueblin-will-wieder-expandieren\\\/\",\"name\":\"Z\u00fcblin Expansion: Kapitalerhohung und neue Ankaufe\",\"isPartOf\":{\"@id\":\"https:\\\/\\\/www.immobilienbusiness.ch\\\/#website\"},\"primaryImageOfPage\":{\"@id\":\"https:\\\/\\\/www.immobilienbusiness.ch\\\/unternehmen\\\/2015-11-27\\\/nach-kapitalerhoehung-zueblin-will-wieder-expandieren\\\/#primaryimage\"},\"image\":{\"@id\":\"https:\\\/\\\/www.immobilienbusiness.ch\\\/unternehmen\\\/2015-11-27\\\/nach-kapitalerhoehung-zueblin-will-wieder-expandieren\\\/#primaryimage\"},\"thumbnailUrl\":\"https:\\\/\\\/www.immobilienbusiness.ch\\\/wp-content\\\/uploads\\\/2016\\\/12\\\/Nach-Kapitalerhoehung-Zueblin-will-wieder-expandieren-immobilien-business.jpg\",\"datePublished\":\"2015-11-27T08:42:26+00:00\",\"description\":\"Z\u00fcblin plant nach Kapitalerhohung den Ausbau des Portfolios mit B\u00fcro- und Gewerbeobjekten in Europa. Fokus auf A-Lagen in B-St\u00e4dten.\",\"breadcrumb\":{\"@id\":\"https:\\\/\\\/www.immobilienbusiness.ch\\\/unternehmen\\\/2015-11-27\\\/nach-kapitalerhoehung-zueblin-will-wieder-expandieren\\\/#breadcrumb\"},\"inLanguage\":\"fr-FR\",\"potentialAction\":[{\"@type\":\"ReadAction\",\"target\":[\"https:\\\/\\\/www.immobilienbusiness.ch\\\/unternehmen\\\/2015-11-27\\\/nach-kapitalerhoehung-zueblin-will-wieder-expandieren\\\/\"]}]},{\"@type\":\"ImageObject\",\"inLanguage\":\"fr-FR\",\"@id\":\"https:\\\/\\\/www.immobilienbusiness.ch\\\/unternehmen\\\/2015-11-27\\\/nach-kapitalerhoehung-zueblin-will-wieder-expandieren\\\/#primaryimage\",\"url\":\"https:\\\/\\\/www.immobilienbusiness.ch\\\/wp-content\\\/uploads\\\/2016\\\/12\\\/Nach-Kapitalerhoehung-Zueblin-will-wieder-expandieren-immobilien-business.jpg\",\"contentUrl\":\"https:\\\/\\\/www.immobilienbusiness.ch\\\/wp-content\\\/uploads\\\/2016\\\/12\\\/Nach-Kapitalerhoehung-Zueblin-will-wieder-expandieren-immobilien-business.jpg\",\"width\":900,\"height\":621,\"caption\":\"Plant Zuk\u00e4ufe: Z\u00fcblin-CEO und -VRP Iosif Bakaleynik (Foto: Z\u00fcblin Immobilien Holding AG)\"},{\"@type\":\"BreadcrumbList\",\"@id\":\"https:\\\/\\\/www.immobilienbusiness.ch\\\/unternehmen\\\/2015-11-27\\\/nach-kapitalerhoehung-zueblin-will-wieder-expandieren\\\/#breadcrumb\",\"itemListElement\":[{\"@type\":\"ListItem\",\"position\":1,\"name\":\"Home\",\"item\":\"https:\\\/\\\/www.immobilienbusiness.ch\\\/\"},{\"@type\":\"ListItem\",\"position\":2,\"name\":\"Nach Kapitalerh\u00f6hung: Z\u00fcblin will wieder expandieren\"}]},{\"@type\":\"WebSite\",\"@id\":\"https:\\\/\\\/www.immobilienbusiness.ch\\\/#website\",\"url\":\"https:\\\/\\\/www.immobilienbusiness.ch\\\/\",\"name\":\"IMMOBILIEN Business\",\"description\":\"Unabh\u00e4ngiges Schweizer Wirtschaftsmagazin mit Fokus auf Immobilien, Architektur- und Bau sowie Investment- und Finanzierung.\",\"publisher\":{\"@id\":\"https:\\\/\\\/www.immobilienbusiness.ch\\\/#organization\"},\"potentialAction\":[{\"@type\":\"SearchAction\",\"target\":{\"@type\":\"EntryPoint\",\"urlTemplate\":\"https:\\\/\\\/www.immobilienbusiness.ch\\\/?s={search_term_string}\"},\"query-input\":{\"@type\":\"PropertyValueSpecification\",\"valueRequired\":true,\"valueName\":\"search_term_string\"}}],\"inLanguage\":\"fr-FR\"},{\"@type\":\"Organization\",\"@id\":\"https:\\\/\\\/www.immobilienbusiness.ch\\\/#organization\",\"name\":\"IMMOBILIEN Business\",\"url\":\"https:\\\/\\\/www.immobilienbusiness.ch\\\/\",\"logo\":{\"@type\":\"ImageObject\",\"inLanguage\":\"fr-FR\",\"@id\":\"https:\\\/\\\/www.immobilienbusiness.ch\\\/#\\\/schema\\\/logo\\\/image\\\/\",\"url\":\"https:\\\/\\\/www.immobilienbusiness.ch\\\/wp-content\\\/uploads\\\/2021\\\/07\\\/logo_ib.png\",\"contentUrl\":\"https:\\\/\\\/www.immobilienbusiness.ch\\\/wp-content\\\/uploads\\\/2021\\\/07\\\/logo_ib.png\",\"width\":800,\"height\":181,\"caption\":\"IMMOBILIEN Business\"},\"image\":{\"@id\":\"https:\\\/\\\/www.immobilienbusiness.ch\\\/#\\\/schema\\\/logo\\\/image\\\/\"},\"sameAs\":[\"https:\\\/\\\/www.facebook.com\\\/immobilienbusiness\\\/\"]},{\"@type\":\"Person\",\"@id\":\"https:\\\/\\\/www.immobilienbusiness.ch\\\/#\\\/schema\\\/person\\\/aa2bace6c5c5aad60102004a50c4eb1c\",\"name\":\"Redaktion\",\"image\":{\"@type\":\"ImageObject\",\"inLanguage\":\"fr-FR\",\"@id\":\"https:\\\/\\\/secure.gravatar.com\\\/avatar\\\/ae2f4d718e6c49043e314ce431e7e645d646302a24a5ef5a8bc8e3f5a032e319?s=96&d=mm&r=g\",\"url\":\"https:\\\/\\\/secure.gravatar.com\\\/avatar\\\/ae2f4d718e6c49043e314ce431e7e645d646302a24a5ef5a8bc8e3f5a032e319?s=96&d=mm&r=g\",\"contentUrl\":\"https:\\\/\\\/secure.gravatar.com\\\/avatar\\\/ae2f4d718e6c49043e314ce431e7e645d646302a24a5ef5a8bc8e3f5a032e319?s=96&d=mm&r=g\",\"caption\":\"Redaktion\"},\"sameAs\":[\"http:\\\/\\\/develop.organisator.galledia.ch\"],\"url\":\"https:\\\/\\\/www.immobilienbusiness.ch\\\/fr\\\/author\\\/admin\\\/\"}]}<\/script>\n<!-- \/ Yoast SEO plugin. -->","yoast_head_json":{"title":"Z\u00fcblin Expansion: Kapitalerhohung und neue Ankaufe","description":"Z\u00fcblin plant nach Kapitalerhohung den Ausbau des Portfolios mit B\u00fcro- und Gewerbeobjekten in Europa. Fokus auf A-Lagen in B-St\u00e4dten.","robots":{"index":"index","follow":"follow","max-snippet":"max-snippet:-1","max-image-preview":"max-image-preview:large","max-video-preview":"max-video-preview:-1"},"canonical":"https:\/\/www.immobilienbusiness.ch\/fr\/unternehmen\/2015-11-27\/nach-kapitalerhoehung-zueblin-will-wieder-expandieren\/","og_locale":"fr_FR","og_type":"article","og_title":"Nach Kapitalerh\u00f6hung: Z\u00fcblin will wieder expandieren","og_description":"Die Z\u00fcblin Immobilien Holding AG will die Mittel aus der derzeit laufenden Kapitalerh\u00f6hung f\u00fcr eine Expansion und Zuk\u00e4ufe verwenden. Das Unternehmen rechnet mit einem Nettoerl\u00f6s von mindestens 70 Millionen CHF.","og_url":"https:\/\/www.immobilienbusiness.ch\/fr\/unternehmen\/2015-11-27\/nach-kapitalerhoehung-zueblin-will-wieder-expandieren\/","og_site_name":"IMMOBILIEN Business","article_publisher":"https:\/\/www.facebook.com\/immobilienbusiness\/","article_published_time":"2015-11-27T08:42:26+00:00","author":"Redaktion","twitter_card":"summary_large_image","twitter_image":"https:\/\/www.immobilienbusiness.ch\/wp-content\/uploads\/2016\/12\/Nach-Kapitalerhoehung-Zueblin-will-wieder-expandieren-immobilien-business.jpg","schema":{"@context":"https:\/\/schema.org","@graph":[{"@type":"Article","@id":"https:\/\/www.immobilienbusiness.ch\/unternehmen\/2015-11-27\/nach-kapitalerhoehung-zueblin-will-wieder-expandieren\/#article","isPartOf":{"@id":"https:\/\/www.immobilienbusiness.ch\/unternehmen\/2015-11-27\/nach-kapitalerhoehung-zueblin-will-wieder-expandieren\/"},"author":{"name":"Redaktion","@id":"https:\/\/www.immobilienbusiness.ch\/#\/schema\/person\/aa2bace6c5c5aad60102004a50c4eb1c"},"headline":"Nach Kapitalerh\u00f6hung: Z\u00fcblin will wieder expandieren","datePublished":"2015-11-27T08:42:26+00:00","mainEntityOfPage":{"@id":"https:\/\/www.immobilienbusiness.ch\/unternehmen\/2015-11-27\/nach-kapitalerhoehung-zueblin-will-wieder-expandieren\/"},"wordCount":233,"commentCount":0,"publisher":{"@id":"https:\/\/www.immobilienbusiness.ch\/#organization"},"image":{"@id":"https:\/\/www.immobilienbusiness.ch\/unternehmen\/2015-11-27\/nach-kapitalerhoehung-zueblin-will-wieder-expandieren\/#primaryimage"},"thumbnailUrl":"https:\/\/www.immobilienbusiness.ch\/wp-content\/uploads\/2016\/12\/Nach-Kapitalerhoehung-Zueblin-will-wieder-expandieren-immobilien-business.jpg","keywords":["Unternehmen"],"articleSection":["UNTERNEHMEN"],"inLanguage":"fr-FR"},{"@type":"WebPage","@id":"https:\/\/www.immobilienbusiness.ch\/unternehmen\/2015-11-27\/nach-kapitalerhoehung-zueblin-will-wieder-expandieren\/","url":"https:\/\/www.immobilienbusiness.ch\/unternehmen\/2015-11-27\/nach-kapitalerhoehung-zueblin-will-wieder-expandieren\/","name":"Z\u00fcblin Expansion: Kapitalerhohung und neue Ankaufe","isPartOf":{"@id":"https:\/\/www.immobilienbusiness.ch\/#website"},"primaryImageOfPage":{"@id":"https:\/\/www.immobilienbusiness.ch\/unternehmen\/2015-11-27\/nach-kapitalerhoehung-zueblin-will-wieder-expandieren\/#primaryimage"},"image":{"@id":"https:\/\/www.immobilienbusiness.ch\/unternehmen\/2015-11-27\/nach-kapitalerhoehung-zueblin-will-wieder-expandieren\/#primaryimage"},"thumbnailUrl":"https:\/\/www.immobilienbusiness.ch\/wp-content\/uploads\/2016\/12\/Nach-Kapitalerhoehung-Zueblin-will-wieder-expandieren-immobilien-business.jpg","datePublished":"2015-11-27T08:42:26+00:00","description":"Z\u00fcblin plant nach Kapitalerhohung den Ausbau des Portfolios mit B\u00fcro- und Gewerbeobjekten in Europa. Fokus auf A-Lagen in B-St\u00e4dten.","breadcrumb":{"@id":"https:\/\/www.immobilienbusiness.ch\/unternehmen\/2015-11-27\/nach-kapitalerhoehung-zueblin-will-wieder-expandieren\/#breadcrumb"},"inLanguage":"fr-FR","potentialAction":[{"@type":"ReadAction","target":["https:\/\/www.immobilienbusiness.ch\/unternehmen\/2015-11-27\/nach-kapitalerhoehung-zueblin-will-wieder-expandieren\/"]}]},{"@type":"ImageObject","inLanguage":"fr-FR","@id":"https:\/\/www.immobilienbusiness.ch\/unternehmen\/2015-11-27\/nach-kapitalerhoehung-zueblin-will-wieder-expandieren\/#primaryimage","url":"https:\/\/www.immobilienbusiness.ch\/wp-content\/uploads\/2016\/12\/Nach-Kapitalerhoehung-Zueblin-will-wieder-expandieren-immobilien-business.jpg","contentUrl":"https:\/\/www.immobilienbusiness.ch\/wp-content\/uploads\/2016\/12\/Nach-Kapitalerhoehung-Zueblin-will-wieder-expandieren-immobilien-business.jpg","width":900,"height":621,"caption":"Plant Zuk\u00e4ufe: Z\u00fcblin-CEO und -VRP Iosif Bakaleynik (Foto: Z\u00fcblin Immobilien Holding AG)"},{"@type":"BreadcrumbList","@id":"https:\/\/www.immobilienbusiness.ch\/unternehmen\/2015-11-27\/nach-kapitalerhoehung-zueblin-will-wieder-expandieren\/#breadcrumb","itemListElement":[{"@type":"ListItem","position":1,"name":"Home","item":"https:\/\/www.immobilienbusiness.ch\/"},{"@type":"ListItem","position":2,"name":"Nach Kapitalerh\u00f6hung: Z\u00fcblin will wieder expandieren"}]},{"@type":"WebSite","@id":"https:\/\/www.immobilienbusiness.ch\/#website","url":"https:\/\/www.immobilienbusiness.ch\/","name":"IMMOBILIER Business","description":"Magazine \u00e9conomique suisse ind\u00e9pendant ax\u00e9 sur l'immobilier, l'architecture et la construction ainsi que sur les investissements et le financement.","publisher":{"@id":"https:\/\/www.immobilienbusiness.ch\/#organization"},"potentialAction":[{"@type":"SearchAction","target":{"@type":"EntryPoint","urlTemplate":"https:\/\/www.immobilienbusiness.ch\/?s={search_term_string}"},"query-input":{"@type":"PropertyValueSpecification","valueRequired":true,"valueName":"search_term_string"}}],"inLanguage":"fr-FR"},{"@type":"Organization","@id":"https:\/\/www.immobilienbusiness.ch\/#organization","name":"IMMOBILIER Business","url":"https:\/\/www.immobilienbusiness.ch\/","logo":{"@type":"ImageObject","inLanguage":"fr-FR","@id":"https:\/\/www.immobilienbusiness.ch\/#\/schema\/logo\/image\/","url":"https:\/\/www.immobilienbusiness.ch\/wp-content\/uploads\/2021\/07\/logo_ib.png","contentUrl":"https:\/\/www.immobilienbusiness.ch\/wp-content\/uploads\/2021\/07\/logo_ib.png","width":800,"height":181,"caption":"IMMOBILIEN Business"},"image":{"@id":"https:\/\/www.immobilienbusiness.ch\/#\/schema\/logo\/image\/"},"sameAs":["https:\/\/www.facebook.com\/immobilienbusiness\/"]},{"@type":"Person","@id":"https:\/\/www.immobilienbusiness.ch\/#\/schema\/person\/aa2bace6c5c5aad60102004a50c4eb1c","name":"Editorial","image":{"@type":"ImageObject","inLanguage":"fr-FR","@id":"https:\/\/secure.gravatar.com\/avatar\/ae2f4d718e6c49043e314ce431e7e645d646302a24a5ef5a8bc8e3f5a032e319?s=96&d=mm&r=g","url":"https:\/\/secure.gravatar.com\/avatar\/ae2f4d718e6c49043e314ce431e7e645d646302a24a5ef5a8bc8e3f5a032e319?s=96&d=mm&r=g","contentUrl":"https:\/\/secure.gravatar.com\/avatar\/ae2f4d718e6c49043e314ce431e7e645d646302a24a5ef5a8bc8e3f5a032e319?s=96&d=mm&r=g","caption":"Redaktion"},"sameAs":["http:\/\/develop.organisator.galledia.ch"],"url":"https:\/\/www.immobilienbusiness.ch\/fr\/author\/admin\/"}]}},"_links":{"self":[{"href":"https:\/\/www.immobilienbusiness.ch\/fr\/wp-json\/wp\/v2\/posts\/1714","targetHints":{"allow":["GET"]}}],"collection":[{"href":"https:\/\/www.immobilienbusiness.ch\/fr\/wp-json\/wp\/v2\/posts"}],"about":[{"href":"https:\/\/www.immobilienbusiness.ch\/fr\/wp-json\/wp\/v2\/types\/post"}],"author":[{"embeddable":true,"href":"https:\/\/www.immobilienbusiness.ch\/fr\/wp-json\/wp\/v2\/users\/1"}],"replies":[{"embeddable":true,"href":"https:\/\/www.immobilienbusiness.ch\/fr\/wp-json\/wp\/v2\/comments?post=1714"}],"version-history":[{"count":0,"href":"https:\/\/www.immobilienbusiness.ch\/fr\/wp-json\/wp\/v2\/posts\/1714\/revisions"}],"wp:featuredmedia":[{"embeddable":true,"href":"https:\/\/www.immobilienbusiness.ch\/fr\/wp-json\/wp\/v2\/media\/1715"}],"wp:attachment":[{"href":"https:\/\/www.immobilienbusiness.ch\/fr\/wp-json\/wp\/v2\/media?parent=1714"}],"wp:term":[{"taxonomy":"category","embeddable":true,"href":"https:\/\/www.immobilienbusiness.ch\/fr\/wp-json\/wp\/v2\/categories?post=1714"},{"taxonomy":"post_tag","embeddable":true,"href":"https:\/\/www.immobilienbusiness.ch\/fr\/wp-json\/wp\/v2\/tags?post=1714"}],"curies":[{"name":"wp","href":"https:\/\/api.w.org\/{rel}","templated":true}]}}