{"id":16987,"date":"2019-05-17T08:39:40","date_gmt":"2019-05-17T06:39:40","guid":{"rendered":"https:\/\/www.immobilienbusiness.ch\/?p=16987"},"modified":"2019-05-17T08:39:40","modified_gmt":"2019-05-17T06:39:40","slug":"pratteln-studienauftrag-fuer-salina-raurica-ist-abgeschlossen","status":"publish","type":"post","link":"https:\/\/www.immobilienbusiness.ch\/fr\/regionen\/2019-05-17\/pratteln-studienauftrag-fuer-salina-raurica-ist-abgeschlossen\/","title":{"rendered":"La ville de Pratteln : Le mandat d'\u00e9tude pour Salina Raurica est termin\u00e9"},"content":{"rendered":"<figure id=\"attachment_17028\" aria-describedby=\"caption-attachment-17028\" style=\"width: 680px\" class=\"wp-caption alignnone\"><img loading=\"lazy\" decoding=\"async\" class=\"size-medium wp-image-17028\" src=\"https:\/\/www.immobilienbusiness.ch\/wp-content\/uploads\/2019\/05\/190513_visualisierung_sro_2etappe_vollausbau_web.jpg__1000x1000_q60_subsampling-2.jpg\" alt=\"\" width=\"680\" height=\"496\" srcset=\"https:\/\/www.immobilienbusiness.ch\/wp-content\/uploads\/2019\/05\/190513_visualisierung_sro_2etappe_vollausbau_web.jpg__1000x1000_q60_subsampling-2.jpg 1000w, https:\/\/www.immobilienbusiness.ch\/wp-content\/uploads\/2019\/05\/190513_visualisierung_sro_2etappe_vollausbau_web.jpg__1000x1000_q60_subsampling-2-300x219.jpg 300w, https:\/\/www.immobilienbusiness.ch\/wp-content\/uploads\/2019\/05\/190513_visualisierung_sro_2etappe_vollausbau_web.jpg__1000x1000_q60_subsampling-2-768x560.jpg 768w, https:\/\/www.immobilienbusiness.ch\/wp-content\/uploads\/2019\/05\/190513_visualisierung_sro_2etappe_vollausbau_web.jpg__1000x1000_q60_subsampling-2-16x12.jpg 16w, https:\/\/www.immobilienbusiness.ch\/wp-content\/uploads\/2019\/05\/190513_visualisierung_sro_2etappe_vollausbau_web.jpg__1000x1000_q60_subsampling-2-240x175.jpg 240w, https:\/\/www.immobilienbusiness.ch\/wp-content\/uploads\/2019\/05\/190513_visualisierung_sro_2etappe_vollausbau_web.jpg__1000x1000_q60_subsampling-2-480x350.jpg 480w, https:\/\/www.immobilienbusiness.ch\/wp-content\/uploads\/2019\/05\/190513_visualisierung_sro_2etappe_vollausbau_web.jpg__1000x1000_q60_subsampling-2-920x671.jpg 920w\" sizes=\"auto, (max-width: 680px) 100vw, 680px\" \/><figcaption id=\"caption-attachment-17028\" class=\"wp-caption-text\">Voici \u00e0 quoi ressemblera un jour la zone de d\u00e9veloppement de Salina Raurica Est (visualisation, source : Losinger Marazzi)<\/figcaption><\/figure>\n<p>Actuellement, le site de Salina Raurica Est est en grande partie non construit. A partir de 2023, le promoteur Losinger Marazzi, la commune de Pratteln et le canton de B\u00e2le-Campagne veulent y r\u00e9aliser un nouveau quartier en plusieurs \u00e9tapes. Il est pr\u00e9vu de construire des logements pour 2 500 personnes et de cr\u00e9er autant de nouveaux emplois dans le secteur \u00e0 forte valeur ajout\u00e9e.<\/p>\n<p>La concr\u00e9tisation du projet fait d\u00e9sormais un grand pas en avant. Fin mars 2019, un comit\u00e9 d'\u00e9valuation interdisciplinaire a recommand\u00e9 \u00e0 l'unanimit\u00e9 la poursuite du projet urbanistique de l'\u00e9quipe Hosoya Schaefer Architects. Le projet a \u00e9t\u00e9 pr\u00e9sent\u00e9 au public \u00e0 la mi-mai.<\/p>\n<p>Il pr\u00e9voit, sur le c\u00f4t\u00e9 ouest du site, le quartier commercial Tor zur Schweiz et, au centre, le quartier Salinenhof - une zone r\u00e9sidentielle organis\u00e9e en blocs individuels. Deux points hauts de 75 m de hauteur sont propos\u00e9s \u00e0 Tor zur Schweiz et \u00e0 la Netzibodenstrasse.<\/p>\n<p>Le long de la voie ferr\u00e9e, Hosoya Schaefer a pr\u00e9vu une zone mixte. Des entreprises doivent s'installer dans la partie sud-ouest. La zone sera divis\u00e9e en secteurs de construction ind\u00e9pendants qui s'organiseront autour d'une place centrale et d'un complexe de b\u00e2timents.<\/p>\n<p>La zone est desservie par l'avenue des Salines, orient\u00e9e est-ouest, qui relie la place de la gare \u00e0 la porte de la Suisse. Le long de cette avenue seront implant\u00e9es les utilisations du nouveau quartier orient\u00e9es vers le public. Le parc des sept juments relie la zone au Rhin.<\/p>\n<p>Au cours des prochains mois, un plan-cadre sera \u00e9labor\u00e9, sur la base duquel le remembrement des terrains \u00e0 b\u00e2tir sera effectu\u00e9. Ensuite, des plans de quartier individuels seront d\u00e9velopp\u00e9s. Un premier plan de quartier de ce type pour un projet pilote de 60.000 \u00e0 80.000 m\u00b2 devrait \u00eatre pr\u00eat d'ici mi-2022. Le premier coup de pioche sera donn\u00e9 au plus t\u00f4t en 2023. <em>(ah)<\/em><\/p>","protected":false},"excerpt":{"rendered":"<p>\u00c0 Pratteln (BL), le site de Salina Raurica Est, d'une superficie de 200 000 m\u00b2, doit \u00eatre d\u00e9velopp\u00e9 en un quartier urbain. Le mandat d'\u00e9tude a \u00e9t\u00e9 remport\u00e9 par Hosoya Schaefer Architects.<\/p>","protected":false},"author":3,"featured_media":17028,"comment_status":"closed","ping_status":"open","sticky":false,"template":"","format":"standard","meta":{"_acf_changed":false,"_yoast_wpseo_focuskw":"Salina Raurica","_yoast_wpseo_title":"","_yoast_wpseo_metadesc":"In Pratteln soll das 200.000 qm grosse Areal Salina Raurica Ost zu einem Stadtquartier entwickelt werden. Den Studienauftrag haben Hosoya Schaefer gewonnen.","_yoast_wpseo_linkdex":78,"pgc_sgb_lightbox_settings":"","footnotes":""},"categories":[985],"tags":[1272,1454,1592,1600,1724,1863],"class_list":["post-16987","post","type-post","status-publish","format-standard","has-post-thumbnail","hentry","category-regionen","tag-gewerbeimmobilien","tag-losinger-marazzi","tag-pratteln","tag-projekt-in-planung","tag-stadtentwicklung","tag-wohnimmobilien"],"acf":[],"yoast_head":"<!-- This site is optimized with the Yoast SEO plugin v27.4 - https:\/\/yoast.com\/product\/yoast-seo-wordpress\/ -->\n<title>Pratteln: Studienauftrag f\u00fcr Salina Raurica ist abgeschlossen - IMMOBILIEN Business<\/title>\n<meta name=\"description\" content=\"In Pratteln soll das 200.000 qm grosse Areal Salina Raurica Ost zu einem Stadtquartier entwickelt werden. Den Studienauftrag haben Hosoya Schaefer gewonnen.\" \/>\n<meta name=\"robots\" content=\"index, follow, max-snippet:-1, max-image-preview:large, max-video-preview:-1\" \/>\n<link rel=\"canonical\" href=\"https:\/\/www.immobilienbusiness.ch\/fr\/regionen\/2019-05-17\/pratteln-studienauftrag-fuer-salina-raurica-ist-abgeschlossen\/\" \/>\n<meta property=\"og:locale\" content=\"fr_FR\" \/>\n<meta property=\"og:type\" content=\"article\" \/>\n<meta property=\"og:title\" content=\"Pratteln: Studienauftrag f\u00fcr Salina Raurica ist abgeschlossen - IMMOBILIEN Business\" \/>\n<meta property=\"og:description\" content=\"In Pratteln soll das 200.000 qm grosse Areal Salina Raurica Ost zu einem Stadtquartier entwickelt werden. Den Studienauftrag haben Hosoya Schaefer gewonnen.\" \/>\n<meta property=\"og:url\" content=\"https:\/\/www.immobilienbusiness.ch\/fr\/regionen\/2019-05-17\/pratteln-studienauftrag-fuer-salina-raurica-ist-abgeschlossen\/\" \/>\n<meta property=\"og:site_name\" content=\"IMMOBILIEN Business\" \/>\n<meta property=\"article:publisher\" content=\"https:\/\/www.facebook.com\/immobilienbusiness\/\" \/>\n<meta property=\"article:published_time\" content=\"2019-05-17T06:39:40+00:00\" \/>\n<meta property=\"og:image\" content=\"https:\/\/www.immobilienbusiness.ch\/wp-content\/uploads\/2019\/05\/190513_visualisierung_sro_2etappe_vollausbau_web.jpg__1000x1000_q60_subsampling-2.jpg\" \/>\n\t<meta property=\"og:image:width\" content=\"1000\" \/>\n\t<meta property=\"og:image:height\" content=\"729\" \/>\n\t<meta property=\"og:image:type\" content=\"image\/jpeg\" \/>\n<meta name=\"author\" content=\"anja.hall\" \/>\n<meta name=\"twitter:card\" content=\"summary_large_image\" \/>\n<meta name=\"twitter:image\" content=\"https:\/\/www.immobilienbusiness.ch\/wp-content\/uploads\/2019\/05\/190513_visualisierung_sro_2etappe_vollausbau_web.jpg__1000x1000_q60_subsampling-2.jpg\" \/>\n<script type=\"application\/ld+json\" class=\"yoast-schema-graph\">{\"@context\":\"https:\\\/\\\/schema.org\",\"@graph\":[{\"@type\":\"Article\",\"@id\":\"https:\\\/\\\/www.immobilienbusiness.ch\\\/de\\\/regionen\\\/2019-05-17\\\/pratteln-studienauftrag-fuer-salina-raurica-ist-abgeschlossen\\\/#article\",\"isPartOf\":{\"@id\":\"https:\\\/\\\/www.immobilienbusiness.ch\\\/de\\\/regionen\\\/2019-05-17\\\/pratteln-studienauftrag-fuer-salina-raurica-ist-abgeschlossen\\\/\"},\"author\":{\"name\":\"anja.hall\",\"@id\":\"https:\\\/\\\/www.immobilienbusiness.ch\\\/#\\\/schema\\\/person\\\/3fc036297b10b9f42d6db5ee932af8c8\"},\"headline\":\"Pratteln: Studienauftrag f\u00fcr Salina Raurica ist abgeschlossen\",\"datePublished\":\"2019-05-17T06:39:40+00:00\",\"mainEntityOfPage\":{\"@id\":\"https:\\\/\\\/www.immobilienbusiness.ch\\\/de\\\/regionen\\\/2019-05-17\\\/pratteln-studienauftrag-fuer-salina-raurica-ist-abgeschlossen\\\/\"},\"wordCount\":281,\"publisher\":{\"@id\":\"https:\\\/\\\/www.immobilienbusiness.ch\\\/#organization\"},\"image\":{\"@id\":\"https:\\\/\\\/www.immobilienbusiness.ch\\\/de\\\/regionen\\\/2019-05-17\\\/pratteln-studienauftrag-fuer-salina-raurica-ist-abgeschlossen\\\/#primaryimage\"},\"thumbnailUrl\":\"https:\\\/\\\/www.immobilienbusiness.ch\\\/wp-content\\\/uploads\\\/2019\\\/05\\\/190513_visualisierung_sro_2etappe_vollausbau_web.jpg__1000x1000_q60_subsampling-2.jpg\",\"keywords\":[\"Gewerbeimmobilien\",\"Losinger Marazzi\",\"Pratteln\",\"Projekt in Planung\",\"Stadtentwicklung\",\"Wohnimmobilien\"],\"articleSection\":[\"REGIONEN\"],\"inLanguage\":\"fr-FR\"},{\"@type\":\"WebPage\",\"@id\":\"https:\\\/\\\/www.immobilienbusiness.ch\\\/de\\\/regionen\\\/2019-05-17\\\/pratteln-studienauftrag-fuer-salina-raurica-ist-abgeschlossen\\\/\",\"url\":\"https:\\\/\\\/www.immobilienbusiness.ch\\\/de\\\/regionen\\\/2019-05-17\\\/pratteln-studienauftrag-fuer-salina-raurica-ist-abgeschlossen\\\/\",\"name\":\"Pratteln: Studienauftrag f\u00fcr Salina Raurica ist abgeschlossen - IMMOBILIEN Business\",\"isPartOf\":{\"@id\":\"https:\\\/\\\/www.immobilienbusiness.ch\\\/#website\"},\"primaryImageOfPage\":{\"@id\":\"https:\\\/\\\/www.immobilienbusiness.ch\\\/de\\\/regionen\\\/2019-05-17\\\/pratteln-studienauftrag-fuer-salina-raurica-ist-abgeschlossen\\\/#primaryimage\"},\"image\":{\"@id\":\"https:\\\/\\\/www.immobilienbusiness.ch\\\/de\\\/regionen\\\/2019-05-17\\\/pratteln-studienauftrag-fuer-salina-raurica-ist-abgeschlossen\\\/#primaryimage\"},\"thumbnailUrl\":\"https:\\\/\\\/www.immobilienbusiness.ch\\\/wp-content\\\/uploads\\\/2019\\\/05\\\/190513_visualisierung_sro_2etappe_vollausbau_web.jpg__1000x1000_q60_subsampling-2.jpg\",\"datePublished\":\"2019-05-17T06:39:40+00:00\",\"description\":\"In Pratteln soll das 200.000 qm grosse Areal Salina Raurica Ost zu einem Stadtquartier entwickelt werden. Den Studienauftrag haben Hosoya Schaefer gewonnen.\",\"breadcrumb\":{\"@id\":\"https:\\\/\\\/www.immobilienbusiness.ch\\\/de\\\/regionen\\\/2019-05-17\\\/pratteln-studienauftrag-fuer-salina-raurica-ist-abgeschlossen\\\/#breadcrumb\"},\"inLanguage\":\"fr-FR\",\"potentialAction\":[{\"@type\":\"ReadAction\",\"target\":[\"https:\\\/\\\/www.immobilienbusiness.ch\\\/de\\\/regionen\\\/2019-05-17\\\/pratteln-studienauftrag-fuer-salina-raurica-ist-abgeschlossen\\\/\"]}]},{\"@type\":\"ImageObject\",\"inLanguage\":\"fr-FR\",\"@id\":\"https:\\\/\\\/www.immobilienbusiness.ch\\\/de\\\/regionen\\\/2019-05-17\\\/pratteln-studienauftrag-fuer-salina-raurica-ist-abgeschlossen\\\/#primaryimage\",\"url\":\"https:\\\/\\\/www.immobilienbusiness.ch\\\/wp-content\\\/uploads\\\/2019\\\/05\\\/190513_visualisierung_sro_2etappe_vollausbau_web.jpg__1000x1000_q60_subsampling-2.jpg\",\"contentUrl\":\"https:\\\/\\\/www.immobilienbusiness.ch\\\/wp-content\\\/uploads\\\/2019\\\/05\\\/190513_visualisierung_sro_2etappe_vollausbau_web.jpg__1000x1000_q60_subsampling-2.jpg\",\"width\":1000,\"height\":729,\"caption\":\"So soll das Entwicklungsgebiet Salina Raurica Ost dereinst aussehen (Quelle: Losinger Marazzi)\"},{\"@type\":\"BreadcrumbList\",\"@id\":\"https:\\\/\\\/www.immobilienbusiness.ch\\\/de\\\/regionen\\\/2019-05-17\\\/pratteln-studienauftrag-fuer-salina-raurica-ist-abgeschlossen\\\/#breadcrumb\",\"itemListElement\":[{\"@type\":\"ListItem\",\"position\":1,\"name\":\"Home\",\"item\":\"https:\\\/\\\/www.immobilienbusiness.ch\\\/\"},{\"@type\":\"ListItem\",\"position\":2,\"name\":\"Pratteln: Studienauftrag f\u00fcr Salina Raurica ist abgeschlossen\"}]},{\"@type\":\"WebSite\",\"@id\":\"https:\\\/\\\/www.immobilienbusiness.ch\\\/#website\",\"url\":\"https:\\\/\\\/www.immobilienbusiness.ch\\\/\",\"name\":\"IMMOBILIEN Business\",\"description\":\"Unabh\u00e4ngiges Schweizer Wirtschaftsmagazin mit Fokus auf Immobilien, Architektur- und Bau sowie Investment- und Finanzierung.\",\"publisher\":{\"@id\":\"https:\\\/\\\/www.immobilienbusiness.ch\\\/#organization\"},\"potentialAction\":[{\"@type\":\"SearchAction\",\"target\":{\"@type\":\"EntryPoint\",\"urlTemplate\":\"https:\\\/\\\/www.immobilienbusiness.ch\\\/?s={search_term_string}\"},\"query-input\":{\"@type\":\"PropertyValueSpecification\",\"valueRequired\":true,\"valueName\":\"search_term_string\"}}],\"inLanguage\":\"fr-FR\"},{\"@type\":\"Organization\",\"@id\":\"https:\\\/\\\/www.immobilienbusiness.ch\\\/#organization\",\"name\":\"IMMOBILIEN Business\",\"url\":\"https:\\\/\\\/www.immobilienbusiness.ch\\\/\",\"logo\":{\"@type\":\"ImageObject\",\"inLanguage\":\"fr-FR\",\"@id\":\"https:\\\/\\\/www.immobilienbusiness.ch\\\/#\\\/schema\\\/logo\\\/image\\\/\",\"url\":\"https:\\\/\\\/www.immobilienbusiness.ch\\\/wp-content\\\/uploads\\\/2021\\\/07\\\/logo_ib.png\",\"contentUrl\":\"https:\\\/\\\/www.immobilienbusiness.ch\\\/wp-content\\\/uploads\\\/2021\\\/07\\\/logo_ib.png\",\"width\":800,\"height\":181,\"caption\":\"IMMOBILIEN Business\"},\"image\":{\"@id\":\"https:\\\/\\\/www.immobilienbusiness.ch\\\/#\\\/schema\\\/logo\\\/image\\\/\"},\"sameAs\":[\"https:\\\/\\\/www.facebook.com\\\/immobilienbusiness\\\/\"]},{\"@type\":\"Person\",\"@id\":\"https:\\\/\\\/www.immobilienbusiness.ch\\\/#\\\/schema\\\/person\\\/3fc036297b10b9f42d6db5ee932af8c8\",\"name\":\"anja.hall\",\"image\":{\"@type\":\"ImageObject\",\"inLanguage\":\"fr-FR\",\"@id\":\"https:\\\/\\\/secure.gravatar.com\\\/avatar\\\/066b5a0d447013502c71a5782f4f3469f03cfe595cc2329fb94652fe47511bfb?s=96&d=mm&r=g\",\"url\":\"https:\\\/\\\/secure.gravatar.com\\\/avatar\\\/066b5a0d447013502c71a5782f4f3469f03cfe595cc2329fb94652fe47511bfb?s=96&d=mm&r=g\",\"contentUrl\":\"https:\\\/\\\/secure.gravatar.com\\\/avatar\\\/066b5a0d447013502c71a5782f4f3469f03cfe595cc2329fb94652fe47511bfb?s=96&d=mm&r=g\",\"caption\":\"anja.hall\"},\"url\":\"https:\\\/\\\/www.immobilienbusiness.ch\\\/fr\\\/author\\\/anja-hall\\\/\"}]}<\/script>\n<!-- \/ Yoast SEO plugin. -->","yoast_head_json":{"title":"Pratteln: Studienauftrag f\u00fcr Salina Raurica ist abgeschlossen - IMMOBILIEN Business","description":"In Pratteln soll das 200.000 qm grosse Areal Salina Raurica Ost zu einem Stadtquartier entwickelt werden. Den Studienauftrag haben Hosoya Schaefer gewonnen.","robots":{"index":"index","follow":"follow","max-snippet":"max-snippet:-1","max-image-preview":"max-image-preview:large","max-video-preview":"max-video-preview:-1"},"canonical":"https:\/\/www.immobilienbusiness.ch\/fr\/regionen\/2019-05-17\/pratteln-studienauftrag-fuer-salina-raurica-ist-abgeschlossen\/","og_locale":"fr_FR","og_type":"article","og_title":"Pratteln: Studienauftrag f\u00fcr Salina Raurica ist abgeschlossen - IMMOBILIEN Business","og_description":"In Pratteln soll das 200.000 qm grosse Areal Salina Raurica Ost zu einem Stadtquartier entwickelt werden. Den Studienauftrag haben Hosoya Schaefer gewonnen.","og_url":"https:\/\/www.immobilienbusiness.ch\/fr\/regionen\/2019-05-17\/pratteln-studienauftrag-fuer-salina-raurica-ist-abgeschlossen\/","og_site_name":"IMMOBILIEN Business","article_publisher":"https:\/\/www.facebook.com\/immobilienbusiness\/","article_published_time":"2019-05-17T06:39:40+00:00","og_image":[{"width":1000,"height":729,"url":"https:\/\/www.immobilienbusiness.ch\/wp-content\/uploads\/2019\/05\/190513_visualisierung_sro_2etappe_vollausbau_web.jpg__1000x1000_q60_subsampling-2.jpg","type":"image\/jpeg"}],"author":"anja.hall","twitter_card":"summary_large_image","twitter_image":"https:\/\/www.immobilienbusiness.ch\/wp-content\/uploads\/2019\/05\/190513_visualisierung_sro_2etappe_vollausbau_web.jpg__1000x1000_q60_subsampling-2.jpg","schema":{"@context":"https:\/\/schema.org","@graph":[{"@type":"Article","@id":"https:\/\/www.immobilienbusiness.ch\/de\/regionen\/2019-05-17\/pratteln-studienauftrag-fuer-salina-raurica-ist-abgeschlossen\/#article","isPartOf":{"@id":"https:\/\/www.immobilienbusiness.ch\/de\/regionen\/2019-05-17\/pratteln-studienauftrag-fuer-salina-raurica-ist-abgeschlossen\/"},"author":{"name":"anja.hall","@id":"https:\/\/www.immobilienbusiness.ch\/#\/schema\/person\/3fc036297b10b9f42d6db5ee932af8c8"},"headline":"Pratteln: Studienauftrag f\u00fcr Salina Raurica ist abgeschlossen","datePublished":"2019-05-17T06:39:40+00:00","mainEntityOfPage":{"@id":"https:\/\/www.immobilienbusiness.ch\/de\/regionen\/2019-05-17\/pratteln-studienauftrag-fuer-salina-raurica-ist-abgeschlossen\/"},"wordCount":281,"publisher":{"@id":"https:\/\/www.immobilienbusiness.ch\/#organization"},"image":{"@id":"https:\/\/www.immobilienbusiness.ch\/de\/regionen\/2019-05-17\/pratteln-studienauftrag-fuer-salina-raurica-ist-abgeschlossen\/#primaryimage"},"thumbnailUrl":"https:\/\/www.immobilienbusiness.ch\/wp-content\/uploads\/2019\/05\/190513_visualisierung_sro_2etappe_vollausbau_web.jpg__1000x1000_q60_subsampling-2.jpg","keywords":["Gewerbeimmobilien","Losinger Marazzi","Pratteln","Projekt in Planung","Stadtentwicklung","Wohnimmobilien"],"articleSection":["REGIONEN"],"inLanguage":"fr-FR"},{"@type":"WebPage","@id":"https:\/\/www.immobilienbusiness.ch\/de\/regionen\/2019-05-17\/pratteln-studienauftrag-fuer-salina-raurica-ist-abgeschlossen\/","url":"https:\/\/www.immobilienbusiness.ch\/de\/regionen\/2019-05-17\/pratteln-studienauftrag-fuer-salina-raurica-ist-abgeschlossen\/","name":"Pratteln: Studienauftrag f\u00fcr Salina Raurica ist abgeschlossen - IMMOBILIEN Business","isPartOf":{"@id":"https:\/\/www.immobilienbusiness.ch\/#website"},"primaryImageOfPage":{"@id":"https:\/\/www.immobilienbusiness.ch\/de\/regionen\/2019-05-17\/pratteln-studienauftrag-fuer-salina-raurica-ist-abgeschlossen\/#primaryimage"},"image":{"@id":"https:\/\/www.immobilienbusiness.ch\/de\/regionen\/2019-05-17\/pratteln-studienauftrag-fuer-salina-raurica-ist-abgeschlossen\/#primaryimage"},"thumbnailUrl":"https:\/\/www.immobilienbusiness.ch\/wp-content\/uploads\/2019\/05\/190513_visualisierung_sro_2etappe_vollausbau_web.jpg__1000x1000_q60_subsampling-2.jpg","datePublished":"2019-05-17T06:39:40+00:00","description":"In Pratteln soll das 200.000 qm grosse Areal Salina Raurica Ost zu einem Stadtquartier entwickelt werden. Den Studienauftrag haben Hosoya Schaefer gewonnen.","breadcrumb":{"@id":"https:\/\/www.immobilienbusiness.ch\/de\/regionen\/2019-05-17\/pratteln-studienauftrag-fuer-salina-raurica-ist-abgeschlossen\/#breadcrumb"},"inLanguage":"fr-FR","potentialAction":[{"@type":"ReadAction","target":["https:\/\/www.immobilienbusiness.ch\/de\/regionen\/2019-05-17\/pratteln-studienauftrag-fuer-salina-raurica-ist-abgeschlossen\/"]}]},{"@type":"ImageObject","inLanguage":"fr-FR","@id":"https:\/\/www.immobilienbusiness.ch\/de\/regionen\/2019-05-17\/pratteln-studienauftrag-fuer-salina-raurica-ist-abgeschlossen\/#primaryimage","url":"https:\/\/www.immobilienbusiness.ch\/wp-content\/uploads\/2019\/05\/190513_visualisierung_sro_2etappe_vollausbau_web.jpg__1000x1000_q60_subsampling-2.jpg","contentUrl":"https:\/\/www.immobilienbusiness.ch\/wp-content\/uploads\/2019\/05\/190513_visualisierung_sro_2etappe_vollausbau_web.jpg__1000x1000_q60_subsampling-2.jpg","width":1000,"height":729,"caption":"So soll das Entwicklungsgebiet Salina Raurica Ost dereinst aussehen (Quelle: Losinger Marazzi)"},{"@type":"BreadcrumbList","@id":"https:\/\/www.immobilienbusiness.ch\/de\/regionen\/2019-05-17\/pratteln-studienauftrag-fuer-salina-raurica-ist-abgeschlossen\/#breadcrumb","itemListElement":[{"@type":"ListItem","position":1,"name":"Home","item":"https:\/\/www.immobilienbusiness.ch\/"},{"@type":"ListItem","position":2,"name":"Pratteln: Studienauftrag f\u00fcr Salina Raurica ist abgeschlossen"}]},{"@type":"WebSite","@id":"https:\/\/www.immobilienbusiness.ch\/#website","url":"https:\/\/www.immobilienbusiness.ch\/","name":"IMMOBILIER Business","description":"Magazine \u00e9conomique suisse ind\u00e9pendant ax\u00e9 sur l'immobilier, l'architecture et la construction ainsi que sur les investissements et le financement.","publisher":{"@id":"https:\/\/www.immobilienbusiness.ch\/#organization"},"potentialAction":[{"@type":"SearchAction","target":{"@type":"EntryPoint","urlTemplate":"https:\/\/www.immobilienbusiness.ch\/?s={search_term_string}"},"query-input":{"@type":"PropertyValueSpecification","valueRequired":true,"valueName":"search_term_string"}}],"inLanguage":"fr-FR"},{"@type":"Organization","@id":"https:\/\/www.immobilienbusiness.ch\/#organization","name":"IMMOBILIER Business","url":"https:\/\/www.immobilienbusiness.ch\/","logo":{"@type":"ImageObject","inLanguage":"fr-FR","@id":"https:\/\/www.immobilienbusiness.ch\/#\/schema\/logo\/image\/","url":"https:\/\/www.immobilienbusiness.ch\/wp-content\/uploads\/2021\/07\/logo_ib.png","contentUrl":"https:\/\/www.immobilienbusiness.ch\/wp-content\/uploads\/2021\/07\/logo_ib.png","width":800,"height":181,"caption":"IMMOBILIEN Business"},"image":{"@id":"https:\/\/www.immobilienbusiness.ch\/#\/schema\/logo\/image\/"},"sameAs":["https:\/\/www.facebook.com\/immobilienbusiness\/"]},{"@type":"Person","@id":"https:\/\/www.immobilienbusiness.ch\/#\/schema\/person\/3fc036297b10b9f42d6db5ee932af8c8","name":"anja.hall","image":{"@type":"ImageObject","inLanguage":"fr-FR","@id":"https:\/\/secure.gravatar.com\/avatar\/066b5a0d447013502c71a5782f4f3469f03cfe595cc2329fb94652fe47511bfb?s=96&d=mm&r=g","url":"https:\/\/secure.gravatar.com\/avatar\/066b5a0d447013502c71a5782f4f3469f03cfe595cc2329fb94652fe47511bfb?s=96&d=mm&r=g","contentUrl":"https:\/\/secure.gravatar.com\/avatar\/066b5a0d447013502c71a5782f4f3469f03cfe595cc2329fb94652fe47511bfb?s=96&d=mm&r=g","caption":"anja.hall"},"url":"https:\/\/www.immobilienbusiness.ch\/fr\/author\/anja-hall\/"}]}},"_links":{"self":[{"href":"https:\/\/www.immobilienbusiness.ch\/fr\/wp-json\/wp\/v2\/posts\/16987","targetHints":{"allow":["GET"]}}],"collection":[{"href":"https:\/\/www.immobilienbusiness.ch\/fr\/wp-json\/wp\/v2\/posts"}],"about":[{"href":"https:\/\/www.immobilienbusiness.ch\/fr\/wp-json\/wp\/v2\/types\/post"}],"author":[{"embeddable":true,"href":"https:\/\/www.immobilienbusiness.ch\/fr\/wp-json\/wp\/v2\/users\/3"}],"replies":[{"embeddable":true,"href":"https:\/\/www.immobilienbusiness.ch\/fr\/wp-json\/wp\/v2\/comments?post=16987"}],"version-history":[{"count":0,"href":"https:\/\/www.immobilienbusiness.ch\/fr\/wp-json\/wp\/v2\/posts\/16987\/revisions"}],"wp:featuredmedia":[{"embeddable":true,"href":"https:\/\/www.immobilienbusiness.ch\/fr\/wp-json\/wp\/v2\/media\/17028"}],"wp:attachment":[{"href":"https:\/\/www.immobilienbusiness.ch\/fr\/wp-json\/wp\/v2\/media?parent=16987"}],"wp:term":[{"taxonomy":"category","embeddable":true,"href":"https:\/\/www.immobilienbusiness.ch\/fr\/wp-json\/wp\/v2\/categories?post=16987"},{"taxonomy":"post_tag","embeddable":true,"href":"https:\/\/www.immobilienbusiness.ch\/fr\/wp-json\/wp\/v2\/tags?post=16987"}],"curies":[{"name":"wp","href":"https:\/\/api.w.org\/{rel}","templated":true}]}}