{"id":16946,"date":"2019-05-13T08:18:11","date_gmt":"2019-05-13T06:18:11","guid":{"rendered":"https:\/\/www.immobilienbusiness.ch\/?p=16946"},"modified":"2019-05-13T08:18:11","modified_gmt":"2019-05-13T06:18:11","slug":"orascom-steigert-umsatz-um-fast-ein-drittel","status":"publish","type":"post","link":"https:\/\/www.immobilienbusiness.ch\/fr\/unternehmen\/2019-05-13\/orascom-steigert-umsatz-um-fast-ein-drittel\/","title":{"rendered":"Orascom augmente son chiffre d'affaires de pr\u00e8s d'un tiers"},"content":{"rendered":"<figure id=\"attachment_1902\" aria-describedby=\"caption-attachment-1902\" style=\"width: 680px\" class=\"wp-caption alignnone\"><img loading=\"lazy\" decoding=\"async\" class=\"size-medium wp-image-1902\" src=\"https:\/\/www.immobilienbusiness.ch\/wp-content\/uploads\/2016\/12\/Orascom-schliesst-Kapitalerh\u00f6hung-ab-immobilien-business.jpg\" alt=\"\" width=\"680\" height=\"453\" \/><figcaption id=\"caption-attachment-1902\" class=\"wp-caption-text\">Orascom annonce une nette augmentation de son chiffre d'affaires au premier trimestre 2019 (Photo : Pixabay)<\/figcaption><\/figure>\n<p>Orascom Development Holding annonce une augmentation de son chiffre d'affaires de 32,4% \u00e0 98,1 millions de CHF pour le premier trimestre de l'exercice en cours. Au premier trimestre 2018, le chiffre d'affaires \u00e9tait encore de 74,1 millions.<\/p>\n<p>L'EBITDA ajust\u00e9 a augment\u00e9 de 40,1% \u00e0 20,6 millions (ann\u00e9e pr\u00e9c\u00e9dente : 14,7 millions). Le b\u00e9n\u00e9fice brut a augment\u00e9 de 37,4%, passant de 21,9 \u00e0 30,1 millions. Au final, le communiqu\u00e9 ad hoc d'Orascom fait \u00e9tat d'un b\u00e9n\u00e9fice net de 1,0 million de CHF au premier trimestre 2019, contre une perte de 5,1 millions \u00e0 la m\u00eame p\u00e9riode l'an dernier.<\/p>\n<p>Le cash-flow r\u00e9sultant des activit\u00e9s d'exploitation a augment\u00e9 de 24,6% pour atteindre 7,6 millions (ann\u00e9e pr\u00e9c\u00e9dente : 6,1 millions). L'endettement net a l\u00e9g\u00e8rement diminu\u00e9, passant de 247,8 \u00e0 244,9 millions. Les ventes immobili\u00e8res nettes ont augment\u00e9 de 166% pour atteindre 105,9 millions, poursuit Orascom.<\/p>\n<p>Selon l'entreprise, tous les secteurs d'activit\u00e9 ont contribu\u00e9 au d\u00e9veloppement op\u00e9rationnel positif : le secteur h\u00f4telier a enregistr\u00e9 une croissance \u00e0 deux chiffres par rapport \u00e0 la m\u00eame p\u00e9riode de l'ann\u00e9e pr\u00e9c\u00e9dente et le segment immobilier a poursuivi son bon d\u00e9veloppement op\u00e9rationnel et financier sur l'ensemble des destinations. Le segment Town Management a poursuivi sa croissance sur l'ensemble du premier trimestre.<\/p>\n<p>Pour l'exercice 2019, Orascom pr\u00e9voit un chiffre d'affaires de 400 millions et un EBITDA ajust\u00e9 compris entre 74 et 77 millions. En outre, des ventes immobili\u00e8res de 445 \u00e0 470 millions sont pr\u00e9vues, ce qui repr\u00e9senterait une nette augmentation par rapport aux 200,6 millions de l'ann\u00e9e 2018. <em>(ah)<\/em><\/p>","protected":false},"excerpt":{"rendered":"<p>Le d\u00e9veloppeur Orascom Development Holding annonce une nette augmentation de son chiffre d'affaires et un b\u00e9n\u00e9fice net de 1 million de CHF pour le premier trimestre 2019.<\/p>","protected":false},"author":3,"featured_media":1902,"comment_status":"closed","ping_status":"open","sticky":false,"template":"","format":"standard","meta":{"_acf_changed":false,"_yoast_wpseo_focuskw":"Orascom","_yoast_wpseo_title":"","_yoast_wpseo_metadesc":"Der Entwickler Orascom Development Holding meldet f\u00fcr das erste Quartal 2019 ein deutliches Umsatzplus und einen Reingewinn von 1 Million CHF.","_yoast_wpseo_linkdex":77,"pgc_sgb_lightbox_settings":"","footnotes":""},"categories":[988],"tags":[1262,1544,1612],"class_list":["post-16946","post","type-post","status-publish","format-standard","has-post-thumbnail","hentry","category-unternehmen","tag-geschaeftsbericht","tag-orascom","tag-quartalsergebnis"],"acf":[],"yoast_head":"<!-- This site is optimized with the Yoast SEO plugin v27.4 - https:\/\/yoast.com\/product\/yoast-seo-wordpress\/ -->\n<title>Orascom steigert Umsatz um fast ein Drittel - IMMOBILIEN Business<\/title>\n<meta name=\"description\" content=\"Der Entwickler Orascom Development Holding meldet f\u00fcr das erste Quartal 2019 ein deutliches Umsatzplus und einen Reingewinn von 1 Million CHF.\" \/>\n<meta name=\"robots\" content=\"index, follow, max-snippet:-1, max-image-preview:large, max-video-preview:-1\" \/>\n<link rel=\"canonical\" href=\"https:\/\/www.immobilienbusiness.ch\/fr\/unternehmen\/2019-05-13\/orascom-steigert-umsatz-um-fast-ein-drittel\/\" \/>\n<meta property=\"og:locale\" content=\"fr_FR\" \/>\n<meta property=\"og:type\" content=\"article\" \/>\n<meta property=\"og:title\" content=\"Orascom steigert Umsatz um fast ein Drittel - IMMOBILIEN Business\" \/>\n<meta property=\"og:description\" content=\"Der Entwickler Orascom Development Holding meldet f\u00fcr das erste Quartal 2019 ein deutliches Umsatzplus und einen Reingewinn von 1 Million CHF.\" \/>\n<meta property=\"og:url\" content=\"https:\/\/www.immobilienbusiness.ch\/fr\/unternehmen\/2019-05-13\/orascom-steigert-umsatz-um-fast-ein-drittel\/\" \/>\n<meta property=\"og:site_name\" content=\"IMMOBILIEN Business\" \/>\n<meta property=\"article:publisher\" content=\"https:\/\/www.facebook.com\/immobilienbusiness\/\" \/>\n<meta property=\"article:published_time\" content=\"2019-05-13T06:18:11+00:00\" \/>\n<meta property=\"og:image\" content=\"https:\/\/www.immobilienbusiness.ch\/wp-content\/uploads\/2016\/12\/Orascom-schliesst-Kapitalerhoehung-ab-immobilien-business.jpg\" \/>\n\t<meta property=\"og:image:width\" content=\"1280\" \/>\n\t<meta property=\"og:image:height\" content=\"853\" \/>\n\t<meta property=\"og:image:type\" content=\"image\/jpeg\" \/>\n<meta name=\"author\" content=\"anja.hall\" \/>\n<meta name=\"twitter:card\" content=\"summary_large_image\" \/>\n<meta name=\"twitter:image\" content=\"https:\/\/www.immobilienbusiness.ch\/wp-content\/uploads\/2016\/12\/Orascom-schliesst-Kapitalerh\u00f6hung-ab-immobilien-business.jpg\" \/>\n<script type=\"application\/ld+json\" class=\"yoast-schema-graph\">{\"@context\":\"https:\\\/\\\/schema.org\",\"@graph\":[{\"@type\":\"Article\",\"@id\":\"https:\\\/\\\/www.immobilienbusiness.ch\\\/de\\\/unternehmen\\\/2019-05-13\\\/orascom-steigert-umsatz-um-fast-ein-drittel\\\/#article\",\"isPartOf\":{\"@id\":\"https:\\\/\\\/www.immobilienbusiness.ch\\\/de\\\/unternehmen\\\/2019-05-13\\\/orascom-steigert-umsatz-um-fast-ein-drittel\\\/\"},\"author\":{\"name\":\"anja.hall\",\"@id\":\"https:\\\/\\\/www.immobilienbusiness.ch\\\/#\\\/schema\\\/person\\\/3fc036297b10b9f42d6db5ee932af8c8\"},\"headline\":\"Orascom steigert Umsatz um fast ein Drittel\",\"datePublished\":\"2019-05-13T06:18:11+00:00\",\"mainEntityOfPage\":{\"@id\":\"https:\\\/\\\/www.immobilienbusiness.ch\\\/de\\\/unternehmen\\\/2019-05-13\\\/orascom-steigert-umsatz-um-fast-ein-drittel\\\/\"},\"wordCount\":227,\"publisher\":{\"@id\":\"https:\\\/\\\/www.immobilienbusiness.ch\\\/#organization\"},\"image\":{\"@id\":\"https:\\\/\\\/www.immobilienbusiness.ch\\\/de\\\/unternehmen\\\/2019-05-13\\\/orascom-steigert-umsatz-um-fast-ein-drittel\\\/#primaryimage\"},\"thumbnailUrl\":\"https:\\\/\\\/www.immobilienbusiness.ch\\\/wp-content\\\/uploads\\\/2016\\\/12\\\/Orascom-schliesst-Kapitalerhoehung-ab-immobilien-business.jpg\",\"keywords\":[\"Gesch\u00e4ftsbericht\",\"Orascom\",\"Quartalsergebnis\"],\"articleSection\":[\"UNTERNEHMEN\"],\"inLanguage\":\"fr-FR\"},{\"@type\":\"WebPage\",\"@id\":\"https:\\\/\\\/www.immobilienbusiness.ch\\\/de\\\/unternehmen\\\/2019-05-13\\\/orascom-steigert-umsatz-um-fast-ein-drittel\\\/\",\"url\":\"https:\\\/\\\/www.immobilienbusiness.ch\\\/de\\\/unternehmen\\\/2019-05-13\\\/orascom-steigert-umsatz-um-fast-ein-drittel\\\/\",\"name\":\"Orascom steigert Umsatz um fast ein Drittel - IMMOBILIEN Business\",\"isPartOf\":{\"@id\":\"https:\\\/\\\/www.immobilienbusiness.ch\\\/#website\"},\"primaryImageOfPage\":{\"@id\":\"https:\\\/\\\/www.immobilienbusiness.ch\\\/de\\\/unternehmen\\\/2019-05-13\\\/orascom-steigert-umsatz-um-fast-ein-drittel\\\/#primaryimage\"},\"image\":{\"@id\":\"https:\\\/\\\/www.immobilienbusiness.ch\\\/de\\\/unternehmen\\\/2019-05-13\\\/orascom-steigert-umsatz-um-fast-ein-drittel\\\/#primaryimage\"},\"thumbnailUrl\":\"https:\\\/\\\/www.immobilienbusiness.ch\\\/wp-content\\\/uploads\\\/2016\\\/12\\\/Orascom-schliesst-Kapitalerhoehung-ab-immobilien-business.jpg\",\"datePublished\":\"2019-05-13T06:18:11+00:00\",\"description\":\"Der Entwickler Orascom Development Holding meldet f\u00fcr das erste Quartal 2019 ein deutliches Umsatzplus und einen Reingewinn von 1 Million CHF.\",\"breadcrumb\":{\"@id\":\"https:\\\/\\\/www.immobilienbusiness.ch\\\/de\\\/unternehmen\\\/2019-05-13\\\/orascom-steigert-umsatz-um-fast-ein-drittel\\\/#breadcrumb\"},\"inLanguage\":\"fr-FR\",\"potentialAction\":[{\"@type\":\"ReadAction\",\"target\":[\"https:\\\/\\\/www.immobilienbusiness.ch\\\/de\\\/unternehmen\\\/2019-05-13\\\/orascom-steigert-umsatz-um-fast-ein-drittel\\\/\"]}]},{\"@type\":\"ImageObject\",\"inLanguage\":\"fr-FR\",\"@id\":\"https:\\\/\\\/www.immobilienbusiness.ch\\\/de\\\/unternehmen\\\/2019-05-13\\\/orascom-steigert-umsatz-um-fast-ein-drittel\\\/#primaryimage\",\"url\":\"https:\\\/\\\/www.immobilienbusiness.ch\\\/wp-content\\\/uploads\\\/2016\\\/12\\\/Orascom-schliesst-Kapitalerhoehung-ab-immobilien-business.jpg\",\"contentUrl\":\"https:\\\/\\\/www.immobilienbusiness.ch\\\/wp-content\\\/uploads\\\/2016\\\/12\\\/Orascom-schliesst-Kapitalerhoehung-ab-immobilien-business.jpg\",\"width\":1280,\"height\":853,\"caption\":\"Der Immofonds Suburban will sich frisches Kapital f\u00fcr Zuk\u00e4ufe besorgen (Foto: Pixabay)\"},{\"@type\":\"BreadcrumbList\",\"@id\":\"https:\\\/\\\/www.immobilienbusiness.ch\\\/de\\\/unternehmen\\\/2019-05-13\\\/orascom-steigert-umsatz-um-fast-ein-drittel\\\/#breadcrumb\",\"itemListElement\":[{\"@type\":\"ListItem\",\"position\":1,\"name\":\"Home\",\"item\":\"https:\\\/\\\/www.immobilienbusiness.ch\\\/\"},{\"@type\":\"ListItem\",\"position\":2,\"name\":\"Orascom steigert Umsatz um fast ein Drittel\"}]},{\"@type\":\"WebSite\",\"@id\":\"https:\\\/\\\/www.immobilienbusiness.ch\\\/#website\",\"url\":\"https:\\\/\\\/www.immobilienbusiness.ch\\\/\",\"name\":\"IMMOBILIEN Business\",\"description\":\"Unabh\u00e4ngiges Schweizer Wirtschaftsmagazin mit Fokus auf Immobilien, Architektur- und Bau sowie Investment- und Finanzierung.\",\"publisher\":{\"@id\":\"https:\\\/\\\/www.immobilienbusiness.ch\\\/#organization\"},\"potentialAction\":[{\"@type\":\"SearchAction\",\"target\":{\"@type\":\"EntryPoint\",\"urlTemplate\":\"https:\\\/\\\/www.immobilienbusiness.ch\\\/?s={search_term_string}\"},\"query-input\":{\"@type\":\"PropertyValueSpecification\",\"valueRequired\":true,\"valueName\":\"search_term_string\"}}],\"inLanguage\":\"fr-FR\"},{\"@type\":\"Organization\",\"@id\":\"https:\\\/\\\/www.immobilienbusiness.ch\\\/#organization\",\"name\":\"IMMOBILIEN Business\",\"url\":\"https:\\\/\\\/www.immobilienbusiness.ch\\\/\",\"logo\":{\"@type\":\"ImageObject\",\"inLanguage\":\"fr-FR\",\"@id\":\"https:\\\/\\\/www.immobilienbusiness.ch\\\/#\\\/schema\\\/logo\\\/image\\\/\",\"url\":\"https:\\\/\\\/www.immobilienbusiness.ch\\\/wp-content\\\/uploads\\\/2021\\\/07\\\/logo_ib.png\",\"contentUrl\":\"https:\\\/\\\/www.immobilienbusiness.ch\\\/wp-content\\\/uploads\\\/2021\\\/07\\\/logo_ib.png\",\"width\":800,\"height\":181,\"caption\":\"IMMOBILIEN Business\"},\"image\":{\"@id\":\"https:\\\/\\\/www.immobilienbusiness.ch\\\/#\\\/schema\\\/logo\\\/image\\\/\"},\"sameAs\":[\"https:\\\/\\\/www.facebook.com\\\/immobilienbusiness\\\/\"]},{\"@type\":\"Person\",\"@id\":\"https:\\\/\\\/www.immobilienbusiness.ch\\\/#\\\/schema\\\/person\\\/3fc036297b10b9f42d6db5ee932af8c8\",\"name\":\"anja.hall\",\"image\":{\"@type\":\"ImageObject\",\"inLanguage\":\"fr-FR\",\"@id\":\"https:\\\/\\\/secure.gravatar.com\\\/avatar\\\/066b5a0d447013502c71a5782f4f3469f03cfe595cc2329fb94652fe47511bfb?s=96&d=mm&r=g\",\"url\":\"https:\\\/\\\/secure.gravatar.com\\\/avatar\\\/066b5a0d447013502c71a5782f4f3469f03cfe595cc2329fb94652fe47511bfb?s=96&d=mm&r=g\",\"contentUrl\":\"https:\\\/\\\/secure.gravatar.com\\\/avatar\\\/066b5a0d447013502c71a5782f4f3469f03cfe595cc2329fb94652fe47511bfb?s=96&d=mm&r=g\",\"caption\":\"anja.hall\"},\"url\":\"https:\\\/\\\/www.immobilienbusiness.ch\\\/fr\\\/author\\\/anja-hall\\\/\"}]}<\/script>\n<!-- \/ Yoast SEO plugin. -->","yoast_head_json":{"title":"Orascom steigert Umsatz um fast ein Drittel - IMMOBILIEN Business","description":"Le d\u00e9veloppeur Orascom Development Holding annonce une nette augmentation de son chiffre d'affaires et un b\u00e9n\u00e9fice net de 1 million de CHF pour le premier trimestre 2019.","robots":{"index":"index","follow":"follow","max-snippet":"max-snippet:-1","max-image-preview":"max-image-preview:large","max-video-preview":"max-video-preview:-1"},"canonical":"https:\/\/www.immobilienbusiness.ch\/fr\/unternehmen\/2019-05-13\/orascom-steigert-umsatz-um-fast-ein-drittel\/","og_locale":"fr_FR","og_type":"article","og_title":"Orascom steigert Umsatz um fast ein Drittel - IMMOBILIEN Business","og_description":"Der Entwickler Orascom Development Holding meldet f\u00fcr das erste Quartal 2019 ein deutliches Umsatzplus und einen Reingewinn von 1 Million CHF.","og_url":"https:\/\/www.immobilienbusiness.ch\/fr\/unternehmen\/2019-05-13\/orascom-steigert-umsatz-um-fast-ein-drittel\/","og_site_name":"IMMOBILIEN Business","article_publisher":"https:\/\/www.facebook.com\/immobilienbusiness\/","article_published_time":"2019-05-13T06:18:11+00:00","og_image":[{"width":1280,"height":853,"url":"https:\/\/www.immobilienbusiness.ch\/wp-content\/uploads\/2016\/12\/Orascom-schliesst-Kapitalerhoehung-ab-immobilien-business.jpg","type":"image\/jpeg"}],"author":"anja.hall","twitter_card":"summary_large_image","twitter_image":"https:\/\/www.immobilienbusiness.ch\/wp-content\/uploads\/2016\/12\/Orascom-schliesst-Kapitalerh\u00f6hung-ab-immobilien-business.jpg","schema":{"@context":"https:\/\/schema.org","@graph":[{"@type":"Article","@id":"https:\/\/www.immobilienbusiness.ch\/de\/unternehmen\/2019-05-13\/orascom-steigert-umsatz-um-fast-ein-drittel\/#article","isPartOf":{"@id":"https:\/\/www.immobilienbusiness.ch\/de\/unternehmen\/2019-05-13\/orascom-steigert-umsatz-um-fast-ein-drittel\/"},"author":{"name":"anja.hall","@id":"https:\/\/www.immobilienbusiness.ch\/#\/schema\/person\/3fc036297b10b9f42d6db5ee932af8c8"},"headline":"Orascom steigert Umsatz um fast ein Drittel","datePublished":"2019-05-13T06:18:11+00:00","mainEntityOfPage":{"@id":"https:\/\/www.immobilienbusiness.ch\/de\/unternehmen\/2019-05-13\/orascom-steigert-umsatz-um-fast-ein-drittel\/"},"wordCount":227,"publisher":{"@id":"https:\/\/www.immobilienbusiness.ch\/#organization"},"image":{"@id":"https:\/\/www.immobilienbusiness.ch\/de\/unternehmen\/2019-05-13\/orascom-steigert-umsatz-um-fast-ein-drittel\/#primaryimage"},"thumbnailUrl":"https:\/\/www.immobilienbusiness.ch\/wp-content\/uploads\/2016\/12\/Orascom-schliesst-Kapitalerhoehung-ab-immobilien-business.jpg","keywords":["Gesch\u00e4ftsbericht","Orascom","Quartalsergebnis"],"articleSection":["UNTERNEHMEN"],"inLanguage":"fr-FR"},{"@type":"WebPage","@id":"https:\/\/www.immobilienbusiness.ch\/de\/unternehmen\/2019-05-13\/orascom-steigert-umsatz-um-fast-ein-drittel\/","url":"https:\/\/www.immobilienbusiness.ch\/de\/unternehmen\/2019-05-13\/orascom-steigert-umsatz-um-fast-ein-drittel\/","name":"Orascom steigert Umsatz um fast ein Drittel - IMMOBILIEN Business","isPartOf":{"@id":"https:\/\/www.immobilienbusiness.ch\/#website"},"primaryImageOfPage":{"@id":"https:\/\/www.immobilienbusiness.ch\/de\/unternehmen\/2019-05-13\/orascom-steigert-umsatz-um-fast-ein-drittel\/#primaryimage"},"image":{"@id":"https:\/\/www.immobilienbusiness.ch\/de\/unternehmen\/2019-05-13\/orascom-steigert-umsatz-um-fast-ein-drittel\/#primaryimage"},"thumbnailUrl":"https:\/\/www.immobilienbusiness.ch\/wp-content\/uploads\/2016\/12\/Orascom-schliesst-Kapitalerhoehung-ab-immobilien-business.jpg","datePublished":"2019-05-13T06:18:11+00:00","description":"Le d\u00e9veloppeur Orascom Development Holding annonce une nette augmentation de son chiffre d'affaires et un b\u00e9n\u00e9fice net de 1 million de CHF pour le premier trimestre 2019.","breadcrumb":{"@id":"https:\/\/www.immobilienbusiness.ch\/de\/unternehmen\/2019-05-13\/orascom-steigert-umsatz-um-fast-ein-drittel\/#breadcrumb"},"inLanguage":"fr-FR","potentialAction":[{"@type":"ReadAction","target":["https:\/\/www.immobilienbusiness.ch\/de\/unternehmen\/2019-05-13\/orascom-steigert-umsatz-um-fast-ein-drittel\/"]}]},{"@type":"ImageObject","inLanguage":"fr-FR","@id":"https:\/\/www.immobilienbusiness.ch\/de\/unternehmen\/2019-05-13\/orascom-steigert-umsatz-um-fast-ein-drittel\/#primaryimage","url":"https:\/\/www.immobilienbusiness.ch\/wp-content\/uploads\/2016\/12\/Orascom-schliesst-Kapitalerhoehung-ab-immobilien-business.jpg","contentUrl":"https:\/\/www.immobilienbusiness.ch\/wp-content\/uploads\/2016\/12\/Orascom-schliesst-Kapitalerhoehung-ab-immobilien-business.jpg","width":1280,"height":853,"caption":"Der Immofonds Suburban will sich frisches Kapital f\u00fcr Zuk\u00e4ufe besorgen (Foto: Pixabay)"},{"@type":"BreadcrumbList","@id":"https:\/\/www.immobilienbusiness.ch\/de\/unternehmen\/2019-05-13\/orascom-steigert-umsatz-um-fast-ein-drittel\/#breadcrumb","itemListElement":[{"@type":"ListItem","position":1,"name":"Home","item":"https:\/\/www.immobilienbusiness.ch\/"},{"@type":"ListItem","position":2,"name":"Orascom steigert Umsatz um fast ein Drittel"}]},{"@type":"WebSite","@id":"https:\/\/www.immobilienbusiness.ch\/#website","url":"https:\/\/www.immobilienbusiness.ch\/","name":"IMMOBILIER Business","description":"Magazine \u00e9conomique suisse ind\u00e9pendant ax\u00e9 sur l'immobilier, l'architecture et la construction ainsi que sur les investissements et le financement.","publisher":{"@id":"https:\/\/www.immobilienbusiness.ch\/#organization"},"potentialAction":[{"@type":"SearchAction","target":{"@type":"EntryPoint","urlTemplate":"https:\/\/www.immobilienbusiness.ch\/?s={search_term_string}"},"query-input":{"@type":"PropertyValueSpecification","valueRequired":true,"valueName":"search_term_string"}}],"inLanguage":"fr-FR"},{"@type":"Organization","@id":"https:\/\/www.immobilienbusiness.ch\/#organization","name":"IMMOBILIER Business","url":"https:\/\/www.immobilienbusiness.ch\/","logo":{"@type":"ImageObject","inLanguage":"fr-FR","@id":"https:\/\/www.immobilienbusiness.ch\/#\/schema\/logo\/image\/","url":"https:\/\/www.immobilienbusiness.ch\/wp-content\/uploads\/2021\/07\/logo_ib.png","contentUrl":"https:\/\/www.immobilienbusiness.ch\/wp-content\/uploads\/2021\/07\/logo_ib.png","width":800,"height":181,"caption":"IMMOBILIEN Business"},"image":{"@id":"https:\/\/www.immobilienbusiness.ch\/#\/schema\/logo\/image\/"},"sameAs":["https:\/\/www.facebook.com\/immobilienbusiness\/"]},{"@type":"Person","@id":"https:\/\/www.immobilienbusiness.ch\/#\/schema\/person\/3fc036297b10b9f42d6db5ee932af8c8","name":"anja.hall","image":{"@type":"ImageObject","inLanguage":"fr-FR","@id":"https:\/\/secure.gravatar.com\/avatar\/066b5a0d447013502c71a5782f4f3469f03cfe595cc2329fb94652fe47511bfb?s=96&d=mm&r=g","url":"https:\/\/secure.gravatar.com\/avatar\/066b5a0d447013502c71a5782f4f3469f03cfe595cc2329fb94652fe47511bfb?s=96&d=mm&r=g","contentUrl":"https:\/\/secure.gravatar.com\/avatar\/066b5a0d447013502c71a5782f4f3469f03cfe595cc2329fb94652fe47511bfb?s=96&d=mm&r=g","caption":"anja.hall"},"url":"https:\/\/www.immobilienbusiness.ch\/fr\/author\/anja-hall\/"}]}},"_links":{"self":[{"href":"https:\/\/www.immobilienbusiness.ch\/fr\/wp-json\/wp\/v2\/posts\/16946","targetHints":{"allow":["GET"]}}],"collection":[{"href":"https:\/\/www.immobilienbusiness.ch\/fr\/wp-json\/wp\/v2\/posts"}],"about":[{"href":"https:\/\/www.immobilienbusiness.ch\/fr\/wp-json\/wp\/v2\/types\/post"}],"author":[{"embeddable":true,"href":"https:\/\/www.immobilienbusiness.ch\/fr\/wp-json\/wp\/v2\/users\/3"}],"replies":[{"embeddable":true,"href":"https:\/\/www.immobilienbusiness.ch\/fr\/wp-json\/wp\/v2\/comments?post=16946"}],"version-history":[{"count":0,"href":"https:\/\/www.immobilienbusiness.ch\/fr\/wp-json\/wp\/v2\/posts\/16946\/revisions"}],"wp:featuredmedia":[{"embeddable":true,"href":"https:\/\/www.immobilienbusiness.ch\/fr\/wp-json\/wp\/v2\/media\/1902"}],"wp:attachment":[{"href":"https:\/\/www.immobilienbusiness.ch\/fr\/wp-json\/wp\/v2\/media?parent=16946"}],"wp:term":[{"taxonomy":"category","embeddable":true,"href":"https:\/\/www.immobilienbusiness.ch\/fr\/wp-json\/wp\/v2\/categories?post=16946"},{"taxonomy":"post_tag","embeddable":true,"href":"https:\/\/www.immobilienbusiness.ch\/fr\/wp-json\/wp\/v2\/tags?post=16946"}],"curies":[{"name":"wp","href":"https:\/\/api.w.org\/{rel}","templated":true}]}}