{"id":16929,"date":"2019-05-10T09:00:14","date_gmt":"2019-05-10T07:00:14","guid":{"rendered":"https:\/\/www.immobilienbusiness.ch\/?p=16929"},"modified":"2019-05-10T09:00:14","modified_gmt":"2019-05-10T07:00:14","slug":"markstein-juerg-stoeckli-zieht-in-den-vr-ein","status":"publish","type":"post","link":"https:\/\/www.immobilienbusiness.ch\/fr\/unternehmen\/2019-05-10\/markstein-juerg-stoeckli-zieht-in-den-vr-ein\/","title":{"rendered":"Une \u00e9tape importante : J\u00fcrg St\u00f6ckli fait son entr\u00e9e au CA"},"content":{"rendered":"<figure id=\"attachment_16934\" aria-describedby=\"caption-attachment-16934\" style=\"width: 620px\" class=\"wp-caption alignnone\"><img loading=\"lazy\" decoding=\"async\" class=\"size-full wp-image-16934\" src=\"https:\/\/www.immobilienbusiness.ch\/wp-content\/uploads\/2019\/05\/Markstein_St\u00f6ckli_J\u00fcrg_DSC1299-.jpg\" alt=\"\" width=\"620\" height=\"413\" \/><figcaption id=\"caption-attachment-16934\" class=\"wp-caption-text\">J\u00fcrg St\u00f6ckli (photo : Markstein AG)<\/figcaption><\/figure>\n<p>J\u00fcrg St\u00f6ckli (50 ans) a \u00e9t\u00e9 \u00e9lu le 8 mai 2019 au conseil d'administration de la Markstein AG. Les membres actuels du conseil d'administration, Dr Markus Bill , Dr Patrick Vogt et Marco Uehlinger, conservent leur poste ; Bill reste pr\u00e9sident de l'organe.<\/p>\n<p>St\u00f6ckli est propri\u00e9taire et directeur d'une entreprise de conseil. Il est actif en tant que membre externe du conseil d'administration et conseille les entreprises sur les questions strat\u00e9giques et \u00e9conomiques. St\u00f6ckli \u00e9tait responsable de l'immobilier et membre de la direction du groupe des CFF jusqu'en d\u00e9cembre 2018. Auparavant, il \u00e9tait Chief Operation Officer chez Privera. Actuellement, St\u00f6ckli fait notamment partie des conseils d'administration d'Allreal Generalunternehmung, de La Mobili\u00e8re Suisse et de Vebego Schweiz Holding.<\/p>\n<p>Markstein est actif dans les domaines de la gestion de portefeuille, de la gestion de projet, de l'investissement ainsi que de la vente de logements en propri\u00e9t\u00e9 et de la premi\u00e8re location. L'entreprise est implant\u00e9e \u00e0 Baden et \u00e0 Zurich et emploie environ 30 personnes. <em>(ah)<\/em><\/p>","protected":false},"excerpt":{"rendered":"<p>J\u00fcrg St\u00f6ckli est le nouveau membre du conseil d'administration de la soci\u00e9t\u00e9 immobili\u00e8re Markstein. L'ancien responsable de l'immobilier des CFF travaille depuis le d\u00e9but de cette ann\u00e9e comme administrateur ind\u00e9pendant.<\/p>","protected":false},"author":3,"featured_media":16934,"comment_status":"closed","ping_status":"open","sticky":false,"template":"","format":"standard","meta":{"_acf_changed":false,"_yoast_wpseo_focuskw":"J\u00fcrg St\u00f6ckli","_yoast_wpseo_title":"","_yoast_wpseo_metadesc":"J\u00fcrg St\u00f6ckli, ehemaliger Leiter Immobilien der SBB, ist neuer Verwaltungsrat bei der Immobiliengesellschaft Markstein.","_yoast_wpseo_linkdex":63,"pgc_sgb_lightbox_settings":"","footnotes":""},"categories":[988],"tags":[1563,1834],"class_list":["post-16929","post","type-post","status-publish","format-standard","has-post-thumbnail","hentry","category-unternehmen","tag-personalia","tag-verwaltungsrat"],"acf":[],"yoast_head":"<!-- This site is optimized with the Yoast SEO plugin v27.4 - https:\/\/yoast.com\/product\/yoast-seo-wordpress\/ -->\n<title>Markstein: J\u00fcrg St\u00f6ckli zieht in den VR ein - IMMOBILIEN Business<\/title>\n<meta name=\"description\" content=\"J\u00fcrg St\u00f6ckli, ehemaliger Leiter Immobilien der SBB, ist neuer Verwaltungsrat bei der Immobiliengesellschaft Markstein.\" \/>\n<meta name=\"robots\" content=\"index, follow, max-snippet:-1, max-image-preview:large, max-video-preview:-1\" \/>\n<link rel=\"canonical\" href=\"https:\/\/www.immobilienbusiness.ch\/fr\/unternehmen\/2019-05-10\/markstein-juerg-stoeckli-zieht-in-den-vr-ein\/\" \/>\n<meta property=\"og:locale\" content=\"fr_FR\" \/>\n<meta property=\"og:type\" content=\"article\" \/>\n<meta property=\"og:title\" content=\"Markstein: J\u00fcrg St\u00f6ckli zieht in den VR ein - IMMOBILIEN Business\" \/>\n<meta property=\"og:description\" content=\"J\u00fcrg St\u00f6ckli, ehemaliger Leiter Immobilien der SBB, ist neuer Verwaltungsrat bei der Immobiliengesellschaft Markstein.\" \/>\n<meta property=\"og:url\" content=\"https:\/\/www.immobilienbusiness.ch\/fr\/unternehmen\/2019-05-10\/markstein-juerg-stoeckli-zieht-in-den-vr-ein\/\" \/>\n<meta property=\"og:site_name\" content=\"IMMOBILIEN Business\" \/>\n<meta property=\"article:publisher\" content=\"https:\/\/www.facebook.com\/immobilienbusiness\/\" \/>\n<meta property=\"article:published_time\" content=\"2019-05-10T07:00:14+00:00\" \/>\n<meta property=\"og:image\" content=\"https:\/\/www.immobilienbusiness.ch\/wp-content\/uploads\/2019\/05\/Markstein_Stoeckli_Juerg_DSC1299-.jpg\" \/>\n\t<meta property=\"og:image:width\" content=\"620\" \/>\n\t<meta property=\"og:image:height\" content=\"413\" \/>\n\t<meta property=\"og:image:type\" content=\"image\/jpeg\" \/>\n<meta name=\"author\" content=\"anja.hall\" \/>\n<meta name=\"twitter:card\" content=\"summary_large_image\" \/>\n<meta name=\"twitter:image\" content=\"https:\/\/www.immobilienbusiness.ch\/wp-content\/uploads\/2019\/05\/Markstein_St\u00f6ckli_J\u00fcrg_DSC1299-.jpg\" \/>\n<script type=\"application\/ld+json\" class=\"yoast-schema-graph\">{\"@context\":\"https:\\\/\\\/schema.org\",\"@graph\":[{\"@type\":\"Article\",\"@id\":\"https:\\\/\\\/www.immobilienbusiness.ch\\\/de\\\/unternehmen\\\/2019-05-10\\\/markstein-juerg-stoeckli-zieht-in-den-vr-ein\\\/#article\",\"isPartOf\":{\"@id\":\"https:\\\/\\\/www.immobilienbusiness.ch\\\/de\\\/unternehmen\\\/2019-05-10\\\/markstein-juerg-stoeckli-zieht-in-den-vr-ein\\\/\"},\"author\":{\"name\":\"anja.hall\",\"@id\":\"https:\\\/\\\/www.immobilienbusiness.ch\\\/#\\\/schema\\\/person\\\/3fc036297b10b9f42d6db5ee932af8c8\"},\"headline\":\"Markstein: J\u00fcrg St\u00f6ckli zieht in den VR ein\",\"datePublished\":\"2019-05-10T07:00:14+00:00\",\"mainEntityOfPage\":{\"@id\":\"https:\\\/\\\/www.immobilienbusiness.ch\\\/de\\\/unternehmen\\\/2019-05-10\\\/markstein-juerg-stoeckli-zieht-in-den-vr-ein\\\/\"},\"wordCount\":164,\"publisher\":{\"@id\":\"https:\\\/\\\/www.immobilienbusiness.ch\\\/#organization\"},\"image\":{\"@id\":\"https:\\\/\\\/www.immobilienbusiness.ch\\\/de\\\/unternehmen\\\/2019-05-10\\\/markstein-juerg-stoeckli-zieht-in-den-vr-ein\\\/#primaryimage\"},\"thumbnailUrl\":\"https:\\\/\\\/www.immobilienbusiness.ch\\\/wp-content\\\/uploads\\\/2019\\\/05\\\/Markstein_Stoeckli_Juerg_DSC1299-.jpg\",\"keywords\":[\"Personalia\",\"Verwaltungsrat\"],\"articleSection\":[\"UNTERNEHMEN\"],\"inLanguage\":\"fr-FR\"},{\"@type\":\"WebPage\",\"@id\":\"https:\\\/\\\/www.immobilienbusiness.ch\\\/de\\\/unternehmen\\\/2019-05-10\\\/markstein-juerg-stoeckli-zieht-in-den-vr-ein\\\/\",\"url\":\"https:\\\/\\\/www.immobilienbusiness.ch\\\/de\\\/unternehmen\\\/2019-05-10\\\/markstein-juerg-stoeckli-zieht-in-den-vr-ein\\\/\",\"name\":\"Markstein: J\u00fcrg St\u00f6ckli zieht in den VR ein - IMMOBILIEN Business\",\"isPartOf\":{\"@id\":\"https:\\\/\\\/www.immobilienbusiness.ch\\\/#website\"},\"primaryImageOfPage\":{\"@id\":\"https:\\\/\\\/www.immobilienbusiness.ch\\\/de\\\/unternehmen\\\/2019-05-10\\\/markstein-juerg-stoeckli-zieht-in-den-vr-ein\\\/#primaryimage\"},\"image\":{\"@id\":\"https:\\\/\\\/www.immobilienbusiness.ch\\\/de\\\/unternehmen\\\/2019-05-10\\\/markstein-juerg-stoeckli-zieht-in-den-vr-ein\\\/#primaryimage\"},\"thumbnailUrl\":\"https:\\\/\\\/www.immobilienbusiness.ch\\\/wp-content\\\/uploads\\\/2019\\\/05\\\/Markstein_Stoeckli_Juerg_DSC1299-.jpg\",\"datePublished\":\"2019-05-10T07:00:14+00:00\",\"description\":\"J\u00fcrg St\u00f6ckli, ehemaliger Leiter Immobilien der SBB, ist neuer Verwaltungsrat bei der Immobiliengesellschaft Markstein.\",\"breadcrumb\":{\"@id\":\"https:\\\/\\\/www.immobilienbusiness.ch\\\/de\\\/unternehmen\\\/2019-05-10\\\/markstein-juerg-stoeckli-zieht-in-den-vr-ein\\\/#breadcrumb\"},\"inLanguage\":\"fr-FR\",\"potentialAction\":[{\"@type\":\"ReadAction\",\"target\":[\"https:\\\/\\\/www.immobilienbusiness.ch\\\/de\\\/unternehmen\\\/2019-05-10\\\/markstein-juerg-stoeckli-zieht-in-den-vr-ein\\\/\"]}]},{\"@type\":\"ImageObject\",\"inLanguage\":\"fr-FR\",\"@id\":\"https:\\\/\\\/www.immobilienbusiness.ch\\\/de\\\/unternehmen\\\/2019-05-10\\\/markstein-juerg-stoeckli-zieht-in-den-vr-ein\\\/#primaryimage\",\"url\":\"https:\\\/\\\/www.immobilienbusiness.ch\\\/wp-content\\\/uploads\\\/2019\\\/05\\\/Markstein_Stoeckli_Juerg_DSC1299-.jpg\",\"contentUrl\":\"https:\\\/\\\/www.immobilienbusiness.ch\\\/wp-content\\\/uploads\\\/2019\\\/05\\\/Markstein_Stoeckli_Juerg_DSC1299-.jpg\",\"width\":620,\"height\":413,\"caption\":\"J\u00fcrg St\u00f6ckli (Bild: Markstein AG)\"},{\"@type\":\"BreadcrumbList\",\"@id\":\"https:\\\/\\\/www.immobilienbusiness.ch\\\/de\\\/unternehmen\\\/2019-05-10\\\/markstein-juerg-stoeckli-zieht-in-den-vr-ein\\\/#breadcrumb\",\"itemListElement\":[{\"@type\":\"ListItem\",\"position\":1,\"name\":\"Home\",\"item\":\"https:\\\/\\\/www.immobilienbusiness.ch\\\/\"},{\"@type\":\"ListItem\",\"position\":2,\"name\":\"Markstein: J\u00fcrg St\u00f6ckli zieht in den VR ein\"}]},{\"@type\":\"WebSite\",\"@id\":\"https:\\\/\\\/www.immobilienbusiness.ch\\\/#website\",\"url\":\"https:\\\/\\\/www.immobilienbusiness.ch\\\/\",\"name\":\"IMMOBILIEN Business\",\"description\":\"Unabh\u00e4ngiges Schweizer Wirtschaftsmagazin mit Fokus auf Immobilien, Architektur- und Bau sowie Investment- und Finanzierung.\",\"publisher\":{\"@id\":\"https:\\\/\\\/www.immobilienbusiness.ch\\\/#organization\"},\"potentialAction\":[{\"@type\":\"SearchAction\",\"target\":{\"@type\":\"EntryPoint\",\"urlTemplate\":\"https:\\\/\\\/www.immobilienbusiness.ch\\\/?s={search_term_string}\"},\"query-input\":{\"@type\":\"PropertyValueSpecification\",\"valueRequired\":true,\"valueName\":\"search_term_string\"}}],\"inLanguage\":\"fr-FR\"},{\"@type\":\"Organization\",\"@id\":\"https:\\\/\\\/www.immobilienbusiness.ch\\\/#organization\",\"name\":\"IMMOBILIEN Business\",\"url\":\"https:\\\/\\\/www.immobilienbusiness.ch\\\/\",\"logo\":{\"@type\":\"ImageObject\",\"inLanguage\":\"fr-FR\",\"@id\":\"https:\\\/\\\/www.immobilienbusiness.ch\\\/#\\\/schema\\\/logo\\\/image\\\/\",\"url\":\"https:\\\/\\\/www.immobilienbusiness.ch\\\/wp-content\\\/uploads\\\/2021\\\/07\\\/logo_ib.png\",\"contentUrl\":\"https:\\\/\\\/www.immobilienbusiness.ch\\\/wp-content\\\/uploads\\\/2021\\\/07\\\/logo_ib.png\",\"width\":800,\"height\":181,\"caption\":\"IMMOBILIEN Business\"},\"image\":{\"@id\":\"https:\\\/\\\/www.immobilienbusiness.ch\\\/#\\\/schema\\\/logo\\\/image\\\/\"},\"sameAs\":[\"https:\\\/\\\/www.facebook.com\\\/immobilienbusiness\\\/\"]},{\"@type\":\"Person\",\"@id\":\"https:\\\/\\\/www.immobilienbusiness.ch\\\/#\\\/schema\\\/person\\\/3fc036297b10b9f42d6db5ee932af8c8\",\"name\":\"anja.hall\",\"image\":{\"@type\":\"ImageObject\",\"inLanguage\":\"fr-FR\",\"@id\":\"https:\\\/\\\/secure.gravatar.com\\\/avatar\\\/066b5a0d447013502c71a5782f4f3469f03cfe595cc2329fb94652fe47511bfb?s=96&d=mm&r=g\",\"url\":\"https:\\\/\\\/secure.gravatar.com\\\/avatar\\\/066b5a0d447013502c71a5782f4f3469f03cfe595cc2329fb94652fe47511bfb?s=96&d=mm&r=g\",\"contentUrl\":\"https:\\\/\\\/secure.gravatar.com\\\/avatar\\\/066b5a0d447013502c71a5782f4f3469f03cfe595cc2329fb94652fe47511bfb?s=96&d=mm&r=g\",\"caption\":\"anja.hall\"},\"url\":\"https:\\\/\\\/www.immobilienbusiness.ch\\\/fr\\\/author\\\/anja-hall\\\/\"}]}<\/script>\n<!-- \/ Yoast SEO plugin. -->","yoast_head_json":{"title":"Markstein : J\u00fcrg St\u00f6ckli fait son entr\u00e9e au CA - IMMOBILIER Business","description":"J\u00fcrg St\u00f6ckli, ancien directeur de l'immobilier des CFF, est le nouveau membre du conseil d'administration de la soci\u00e9t\u00e9 immobili\u00e8re Markstein.","robots":{"index":"index","follow":"follow","max-snippet":"max-snippet:-1","max-image-preview":"max-image-preview:large","max-video-preview":"max-video-preview:-1"},"canonical":"https:\/\/www.immobilienbusiness.ch\/fr\/unternehmen\/2019-05-10\/markstein-juerg-stoeckli-zieht-in-den-vr-ein\/","og_locale":"fr_FR","og_type":"article","og_title":"Markstein: J\u00fcrg St\u00f6ckli zieht in den VR ein - IMMOBILIEN Business","og_description":"J\u00fcrg St\u00f6ckli, ehemaliger Leiter Immobilien der SBB, ist neuer Verwaltungsrat bei der Immobiliengesellschaft Markstein.","og_url":"https:\/\/www.immobilienbusiness.ch\/fr\/unternehmen\/2019-05-10\/markstein-juerg-stoeckli-zieht-in-den-vr-ein\/","og_site_name":"IMMOBILIEN Business","article_publisher":"https:\/\/www.facebook.com\/immobilienbusiness\/","article_published_time":"2019-05-10T07:00:14+00:00","og_image":[{"width":620,"height":413,"url":"https:\/\/www.immobilienbusiness.ch\/wp-content\/uploads\/2019\/05\/Markstein_Stoeckli_Juerg_DSC1299-.jpg","type":"image\/jpeg"}],"author":"anja.hall","twitter_card":"summary_large_image","twitter_image":"https:\/\/www.immobilienbusiness.ch\/wp-content\/uploads\/2019\/05\/Markstein_St\u00f6ckli_J\u00fcrg_DSC1299-.jpg","schema":{"@context":"https:\/\/schema.org","@graph":[{"@type":"Article","@id":"https:\/\/www.immobilienbusiness.ch\/de\/unternehmen\/2019-05-10\/markstein-juerg-stoeckli-zieht-in-den-vr-ein\/#article","isPartOf":{"@id":"https:\/\/www.immobilienbusiness.ch\/de\/unternehmen\/2019-05-10\/markstein-juerg-stoeckli-zieht-in-den-vr-ein\/"},"author":{"name":"anja.hall","@id":"https:\/\/www.immobilienbusiness.ch\/#\/schema\/person\/3fc036297b10b9f42d6db5ee932af8c8"},"headline":"Markstein: J\u00fcrg St\u00f6ckli zieht in den VR ein","datePublished":"2019-05-10T07:00:14+00:00","mainEntityOfPage":{"@id":"https:\/\/www.immobilienbusiness.ch\/de\/unternehmen\/2019-05-10\/markstein-juerg-stoeckli-zieht-in-den-vr-ein\/"},"wordCount":164,"publisher":{"@id":"https:\/\/www.immobilienbusiness.ch\/#organization"},"image":{"@id":"https:\/\/www.immobilienbusiness.ch\/de\/unternehmen\/2019-05-10\/markstein-juerg-stoeckli-zieht-in-den-vr-ein\/#primaryimage"},"thumbnailUrl":"https:\/\/www.immobilienbusiness.ch\/wp-content\/uploads\/2019\/05\/Markstein_Stoeckli_Juerg_DSC1299-.jpg","keywords":["Personalia","Verwaltungsrat"],"articleSection":["UNTERNEHMEN"],"inLanguage":"fr-FR"},{"@type":"WebPage","@id":"https:\/\/www.immobilienbusiness.ch\/de\/unternehmen\/2019-05-10\/markstein-juerg-stoeckli-zieht-in-den-vr-ein\/","url":"https:\/\/www.immobilienbusiness.ch\/de\/unternehmen\/2019-05-10\/markstein-juerg-stoeckli-zieht-in-den-vr-ein\/","name":"Markstein : J\u00fcrg St\u00f6ckli fait son entr\u00e9e au CA - IMMOBILIER Business","isPartOf":{"@id":"https:\/\/www.immobilienbusiness.ch\/#website"},"primaryImageOfPage":{"@id":"https:\/\/www.immobilienbusiness.ch\/de\/unternehmen\/2019-05-10\/markstein-juerg-stoeckli-zieht-in-den-vr-ein\/#primaryimage"},"image":{"@id":"https:\/\/www.immobilienbusiness.ch\/de\/unternehmen\/2019-05-10\/markstein-juerg-stoeckli-zieht-in-den-vr-ein\/#primaryimage"},"thumbnailUrl":"https:\/\/www.immobilienbusiness.ch\/wp-content\/uploads\/2019\/05\/Markstein_Stoeckli_Juerg_DSC1299-.jpg","datePublished":"2019-05-10T07:00:14+00:00","description":"J\u00fcrg St\u00f6ckli, ancien directeur de l'immobilier des CFF, est le nouveau membre du conseil d'administration de la soci\u00e9t\u00e9 immobili\u00e8re Markstein.","breadcrumb":{"@id":"https:\/\/www.immobilienbusiness.ch\/de\/unternehmen\/2019-05-10\/markstein-juerg-stoeckli-zieht-in-den-vr-ein\/#breadcrumb"},"inLanguage":"fr-FR","potentialAction":[{"@type":"ReadAction","target":["https:\/\/www.immobilienbusiness.ch\/de\/unternehmen\/2019-05-10\/markstein-juerg-stoeckli-zieht-in-den-vr-ein\/"]}]},{"@type":"ImageObject","inLanguage":"fr-FR","@id":"https:\/\/www.immobilienbusiness.ch\/de\/unternehmen\/2019-05-10\/markstein-juerg-stoeckli-zieht-in-den-vr-ein\/#primaryimage","url":"https:\/\/www.immobilienbusiness.ch\/wp-content\/uploads\/2019\/05\/Markstein_Stoeckli_Juerg_DSC1299-.jpg","contentUrl":"https:\/\/www.immobilienbusiness.ch\/wp-content\/uploads\/2019\/05\/Markstein_Stoeckli_Juerg_DSC1299-.jpg","width":620,"height":413,"caption":"J\u00fcrg St\u00f6ckli (Bild: Markstein AG)"},{"@type":"BreadcrumbList","@id":"https:\/\/www.immobilienbusiness.ch\/de\/unternehmen\/2019-05-10\/markstein-juerg-stoeckli-zieht-in-den-vr-ein\/#breadcrumb","itemListElement":[{"@type":"ListItem","position":1,"name":"Home","item":"https:\/\/www.immobilienbusiness.ch\/"},{"@type":"ListItem","position":2,"name":"Markstein: J\u00fcrg St\u00f6ckli zieht in den VR ein"}]},{"@type":"WebSite","@id":"https:\/\/www.immobilienbusiness.ch\/#website","url":"https:\/\/www.immobilienbusiness.ch\/","name":"IMMOBILIER Business","description":"Magazine \u00e9conomique suisse ind\u00e9pendant ax\u00e9 sur l'immobilier, l'architecture et la construction ainsi que sur les investissements et le financement.","publisher":{"@id":"https:\/\/www.immobilienbusiness.ch\/#organization"},"potentialAction":[{"@type":"SearchAction","target":{"@type":"EntryPoint","urlTemplate":"https:\/\/www.immobilienbusiness.ch\/?s={search_term_string}"},"query-input":{"@type":"PropertyValueSpecification","valueRequired":true,"valueName":"search_term_string"}}],"inLanguage":"fr-FR"},{"@type":"Organization","@id":"https:\/\/www.immobilienbusiness.ch\/#organization","name":"IMMOBILIER Business","url":"https:\/\/www.immobilienbusiness.ch\/","logo":{"@type":"ImageObject","inLanguage":"fr-FR","@id":"https:\/\/www.immobilienbusiness.ch\/#\/schema\/logo\/image\/","url":"https:\/\/www.immobilienbusiness.ch\/wp-content\/uploads\/2021\/07\/logo_ib.png","contentUrl":"https:\/\/www.immobilienbusiness.ch\/wp-content\/uploads\/2021\/07\/logo_ib.png","width":800,"height":181,"caption":"IMMOBILIEN Business"},"image":{"@id":"https:\/\/www.immobilienbusiness.ch\/#\/schema\/logo\/image\/"},"sameAs":["https:\/\/www.facebook.com\/immobilienbusiness\/"]},{"@type":"Person","@id":"https:\/\/www.immobilienbusiness.ch\/#\/schema\/person\/3fc036297b10b9f42d6db5ee932af8c8","name":"anja.hall","image":{"@type":"ImageObject","inLanguage":"fr-FR","@id":"https:\/\/secure.gravatar.com\/avatar\/066b5a0d447013502c71a5782f4f3469f03cfe595cc2329fb94652fe47511bfb?s=96&d=mm&r=g","url":"https:\/\/secure.gravatar.com\/avatar\/066b5a0d447013502c71a5782f4f3469f03cfe595cc2329fb94652fe47511bfb?s=96&d=mm&r=g","contentUrl":"https:\/\/secure.gravatar.com\/avatar\/066b5a0d447013502c71a5782f4f3469f03cfe595cc2329fb94652fe47511bfb?s=96&d=mm&r=g","caption":"anja.hall"},"url":"https:\/\/www.immobilienbusiness.ch\/fr\/author\/anja-hall\/"}]}},"_links":{"self":[{"href":"https:\/\/www.immobilienbusiness.ch\/fr\/wp-json\/wp\/v2\/posts\/16929","targetHints":{"allow":["GET"]}}],"collection":[{"href":"https:\/\/www.immobilienbusiness.ch\/fr\/wp-json\/wp\/v2\/posts"}],"about":[{"href":"https:\/\/www.immobilienbusiness.ch\/fr\/wp-json\/wp\/v2\/types\/post"}],"author":[{"embeddable":true,"href":"https:\/\/www.immobilienbusiness.ch\/fr\/wp-json\/wp\/v2\/users\/3"}],"replies":[{"embeddable":true,"href":"https:\/\/www.immobilienbusiness.ch\/fr\/wp-json\/wp\/v2\/comments?post=16929"}],"version-history":[{"count":0,"href":"https:\/\/www.immobilienbusiness.ch\/fr\/wp-json\/wp\/v2\/posts\/16929\/revisions"}],"wp:featuredmedia":[{"embeddable":true,"href":"https:\/\/www.immobilienbusiness.ch\/fr\/wp-json\/wp\/v2\/media\/16934"}],"wp:attachment":[{"href":"https:\/\/www.immobilienbusiness.ch\/fr\/wp-json\/wp\/v2\/media?parent=16929"}],"wp:term":[{"taxonomy":"category","embeddable":true,"href":"https:\/\/www.immobilienbusiness.ch\/fr\/wp-json\/wp\/v2\/categories?post=16929"},{"taxonomy":"post_tag","embeddable":true,"href":"https:\/\/www.immobilienbusiness.ch\/fr\/wp-json\/wp\/v2\/tags?post=16929"}],"curies":[{"name":"wp","href":"https:\/\/api.w.org\/{rel}","templated":true}]}}