{"id":16872,"date":"2019-05-08T06:47:33","date_gmt":"2019-05-08T04:47:33","guid":{"rendered":"https:\/\/www.immobilienbusiness.ch\/?p=16872"},"modified":"2019-05-08T06:47:33","modified_gmt":"2019-05-08T04:47:33","slug":"zuerich-ameron-uebenimmt-bellerive-au-lac","status":"publish","type":"post","link":"https:\/\/www.immobilienbusiness.ch\/fr\/regionen\/2019-05-08\/zuerich-ameron-uebenimmt-bellerive-au-lac\/","title":{"rendered":"Zurich : Ameron reprend Bellerive au Lac"},"content":{"rendered":"<figure id=\"attachment_16881\" aria-describedby=\"caption-attachment-16881\" style=\"width: 680px\" class=\"wp-caption alignnone\"><img loading=\"lazy\" decoding=\"async\" class=\"wp-image-16881 size-medium\" src=\"https:\/\/www.immobilienbusiness.ch\/wp-content\/uploads\/2019\/05\/Au\u00dfenansicht-2_AMERON-Z\u00fcrich_copyright-Necron-AG.png\" alt=\"\" width=\"680\" height=\"347\" \/><figcaption id=\"caption-attachment-16881\" class=\"wp-caption-text\">Ameron exploitera \u00e0 l'avenir le Bellerive au Lac \u00e0 Zurich (\u00a9 Necron AG)<\/figcaption><\/figure>\n<p>A partir de janvier 2020, le Bellerive au Lac, qui appartient jusqu'\u00e0 pr\u00e9sent au groupe Steigenberger, sera enti\u00e8rement r\u00e9nov\u00e9. Au quatri\u00e8me trimestre 2020, il devrait rouvrir ses portes en tant que troisi\u00e8me h\u00f4tel Ameron en Suisse et premier boutique h\u00f4tel Ameron du pays - il comprendra alors 60 chambres et suites, une gastronomie d'exp\u00e9rience et des salles de conf\u00e9rence.<\/p>\n<p>En tant que repr\u00e9sentant du propri\u00e9taire, UTO Real Estate Management avait charg\u00e9 la SPG Intercity Zurich ainsi que le bureau d'architectes Monoplan, sp\u00e9cialis\u00e9 dans l'h\u00f4tellerie, de trouver un nouvel exploitant pour cet \u00e9tablissement de tradition.<\/p>\n<p>\"Nous cherchions depuis longtemps un site \u00e0 Zurich pour d\u00e9velopper le portefeuille de la marque Ameron en Suisse\", explique Thomas H. Althoff, fondateur et propri\u00e9taire des h\u00f4tels Althoff.<\/p>\n<p>Le Bellerive au Lac est consid\u00e9r\u00e9 comme l'un des h\u00f4tels les plus connus de Zurich. Il est id\u00e9alement situ\u00e9 au bord du lac de Zurich, \u00e0 quelques minutes \u00e0 pied de la Sechsel\u00e4utenplatz et de l'Op\u00e9ra, ainsi que de la Bahnhofsstrasse.<\/p>\n<p>La marque Ameron comprend huit h\u00f4tels quatre \u00e9toiles en Allemagne et en Suisse : \u00e0 Berlin, Hambourg, Cologne et Bonn ainsi qu'\u00e0 Davos, Lucerne et Hohenschwangau, \u00e0 proximit\u00e9 du ch\u00e2teau de Neuschwanstein. Deux nouvelles ouvertures sont pr\u00e9vues \u00e0 Francfort et \u00e0 Munich d'ici 2020. <em>(ah)<\/em><\/p>","protected":false},"excerpt":{"rendered":"<p>Le groupe h\u00f4telier allemand Althoff reprend l'h\u00f4tel traditionnel zurichois Bellerive au Lac. Il sera d\u00e9sormais g\u00e9r\u00e9 sous la marque Ameron.<\/p>","protected":false},"author":3,"featured_media":16881,"comment_status":"closed","ping_status":"open","sticky":false,"template":"","format":"standard","meta":{"_acf_changed":false,"_yoast_wpseo_focuskw":"Bellerive","_yoast_wpseo_title":"","_yoast_wpseo_metadesc":"Die deutsche Hotelgruppe Althoff \u00fcbernimmt das Z\u00fcrcher Traditionshotel Bellerive au Lac. Es wird k\u00fcnftig unter der Marke Ameron gef\u00fchrt.","_yoast_wpseo_linkdex":69,"pgc_sgb_lightbox_settings":"","footnotes":""},"categories":[985],"tags":[1313,1717,1888],"class_list":["post-16872","post","type-post","status-publish","format-standard","has-post-thumbnail","hentry","category-regionen","tag-hotel","tag-spg-intercity","tag-zuerich"],"acf":[],"yoast_head":"<!-- This site is optimized with the Yoast SEO plugin v27.4 - https:\/\/yoast.com\/product\/yoast-seo-wordpress\/ -->\n<title>Z\u00fcrich: Ameron \u00fcbenimmt Bellerive au Lac - IMMOBILIEN Business<\/title>\n<meta name=\"description\" content=\"Die deutsche Hotelgruppe Althoff \u00fcbernimmt das Z\u00fcrcher Traditionshotel Bellerive au Lac. Es wird k\u00fcnftig unter der Marke Ameron gef\u00fchrt.\" \/>\n<meta name=\"robots\" content=\"index, follow, max-snippet:-1, max-image-preview:large, max-video-preview:-1\" \/>\n<link rel=\"canonical\" href=\"https:\/\/www.immobilienbusiness.ch\/fr\/regionen\/2019-05-08\/zuerich-ameron-uebenimmt-bellerive-au-lac\/\" \/>\n<meta property=\"og:locale\" content=\"fr_FR\" \/>\n<meta property=\"og:type\" content=\"article\" \/>\n<meta property=\"og:title\" content=\"Z\u00fcrich: Ameron \u00fcbenimmt Bellerive au Lac - IMMOBILIEN Business\" \/>\n<meta property=\"og:description\" content=\"Die deutsche Hotelgruppe Althoff \u00fcbernimmt das Z\u00fcrcher Traditionshotel Bellerive au Lac. Es wird k\u00fcnftig unter der Marke Ameron gef\u00fchrt.\" \/>\n<meta property=\"og:url\" content=\"https:\/\/www.immobilienbusiness.ch\/fr\/regionen\/2019-05-08\/zuerich-ameron-uebenimmt-bellerive-au-lac\/\" \/>\n<meta property=\"og:site_name\" content=\"IMMOBILIEN Business\" \/>\n<meta property=\"article:publisher\" content=\"https:\/\/www.facebook.com\/immobilienbusiness\/\" \/>\n<meta property=\"article:published_time\" content=\"2019-05-08T04:47:33+00:00\" \/>\n<meta property=\"og:image\" content=\"https:\/\/www.immobilienbusiness.ch\/wp-content\/uploads\/2019\/05\/Aussenansicht-2_AMERON-Zuerich_copyright-Necron-AG.png\" \/>\n\t<meta property=\"og:image:width\" content=\"1167\" \/>\n\t<meta property=\"og:image:height\" content=\"595\" \/>\n\t<meta property=\"og:image:type\" content=\"image\/png\" \/>\n<meta name=\"author\" content=\"anja.hall\" \/>\n<meta name=\"twitter:card\" content=\"summary_large_image\" \/>\n<meta name=\"twitter:image\" content=\"https:\/\/www.immobilienbusiness.ch\/wp-content\/uploads\/2019\/05\/Au\u00dfenansicht-2_AMERON-Z\u00fcrich_copyright-Necron-AG.png\" \/>\n<script type=\"application\/ld+json\" class=\"yoast-schema-graph\">{\"@context\":\"https:\\\/\\\/schema.org\",\"@graph\":[{\"@type\":\"Article\",\"@id\":\"https:\\\/\\\/www.immobilienbusiness.ch\\\/de\\\/regionen\\\/2019-05-08\\\/zuerich-ameron-uebenimmt-bellerive-au-lac\\\/#article\",\"isPartOf\":{\"@id\":\"https:\\\/\\\/www.immobilienbusiness.ch\\\/de\\\/regionen\\\/2019-05-08\\\/zuerich-ameron-uebenimmt-bellerive-au-lac\\\/\"},\"author\":{\"name\":\"anja.hall\",\"@id\":\"https:\\\/\\\/www.immobilienbusiness.ch\\\/#\\\/schema\\\/person\\\/3fc036297b10b9f42d6db5ee932af8c8\"},\"headline\":\"Z\u00fcrich: Ameron \u00fcbenimmt Bellerive au Lac\",\"datePublished\":\"2019-05-08T04:47:33+00:00\",\"mainEntityOfPage\":{\"@id\":\"https:\\\/\\\/www.immobilienbusiness.ch\\\/de\\\/regionen\\\/2019-05-08\\\/zuerich-ameron-uebenimmt-bellerive-au-lac\\\/\"},\"wordCount\":220,\"publisher\":{\"@id\":\"https:\\\/\\\/www.immobilienbusiness.ch\\\/#organization\"},\"image\":{\"@id\":\"https:\\\/\\\/www.immobilienbusiness.ch\\\/de\\\/regionen\\\/2019-05-08\\\/zuerich-ameron-uebenimmt-bellerive-au-lac\\\/#primaryimage\"},\"thumbnailUrl\":\"https:\\\/\\\/www.immobilienbusiness.ch\\\/wp-content\\\/uploads\\\/2019\\\/05\\\/Aussenansicht-2_AMERON-Zuerich_copyright-Necron-AG.png\",\"keywords\":[\"Hotel\",\"SPG Intercity\",\"Z\u00fcrich\"],\"articleSection\":[\"REGIONEN\"],\"inLanguage\":\"fr-FR\"},{\"@type\":\"WebPage\",\"@id\":\"https:\\\/\\\/www.immobilienbusiness.ch\\\/de\\\/regionen\\\/2019-05-08\\\/zuerich-ameron-uebenimmt-bellerive-au-lac\\\/\",\"url\":\"https:\\\/\\\/www.immobilienbusiness.ch\\\/de\\\/regionen\\\/2019-05-08\\\/zuerich-ameron-uebenimmt-bellerive-au-lac\\\/\",\"name\":\"Z\u00fcrich: Ameron \u00fcbenimmt Bellerive au Lac - IMMOBILIEN Business\",\"isPartOf\":{\"@id\":\"https:\\\/\\\/www.immobilienbusiness.ch\\\/#website\"},\"primaryImageOfPage\":{\"@id\":\"https:\\\/\\\/www.immobilienbusiness.ch\\\/de\\\/regionen\\\/2019-05-08\\\/zuerich-ameron-uebenimmt-bellerive-au-lac\\\/#primaryimage\"},\"image\":{\"@id\":\"https:\\\/\\\/www.immobilienbusiness.ch\\\/de\\\/regionen\\\/2019-05-08\\\/zuerich-ameron-uebenimmt-bellerive-au-lac\\\/#primaryimage\"},\"thumbnailUrl\":\"https:\\\/\\\/www.immobilienbusiness.ch\\\/wp-content\\\/uploads\\\/2019\\\/05\\\/Aussenansicht-2_AMERON-Zuerich_copyright-Necron-AG.png\",\"datePublished\":\"2019-05-08T04:47:33+00:00\",\"description\":\"Die deutsche Hotelgruppe Althoff \u00fcbernimmt das Z\u00fcrcher Traditionshotel Bellerive au Lac. Es wird k\u00fcnftig unter der Marke Ameron gef\u00fchrt.\",\"breadcrumb\":{\"@id\":\"https:\\\/\\\/www.immobilienbusiness.ch\\\/de\\\/regionen\\\/2019-05-08\\\/zuerich-ameron-uebenimmt-bellerive-au-lac\\\/#breadcrumb\"},\"inLanguage\":\"fr-FR\",\"potentialAction\":[{\"@type\":\"ReadAction\",\"target\":[\"https:\\\/\\\/www.immobilienbusiness.ch\\\/de\\\/regionen\\\/2019-05-08\\\/zuerich-ameron-uebenimmt-bellerive-au-lac\\\/\"]}]},{\"@type\":\"ImageObject\",\"inLanguage\":\"fr-FR\",\"@id\":\"https:\\\/\\\/www.immobilienbusiness.ch\\\/de\\\/regionen\\\/2019-05-08\\\/zuerich-ameron-uebenimmt-bellerive-au-lac\\\/#primaryimage\",\"url\":\"https:\\\/\\\/www.immobilienbusiness.ch\\\/wp-content\\\/uploads\\\/2019\\\/05\\\/Aussenansicht-2_AMERON-Zuerich_copyright-Necron-AG.png\",\"contentUrl\":\"https:\\\/\\\/www.immobilienbusiness.ch\\\/wp-content\\\/uploads\\\/2019\\\/05\\\/Aussenansicht-2_AMERON-Zuerich_copyright-Necron-AG.png\",\"width\":1167,\"height\":595},{\"@type\":\"BreadcrumbList\",\"@id\":\"https:\\\/\\\/www.immobilienbusiness.ch\\\/de\\\/regionen\\\/2019-05-08\\\/zuerich-ameron-uebenimmt-bellerive-au-lac\\\/#breadcrumb\",\"itemListElement\":[{\"@type\":\"ListItem\",\"position\":1,\"name\":\"Home\",\"item\":\"https:\\\/\\\/www.immobilienbusiness.ch\\\/\"},{\"@type\":\"ListItem\",\"position\":2,\"name\":\"Z\u00fcrich: Ameron \u00fcbenimmt Bellerive au Lac\"}]},{\"@type\":\"WebSite\",\"@id\":\"https:\\\/\\\/www.immobilienbusiness.ch\\\/#website\",\"url\":\"https:\\\/\\\/www.immobilienbusiness.ch\\\/\",\"name\":\"IMMOBILIEN Business\",\"description\":\"Unabh\u00e4ngiges Schweizer Wirtschaftsmagazin mit Fokus auf Immobilien, Architektur- und Bau sowie Investment- und Finanzierung.\",\"publisher\":{\"@id\":\"https:\\\/\\\/www.immobilienbusiness.ch\\\/#organization\"},\"potentialAction\":[{\"@type\":\"SearchAction\",\"target\":{\"@type\":\"EntryPoint\",\"urlTemplate\":\"https:\\\/\\\/www.immobilienbusiness.ch\\\/?s={search_term_string}\"},\"query-input\":{\"@type\":\"PropertyValueSpecification\",\"valueRequired\":true,\"valueName\":\"search_term_string\"}}],\"inLanguage\":\"fr-FR\"},{\"@type\":\"Organization\",\"@id\":\"https:\\\/\\\/www.immobilienbusiness.ch\\\/#organization\",\"name\":\"IMMOBILIEN Business\",\"url\":\"https:\\\/\\\/www.immobilienbusiness.ch\\\/\",\"logo\":{\"@type\":\"ImageObject\",\"inLanguage\":\"fr-FR\",\"@id\":\"https:\\\/\\\/www.immobilienbusiness.ch\\\/#\\\/schema\\\/logo\\\/image\\\/\",\"url\":\"https:\\\/\\\/www.immobilienbusiness.ch\\\/wp-content\\\/uploads\\\/2021\\\/07\\\/logo_ib.png\",\"contentUrl\":\"https:\\\/\\\/www.immobilienbusiness.ch\\\/wp-content\\\/uploads\\\/2021\\\/07\\\/logo_ib.png\",\"width\":800,\"height\":181,\"caption\":\"IMMOBILIEN Business\"},\"image\":{\"@id\":\"https:\\\/\\\/www.immobilienbusiness.ch\\\/#\\\/schema\\\/logo\\\/image\\\/\"},\"sameAs\":[\"https:\\\/\\\/www.facebook.com\\\/immobilienbusiness\\\/\"]},{\"@type\":\"Person\",\"@id\":\"https:\\\/\\\/www.immobilienbusiness.ch\\\/#\\\/schema\\\/person\\\/3fc036297b10b9f42d6db5ee932af8c8\",\"name\":\"anja.hall\",\"image\":{\"@type\":\"ImageObject\",\"inLanguage\":\"fr-FR\",\"@id\":\"https:\\\/\\\/secure.gravatar.com\\\/avatar\\\/066b5a0d447013502c71a5782f4f3469f03cfe595cc2329fb94652fe47511bfb?s=96&d=mm&r=g\",\"url\":\"https:\\\/\\\/secure.gravatar.com\\\/avatar\\\/066b5a0d447013502c71a5782f4f3469f03cfe595cc2329fb94652fe47511bfb?s=96&d=mm&r=g\",\"contentUrl\":\"https:\\\/\\\/secure.gravatar.com\\\/avatar\\\/066b5a0d447013502c71a5782f4f3469f03cfe595cc2329fb94652fe47511bfb?s=96&d=mm&r=g\",\"caption\":\"anja.hall\"},\"url\":\"https:\\\/\\\/www.immobilienbusiness.ch\\\/fr\\\/author\\\/anja-hall\\\/\"}]}<\/script>\n<!-- \/ Yoast SEO plugin. -->","yoast_head_json":{"title":"Z\u00fcrich: Ameron \u00fcbenimmt Bellerive au Lac - IMMOBILIEN Business","description":"Le groupe h\u00f4telier allemand Althoff reprend l'h\u00f4tel traditionnel zurichois Bellerive au Lac. Il sera d\u00e9sormais g\u00e9r\u00e9 sous la marque Ameron.","robots":{"index":"index","follow":"follow","max-snippet":"max-snippet:-1","max-image-preview":"max-image-preview:large","max-video-preview":"max-video-preview:-1"},"canonical":"https:\/\/www.immobilienbusiness.ch\/fr\/regionen\/2019-05-08\/zuerich-ameron-uebenimmt-bellerive-au-lac\/","og_locale":"fr_FR","og_type":"article","og_title":"Z\u00fcrich: Ameron \u00fcbenimmt Bellerive au Lac - IMMOBILIEN Business","og_description":"Die deutsche Hotelgruppe Althoff \u00fcbernimmt das Z\u00fcrcher Traditionshotel Bellerive au Lac. Es wird k\u00fcnftig unter der Marke Ameron gef\u00fchrt.","og_url":"https:\/\/www.immobilienbusiness.ch\/fr\/regionen\/2019-05-08\/zuerich-ameron-uebenimmt-bellerive-au-lac\/","og_site_name":"IMMOBILIEN Business","article_publisher":"https:\/\/www.facebook.com\/immobilienbusiness\/","article_published_time":"2019-05-08T04:47:33+00:00","og_image":[{"width":1167,"height":595,"url":"https:\/\/www.immobilienbusiness.ch\/wp-content\/uploads\/2019\/05\/Aussenansicht-2_AMERON-Zuerich_copyright-Necron-AG.png","type":"image\/png"}],"author":"anja.hall","twitter_card":"summary_large_image","twitter_image":"https:\/\/www.immobilienbusiness.ch\/wp-content\/uploads\/2019\/05\/Au\u00dfenansicht-2_AMERON-Z\u00fcrich_copyright-Necron-AG.png","schema":{"@context":"https:\/\/schema.org","@graph":[{"@type":"Article","@id":"https:\/\/www.immobilienbusiness.ch\/de\/regionen\/2019-05-08\/zuerich-ameron-uebenimmt-bellerive-au-lac\/#article","isPartOf":{"@id":"https:\/\/www.immobilienbusiness.ch\/de\/regionen\/2019-05-08\/zuerich-ameron-uebenimmt-bellerive-au-lac\/"},"author":{"name":"anja.hall","@id":"https:\/\/www.immobilienbusiness.ch\/#\/schema\/person\/3fc036297b10b9f42d6db5ee932af8c8"},"headline":"Z\u00fcrich: Ameron \u00fcbenimmt Bellerive au Lac","datePublished":"2019-05-08T04:47:33+00:00","mainEntityOfPage":{"@id":"https:\/\/www.immobilienbusiness.ch\/de\/regionen\/2019-05-08\/zuerich-ameron-uebenimmt-bellerive-au-lac\/"},"wordCount":220,"publisher":{"@id":"https:\/\/www.immobilienbusiness.ch\/#organization"},"image":{"@id":"https:\/\/www.immobilienbusiness.ch\/de\/regionen\/2019-05-08\/zuerich-ameron-uebenimmt-bellerive-au-lac\/#primaryimage"},"thumbnailUrl":"https:\/\/www.immobilienbusiness.ch\/wp-content\/uploads\/2019\/05\/Aussenansicht-2_AMERON-Zuerich_copyright-Necron-AG.png","keywords":["Hotel","SPG Intercity","Z\u00fcrich"],"articleSection":["REGIONEN"],"inLanguage":"fr-FR"},{"@type":"WebPage","@id":"https:\/\/www.immobilienbusiness.ch\/de\/regionen\/2019-05-08\/zuerich-ameron-uebenimmt-bellerive-au-lac\/","url":"https:\/\/www.immobilienbusiness.ch\/de\/regionen\/2019-05-08\/zuerich-ameron-uebenimmt-bellerive-au-lac\/","name":"Z\u00fcrich: Ameron \u00fcbenimmt Bellerive au Lac - IMMOBILIEN Business","isPartOf":{"@id":"https:\/\/www.immobilienbusiness.ch\/#website"},"primaryImageOfPage":{"@id":"https:\/\/www.immobilienbusiness.ch\/de\/regionen\/2019-05-08\/zuerich-ameron-uebenimmt-bellerive-au-lac\/#primaryimage"},"image":{"@id":"https:\/\/www.immobilienbusiness.ch\/de\/regionen\/2019-05-08\/zuerich-ameron-uebenimmt-bellerive-au-lac\/#primaryimage"},"thumbnailUrl":"https:\/\/www.immobilienbusiness.ch\/wp-content\/uploads\/2019\/05\/Aussenansicht-2_AMERON-Zuerich_copyright-Necron-AG.png","datePublished":"2019-05-08T04:47:33+00:00","description":"Le groupe h\u00f4telier allemand Althoff reprend l'h\u00f4tel traditionnel zurichois Bellerive au Lac. Il sera d\u00e9sormais g\u00e9r\u00e9 sous la marque Ameron.","breadcrumb":{"@id":"https:\/\/www.immobilienbusiness.ch\/de\/regionen\/2019-05-08\/zuerich-ameron-uebenimmt-bellerive-au-lac\/#breadcrumb"},"inLanguage":"fr-FR","potentialAction":[{"@type":"ReadAction","target":["https:\/\/www.immobilienbusiness.ch\/de\/regionen\/2019-05-08\/zuerich-ameron-uebenimmt-bellerive-au-lac\/"]}]},{"@type":"ImageObject","inLanguage":"fr-FR","@id":"https:\/\/www.immobilienbusiness.ch\/de\/regionen\/2019-05-08\/zuerich-ameron-uebenimmt-bellerive-au-lac\/#primaryimage","url":"https:\/\/www.immobilienbusiness.ch\/wp-content\/uploads\/2019\/05\/Aussenansicht-2_AMERON-Zuerich_copyright-Necron-AG.png","contentUrl":"https:\/\/www.immobilienbusiness.ch\/wp-content\/uploads\/2019\/05\/Aussenansicht-2_AMERON-Zuerich_copyright-Necron-AG.png","width":1167,"height":595},{"@type":"BreadcrumbList","@id":"https:\/\/www.immobilienbusiness.ch\/de\/regionen\/2019-05-08\/zuerich-ameron-uebenimmt-bellerive-au-lac\/#breadcrumb","itemListElement":[{"@type":"ListItem","position":1,"name":"Home","item":"https:\/\/www.immobilienbusiness.ch\/"},{"@type":"ListItem","position":2,"name":"Z\u00fcrich: Ameron \u00fcbenimmt Bellerive au Lac"}]},{"@type":"WebSite","@id":"https:\/\/www.immobilienbusiness.ch\/#website","url":"https:\/\/www.immobilienbusiness.ch\/","name":"IMMOBILIER Business","description":"Magazine \u00e9conomique suisse ind\u00e9pendant ax\u00e9 sur l'immobilier, l'architecture et la construction ainsi que sur les investissements et le financement.","publisher":{"@id":"https:\/\/www.immobilienbusiness.ch\/#organization"},"potentialAction":[{"@type":"SearchAction","target":{"@type":"EntryPoint","urlTemplate":"https:\/\/www.immobilienbusiness.ch\/?s={search_term_string}"},"query-input":{"@type":"PropertyValueSpecification","valueRequired":true,"valueName":"search_term_string"}}],"inLanguage":"fr-FR"},{"@type":"Organization","@id":"https:\/\/www.immobilienbusiness.ch\/#organization","name":"IMMOBILIER Business","url":"https:\/\/www.immobilienbusiness.ch\/","logo":{"@type":"ImageObject","inLanguage":"fr-FR","@id":"https:\/\/www.immobilienbusiness.ch\/#\/schema\/logo\/image\/","url":"https:\/\/www.immobilienbusiness.ch\/wp-content\/uploads\/2021\/07\/logo_ib.png","contentUrl":"https:\/\/www.immobilienbusiness.ch\/wp-content\/uploads\/2021\/07\/logo_ib.png","width":800,"height":181,"caption":"IMMOBILIEN Business"},"image":{"@id":"https:\/\/www.immobilienbusiness.ch\/#\/schema\/logo\/image\/"},"sameAs":["https:\/\/www.facebook.com\/immobilienbusiness\/"]},{"@type":"Person","@id":"https:\/\/www.immobilienbusiness.ch\/#\/schema\/person\/3fc036297b10b9f42d6db5ee932af8c8","name":"anja.hall","image":{"@type":"ImageObject","inLanguage":"fr-FR","@id":"https:\/\/secure.gravatar.com\/avatar\/066b5a0d447013502c71a5782f4f3469f03cfe595cc2329fb94652fe47511bfb?s=96&d=mm&r=g","url":"https:\/\/secure.gravatar.com\/avatar\/066b5a0d447013502c71a5782f4f3469f03cfe595cc2329fb94652fe47511bfb?s=96&d=mm&r=g","contentUrl":"https:\/\/secure.gravatar.com\/avatar\/066b5a0d447013502c71a5782f4f3469f03cfe595cc2329fb94652fe47511bfb?s=96&d=mm&r=g","caption":"anja.hall"},"url":"https:\/\/www.immobilienbusiness.ch\/fr\/author\/anja-hall\/"}]}},"_links":{"self":[{"href":"https:\/\/www.immobilienbusiness.ch\/fr\/wp-json\/wp\/v2\/posts\/16872","targetHints":{"allow":["GET"]}}],"collection":[{"href":"https:\/\/www.immobilienbusiness.ch\/fr\/wp-json\/wp\/v2\/posts"}],"about":[{"href":"https:\/\/www.immobilienbusiness.ch\/fr\/wp-json\/wp\/v2\/types\/post"}],"author":[{"embeddable":true,"href":"https:\/\/www.immobilienbusiness.ch\/fr\/wp-json\/wp\/v2\/users\/3"}],"replies":[{"embeddable":true,"href":"https:\/\/www.immobilienbusiness.ch\/fr\/wp-json\/wp\/v2\/comments?post=16872"}],"version-history":[{"count":0,"href":"https:\/\/www.immobilienbusiness.ch\/fr\/wp-json\/wp\/v2\/posts\/16872\/revisions"}],"wp:featuredmedia":[{"embeddable":true,"href":"https:\/\/www.immobilienbusiness.ch\/fr\/wp-json\/wp\/v2\/media\/16881"}],"wp:attachment":[{"href":"https:\/\/www.immobilienbusiness.ch\/fr\/wp-json\/wp\/v2\/media?parent=16872"}],"wp:term":[{"taxonomy":"category","embeddable":true,"href":"https:\/\/www.immobilienbusiness.ch\/fr\/wp-json\/wp\/v2\/categories?post=16872"},{"taxonomy":"post_tag","embeddable":true,"href":"https:\/\/www.immobilienbusiness.ch\/fr\/wp-json\/wp\/v2\/tags?post=16872"}],"curies":[{"name":"wp","href":"https:\/\/api.w.org\/{rel}","templated":true}]}}