{"id":16802,"date":"2019-05-02T08:11:21","date_gmt":"2019-05-02T06:11:21","guid":{"rendered":"https:\/\/www.immobilienbusiness.ch\/?p=16802"},"modified":"2019-05-02T08:11:21","modified_gmt":"2019-05-02T06:11:21","slug":"bern-plant-ein-museumsquartier","status":"publish","type":"post","link":"https:\/\/www.immobilienbusiness.ch\/fr\/regionen\/2019-05-02\/bern-plant-ein-museumsquartier\/","title":{"rendered":"Berne pr\u00e9voit un quartier des mus\u00e9es"},"content":{"rendered":"<figure id=\"attachment_16803\" aria-describedby=\"caption-attachment-16803\" style=\"width: 680px\" class=\"wp-caption alignnone\"><img loading=\"lazy\" decoding=\"async\" class=\"size-medium wp-image-16803\" src=\"https:\/\/www.immobilienbusiness.ch\/wp-content\/uploads\/2019\/04\/DJI_0884-HDR.jpg\" alt=\"\" width=\"680\" height=\"453\" srcset=\"https:\/\/www.immobilienbusiness.ch\/wp-content\/uploads\/2019\/04\/DJI_0884-HDR.jpg 2560w, https:\/\/www.immobilienbusiness.ch\/wp-content\/uploads\/2019\/04\/DJI_0884-HDR-300x200.jpg 300w, https:\/\/www.immobilienbusiness.ch\/wp-content\/uploads\/2019\/04\/DJI_0884-HDR-1024x682.jpg 1024w, https:\/\/www.immobilienbusiness.ch\/wp-content\/uploads\/2019\/04\/DJI_0884-HDR-768x512.jpg 768w, https:\/\/www.immobilienbusiness.ch\/wp-content\/uploads\/2019\/04\/DJI_0884-HDR-1536x1024.jpg 1536w, https:\/\/www.immobilienbusiness.ch\/wp-content\/uploads\/2019\/04\/DJI_0884-HDR-2048x1365.jpg 2048w, https:\/\/www.immobilienbusiness.ch\/wp-content\/uploads\/2019\/04\/DJI_0884-HDR-16x12.jpg 16w, https:\/\/www.immobilienbusiness.ch\/wp-content\/uploads\/2019\/04\/DJI_0884-HDR-263x175.jpg 263w, https:\/\/www.immobilienbusiness.ch\/wp-content\/uploads\/2019\/04\/DJI_0884-HDR-525x350.jpg 525w, https:\/\/www.immobilienbusiness.ch\/wp-content\/uploads\/2019\/04\/DJI_0884-HDR-1200x800.jpg 1200w, https:\/\/www.immobilienbusiness.ch\/wp-content\/uploads\/2019\/04\/DJI_0884-HDR-920x613.jpg 920w, https:\/\/www.immobilienbusiness.ch\/wp-content\/uploads\/2019\/04\/DJI_0884-HDR-1400x933.jpg 1400w\" sizes=\"auto, (max-width: 680px) 100vw, 680px\" \/><figcaption id=\"caption-attachment-16803\" class=\"wp-caption-text\">Un quartier des mus\u00e9es doit voir le jour dans le quartier du Kirchenfeld (photo : mqb.ch\/Burgergemeinde Bern)<\/figcaption><\/figure>\n<p>Les diff\u00e9rents mus\u00e9es et institutions du quartier du Kirchenfeld doivent \u00eatre mis en r\u00e9seau pour former un espace \u00e9ducatif et culturel. Pour ce faire, il est notamment pr\u00e9vu de cr\u00e9er une entr\u00e9e commune et un nouveau parc mus\u00e9al public au milieu des institutions. Un concours d'architecture sera lanc\u00e9 l'ann\u00e9e prochaine.<\/p>\n<p>\"Avec ce projet, nous avons une chance unique de doter Berne d'un quartier des mus\u00e9es de la plus grande envergure\", a d\u00e9clar\u00e9 le maire de Berne Alec von Graffenried lors de la pr\u00e9sentation de l'\u00e9tude de faisabilit\u00e9. La mise en \u0153uvre des plans donnerait naissance \u00e0 un quartier culturel de niveau international, mais aussi \u00e0 un lieu offrant une grande qualit\u00e9 de s\u00e9jour \u00e0 la population bernoise.<\/p>\n<p>Le Mus\u00e9e historique de Berne, le Mus\u00e9e d'histoire naturelle de Berne, le Mus\u00e9e de la communication, le Mus\u00e9e alpin, la Kunsthalle, le Mus\u00e9e suisse du tir et le Yehudi Menuhin Forum feraient partie du quartier des mus\u00e9es. En outre, la Biblioth\u00e8que nationale, la m\u00e9diath\u00e8que de la PHBern, les Archives de la ville de Berne et le Gymnasium Kirchenfeld sont pris en compte dans ces planifications. Les institutions culturelles, qui sont tr\u00e8s proches les unes des autres mais qui se pr\u00e9sentent aujourd'hui s\u00e9par\u00e9ment, doivent \u00eatre reli\u00e9es entre elles tant au niveau du contenu que de l'espace.<\/p>\n<p>L'auteur de l'\u00e9tude de faisabilit\u00e9 qui vient d'\u00eatre pr\u00e9sent\u00e9e est Dieter Bogner, qui a \u00e9galement d\u00e9velopp\u00e9 le Museumsquartier Wien. Afin que les institutions soient per\u00e7ues comme une unit\u00e9, il est pr\u00e9vu de cr\u00e9er une entr\u00e9e commune dans le quartier des mus\u00e9es. Elle devrait se faire de plain-pied depuis l'Helvetiaplatz, par un passage sous le b\u00e2timent du ch\u00e2teau du Mus\u00e9e historique de Berne. Il est pr\u00e9vu d'y am\u00e9nager un centre d'accueil pour les visiteurs de toutes les institutions participantes, avec par exemple une billetterie et une boutique de mus\u00e9e communes.<\/p>\n<p>Depuis le centre des visiteurs, les visiteurs sont guid\u00e9s \u00e0 travers un grand hall d'accueil vers le parc public des mus\u00e9es et, de l\u00e0, vers les diff\u00e9rents mus\u00e9es. Selon l'\u00e9tude, le quartier des mus\u00e9es sera d\u00e9limit\u00e9 au sud par la Biblioth\u00e8que nationale suisse et le gymnase Kirchenfeld. Un concours d'architecture sera lanc\u00e9 \u00e0 l'automne\/hiver 2020.<\/p>\n<h2>Co\u00fbts pouvant atteindre 250 millions de CHF<\/h2>\n<p>Selon les premiers calculs approximatifs, le quartier des mus\u00e9es devrait co\u00fbter au maximum environ 250 millions de CHF, selon un communiqu\u00e9 commun du canton, de la ville et de la commune bourgeoise de Berne. Une grande partie de ces investissements seront rentables en raison des utilisations pr\u00e9vues ou seront compens\u00e9s par la suppression d'autres frais de location. La r\u00e9novation de l'ancien b\u00e2timent du Mus\u00e9e historique et la construction d'un d\u00e9p\u00f4t pour environ 100 millions seraient de toute fa\u00e7on n\u00e9cessaires.<\/p>\n<p>Les initiateurs partent du principe que le quartier des mus\u00e9es augmentera l'attractivit\u00e9 du canton de Berne en tant que destination touristique. Le nombre de visiteurs des mus\u00e9es bernois devrait ainsi passer \u00e0 environ un million par an, ajoutent-ils. Dans l'ensemble de la Suisse, on compte environ 13 millions de visites de mus\u00e9es par an. <em>(ah)<\/em><\/p>","protected":false},"excerpt":{"rendered":"<p>Un quartier des mus\u00e9es doit voir le jour \u00e0 Berne. Le canton, la ville et la bourgeoisie de Berne ont pr\u00e9sent\u00e9 une \u00e9tude de faisabilit\u00e9 \u00e0 ce sujet.<\/p>","protected":false},"author":3,"featured_media":16803,"comment_status":"closed","ping_status":"open","sticky":false,"template":"","format":"standard","meta":{"_acf_changed":false,"_yoast_wpseo_focuskw":"Museumsquartier","_yoast_wpseo_title":"","_yoast_wpseo_metadesc":"In Bern soll ein Museumsquartier entstehen. Kanton, Stadt und Burgergemeinde Bern haben dazu nun eine Machbarkeitsstudie vorgelegt.","_yoast_wpseo_linkdex":86,"pgc_sgb_lightbox_settings":"","footnotes":""},"categories":[985],"tags":[1091,1600,1724],"class_list":["post-16802","post","type-post","status-publish","format-standard","has-post-thumbnail","hentry","category-regionen","tag-bern","tag-projekt-in-planung","tag-stadtentwicklung"],"acf":[],"yoast_head":"<!-- This site is optimized with the Yoast SEO plugin v27.5 - https:\/\/yoast.com\/product\/yoast-seo-wordpress\/ -->\n<title>Bern plant ein Museumsquartier - IMMOBILIEN Business<\/title>\n<meta name=\"description\" content=\"In Bern soll ein Museumsquartier entstehen. Kanton, Stadt und Burgergemeinde Bern haben dazu nun eine Machbarkeitsstudie vorgelegt.\" \/>\n<meta name=\"robots\" content=\"index, follow, max-snippet:-1, max-image-preview:large, max-video-preview:-1\" \/>\n<link rel=\"canonical\" href=\"https:\/\/www.immobilienbusiness.ch\/fr\/regionen\/2019-05-02\/bern-plant-ein-museumsquartier\/\" \/>\n<meta property=\"og:locale\" content=\"fr_FR\" \/>\n<meta property=\"og:type\" content=\"article\" \/>\n<meta property=\"og:title\" content=\"Bern plant ein Museumsquartier - IMMOBILIEN Business\" \/>\n<meta property=\"og:description\" content=\"In Bern soll ein Museumsquartier entstehen. Kanton, Stadt und Burgergemeinde Bern haben dazu nun eine Machbarkeitsstudie vorgelegt.\" \/>\n<meta property=\"og:url\" content=\"https:\/\/www.immobilienbusiness.ch\/fr\/regionen\/2019-05-02\/bern-plant-ein-museumsquartier\/\" \/>\n<meta property=\"og:site_name\" content=\"IMMOBILIEN Business\" \/>\n<meta property=\"article:publisher\" content=\"https:\/\/www.facebook.com\/immobilienbusiness\/\" \/>\n<meta property=\"article:published_time\" content=\"2019-05-02T06:11:21+00:00\" \/>\n<meta property=\"og:image\" content=\"https:\/\/www.immobilienbusiness.ch\/wp-content\/uploads\/2019\/04\/DJI_0884-HDR-1024x682.jpg\" \/>\n\t<meta property=\"og:image:width\" content=\"1024\" \/>\n\t<meta property=\"og:image:height\" content=\"682\" \/>\n\t<meta property=\"og:image:type\" content=\"image\/jpeg\" \/>\n<meta name=\"author\" content=\"anja.hall\" \/>\n<meta name=\"twitter:card\" content=\"summary_large_image\" \/>\n<meta name=\"twitter:image\" content=\"https:\/\/www.immobilienbusiness.ch\/wp-content\/uploads\/2019\/04\/DJI_0884-HDR.jpg\" \/>\n<script type=\"application\/ld+json\" class=\"yoast-schema-graph\">{\"@context\":\"https:\\\/\\\/schema.org\",\"@graph\":[{\"@type\":\"Article\",\"@id\":\"https:\\\/\\\/www.immobilienbusiness.ch\\\/de\\\/regionen\\\/2019-05-02\\\/bern-plant-ein-museumsquartier\\\/#article\",\"isPartOf\":{\"@id\":\"https:\\\/\\\/www.immobilienbusiness.ch\\\/de\\\/regionen\\\/2019-05-02\\\/bern-plant-ein-museumsquartier\\\/\"},\"author\":{\"name\":\"anja.hall\",\"@id\":\"https:\\\/\\\/www.immobilienbusiness.ch\\\/#\\\/schema\\\/person\\\/3fc036297b10b9f42d6db5ee932af8c8\"},\"headline\":\"Bern plant ein Museumsquartier\",\"datePublished\":\"2019-05-02T06:11:21+00:00\",\"mainEntityOfPage\":{\"@id\":\"https:\\\/\\\/www.immobilienbusiness.ch\\\/de\\\/regionen\\\/2019-05-02\\\/bern-plant-ein-museumsquartier\\\/\"},\"wordCount\":423,\"publisher\":{\"@id\":\"https:\\\/\\\/www.immobilienbusiness.ch\\\/#organization\"},\"image\":{\"@id\":\"https:\\\/\\\/www.immobilienbusiness.ch\\\/de\\\/regionen\\\/2019-05-02\\\/bern-plant-ein-museumsquartier\\\/#primaryimage\"},\"thumbnailUrl\":\"https:\\\/\\\/www.immobilienbusiness.ch\\\/wp-content\\\/uploads\\\/2019\\\/04\\\/DJI_0884-HDR.jpg\",\"keywords\":[\"Bern\",\"Projekt in Planung\",\"Stadtentwicklung\"],\"articleSection\":[\"REGIONEN\"],\"inLanguage\":\"fr-FR\"},{\"@type\":\"WebPage\",\"@id\":\"https:\\\/\\\/www.immobilienbusiness.ch\\\/de\\\/regionen\\\/2019-05-02\\\/bern-plant-ein-museumsquartier\\\/\",\"url\":\"https:\\\/\\\/www.immobilienbusiness.ch\\\/de\\\/regionen\\\/2019-05-02\\\/bern-plant-ein-museumsquartier\\\/\",\"name\":\"Bern plant ein Museumsquartier - IMMOBILIEN Business\",\"isPartOf\":{\"@id\":\"https:\\\/\\\/www.immobilienbusiness.ch\\\/#website\"},\"primaryImageOfPage\":{\"@id\":\"https:\\\/\\\/www.immobilienbusiness.ch\\\/de\\\/regionen\\\/2019-05-02\\\/bern-plant-ein-museumsquartier\\\/#primaryimage\"},\"image\":{\"@id\":\"https:\\\/\\\/www.immobilienbusiness.ch\\\/de\\\/regionen\\\/2019-05-02\\\/bern-plant-ein-museumsquartier\\\/#primaryimage\"},\"thumbnailUrl\":\"https:\\\/\\\/www.immobilienbusiness.ch\\\/wp-content\\\/uploads\\\/2019\\\/04\\\/DJI_0884-HDR.jpg\",\"datePublished\":\"2019-05-02T06:11:21+00:00\",\"description\":\"In Bern soll ein Museumsquartier entstehen. Kanton, Stadt und Burgergemeinde Bern haben dazu nun eine Machbarkeitsstudie vorgelegt.\",\"breadcrumb\":{\"@id\":\"https:\\\/\\\/www.immobilienbusiness.ch\\\/de\\\/regionen\\\/2019-05-02\\\/bern-plant-ein-museumsquartier\\\/#breadcrumb\"},\"inLanguage\":\"fr-FR\",\"potentialAction\":[{\"@type\":\"ReadAction\",\"target\":[\"https:\\\/\\\/www.immobilienbusiness.ch\\\/de\\\/regionen\\\/2019-05-02\\\/bern-plant-ein-museumsquartier\\\/\"]}]},{\"@type\":\"ImageObject\",\"inLanguage\":\"fr-FR\",\"@id\":\"https:\\\/\\\/www.immobilienbusiness.ch\\\/de\\\/regionen\\\/2019-05-02\\\/bern-plant-ein-museumsquartier\\\/#primaryimage\",\"url\":\"https:\\\/\\\/www.immobilienbusiness.ch\\\/wp-content\\\/uploads\\\/2019\\\/04\\\/DJI_0884-HDR.jpg\",\"contentUrl\":\"https:\\\/\\\/www.immobilienbusiness.ch\\\/wp-content\\\/uploads\\\/2019\\\/04\\\/DJI_0884-HDR.jpg\",\"width\":2560,\"height\":1706,\"caption\":\"(Bild: mqb.ch\\\/Burgergemeinde Bern)\"},{\"@type\":\"BreadcrumbList\",\"@id\":\"https:\\\/\\\/www.immobilienbusiness.ch\\\/de\\\/regionen\\\/2019-05-02\\\/bern-plant-ein-museumsquartier\\\/#breadcrumb\",\"itemListElement\":[{\"@type\":\"ListItem\",\"position\":1,\"name\":\"Home\",\"item\":\"https:\\\/\\\/www.immobilienbusiness.ch\\\/\"},{\"@type\":\"ListItem\",\"position\":2,\"name\":\"Bern plant ein Museumsquartier\"}]},{\"@type\":\"WebSite\",\"@id\":\"https:\\\/\\\/www.immobilienbusiness.ch\\\/#website\",\"url\":\"https:\\\/\\\/www.immobilienbusiness.ch\\\/\",\"name\":\"IMMOBILIEN Business\",\"description\":\"Unabh\u00e4ngiges Schweizer Wirtschaftsmagazin mit Fokus auf Immobilien, Architektur- und Bau sowie Investment- und Finanzierung.\",\"publisher\":{\"@id\":\"https:\\\/\\\/www.immobilienbusiness.ch\\\/#organization\"},\"potentialAction\":[{\"@type\":\"SearchAction\",\"target\":{\"@type\":\"EntryPoint\",\"urlTemplate\":\"https:\\\/\\\/www.immobilienbusiness.ch\\\/?s={search_term_string}\"},\"query-input\":{\"@type\":\"PropertyValueSpecification\",\"valueRequired\":true,\"valueName\":\"search_term_string\"}}],\"inLanguage\":\"fr-FR\"},{\"@type\":\"Organization\",\"@id\":\"https:\\\/\\\/www.immobilienbusiness.ch\\\/#organization\",\"name\":\"IMMOBILIEN Business\",\"url\":\"https:\\\/\\\/www.immobilienbusiness.ch\\\/\",\"logo\":{\"@type\":\"ImageObject\",\"inLanguage\":\"fr-FR\",\"@id\":\"https:\\\/\\\/www.immobilienbusiness.ch\\\/#\\\/schema\\\/logo\\\/image\\\/\",\"url\":\"https:\\\/\\\/www.immobilienbusiness.ch\\\/wp-content\\\/uploads\\\/2021\\\/07\\\/logo_ib.png\",\"contentUrl\":\"https:\\\/\\\/www.immobilienbusiness.ch\\\/wp-content\\\/uploads\\\/2021\\\/07\\\/logo_ib.png\",\"width\":800,\"height\":181,\"caption\":\"IMMOBILIEN Business\"},\"image\":{\"@id\":\"https:\\\/\\\/www.immobilienbusiness.ch\\\/#\\\/schema\\\/logo\\\/image\\\/\"},\"sameAs\":[\"https:\\\/\\\/www.facebook.com\\\/immobilienbusiness\\\/\"]},{\"@type\":\"Person\",\"@id\":\"https:\\\/\\\/www.immobilienbusiness.ch\\\/#\\\/schema\\\/person\\\/3fc036297b10b9f42d6db5ee932af8c8\",\"name\":\"anja.hall\",\"image\":{\"@type\":\"ImageObject\",\"inLanguage\":\"fr-FR\",\"@id\":\"https:\\\/\\\/secure.gravatar.com\\\/avatar\\\/066b5a0d447013502c71a5782f4f3469f03cfe595cc2329fb94652fe47511bfb?s=96&d=mm&r=g\",\"url\":\"https:\\\/\\\/secure.gravatar.com\\\/avatar\\\/066b5a0d447013502c71a5782f4f3469f03cfe595cc2329fb94652fe47511bfb?s=96&d=mm&r=g\",\"contentUrl\":\"https:\\\/\\\/secure.gravatar.com\\\/avatar\\\/066b5a0d447013502c71a5782f4f3469f03cfe595cc2329fb94652fe47511bfb?s=96&d=mm&r=g\",\"caption\":\"anja.hall\"},\"url\":\"https:\\\/\\\/www.immobilienbusiness.ch\\\/fr\\\/author\\\/anja-hall\\\/\"}]}<\/script>\n<!-- \/ Yoast SEO plugin. -->","yoast_head_json":{"title":"Bern plant ein Museumsquartier - IMMOBILIEN Business","description":"Un quartier des mus\u00e9es doit voir le jour \u00e0 Berne. Le canton, la ville et la bourgeoisie de Berne ont pr\u00e9sent\u00e9 une \u00e9tude de faisabilit\u00e9 \u00e0 ce sujet.","robots":{"index":"index","follow":"follow","max-snippet":"max-snippet:-1","max-image-preview":"max-image-preview:large","max-video-preview":"max-video-preview:-1"},"canonical":"https:\/\/www.immobilienbusiness.ch\/fr\/regionen\/2019-05-02\/bern-plant-ein-museumsquartier\/","og_locale":"fr_FR","og_type":"article","og_title":"Bern plant ein Museumsquartier - IMMOBILIEN Business","og_description":"In Bern soll ein Museumsquartier entstehen. Kanton, Stadt und Burgergemeinde Bern haben dazu nun eine Machbarkeitsstudie vorgelegt.","og_url":"https:\/\/www.immobilienbusiness.ch\/fr\/regionen\/2019-05-02\/bern-plant-ein-museumsquartier\/","og_site_name":"IMMOBILIEN Business","article_publisher":"https:\/\/www.facebook.com\/immobilienbusiness\/","article_published_time":"2019-05-02T06:11:21+00:00","og_image":[{"width":1024,"height":682,"url":"https:\/\/www.immobilienbusiness.ch\/wp-content\/uploads\/2019\/04\/DJI_0884-HDR-1024x682.jpg","type":"image\/jpeg"}],"author":"anja.hall","twitter_card":"summary_large_image","twitter_image":"https:\/\/www.immobilienbusiness.ch\/wp-content\/uploads\/2019\/04\/DJI_0884-HDR.jpg","schema":{"@context":"https:\/\/schema.org","@graph":[{"@type":"Article","@id":"https:\/\/www.immobilienbusiness.ch\/de\/regionen\/2019-05-02\/bern-plant-ein-museumsquartier\/#article","isPartOf":{"@id":"https:\/\/www.immobilienbusiness.ch\/de\/regionen\/2019-05-02\/bern-plant-ein-museumsquartier\/"},"author":{"name":"anja.hall","@id":"https:\/\/www.immobilienbusiness.ch\/#\/schema\/person\/3fc036297b10b9f42d6db5ee932af8c8"},"headline":"Bern plant ein Museumsquartier","datePublished":"2019-05-02T06:11:21+00:00","mainEntityOfPage":{"@id":"https:\/\/www.immobilienbusiness.ch\/de\/regionen\/2019-05-02\/bern-plant-ein-museumsquartier\/"},"wordCount":423,"publisher":{"@id":"https:\/\/www.immobilienbusiness.ch\/#organization"},"image":{"@id":"https:\/\/www.immobilienbusiness.ch\/de\/regionen\/2019-05-02\/bern-plant-ein-museumsquartier\/#primaryimage"},"thumbnailUrl":"https:\/\/www.immobilienbusiness.ch\/wp-content\/uploads\/2019\/04\/DJI_0884-HDR.jpg","keywords":["Bern","Projekt in Planung","Stadtentwicklung"],"articleSection":["REGIONEN"],"inLanguage":"fr-FR"},{"@type":"WebPage","@id":"https:\/\/www.immobilienbusiness.ch\/de\/regionen\/2019-05-02\/bern-plant-ein-museumsquartier\/","url":"https:\/\/www.immobilienbusiness.ch\/de\/regionen\/2019-05-02\/bern-plant-ein-museumsquartier\/","name":"Bern plant ein Museumsquartier - IMMOBILIEN Business","isPartOf":{"@id":"https:\/\/www.immobilienbusiness.ch\/#website"},"primaryImageOfPage":{"@id":"https:\/\/www.immobilienbusiness.ch\/de\/regionen\/2019-05-02\/bern-plant-ein-museumsquartier\/#primaryimage"},"image":{"@id":"https:\/\/www.immobilienbusiness.ch\/de\/regionen\/2019-05-02\/bern-plant-ein-museumsquartier\/#primaryimage"},"thumbnailUrl":"https:\/\/www.immobilienbusiness.ch\/wp-content\/uploads\/2019\/04\/DJI_0884-HDR.jpg","datePublished":"2019-05-02T06:11:21+00:00","description":"Un quartier des mus\u00e9es doit voir le jour \u00e0 Berne. Le canton, la ville et la bourgeoisie de Berne ont pr\u00e9sent\u00e9 une \u00e9tude de faisabilit\u00e9 \u00e0 ce sujet.","breadcrumb":{"@id":"https:\/\/www.immobilienbusiness.ch\/de\/regionen\/2019-05-02\/bern-plant-ein-museumsquartier\/#breadcrumb"},"inLanguage":"fr-FR","potentialAction":[{"@type":"ReadAction","target":["https:\/\/www.immobilienbusiness.ch\/de\/regionen\/2019-05-02\/bern-plant-ein-museumsquartier\/"]}]},{"@type":"ImageObject","inLanguage":"fr-FR","@id":"https:\/\/www.immobilienbusiness.ch\/de\/regionen\/2019-05-02\/bern-plant-ein-museumsquartier\/#primaryimage","url":"https:\/\/www.immobilienbusiness.ch\/wp-content\/uploads\/2019\/04\/DJI_0884-HDR.jpg","contentUrl":"https:\/\/www.immobilienbusiness.ch\/wp-content\/uploads\/2019\/04\/DJI_0884-HDR.jpg","width":2560,"height":1706,"caption":"(Bild: mqb.ch\/Burgergemeinde Bern)"},{"@type":"BreadcrumbList","@id":"https:\/\/www.immobilienbusiness.ch\/de\/regionen\/2019-05-02\/bern-plant-ein-museumsquartier\/#breadcrumb","itemListElement":[{"@type":"ListItem","position":1,"name":"Home","item":"https:\/\/www.immobilienbusiness.ch\/"},{"@type":"ListItem","position":2,"name":"Bern plant ein Museumsquartier"}]},{"@type":"WebSite","@id":"https:\/\/www.immobilienbusiness.ch\/#website","url":"https:\/\/www.immobilienbusiness.ch\/","name":"IMMOBILIER Business","description":"Magazine \u00e9conomique suisse ind\u00e9pendant ax\u00e9 sur l'immobilier, l'architecture et la construction ainsi que sur les investissements et le financement.","publisher":{"@id":"https:\/\/www.immobilienbusiness.ch\/#organization"},"potentialAction":[{"@type":"SearchAction","target":{"@type":"EntryPoint","urlTemplate":"https:\/\/www.immobilienbusiness.ch\/?s={search_term_string}"},"query-input":{"@type":"PropertyValueSpecification","valueRequired":true,"valueName":"search_term_string"}}],"inLanguage":"fr-FR"},{"@type":"Organization","@id":"https:\/\/www.immobilienbusiness.ch\/#organization","name":"IMMOBILIER Business","url":"https:\/\/www.immobilienbusiness.ch\/","logo":{"@type":"ImageObject","inLanguage":"fr-FR","@id":"https:\/\/www.immobilienbusiness.ch\/#\/schema\/logo\/image\/","url":"https:\/\/www.immobilienbusiness.ch\/wp-content\/uploads\/2021\/07\/logo_ib.png","contentUrl":"https:\/\/www.immobilienbusiness.ch\/wp-content\/uploads\/2021\/07\/logo_ib.png","width":800,"height":181,"caption":"IMMOBILIEN Business"},"image":{"@id":"https:\/\/www.immobilienbusiness.ch\/#\/schema\/logo\/image\/"},"sameAs":["https:\/\/www.facebook.com\/immobilienbusiness\/"]},{"@type":"Person","@id":"https:\/\/www.immobilienbusiness.ch\/#\/schema\/person\/3fc036297b10b9f42d6db5ee932af8c8","name":"anja.hall","image":{"@type":"ImageObject","inLanguage":"fr-FR","@id":"https:\/\/secure.gravatar.com\/avatar\/066b5a0d447013502c71a5782f4f3469f03cfe595cc2329fb94652fe47511bfb?s=96&d=mm&r=g","url":"https:\/\/secure.gravatar.com\/avatar\/066b5a0d447013502c71a5782f4f3469f03cfe595cc2329fb94652fe47511bfb?s=96&d=mm&r=g","contentUrl":"https:\/\/secure.gravatar.com\/avatar\/066b5a0d447013502c71a5782f4f3469f03cfe595cc2329fb94652fe47511bfb?s=96&d=mm&r=g","caption":"anja.hall"},"url":"https:\/\/www.immobilienbusiness.ch\/fr\/author\/anja-hall\/"}]}},"_links":{"self":[{"href":"https:\/\/www.immobilienbusiness.ch\/fr\/wp-json\/wp\/v2\/posts\/16802","targetHints":{"allow":["GET"]}}],"collection":[{"href":"https:\/\/www.immobilienbusiness.ch\/fr\/wp-json\/wp\/v2\/posts"}],"about":[{"href":"https:\/\/www.immobilienbusiness.ch\/fr\/wp-json\/wp\/v2\/types\/post"}],"author":[{"embeddable":true,"href":"https:\/\/www.immobilienbusiness.ch\/fr\/wp-json\/wp\/v2\/users\/3"}],"replies":[{"embeddable":true,"href":"https:\/\/www.immobilienbusiness.ch\/fr\/wp-json\/wp\/v2\/comments?post=16802"}],"version-history":[{"count":0,"href":"https:\/\/www.immobilienbusiness.ch\/fr\/wp-json\/wp\/v2\/posts\/16802\/revisions"}],"wp:featuredmedia":[{"embeddable":true,"href":"https:\/\/www.immobilienbusiness.ch\/fr\/wp-json\/wp\/v2\/media\/16803"}],"wp:attachment":[{"href":"https:\/\/www.immobilienbusiness.ch\/fr\/wp-json\/wp\/v2\/media?parent=16802"}],"wp:term":[{"taxonomy":"category","embeddable":true,"href":"https:\/\/www.immobilienbusiness.ch\/fr\/wp-json\/wp\/v2\/categories?post=16802"},{"taxonomy":"post_tag","embeddable":true,"href":"https:\/\/www.immobilienbusiness.ch\/fr\/wp-json\/wp\/v2\/tags?post=16802"}],"curies":[{"name":"wp","href":"https:\/\/api.w.org\/{rel}","templated":true}]}}