{"id":16434,"date":"2019-03-27T08:00:08","date_gmt":"2019-03-27T07:00:08","guid":{"rendered":"https:\/\/www.immobilienbusiness.ch\/?p=16434"},"modified":"2019-03-27T08:00:08","modified_gmt":"2019-03-27T07:00:08","slug":"acron-helvetia-i-vollzieht-kapitalerhoehung","status":"publish","type":"post","link":"https:\/\/www.immobilienbusiness.ch\/fr\/unternehmen\/2019-03-27\/acron-helvetia-i-vollzieht-kapitalerhoehung\/","title":{"rendered":"Acron Helvetia I proc\u00e8de \u00e0 une augmentation de capital"},"content":{"rendered":"<figure id=\"attachment_16141\" aria-describedby=\"caption-attachment-16141\" style=\"width: 680px\" class=\"wp-caption alignnone\"><img loading=\"lazy\" decoding=\"async\" class=\"size-medium wp-image-16141\" src=\"https:\/\/www.immobilienbusiness.ch\/wp-content\/uploads\/2019\/01\/Depositphotos_70144575_xl-2015.jpg\" alt=\"\" width=\"680\" height=\"510\" srcset=\"https:\/\/www.immobilienbusiness.ch\/wp-content\/uploads\/2019\/01\/Depositphotos_70144575_xl-2015.jpg 2560w, https:\/\/www.immobilienbusiness.ch\/wp-content\/uploads\/2019\/01\/Depositphotos_70144575_xl-2015-300x225.jpg 300w, https:\/\/www.immobilienbusiness.ch\/wp-content\/uploads\/2019\/01\/Depositphotos_70144575_xl-2015-1024x768.jpg 1024w, https:\/\/www.immobilienbusiness.ch\/wp-content\/uploads\/2019\/01\/Depositphotos_70144575_xl-2015-768x576.jpg 768w, https:\/\/www.immobilienbusiness.ch\/wp-content\/uploads\/2019\/01\/Depositphotos_70144575_xl-2015-1536x1152.jpg 1536w, https:\/\/www.immobilienbusiness.ch\/wp-content\/uploads\/2019\/01\/Depositphotos_70144575_xl-2015-2048x1536.jpg 2048w, https:\/\/www.immobilienbusiness.ch\/wp-content\/uploads\/2019\/01\/Depositphotos_70144575_xl-2015-16x12.jpg 16w, https:\/\/www.immobilienbusiness.ch\/wp-content\/uploads\/2019\/01\/Depositphotos_70144575_xl-2015-233x175.jpg 233w, https:\/\/www.immobilienbusiness.ch\/wp-content\/uploads\/2019\/01\/Depositphotos_70144575_xl-2015-467x350.jpg 467w, https:\/\/www.immobilienbusiness.ch\/wp-content\/uploads\/2019\/01\/Depositphotos_70144575_xl-2015-1067x800.jpg 1067w, https:\/\/www.immobilienbusiness.ch\/wp-content\/uploads\/2019\/01\/Depositphotos_70144575_xl-2015-920x690.jpg 920w, https:\/\/www.immobilienbusiness.ch\/wp-content\/uploads\/2019\/01\/Depositphotos_70144575_xl-2015-1400x1050.jpg 1400w, https:\/\/www.immobilienbusiness.ch\/wp-content\/uploads\/2019\/01\/Depositphotos_70144575_xl-2015-1867x1400.jpg 1867w\" sizes=\"auto, (max-width: 680px) 100vw, 680px\" \/><figcaption id=\"caption-attachment-16141\" class=\"wp-caption-text\">Acron Helvetia I finalise son augmentation de capital (photo : Depositphotos)<\/figcaption><\/figure>\n<p>L'assembl\u00e9e g\u00e9n\u00e9rale extraordinaire d'Acron Helvetia I avait d\u00e9cid\u00e9 en janvier d'augmenter le capital d'environ 4 millions de CHF pour le porter \u00e0 un maximum de 8,36 millions. Or, dans le cadre de l'Emissin, le nombre de nouvelles actions nominatives \u00e9mises a \u00e9t\u00e9 nettement inf\u00e9rieur \u00e0 ce qui aurait \u00e9t\u00e9 possible. Comme Acron le fait savoir, 181.038 actions ont \u00e9t\u00e9 \u00e9mises pour 5,60 CHF. Le volume de l'augmentation de capital s'\u00e9l\u00e8ve donc au total \u00e0 environ 1,01 million de CHF.<\/p>\n<p>Apr\u00e8s la transaction, le capital-actions de la soci\u00e9t\u00e9 s'\u00e9l\u00e8ve \u00e0 environ 5,37 millions, soit 959.235 actions nominatives d'une valeur nominale de 5,60 CHF chacune. Les actions sont enti\u00e8rement lib\u00e9r\u00e9es. Les actions nominatives nouvellement \u00e9mises seront cot\u00e9es en bourse le 21 mars 2019.<\/p>\n<p>Arcon Helvetia I d\u00e9tient l'immeuble de bureaux et de logistique Lyreco \u00e0 Buchs (ZH) ainsi que l'immeuble de bureaux S\u00fcdpark Solothurn. <em>(ah)<\/em><\/p>","protected":false},"excerpt":{"rendered":"<p>La soci\u00e9t\u00e9 immobili\u00e8re Acron Helvetia I a augment\u00e9 son capital d'environ un million de CHF.<\/p>","protected":false},"author":3,"featured_media":16141,"comment_status":"closed","ping_status":"open","sticky":false,"template":"","format":"standard","meta":{"_acf_changed":false,"_yoast_wpseo_focuskw":"Acron","_yoast_wpseo_title":"","_yoast_wpseo_metadesc":"Die Immobiliengesellschaft Acron Helvetia I hat ihr Kapital um rund eine Million CHF erh\u00f6ht.","_yoast_wpseo_linkdex":58,"pgc_sgb_lightbox_settings":"","footnotes":""},"categories":[988],"tags":[998,1412,1807],"class_list":["post-16434","post","type-post","status-publish","format-standard","has-post-thumbnail","hentry","category-unternehmen","tag-acron","tag-kapitalerhoehung","tag-unternehmen"],"acf":[],"yoast_head":"<!-- This site is optimized with the Yoast SEO plugin v27.4 - https:\/\/yoast.com\/product\/yoast-seo-wordpress\/ -->\n<title>Acron Helvetia I vollzieht Kapitalerh\u00f6hung - IMMOBILIEN Business<\/title>\n<meta name=\"description\" content=\"Die Immobiliengesellschaft Acron Helvetia I hat ihr Kapital um rund eine Million CHF erh\u00f6ht.\" \/>\n<meta name=\"robots\" content=\"index, follow, max-snippet:-1, max-image-preview:large, max-video-preview:-1\" \/>\n<link rel=\"canonical\" href=\"https:\/\/www.immobilienbusiness.ch\/fr\/unternehmen\/2019-03-27\/acron-helvetia-i-vollzieht-kapitalerhoehung\/\" \/>\n<meta property=\"og:locale\" content=\"fr_FR\" \/>\n<meta property=\"og:type\" content=\"article\" \/>\n<meta property=\"og:title\" content=\"Acron Helvetia I vollzieht Kapitalerh\u00f6hung - IMMOBILIEN Business\" \/>\n<meta property=\"og:description\" content=\"Die Immobiliengesellschaft Acron Helvetia I hat ihr Kapital um rund eine Million CHF erh\u00f6ht.\" \/>\n<meta property=\"og:url\" content=\"https:\/\/www.immobilienbusiness.ch\/fr\/unternehmen\/2019-03-27\/acron-helvetia-i-vollzieht-kapitalerhoehung\/\" \/>\n<meta property=\"og:site_name\" content=\"IMMOBILIEN Business\" \/>\n<meta property=\"article:publisher\" content=\"https:\/\/www.facebook.com\/immobilienbusiness\/\" \/>\n<meta property=\"article:published_time\" content=\"2019-03-27T07:00:08+00:00\" \/>\n<meta property=\"og:image\" content=\"https:\/\/www.immobilienbusiness.ch\/wp-content\/uploads\/2019\/01\/Depositphotos_70144575_xl-2015-1024x768.jpg\" \/>\n\t<meta property=\"og:image:width\" content=\"1024\" \/>\n\t<meta property=\"og:image:height\" content=\"768\" \/>\n\t<meta property=\"og:image:type\" content=\"image\/jpeg\" \/>\n<meta name=\"author\" content=\"anja.hall\" \/>\n<meta name=\"twitter:card\" content=\"summary_large_image\" \/>\n<meta name=\"twitter:image\" content=\"https:\/\/www.immobilienbusiness.ch\/wp-content\/uploads\/2019\/01\/Depositphotos_70144575_xl-2015.jpg\" \/>\n<script type=\"application\/ld+json\" class=\"yoast-schema-graph\">{\"@context\":\"https:\\\/\\\/schema.org\",\"@graph\":[{\"@type\":\"Article\",\"@id\":\"https:\\\/\\\/www.immobilienbusiness.ch\\\/de\\\/unternehmen\\\/2019-03-27\\\/acron-helvetia-i-vollzieht-kapitalerhoehung\\\/#article\",\"isPartOf\":{\"@id\":\"https:\\\/\\\/www.immobilienbusiness.ch\\\/de\\\/unternehmen\\\/2019-03-27\\\/acron-helvetia-i-vollzieht-kapitalerhoehung\\\/\"},\"author\":{\"name\":\"anja.hall\",\"@id\":\"https:\\\/\\\/www.immobilienbusiness.ch\\\/#\\\/schema\\\/person\\\/3fc036297b10b9f42d6db5ee932af8c8\"},\"headline\":\"Acron Helvetia I vollzieht Kapitalerh\u00f6hung\",\"datePublished\":\"2019-03-27T07:00:08+00:00\",\"mainEntityOfPage\":{\"@id\":\"https:\\\/\\\/www.immobilienbusiness.ch\\\/de\\\/unternehmen\\\/2019-03-27\\\/acron-helvetia-i-vollzieht-kapitalerhoehung\\\/\"},\"wordCount\":151,\"publisher\":{\"@id\":\"https:\\\/\\\/www.immobilienbusiness.ch\\\/#organization\"},\"image\":{\"@id\":\"https:\\\/\\\/www.immobilienbusiness.ch\\\/de\\\/unternehmen\\\/2019-03-27\\\/acron-helvetia-i-vollzieht-kapitalerhoehung\\\/#primaryimage\"},\"thumbnailUrl\":\"https:\\\/\\\/www.immobilienbusiness.ch\\\/wp-content\\\/uploads\\\/2019\\\/01\\\/Depositphotos_70144575_xl-2015.jpg\",\"keywords\":[\"Acron\",\"Kapitalerh\u00f6hung\",\"Unternehmen\"],\"articleSection\":[\"UNTERNEHMEN\"],\"inLanguage\":\"fr-FR\"},{\"@type\":\"WebPage\",\"@id\":\"https:\\\/\\\/www.immobilienbusiness.ch\\\/de\\\/unternehmen\\\/2019-03-27\\\/acron-helvetia-i-vollzieht-kapitalerhoehung\\\/\",\"url\":\"https:\\\/\\\/www.immobilienbusiness.ch\\\/de\\\/unternehmen\\\/2019-03-27\\\/acron-helvetia-i-vollzieht-kapitalerhoehung\\\/\",\"name\":\"Acron Helvetia I vollzieht Kapitalerh\u00f6hung - IMMOBILIEN Business\",\"isPartOf\":{\"@id\":\"https:\\\/\\\/www.immobilienbusiness.ch\\\/#website\"},\"primaryImageOfPage\":{\"@id\":\"https:\\\/\\\/www.immobilienbusiness.ch\\\/de\\\/unternehmen\\\/2019-03-27\\\/acron-helvetia-i-vollzieht-kapitalerhoehung\\\/#primaryimage\"},\"image\":{\"@id\":\"https:\\\/\\\/www.immobilienbusiness.ch\\\/de\\\/unternehmen\\\/2019-03-27\\\/acron-helvetia-i-vollzieht-kapitalerhoehung\\\/#primaryimage\"},\"thumbnailUrl\":\"https:\\\/\\\/www.immobilienbusiness.ch\\\/wp-content\\\/uploads\\\/2019\\\/01\\\/Depositphotos_70144575_xl-2015.jpg\",\"datePublished\":\"2019-03-27T07:00:08+00:00\",\"description\":\"Die Immobiliengesellschaft Acron Helvetia I hat ihr Kapital um rund eine Million CHF erh\u00f6ht.\",\"breadcrumb\":{\"@id\":\"https:\\\/\\\/www.immobilienbusiness.ch\\\/de\\\/unternehmen\\\/2019-03-27\\\/acron-helvetia-i-vollzieht-kapitalerhoehung\\\/#breadcrumb\"},\"inLanguage\":\"fr-FR\",\"potentialAction\":[{\"@type\":\"ReadAction\",\"target\":[\"https:\\\/\\\/www.immobilienbusiness.ch\\\/de\\\/unternehmen\\\/2019-03-27\\\/acron-helvetia-i-vollzieht-kapitalerhoehung\\\/\"]}]},{\"@type\":\"ImageObject\",\"inLanguage\":\"fr-FR\",\"@id\":\"https:\\\/\\\/www.immobilienbusiness.ch\\\/de\\\/unternehmen\\\/2019-03-27\\\/acron-helvetia-i-vollzieht-kapitalerhoehung\\\/#primaryimage\",\"url\":\"https:\\\/\\\/www.immobilienbusiness.ch\\\/wp-content\\\/uploads\\\/2019\\\/01\\\/Depositphotos_70144575_xl-2015.jpg\",\"contentUrl\":\"https:\\\/\\\/www.immobilienbusiness.ch\\\/wp-content\\\/uploads\\\/2019\\\/01\\\/Depositphotos_70144575_xl-2015.jpg\",\"width\":2560,\"height\":1920,\"caption\":\"Der Fonds hat die Zahlen f\u00fcr das letzte Gesch\u00e4ftsjahr publiziert. (Bild: depositphotos)\"},{\"@type\":\"BreadcrumbList\",\"@id\":\"https:\\\/\\\/www.immobilienbusiness.ch\\\/de\\\/unternehmen\\\/2019-03-27\\\/acron-helvetia-i-vollzieht-kapitalerhoehung\\\/#breadcrumb\",\"itemListElement\":[{\"@type\":\"ListItem\",\"position\":1,\"name\":\"Home\",\"item\":\"https:\\\/\\\/www.immobilienbusiness.ch\\\/\"},{\"@type\":\"ListItem\",\"position\":2,\"name\":\"Acron Helvetia I vollzieht Kapitalerh\u00f6hung\"}]},{\"@type\":\"WebSite\",\"@id\":\"https:\\\/\\\/www.immobilienbusiness.ch\\\/#website\",\"url\":\"https:\\\/\\\/www.immobilienbusiness.ch\\\/\",\"name\":\"IMMOBILIEN Business\",\"description\":\"Unabh\u00e4ngiges Schweizer Wirtschaftsmagazin mit Fokus auf Immobilien, Architektur- und Bau sowie Investment- und Finanzierung.\",\"publisher\":{\"@id\":\"https:\\\/\\\/www.immobilienbusiness.ch\\\/#organization\"},\"potentialAction\":[{\"@type\":\"SearchAction\",\"target\":{\"@type\":\"EntryPoint\",\"urlTemplate\":\"https:\\\/\\\/www.immobilienbusiness.ch\\\/?s={search_term_string}\"},\"query-input\":{\"@type\":\"PropertyValueSpecification\",\"valueRequired\":true,\"valueName\":\"search_term_string\"}}],\"inLanguage\":\"fr-FR\"},{\"@type\":\"Organization\",\"@id\":\"https:\\\/\\\/www.immobilienbusiness.ch\\\/#organization\",\"name\":\"IMMOBILIEN Business\",\"url\":\"https:\\\/\\\/www.immobilienbusiness.ch\\\/\",\"logo\":{\"@type\":\"ImageObject\",\"inLanguage\":\"fr-FR\",\"@id\":\"https:\\\/\\\/www.immobilienbusiness.ch\\\/#\\\/schema\\\/logo\\\/image\\\/\",\"url\":\"https:\\\/\\\/www.immobilienbusiness.ch\\\/wp-content\\\/uploads\\\/2021\\\/07\\\/logo_ib.png\",\"contentUrl\":\"https:\\\/\\\/www.immobilienbusiness.ch\\\/wp-content\\\/uploads\\\/2021\\\/07\\\/logo_ib.png\",\"width\":800,\"height\":181,\"caption\":\"IMMOBILIEN Business\"},\"image\":{\"@id\":\"https:\\\/\\\/www.immobilienbusiness.ch\\\/#\\\/schema\\\/logo\\\/image\\\/\"},\"sameAs\":[\"https:\\\/\\\/www.facebook.com\\\/immobilienbusiness\\\/\"]},{\"@type\":\"Person\",\"@id\":\"https:\\\/\\\/www.immobilienbusiness.ch\\\/#\\\/schema\\\/person\\\/3fc036297b10b9f42d6db5ee932af8c8\",\"name\":\"anja.hall\",\"image\":{\"@type\":\"ImageObject\",\"inLanguage\":\"fr-FR\",\"@id\":\"https:\\\/\\\/secure.gravatar.com\\\/avatar\\\/066b5a0d447013502c71a5782f4f3469f03cfe595cc2329fb94652fe47511bfb?s=96&d=mm&r=g\",\"url\":\"https:\\\/\\\/secure.gravatar.com\\\/avatar\\\/066b5a0d447013502c71a5782f4f3469f03cfe595cc2329fb94652fe47511bfb?s=96&d=mm&r=g\",\"contentUrl\":\"https:\\\/\\\/secure.gravatar.com\\\/avatar\\\/066b5a0d447013502c71a5782f4f3469f03cfe595cc2329fb94652fe47511bfb?s=96&d=mm&r=g\",\"caption\":\"anja.hall\"},\"url\":\"https:\\\/\\\/www.immobilienbusiness.ch\\\/fr\\\/author\\\/anja-hall\\\/\"}]}<\/script>\n<!-- \/ Yoast SEO plugin. -->","yoast_head_json":{"title":"Acron Helvetia I proc\u00e8de \u00e0 une augmentation de capital - IMMOBILIER Business","description":"La soci\u00e9t\u00e9 immobili\u00e8re Acron Helvetia I a augment\u00e9 son capital d'environ un million de CHF.","robots":{"index":"index","follow":"follow","max-snippet":"max-snippet:-1","max-image-preview":"max-image-preview:large","max-video-preview":"max-video-preview:-1"},"canonical":"https:\/\/www.immobilienbusiness.ch\/fr\/unternehmen\/2019-03-27\/acron-helvetia-i-vollzieht-kapitalerhoehung\/","og_locale":"fr_FR","og_type":"article","og_title":"Acron Helvetia I vollzieht Kapitalerh\u00f6hung - IMMOBILIEN Business","og_description":"Die Immobiliengesellschaft Acron Helvetia I hat ihr Kapital um rund eine Million CHF erh\u00f6ht.","og_url":"https:\/\/www.immobilienbusiness.ch\/fr\/unternehmen\/2019-03-27\/acron-helvetia-i-vollzieht-kapitalerhoehung\/","og_site_name":"IMMOBILIEN Business","article_publisher":"https:\/\/www.facebook.com\/immobilienbusiness\/","article_published_time":"2019-03-27T07:00:08+00:00","og_image":[{"width":1024,"height":768,"url":"https:\/\/www.immobilienbusiness.ch\/wp-content\/uploads\/2019\/01\/Depositphotos_70144575_xl-2015-1024x768.jpg","type":"image\/jpeg"}],"author":"anja.hall","twitter_card":"summary_large_image","twitter_image":"https:\/\/www.immobilienbusiness.ch\/wp-content\/uploads\/2019\/01\/Depositphotos_70144575_xl-2015.jpg","schema":{"@context":"https:\/\/schema.org","@graph":[{"@type":"Article","@id":"https:\/\/www.immobilienbusiness.ch\/de\/unternehmen\/2019-03-27\/acron-helvetia-i-vollzieht-kapitalerhoehung\/#article","isPartOf":{"@id":"https:\/\/www.immobilienbusiness.ch\/de\/unternehmen\/2019-03-27\/acron-helvetia-i-vollzieht-kapitalerhoehung\/"},"author":{"name":"anja.hall","@id":"https:\/\/www.immobilienbusiness.ch\/#\/schema\/person\/3fc036297b10b9f42d6db5ee932af8c8"},"headline":"Acron Helvetia I vollzieht Kapitalerh\u00f6hung","datePublished":"2019-03-27T07:00:08+00:00","mainEntityOfPage":{"@id":"https:\/\/www.immobilienbusiness.ch\/de\/unternehmen\/2019-03-27\/acron-helvetia-i-vollzieht-kapitalerhoehung\/"},"wordCount":151,"publisher":{"@id":"https:\/\/www.immobilienbusiness.ch\/#organization"},"image":{"@id":"https:\/\/www.immobilienbusiness.ch\/de\/unternehmen\/2019-03-27\/acron-helvetia-i-vollzieht-kapitalerhoehung\/#primaryimage"},"thumbnailUrl":"https:\/\/www.immobilienbusiness.ch\/wp-content\/uploads\/2019\/01\/Depositphotos_70144575_xl-2015.jpg","keywords":["Acron","Kapitalerh\u00f6hung","Unternehmen"],"articleSection":["UNTERNEHMEN"],"inLanguage":"fr-FR"},{"@type":"WebPage","@id":"https:\/\/www.immobilienbusiness.ch\/de\/unternehmen\/2019-03-27\/acron-helvetia-i-vollzieht-kapitalerhoehung\/","url":"https:\/\/www.immobilienbusiness.ch\/de\/unternehmen\/2019-03-27\/acron-helvetia-i-vollzieht-kapitalerhoehung\/","name":"Acron Helvetia I proc\u00e8de \u00e0 une augmentation de capital - IMMOBILIER Business","isPartOf":{"@id":"https:\/\/www.immobilienbusiness.ch\/#website"},"primaryImageOfPage":{"@id":"https:\/\/www.immobilienbusiness.ch\/de\/unternehmen\/2019-03-27\/acron-helvetia-i-vollzieht-kapitalerhoehung\/#primaryimage"},"image":{"@id":"https:\/\/www.immobilienbusiness.ch\/de\/unternehmen\/2019-03-27\/acron-helvetia-i-vollzieht-kapitalerhoehung\/#primaryimage"},"thumbnailUrl":"https:\/\/www.immobilienbusiness.ch\/wp-content\/uploads\/2019\/01\/Depositphotos_70144575_xl-2015.jpg","datePublished":"2019-03-27T07:00:08+00:00","description":"La soci\u00e9t\u00e9 immobili\u00e8re Acron Helvetia I a augment\u00e9 son capital d'environ un million de CHF.","breadcrumb":{"@id":"https:\/\/www.immobilienbusiness.ch\/de\/unternehmen\/2019-03-27\/acron-helvetia-i-vollzieht-kapitalerhoehung\/#breadcrumb"},"inLanguage":"fr-FR","potentialAction":[{"@type":"ReadAction","target":["https:\/\/www.immobilienbusiness.ch\/de\/unternehmen\/2019-03-27\/acron-helvetia-i-vollzieht-kapitalerhoehung\/"]}]},{"@type":"ImageObject","inLanguage":"fr-FR","@id":"https:\/\/www.immobilienbusiness.ch\/de\/unternehmen\/2019-03-27\/acron-helvetia-i-vollzieht-kapitalerhoehung\/#primaryimage","url":"https:\/\/www.immobilienbusiness.ch\/wp-content\/uploads\/2019\/01\/Depositphotos_70144575_xl-2015.jpg","contentUrl":"https:\/\/www.immobilienbusiness.ch\/wp-content\/uploads\/2019\/01\/Depositphotos_70144575_xl-2015.jpg","width":2560,"height":1920,"caption":"Der Fonds hat die Zahlen f\u00fcr das letzte Gesch\u00e4ftsjahr publiziert. (Bild: depositphotos)"},{"@type":"BreadcrumbList","@id":"https:\/\/www.immobilienbusiness.ch\/de\/unternehmen\/2019-03-27\/acron-helvetia-i-vollzieht-kapitalerhoehung\/#breadcrumb","itemListElement":[{"@type":"ListItem","position":1,"name":"Home","item":"https:\/\/www.immobilienbusiness.ch\/"},{"@type":"ListItem","position":2,"name":"Acron Helvetia I vollzieht Kapitalerh\u00f6hung"}]},{"@type":"WebSite","@id":"https:\/\/www.immobilienbusiness.ch\/#website","url":"https:\/\/www.immobilienbusiness.ch\/","name":"IMMOBILIER Business","description":"Magazine \u00e9conomique suisse ind\u00e9pendant ax\u00e9 sur l'immobilier, l'architecture et la construction ainsi que sur les investissements et le financement.","publisher":{"@id":"https:\/\/www.immobilienbusiness.ch\/#organization"},"potentialAction":[{"@type":"SearchAction","target":{"@type":"EntryPoint","urlTemplate":"https:\/\/www.immobilienbusiness.ch\/?s={search_term_string}"},"query-input":{"@type":"PropertyValueSpecification","valueRequired":true,"valueName":"search_term_string"}}],"inLanguage":"fr-FR"},{"@type":"Organization","@id":"https:\/\/www.immobilienbusiness.ch\/#organization","name":"IMMOBILIER Business","url":"https:\/\/www.immobilienbusiness.ch\/","logo":{"@type":"ImageObject","inLanguage":"fr-FR","@id":"https:\/\/www.immobilienbusiness.ch\/#\/schema\/logo\/image\/","url":"https:\/\/www.immobilienbusiness.ch\/wp-content\/uploads\/2021\/07\/logo_ib.png","contentUrl":"https:\/\/www.immobilienbusiness.ch\/wp-content\/uploads\/2021\/07\/logo_ib.png","width":800,"height":181,"caption":"IMMOBILIEN Business"},"image":{"@id":"https:\/\/www.immobilienbusiness.ch\/#\/schema\/logo\/image\/"},"sameAs":["https:\/\/www.facebook.com\/immobilienbusiness\/"]},{"@type":"Person","@id":"https:\/\/www.immobilienbusiness.ch\/#\/schema\/person\/3fc036297b10b9f42d6db5ee932af8c8","name":"anja.hall","image":{"@type":"ImageObject","inLanguage":"fr-FR","@id":"https:\/\/secure.gravatar.com\/avatar\/066b5a0d447013502c71a5782f4f3469f03cfe595cc2329fb94652fe47511bfb?s=96&d=mm&r=g","url":"https:\/\/secure.gravatar.com\/avatar\/066b5a0d447013502c71a5782f4f3469f03cfe595cc2329fb94652fe47511bfb?s=96&d=mm&r=g","contentUrl":"https:\/\/secure.gravatar.com\/avatar\/066b5a0d447013502c71a5782f4f3469f03cfe595cc2329fb94652fe47511bfb?s=96&d=mm&r=g","caption":"anja.hall"},"url":"https:\/\/www.immobilienbusiness.ch\/fr\/author\/anja-hall\/"}]}},"_links":{"self":[{"href":"https:\/\/www.immobilienbusiness.ch\/fr\/wp-json\/wp\/v2\/posts\/16434","targetHints":{"allow":["GET"]}}],"collection":[{"href":"https:\/\/www.immobilienbusiness.ch\/fr\/wp-json\/wp\/v2\/posts"}],"about":[{"href":"https:\/\/www.immobilienbusiness.ch\/fr\/wp-json\/wp\/v2\/types\/post"}],"author":[{"embeddable":true,"href":"https:\/\/www.immobilienbusiness.ch\/fr\/wp-json\/wp\/v2\/users\/3"}],"replies":[{"embeddable":true,"href":"https:\/\/www.immobilienbusiness.ch\/fr\/wp-json\/wp\/v2\/comments?post=16434"}],"version-history":[{"count":0,"href":"https:\/\/www.immobilienbusiness.ch\/fr\/wp-json\/wp\/v2\/posts\/16434\/revisions"}],"wp:featuredmedia":[{"embeddable":true,"href":"https:\/\/www.immobilienbusiness.ch\/fr\/wp-json\/wp\/v2\/media\/16141"}],"wp:attachment":[{"href":"https:\/\/www.immobilienbusiness.ch\/fr\/wp-json\/wp\/v2\/media?parent=16434"}],"wp:term":[{"taxonomy":"category","embeddable":true,"href":"https:\/\/www.immobilienbusiness.ch\/fr\/wp-json\/wp\/v2\/categories?post=16434"},{"taxonomy":"post_tag","embeddable":true,"href":"https:\/\/www.immobilienbusiness.ch\/fr\/wp-json\/wp\/v2\/tags?post=16434"}],"curies":[{"name":"wp","href":"https:\/\/api.w.org\/{rel}","templated":true}]}}