{"id":16345,"date":"2019-03-18T09:12:22","date_gmt":"2019-03-18T08:12:22","guid":{"rendered":"https:\/\/www.immobilienbusiness.ch\/?p=16345"},"modified":"2019-03-18T09:12:22","modified_gmt":"2019-03-18T08:12:22","slug":"luzernsued-konzept-fuer-suedallee-liegt-vor","status":"publish","type":"post","link":"https:\/\/www.immobilienbusiness.ch\/fr\/regionen\/2019-03-18\/luzernsued-konzept-fuer-suedallee-liegt-vor\/","title":{"rendered":"LuzernS\u00fcd : le concept de la S\u00fcdAllee est disponible"},"content":{"rendered":"<figure id=\"attachment_16346\" aria-describedby=\"caption-attachment-16346\" style=\"width: 680px\" class=\"wp-caption alignnone\"><img loading=\"lazy\" decoding=\"async\" class=\"size-medium wp-image-16346\" src=\"https:\/\/www.immobilienbusiness.ch\/wp-content\/uploads\/2019\/03\/Veilchenstrasse_LuzernSued.jpg\" alt=\"\" width=\"680\" height=\"528\" srcset=\"https:\/\/www.immobilienbusiness.ch\/wp-content\/uploads\/2019\/03\/Veilchenstrasse_LuzernSued.jpg 1423w, https:\/\/www.immobilienbusiness.ch\/wp-content\/uploads\/2019\/03\/Veilchenstrasse_LuzernSued-300x233.jpg 300w, https:\/\/www.immobilienbusiness.ch\/wp-content\/uploads\/2019\/03\/Veilchenstrasse_LuzernSued-1024x794.jpg 1024w, https:\/\/www.immobilienbusiness.ch\/wp-content\/uploads\/2019\/03\/Veilchenstrasse_LuzernSued-768x596.jpg 768w, https:\/\/www.immobilienbusiness.ch\/wp-content\/uploads\/2019\/03\/Veilchenstrasse_LuzernSued-16x12.jpg 16w, https:\/\/www.immobilienbusiness.ch\/wp-content\/uploads\/2019\/03\/Veilchenstrasse_LuzernSued-226x175.jpg 226w, https:\/\/www.immobilienbusiness.ch\/wp-content\/uploads\/2019\/03\/Veilchenstrasse_LuzernSued-451x350.jpg 451w, https:\/\/www.immobilienbusiness.ch\/wp-content\/uploads\/2019\/03\/Veilchenstrasse_LuzernSued-1031x800.jpg 1031w, https:\/\/www.immobilienbusiness.ch\/wp-content\/uploads\/2019\/03\/Veilchenstrasse_LuzernSued-920x714.jpg 920w, https:\/\/www.immobilienbusiness.ch\/wp-content\/uploads\/2019\/03\/Veilchenstrasse_LuzernSued-1400x1086.jpg 1400w\" sizes=\"auto, (max-width: 680px) 100vw, 680px\" \/><figcaption id=\"caption-attachment-16346\" class=\"wp-caption-text\">Le tron\u00e7on Kuonimatt de la S\u00fcdAllee (visualisation : Luzern-Plus\/LuzernS\u00fcd Gebietsmanagement)<\/figcaption><\/figure>\n<p>La S\u00fcdAllee s'\u00e9tendra de la Arsenalstrasse pr\u00e8s de Eichhof dans la ville de Lucerne, \u00e0 travers Kriens jusqu'au bassin lacustre de Horw. L'espace public est au centre de l'\u00e9tude conceptuelle qui vient d'\u00eatre pr\u00e9sent\u00e9e : les diff\u00e9rents quartiers et lieux de rencontre doivent \u00eatre reli\u00e9s par un passage qui, d'une part, conf\u00e8re une identit\u00e9 spatiale et, d'autre part, r\u00e9pond aux besoins des riverains, indiquent Luzern-Plus et le management de territoire LuzernS\u00fcd, qui ont coordonn\u00e9 la participation et l'\u00e9laboration de l'\u00e9tude.<\/p>\n<p>Selon ce projet, l'avenue du Sud doit \u00eatre divis\u00e9e en trois tron\u00e7ons. Le tron\u00e7on allant d'Eichhof au rond-point de Mattenhof est une liaison importante, orient\u00e9e vers le trafic et compatible avec l'habitat, dans les nouveaux quartiers d'habitation qui se d\u00e9veloppent ici. Des activit\u00e9s au rez-de-chauss\u00e9e doivent animer la rue.<\/p>\n<p>Sur le tron\u00e7on Kuonimatt, du Mattenhof au rond-point Steinibach, la S\u00fcdAllee ne doit pas devenir une route de transit pour les voitures. La ligne de bus restera sur la Rosenstrasse et la Kreuzstrasse. L'itin\u00e9raire cyclable rapide nord-sud ne passera pas par la Kuonimatt, mais par le \"Bogenweg\", en dehors du quartier. L'avenue sud qui traverse la Kuonimatt doit devenir un \u00e9l\u00e9ment d'am\u00e9nagement pour les pi\u00e9tons et les cyclistes avec des fonctions pour le quartier - on peut imaginer un am\u00e9nagement en zone de rencontre avec une vitesse limit\u00e9e \u00e0 20 km\/h et des arbres, peut-on lire dans le communiqu\u00e9. Pour la Technikumstrasse \u00e0 Horw, l'\u00e9tude voit un potentiel de revalorisation. La Haute \u00e9cole de Lucerne poursuit le d\u00e9veloppement du campus et l'\u00e9tude conceptuelle sur S\u00fcdAlle est int\u00e9gr\u00e9e dans le mandat d'\u00e9tude.<\/p>\n<p>Les trois communes consid\u00e8rent l'\u00e9tude conceptuelle S\u00fcdAllee comme \"une id\u00e9e de projet \u00e0 long terme\", la mise en \u0153uvre se faisant par \u00e9tapes avec la participation des riverains. Selon les informations fournies, le conseil municipal de Kriens pr\u00e9voit ensuite la r\u00e9alisation anticip\u00e9e de la piste cyclable en dehors du quartier de Kuonimatt, \u00e0 travers le Grabenhof et le Hinter Schlund, appel\u00e9e Bogenweg.<\/p>\n<p>LuzernS\u00fcd est un p\u00f4le de d\u00e9veloppement cantonal dans la r\u00e9gion de Kriens, Horw et Lucerne. Entre le Pilate, le Sonnenberg et le lac des Quatre-Cantons, des zones r\u00e9sidentielles et des emplois pour jusqu'\u00e0 15 000 personnes seront cr\u00e9\u00e9s au cours des 20 prochaines ann\u00e9es. La zone sera desservie par deux stations de RER et de bus ainsi que par deux raccordements autoroutiers. <em>(ah)<\/em><\/p>","protected":false},"excerpt":{"rendered":"<p>La S\u00fcdAllee doit relier la zone de d\u00e9veloppement LuzernS\u00fcd de Eichhof \u00e0 la baie du lac de Horw. Les r\u00e9sultats d'une \u00e9tude conceptuelle sont d\u00e9sormais connus.<\/p>","protected":false},"author":3,"featured_media":16346,"comment_status":"closed","ping_status":"open","sticky":false,"template":"","format":"standard","meta":{"_acf_changed":false,"_yoast_wpseo_focuskw":"LuzernS\u00fcd","_yoast_wpseo_title":"","_yoast_wpseo_metadesc":"Die S\u00fcdAllee soll das Entwicklungsgebiet LuzernS\u00fcd vom Eichhof bis zur Horwer Seebucht verbinden. Nun wurden die Ergebnisse einer Konzeptstudie bekannt.","_yoast_wpseo_linkdex":88,"pgc_sgb_lightbox_settings":"","footnotes":""},"categories":[985],"tags":[1365,1459,1724],"class_list":["post-16345","post","type-post","status-publish","format-standard","has-post-thumbnail","hentry","category-regionen","tag-infrastruktur","tag-luzern","tag-stadtentwicklung"],"acf":[],"yoast_head":"<!-- This site is optimized with the Yoast SEO plugin v27.5 - https:\/\/yoast.com\/product\/yoast-seo-wordpress\/ -->\n<title>LuzernS\u00fcd: Konzept f\u00fcr S\u00fcdAllee liegt vor - IMMOBILIEN Business<\/title>\n<meta name=\"description\" content=\"Die S\u00fcdAllee soll das Entwicklungsgebiet LuzernS\u00fcd vom Eichhof bis zur Horwer Seebucht verbinden. Nun wurden die Ergebnisse einer Konzeptstudie bekannt.\" \/>\n<meta name=\"robots\" content=\"index, follow, max-snippet:-1, max-image-preview:large, max-video-preview:-1\" \/>\n<link rel=\"canonical\" href=\"https:\/\/www.immobilienbusiness.ch\/fr\/regionen\/2019-03-18\/luzernsued-konzept-fuer-suedallee-liegt-vor\/\" \/>\n<meta property=\"og:locale\" content=\"fr_FR\" \/>\n<meta property=\"og:type\" content=\"article\" \/>\n<meta property=\"og:title\" content=\"LuzernS\u00fcd: Konzept f\u00fcr S\u00fcdAllee liegt vor - IMMOBILIEN Business\" \/>\n<meta property=\"og:description\" content=\"Die S\u00fcdAllee soll das Entwicklungsgebiet LuzernS\u00fcd vom Eichhof bis zur Horwer Seebucht verbinden. Nun wurden die Ergebnisse einer Konzeptstudie bekannt.\" \/>\n<meta property=\"og:url\" content=\"https:\/\/www.immobilienbusiness.ch\/fr\/regionen\/2019-03-18\/luzernsued-konzept-fuer-suedallee-liegt-vor\/\" \/>\n<meta property=\"og:site_name\" content=\"IMMOBILIEN Business\" \/>\n<meta property=\"article:publisher\" content=\"https:\/\/www.facebook.com\/immobilienbusiness\/\" \/>\n<meta property=\"article:published_time\" content=\"2019-03-18T08:12:22+00:00\" \/>\n<meta property=\"og:image\" content=\"https:\/\/www.immobilienbusiness.ch\/wp-content\/uploads\/2019\/03\/Veilchenstrasse_LuzernSued.jpg\" \/>\n\t<meta property=\"og:image:width\" content=\"1423\" \/>\n\t<meta property=\"og:image:height\" content=\"1104\" \/>\n\t<meta property=\"og:image:type\" content=\"image\/jpeg\" \/>\n<meta name=\"author\" content=\"anja.hall\" \/>\n<meta name=\"twitter:card\" content=\"summary_large_image\" \/>\n<meta name=\"twitter:image\" content=\"https:\/\/www.immobilienbusiness.ch\/wp-content\/uploads\/2019\/03\/Veilchenstrasse_LuzernSued.jpg\" \/>\n<script type=\"application\/ld+json\" class=\"yoast-schema-graph\">{\"@context\":\"https:\\\/\\\/schema.org\",\"@graph\":[{\"@type\":\"Article\",\"@id\":\"https:\\\/\\\/www.immobilienbusiness.ch\\\/de\\\/regionen\\\/2019-03-18\\\/luzernsued-konzept-fuer-suedallee-liegt-vor\\\/#article\",\"isPartOf\":{\"@id\":\"https:\\\/\\\/www.immobilienbusiness.ch\\\/de\\\/regionen\\\/2019-03-18\\\/luzernsued-konzept-fuer-suedallee-liegt-vor\\\/\"},\"author\":{\"name\":\"anja.hall\",\"@id\":\"https:\\\/\\\/www.immobilienbusiness.ch\\\/#\\\/schema\\\/person\\\/3fc036297b10b9f42d6db5ee932af8c8\"},\"headline\":\"LuzernS\u00fcd: Konzept f\u00fcr S\u00fcdAllee liegt vor\",\"datePublished\":\"2019-03-18T08:12:22+00:00\",\"mainEntityOfPage\":{\"@id\":\"https:\\\/\\\/www.immobilienbusiness.ch\\\/de\\\/regionen\\\/2019-03-18\\\/luzernsued-konzept-fuer-suedallee-liegt-vor\\\/\"},\"wordCount\":350,\"publisher\":{\"@id\":\"https:\\\/\\\/www.immobilienbusiness.ch\\\/#organization\"},\"image\":{\"@id\":\"https:\\\/\\\/www.immobilienbusiness.ch\\\/de\\\/regionen\\\/2019-03-18\\\/luzernsued-konzept-fuer-suedallee-liegt-vor\\\/#primaryimage\"},\"thumbnailUrl\":\"https:\\\/\\\/www.immobilienbusiness.ch\\\/wp-content\\\/uploads\\\/2019\\\/03\\\/Veilchenstrasse_LuzernSued.jpg\",\"keywords\":[\"Infrastruktur\",\"Luzern\",\"Stadtentwicklung\"],\"articleSection\":[\"REGIONEN\"],\"inLanguage\":\"fr-FR\"},{\"@type\":\"WebPage\",\"@id\":\"https:\\\/\\\/www.immobilienbusiness.ch\\\/de\\\/regionen\\\/2019-03-18\\\/luzernsued-konzept-fuer-suedallee-liegt-vor\\\/\",\"url\":\"https:\\\/\\\/www.immobilienbusiness.ch\\\/de\\\/regionen\\\/2019-03-18\\\/luzernsued-konzept-fuer-suedallee-liegt-vor\\\/\",\"name\":\"LuzernS\u00fcd: Konzept f\u00fcr S\u00fcdAllee liegt vor - IMMOBILIEN Business\",\"isPartOf\":{\"@id\":\"https:\\\/\\\/www.immobilienbusiness.ch\\\/#website\"},\"primaryImageOfPage\":{\"@id\":\"https:\\\/\\\/www.immobilienbusiness.ch\\\/de\\\/regionen\\\/2019-03-18\\\/luzernsued-konzept-fuer-suedallee-liegt-vor\\\/#primaryimage\"},\"image\":{\"@id\":\"https:\\\/\\\/www.immobilienbusiness.ch\\\/de\\\/regionen\\\/2019-03-18\\\/luzernsued-konzept-fuer-suedallee-liegt-vor\\\/#primaryimage\"},\"thumbnailUrl\":\"https:\\\/\\\/www.immobilienbusiness.ch\\\/wp-content\\\/uploads\\\/2019\\\/03\\\/Veilchenstrasse_LuzernSued.jpg\",\"datePublished\":\"2019-03-18T08:12:22+00:00\",\"description\":\"Die S\u00fcdAllee soll das Entwicklungsgebiet LuzernS\u00fcd vom Eichhof bis zur Horwer Seebucht verbinden. Nun wurden die Ergebnisse einer Konzeptstudie bekannt.\",\"breadcrumb\":{\"@id\":\"https:\\\/\\\/www.immobilienbusiness.ch\\\/de\\\/regionen\\\/2019-03-18\\\/luzernsued-konzept-fuer-suedallee-liegt-vor\\\/#breadcrumb\"},\"inLanguage\":\"fr-FR\",\"potentialAction\":[{\"@type\":\"ReadAction\",\"target\":[\"https:\\\/\\\/www.immobilienbusiness.ch\\\/de\\\/regionen\\\/2019-03-18\\\/luzernsued-konzept-fuer-suedallee-liegt-vor\\\/\"]}]},{\"@type\":\"ImageObject\",\"inLanguage\":\"fr-FR\",\"@id\":\"https:\\\/\\\/www.immobilienbusiness.ch\\\/de\\\/regionen\\\/2019-03-18\\\/luzernsued-konzept-fuer-suedallee-liegt-vor\\\/#primaryimage\",\"url\":\"https:\\\/\\\/www.immobilienbusiness.ch\\\/wp-content\\\/uploads\\\/2019\\\/03\\\/Veilchenstrasse_LuzernSued.jpg\",\"contentUrl\":\"https:\\\/\\\/www.immobilienbusiness.ch\\\/wp-content\\\/uploads\\\/2019\\\/03\\\/Veilchenstrasse_LuzernSued.jpg\",\"width\":1423,\"height\":1104,\"caption\":\"Veilchenstrasse_LuzernSued\"},{\"@type\":\"BreadcrumbList\",\"@id\":\"https:\\\/\\\/www.immobilienbusiness.ch\\\/de\\\/regionen\\\/2019-03-18\\\/luzernsued-konzept-fuer-suedallee-liegt-vor\\\/#breadcrumb\",\"itemListElement\":[{\"@type\":\"ListItem\",\"position\":1,\"name\":\"Home\",\"item\":\"https:\\\/\\\/www.immobilienbusiness.ch\\\/\"},{\"@type\":\"ListItem\",\"position\":2,\"name\":\"LuzernS\u00fcd: Konzept f\u00fcr S\u00fcdAllee liegt vor\"}]},{\"@type\":\"WebSite\",\"@id\":\"https:\\\/\\\/www.immobilienbusiness.ch\\\/#website\",\"url\":\"https:\\\/\\\/www.immobilienbusiness.ch\\\/\",\"name\":\"IMMOBILIEN Business\",\"description\":\"Unabh\u00e4ngiges Schweizer Wirtschaftsmagazin mit Fokus auf Immobilien, Architektur- und Bau sowie Investment- und Finanzierung.\",\"publisher\":{\"@id\":\"https:\\\/\\\/www.immobilienbusiness.ch\\\/#organization\"},\"potentialAction\":[{\"@type\":\"SearchAction\",\"target\":{\"@type\":\"EntryPoint\",\"urlTemplate\":\"https:\\\/\\\/www.immobilienbusiness.ch\\\/?s={search_term_string}\"},\"query-input\":{\"@type\":\"PropertyValueSpecification\",\"valueRequired\":true,\"valueName\":\"search_term_string\"}}],\"inLanguage\":\"fr-FR\"},{\"@type\":\"Organization\",\"@id\":\"https:\\\/\\\/www.immobilienbusiness.ch\\\/#organization\",\"name\":\"IMMOBILIEN Business\",\"url\":\"https:\\\/\\\/www.immobilienbusiness.ch\\\/\",\"logo\":{\"@type\":\"ImageObject\",\"inLanguage\":\"fr-FR\",\"@id\":\"https:\\\/\\\/www.immobilienbusiness.ch\\\/#\\\/schema\\\/logo\\\/image\\\/\",\"url\":\"https:\\\/\\\/www.immobilienbusiness.ch\\\/wp-content\\\/uploads\\\/2021\\\/07\\\/logo_ib.png\",\"contentUrl\":\"https:\\\/\\\/www.immobilienbusiness.ch\\\/wp-content\\\/uploads\\\/2021\\\/07\\\/logo_ib.png\",\"width\":800,\"height\":181,\"caption\":\"IMMOBILIEN Business\"},\"image\":{\"@id\":\"https:\\\/\\\/www.immobilienbusiness.ch\\\/#\\\/schema\\\/logo\\\/image\\\/\"},\"sameAs\":[\"https:\\\/\\\/www.facebook.com\\\/immobilienbusiness\\\/\"]},{\"@type\":\"Person\",\"@id\":\"https:\\\/\\\/www.immobilienbusiness.ch\\\/#\\\/schema\\\/person\\\/3fc036297b10b9f42d6db5ee932af8c8\",\"name\":\"anja.hall\",\"image\":{\"@type\":\"ImageObject\",\"inLanguage\":\"fr-FR\",\"@id\":\"https:\\\/\\\/secure.gravatar.com\\\/avatar\\\/066b5a0d447013502c71a5782f4f3469f03cfe595cc2329fb94652fe47511bfb?s=96&d=mm&r=g\",\"url\":\"https:\\\/\\\/secure.gravatar.com\\\/avatar\\\/066b5a0d447013502c71a5782f4f3469f03cfe595cc2329fb94652fe47511bfb?s=96&d=mm&r=g\",\"contentUrl\":\"https:\\\/\\\/secure.gravatar.com\\\/avatar\\\/066b5a0d447013502c71a5782f4f3469f03cfe595cc2329fb94652fe47511bfb?s=96&d=mm&r=g\",\"caption\":\"anja.hall\"},\"url\":\"https:\\\/\\\/www.immobilienbusiness.ch\\\/fr\\\/author\\\/anja-hall\\\/\"}]}<\/script>\n<!-- \/ Yoast SEO plugin. -->","yoast_head_json":{"title":"LuzernS\u00fcd : le concept de la S\u00fcdAllee est pr\u00eat - IMMOBILIER Business","description":"La S\u00fcdAllee doit relier la zone de d\u00e9veloppement LuzernS\u00fcd de Eichhof \u00e0 la baie du lac de Horw. Les r\u00e9sultats d'une \u00e9tude conceptuelle sont d\u00e9sormais connus.","robots":{"index":"index","follow":"follow","max-snippet":"max-snippet:-1","max-image-preview":"max-image-preview:large","max-video-preview":"max-video-preview:-1"},"canonical":"https:\/\/www.immobilienbusiness.ch\/fr\/regionen\/2019-03-18\/luzernsued-konzept-fuer-suedallee-liegt-vor\/","og_locale":"fr_FR","og_type":"article","og_title":"LuzernS\u00fcd: Konzept f\u00fcr S\u00fcdAllee liegt vor - IMMOBILIEN Business","og_description":"Die S\u00fcdAllee soll das Entwicklungsgebiet LuzernS\u00fcd vom Eichhof bis zur Horwer Seebucht verbinden. Nun wurden die Ergebnisse einer Konzeptstudie bekannt.","og_url":"https:\/\/www.immobilienbusiness.ch\/fr\/regionen\/2019-03-18\/luzernsued-konzept-fuer-suedallee-liegt-vor\/","og_site_name":"IMMOBILIEN Business","article_publisher":"https:\/\/www.facebook.com\/immobilienbusiness\/","article_published_time":"2019-03-18T08:12:22+00:00","og_image":[{"width":1423,"height":1104,"url":"https:\/\/www.immobilienbusiness.ch\/wp-content\/uploads\/2019\/03\/Veilchenstrasse_LuzernSued.jpg","type":"image\/jpeg"}],"author":"anja.hall","twitter_card":"summary_large_image","twitter_image":"https:\/\/www.immobilienbusiness.ch\/wp-content\/uploads\/2019\/03\/Veilchenstrasse_LuzernSued.jpg","schema":{"@context":"https:\/\/schema.org","@graph":[{"@type":"Article","@id":"https:\/\/www.immobilienbusiness.ch\/de\/regionen\/2019-03-18\/luzernsued-konzept-fuer-suedallee-liegt-vor\/#article","isPartOf":{"@id":"https:\/\/www.immobilienbusiness.ch\/de\/regionen\/2019-03-18\/luzernsued-konzept-fuer-suedallee-liegt-vor\/"},"author":{"name":"anja.hall","@id":"https:\/\/www.immobilienbusiness.ch\/#\/schema\/person\/3fc036297b10b9f42d6db5ee932af8c8"},"headline":"LuzernS\u00fcd: Konzept f\u00fcr S\u00fcdAllee liegt vor","datePublished":"2019-03-18T08:12:22+00:00","mainEntityOfPage":{"@id":"https:\/\/www.immobilienbusiness.ch\/de\/regionen\/2019-03-18\/luzernsued-konzept-fuer-suedallee-liegt-vor\/"},"wordCount":350,"publisher":{"@id":"https:\/\/www.immobilienbusiness.ch\/#organization"},"image":{"@id":"https:\/\/www.immobilienbusiness.ch\/de\/regionen\/2019-03-18\/luzernsued-konzept-fuer-suedallee-liegt-vor\/#primaryimage"},"thumbnailUrl":"https:\/\/www.immobilienbusiness.ch\/wp-content\/uploads\/2019\/03\/Veilchenstrasse_LuzernSued.jpg","keywords":["Infrastruktur","Luzern","Stadtentwicklung"],"articleSection":["REGIONEN"],"inLanguage":"fr-FR"},{"@type":"WebPage","@id":"https:\/\/www.immobilienbusiness.ch\/de\/regionen\/2019-03-18\/luzernsued-konzept-fuer-suedallee-liegt-vor\/","url":"https:\/\/www.immobilienbusiness.ch\/de\/regionen\/2019-03-18\/luzernsued-konzept-fuer-suedallee-liegt-vor\/","name":"LuzernS\u00fcd : le concept de la S\u00fcdAllee est pr\u00eat - IMMOBILIER Business","isPartOf":{"@id":"https:\/\/www.immobilienbusiness.ch\/#website"},"primaryImageOfPage":{"@id":"https:\/\/www.immobilienbusiness.ch\/de\/regionen\/2019-03-18\/luzernsued-konzept-fuer-suedallee-liegt-vor\/#primaryimage"},"image":{"@id":"https:\/\/www.immobilienbusiness.ch\/de\/regionen\/2019-03-18\/luzernsued-konzept-fuer-suedallee-liegt-vor\/#primaryimage"},"thumbnailUrl":"https:\/\/www.immobilienbusiness.ch\/wp-content\/uploads\/2019\/03\/Veilchenstrasse_LuzernSued.jpg","datePublished":"2019-03-18T08:12:22+00:00","description":"La S\u00fcdAllee doit relier la zone de d\u00e9veloppement LuzernS\u00fcd de Eichhof \u00e0 la baie du lac de Horw. Les r\u00e9sultats d'une \u00e9tude conceptuelle sont d\u00e9sormais connus.","breadcrumb":{"@id":"https:\/\/www.immobilienbusiness.ch\/de\/regionen\/2019-03-18\/luzernsued-konzept-fuer-suedallee-liegt-vor\/#breadcrumb"},"inLanguage":"fr-FR","potentialAction":[{"@type":"ReadAction","target":["https:\/\/www.immobilienbusiness.ch\/de\/regionen\/2019-03-18\/luzernsued-konzept-fuer-suedallee-liegt-vor\/"]}]},{"@type":"ImageObject","inLanguage":"fr-FR","@id":"https:\/\/www.immobilienbusiness.ch\/de\/regionen\/2019-03-18\/luzernsued-konzept-fuer-suedallee-liegt-vor\/#primaryimage","url":"https:\/\/www.immobilienbusiness.ch\/wp-content\/uploads\/2019\/03\/Veilchenstrasse_LuzernSued.jpg","contentUrl":"https:\/\/www.immobilienbusiness.ch\/wp-content\/uploads\/2019\/03\/Veilchenstrasse_LuzernSued.jpg","width":1423,"height":1104,"caption":"Veilchenstrasse_LuzernSued"},{"@type":"BreadcrumbList","@id":"https:\/\/www.immobilienbusiness.ch\/de\/regionen\/2019-03-18\/luzernsued-konzept-fuer-suedallee-liegt-vor\/#breadcrumb","itemListElement":[{"@type":"ListItem","position":1,"name":"Home","item":"https:\/\/www.immobilienbusiness.ch\/"},{"@type":"ListItem","position":2,"name":"LuzernS\u00fcd: Konzept f\u00fcr S\u00fcdAllee liegt vor"}]},{"@type":"WebSite","@id":"https:\/\/www.immobilienbusiness.ch\/#website","url":"https:\/\/www.immobilienbusiness.ch\/","name":"IMMOBILIER Business","description":"Magazine \u00e9conomique suisse ind\u00e9pendant ax\u00e9 sur l'immobilier, l'architecture et la construction ainsi que sur les investissements et le financement.","publisher":{"@id":"https:\/\/www.immobilienbusiness.ch\/#organization"},"potentialAction":[{"@type":"SearchAction","target":{"@type":"EntryPoint","urlTemplate":"https:\/\/www.immobilienbusiness.ch\/?s={search_term_string}"},"query-input":{"@type":"PropertyValueSpecification","valueRequired":true,"valueName":"search_term_string"}}],"inLanguage":"fr-FR"},{"@type":"Organization","@id":"https:\/\/www.immobilienbusiness.ch\/#organization","name":"IMMOBILIER Business","url":"https:\/\/www.immobilienbusiness.ch\/","logo":{"@type":"ImageObject","inLanguage":"fr-FR","@id":"https:\/\/www.immobilienbusiness.ch\/#\/schema\/logo\/image\/","url":"https:\/\/www.immobilienbusiness.ch\/wp-content\/uploads\/2021\/07\/logo_ib.png","contentUrl":"https:\/\/www.immobilienbusiness.ch\/wp-content\/uploads\/2021\/07\/logo_ib.png","width":800,"height":181,"caption":"IMMOBILIEN Business"},"image":{"@id":"https:\/\/www.immobilienbusiness.ch\/#\/schema\/logo\/image\/"},"sameAs":["https:\/\/www.facebook.com\/immobilienbusiness\/"]},{"@type":"Person","@id":"https:\/\/www.immobilienbusiness.ch\/#\/schema\/person\/3fc036297b10b9f42d6db5ee932af8c8","name":"anja.hall","image":{"@type":"ImageObject","inLanguage":"fr-FR","@id":"https:\/\/secure.gravatar.com\/avatar\/066b5a0d447013502c71a5782f4f3469f03cfe595cc2329fb94652fe47511bfb?s=96&d=mm&r=g","url":"https:\/\/secure.gravatar.com\/avatar\/066b5a0d447013502c71a5782f4f3469f03cfe595cc2329fb94652fe47511bfb?s=96&d=mm&r=g","contentUrl":"https:\/\/secure.gravatar.com\/avatar\/066b5a0d447013502c71a5782f4f3469f03cfe595cc2329fb94652fe47511bfb?s=96&d=mm&r=g","caption":"anja.hall"},"url":"https:\/\/www.immobilienbusiness.ch\/fr\/author\/anja-hall\/"}]}},"_links":{"self":[{"href":"https:\/\/www.immobilienbusiness.ch\/fr\/wp-json\/wp\/v2\/posts\/16345","targetHints":{"allow":["GET"]}}],"collection":[{"href":"https:\/\/www.immobilienbusiness.ch\/fr\/wp-json\/wp\/v2\/posts"}],"about":[{"href":"https:\/\/www.immobilienbusiness.ch\/fr\/wp-json\/wp\/v2\/types\/post"}],"author":[{"embeddable":true,"href":"https:\/\/www.immobilienbusiness.ch\/fr\/wp-json\/wp\/v2\/users\/3"}],"replies":[{"embeddable":true,"href":"https:\/\/www.immobilienbusiness.ch\/fr\/wp-json\/wp\/v2\/comments?post=16345"}],"version-history":[{"count":0,"href":"https:\/\/www.immobilienbusiness.ch\/fr\/wp-json\/wp\/v2\/posts\/16345\/revisions"}],"wp:featuredmedia":[{"embeddable":true,"href":"https:\/\/www.immobilienbusiness.ch\/fr\/wp-json\/wp\/v2\/media\/16346"}],"wp:attachment":[{"href":"https:\/\/www.immobilienbusiness.ch\/fr\/wp-json\/wp\/v2\/media?parent=16345"}],"wp:term":[{"taxonomy":"category","embeddable":true,"href":"https:\/\/www.immobilienbusiness.ch\/fr\/wp-json\/wp\/v2\/categories?post=16345"},{"taxonomy":"post_tag","embeddable":true,"href":"https:\/\/www.immobilienbusiness.ch\/fr\/wp-json\/wp\/v2\/tags?post=16345"}],"curies":[{"name":"wp","href":"https:\/\/api.w.org\/{rel}","templated":true}]}}