{"id":16171,"date":"2019-03-07T08:39:26","date_gmt":"2019-03-07T07:39:26","guid":{"rendered":"https:\/\/www.immobilienbusiness.ch\/?p=16171"},"modified":"2019-03-07T08:39:26","modified_gmt":"2019-03-07T07:39:26","slug":"europafonds-von-swiss-life-sucht-frisches-kapital","status":"publish","type":"post","link":"https:\/\/www.immobilienbusiness.ch\/fr\/unternehmen\/2019-03-07\/europafonds-von-swiss-life-sucht-frisches-kapital\/","title":{"rendered":"Le fonds europ\u00e9en de Swiss Life cherche des capitaux frais"},"content":{"rendered":"<figure id=\"attachment_12759\" aria-describedby=\"caption-attachment-12759\" style=\"width: 680px\" class=\"wp-caption alignnone\"><img loading=\"lazy\" decoding=\"async\" class=\"size-medium wp-image-12759\" src=\"https:\/\/www.immobilienbusiness.ch\/wp-content\/uploads\/2018\/05\/Depositphotos_58636529_m-2015.jpg\" alt=\"\" width=\"680\" height=\"454\" srcset=\"https:\/\/www.immobilienbusiness.ch\/wp-content\/uploads\/2018\/05\/Depositphotos_58636529_m-2015.jpg 1000w, https:\/\/www.immobilienbusiness.ch\/wp-content\/uploads\/2018\/05\/Depositphotos_58636529_m-2015-300x200.jpg 300w, https:\/\/www.immobilienbusiness.ch\/wp-content\/uploads\/2018\/05\/Depositphotos_58636529_m-2015-768x512.jpg 768w, https:\/\/www.immobilienbusiness.ch\/wp-content\/uploads\/2018\/05\/Depositphotos_58636529_m-2015-16x12.jpg 16w, https:\/\/www.immobilienbusiness.ch\/wp-content\/uploads\/2018\/05\/Depositphotos_58636529_m-2015-262x175.jpg 262w, https:\/\/www.immobilienbusiness.ch\/wp-content\/uploads\/2018\/05\/Depositphotos_58636529_m-2015-525x350.jpg 525w, https:\/\/www.immobilienbusiness.ch\/wp-content\/uploads\/2018\/05\/Depositphotos_58636529_m-2015-920x614.jpg 920w\" sizes=\"auto, (max-width: 680px) 100vw, 680px\" \/><figcaption id=\"caption-attachment-12759\" class=\"wp-caption-text\">Swiss Life REF (CH) European Properties pr\u00e9voit une augmentation de capital au troisi\u00e8me trimestre (Image : wirojsid - despositphotos)<\/figcaption><\/figure>\n<p>Le fonds Swiss Life REF (CH) European Properties investit dans des immeubles de bureaux, de vente et d'habitation ainsi que dans des objets \u00e0 usage mixte situ\u00e9s dans des r\u00e9gions m\u00e9tropolitaines europ\u00e9ennes. Selon les indications de Swiss Life Asset Managers, les principaux march\u00e9s d'investissement sont l'Allemagne, la France, la Grande-Bretagne ainsi que l'Autriche, le Benelux, la Scandinavie et l'Europe du Sud.<\/p>\n<p>Fin janvier 2019, le portefeuille immobilier comprenait huit biens en Allemagne, en France, en Grande-Bretagne, en Belgique et en Finlande, pour une valeur de march\u00e9 d'environ 288 millions d'euros. Le portefeuille doit maintenant continuer \u00e0 cro\u00eetre - et pour cela, une augmentation de capital d'environ 100 millions d'euros est pr\u00e9vue au troisi\u00e8me trimestre de cette ann\u00e9e. Selon les informations fournies, des n\u00e9gociations exclusives sont d\u00e9j\u00e0 en cours pour l'achat de deux biens immobiliers.<\/p>\n<p>La derni\u00e8re lib\u00e9ration partielle parmi les premiers investisseurs a \u00e9t\u00e9 effectu\u00e9e fin f\u00e9vrier 2019, indique encore Swiss Life Asset Managers. Les 300 millions d'euros souscrits lors de l'\u00e9mission initiale auraient \u00e9t\u00e9 int\u00e9gralement appel\u00e9s.<\/p>\n<p>A partir d'avril 2019, le fonds devrait \u00eatre admis au n\u00e9goce hors bourse (OTC). <em>(ah)<\/em><\/p>","protected":false},"excerpt":{"rendered":"<p>Swiss Life REF (CH) European Properties veut poursuivre sa croissance et a annonc\u00e9 \u00e0 cet effet une augmentation de capital d'environ 100 millions d'euros.<\/p>","protected":false},"author":3,"featured_media":12759,"comment_status":"closed","ping_status":"open","sticky":false,"template":"","format":"standard","meta":{"_acf_changed":false,"_yoast_wpseo_focuskw":"Swiss Life","_yoast_wpseo_title":"","_yoast_wpseo_metadesc":"Der Swiss Life REF (CH) European Properties will weiter wachsen und hat dazu eine Kapitalerh\u00f6hung \u00fcber rund 100 Millionen Euro angek\u00fcndigt.","_yoast_wpseo_linkdex":44,"pgc_sgb_lightbox_settings":"","footnotes":""},"categories":[988],"tags":[1344,1412,1756],"class_list":["post-16171","post","type-post","status-publish","format-standard","has-post-thumbnail","hentry","category-unternehmen","tag-immobilienfonds","tag-kapitalerhoehung","tag-swiss-life"],"acf":[],"yoast_head":"<!-- This site is optimized with the Yoast SEO plugin v27.4 - https:\/\/yoast.com\/product\/yoast-seo-wordpress\/ -->\n<title>Europafonds von Swiss Life sucht frisches Kapital - IMMOBILIEN Business<\/title>\n<meta name=\"description\" content=\"Der Swiss Life REF (CH) European Properties will weiter wachsen und hat dazu eine Kapitalerh\u00f6hung \u00fcber rund 100 Millionen Euro angek\u00fcndigt.\" \/>\n<meta name=\"robots\" content=\"index, follow, max-snippet:-1, max-image-preview:large, max-video-preview:-1\" \/>\n<link rel=\"canonical\" href=\"https:\/\/www.immobilienbusiness.ch\/fr\/unternehmen\/2019-03-07\/europafonds-von-swiss-life-sucht-frisches-kapital\/\" \/>\n<meta property=\"og:locale\" content=\"fr_FR\" \/>\n<meta property=\"og:type\" content=\"article\" \/>\n<meta property=\"og:title\" content=\"Europafonds von Swiss Life sucht frisches Kapital - IMMOBILIEN Business\" \/>\n<meta property=\"og:description\" content=\"Der Swiss Life REF (CH) European Properties will weiter wachsen und hat dazu eine Kapitalerh\u00f6hung \u00fcber rund 100 Millionen Euro angek\u00fcndigt.\" \/>\n<meta property=\"og:url\" content=\"https:\/\/www.immobilienbusiness.ch\/fr\/unternehmen\/2019-03-07\/europafonds-von-swiss-life-sucht-frisches-kapital\/\" \/>\n<meta property=\"og:site_name\" content=\"IMMOBILIEN Business\" \/>\n<meta property=\"article:publisher\" content=\"https:\/\/www.facebook.com\/immobilienbusiness\/\" \/>\n<meta property=\"article:published_time\" content=\"2019-03-07T07:39:26+00:00\" \/>\n<meta property=\"og:image\" content=\"https:\/\/www.immobilienbusiness.ch\/wp-content\/uploads\/2018\/05\/Depositphotos_58636529_m-2015.jpg\" \/>\n\t<meta property=\"og:image:width\" content=\"1000\" \/>\n\t<meta property=\"og:image:height\" content=\"667\" \/>\n\t<meta property=\"og:image:type\" content=\"image\/jpeg\" \/>\n<meta name=\"author\" content=\"anja.hall\" \/>\n<meta name=\"twitter:card\" content=\"summary_large_image\" \/>\n<meta name=\"twitter:image\" content=\"https:\/\/www.immobilienbusiness.ch\/wp-content\/uploads\/2018\/05\/Depositphotos_58636529_m-2015.jpg\" \/>\n<script type=\"application\/ld+json\" class=\"yoast-schema-graph\">{\"@context\":\"https:\\\/\\\/schema.org\",\"@graph\":[{\"@type\":\"Article\",\"@id\":\"https:\\\/\\\/www.immobilienbusiness.ch\\\/de\\\/unternehmen\\\/2019-03-07\\\/europafonds-von-swiss-life-sucht-frisches-kapital\\\/#article\",\"isPartOf\":{\"@id\":\"https:\\\/\\\/www.immobilienbusiness.ch\\\/de\\\/unternehmen\\\/2019-03-07\\\/europafonds-von-swiss-life-sucht-frisches-kapital\\\/\"},\"author\":{\"name\":\"anja.hall\",\"@id\":\"https:\\\/\\\/www.immobilienbusiness.ch\\\/#\\\/schema\\\/person\\\/3fc036297b10b9f42d6db5ee932af8c8\"},\"headline\":\"Europafonds von Swiss Life sucht frisches Kapital\",\"datePublished\":\"2019-03-07T07:39:26+00:00\",\"mainEntityOfPage\":{\"@id\":\"https:\\\/\\\/www.immobilienbusiness.ch\\\/de\\\/unternehmen\\\/2019-03-07\\\/europafonds-von-swiss-life-sucht-frisches-kapital\\\/\"},\"wordCount\":177,\"publisher\":{\"@id\":\"https:\\\/\\\/www.immobilienbusiness.ch\\\/#organization\"},\"image\":{\"@id\":\"https:\\\/\\\/www.immobilienbusiness.ch\\\/de\\\/unternehmen\\\/2019-03-07\\\/europafonds-von-swiss-life-sucht-frisches-kapital\\\/#primaryimage\"},\"thumbnailUrl\":\"https:\\\/\\\/www.immobilienbusiness.ch\\\/wp-content\\\/uploads\\\/2018\\\/05\\\/Depositphotos_58636529_m-2015.jpg\",\"keywords\":[\"Immobilienfonds\",\"Kapitalerh\u00f6hung\",\"Swiss Life\"],\"articleSection\":[\"UNTERNEHMEN\"],\"inLanguage\":\"fr-FR\"},{\"@type\":\"WebPage\",\"@id\":\"https:\\\/\\\/www.immobilienbusiness.ch\\\/de\\\/unternehmen\\\/2019-03-07\\\/europafonds-von-swiss-life-sucht-frisches-kapital\\\/\",\"url\":\"https:\\\/\\\/www.immobilienbusiness.ch\\\/de\\\/unternehmen\\\/2019-03-07\\\/europafonds-von-swiss-life-sucht-frisches-kapital\\\/\",\"name\":\"Europafonds von Swiss Life sucht frisches Kapital - IMMOBILIEN Business\",\"isPartOf\":{\"@id\":\"https:\\\/\\\/www.immobilienbusiness.ch\\\/#website\"},\"primaryImageOfPage\":{\"@id\":\"https:\\\/\\\/www.immobilienbusiness.ch\\\/de\\\/unternehmen\\\/2019-03-07\\\/europafonds-von-swiss-life-sucht-frisches-kapital\\\/#primaryimage\"},\"image\":{\"@id\":\"https:\\\/\\\/www.immobilienbusiness.ch\\\/de\\\/unternehmen\\\/2019-03-07\\\/europafonds-von-swiss-life-sucht-frisches-kapital\\\/#primaryimage\"},\"thumbnailUrl\":\"https:\\\/\\\/www.immobilienbusiness.ch\\\/wp-content\\\/uploads\\\/2018\\\/05\\\/Depositphotos_58636529_m-2015.jpg\",\"datePublished\":\"2019-03-07T07:39:26+00:00\",\"description\":\"Der Swiss Life REF (CH) European Properties will weiter wachsen und hat dazu eine Kapitalerh\u00f6hung \u00fcber rund 100 Millionen Euro angek\u00fcndigt.\",\"breadcrumb\":{\"@id\":\"https:\\\/\\\/www.immobilienbusiness.ch\\\/de\\\/unternehmen\\\/2019-03-07\\\/europafonds-von-swiss-life-sucht-frisches-kapital\\\/#breadcrumb\"},\"inLanguage\":\"fr-FR\",\"potentialAction\":[{\"@type\":\"ReadAction\",\"target\":[\"https:\\\/\\\/www.immobilienbusiness.ch\\\/de\\\/unternehmen\\\/2019-03-07\\\/europafonds-von-swiss-life-sucht-frisches-kapital\\\/\"]}]},{\"@type\":\"ImageObject\",\"inLanguage\":\"fr-FR\",\"@id\":\"https:\\\/\\\/www.immobilienbusiness.ch\\\/de\\\/unternehmen\\\/2019-03-07\\\/europafonds-von-swiss-life-sucht-frisches-kapital\\\/#primaryimage\",\"url\":\"https:\\\/\\\/www.immobilienbusiness.ch\\\/wp-content\\\/uploads\\\/2018\\\/05\\\/Depositphotos_58636529_m-2015.jpg\",\"contentUrl\":\"https:\\\/\\\/www.immobilienbusiness.ch\\\/wp-content\\\/uploads\\\/2018\\\/05\\\/Depositphotos_58636529_m-2015.jpg\",\"width\":1000,\"height\":667,\"caption\":\"(wirojsid - despositphotos)\"},{\"@type\":\"BreadcrumbList\",\"@id\":\"https:\\\/\\\/www.immobilienbusiness.ch\\\/de\\\/unternehmen\\\/2019-03-07\\\/europafonds-von-swiss-life-sucht-frisches-kapital\\\/#breadcrumb\",\"itemListElement\":[{\"@type\":\"ListItem\",\"position\":1,\"name\":\"Home\",\"item\":\"https:\\\/\\\/www.immobilienbusiness.ch\\\/\"},{\"@type\":\"ListItem\",\"position\":2,\"name\":\"Europafonds von Swiss Life sucht frisches Kapital\"}]},{\"@type\":\"WebSite\",\"@id\":\"https:\\\/\\\/www.immobilienbusiness.ch\\\/#website\",\"url\":\"https:\\\/\\\/www.immobilienbusiness.ch\\\/\",\"name\":\"IMMOBILIEN Business\",\"description\":\"Unabh\u00e4ngiges Schweizer Wirtschaftsmagazin mit Fokus auf Immobilien, Architektur- und Bau sowie Investment- und Finanzierung.\",\"publisher\":{\"@id\":\"https:\\\/\\\/www.immobilienbusiness.ch\\\/#organization\"},\"potentialAction\":[{\"@type\":\"SearchAction\",\"target\":{\"@type\":\"EntryPoint\",\"urlTemplate\":\"https:\\\/\\\/www.immobilienbusiness.ch\\\/?s={search_term_string}\"},\"query-input\":{\"@type\":\"PropertyValueSpecification\",\"valueRequired\":true,\"valueName\":\"search_term_string\"}}],\"inLanguage\":\"fr-FR\"},{\"@type\":\"Organization\",\"@id\":\"https:\\\/\\\/www.immobilienbusiness.ch\\\/#organization\",\"name\":\"IMMOBILIEN Business\",\"url\":\"https:\\\/\\\/www.immobilienbusiness.ch\\\/\",\"logo\":{\"@type\":\"ImageObject\",\"inLanguage\":\"fr-FR\",\"@id\":\"https:\\\/\\\/www.immobilienbusiness.ch\\\/#\\\/schema\\\/logo\\\/image\\\/\",\"url\":\"https:\\\/\\\/www.immobilienbusiness.ch\\\/wp-content\\\/uploads\\\/2021\\\/07\\\/logo_ib.png\",\"contentUrl\":\"https:\\\/\\\/www.immobilienbusiness.ch\\\/wp-content\\\/uploads\\\/2021\\\/07\\\/logo_ib.png\",\"width\":800,\"height\":181,\"caption\":\"IMMOBILIEN Business\"},\"image\":{\"@id\":\"https:\\\/\\\/www.immobilienbusiness.ch\\\/#\\\/schema\\\/logo\\\/image\\\/\"},\"sameAs\":[\"https:\\\/\\\/www.facebook.com\\\/immobilienbusiness\\\/\"]},{\"@type\":\"Person\",\"@id\":\"https:\\\/\\\/www.immobilienbusiness.ch\\\/#\\\/schema\\\/person\\\/3fc036297b10b9f42d6db5ee932af8c8\",\"name\":\"anja.hall\",\"image\":{\"@type\":\"ImageObject\",\"inLanguage\":\"fr-FR\",\"@id\":\"https:\\\/\\\/secure.gravatar.com\\\/avatar\\\/066b5a0d447013502c71a5782f4f3469f03cfe595cc2329fb94652fe47511bfb?s=96&d=mm&r=g\",\"url\":\"https:\\\/\\\/secure.gravatar.com\\\/avatar\\\/066b5a0d447013502c71a5782f4f3469f03cfe595cc2329fb94652fe47511bfb?s=96&d=mm&r=g\",\"contentUrl\":\"https:\\\/\\\/secure.gravatar.com\\\/avatar\\\/066b5a0d447013502c71a5782f4f3469f03cfe595cc2329fb94652fe47511bfb?s=96&d=mm&r=g\",\"caption\":\"anja.hall\"},\"url\":\"https:\\\/\\\/www.immobilienbusiness.ch\\\/fr\\\/author\\\/anja-hall\\\/\"}]}<\/script>\n<!-- \/ Yoast SEO plugin. -->","yoast_head_json":{"title":"Europafonds von Swiss Life sucht frisches Kapital - IMMOBILIEN Business","description":"Swiss Life REF (CH) European Properties veut poursuivre sa croissance et a annonc\u00e9 \u00e0 cet effet une augmentation de capital d'environ 100 millions d'euros.","robots":{"index":"index","follow":"follow","max-snippet":"max-snippet:-1","max-image-preview":"max-image-preview:large","max-video-preview":"max-video-preview:-1"},"canonical":"https:\/\/www.immobilienbusiness.ch\/fr\/unternehmen\/2019-03-07\/europafonds-von-swiss-life-sucht-frisches-kapital\/","og_locale":"fr_FR","og_type":"article","og_title":"Europafonds von Swiss Life sucht frisches Kapital - IMMOBILIEN Business","og_description":"Der Swiss Life REF (CH) European Properties will weiter wachsen und hat dazu eine Kapitalerh\u00f6hung \u00fcber rund 100 Millionen Euro angek\u00fcndigt.","og_url":"https:\/\/www.immobilienbusiness.ch\/fr\/unternehmen\/2019-03-07\/europafonds-von-swiss-life-sucht-frisches-kapital\/","og_site_name":"IMMOBILIEN Business","article_publisher":"https:\/\/www.facebook.com\/immobilienbusiness\/","article_published_time":"2019-03-07T07:39:26+00:00","og_image":[{"width":1000,"height":667,"url":"https:\/\/www.immobilienbusiness.ch\/wp-content\/uploads\/2018\/05\/Depositphotos_58636529_m-2015.jpg","type":"image\/jpeg"}],"author":"anja.hall","twitter_card":"summary_large_image","twitter_image":"https:\/\/www.immobilienbusiness.ch\/wp-content\/uploads\/2018\/05\/Depositphotos_58636529_m-2015.jpg","schema":{"@context":"https:\/\/schema.org","@graph":[{"@type":"Article","@id":"https:\/\/www.immobilienbusiness.ch\/de\/unternehmen\/2019-03-07\/europafonds-von-swiss-life-sucht-frisches-kapital\/#article","isPartOf":{"@id":"https:\/\/www.immobilienbusiness.ch\/de\/unternehmen\/2019-03-07\/europafonds-von-swiss-life-sucht-frisches-kapital\/"},"author":{"name":"anja.hall","@id":"https:\/\/www.immobilienbusiness.ch\/#\/schema\/person\/3fc036297b10b9f42d6db5ee932af8c8"},"headline":"Europafonds von Swiss Life sucht frisches Kapital","datePublished":"2019-03-07T07:39:26+00:00","mainEntityOfPage":{"@id":"https:\/\/www.immobilienbusiness.ch\/de\/unternehmen\/2019-03-07\/europafonds-von-swiss-life-sucht-frisches-kapital\/"},"wordCount":177,"publisher":{"@id":"https:\/\/www.immobilienbusiness.ch\/#organization"},"image":{"@id":"https:\/\/www.immobilienbusiness.ch\/de\/unternehmen\/2019-03-07\/europafonds-von-swiss-life-sucht-frisches-kapital\/#primaryimage"},"thumbnailUrl":"https:\/\/www.immobilienbusiness.ch\/wp-content\/uploads\/2018\/05\/Depositphotos_58636529_m-2015.jpg","keywords":["Immobilienfonds","Kapitalerh\u00f6hung","Swiss Life"],"articleSection":["UNTERNEHMEN"],"inLanguage":"fr-FR"},{"@type":"WebPage","@id":"https:\/\/www.immobilienbusiness.ch\/de\/unternehmen\/2019-03-07\/europafonds-von-swiss-life-sucht-frisches-kapital\/","url":"https:\/\/www.immobilienbusiness.ch\/de\/unternehmen\/2019-03-07\/europafonds-von-swiss-life-sucht-frisches-kapital\/","name":"Europafonds von Swiss Life sucht frisches Kapital - IMMOBILIEN Business","isPartOf":{"@id":"https:\/\/www.immobilienbusiness.ch\/#website"},"primaryImageOfPage":{"@id":"https:\/\/www.immobilienbusiness.ch\/de\/unternehmen\/2019-03-07\/europafonds-von-swiss-life-sucht-frisches-kapital\/#primaryimage"},"image":{"@id":"https:\/\/www.immobilienbusiness.ch\/de\/unternehmen\/2019-03-07\/europafonds-von-swiss-life-sucht-frisches-kapital\/#primaryimage"},"thumbnailUrl":"https:\/\/www.immobilienbusiness.ch\/wp-content\/uploads\/2018\/05\/Depositphotos_58636529_m-2015.jpg","datePublished":"2019-03-07T07:39:26+00:00","description":"Swiss Life REF (CH) European Properties veut poursuivre sa croissance et a annonc\u00e9 \u00e0 cet effet une augmentation de capital d'environ 100 millions d'euros.","breadcrumb":{"@id":"https:\/\/www.immobilienbusiness.ch\/de\/unternehmen\/2019-03-07\/europafonds-von-swiss-life-sucht-frisches-kapital\/#breadcrumb"},"inLanguage":"fr-FR","potentialAction":[{"@type":"ReadAction","target":["https:\/\/www.immobilienbusiness.ch\/de\/unternehmen\/2019-03-07\/europafonds-von-swiss-life-sucht-frisches-kapital\/"]}]},{"@type":"ImageObject","inLanguage":"fr-FR","@id":"https:\/\/www.immobilienbusiness.ch\/de\/unternehmen\/2019-03-07\/europafonds-von-swiss-life-sucht-frisches-kapital\/#primaryimage","url":"https:\/\/www.immobilienbusiness.ch\/wp-content\/uploads\/2018\/05\/Depositphotos_58636529_m-2015.jpg","contentUrl":"https:\/\/www.immobilienbusiness.ch\/wp-content\/uploads\/2018\/05\/Depositphotos_58636529_m-2015.jpg","width":1000,"height":667,"caption":"(wirojsid - despositphotos)"},{"@type":"BreadcrumbList","@id":"https:\/\/www.immobilienbusiness.ch\/de\/unternehmen\/2019-03-07\/europafonds-von-swiss-life-sucht-frisches-kapital\/#breadcrumb","itemListElement":[{"@type":"ListItem","position":1,"name":"Home","item":"https:\/\/www.immobilienbusiness.ch\/"},{"@type":"ListItem","position":2,"name":"Europafonds von Swiss Life sucht frisches Kapital"}]},{"@type":"WebSite","@id":"https:\/\/www.immobilienbusiness.ch\/#website","url":"https:\/\/www.immobilienbusiness.ch\/","name":"IMMOBILIER Business","description":"Magazine \u00e9conomique suisse ind\u00e9pendant ax\u00e9 sur l'immobilier, l'architecture et la construction ainsi que sur les investissements et le financement.","publisher":{"@id":"https:\/\/www.immobilienbusiness.ch\/#organization"},"potentialAction":[{"@type":"SearchAction","target":{"@type":"EntryPoint","urlTemplate":"https:\/\/www.immobilienbusiness.ch\/?s={search_term_string}"},"query-input":{"@type":"PropertyValueSpecification","valueRequired":true,"valueName":"search_term_string"}}],"inLanguage":"fr-FR"},{"@type":"Organization","@id":"https:\/\/www.immobilienbusiness.ch\/#organization","name":"IMMOBILIER Business","url":"https:\/\/www.immobilienbusiness.ch\/","logo":{"@type":"ImageObject","inLanguage":"fr-FR","@id":"https:\/\/www.immobilienbusiness.ch\/#\/schema\/logo\/image\/","url":"https:\/\/www.immobilienbusiness.ch\/wp-content\/uploads\/2021\/07\/logo_ib.png","contentUrl":"https:\/\/www.immobilienbusiness.ch\/wp-content\/uploads\/2021\/07\/logo_ib.png","width":800,"height":181,"caption":"IMMOBILIEN Business"},"image":{"@id":"https:\/\/www.immobilienbusiness.ch\/#\/schema\/logo\/image\/"},"sameAs":["https:\/\/www.facebook.com\/immobilienbusiness\/"]},{"@type":"Person","@id":"https:\/\/www.immobilienbusiness.ch\/#\/schema\/person\/3fc036297b10b9f42d6db5ee932af8c8","name":"anja.hall","image":{"@type":"ImageObject","inLanguage":"fr-FR","@id":"https:\/\/secure.gravatar.com\/avatar\/066b5a0d447013502c71a5782f4f3469f03cfe595cc2329fb94652fe47511bfb?s=96&d=mm&r=g","url":"https:\/\/secure.gravatar.com\/avatar\/066b5a0d447013502c71a5782f4f3469f03cfe595cc2329fb94652fe47511bfb?s=96&d=mm&r=g","contentUrl":"https:\/\/secure.gravatar.com\/avatar\/066b5a0d447013502c71a5782f4f3469f03cfe595cc2329fb94652fe47511bfb?s=96&d=mm&r=g","caption":"anja.hall"},"url":"https:\/\/www.immobilienbusiness.ch\/fr\/author\/anja-hall\/"}]}},"_links":{"self":[{"href":"https:\/\/www.immobilienbusiness.ch\/fr\/wp-json\/wp\/v2\/posts\/16171","targetHints":{"allow":["GET"]}}],"collection":[{"href":"https:\/\/www.immobilienbusiness.ch\/fr\/wp-json\/wp\/v2\/posts"}],"about":[{"href":"https:\/\/www.immobilienbusiness.ch\/fr\/wp-json\/wp\/v2\/types\/post"}],"author":[{"embeddable":true,"href":"https:\/\/www.immobilienbusiness.ch\/fr\/wp-json\/wp\/v2\/users\/3"}],"replies":[{"embeddable":true,"href":"https:\/\/www.immobilienbusiness.ch\/fr\/wp-json\/wp\/v2\/comments?post=16171"}],"version-history":[{"count":0,"href":"https:\/\/www.immobilienbusiness.ch\/fr\/wp-json\/wp\/v2\/posts\/16171\/revisions"}],"wp:featuredmedia":[{"embeddable":true,"href":"https:\/\/www.immobilienbusiness.ch\/fr\/wp-json\/wp\/v2\/media\/12759"}],"wp:attachment":[{"href":"https:\/\/www.immobilienbusiness.ch\/fr\/wp-json\/wp\/v2\/media?parent=16171"}],"wp:term":[{"taxonomy":"category","embeddable":true,"href":"https:\/\/www.immobilienbusiness.ch\/fr\/wp-json\/wp\/v2\/categories?post=16171"},{"taxonomy":"post_tag","embeddable":true,"href":"https:\/\/www.immobilienbusiness.ch\/fr\/wp-json\/wp\/v2\/tags?post=16171"}],"curies":[{"name":"wp","href":"https:\/\/api.w.org\/{rel}","templated":true}]}}