{"id":161,"date":"2015-07-06T09:57:14","date_gmt":"2015-07-06T07:57:14","guid":{"rendered":"http:\/\/dev.immobilienbusiness.ch\/?p=161"},"modified":"2015-07-06T09:57:14","modified_gmt":"2015-07-06T07:57:14","slug":"gruenes-licht-fuer-halter-projekt-in-ostermundigen","status":"publish","type":"post","link":"https:\/\/www.immobilienbusiness.ch\/fr\/buero\/2015-07-06\/gruenes-licht-fuer-halter-projekt-in-ostermundigen\/","title":{"rendered":"Feu vert pour le projet Halter \u00e0 Ostermundigen"},"content":{"rendered":"<div id='gallery-1' class='gallery galleryid-161 gallery-columns-4 gallery-size-thumbnail'><figure class='gallery-item'>\n\t\t\t<div class='gallery-icon landscape'>\n\t\t\t\t<a href='https:\/\/www.immobilienbusiness.ch\/wp-content\/uploads\/2016\/12\/Gruenes-Licht-fuer-Halter-Projekt-in-Ostermundigen-Immobilien-Business.jpg'><img loading=\"lazy\" decoding=\"async\" width=\"150\" height=\"150\" src=\"https:\/\/www.immobilienbusiness.ch\/wp-content\/uploads\/2016\/12\/Gruenes-Licht-fuer-Halter-Projekt-in-Ostermundigen-Immobilien-Business-150x150.jpg\" class=\"attachment-thumbnail size-thumbnail\" alt=\"Das Ostermundiger Parlament hat der \u00dcberbauungsordnung f\u00fcr das B\u00e4ren-Areal zugestimmt. Das 150-Millionen-Projekt der Halter AG sieht einen Nutzungsmix.\" aria-describedby=\"gallery-1-163\" srcset=\"https:\/\/www.immobilienbusiness.ch\/wp-content\/uploads\/2016\/12\/Gruenes-Licht-fuer-Halter-Projekt-in-Ostermundigen-Immobilien-Business-150x150.jpg 150w, https:\/\/www.immobilienbusiness.ch\/wp-content\/uploads\/2016\/12\/Gruenes-Licht-fuer-Halter-Projekt-in-Ostermundigen-Immobilien-Business-300x300.jpg 300w, https:\/\/www.immobilienbusiness.ch\/wp-content\/uploads\/2016\/12\/Gruenes-Licht-fuer-Halter-Projekt-in-Ostermundigen-Immobilien-Business-1024x1024.jpg 1024w, https:\/\/www.immobilienbusiness.ch\/wp-content\/uploads\/2016\/12\/Gruenes-Licht-fuer-Halter-Projekt-in-Ostermundigen-Immobilien-Business-768x768.jpg 768w, https:\/\/www.immobilienbusiness.ch\/wp-content\/uploads\/2016\/12\/Gruenes-Licht-fuer-Halter-Projekt-in-Ostermundigen-Immobilien-Business-1536x1536.jpg 1536w, https:\/\/www.immobilienbusiness.ch\/wp-content\/uploads\/2016\/12\/Gruenes-Licht-fuer-Halter-Projekt-in-Ostermundigen-Immobilien-Business-2048x2048.jpg 2048w, https:\/\/www.immobilienbusiness.ch\/wp-content\/uploads\/2016\/12\/Gruenes-Licht-fuer-Halter-Projekt-in-Ostermundigen-Immobilien-Business-12x12.jpg 12w, https:\/\/www.immobilienbusiness.ch\/wp-content\/uploads\/2016\/12\/Gruenes-Licht-fuer-Halter-Projekt-in-Ostermundigen-Immobilien-Business-175x175.jpg 175w, https:\/\/www.immobilienbusiness.ch\/wp-content\/uploads\/2016\/12\/Gruenes-Licht-fuer-Halter-Projekt-in-Ostermundigen-Immobilien-Business-350x350.jpg 350w, https:\/\/www.immobilienbusiness.ch\/wp-content\/uploads\/2016\/12\/Gruenes-Licht-fuer-Halter-Projekt-in-Ostermundigen-Immobilien-Business-800x800.jpg 800w, https:\/\/www.immobilienbusiness.ch\/wp-content\/uploads\/2016\/12\/Gruenes-Licht-fuer-Halter-Projekt-in-Ostermundigen-Immobilien-Business-920x920.jpg 920w, https:\/\/www.immobilienbusiness.ch\/wp-content\/uploads\/2016\/12\/Gruenes-Licht-fuer-Halter-Projekt-in-Ostermundigen-Immobilien-Business-1400x1400.jpg 1400w, https:\/\/www.immobilienbusiness.ch\/wp-content\/uploads\/2016\/12\/Gruenes-Licht-fuer-Halter-Projekt-in-Ostermundigen-Immobilien-Business-250x250.jpg 250w, https:\/\/www.immobilienbusiness.ch\/wp-content\/uploads\/2016\/12\/Gruenes-Licht-fuer-Halter-Projekt-in-Ostermundigen-Immobilien-Business-100x100.jpg 100w\" sizes=\"auto, (max-width: 150px) 100vw, 150px\" \/><\/a>\n\t\t\t<\/div>\n\t\t\t\t<figcaption class='wp-caption-text gallery-caption' id='gallery-1-163'>\n\t\t\t\tLe parlement d'Ostermundigen a approuv\u00e9 le plan de construction pour le site B\u00e4ren. Le projet de 150 millions de la soci\u00e9t\u00e9 Halter AG pr\u00e9voit un m\u00e9lange d'utilisations.\n\t\t\t\t<\/figcaption><\/figure><figure class='gallery-item'>\n\t\t\t<div class='gallery-icon landscape'>\n\t\t\t\t<a href='https:\/\/www.immobilienbusiness.ch\/wp-content\/uploads\/2016\/12\/Gruenes-Licht-fuer-Halter-Projekt-in-Ostermundigen-4-Immobilien-Business.jpg'><img loading=\"lazy\" decoding=\"async\" width=\"150\" height=\"150\" src=\"https:\/\/www.immobilienbusiness.ch\/wp-content\/uploads\/2016\/12\/Gruenes-Licht-fuer-Halter-Projekt-in-Ostermundigen-4-Immobilien-Business-150x150.jpg\" class=\"attachment-thumbnail size-thumbnail\" alt=\"\" srcset=\"https:\/\/www.immobilienbusiness.ch\/wp-content\/uploads\/2016\/12\/Gruenes-Licht-fuer-Halter-Projekt-in-Ostermundigen-4-Immobilien-Business-150x150.jpg 150w, https:\/\/www.immobilienbusiness.ch\/wp-content\/uploads\/2016\/12\/Gruenes-Licht-fuer-Halter-Projekt-in-Ostermundigen-4-Immobilien-Business-250x250.jpg 250w, https:\/\/www.immobilienbusiness.ch\/wp-content\/uploads\/2016\/12\/Gruenes-Licht-fuer-Halter-Projekt-in-Ostermundigen-4-Immobilien-Business-100x100.jpg 100w\" sizes=\"auto, (max-width: 150px) 100vw, 150px\" \/><\/a>\n\t\t\t<\/div><\/figure><figure class='gallery-item'>\n\t\t\t<div class='gallery-icon landscape'>\n\t\t\t\t<a href='https:\/\/www.immobilienbusiness.ch\/wp-content\/uploads\/2016\/12\/Gruenes-Licht-fuer-Halter-Projekt-in-Ostermundigen-3-Immobilien-Business.jpg'><img loading=\"lazy\" decoding=\"async\" width=\"150\" height=\"150\" src=\"https:\/\/www.immobilienbusiness.ch\/wp-content\/uploads\/2016\/12\/Gruenes-Licht-fuer-Halter-Projekt-in-Ostermundigen-3-Immobilien-Business-150x150.jpg\" class=\"attachment-thumbnail size-thumbnail\" alt=\"\" srcset=\"https:\/\/www.immobilienbusiness.ch\/wp-content\/uploads\/2016\/12\/Gruenes-Licht-fuer-Halter-Projekt-in-Ostermundigen-3-Immobilien-Business-150x150.jpg 150w, https:\/\/www.immobilienbusiness.ch\/wp-content\/uploads\/2016\/12\/Gruenes-Licht-fuer-Halter-Projekt-in-Ostermundigen-3-Immobilien-Business-250x250.jpg 250w, https:\/\/www.immobilienbusiness.ch\/wp-content\/uploads\/2016\/12\/Gruenes-Licht-fuer-Halter-Projekt-in-Ostermundigen-3-Immobilien-Business-100x100.jpg 100w\" sizes=\"auto, (max-width: 150px) 100vw, 150px\" \/><\/a>\n\t\t\t<\/div><\/figure><figure class='gallery-item'>\n\t\t\t<div class='gallery-icon landscape'>\n\t\t\t\t<a href='https:\/\/www.immobilienbusiness.ch\/wp-content\/uploads\/2016\/12\/Gruenes-Licht-fuer-Halter-Projekt-in-Ostermundigen-2-Immobilien-Business.jpg'><img loading=\"lazy\" decoding=\"async\" width=\"150\" height=\"150\" src=\"https:\/\/www.immobilienbusiness.ch\/wp-content\/uploads\/2016\/12\/Gruenes-Licht-fuer-Halter-Projekt-in-Ostermundigen-2-Immobilien-Business-150x150.jpg\" class=\"attachment-thumbnail size-thumbnail\" alt=\"\" srcset=\"https:\/\/www.immobilienbusiness.ch\/wp-content\/uploads\/2016\/12\/Gruenes-Licht-fuer-Halter-Projekt-in-Ostermundigen-2-Immobilien-Business-150x150.jpg 150w, https:\/\/www.immobilienbusiness.ch\/wp-content\/uploads\/2016\/12\/Gruenes-Licht-fuer-Halter-Projekt-in-Ostermundigen-2-Immobilien-Business-300x300.jpg 300w, https:\/\/www.immobilienbusiness.ch\/wp-content\/uploads\/2016\/12\/Gruenes-Licht-fuer-Halter-Projekt-in-Ostermundigen-2-Immobilien-Business-1024x1024.jpg 1024w, https:\/\/www.immobilienbusiness.ch\/wp-content\/uploads\/2016\/12\/Gruenes-Licht-fuer-Halter-Projekt-in-Ostermundigen-2-Immobilien-Business-768x768.jpg 768w, https:\/\/www.immobilienbusiness.ch\/wp-content\/uploads\/2016\/12\/Gruenes-Licht-fuer-Halter-Projekt-in-Ostermundigen-2-Immobilien-Business-1536x1536.jpg 1536w, https:\/\/www.immobilienbusiness.ch\/wp-content\/uploads\/2016\/12\/Gruenes-Licht-fuer-Halter-Projekt-in-Ostermundigen-2-Immobilien-Business-2048x2048.jpg 2048w, https:\/\/www.immobilienbusiness.ch\/wp-content\/uploads\/2016\/12\/Gruenes-Licht-fuer-Halter-Projekt-in-Ostermundigen-2-Immobilien-Business-12x12.jpg 12w, https:\/\/www.immobilienbusiness.ch\/wp-content\/uploads\/2016\/12\/Gruenes-Licht-fuer-Halter-Projekt-in-Ostermundigen-2-Immobilien-Business-175x175.jpg 175w, https:\/\/www.immobilienbusiness.ch\/wp-content\/uploads\/2016\/12\/Gruenes-Licht-fuer-Halter-Projekt-in-Ostermundigen-2-Immobilien-Business-350x350.jpg 350w, https:\/\/www.immobilienbusiness.ch\/wp-content\/uploads\/2016\/12\/Gruenes-Licht-fuer-Halter-Projekt-in-Ostermundigen-2-Immobilien-Business-800x800.jpg 800w, https:\/\/www.immobilienbusiness.ch\/wp-content\/uploads\/2016\/12\/Gruenes-Licht-fuer-Halter-Projekt-in-Ostermundigen-2-Immobilien-Business-920x920.jpg 920w, https:\/\/www.immobilienbusiness.ch\/wp-content\/uploads\/2016\/12\/Gruenes-Licht-fuer-Halter-Projekt-in-Ostermundigen-2-Immobilien-Business-1400x1400.jpg 1400w, https:\/\/www.immobilienbusiness.ch\/wp-content\/uploads\/2016\/12\/Gruenes-Licht-fuer-Halter-Projekt-in-Ostermundigen-2-Immobilien-Business-250x250.jpg 250w, https:\/\/www.immobilienbusiness.ch\/wp-content\/uploads\/2016\/12\/Gruenes-Licht-fuer-Halter-Projekt-in-Ostermundigen-2-Immobilien-Business-100x100.jpg 100w\" sizes=\"auto, (max-width: 150px) 100vw, 150px\" \/><\/a>\n\t\t\t<\/div><\/figure>\n\t\t<\/div>\n\n<p><em>Visualisation : Centre B\u00e4ren<\/em><\/p>\n<p>Avant que la construction ne puisse commencer, la population devra probablement se prononcer en novembre. Un autre obstacle est constitu\u00e9 par les trois oppositions en suspens contre le plan de quartier, sur lesquelles le canton devrait se prononcer l'ann\u00e9e prochaine. Dans le meilleur des cas, les travaux de construction pourront commencer en 2017. Dans ce cas, la tour serait pr\u00eate \u00e0 \u00eatre occup\u00e9e au plus t\u00f4t en 2019. (ah)<\/p>","protected":false},"excerpt":{"rendered":"<p>Le parlement d'Ostermundigen a approuv\u00e9 le plan de construction pour le site B\u00e4ren. Les bases sont donc d\u00e9sormais pos\u00e9es pour la construction d'une tour de 100 m\u00e8tres de haut sur le terrain situ\u00e9 juste \u00e0 c\u00f4t\u00e9 de la gare. Le projet de 150 millions de la soci\u00e9t\u00e9 Halter AG pr\u00e9voit un m\u00e9lange d'utilisations avec un h\u00f4tel, des appartements, des bureaux et des magasins.<\/p>","protected":false},"author":6,"featured_media":163,"comment_status":"open","ping_status":"open","sticky":false,"template":"","format":"standard","meta":{"_acf_changed":false,"_yoast_wpseo_focuskw":"Halter Projekt Ostermundigen","_yoast_wpseo_title":"Halter Projekt Ostermundigen: Gr\u00fcnes Licht f\u00fcr Grossbaustelle","_yoast_wpseo_metadesc":"Das Halter-Projekt in Ostermundigen erh\u00e4lt die Zustimmung des Parlaments. Die \u00dcberbauungsordnung und Einsprachen pr\u00e4gen den Zeitplan.","_yoast_wpseo_linkdex":41,"pgc_sgb_lightbox_settings":"","footnotes":""},"categories":[983,986],"tags":[1068,1118,1291,1308,1313,1547,1600,1862],"class_list":["post-161","post","type-post","status-publish","format-standard","has-post-thumbnail","hentry","category-buero","category-residential","tag-baeren-areal","tag-buero","tag-halter-ag","tag-hochhaus","tag-hotel","tag-ostermundigen","tag-projekt-in-planung","tag-wohnen"],"acf":[],"yoast_head":"<!-- This site is optimized with the Yoast SEO plugin v27.4 - https:\/\/yoast.com\/product\/yoast-seo-wordpress\/ -->\n<title>Halter Projekt Ostermundigen: Gr\u00fcnes Licht f\u00fcr Grossbaustelle<\/title>\n<meta name=\"description\" content=\"Das Halter-Projekt in Ostermundigen erh\u00e4lt die Zustimmung des Parlaments. Die \u00dcberbauungsordnung und Einsprachen pr\u00e4gen den Zeitplan.\" \/>\n<meta name=\"robots\" content=\"index, follow, max-snippet:-1, max-image-preview:large, max-video-preview:-1\" \/>\n<link rel=\"canonical\" href=\"https:\/\/www.immobilienbusiness.ch\/fr\/buero\/2015-07-06\/gruenes-licht-fuer-halter-projekt-in-ostermundigen\/\" \/>\n<meta property=\"og:locale\" content=\"fr_FR\" \/>\n<meta property=\"og:type\" content=\"article\" \/>\n<meta property=\"og:title\" content=\"Gr\u00fcnes Licht f\u00fcr Halter-Projekt in Ostermundigen\" \/>\n<meta property=\"og:description\" content=\"Das Ostermundiger Parlament hat der \u00dcberbauungsordnung f\u00fcr das B\u00e4ren-Areal zugestimmt. Damit ist nun die Grundlage geschaffen f\u00fcr den Bau eines 100 Meter hohen Hochhauses auf dem Gel\u00e4nde direkt neben dem Bahnhof. Das 150-Millionen-Projekt der Halter AG sieht einen Nutzungsmix mit Hotel, Wohnungen, B\u00fcros und L\u00e4den vor.\" \/>\n<meta property=\"og:url\" content=\"https:\/\/www.immobilienbusiness.ch\/fr\/buero\/2015-07-06\/gruenes-licht-fuer-halter-projekt-in-ostermundigen\/\" \/>\n<meta property=\"og:site_name\" content=\"IMMOBILIEN Business\" \/>\n<meta property=\"article:publisher\" content=\"https:\/\/www.facebook.com\/immobilienbusiness\/\" \/>\n<meta property=\"article:published_time\" content=\"2015-07-06T07:57:14+00:00\" \/>\n<meta name=\"author\" content=\"galledia\" \/>\n<meta name=\"twitter:card\" content=\"summary_large_image\" \/>\n<meta name=\"twitter:title\" content=\"Gr\u00fcnes Licht f\u00fcr Halter-Projekt in Ostermundigen\" \/>\n<meta name=\"twitter:description\" content=\"Das Ostermundiger Parlament hat der \u00dcberbauungsordnung f\u00fcr das B\u00e4ren-Areal zugestimmt. Damit ist nun die Grundlage geschaffen f\u00fcr den Bau eines 100 Meter hohen Hochhauses auf dem Gel\u00e4nde direkt neben dem Bahnhof. Das 150-Millionen-Projekt der Halter AG sieht einen Nutzungsmix mit Hotel, Wohnungen, B\u00fcros und L\u00e4den vor.\" \/>\n<meta name=\"twitter:image\" content=\"http:\/\/dev.immobilienbusiness.ch\/wp-content\/uploads\/2016\/12\/Gr\u00fcnes-Licht-f\u00fcr-Halter-Projekt-in-Ostermundigen-Immobilien-Business.jpg\" \/>\n<script type=\"application\/ld+json\" class=\"yoast-schema-graph\">{\"@context\":\"https:\\\/\\\/schema.org\",\"@graph\":[{\"@type\":\"Article\",\"@id\":\"https:\\\/\\\/www.immobilienbusiness.ch\\\/it\\\/buero\\\/2015-07-06\\\/gruenes-licht-fuer-halter-projekt-in-ostermundigen\\\/#article\",\"isPartOf\":{\"@id\":\"https:\\\/\\\/www.immobilienbusiness.ch\\\/it\\\/buero\\\/2015-07-06\\\/gruenes-licht-fuer-halter-projekt-in-ostermundigen\\\/\"},\"author\":{\"name\":\"galledia\",\"@id\":\"https:\\\/\\\/www.immobilienbusiness.ch\\\/#\\\/schema\\\/person\\\/92ab48f1f614a7730a86f4fd946983ca\"},\"headline\":\"Gr\u00fcnes Licht f\u00fcr Halter-Projekt in Ostermundigen\",\"datePublished\":\"2015-07-06T07:57:14+00:00\",\"mainEntityOfPage\":{\"@id\":\"https:\\\/\\\/www.immobilienbusiness.ch\\\/it\\\/buero\\\/2015-07-06\\\/gruenes-licht-fuer-halter-projekt-in-ostermundigen\\\/\"},\"wordCount\":79,\"commentCount\":0,\"publisher\":{\"@id\":\"https:\\\/\\\/www.immobilienbusiness.ch\\\/#organization\"},\"image\":{\"@id\":\"https:\\\/\\\/www.immobilienbusiness.ch\\\/it\\\/buero\\\/2015-07-06\\\/gruenes-licht-fuer-halter-projekt-in-ostermundigen\\\/#primaryimage\"},\"thumbnailUrl\":\"https:\\\/\\\/www.immobilienbusiness.ch\\\/wp-content\\\/uploads\\\/2016\\\/12\\\/Gruenes-Licht-fuer-Halter-Projekt-in-Ostermundigen-Immobilien-Business.jpg\",\"keywords\":[\"B\u00e4ren-Areal\",\"B\u00fcro\",\"Halter AG\",\"Hochhaus\",\"Hotel\",\"Ostermundigen\",\"Projekt in Planung\",\"Wohnen\"],\"articleSection\":[\"B\u00dcRO\",\"RESIDENTIAL\"],\"inLanguage\":\"fr-FR\"},{\"@type\":\"WebPage\",\"@id\":\"https:\\\/\\\/www.immobilienbusiness.ch\\\/it\\\/buero\\\/2015-07-06\\\/gruenes-licht-fuer-halter-projekt-in-ostermundigen\\\/\",\"url\":\"https:\\\/\\\/www.immobilienbusiness.ch\\\/it\\\/buero\\\/2015-07-06\\\/gruenes-licht-fuer-halter-projekt-in-ostermundigen\\\/\",\"name\":\"Halter Projekt Ostermundigen: Gr\u00fcnes Licht f\u00fcr Grossbaustelle\",\"isPartOf\":{\"@id\":\"https:\\\/\\\/www.immobilienbusiness.ch\\\/#website\"},\"primaryImageOfPage\":{\"@id\":\"https:\\\/\\\/www.immobilienbusiness.ch\\\/it\\\/buero\\\/2015-07-06\\\/gruenes-licht-fuer-halter-projekt-in-ostermundigen\\\/#primaryimage\"},\"image\":{\"@id\":\"https:\\\/\\\/www.immobilienbusiness.ch\\\/it\\\/buero\\\/2015-07-06\\\/gruenes-licht-fuer-halter-projekt-in-ostermundigen\\\/#primaryimage\"},\"thumbnailUrl\":\"https:\\\/\\\/www.immobilienbusiness.ch\\\/wp-content\\\/uploads\\\/2016\\\/12\\\/Gruenes-Licht-fuer-Halter-Projekt-in-Ostermundigen-Immobilien-Business.jpg\",\"datePublished\":\"2015-07-06T07:57:14+00:00\",\"description\":\"Das Halter-Projekt in Ostermundigen erh\u00e4lt die Zustimmung des Parlaments. Die \u00dcberbauungsordnung und Einsprachen pr\u00e4gen den Zeitplan.\",\"breadcrumb\":{\"@id\":\"https:\\\/\\\/www.immobilienbusiness.ch\\\/it\\\/buero\\\/2015-07-06\\\/gruenes-licht-fuer-halter-projekt-in-ostermundigen\\\/#breadcrumb\"},\"inLanguage\":\"fr-FR\",\"potentialAction\":[{\"@type\":\"ReadAction\",\"target\":[\"https:\\\/\\\/www.immobilienbusiness.ch\\\/it\\\/buero\\\/2015-07-06\\\/gruenes-licht-fuer-halter-projekt-in-ostermundigen\\\/\"]}]},{\"@type\":\"ImageObject\",\"inLanguage\":\"fr-FR\",\"@id\":\"https:\\\/\\\/www.immobilienbusiness.ch\\\/it\\\/buero\\\/2015-07-06\\\/gruenes-licht-fuer-halter-projekt-in-ostermundigen\\\/#primaryimage\",\"url\":\"https:\\\/\\\/www.immobilienbusiness.ch\\\/wp-content\\\/uploads\\\/2016\\\/12\\\/Gruenes-Licht-fuer-Halter-Projekt-in-Ostermundigen-Immobilien-Business.jpg\",\"contentUrl\":\"https:\\\/\\\/www.immobilienbusiness.ch\\\/wp-content\\\/uploads\\\/2016\\\/12\\\/Gruenes-Licht-fuer-Halter-Projekt-in-Ostermundigen-Immobilien-Business.jpg\",\"width\":2400,\"height\":2400,\"caption\":\"Das Ostermundiger Parlament hat der \u00dcberbauungsordnung f\u00fcr das B\u00e4ren-Areal zugestimmt. Das 150-Millionen-Projekt der Halter AG sieht einen Nutzungsmix.\"},{\"@type\":\"BreadcrumbList\",\"@id\":\"https:\\\/\\\/www.immobilienbusiness.ch\\\/it\\\/buero\\\/2015-07-06\\\/gruenes-licht-fuer-halter-projekt-in-ostermundigen\\\/#breadcrumb\",\"itemListElement\":[{\"@type\":\"ListItem\",\"position\":1,\"name\":\"Home\",\"item\":\"https:\\\/\\\/www.immobilienbusiness.ch\\\/\"},{\"@type\":\"ListItem\",\"position\":2,\"name\":\"Gr\u00fcnes Licht f\u00fcr Halter-Projekt in Ostermundigen\"}]},{\"@type\":\"WebSite\",\"@id\":\"https:\\\/\\\/www.immobilienbusiness.ch\\\/#website\",\"url\":\"https:\\\/\\\/www.immobilienbusiness.ch\\\/\",\"name\":\"IMMOBILIEN Business\",\"description\":\"Unabh\u00e4ngiges Schweizer Wirtschaftsmagazin mit Fokus auf Immobilien, Architektur- und Bau sowie Investment- und Finanzierung.\",\"publisher\":{\"@id\":\"https:\\\/\\\/www.immobilienbusiness.ch\\\/#organization\"},\"potentialAction\":[{\"@type\":\"SearchAction\",\"target\":{\"@type\":\"EntryPoint\",\"urlTemplate\":\"https:\\\/\\\/www.immobilienbusiness.ch\\\/?s={search_term_string}\"},\"query-input\":{\"@type\":\"PropertyValueSpecification\",\"valueRequired\":true,\"valueName\":\"search_term_string\"}}],\"inLanguage\":\"fr-FR\"},{\"@type\":\"Organization\",\"@id\":\"https:\\\/\\\/www.immobilienbusiness.ch\\\/#organization\",\"name\":\"IMMOBILIEN Business\",\"url\":\"https:\\\/\\\/www.immobilienbusiness.ch\\\/\",\"logo\":{\"@type\":\"ImageObject\",\"inLanguage\":\"fr-FR\",\"@id\":\"https:\\\/\\\/www.immobilienbusiness.ch\\\/#\\\/schema\\\/logo\\\/image\\\/\",\"url\":\"https:\\\/\\\/www.immobilienbusiness.ch\\\/wp-content\\\/uploads\\\/2021\\\/07\\\/logo_ib.png\",\"contentUrl\":\"https:\\\/\\\/www.immobilienbusiness.ch\\\/wp-content\\\/uploads\\\/2021\\\/07\\\/logo_ib.png\",\"width\":800,\"height\":181,\"caption\":\"IMMOBILIEN Business\"},\"image\":{\"@id\":\"https:\\\/\\\/www.immobilienbusiness.ch\\\/#\\\/schema\\\/logo\\\/image\\\/\"},\"sameAs\":[\"https:\\\/\\\/www.facebook.com\\\/immobilienbusiness\\\/\"]},{\"@type\":\"Person\",\"@id\":\"https:\\\/\\\/www.immobilienbusiness.ch\\\/#\\\/schema\\\/person\\\/92ab48f1f614a7730a86f4fd946983ca\",\"name\":\"galledia\",\"image\":{\"@type\":\"ImageObject\",\"inLanguage\":\"fr-FR\",\"@id\":\"https:\\\/\\\/secure.gravatar.com\\\/avatar\\\/?s=96&d=mm&r=g\",\"url\":\"https:\\\/\\\/secure.gravatar.com\\\/avatar\\\/?s=96&d=mm&r=g\",\"contentUrl\":\"https:\\\/\\\/secure.gravatar.com\\\/avatar\\\/?s=96&d=mm&r=g\",\"caption\":\"galledia\"},\"url\":\"https:\\\/\\\/www.immobilienbusiness.ch\\\/fr\\\/author\\\/galledia\\\/\"}]}<\/script>\n<!-- \/ Yoast SEO plugin. -->","yoast_head_json":{"title":"Halter Projekt Ostermundigen: Gr\u00fcnes Licht f\u00fcr Grossbaustelle","description":"Das Halter-Projekt in Ostermundigen erh\u00e4lt die Zustimmung des Parlaments. Die \u00dcberbauungsordnung und Einsprachen pr\u00e4gen den Zeitplan.","robots":{"index":"index","follow":"follow","max-snippet":"max-snippet:-1","max-image-preview":"max-image-preview:large","max-video-preview":"max-video-preview:-1"},"canonical":"https:\/\/www.immobilienbusiness.ch\/fr\/buero\/2015-07-06\/gruenes-licht-fuer-halter-projekt-in-ostermundigen\/","og_locale":"fr_FR","og_type":"article","og_title":"Gr\u00fcnes Licht f\u00fcr Halter-Projekt in Ostermundigen","og_description":"Das Ostermundiger Parlament hat der \u00dcberbauungsordnung f\u00fcr das B\u00e4ren-Areal zugestimmt. Damit ist nun die Grundlage geschaffen f\u00fcr den Bau eines 100 Meter hohen Hochhauses auf dem Gel\u00e4nde direkt neben dem Bahnhof. Das 150-Millionen-Projekt der Halter AG sieht einen Nutzungsmix mit Hotel, Wohnungen, B\u00fcros und L\u00e4den vor.","og_url":"https:\/\/www.immobilienbusiness.ch\/fr\/buero\/2015-07-06\/gruenes-licht-fuer-halter-projekt-in-ostermundigen\/","og_site_name":"IMMOBILIEN Business","article_publisher":"https:\/\/www.facebook.com\/immobilienbusiness\/","article_published_time":"2015-07-06T07:57:14+00:00","author":"galledia","twitter_card":"summary_large_image","twitter_title":"Gr\u00fcnes Licht f\u00fcr Halter-Projekt in Ostermundigen","twitter_description":"Das Ostermundiger Parlament hat der \u00dcberbauungsordnung f\u00fcr das B\u00e4ren-Areal zugestimmt. Damit ist nun die Grundlage geschaffen f\u00fcr den Bau eines 100 Meter hohen Hochhauses auf dem Gel\u00e4nde direkt neben dem Bahnhof. Das 150-Millionen-Projekt der Halter AG sieht einen Nutzungsmix mit Hotel, Wohnungen, B\u00fcros und L\u00e4den vor.","twitter_image":"http:\/\/dev.immobilienbusiness.ch\/wp-content\/uploads\/2016\/12\/Gr\u00fcnes-Licht-f\u00fcr-Halter-Projekt-in-Ostermundigen-Immobilien-Business.jpg","schema":{"@context":"https:\/\/schema.org","@graph":[{"@type":"Article","@id":"https:\/\/www.immobilienbusiness.ch\/it\/buero\/2015-07-06\/gruenes-licht-fuer-halter-projekt-in-ostermundigen\/#article","isPartOf":{"@id":"https:\/\/www.immobilienbusiness.ch\/it\/buero\/2015-07-06\/gruenes-licht-fuer-halter-projekt-in-ostermundigen\/"},"author":{"name":"galledia","@id":"https:\/\/www.immobilienbusiness.ch\/#\/schema\/person\/92ab48f1f614a7730a86f4fd946983ca"},"headline":"Gr\u00fcnes Licht f\u00fcr Halter-Projekt in Ostermundigen","datePublished":"2015-07-06T07:57:14+00:00","mainEntityOfPage":{"@id":"https:\/\/www.immobilienbusiness.ch\/it\/buero\/2015-07-06\/gruenes-licht-fuer-halter-projekt-in-ostermundigen\/"},"wordCount":79,"commentCount":0,"publisher":{"@id":"https:\/\/www.immobilienbusiness.ch\/#organization"},"image":{"@id":"https:\/\/www.immobilienbusiness.ch\/it\/buero\/2015-07-06\/gruenes-licht-fuer-halter-projekt-in-ostermundigen\/#primaryimage"},"thumbnailUrl":"https:\/\/www.immobilienbusiness.ch\/wp-content\/uploads\/2016\/12\/Gruenes-Licht-fuer-Halter-Projekt-in-Ostermundigen-Immobilien-Business.jpg","keywords":["B\u00e4ren-Areal","B\u00fcro","Halter AG","Hochhaus","Hotel","Ostermundigen","Projekt in Planung","Wohnen"],"articleSection":["B\u00dcRO","RESIDENTIAL"],"inLanguage":"fr-FR"},{"@type":"WebPage","@id":"https:\/\/www.immobilienbusiness.ch\/it\/buero\/2015-07-06\/gruenes-licht-fuer-halter-projekt-in-ostermundigen\/","url":"https:\/\/www.immobilienbusiness.ch\/it\/buero\/2015-07-06\/gruenes-licht-fuer-halter-projekt-in-ostermundigen\/","name":"Halter Projekt Ostermundigen: Gr\u00fcnes Licht f\u00fcr Grossbaustelle","isPartOf":{"@id":"https:\/\/www.immobilienbusiness.ch\/#website"},"primaryImageOfPage":{"@id":"https:\/\/www.immobilienbusiness.ch\/it\/buero\/2015-07-06\/gruenes-licht-fuer-halter-projekt-in-ostermundigen\/#primaryimage"},"image":{"@id":"https:\/\/www.immobilienbusiness.ch\/it\/buero\/2015-07-06\/gruenes-licht-fuer-halter-projekt-in-ostermundigen\/#primaryimage"},"thumbnailUrl":"https:\/\/www.immobilienbusiness.ch\/wp-content\/uploads\/2016\/12\/Gruenes-Licht-fuer-Halter-Projekt-in-Ostermundigen-Immobilien-Business.jpg","datePublished":"2015-07-06T07:57:14+00:00","description":"Das Halter-Projekt in Ostermundigen erh\u00e4lt die Zustimmung des Parlaments. Die \u00dcberbauungsordnung und Einsprachen pr\u00e4gen den Zeitplan.","breadcrumb":{"@id":"https:\/\/www.immobilienbusiness.ch\/it\/buero\/2015-07-06\/gruenes-licht-fuer-halter-projekt-in-ostermundigen\/#breadcrumb"},"inLanguage":"fr-FR","potentialAction":[{"@type":"ReadAction","target":["https:\/\/www.immobilienbusiness.ch\/it\/buero\/2015-07-06\/gruenes-licht-fuer-halter-projekt-in-ostermundigen\/"]}]},{"@type":"ImageObject","inLanguage":"fr-FR","@id":"https:\/\/www.immobilienbusiness.ch\/it\/buero\/2015-07-06\/gruenes-licht-fuer-halter-projekt-in-ostermundigen\/#primaryimage","url":"https:\/\/www.immobilienbusiness.ch\/wp-content\/uploads\/2016\/12\/Gruenes-Licht-fuer-Halter-Projekt-in-Ostermundigen-Immobilien-Business.jpg","contentUrl":"https:\/\/www.immobilienbusiness.ch\/wp-content\/uploads\/2016\/12\/Gruenes-Licht-fuer-Halter-Projekt-in-Ostermundigen-Immobilien-Business.jpg","width":2400,"height":2400,"caption":"Das Ostermundiger Parlament hat der \u00dcberbauungsordnung f\u00fcr das B\u00e4ren-Areal zugestimmt. Das 150-Millionen-Projekt der Halter AG sieht einen Nutzungsmix."},{"@type":"BreadcrumbList","@id":"https:\/\/www.immobilienbusiness.ch\/it\/buero\/2015-07-06\/gruenes-licht-fuer-halter-projekt-in-ostermundigen\/#breadcrumb","itemListElement":[{"@type":"ListItem","position":1,"name":"Home","item":"https:\/\/www.immobilienbusiness.ch\/"},{"@type":"ListItem","position":2,"name":"Gr\u00fcnes Licht f\u00fcr Halter-Projekt in Ostermundigen"}]},{"@type":"WebSite","@id":"https:\/\/www.immobilienbusiness.ch\/#website","url":"https:\/\/www.immobilienbusiness.ch\/","name":"IMMOBILIER Business","description":"Magazine \u00e9conomique suisse ind\u00e9pendant ax\u00e9 sur l'immobilier, l'architecture et la construction ainsi que sur les investissements et le financement.","publisher":{"@id":"https:\/\/www.immobilienbusiness.ch\/#organization"},"potentialAction":[{"@type":"SearchAction","target":{"@type":"EntryPoint","urlTemplate":"https:\/\/www.immobilienbusiness.ch\/?s={search_term_string}"},"query-input":{"@type":"PropertyValueSpecification","valueRequired":true,"valueName":"search_term_string"}}],"inLanguage":"fr-FR"},{"@type":"Organization","@id":"https:\/\/www.immobilienbusiness.ch\/#organization","name":"IMMOBILIER Business","url":"https:\/\/www.immobilienbusiness.ch\/","logo":{"@type":"ImageObject","inLanguage":"fr-FR","@id":"https:\/\/www.immobilienbusiness.ch\/#\/schema\/logo\/image\/","url":"https:\/\/www.immobilienbusiness.ch\/wp-content\/uploads\/2021\/07\/logo_ib.png","contentUrl":"https:\/\/www.immobilienbusiness.ch\/wp-content\/uploads\/2021\/07\/logo_ib.png","width":800,"height":181,"caption":"IMMOBILIEN Business"},"image":{"@id":"https:\/\/www.immobilienbusiness.ch\/#\/schema\/logo\/image\/"},"sameAs":["https:\/\/www.facebook.com\/immobilienbusiness\/"]},{"@type":"Person","@id":"https:\/\/www.immobilienbusiness.ch\/#\/schema\/person\/92ab48f1f614a7730a86f4fd946983ca","name":"galledia","image":{"@type":"ImageObject","inLanguage":"fr-FR","@id":"https:\/\/secure.gravatar.com\/avatar\/?s=96&d=mm&r=g","url":"https:\/\/secure.gravatar.com\/avatar\/?s=96&d=mm&r=g","contentUrl":"https:\/\/secure.gravatar.com\/avatar\/?s=96&d=mm&r=g","caption":"galledia"},"url":"https:\/\/www.immobilienbusiness.ch\/fr\/author\/galledia\/"}]}},"_links":{"self":[{"href":"https:\/\/www.immobilienbusiness.ch\/fr\/wp-json\/wp\/v2\/posts\/161","targetHints":{"allow":["GET"]}}],"collection":[{"href":"https:\/\/www.immobilienbusiness.ch\/fr\/wp-json\/wp\/v2\/posts"}],"about":[{"href":"https:\/\/www.immobilienbusiness.ch\/fr\/wp-json\/wp\/v2\/types\/post"}],"author":[{"embeddable":true,"href":"https:\/\/www.immobilienbusiness.ch\/fr\/wp-json\/wp\/v2\/users\/6"}],"replies":[{"embeddable":true,"href":"https:\/\/www.immobilienbusiness.ch\/fr\/wp-json\/wp\/v2\/comments?post=161"}],"version-history":[{"count":0,"href":"https:\/\/www.immobilienbusiness.ch\/fr\/wp-json\/wp\/v2\/posts\/161\/revisions"}],"wp:featuredmedia":[{"embeddable":true,"href":"https:\/\/www.immobilienbusiness.ch\/fr\/wp-json\/wp\/v2\/media\/163"}],"wp:attachment":[{"href":"https:\/\/www.immobilienbusiness.ch\/fr\/wp-json\/wp\/v2\/media?parent=161"}],"wp:term":[{"taxonomy":"category","embeddable":true,"href":"https:\/\/www.immobilienbusiness.ch\/fr\/wp-json\/wp\/v2\/categories?post=161"},{"taxonomy":"post_tag","embeddable":true,"href":"https:\/\/www.immobilienbusiness.ch\/fr\/wp-json\/wp\/v2\/tags?post=161"}],"curies":[{"name":"wp","href":"https:\/\/api.w.org\/{rel}","templated":true}]}}