{"id":16049,"date":"2019-02-27T09:25:56","date_gmt":"2019-02-27T08:25:56","guid":{"rendered":"https:\/\/www.immobilienbusiness.ch\/?p=16049"},"modified":"2019-02-27T09:25:56","modified_gmt":"2019-02-27T08:25:56","slug":"implenia-stellt-sich-neu-auf","status":"publish","type":"post","link":"https:\/\/www.immobilienbusiness.ch\/fr\/unternehmen\/2019-02-27\/implenia-stellt-sich-neu-auf\/","title":{"rendered":"Implenia se r\u00e9organise"},"content":{"rendered":"<figure id=\"attachment_16052\" aria-describedby=\"caption-attachment-16052\" style=\"width: 680px\" class=\"wp-caption alignnone\"><img loading=\"lazy\" decoding=\"async\" class=\"size-medium wp-image-16052\" src=\"https:\/\/www.immobilienbusiness.ch\/wp-content\/uploads\/2019\/02\/Schl\u00fcsselprojekt-Gesch\u00e4ftsbericht-2018-Slussen-SN843_Internet_3040.jpg\" alt=\"\" width=\"680\" height=\"453\" \/><figcaption id=\"caption-attachment-16052\" class=\"wp-caption-text\">Implenia se dote d'une nouvelle structure (Image : Implenia)<\/figcaption><\/figure>\n<p>Au cours de l'exercice 2018, Implenia a nettement augment\u00e9 son chiffre d'affaires consolid\u00e9, qui est pass\u00e9 d'environ 3,86 milliards \u00e0 4,36 milliards de CHF, notamment gr\u00e2ce au segment Infrastructure. La rentabilit\u00e9 a toutefois \u00e9t\u00e9 r\u00e9duite en raison de la<a href=\"https:\/\/www.immobilienbusiness.ch\/fr\/implenia-rechnet-mit-weniger-gewinn\/\"> corrections de valeur annonc\u00e9es en d\u00e9cembre<\/a> a nettement pes\u00e9 sur le r\u00e9sultat. L'EBITDA s'\u00e9l\u00e8ve \u00e0 89,7 millions, contre 173,8 millions pour l'exercice 2017. L'EBIT des secteurs d'activit\u00e9 hors PPA cote \u00e0 40,6 millions (contre 103,2 millions l'ann\u00e9e pr\u00e9c\u00e9dente). Le ratio de fonds propres s'\u00e9l\u00e8ve \u00e0 20,5%.<\/p>\n<p>L'examen des risques entrepreneuriaux et \u00e9conomiques a r\u00e9v\u00e9l\u00e9 des probl\u00e8mes dans quelques unit\u00e9s et projets isol\u00e9s, indique le groupe de construction. Cela concerne en particulier la Norv\u00e8ge, le sud du Bade ainsi qu'une filiale d'Implenia Construction Germany en Pologne.<\/p>\n<h2>Des changements \u00e0 l'\u00e9tage de la direction<\/h2>\n<p>A l'avenir, Implenia entend s'organiser en divisions entrepreneuriales ainsi qu'en fonctions globales et en un centre de comp\u00e9tences. La nouvelle direction - l'Executive Committee - se compose d'Andr\u00e9 Wyss (CEO), d'Adrian Wyss (directeur de la division D\u00e9veloppement et directeur de la division Sp\u00e9cialit\u00e9s a.i.), de Jens Vollmar (directeur de la division B\u00e2timent), de Ren\u00e9 Kotacka (directeur de la division G\u00e9nie civil), de German Gr\u00fcniger (General Counsel) et de Matthias Jacob (Head Country Management).<\/p>\n<p>Beat Fellmann, jusqu'ici CFO, quitte l'entreprise. Marco Dirren (n\u00e9 en 1973), actuellement CFO de la division Infrastructure des CFF, a \u00e9t\u00e9 choisi pour lui succ\u00e9der. Christelle Beneteau devient la nouvelle Chief Human Resources Officer (CHRO) d'Implenia, elle \u00e9tait derni\u00e8rement Global Head of HR Business Partnering et Corporate HR Head chez LafargeHolcim. Benetau et Dirren prendront leurs nouvelles fonctions chez Implenia \u00e0 partir du 1er mai 2019.<\/p>\n<p>D'autres changements interviennent au sein de la direction : Christof G\u00e4mperle, directeur de la division Autriche &amp; Roumanie, quittera Implenia, mais continuera d'assumer ses fonctions \u00e0 titre int\u00e9rimaire. Thomas Foery, directeur des ressources humaines, et Stefan Roth, directeur de la division Construction Germany, quittent la direction \u00e9largie. Foery continuera d'assurer ses fonctions par int\u00e9rim. Andr\u00e9 M\u00e9tral, directeur de la division Construction Suisse, quitte la direction. Il reste toutefois chez Implenia et conserve son r\u00f4le actuel.<\/p>\n<p>L'ann\u00e9e 2019 sera une \"ann\u00e9e de transition\" au cours de laquelle il s'agira de stabiliser l'activit\u00e9 et de cr\u00e9er les conditions d'une croissance rentable, poursuit l'entreprise. Pour l'exercice en cours, l'EBITDA devrait \u00eatre sup\u00e9rieur \u00e0 150 millions avant investissements dans la mise en \u0153uvre de la strat\u00e9gie. Ces investissements sont actuellement estim\u00e9s \u00e0 environ 20 millions. A moyen terme, le groupe confirme son objectif d'une marge EBITDA comprise entre 5,25% et 5,75%.<\/p>\n<p>Le Conseil d'administration a d\u00e9cid\u00e9 de proposer \u00e0 l'Assembl\u00e9e g\u00e9n\u00e9rale d'Implenia SA du 26 mars 2019 le versement d'un dividende r\u00e9duit de CHF 0,50 par action (2017 : CHF 2,00 par action). <em>(ah)<\/em><\/p>","protected":false},"excerpt":{"rendered":"<p>Implenia annonce une forte baisse de ses b\u00e9n\u00e9fices pour l'exercice 2018, malgr\u00e9 la croissance de son chiffre d'affaires. Afin de bien se positionner pour l'avenir, le groupe se dote d'une nouvelle structure. <\/p>","protected":false},"author":3,"featured_media":16052,"comment_status":"closed","ping_status":"open","sticky":false,"template":"","format":"standard","meta":{"_acf_changed":false,"_yoast_wpseo_focuskw":"Implenia","_yoast_wpseo_title":"","_yoast_wpseo_metadesc":"Implenia hat im Gesch\u00e4ftsjahr 2018 einen Gewinneinbruch erlitten. Um sich f\u00fcr die Zukunft gut aufzustellen, gibt sich der Konzern eine neue Struktur.","_yoast_wpseo_linkdex":86,"pgc_sgb_lightbox_settings":"","footnotes":""},"categories":[988],"tags":[1262,1263,1359,1517],"class_list":["post-16049","post","type-post","status-publish","format-standard","has-post-thumbnail","hentry","category-unternehmen","tag-geschaeftsbericht","tag-geschaeftsjahr","tag-implenia","tag-neuausrichtung"],"acf":[],"yoast_head":"<!-- This site is optimized with the Yoast SEO plugin v27.5 - https:\/\/yoast.com\/product\/yoast-seo-wordpress\/ -->\n<title>Implenia stellt sich neu auf - IMMOBILIEN Business<\/title>\n<meta name=\"description\" content=\"Implenia hat im Gesch\u00e4ftsjahr 2018 einen Gewinneinbruch erlitten. Um sich f\u00fcr die Zukunft gut aufzustellen, gibt sich der Konzern eine neue Struktur.\" \/>\n<meta name=\"robots\" content=\"index, follow, max-snippet:-1, max-image-preview:large, max-video-preview:-1\" \/>\n<link rel=\"canonical\" href=\"https:\/\/www.immobilienbusiness.ch\/fr\/unternehmen\/2019-02-27\/implenia-stellt-sich-neu-auf\/\" \/>\n<meta property=\"og:locale\" content=\"fr_FR\" \/>\n<meta property=\"og:type\" content=\"article\" \/>\n<meta property=\"og:title\" content=\"Implenia stellt sich neu auf - IMMOBILIEN Business\" \/>\n<meta property=\"og:description\" content=\"Implenia hat im Gesch\u00e4ftsjahr 2018 einen Gewinneinbruch erlitten. Um sich f\u00fcr die Zukunft gut aufzustellen, gibt sich der Konzern eine neue Struktur.\" \/>\n<meta property=\"og:url\" content=\"https:\/\/www.immobilienbusiness.ch\/fr\/unternehmen\/2019-02-27\/implenia-stellt-sich-neu-auf\/\" \/>\n<meta property=\"og:site_name\" content=\"IMMOBILIEN Business\" \/>\n<meta property=\"article:publisher\" content=\"https:\/\/www.facebook.com\/immobilienbusiness\/\" \/>\n<meta property=\"article:published_time\" content=\"2019-02-27T08:25:56+00:00\" \/>\n<meta property=\"og:image\" content=\"https:\/\/www.immobilienbusiness.ch\/wp-content\/uploads\/2019\/02\/Schluesselprojekt-Geschaeftsbericht-2018-Slussen-SN843_Internet_3040-1024x683.jpg\" \/>\n\t<meta property=\"og:image:width\" content=\"1024\" \/>\n\t<meta property=\"og:image:height\" content=\"683\" \/>\n\t<meta property=\"og:image:type\" content=\"image\/jpeg\" \/>\n<meta name=\"author\" content=\"anja.hall\" \/>\n<meta name=\"twitter:card\" content=\"summary_large_image\" \/>\n<script type=\"application\/ld+json\" class=\"yoast-schema-graph\">{\"@context\":\"https:\\\/\\\/schema.org\",\"@graph\":[{\"@type\":\"Article\",\"@id\":\"https:\\\/\\\/www.immobilienbusiness.ch\\\/de\\\/unternehmen\\\/2019-02-27\\\/implenia-stellt-sich-neu-auf\\\/#article\",\"isPartOf\":{\"@id\":\"https:\\\/\\\/www.immobilienbusiness.ch\\\/de\\\/unternehmen\\\/2019-02-27\\\/implenia-stellt-sich-neu-auf\\\/\"},\"author\":{\"name\":\"anja.hall\",\"@id\":\"https:\\\/\\\/www.immobilienbusiness.ch\\\/#\\\/schema\\\/person\\\/3fc036297b10b9f42d6db5ee932af8c8\"},\"headline\":\"Implenia stellt sich neu auf\",\"datePublished\":\"2019-02-27T08:25:56+00:00\",\"mainEntityOfPage\":{\"@id\":\"https:\\\/\\\/www.immobilienbusiness.ch\\\/de\\\/unternehmen\\\/2019-02-27\\\/implenia-stellt-sich-neu-auf\\\/\"},\"wordCount\":420,\"publisher\":{\"@id\":\"https:\\\/\\\/www.immobilienbusiness.ch\\\/#organization\"},\"image\":{\"@id\":\"https:\\\/\\\/www.immobilienbusiness.ch\\\/de\\\/unternehmen\\\/2019-02-27\\\/implenia-stellt-sich-neu-auf\\\/#primaryimage\"},\"thumbnailUrl\":\"https:\\\/\\\/www.immobilienbusiness.ch\\\/wp-content\\\/uploads\\\/2019\\\/02\\\/Schluesselprojekt-Geschaeftsbericht-2018-Slussen-SN843_Internet_3040.jpg\",\"keywords\":[\"Gesch\u00e4ftsbericht\",\"Gesch\u00e4ftsjahr\",\"Implenia\",\"Neuausrichtung\"],\"articleSection\":[\"UNTERNEHMEN\"],\"inLanguage\":\"fr-FR\"},{\"@type\":\"WebPage\",\"@id\":\"https:\\\/\\\/www.immobilienbusiness.ch\\\/de\\\/unternehmen\\\/2019-02-27\\\/implenia-stellt-sich-neu-auf\\\/\",\"url\":\"https:\\\/\\\/www.immobilienbusiness.ch\\\/de\\\/unternehmen\\\/2019-02-27\\\/implenia-stellt-sich-neu-auf\\\/\",\"name\":\"Implenia stellt sich neu auf - IMMOBILIEN Business\",\"isPartOf\":{\"@id\":\"https:\\\/\\\/www.immobilienbusiness.ch\\\/#website\"},\"primaryImageOfPage\":{\"@id\":\"https:\\\/\\\/www.immobilienbusiness.ch\\\/de\\\/unternehmen\\\/2019-02-27\\\/implenia-stellt-sich-neu-auf\\\/#primaryimage\"},\"image\":{\"@id\":\"https:\\\/\\\/www.immobilienbusiness.ch\\\/de\\\/unternehmen\\\/2019-02-27\\\/implenia-stellt-sich-neu-auf\\\/#primaryimage\"},\"thumbnailUrl\":\"https:\\\/\\\/www.immobilienbusiness.ch\\\/wp-content\\\/uploads\\\/2019\\\/02\\\/Schluesselprojekt-Geschaeftsbericht-2018-Slussen-SN843_Internet_3040.jpg\",\"datePublished\":\"2019-02-27T08:25:56+00:00\",\"description\":\"Implenia hat im Gesch\u00e4ftsjahr 2018 einen Gewinneinbruch erlitten. Um sich f\u00fcr die Zukunft gut aufzustellen, gibt sich der Konzern eine neue Struktur.\",\"breadcrumb\":{\"@id\":\"https:\\\/\\\/www.immobilienbusiness.ch\\\/de\\\/unternehmen\\\/2019-02-27\\\/implenia-stellt-sich-neu-auf\\\/#breadcrumb\"},\"inLanguage\":\"fr-FR\",\"potentialAction\":[{\"@type\":\"ReadAction\",\"target\":[\"https:\\\/\\\/www.immobilienbusiness.ch\\\/de\\\/unternehmen\\\/2019-02-27\\\/implenia-stellt-sich-neu-auf\\\/\"]}]},{\"@type\":\"ImageObject\",\"inLanguage\":\"fr-FR\",\"@id\":\"https:\\\/\\\/www.immobilienbusiness.ch\\\/de\\\/unternehmen\\\/2019-02-27\\\/implenia-stellt-sich-neu-auf\\\/#primaryimage\",\"url\":\"https:\\\/\\\/www.immobilienbusiness.ch\\\/wp-content\\\/uploads\\\/2019\\\/02\\\/Schluesselprojekt-Geschaeftsbericht-2018-Slussen-SN843_Internet_3040.jpg\",\"contentUrl\":\"https:\\\/\\\/www.immobilienbusiness.ch\\\/wp-content\\\/uploads\\\/2019\\\/02\\\/Schluesselprojekt-Geschaeftsbericht-2018-Slussen-SN843_Internet_3040.jpg\",\"width\":1920,\"height\":1280,\"caption\":\"Implenia gibt sich eine neue Struktur (Bild: Implenia)\"},{\"@type\":\"BreadcrumbList\",\"@id\":\"https:\\\/\\\/www.immobilienbusiness.ch\\\/de\\\/unternehmen\\\/2019-02-27\\\/implenia-stellt-sich-neu-auf\\\/#breadcrumb\",\"itemListElement\":[{\"@type\":\"ListItem\",\"position\":1,\"name\":\"Home\",\"item\":\"https:\\\/\\\/www.immobilienbusiness.ch\\\/\"},{\"@type\":\"ListItem\",\"position\":2,\"name\":\"Implenia stellt sich neu auf\"}]},{\"@type\":\"WebSite\",\"@id\":\"https:\\\/\\\/www.immobilienbusiness.ch\\\/#website\",\"url\":\"https:\\\/\\\/www.immobilienbusiness.ch\\\/\",\"name\":\"IMMOBILIEN Business\",\"description\":\"Unabh\u00e4ngiges Schweizer Wirtschaftsmagazin mit Fokus auf Immobilien, Architektur- und Bau sowie Investment- und Finanzierung.\",\"publisher\":{\"@id\":\"https:\\\/\\\/www.immobilienbusiness.ch\\\/#organization\"},\"potentialAction\":[{\"@type\":\"SearchAction\",\"target\":{\"@type\":\"EntryPoint\",\"urlTemplate\":\"https:\\\/\\\/www.immobilienbusiness.ch\\\/?s={search_term_string}\"},\"query-input\":{\"@type\":\"PropertyValueSpecification\",\"valueRequired\":true,\"valueName\":\"search_term_string\"}}],\"inLanguage\":\"fr-FR\"},{\"@type\":\"Organization\",\"@id\":\"https:\\\/\\\/www.immobilienbusiness.ch\\\/#organization\",\"name\":\"IMMOBILIEN Business\",\"url\":\"https:\\\/\\\/www.immobilienbusiness.ch\\\/\",\"logo\":{\"@type\":\"ImageObject\",\"inLanguage\":\"fr-FR\",\"@id\":\"https:\\\/\\\/www.immobilienbusiness.ch\\\/#\\\/schema\\\/logo\\\/image\\\/\",\"url\":\"https:\\\/\\\/www.immobilienbusiness.ch\\\/wp-content\\\/uploads\\\/2021\\\/07\\\/logo_ib.png\",\"contentUrl\":\"https:\\\/\\\/www.immobilienbusiness.ch\\\/wp-content\\\/uploads\\\/2021\\\/07\\\/logo_ib.png\",\"width\":800,\"height\":181,\"caption\":\"IMMOBILIEN Business\"},\"image\":{\"@id\":\"https:\\\/\\\/www.immobilienbusiness.ch\\\/#\\\/schema\\\/logo\\\/image\\\/\"},\"sameAs\":[\"https:\\\/\\\/www.facebook.com\\\/immobilienbusiness\\\/\"]},{\"@type\":\"Person\",\"@id\":\"https:\\\/\\\/www.immobilienbusiness.ch\\\/#\\\/schema\\\/person\\\/3fc036297b10b9f42d6db5ee932af8c8\",\"name\":\"anja.hall\",\"image\":{\"@type\":\"ImageObject\",\"inLanguage\":\"fr-FR\",\"@id\":\"https:\\\/\\\/secure.gravatar.com\\\/avatar\\\/066b5a0d447013502c71a5782f4f3469f03cfe595cc2329fb94652fe47511bfb?s=96&d=mm&r=g\",\"url\":\"https:\\\/\\\/secure.gravatar.com\\\/avatar\\\/066b5a0d447013502c71a5782f4f3469f03cfe595cc2329fb94652fe47511bfb?s=96&d=mm&r=g\",\"contentUrl\":\"https:\\\/\\\/secure.gravatar.com\\\/avatar\\\/066b5a0d447013502c71a5782f4f3469f03cfe595cc2329fb94652fe47511bfb?s=96&d=mm&r=g\",\"caption\":\"anja.hall\"},\"url\":\"https:\\\/\\\/www.immobilienbusiness.ch\\\/fr\\\/author\\\/anja-hall\\\/\"}]}<\/script>\n<!-- \/ Yoast SEO plugin. -->","yoast_head_json":{"title":"Implenia stellt sich neu auf - IMMOBILIEN Business","description":"Implenia hat im Gesch\u00e4ftsjahr 2018 einen Gewinneinbruch erlitten. Um sich f\u00fcr die Zukunft gut aufzustellen, gibt sich der Konzern eine neue Struktur.","robots":{"index":"index","follow":"follow","max-snippet":"max-snippet:-1","max-image-preview":"max-image-preview:large","max-video-preview":"max-video-preview:-1"},"canonical":"https:\/\/www.immobilienbusiness.ch\/fr\/unternehmen\/2019-02-27\/implenia-stellt-sich-neu-auf\/","og_locale":"fr_FR","og_type":"article","og_title":"Implenia stellt sich neu auf - IMMOBILIEN Business","og_description":"Implenia hat im Gesch\u00e4ftsjahr 2018 einen Gewinneinbruch erlitten. Um sich f\u00fcr die Zukunft gut aufzustellen, gibt sich der Konzern eine neue Struktur.","og_url":"https:\/\/www.immobilienbusiness.ch\/fr\/unternehmen\/2019-02-27\/implenia-stellt-sich-neu-auf\/","og_site_name":"IMMOBILIEN Business","article_publisher":"https:\/\/www.facebook.com\/immobilienbusiness\/","article_published_time":"2019-02-27T08:25:56+00:00","og_image":[{"width":1024,"height":683,"url":"https:\/\/www.immobilienbusiness.ch\/wp-content\/uploads\/2019\/02\/Schluesselprojekt-Geschaeftsbericht-2018-Slussen-SN843_Internet_3040-1024x683.jpg","type":"image\/jpeg"}],"author":"anja.hall","twitter_card":"summary_large_image","schema":{"@context":"https:\/\/schema.org","@graph":[{"@type":"Article","@id":"https:\/\/www.immobilienbusiness.ch\/de\/unternehmen\/2019-02-27\/implenia-stellt-sich-neu-auf\/#article","isPartOf":{"@id":"https:\/\/www.immobilienbusiness.ch\/de\/unternehmen\/2019-02-27\/implenia-stellt-sich-neu-auf\/"},"author":{"name":"anja.hall","@id":"https:\/\/www.immobilienbusiness.ch\/#\/schema\/person\/3fc036297b10b9f42d6db5ee932af8c8"},"headline":"Implenia stellt sich neu auf","datePublished":"2019-02-27T08:25:56+00:00","mainEntityOfPage":{"@id":"https:\/\/www.immobilienbusiness.ch\/de\/unternehmen\/2019-02-27\/implenia-stellt-sich-neu-auf\/"},"wordCount":420,"publisher":{"@id":"https:\/\/www.immobilienbusiness.ch\/#organization"},"image":{"@id":"https:\/\/www.immobilienbusiness.ch\/de\/unternehmen\/2019-02-27\/implenia-stellt-sich-neu-auf\/#primaryimage"},"thumbnailUrl":"https:\/\/www.immobilienbusiness.ch\/wp-content\/uploads\/2019\/02\/Schluesselprojekt-Geschaeftsbericht-2018-Slussen-SN843_Internet_3040.jpg","keywords":["Gesch\u00e4ftsbericht","Gesch\u00e4ftsjahr","Implenia","Neuausrichtung"],"articleSection":["UNTERNEHMEN"],"inLanguage":"fr-FR"},{"@type":"WebPage","@id":"https:\/\/www.immobilienbusiness.ch\/de\/unternehmen\/2019-02-27\/implenia-stellt-sich-neu-auf\/","url":"https:\/\/www.immobilienbusiness.ch\/de\/unternehmen\/2019-02-27\/implenia-stellt-sich-neu-auf\/","name":"Implenia stellt sich neu auf - IMMOBILIEN Business","isPartOf":{"@id":"https:\/\/www.immobilienbusiness.ch\/#website"},"primaryImageOfPage":{"@id":"https:\/\/www.immobilienbusiness.ch\/de\/unternehmen\/2019-02-27\/implenia-stellt-sich-neu-auf\/#primaryimage"},"image":{"@id":"https:\/\/www.immobilienbusiness.ch\/de\/unternehmen\/2019-02-27\/implenia-stellt-sich-neu-auf\/#primaryimage"},"thumbnailUrl":"https:\/\/www.immobilienbusiness.ch\/wp-content\/uploads\/2019\/02\/Schluesselprojekt-Geschaeftsbericht-2018-Slussen-SN843_Internet_3040.jpg","datePublished":"2019-02-27T08:25:56+00:00","description":"Implenia hat im Gesch\u00e4ftsjahr 2018 einen Gewinneinbruch erlitten. Um sich f\u00fcr die Zukunft gut aufzustellen, gibt sich der Konzern eine neue Struktur.","breadcrumb":{"@id":"https:\/\/www.immobilienbusiness.ch\/de\/unternehmen\/2019-02-27\/implenia-stellt-sich-neu-auf\/#breadcrumb"},"inLanguage":"fr-FR","potentialAction":[{"@type":"ReadAction","target":["https:\/\/www.immobilienbusiness.ch\/de\/unternehmen\/2019-02-27\/implenia-stellt-sich-neu-auf\/"]}]},{"@type":"ImageObject","inLanguage":"fr-FR","@id":"https:\/\/www.immobilienbusiness.ch\/de\/unternehmen\/2019-02-27\/implenia-stellt-sich-neu-auf\/#primaryimage","url":"https:\/\/www.immobilienbusiness.ch\/wp-content\/uploads\/2019\/02\/Schluesselprojekt-Geschaeftsbericht-2018-Slussen-SN843_Internet_3040.jpg","contentUrl":"https:\/\/www.immobilienbusiness.ch\/wp-content\/uploads\/2019\/02\/Schluesselprojekt-Geschaeftsbericht-2018-Slussen-SN843_Internet_3040.jpg","width":1920,"height":1280,"caption":"Implenia gibt sich eine neue Struktur (Bild: Implenia)"},{"@type":"BreadcrumbList","@id":"https:\/\/www.immobilienbusiness.ch\/de\/unternehmen\/2019-02-27\/implenia-stellt-sich-neu-auf\/#breadcrumb","itemListElement":[{"@type":"ListItem","position":1,"name":"Home","item":"https:\/\/www.immobilienbusiness.ch\/"},{"@type":"ListItem","position":2,"name":"Implenia stellt sich neu auf"}]},{"@type":"WebSite","@id":"https:\/\/www.immobilienbusiness.ch\/#website","url":"https:\/\/www.immobilienbusiness.ch\/","name":"IMMOBILIER Business","description":"Magazine \u00e9conomique suisse ind\u00e9pendant ax\u00e9 sur l'immobilier, l'architecture et la construction ainsi que sur les investissements et le financement.","publisher":{"@id":"https:\/\/www.immobilienbusiness.ch\/#organization"},"potentialAction":[{"@type":"SearchAction","target":{"@type":"EntryPoint","urlTemplate":"https:\/\/www.immobilienbusiness.ch\/?s={search_term_string}"},"query-input":{"@type":"PropertyValueSpecification","valueRequired":true,"valueName":"search_term_string"}}],"inLanguage":"fr-FR"},{"@type":"Organization","@id":"https:\/\/www.immobilienbusiness.ch\/#organization","name":"IMMOBILIER Business","url":"https:\/\/www.immobilienbusiness.ch\/","logo":{"@type":"ImageObject","inLanguage":"fr-FR","@id":"https:\/\/www.immobilienbusiness.ch\/#\/schema\/logo\/image\/","url":"https:\/\/www.immobilienbusiness.ch\/wp-content\/uploads\/2021\/07\/logo_ib.png","contentUrl":"https:\/\/www.immobilienbusiness.ch\/wp-content\/uploads\/2021\/07\/logo_ib.png","width":800,"height":181,"caption":"IMMOBILIEN Business"},"image":{"@id":"https:\/\/www.immobilienbusiness.ch\/#\/schema\/logo\/image\/"},"sameAs":["https:\/\/www.facebook.com\/immobilienbusiness\/"]},{"@type":"Person","@id":"https:\/\/www.immobilienbusiness.ch\/#\/schema\/person\/3fc036297b10b9f42d6db5ee932af8c8","name":"anja.hall","image":{"@type":"ImageObject","inLanguage":"fr-FR","@id":"https:\/\/secure.gravatar.com\/avatar\/066b5a0d447013502c71a5782f4f3469f03cfe595cc2329fb94652fe47511bfb?s=96&d=mm&r=g","url":"https:\/\/secure.gravatar.com\/avatar\/066b5a0d447013502c71a5782f4f3469f03cfe595cc2329fb94652fe47511bfb?s=96&d=mm&r=g","contentUrl":"https:\/\/secure.gravatar.com\/avatar\/066b5a0d447013502c71a5782f4f3469f03cfe595cc2329fb94652fe47511bfb?s=96&d=mm&r=g","caption":"anja.hall"},"url":"https:\/\/www.immobilienbusiness.ch\/fr\/author\/anja-hall\/"}]}},"_links":{"self":[{"href":"https:\/\/www.immobilienbusiness.ch\/fr\/wp-json\/wp\/v2\/posts\/16049","targetHints":{"allow":["GET"]}}],"collection":[{"href":"https:\/\/www.immobilienbusiness.ch\/fr\/wp-json\/wp\/v2\/posts"}],"about":[{"href":"https:\/\/www.immobilienbusiness.ch\/fr\/wp-json\/wp\/v2\/types\/post"}],"author":[{"embeddable":true,"href":"https:\/\/www.immobilienbusiness.ch\/fr\/wp-json\/wp\/v2\/users\/3"}],"replies":[{"embeddable":true,"href":"https:\/\/www.immobilienbusiness.ch\/fr\/wp-json\/wp\/v2\/comments?post=16049"}],"version-history":[{"count":0,"href":"https:\/\/www.immobilienbusiness.ch\/fr\/wp-json\/wp\/v2\/posts\/16049\/revisions"}],"wp:featuredmedia":[{"embeddable":true,"href":"https:\/\/www.immobilienbusiness.ch\/fr\/wp-json\/wp\/v2\/media\/16052"}],"wp:attachment":[{"href":"https:\/\/www.immobilienbusiness.ch\/fr\/wp-json\/wp\/v2\/media?parent=16049"}],"wp:term":[{"taxonomy":"category","embeddable":true,"href":"https:\/\/www.immobilienbusiness.ch\/fr\/wp-json\/wp\/v2\/categories?post=16049"},{"taxonomy":"post_tag","embeddable":true,"href":"https:\/\/www.immobilienbusiness.ch\/fr\/wp-json\/wp\/v2\/tags?post=16049"}],"curies":[{"name":"wp","href":"https:\/\/api.w.org\/{rel}","templated":true}]}}