{"id":15649,"date":"2019-01-25T08:43:14","date_gmt":"2019-01-25T07:43:14","guid":{"rendered":"https:\/\/www.immobilienbusiness.ch\/?p=15649"},"modified":"2019-01-25T08:43:14","modified_gmt":"2019-01-25T07:43:14","slug":"neuer-eigentuemer-fuer-logistikzentrum-von-brack-ch","status":"publish","type":"post","link":"https:\/\/www.immobilienbusiness.ch\/fr\/regionen\/2019-01-25\/neuer-eigentuemer-fuer-logistikzentrum-von-brack-ch\/","title":{"rendered":"Nouveau propri\u00e9taire pour le centre logistique de Brack.ch"},"content":{"rendered":"<figure id=\"attachment_15650\" aria-describedby=\"caption-attachment-15650\" style=\"width: 644px\" class=\"wp-caption alignnone\"><img loading=\"lazy\" decoding=\"async\" class=\"size-full wp-image-15650\" src=\"https:\/\/www.immobilienbusiness.ch\/wp-content\/uploads\/2019\/01\/Unbenannt.png\" alt=\"\" width=\"644\" height=\"315\" srcset=\"https:\/\/www.immobilienbusiness.ch\/wp-content\/uploads\/2019\/01\/Unbenannt.png 644w, https:\/\/www.immobilienbusiness.ch\/wp-content\/uploads\/2019\/01\/Unbenannt-300x147.png 300w, https:\/\/www.immobilienbusiness.ch\/wp-content\/uploads\/2019\/01\/Unbenannt-16x8.png 16w, https:\/\/www.immobilienbusiness.ch\/wp-content\/uploads\/2019\/01\/Unbenannt-358x175.png 358w\" sizes=\"auto, (max-width: 644px) 100vw, 644px\" \/><figcaption id=\"caption-attachment-15650\" class=\"wp-caption-text\">Brack.ch a vendu son centre logistique de Birr (Image : Swiss Commercial Invest AG)<\/figcaption><\/figure>\n<p>Selon les indications de Swiss Commercial Invest AG, l'immeuble de l'Industriestrasse \u00e0 Birr (AG) comprend, outre 1 700 m\u00b2 de bureaux, 3 300 m\u00b2 de surface logistique, y compris un entrep\u00f4t automatique pour petites pi\u00e8ces avec plus de 21 000 emplacements pour conteneurs.<\/p>\n<p>L'immeuble de bureaux et de logistique a \u00e9t\u00e9 construit en 1993 pour abriter le si\u00e8ge suisse du groupe fran\u00e7ais d'\u00e9lectrotechnique Legrand et a \u00e9t\u00e9 vendu en 2009 \u00e0 Brack.ch dans le cadre d'une transaction de cession-bail (sale and lease back), communique Swiss Commercial Invest. Apr\u00e8s que le commer\u00e7ant en ligne a transf\u00e9r\u00e9 ses activit\u00e9s logistiques \u00e0 Willisau (LU), le site de Birr a \u00e9t\u00e9 dissous. Dans le cadre d'un processus de vente structur\u00e9, un utilisateur unique a \u00e9t\u00e9 trouv\u00e9 en la personne de Covin AG, une entreprise commerciale du secteur alimentaire.<\/p>\n<p>Swiss Commercial Invest avait \u00e9t\u00e9 mandat\u00e9 en exclusivit\u00e9 par Brack.ch pour la commercialisation du bien immobilier. <em>(ah)<\/em><\/p>","protected":false},"excerpt":{"rendered":"<p> Le commer\u00e7ant en ligne Brack.ch a vendu son centre logistique de Birr (AG) \u00e0 l'entreprise commerciale Covin. Swiss Commercial Invest \u00e9tait charg\u00e9 de la commercialisation. <\/p>","protected":false},"author":3,"featured_media":15650,"comment_status":"closed","ping_status":"open","sticky":false,"template":"","format":"standard","meta":{"_acf_changed":false,"_yoast_wpseo_focuskw":"Brack.ch","_yoast_wpseo_title":"","_yoast_wpseo_metadesc":"Der Onlineh\u00e4ndler Brack.ch hat sein Logistikzentrum in Birr (AG) an das Handelsunternehmen Covin verkauft.","_yoast_wpseo_linkdex":60,"pgc_sgb_lightbox_settings":"","footnotes":""},"categories":[985],"tags":[1355,1452,1531,1751],"class_list":["post-15649","post","type-post","status-publish","format-standard","has-post-thumbnail","hentry","category-regionen","tag-immobilienverkauf","tag-logistikimmobilien","tag-nordwest-schweiz","tag-swiss-co"],"acf":[],"yoast_head":"<!-- This site is optimized with the Yoast SEO plugin v27.4 - https:\/\/yoast.com\/product\/yoast-seo-wordpress\/ -->\n<title>Neuer Eigent\u00fcmer f\u00fcr Logistikzentrum von Brack.ch - IMMOBILIEN Business<\/title>\n<meta name=\"description\" content=\"Der Onlineh\u00e4ndler Brack.ch hat sein Logistikzentrum in Birr (AG) an das Handelsunternehmen Covin verkauft.\" \/>\n<meta name=\"robots\" content=\"index, follow, max-snippet:-1, max-image-preview:large, max-video-preview:-1\" \/>\n<link rel=\"canonical\" href=\"https:\/\/www.immobilienbusiness.ch\/fr\/regionen\/2019-01-25\/neuer-eigentuemer-fuer-logistikzentrum-von-brack-ch\/\" \/>\n<meta property=\"og:locale\" content=\"fr_FR\" \/>\n<meta property=\"og:type\" content=\"article\" \/>\n<meta property=\"og:title\" content=\"Neuer Eigent\u00fcmer f\u00fcr Logistikzentrum von Brack.ch - IMMOBILIEN Business\" \/>\n<meta property=\"og:description\" content=\"Der Onlineh\u00e4ndler Brack.ch hat sein Logistikzentrum in Birr (AG) an das Handelsunternehmen Covin verkauft.\" \/>\n<meta property=\"og:url\" content=\"https:\/\/www.immobilienbusiness.ch\/fr\/regionen\/2019-01-25\/neuer-eigentuemer-fuer-logistikzentrum-von-brack-ch\/\" \/>\n<meta property=\"og:site_name\" content=\"IMMOBILIEN Business\" \/>\n<meta property=\"article:publisher\" content=\"https:\/\/www.facebook.com\/immobilienbusiness\/\" \/>\n<meta property=\"article:published_time\" content=\"2019-01-25T07:43:14+00:00\" \/>\n<meta property=\"og:image\" content=\"https:\/\/www.immobilienbusiness.ch\/wp-content\/uploads\/2019\/01\/Unbenannt.png\" \/>\n\t<meta property=\"og:image:width\" content=\"644\" \/>\n\t<meta property=\"og:image:height\" content=\"315\" \/>\n\t<meta property=\"og:image:type\" content=\"image\/png\" \/>\n<meta name=\"author\" content=\"anja.hall\" \/>\n<meta name=\"twitter:card\" content=\"summary_large_image\" \/>\n<meta name=\"twitter:image\" content=\"https:\/\/www.immobilienbusiness.ch\/wp-content\/uploads\/2019\/01\/Unbenannt.png\" \/>\n<script type=\"application\/ld+json\" class=\"yoast-schema-graph\">{\"@context\":\"https:\\\/\\\/schema.org\",\"@graph\":[{\"@type\":\"Article\",\"@id\":\"https:\\\/\\\/www.immobilienbusiness.ch\\\/de\\\/regionen\\\/2019-01-25\\\/neuer-eigentuemer-fuer-logistikzentrum-von-brack-ch\\\/#article\",\"isPartOf\":{\"@id\":\"https:\\\/\\\/www.immobilienbusiness.ch\\\/de\\\/regionen\\\/2019-01-25\\\/neuer-eigentuemer-fuer-logistikzentrum-von-brack-ch\\\/\"},\"author\":{\"name\":\"anja.hall\",\"@id\":\"https:\\\/\\\/www.immobilienbusiness.ch\\\/#\\\/schema\\\/person\\\/3fc036297b10b9f42d6db5ee932af8c8\"},\"headline\":\"Neuer Eigent\u00fcmer f\u00fcr Logistikzentrum von Brack.ch\",\"datePublished\":\"2019-01-25T07:43:14+00:00\",\"mainEntityOfPage\":{\"@id\":\"https:\\\/\\\/www.immobilienbusiness.ch\\\/de\\\/regionen\\\/2019-01-25\\\/neuer-eigentuemer-fuer-logistikzentrum-von-brack-ch\\\/\"},\"wordCount\":150,\"publisher\":{\"@id\":\"https:\\\/\\\/www.immobilienbusiness.ch\\\/#organization\"},\"image\":{\"@id\":\"https:\\\/\\\/www.immobilienbusiness.ch\\\/de\\\/regionen\\\/2019-01-25\\\/neuer-eigentuemer-fuer-logistikzentrum-von-brack-ch\\\/#primaryimage\"},\"thumbnailUrl\":\"https:\\\/\\\/www.immobilienbusiness.ch\\\/wp-content\\\/uploads\\\/2019\\\/01\\\/Unbenannt.png\",\"keywords\":[\"Immobilienverkauf\",\"Logistikimmobilien\",\"Nordwest-Schweiz\",\"Swiss co\"],\"articleSection\":[\"REGIONEN\"],\"inLanguage\":\"fr-FR\"},{\"@type\":\"WebPage\",\"@id\":\"https:\\\/\\\/www.immobilienbusiness.ch\\\/de\\\/regionen\\\/2019-01-25\\\/neuer-eigentuemer-fuer-logistikzentrum-von-brack-ch\\\/\",\"url\":\"https:\\\/\\\/www.immobilienbusiness.ch\\\/de\\\/regionen\\\/2019-01-25\\\/neuer-eigentuemer-fuer-logistikzentrum-von-brack-ch\\\/\",\"name\":\"Neuer Eigent\u00fcmer f\u00fcr Logistikzentrum von Brack.ch - IMMOBILIEN Business\",\"isPartOf\":{\"@id\":\"https:\\\/\\\/www.immobilienbusiness.ch\\\/#website\"},\"primaryImageOfPage\":{\"@id\":\"https:\\\/\\\/www.immobilienbusiness.ch\\\/de\\\/regionen\\\/2019-01-25\\\/neuer-eigentuemer-fuer-logistikzentrum-von-brack-ch\\\/#primaryimage\"},\"image\":{\"@id\":\"https:\\\/\\\/www.immobilienbusiness.ch\\\/de\\\/regionen\\\/2019-01-25\\\/neuer-eigentuemer-fuer-logistikzentrum-von-brack-ch\\\/#primaryimage\"},\"thumbnailUrl\":\"https:\\\/\\\/www.immobilienbusiness.ch\\\/wp-content\\\/uploads\\\/2019\\\/01\\\/Unbenannt.png\",\"datePublished\":\"2019-01-25T07:43:14+00:00\",\"description\":\"Der Onlineh\u00e4ndler Brack.ch hat sein Logistikzentrum in Birr (AG) an das Handelsunternehmen Covin verkauft.\",\"breadcrumb\":{\"@id\":\"https:\\\/\\\/www.immobilienbusiness.ch\\\/de\\\/regionen\\\/2019-01-25\\\/neuer-eigentuemer-fuer-logistikzentrum-von-brack-ch\\\/#breadcrumb\"},\"inLanguage\":\"fr-FR\",\"potentialAction\":[{\"@type\":\"ReadAction\",\"target\":[\"https:\\\/\\\/www.immobilienbusiness.ch\\\/de\\\/regionen\\\/2019-01-25\\\/neuer-eigentuemer-fuer-logistikzentrum-von-brack-ch\\\/\"]}]},{\"@type\":\"ImageObject\",\"inLanguage\":\"fr-FR\",\"@id\":\"https:\\\/\\\/www.immobilienbusiness.ch\\\/de\\\/regionen\\\/2019-01-25\\\/neuer-eigentuemer-fuer-logistikzentrum-von-brack-ch\\\/#primaryimage\",\"url\":\"https:\\\/\\\/www.immobilienbusiness.ch\\\/wp-content\\\/uploads\\\/2019\\\/01\\\/Unbenannt.png\",\"contentUrl\":\"https:\\\/\\\/www.immobilienbusiness.ch\\\/wp-content\\\/uploads\\\/2019\\\/01\\\/Unbenannt.png\",\"width\":644,\"height\":315,\"caption\":\"Brack.ch hat das Logistikzentrum in Birr verkauft (Bild: Swiss Commercial Invest AG)\"},{\"@type\":\"BreadcrumbList\",\"@id\":\"https:\\\/\\\/www.immobilienbusiness.ch\\\/de\\\/regionen\\\/2019-01-25\\\/neuer-eigentuemer-fuer-logistikzentrum-von-brack-ch\\\/#breadcrumb\",\"itemListElement\":[{\"@type\":\"ListItem\",\"position\":1,\"name\":\"Home\",\"item\":\"https:\\\/\\\/www.immobilienbusiness.ch\\\/\"},{\"@type\":\"ListItem\",\"position\":2,\"name\":\"Neuer Eigent\u00fcmer f\u00fcr Logistikzentrum von Brack.ch\"}]},{\"@type\":\"WebSite\",\"@id\":\"https:\\\/\\\/www.immobilienbusiness.ch\\\/#website\",\"url\":\"https:\\\/\\\/www.immobilienbusiness.ch\\\/\",\"name\":\"IMMOBILIEN Business\",\"description\":\"Unabh\u00e4ngiges Schweizer Wirtschaftsmagazin mit Fokus auf Immobilien, Architektur- und Bau sowie Investment- und Finanzierung.\",\"publisher\":{\"@id\":\"https:\\\/\\\/www.immobilienbusiness.ch\\\/#organization\"},\"potentialAction\":[{\"@type\":\"SearchAction\",\"target\":{\"@type\":\"EntryPoint\",\"urlTemplate\":\"https:\\\/\\\/www.immobilienbusiness.ch\\\/?s={search_term_string}\"},\"query-input\":{\"@type\":\"PropertyValueSpecification\",\"valueRequired\":true,\"valueName\":\"search_term_string\"}}],\"inLanguage\":\"fr-FR\"},{\"@type\":\"Organization\",\"@id\":\"https:\\\/\\\/www.immobilienbusiness.ch\\\/#organization\",\"name\":\"IMMOBILIEN Business\",\"url\":\"https:\\\/\\\/www.immobilienbusiness.ch\\\/\",\"logo\":{\"@type\":\"ImageObject\",\"inLanguage\":\"fr-FR\",\"@id\":\"https:\\\/\\\/www.immobilienbusiness.ch\\\/#\\\/schema\\\/logo\\\/image\\\/\",\"url\":\"https:\\\/\\\/www.immobilienbusiness.ch\\\/wp-content\\\/uploads\\\/2021\\\/07\\\/logo_ib.png\",\"contentUrl\":\"https:\\\/\\\/www.immobilienbusiness.ch\\\/wp-content\\\/uploads\\\/2021\\\/07\\\/logo_ib.png\",\"width\":800,\"height\":181,\"caption\":\"IMMOBILIEN Business\"},\"image\":{\"@id\":\"https:\\\/\\\/www.immobilienbusiness.ch\\\/#\\\/schema\\\/logo\\\/image\\\/\"},\"sameAs\":[\"https:\\\/\\\/www.facebook.com\\\/immobilienbusiness\\\/\"]},{\"@type\":\"Person\",\"@id\":\"https:\\\/\\\/www.immobilienbusiness.ch\\\/#\\\/schema\\\/person\\\/3fc036297b10b9f42d6db5ee932af8c8\",\"name\":\"anja.hall\",\"image\":{\"@type\":\"ImageObject\",\"inLanguage\":\"fr-FR\",\"@id\":\"https:\\\/\\\/secure.gravatar.com\\\/avatar\\\/066b5a0d447013502c71a5782f4f3469f03cfe595cc2329fb94652fe47511bfb?s=96&d=mm&r=g\",\"url\":\"https:\\\/\\\/secure.gravatar.com\\\/avatar\\\/066b5a0d447013502c71a5782f4f3469f03cfe595cc2329fb94652fe47511bfb?s=96&d=mm&r=g\",\"contentUrl\":\"https:\\\/\\\/secure.gravatar.com\\\/avatar\\\/066b5a0d447013502c71a5782f4f3469f03cfe595cc2329fb94652fe47511bfb?s=96&d=mm&r=g\",\"caption\":\"anja.hall\"},\"url\":\"https:\\\/\\\/www.immobilienbusiness.ch\\\/fr\\\/author\\\/anja-hall\\\/\"}]}<\/script>\n<!-- \/ Yoast SEO plugin. -->","yoast_head_json":{"title":"Neuer Eigent\u00fcmer f\u00fcr Logistikzentrum von Brack.ch - IMMOBILIEN Business","description":"Der Onlineh\u00e4ndler Brack.ch hat sein Logistikzentrum in Birr (AG) an das Handelsunternehmen Covin verkauft.","robots":{"index":"index","follow":"follow","max-snippet":"max-snippet:-1","max-image-preview":"max-image-preview:large","max-video-preview":"max-video-preview:-1"},"canonical":"https:\/\/www.immobilienbusiness.ch\/fr\/regionen\/2019-01-25\/neuer-eigentuemer-fuer-logistikzentrum-von-brack-ch\/","og_locale":"fr_FR","og_type":"article","og_title":"Neuer Eigent\u00fcmer f\u00fcr Logistikzentrum von Brack.ch - IMMOBILIEN Business","og_description":"Der Onlineh\u00e4ndler Brack.ch hat sein Logistikzentrum in Birr (AG) an das Handelsunternehmen Covin verkauft.","og_url":"https:\/\/www.immobilienbusiness.ch\/fr\/regionen\/2019-01-25\/neuer-eigentuemer-fuer-logistikzentrum-von-brack-ch\/","og_site_name":"IMMOBILIEN Business","article_publisher":"https:\/\/www.facebook.com\/immobilienbusiness\/","article_published_time":"2019-01-25T07:43:14+00:00","og_image":[{"width":644,"height":315,"url":"https:\/\/www.immobilienbusiness.ch\/wp-content\/uploads\/2019\/01\/Unbenannt.png","type":"image\/png"}],"author":"anja.hall","twitter_card":"summary_large_image","twitter_image":"https:\/\/www.immobilienbusiness.ch\/wp-content\/uploads\/2019\/01\/Unbenannt.png","schema":{"@context":"https:\/\/schema.org","@graph":[{"@type":"Article","@id":"https:\/\/www.immobilienbusiness.ch\/de\/regionen\/2019-01-25\/neuer-eigentuemer-fuer-logistikzentrum-von-brack-ch\/#article","isPartOf":{"@id":"https:\/\/www.immobilienbusiness.ch\/de\/regionen\/2019-01-25\/neuer-eigentuemer-fuer-logistikzentrum-von-brack-ch\/"},"author":{"name":"anja.hall","@id":"https:\/\/www.immobilienbusiness.ch\/#\/schema\/person\/3fc036297b10b9f42d6db5ee932af8c8"},"headline":"Neuer Eigent\u00fcmer f\u00fcr Logistikzentrum von Brack.ch","datePublished":"2019-01-25T07:43:14+00:00","mainEntityOfPage":{"@id":"https:\/\/www.immobilienbusiness.ch\/de\/regionen\/2019-01-25\/neuer-eigentuemer-fuer-logistikzentrum-von-brack-ch\/"},"wordCount":150,"publisher":{"@id":"https:\/\/www.immobilienbusiness.ch\/#organization"},"image":{"@id":"https:\/\/www.immobilienbusiness.ch\/de\/regionen\/2019-01-25\/neuer-eigentuemer-fuer-logistikzentrum-von-brack-ch\/#primaryimage"},"thumbnailUrl":"https:\/\/www.immobilienbusiness.ch\/wp-content\/uploads\/2019\/01\/Unbenannt.png","keywords":["Immobilienverkauf","Logistikimmobilien","Nordwest-Schweiz","Swiss co"],"articleSection":["REGIONEN"],"inLanguage":"fr-FR"},{"@type":"WebPage","@id":"https:\/\/www.immobilienbusiness.ch\/de\/regionen\/2019-01-25\/neuer-eigentuemer-fuer-logistikzentrum-von-brack-ch\/","url":"https:\/\/www.immobilienbusiness.ch\/de\/regionen\/2019-01-25\/neuer-eigentuemer-fuer-logistikzentrum-von-brack-ch\/","name":"Neuer Eigent\u00fcmer f\u00fcr Logistikzentrum von Brack.ch - IMMOBILIEN Business","isPartOf":{"@id":"https:\/\/www.immobilienbusiness.ch\/#website"},"primaryImageOfPage":{"@id":"https:\/\/www.immobilienbusiness.ch\/de\/regionen\/2019-01-25\/neuer-eigentuemer-fuer-logistikzentrum-von-brack-ch\/#primaryimage"},"image":{"@id":"https:\/\/www.immobilienbusiness.ch\/de\/regionen\/2019-01-25\/neuer-eigentuemer-fuer-logistikzentrum-von-brack-ch\/#primaryimage"},"thumbnailUrl":"https:\/\/www.immobilienbusiness.ch\/wp-content\/uploads\/2019\/01\/Unbenannt.png","datePublished":"2019-01-25T07:43:14+00:00","description":"Der Onlineh\u00e4ndler Brack.ch hat sein Logistikzentrum in Birr (AG) an das Handelsunternehmen Covin verkauft.","breadcrumb":{"@id":"https:\/\/www.immobilienbusiness.ch\/de\/regionen\/2019-01-25\/neuer-eigentuemer-fuer-logistikzentrum-von-brack-ch\/#breadcrumb"},"inLanguage":"fr-FR","potentialAction":[{"@type":"ReadAction","target":["https:\/\/www.immobilienbusiness.ch\/de\/regionen\/2019-01-25\/neuer-eigentuemer-fuer-logistikzentrum-von-brack-ch\/"]}]},{"@type":"ImageObject","inLanguage":"fr-FR","@id":"https:\/\/www.immobilienbusiness.ch\/de\/regionen\/2019-01-25\/neuer-eigentuemer-fuer-logistikzentrum-von-brack-ch\/#primaryimage","url":"https:\/\/www.immobilienbusiness.ch\/wp-content\/uploads\/2019\/01\/Unbenannt.png","contentUrl":"https:\/\/www.immobilienbusiness.ch\/wp-content\/uploads\/2019\/01\/Unbenannt.png","width":644,"height":315,"caption":"Brack.ch hat das Logistikzentrum in Birr verkauft (Bild: Swiss Commercial Invest AG)"},{"@type":"BreadcrumbList","@id":"https:\/\/www.immobilienbusiness.ch\/de\/regionen\/2019-01-25\/neuer-eigentuemer-fuer-logistikzentrum-von-brack-ch\/#breadcrumb","itemListElement":[{"@type":"ListItem","position":1,"name":"Home","item":"https:\/\/www.immobilienbusiness.ch\/"},{"@type":"ListItem","position":2,"name":"Neuer Eigent\u00fcmer f\u00fcr Logistikzentrum von Brack.ch"}]},{"@type":"WebSite","@id":"https:\/\/www.immobilienbusiness.ch\/#website","url":"https:\/\/www.immobilienbusiness.ch\/","name":"IMMOBILIER Business","description":"Magazine \u00e9conomique suisse ind\u00e9pendant ax\u00e9 sur l'immobilier, l'architecture et la construction ainsi que sur les investissements et le financement.","publisher":{"@id":"https:\/\/www.immobilienbusiness.ch\/#organization"},"potentialAction":[{"@type":"SearchAction","target":{"@type":"EntryPoint","urlTemplate":"https:\/\/www.immobilienbusiness.ch\/?s={search_term_string}"},"query-input":{"@type":"PropertyValueSpecification","valueRequired":true,"valueName":"search_term_string"}}],"inLanguage":"fr-FR"},{"@type":"Organization","@id":"https:\/\/www.immobilienbusiness.ch\/#organization","name":"IMMOBILIER Business","url":"https:\/\/www.immobilienbusiness.ch\/","logo":{"@type":"ImageObject","inLanguage":"fr-FR","@id":"https:\/\/www.immobilienbusiness.ch\/#\/schema\/logo\/image\/","url":"https:\/\/www.immobilienbusiness.ch\/wp-content\/uploads\/2021\/07\/logo_ib.png","contentUrl":"https:\/\/www.immobilienbusiness.ch\/wp-content\/uploads\/2021\/07\/logo_ib.png","width":800,"height":181,"caption":"IMMOBILIEN Business"},"image":{"@id":"https:\/\/www.immobilienbusiness.ch\/#\/schema\/logo\/image\/"},"sameAs":["https:\/\/www.facebook.com\/immobilienbusiness\/"]},{"@type":"Person","@id":"https:\/\/www.immobilienbusiness.ch\/#\/schema\/person\/3fc036297b10b9f42d6db5ee932af8c8","name":"anja.hall","image":{"@type":"ImageObject","inLanguage":"fr-FR","@id":"https:\/\/secure.gravatar.com\/avatar\/066b5a0d447013502c71a5782f4f3469f03cfe595cc2329fb94652fe47511bfb?s=96&d=mm&r=g","url":"https:\/\/secure.gravatar.com\/avatar\/066b5a0d447013502c71a5782f4f3469f03cfe595cc2329fb94652fe47511bfb?s=96&d=mm&r=g","contentUrl":"https:\/\/secure.gravatar.com\/avatar\/066b5a0d447013502c71a5782f4f3469f03cfe595cc2329fb94652fe47511bfb?s=96&d=mm&r=g","caption":"anja.hall"},"url":"https:\/\/www.immobilienbusiness.ch\/fr\/author\/anja-hall\/"}]}},"_links":{"self":[{"href":"https:\/\/www.immobilienbusiness.ch\/fr\/wp-json\/wp\/v2\/posts\/15649","targetHints":{"allow":["GET"]}}],"collection":[{"href":"https:\/\/www.immobilienbusiness.ch\/fr\/wp-json\/wp\/v2\/posts"}],"about":[{"href":"https:\/\/www.immobilienbusiness.ch\/fr\/wp-json\/wp\/v2\/types\/post"}],"author":[{"embeddable":true,"href":"https:\/\/www.immobilienbusiness.ch\/fr\/wp-json\/wp\/v2\/users\/3"}],"replies":[{"embeddable":true,"href":"https:\/\/www.immobilienbusiness.ch\/fr\/wp-json\/wp\/v2\/comments?post=15649"}],"version-history":[{"count":0,"href":"https:\/\/www.immobilienbusiness.ch\/fr\/wp-json\/wp\/v2\/posts\/15649\/revisions"}],"wp:featuredmedia":[{"embeddable":true,"href":"https:\/\/www.immobilienbusiness.ch\/fr\/wp-json\/wp\/v2\/media\/15650"}],"wp:attachment":[{"href":"https:\/\/www.immobilienbusiness.ch\/fr\/wp-json\/wp\/v2\/media?parent=15649"}],"wp:term":[{"taxonomy":"category","embeddable":true,"href":"https:\/\/www.immobilienbusiness.ch\/fr\/wp-json\/wp\/v2\/categories?post=15649"},{"taxonomy":"post_tag","embeddable":true,"href":"https:\/\/www.immobilienbusiness.ch\/fr\/wp-json\/wp\/v2\/tags?post=15649"}],"curies":[{"name":"wp","href":"https:\/\/api.w.org\/{rel}","templated":true}]}}