{"id":15631,"date":"2019-01-24T08:45:12","date_gmt":"2019-01-24T07:45:12","guid":{"rendered":"https:\/\/www.immobilienbusiness.ch\/?p=15631"},"modified":"2019-01-24T08:45:12","modified_gmt":"2019-01-24T07:45:12","slug":"zuerich-doch-keine-abstimmung-ueber-kongresszentrum","status":"publish","type":"post","link":"https:\/\/www.immobilienbusiness.ch\/fr\/regionen\/2019-01-24\/zuerich-doch-keine-abstimmung-ueber-kongresszentrum\/","title":{"rendered":"Zurich : pas de vote sur le centre de congr\u00e8s"},"content":{"rendered":"<figure id=\"attachment_7419\" aria-describedby=\"caption-attachment-7419\" style=\"width: 680px\" class=\"wp-caption alignnone\"><img loading=\"lazy\" decoding=\"async\" class=\"size-medium wp-image-7419\" src=\"https:\/\/www.immobilienbusiness.ch\/wp-content\/uploads\/2017\/05\/Z\u00fcrich-Mobimo-stellt-Pl\u00e4ne-f\u00fcr-Kongresszentrum-vor-immobilien-business-768x576.jpg\" alt=\"\" width=\"680\" height=\"510\" \/><figcaption id=\"caption-attachment-7419\" class=\"wp-caption-text\">Sur la rive gauche de la Sihl : Carpark Sihlquai (\u00a9 Roland Fischer, Zurich, CC BY-SA 3.0, Wikimedia Commons)<\/figcaption><\/figure>\n<p>L'IG Kongress-Stadt Z\u00fcrich et le comit\u00e9 d'initiative craignent qu'il ne soit pas possible de gagner une campagne de votation sur l'initiative. En effet, le conseil municipal consid\u00e8re que l'initiative n'est pas l\u00e9gale et a demand\u00e9 en d\u00e9cembre 2018 au conseil municipal de l'invalider. De plus, la majorit\u00e9 rouge-verte du conseil municipal s'est \u00e9galement prononc\u00e9e contre les plans d'un centre de congr\u00e8s international, peut-on lire dans un communiqu\u00e9 de l'IG Kongress-Stadt Z\u00fcrich.<\/p>\n<p>Elle maintient n\u00e9anmoins que le besoin d'un nouveau centre de congr\u00e8s existe, car la demande d'une infrastructure pour des congr\u00e8s pouvant accueillir jusqu'\u00e0 3.000 participants est clairement \u00e9tablie. Le parking pour voitures est \u00e9galement l'endroit id\u00e9al pour cela. L'IG poursuivra donc son objectif par d'autres moyens et lancera \u00e9ventuellement une nouvelle initiative populaire ou d'autres interventions politiques sur ce th\u00e8me \u00e0 une date ult\u00e9rieure, ajoute le communiqu\u00e9. <em>(ah)<\/em><\/p>","protected":false},"excerpt":{"rendered":"<p>Le comit\u00e9 d'initiative retire l'initiative populaire \"Nouveaux emplois au lieu de parkings pour voitures\" pour un centre de congr\u00e8s sur le site du parking pour voitures pr\u00e8s de la gare centrale de Zurich.<\/p>","protected":false},"author":3,"featured_media":7419,"comment_status":"closed","ping_status":"open","sticky":false,"template":"","format":"standard","meta":{"_acf_changed":false,"_yoast_wpseo_focuskw":"Kongresszentrum","_yoast_wpseo_title":"","_yoast_wpseo_metadesc":"Das Komitee zieht die Volksinitiative f\u00fcr ein Kongresszentrum auf dem Carparkplatz-Areal beim Z\u00fcrcher Hauptbahnhof zur\u00fcck.","_yoast_wpseo_linkdex":50,"pgc_sgb_lightbox_settings":"","footnotes":""},"categories":[985],"tags":[1579,1600,1888],"class_list":["post-15631","post","type-post","status-publish","format-standard","has-post-thumbnail","hentry","category-regionen","tag-politik","tag-projekt-in-planung","tag-zuerich"],"acf":[],"yoast_head":"<!-- This site is optimized with the Yoast SEO plugin v27.5 - https:\/\/yoast.com\/product\/yoast-seo-wordpress\/ -->\n<title>Z\u00fcrich: Doch keine Abstimmung \u00fcber Kongresszentrum - IMMOBILIEN Business<\/title>\n<meta name=\"description\" content=\"Das Komitee zieht die Volksinitiative f\u00fcr ein Kongresszentrum auf dem Carparkplatz-Areal beim Z\u00fcrcher Hauptbahnhof zur\u00fcck.\" \/>\n<meta name=\"robots\" content=\"index, follow, max-snippet:-1, max-image-preview:large, max-video-preview:-1\" \/>\n<link rel=\"canonical\" href=\"https:\/\/www.immobilienbusiness.ch\/fr\/regionen\/2019-01-24\/zuerich-doch-keine-abstimmung-ueber-kongresszentrum\/\" \/>\n<meta property=\"og:locale\" content=\"fr_FR\" \/>\n<meta property=\"og:type\" content=\"article\" \/>\n<meta property=\"og:title\" content=\"Z\u00fcrich: Doch keine Abstimmung \u00fcber Kongresszentrum - IMMOBILIEN Business\" \/>\n<meta property=\"og:description\" content=\"Das Komitee zieht die Volksinitiative f\u00fcr ein Kongresszentrum auf dem Carparkplatz-Areal beim Z\u00fcrcher Hauptbahnhof zur\u00fcck.\" \/>\n<meta property=\"og:url\" content=\"https:\/\/www.immobilienbusiness.ch\/fr\/regionen\/2019-01-24\/zuerich-doch-keine-abstimmung-ueber-kongresszentrum\/\" \/>\n<meta property=\"og:site_name\" content=\"IMMOBILIEN Business\" \/>\n<meta property=\"article:publisher\" content=\"https:\/\/www.facebook.com\/immobilienbusiness\/\" \/>\n<meta property=\"article:published_time\" content=\"2019-01-24T07:45:12+00:00\" \/>\n<meta name=\"author\" content=\"anja.hall\" \/>\n<meta name=\"twitter:card\" content=\"summary_large_image\" \/>\n<meta name=\"twitter:image\" content=\"https:\/\/www.immobilienbusiness.ch\/wp-content\/uploads\/2017\/05\/Z\u00fcrich-Mobimo-stellt-Pl\u00e4ne-f\u00fcr-Kongresszentrum-vor-immobilien-business-768x576.jpg\" \/>\n<script type=\"application\/ld+json\" class=\"yoast-schema-graph\">{\"@context\":\"https:\\\/\\\/schema.org\",\"@graph\":[{\"@type\":\"Article\",\"@id\":\"https:\\\/\\\/www.immobilienbusiness.ch\\\/de\\\/regionen\\\/2019-01-24\\\/zuerich-doch-keine-abstimmung-ueber-kongresszentrum\\\/#article\",\"isPartOf\":{\"@id\":\"https:\\\/\\\/www.immobilienbusiness.ch\\\/de\\\/regionen\\\/2019-01-24\\\/zuerich-doch-keine-abstimmung-ueber-kongresszentrum\\\/\"},\"author\":{\"name\":\"anja.hall\",\"@id\":\"https:\\\/\\\/www.immobilienbusiness.ch\\\/#\\\/schema\\\/person\\\/3fc036297b10b9f42d6db5ee932af8c8\"},\"headline\":\"Z\u00fcrich: Doch keine Abstimmung \u00fcber Kongresszentrum\",\"datePublished\":\"2019-01-24T07:45:12+00:00\",\"mainEntityOfPage\":{\"@id\":\"https:\\\/\\\/www.immobilienbusiness.ch\\\/de\\\/regionen\\\/2019-01-24\\\/zuerich-doch-keine-abstimmung-ueber-kongresszentrum\\\/\"},\"wordCount\":183,\"publisher\":{\"@id\":\"https:\\\/\\\/www.immobilienbusiness.ch\\\/#organization\"},\"image\":{\"@id\":\"https:\\\/\\\/www.immobilienbusiness.ch\\\/de\\\/regionen\\\/2019-01-24\\\/zuerich-doch-keine-abstimmung-ueber-kongresszentrum\\\/#primaryimage\"},\"thumbnailUrl\":\"https:\\\/\\\/www.immobilienbusiness.ch\\\/wp-content\\\/uploads\\\/2017\\\/05\\\/Zuerich-Mobimo-stellt-Plaene-fuer-Kongresszentrum-vor-immobilien-business-768x576-1.jpg\",\"keywords\":[\"Politik\",\"Projekt in Planung\",\"Z\u00fcrich\"],\"articleSection\":[\"REGIONEN\"],\"inLanguage\":\"fr-FR\"},{\"@type\":\"WebPage\",\"@id\":\"https:\\\/\\\/www.immobilienbusiness.ch\\\/de\\\/regionen\\\/2019-01-24\\\/zuerich-doch-keine-abstimmung-ueber-kongresszentrum\\\/\",\"url\":\"https:\\\/\\\/www.immobilienbusiness.ch\\\/de\\\/regionen\\\/2019-01-24\\\/zuerich-doch-keine-abstimmung-ueber-kongresszentrum\\\/\",\"name\":\"Z\u00fcrich: Doch keine Abstimmung \u00fcber Kongresszentrum - IMMOBILIEN Business\",\"isPartOf\":{\"@id\":\"https:\\\/\\\/www.immobilienbusiness.ch\\\/#website\"},\"primaryImageOfPage\":{\"@id\":\"https:\\\/\\\/www.immobilienbusiness.ch\\\/de\\\/regionen\\\/2019-01-24\\\/zuerich-doch-keine-abstimmung-ueber-kongresszentrum\\\/#primaryimage\"},\"image\":{\"@id\":\"https:\\\/\\\/www.immobilienbusiness.ch\\\/de\\\/regionen\\\/2019-01-24\\\/zuerich-doch-keine-abstimmung-ueber-kongresszentrum\\\/#primaryimage\"},\"thumbnailUrl\":\"https:\\\/\\\/www.immobilienbusiness.ch\\\/wp-content\\\/uploads\\\/2017\\\/05\\\/Zuerich-Mobimo-stellt-Plaene-fuer-Kongresszentrum-vor-immobilien-business-768x576-1.jpg\",\"datePublished\":\"2019-01-24T07:45:12+00:00\",\"description\":\"Das Komitee zieht die Volksinitiative f\u00fcr ein Kongresszentrum auf dem Carparkplatz-Areal beim Z\u00fcrcher Hauptbahnhof zur\u00fcck.\",\"breadcrumb\":{\"@id\":\"https:\\\/\\\/www.immobilienbusiness.ch\\\/de\\\/regionen\\\/2019-01-24\\\/zuerich-doch-keine-abstimmung-ueber-kongresszentrum\\\/#breadcrumb\"},\"inLanguage\":\"fr-FR\",\"potentialAction\":[{\"@type\":\"ReadAction\",\"target\":[\"https:\\\/\\\/www.immobilienbusiness.ch\\\/de\\\/regionen\\\/2019-01-24\\\/zuerich-doch-keine-abstimmung-ueber-kongresszentrum\\\/\"]}]},{\"@type\":\"ImageObject\",\"inLanguage\":\"fr-FR\",\"@id\":\"https:\\\/\\\/www.immobilienbusiness.ch\\\/de\\\/regionen\\\/2019-01-24\\\/zuerich-doch-keine-abstimmung-ueber-kongresszentrum\\\/#primaryimage\",\"url\":\"https:\\\/\\\/www.immobilienbusiness.ch\\\/wp-content\\\/uploads\\\/2017\\\/05\\\/Zuerich-Mobimo-stellt-Plaene-fuer-Kongresszentrum-vor-immobilien-business-768x576-1.jpg\",\"contentUrl\":\"https:\\\/\\\/www.immobilienbusiness.ch\\\/wp-content\\\/uploads\\\/2017\\\/05\\\/Zuerich-Mobimo-stellt-Plaene-fuer-Kongresszentrum-vor-immobilien-business-768x576-1.jpg\",\"width\":768,\"height\":576,\"caption\":\"Am linken Ufer der Sihl: Carpark Sihlquai (\u00a9 Roland Fischer, Z\u00fcrich, CC BY-SA 3.0, Wikimedia Commons\"},{\"@type\":\"BreadcrumbList\",\"@id\":\"https:\\\/\\\/www.immobilienbusiness.ch\\\/de\\\/regionen\\\/2019-01-24\\\/zuerich-doch-keine-abstimmung-ueber-kongresszentrum\\\/#breadcrumb\",\"itemListElement\":[{\"@type\":\"ListItem\",\"position\":1,\"name\":\"Home\",\"item\":\"https:\\\/\\\/www.immobilienbusiness.ch\\\/\"},{\"@type\":\"ListItem\",\"position\":2,\"name\":\"Z\u00fcrich: Doch keine Abstimmung \u00fcber Kongresszentrum\"}]},{\"@type\":\"WebSite\",\"@id\":\"https:\\\/\\\/www.immobilienbusiness.ch\\\/#website\",\"url\":\"https:\\\/\\\/www.immobilienbusiness.ch\\\/\",\"name\":\"IMMOBILIEN Business\",\"description\":\"Unabh\u00e4ngiges Schweizer Wirtschaftsmagazin mit Fokus auf Immobilien, Architektur- und Bau sowie Investment- und Finanzierung.\",\"publisher\":{\"@id\":\"https:\\\/\\\/www.immobilienbusiness.ch\\\/#organization\"},\"potentialAction\":[{\"@type\":\"SearchAction\",\"target\":{\"@type\":\"EntryPoint\",\"urlTemplate\":\"https:\\\/\\\/www.immobilienbusiness.ch\\\/?s={search_term_string}\"},\"query-input\":{\"@type\":\"PropertyValueSpecification\",\"valueRequired\":true,\"valueName\":\"search_term_string\"}}],\"inLanguage\":\"fr-FR\"},{\"@type\":\"Organization\",\"@id\":\"https:\\\/\\\/www.immobilienbusiness.ch\\\/#organization\",\"name\":\"IMMOBILIEN Business\",\"url\":\"https:\\\/\\\/www.immobilienbusiness.ch\\\/\",\"logo\":{\"@type\":\"ImageObject\",\"inLanguage\":\"fr-FR\",\"@id\":\"https:\\\/\\\/www.immobilienbusiness.ch\\\/#\\\/schema\\\/logo\\\/image\\\/\",\"url\":\"https:\\\/\\\/www.immobilienbusiness.ch\\\/wp-content\\\/uploads\\\/2021\\\/07\\\/logo_ib.png\",\"contentUrl\":\"https:\\\/\\\/www.immobilienbusiness.ch\\\/wp-content\\\/uploads\\\/2021\\\/07\\\/logo_ib.png\",\"width\":800,\"height\":181,\"caption\":\"IMMOBILIEN Business\"},\"image\":{\"@id\":\"https:\\\/\\\/www.immobilienbusiness.ch\\\/#\\\/schema\\\/logo\\\/image\\\/\"},\"sameAs\":[\"https:\\\/\\\/www.facebook.com\\\/immobilienbusiness\\\/\"]},{\"@type\":\"Person\",\"@id\":\"https:\\\/\\\/www.immobilienbusiness.ch\\\/#\\\/schema\\\/person\\\/3fc036297b10b9f42d6db5ee932af8c8\",\"name\":\"anja.hall\",\"image\":{\"@type\":\"ImageObject\",\"inLanguage\":\"fr-FR\",\"@id\":\"https:\\\/\\\/secure.gravatar.com\\\/avatar\\\/066b5a0d447013502c71a5782f4f3469f03cfe595cc2329fb94652fe47511bfb?s=96&d=mm&r=g\",\"url\":\"https:\\\/\\\/secure.gravatar.com\\\/avatar\\\/066b5a0d447013502c71a5782f4f3469f03cfe595cc2329fb94652fe47511bfb?s=96&d=mm&r=g\",\"contentUrl\":\"https:\\\/\\\/secure.gravatar.com\\\/avatar\\\/066b5a0d447013502c71a5782f4f3469f03cfe595cc2329fb94652fe47511bfb?s=96&d=mm&r=g\",\"caption\":\"anja.hall\"},\"url\":\"https:\\\/\\\/www.immobilienbusiness.ch\\\/fr\\\/author\\\/anja-hall\\\/\"}]}<\/script>\n<!-- \/ Yoast SEO plugin. -->","yoast_head_json":{"title":"Z\u00fcrich: Doch keine Abstimmung \u00fcber Kongresszentrum - IMMOBILIEN Business","description":"Das Komitee zieht die Volksinitiative f\u00fcr ein Kongresszentrum auf dem Carparkplatz-Areal beim Z\u00fcrcher Hauptbahnhof zur\u00fcck.","robots":{"index":"index","follow":"follow","max-snippet":"max-snippet:-1","max-image-preview":"max-image-preview:large","max-video-preview":"max-video-preview:-1"},"canonical":"https:\/\/www.immobilienbusiness.ch\/fr\/regionen\/2019-01-24\/zuerich-doch-keine-abstimmung-ueber-kongresszentrum\/","og_locale":"fr_FR","og_type":"article","og_title":"Z\u00fcrich: Doch keine Abstimmung \u00fcber Kongresszentrum - IMMOBILIEN Business","og_description":"Das Komitee zieht die Volksinitiative f\u00fcr ein Kongresszentrum auf dem Carparkplatz-Areal beim Z\u00fcrcher Hauptbahnhof zur\u00fcck.","og_url":"https:\/\/www.immobilienbusiness.ch\/fr\/regionen\/2019-01-24\/zuerich-doch-keine-abstimmung-ueber-kongresszentrum\/","og_site_name":"IMMOBILIEN Business","article_publisher":"https:\/\/www.facebook.com\/immobilienbusiness\/","article_published_time":"2019-01-24T07:45:12+00:00","author":"anja.hall","twitter_card":"summary_large_image","twitter_image":"https:\/\/www.immobilienbusiness.ch\/wp-content\/uploads\/2017\/05\/Z\u00fcrich-Mobimo-stellt-Pl\u00e4ne-f\u00fcr-Kongresszentrum-vor-immobilien-business-768x576.jpg","schema":{"@context":"https:\/\/schema.org","@graph":[{"@type":"Article","@id":"https:\/\/www.immobilienbusiness.ch\/de\/regionen\/2019-01-24\/zuerich-doch-keine-abstimmung-ueber-kongresszentrum\/#article","isPartOf":{"@id":"https:\/\/www.immobilienbusiness.ch\/de\/regionen\/2019-01-24\/zuerich-doch-keine-abstimmung-ueber-kongresszentrum\/"},"author":{"name":"anja.hall","@id":"https:\/\/www.immobilienbusiness.ch\/#\/schema\/person\/3fc036297b10b9f42d6db5ee932af8c8"},"headline":"Z\u00fcrich: Doch keine Abstimmung \u00fcber Kongresszentrum","datePublished":"2019-01-24T07:45:12+00:00","mainEntityOfPage":{"@id":"https:\/\/www.immobilienbusiness.ch\/de\/regionen\/2019-01-24\/zuerich-doch-keine-abstimmung-ueber-kongresszentrum\/"},"wordCount":183,"publisher":{"@id":"https:\/\/www.immobilienbusiness.ch\/#organization"},"image":{"@id":"https:\/\/www.immobilienbusiness.ch\/de\/regionen\/2019-01-24\/zuerich-doch-keine-abstimmung-ueber-kongresszentrum\/#primaryimage"},"thumbnailUrl":"https:\/\/www.immobilienbusiness.ch\/wp-content\/uploads\/2017\/05\/Zuerich-Mobimo-stellt-Plaene-fuer-Kongresszentrum-vor-immobilien-business-768x576-1.jpg","keywords":["Politik","Projekt in Planung","Z\u00fcrich"],"articleSection":["REGIONEN"],"inLanguage":"fr-FR"},{"@type":"WebPage","@id":"https:\/\/www.immobilienbusiness.ch\/de\/regionen\/2019-01-24\/zuerich-doch-keine-abstimmung-ueber-kongresszentrum\/","url":"https:\/\/www.immobilienbusiness.ch\/de\/regionen\/2019-01-24\/zuerich-doch-keine-abstimmung-ueber-kongresszentrum\/","name":"Z\u00fcrich: Doch keine Abstimmung \u00fcber Kongresszentrum - IMMOBILIEN Business","isPartOf":{"@id":"https:\/\/www.immobilienbusiness.ch\/#website"},"primaryImageOfPage":{"@id":"https:\/\/www.immobilienbusiness.ch\/de\/regionen\/2019-01-24\/zuerich-doch-keine-abstimmung-ueber-kongresszentrum\/#primaryimage"},"image":{"@id":"https:\/\/www.immobilienbusiness.ch\/de\/regionen\/2019-01-24\/zuerich-doch-keine-abstimmung-ueber-kongresszentrum\/#primaryimage"},"thumbnailUrl":"https:\/\/www.immobilienbusiness.ch\/wp-content\/uploads\/2017\/05\/Zuerich-Mobimo-stellt-Plaene-fuer-Kongresszentrum-vor-immobilien-business-768x576-1.jpg","datePublished":"2019-01-24T07:45:12+00:00","description":"Das Komitee zieht die Volksinitiative f\u00fcr ein Kongresszentrum auf dem Carparkplatz-Areal beim Z\u00fcrcher Hauptbahnhof zur\u00fcck.","breadcrumb":{"@id":"https:\/\/www.immobilienbusiness.ch\/de\/regionen\/2019-01-24\/zuerich-doch-keine-abstimmung-ueber-kongresszentrum\/#breadcrumb"},"inLanguage":"fr-FR","potentialAction":[{"@type":"ReadAction","target":["https:\/\/www.immobilienbusiness.ch\/de\/regionen\/2019-01-24\/zuerich-doch-keine-abstimmung-ueber-kongresszentrum\/"]}]},{"@type":"ImageObject","inLanguage":"fr-FR","@id":"https:\/\/www.immobilienbusiness.ch\/de\/regionen\/2019-01-24\/zuerich-doch-keine-abstimmung-ueber-kongresszentrum\/#primaryimage","url":"https:\/\/www.immobilienbusiness.ch\/wp-content\/uploads\/2017\/05\/Zuerich-Mobimo-stellt-Plaene-fuer-Kongresszentrum-vor-immobilien-business-768x576-1.jpg","contentUrl":"https:\/\/www.immobilienbusiness.ch\/wp-content\/uploads\/2017\/05\/Zuerich-Mobimo-stellt-Plaene-fuer-Kongresszentrum-vor-immobilien-business-768x576-1.jpg","width":768,"height":576,"caption":"Am linken Ufer der Sihl: Carpark Sihlquai (\u00a9 Roland Fischer, Z\u00fcrich, CC BY-SA 3.0, Wikimedia Commons"},{"@type":"BreadcrumbList","@id":"https:\/\/www.immobilienbusiness.ch\/de\/regionen\/2019-01-24\/zuerich-doch-keine-abstimmung-ueber-kongresszentrum\/#breadcrumb","itemListElement":[{"@type":"ListItem","position":1,"name":"Home","item":"https:\/\/www.immobilienbusiness.ch\/"},{"@type":"ListItem","position":2,"name":"Z\u00fcrich: Doch keine Abstimmung \u00fcber Kongresszentrum"}]},{"@type":"WebSite","@id":"https:\/\/www.immobilienbusiness.ch\/#website","url":"https:\/\/www.immobilienbusiness.ch\/","name":"IMMOBILIER Business","description":"Magazine \u00e9conomique suisse ind\u00e9pendant ax\u00e9 sur l'immobilier, l'architecture et la construction ainsi que sur les investissements et le financement.","publisher":{"@id":"https:\/\/www.immobilienbusiness.ch\/#organization"},"potentialAction":[{"@type":"SearchAction","target":{"@type":"EntryPoint","urlTemplate":"https:\/\/www.immobilienbusiness.ch\/?s={search_term_string}"},"query-input":{"@type":"PropertyValueSpecification","valueRequired":true,"valueName":"search_term_string"}}],"inLanguage":"fr-FR"},{"@type":"Organization","@id":"https:\/\/www.immobilienbusiness.ch\/#organization","name":"IMMOBILIER Business","url":"https:\/\/www.immobilienbusiness.ch\/","logo":{"@type":"ImageObject","inLanguage":"fr-FR","@id":"https:\/\/www.immobilienbusiness.ch\/#\/schema\/logo\/image\/","url":"https:\/\/www.immobilienbusiness.ch\/wp-content\/uploads\/2021\/07\/logo_ib.png","contentUrl":"https:\/\/www.immobilienbusiness.ch\/wp-content\/uploads\/2021\/07\/logo_ib.png","width":800,"height":181,"caption":"IMMOBILIEN Business"},"image":{"@id":"https:\/\/www.immobilienbusiness.ch\/#\/schema\/logo\/image\/"},"sameAs":["https:\/\/www.facebook.com\/immobilienbusiness\/"]},{"@type":"Person","@id":"https:\/\/www.immobilienbusiness.ch\/#\/schema\/person\/3fc036297b10b9f42d6db5ee932af8c8","name":"anja.hall","image":{"@type":"ImageObject","inLanguage":"fr-FR","@id":"https:\/\/secure.gravatar.com\/avatar\/066b5a0d447013502c71a5782f4f3469f03cfe595cc2329fb94652fe47511bfb?s=96&d=mm&r=g","url":"https:\/\/secure.gravatar.com\/avatar\/066b5a0d447013502c71a5782f4f3469f03cfe595cc2329fb94652fe47511bfb?s=96&d=mm&r=g","contentUrl":"https:\/\/secure.gravatar.com\/avatar\/066b5a0d447013502c71a5782f4f3469f03cfe595cc2329fb94652fe47511bfb?s=96&d=mm&r=g","caption":"anja.hall"},"url":"https:\/\/www.immobilienbusiness.ch\/fr\/author\/anja-hall\/"}]}},"_links":{"self":[{"href":"https:\/\/www.immobilienbusiness.ch\/fr\/wp-json\/wp\/v2\/posts\/15631","targetHints":{"allow":["GET"]}}],"collection":[{"href":"https:\/\/www.immobilienbusiness.ch\/fr\/wp-json\/wp\/v2\/posts"}],"about":[{"href":"https:\/\/www.immobilienbusiness.ch\/fr\/wp-json\/wp\/v2\/types\/post"}],"author":[{"embeddable":true,"href":"https:\/\/www.immobilienbusiness.ch\/fr\/wp-json\/wp\/v2\/users\/3"}],"replies":[{"embeddable":true,"href":"https:\/\/www.immobilienbusiness.ch\/fr\/wp-json\/wp\/v2\/comments?post=15631"}],"version-history":[{"count":0,"href":"https:\/\/www.immobilienbusiness.ch\/fr\/wp-json\/wp\/v2\/posts\/15631\/revisions"}],"wp:featuredmedia":[{"embeddable":true,"href":"https:\/\/www.immobilienbusiness.ch\/fr\/wp-json\/wp\/v2\/media\/7419"}],"wp:attachment":[{"href":"https:\/\/www.immobilienbusiness.ch\/fr\/wp-json\/wp\/v2\/media?parent=15631"}],"wp:term":[{"taxonomy":"category","embeddable":true,"href":"https:\/\/www.immobilienbusiness.ch\/fr\/wp-json\/wp\/v2\/categories?post=15631"},{"taxonomy":"post_tag","embeddable":true,"href":"https:\/\/www.immobilienbusiness.ch\/fr\/wp-json\/wp\/v2\/tags?post=15631"}],"curies":[{"name":"wp","href":"https:\/\/api.w.org\/{rel}","templated":true}]}}