{"id":1549,"date":"2015-11-16T09:32:14","date_gmt":"2015-11-16T08:32:14","guid":{"rendered":"http:\/\/dev.immobilienbusiness.ch\/?p=1549"},"modified":"2015-11-16T09:32:14","modified_gmt":"2015-11-16T08:32:14","slug":"meggen-siedlung-neuhuspark-in-der-vermarktung","status":"publish","type":"post","link":"https:\/\/www.immobilienbusiness.ch\/fr\/residential\/2015-11-16\/meggen-siedlung-neuhuspark-in-der-vermarktung\/","title":{"rendered":"Meggen : le lotissement Neuhuspark en cours de commercialisation"},"content":{"rendered":"<figure id=\"attachment_1550\" aria-describedby=\"caption-attachment-1550\" style=\"width: 680px\" class=\"wp-caption alignnone\"><img loading=\"lazy\" decoding=\"async\" class=\"size-medium wp-image-1550\" src=\"https:\/\/immobilienbusiness.ch\/wp-content\/uploads\/2016\/12\/Meggen-Siedlung-Neuhuspark-in-der-Vermarktung-immobilien-business.jpg\" alt=\"Neuhuspark Meggen (Visualisierung: Alfred M\u00fcller AG)\" width=\"680\" height=\"340\" srcset=\"https:\/\/www.immobilienbusiness.ch\/wp-content\/uploads\/2016\/12\/Meggen-Siedlung-Neuhuspark-in-der-Vermarktung-immobilien-business.jpg 2000w, https:\/\/www.immobilienbusiness.ch\/wp-content\/uploads\/2016\/12\/Meggen-Siedlung-Neuhuspark-in-der-Vermarktung-immobilien-business-300x150.jpg 300w, https:\/\/www.immobilienbusiness.ch\/wp-content\/uploads\/2016\/12\/Meggen-Siedlung-Neuhuspark-in-der-Vermarktung-immobilien-business-1024x512.jpg 1024w, https:\/\/www.immobilienbusiness.ch\/wp-content\/uploads\/2016\/12\/Meggen-Siedlung-Neuhuspark-in-der-Vermarktung-immobilien-business-768x384.jpg 768w, https:\/\/www.immobilienbusiness.ch\/wp-content\/uploads\/2016\/12\/Meggen-Siedlung-Neuhuspark-in-der-Vermarktung-immobilien-business-1536x768.jpg 1536w, https:\/\/www.immobilienbusiness.ch\/wp-content\/uploads\/2016\/12\/Meggen-Siedlung-Neuhuspark-in-der-Vermarktung-immobilien-business-16x8.jpg 16w, https:\/\/www.immobilienbusiness.ch\/wp-content\/uploads\/2016\/12\/Meggen-Siedlung-Neuhuspark-in-der-Vermarktung-immobilien-business-350x175.jpg 350w, https:\/\/www.immobilienbusiness.ch\/wp-content\/uploads\/2016\/12\/Meggen-Siedlung-Neuhuspark-in-der-Vermarktung-immobilien-business-700x350.jpg 700w, https:\/\/www.immobilienbusiness.ch\/wp-content\/uploads\/2016\/12\/Meggen-Siedlung-Neuhuspark-in-der-Vermarktung-immobilien-business-1600x800.jpg 1600w, https:\/\/www.immobilienbusiness.ch\/wp-content\/uploads\/2016\/12\/Meggen-Siedlung-Neuhuspark-in-der-Vermarktung-immobilien-business-920x460.jpg 920w, https:\/\/www.immobilienbusiness.ch\/wp-content\/uploads\/2016\/12\/Meggen-Siedlung-Neuhuspark-in-der-Vermarktung-immobilien-business-1400x700.jpg 1400w\" sizes=\"auto, (max-width: 680px) 100vw, 680px\" \/><figcaption id=\"caption-attachment-1550\" class=\"wp-caption-text\">Neuhuspark Meggen (Visualisation : Alfred M\u00fcller AG)<\/figcaption><\/figure>\n<p>Le lotissement Neuhuspark se compose de 32 appartements en copropri\u00e9t\u00e9 de 3,5 \u00e0 5,5 pi\u00e8ces r\u00e9partis en trois corps de b\u00e2timent. Les appartements devraient \u00eatre pr\u00eats \u00e0 \u00eatre occup\u00e9s \u00e0 partir de mars 2017. Par la suite, Alfred M\u00fcller AG mettra \u00e9galement en location six appartements de 4,5 pi\u00e8ces du lotissement. Le lotissement Neuhuspark sera construit selon la norme Minergie. (ah)<\/p>","protected":false},"excerpt":{"rendered":"<p>Le 16 novembre 2015, Alfred M\u00fcller AG lancera la commercialisation de son projet de construction de logements dans la commune lucernoise de Meggen.<\/p>","protected":false},"author":1,"featured_media":1550,"comment_status":"open","ping_status":"open","sticky":false,"template":"","format":"standard","meta":{"_acf_changed":false,"_yoast_wpseo_focuskw":"Eigentumswohnungen Meggen","_yoast_wpseo_title":"Eigentumswohnungen Meggen: Neuhuspark in der Vermarktung","_yoast_wpseo_metadesc":"Die Siedlung Neuhuspark in Meggen bietet ab M\u00e4rz 2017 moderne Eigentumswohnungen im Minergie-Standard. Mehr zu den Immobilien im Kanton Luzern.","_yoast_wpseo_linkdex":51,"pgc_sgb_lightbox_settings":"","footnotes":""},"categories":[986],"tags":[1459,1639,1862],"class_list":["post-1549","post","type-post","status-publish","format-standard","has-post-thumbnail","hentry","category-residential","tag-luzern","tag-residential","tag-wohnen"],"acf":[],"yoast_head":"<!-- This site is optimized with the Yoast SEO plugin v27.4 - https:\/\/yoast.com\/product\/yoast-seo-wordpress\/ -->\n<title>Eigentumswohnungen Meggen: Neuhuspark in der Vermarktung<\/title>\n<meta name=\"description\" content=\"Die Siedlung Neuhuspark in Meggen bietet ab M\u00e4rz 2017 moderne Eigentumswohnungen im Minergie-Standard. Mehr zu den Immobilien im Kanton Luzern.\" \/>\n<meta name=\"robots\" content=\"index, follow, max-snippet:-1, max-image-preview:large, max-video-preview:-1\" \/>\n<link rel=\"canonical\" href=\"https:\/\/www.immobilienbusiness.ch\/fr\/residential\/2015-11-16\/meggen-siedlung-neuhuspark-in-der-vermarktung\/\" \/>\n<meta property=\"og:locale\" content=\"fr_FR\" \/>\n<meta property=\"og:type\" content=\"article\" \/>\n<meta property=\"og:title\" content=\"Meggen: Siedlung Neuhuspark in der Vermarktung\" \/>\n<meta property=\"og:description\" content=\"Am 16. November 2015 startet die Alfred M\u00fcller AG mit der Vermarktung ihrer Wohn\u00fcberbauung in der Luzerner Vorortgemeinde Meggen.\" \/>\n<meta property=\"og:url\" content=\"https:\/\/www.immobilienbusiness.ch\/fr\/residential\/2015-11-16\/meggen-siedlung-neuhuspark-in-der-vermarktung\/\" \/>\n<meta property=\"og:site_name\" content=\"IMMOBILIEN Business\" \/>\n<meta property=\"article:publisher\" content=\"https:\/\/www.facebook.com\/immobilienbusiness\/\" \/>\n<meta property=\"article:published_time\" content=\"2015-11-16T08:32:14+00:00\" \/>\n<meta name=\"author\" content=\"Redaktion\" \/>\n<meta name=\"twitter:card\" content=\"summary_large_image\" \/>\n<meta name=\"twitter:image\" content=\"https:\/\/www.immobilienbusiness.ch\/wp-content\/uploads\/2016\/12\/Meggen-Siedlung-Neuhuspark-in-der-Vermarktung-immobilien-business.jpg\" \/>\n<script type=\"application\/ld+json\" class=\"yoast-schema-graph\">{\"@context\":\"https:\\\/\\\/schema.org\",\"@graph\":[{\"@type\":\"Article\",\"@id\":\"https:\\\/\\\/www.immobilienbusiness.ch\\\/residential\\\/2015-11-16\\\/meggen-siedlung-neuhuspark-in-der-vermarktung\\\/#article\",\"isPartOf\":{\"@id\":\"https:\\\/\\\/www.immobilienbusiness.ch\\\/residential\\\/2015-11-16\\\/meggen-siedlung-neuhuspark-in-der-vermarktung\\\/\"},\"author\":{\"name\":\"Redaktion\",\"@id\":\"https:\\\/\\\/www.immobilienbusiness.ch\\\/#\\\/schema\\\/person\\\/aa2bace6c5c5aad60102004a50c4eb1c\"},\"headline\":\"Meggen: Siedlung Neuhuspark in der Vermarktung\",\"datePublished\":\"2015-11-16T08:32:14+00:00\",\"mainEntityOfPage\":{\"@id\":\"https:\\\/\\\/www.immobilienbusiness.ch\\\/residential\\\/2015-11-16\\\/meggen-siedlung-neuhuspark-in-der-vermarktung\\\/\"},\"wordCount\":66,\"commentCount\":0,\"publisher\":{\"@id\":\"https:\\\/\\\/www.immobilienbusiness.ch\\\/#organization\"},\"image\":{\"@id\":\"https:\\\/\\\/www.immobilienbusiness.ch\\\/residential\\\/2015-11-16\\\/meggen-siedlung-neuhuspark-in-der-vermarktung\\\/#primaryimage\"},\"thumbnailUrl\":\"https:\\\/\\\/www.immobilienbusiness.ch\\\/wp-content\\\/uploads\\\/2016\\\/12\\\/Meggen-Siedlung-Neuhuspark-in-der-Vermarktung-immobilien-business.jpg\",\"keywords\":[\"Luzern\",\"Residential\",\"Wohnen\"],\"articleSection\":[\"RESIDENTIAL\"],\"inLanguage\":\"fr-FR\"},{\"@type\":\"WebPage\",\"@id\":\"https:\\\/\\\/www.immobilienbusiness.ch\\\/residential\\\/2015-11-16\\\/meggen-siedlung-neuhuspark-in-der-vermarktung\\\/\",\"url\":\"https:\\\/\\\/www.immobilienbusiness.ch\\\/residential\\\/2015-11-16\\\/meggen-siedlung-neuhuspark-in-der-vermarktung\\\/\",\"name\":\"Eigentumswohnungen Meggen: Neuhuspark in der Vermarktung\",\"isPartOf\":{\"@id\":\"https:\\\/\\\/www.immobilienbusiness.ch\\\/#website\"},\"primaryImageOfPage\":{\"@id\":\"https:\\\/\\\/www.immobilienbusiness.ch\\\/residential\\\/2015-11-16\\\/meggen-siedlung-neuhuspark-in-der-vermarktung\\\/#primaryimage\"},\"image\":{\"@id\":\"https:\\\/\\\/www.immobilienbusiness.ch\\\/residential\\\/2015-11-16\\\/meggen-siedlung-neuhuspark-in-der-vermarktung\\\/#primaryimage\"},\"thumbnailUrl\":\"https:\\\/\\\/www.immobilienbusiness.ch\\\/wp-content\\\/uploads\\\/2016\\\/12\\\/Meggen-Siedlung-Neuhuspark-in-der-Vermarktung-immobilien-business.jpg\",\"datePublished\":\"2015-11-16T08:32:14+00:00\",\"description\":\"Die Siedlung Neuhuspark in Meggen bietet ab M\u00e4rz 2017 moderne Eigentumswohnungen im Minergie-Standard. Mehr zu den Immobilien im Kanton Luzern.\",\"breadcrumb\":{\"@id\":\"https:\\\/\\\/www.immobilienbusiness.ch\\\/residential\\\/2015-11-16\\\/meggen-siedlung-neuhuspark-in-der-vermarktung\\\/#breadcrumb\"},\"inLanguage\":\"fr-FR\",\"potentialAction\":[{\"@type\":\"ReadAction\",\"target\":[\"https:\\\/\\\/www.immobilienbusiness.ch\\\/residential\\\/2015-11-16\\\/meggen-siedlung-neuhuspark-in-der-vermarktung\\\/\"]}]},{\"@type\":\"ImageObject\",\"inLanguage\":\"fr-FR\",\"@id\":\"https:\\\/\\\/www.immobilienbusiness.ch\\\/residential\\\/2015-11-16\\\/meggen-siedlung-neuhuspark-in-der-vermarktung\\\/#primaryimage\",\"url\":\"https:\\\/\\\/www.immobilienbusiness.ch\\\/wp-content\\\/uploads\\\/2016\\\/12\\\/Meggen-Siedlung-Neuhuspark-in-der-Vermarktung-immobilien-business.jpg\",\"contentUrl\":\"https:\\\/\\\/www.immobilienbusiness.ch\\\/wp-content\\\/uploads\\\/2016\\\/12\\\/Meggen-Siedlung-Neuhuspark-in-der-Vermarktung-immobilien-business.jpg\",\"width\":2000,\"height\":1000,\"caption\":\"Neuhuspark Meggen (Visualisierung: Alfred M\u00fcller AG)\"},{\"@type\":\"BreadcrumbList\",\"@id\":\"https:\\\/\\\/www.immobilienbusiness.ch\\\/residential\\\/2015-11-16\\\/meggen-siedlung-neuhuspark-in-der-vermarktung\\\/#breadcrumb\",\"itemListElement\":[{\"@type\":\"ListItem\",\"position\":1,\"name\":\"Home\",\"item\":\"https:\\\/\\\/www.immobilienbusiness.ch\\\/\"},{\"@type\":\"ListItem\",\"position\":2,\"name\":\"Meggen: Siedlung Neuhuspark in der Vermarktung\"}]},{\"@type\":\"WebSite\",\"@id\":\"https:\\\/\\\/www.immobilienbusiness.ch\\\/#website\",\"url\":\"https:\\\/\\\/www.immobilienbusiness.ch\\\/\",\"name\":\"IMMOBILIEN Business\",\"description\":\"Unabh\u00e4ngiges Schweizer Wirtschaftsmagazin mit Fokus auf Immobilien, Architektur- und Bau sowie Investment- und Finanzierung.\",\"publisher\":{\"@id\":\"https:\\\/\\\/www.immobilienbusiness.ch\\\/#organization\"},\"potentialAction\":[{\"@type\":\"SearchAction\",\"target\":{\"@type\":\"EntryPoint\",\"urlTemplate\":\"https:\\\/\\\/www.immobilienbusiness.ch\\\/?s={search_term_string}\"},\"query-input\":{\"@type\":\"PropertyValueSpecification\",\"valueRequired\":true,\"valueName\":\"search_term_string\"}}],\"inLanguage\":\"fr-FR\"},{\"@type\":\"Organization\",\"@id\":\"https:\\\/\\\/www.immobilienbusiness.ch\\\/#organization\",\"name\":\"IMMOBILIEN Business\",\"url\":\"https:\\\/\\\/www.immobilienbusiness.ch\\\/\",\"logo\":{\"@type\":\"ImageObject\",\"inLanguage\":\"fr-FR\",\"@id\":\"https:\\\/\\\/www.immobilienbusiness.ch\\\/#\\\/schema\\\/logo\\\/image\\\/\",\"url\":\"https:\\\/\\\/www.immobilienbusiness.ch\\\/wp-content\\\/uploads\\\/2021\\\/07\\\/logo_ib.png\",\"contentUrl\":\"https:\\\/\\\/www.immobilienbusiness.ch\\\/wp-content\\\/uploads\\\/2021\\\/07\\\/logo_ib.png\",\"width\":800,\"height\":181,\"caption\":\"IMMOBILIEN Business\"},\"image\":{\"@id\":\"https:\\\/\\\/www.immobilienbusiness.ch\\\/#\\\/schema\\\/logo\\\/image\\\/\"},\"sameAs\":[\"https:\\\/\\\/www.facebook.com\\\/immobilienbusiness\\\/\"]},{\"@type\":\"Person\",\"@id\":\"https:\\\/\\\/www.immobilienbusiness.ch\\\/#\\\/schema\\\/person\\\/aa2bace6c5c5aad60102004a50c4eb1c\",\"name\":\"Redaktion\",\"image\":{\"@type\":\"ImageObject\",\"inLanguage\":\"fr-FR\",\"@id\":\"https:\\\/\\\/secure.gravatar.com\\\/avatar\\\/ae2f4d718e6c49043e314ce431e7e645d646302a24a5ef5a8bc8e3f5a032e319?s=96&d=mm&r=g\",\"url\":\"https:\\\/\\\/secure.gravatar.com\\\/avatar\\\/ae2f4d718e6c49043e314ce431e7e645d646302a24a5ef5a8bc8e3f5a032e319?s=96&d=mm&r=g\",\"contentUrl\":\"https:\\\/\\\/secure.gravatar.com\\\/avatar\\\/ae2f4d718e6c49043e314ce431e7e645d646302a24a5ef5a8bc8e3f5a032e319?s=96&d=mm&r=g\",\"caption\":\"Redaktion\"},\"sameAs\":[\"http:\\\/\\\/develop.organisator.galledia.ch\"],\"url\":\"https:\\\/\\\/www.immobilienbusiness.ch\\\/fr\\\/author\\\/admin\\\/\"}]}<\/script>\n<!-- \/ Yoast SEO plugin. -->","yoast_head_json":{"title":"Eigentumswohnungen Meggen: Neuhuspark in der Vermarktung","description":"Die Siedlung Neuhuspark in Meggen bietet ab M\u00e4rz 2017 moderne Eigentumswohnungen im Minergie-Standard. Mehr zu den Immobilien im Kanton Luzern.","robots":{"index":"index","follow":"follow","max-snippet":"max-snippet:-1","max-image-preview":"max-image-preview:large","max-video-preview":"max-video-preview:-1"},"canonical":"https:\/\/www.immobilienbusiness.ch\/fr\/residential\/2015-11-16\/meggen-siedlung-neuhuspark-in-der-vermarktung\/","og_locale":"fr_FR","og_type":"article","og_title":"Meggen: Siedlung Neuhuspark in der Vermarktung","og_description":"Am 16. November 2015 startet die Alfred M\u00fcller AG mit der Vermarktung ihrer Wohn\u00fcberbauung in der Luzerner Vorortgemeinde Meggen.","og_url":"https:\/\/www.immobilienbusiness.ch\/fr\/residential\/2015-11-16\/meggen-siedlung-neuhuspark-in-der-vermarktung\/","og_site_name":"IMMOBILIEN Business","article_publisher":"https:\/\/www.facebook.com\/immobilienbusiness\/","article_published_time":"2015-11-16T08:32:14+00:00","author":"Redaktion","twitter_card":"summary_large_image","twitter_image":"https:\/\/www.immobilienbusiness.ch\/wp-content\/uploads\/2016\/12\/Meggen-Siedlung-Neuhuspark-in-der-Vermarktung-immobilien-business.jpg","schema":{"@context":"https:\/\/schema.org","@graph":[{"@type":"Article","@id":"https:\/\/www.immobilienbusiness.ch\/residential\/2015-11-16\/meggen-siedlung-neuhuspark-in-der-vermarktung\/#article","isPartOf":{"@id":"https:\/\/www.immobilienbusiness.ch\/residential\/2015-11-16\/meggen-siedlung-neuhuspark-in-der-vermarktung\/"},"author":{"name":"Redaktion","@id":"https:\/\/www.immobilienbusiness.ch\/#\/schema\/person\/aa2bace6c5c5aad60102004a50c4eb1c"},"headline":"Meggen: Siedlung Neuhuspark in der Vermarktung","datePublished":"2015-11-16T08:32:14+00:00","mainEntityOfPage":{"@id":"https:\/\/www.immobilienbusiness.ch\/residential\/2015-11-16\/meggen-siedlung-neuhuspark-in-der-vermarktung\/"},"wordCount":66,"commentCount":0,"publisher":{"@id":"https:\/\/www.immobilienbusiness.ch\/#organization"},"image":{"@id":"https:\/\/www.immobilienbusiness.ch\/residential\/2015-11-16\/meggen-siedlung-neuhuspark-in-der-vermarktung\/#primaryimage"},"thumbnailUrl":"https:\/\/www.immobilienbusiness.ch\/wp-content\/uploads\/2016\/12\/Meggen-Siedlung-Neuhuspark-in-der-Vermarktung-immobilien-business.jpg","keywords":["Luzern","Residential","Wohnen"],"articleSection":["RESIDENTIAL"],"inLanguage":"fr-FR"},{"@type":"WebPage","@id":"https:\/\/www.immobilienbusiness.ch\/residential\/2015-11-16\/meggen-siedlung-neuhuspark-in-der-vermarktung\/","url":"https:\/\/www.immobilienbusiness.ch\/residential\/2015-11-16\/meggen-siedlung-neuhuspark-in-der-vermarktung\/","name":"Eigentumswohnungen Meggen: Neuhuspark in der Vermarktung","isPartOf":{"@id":"https:\/\/www.immobilienbusiness.ch\/#website"},"primaryImageOfPage":{"@id":"https:\/\/www.immobilienbusiness.ch\/residential\/2015-11-16\/meggen-siedlung-neuhuspark-in-der-vermarktung\/#primaryimage"},"image":{"@id":"https:\/\/www.immobilienbusiness.ch\/residential\/2015-11-16\/meggen-siedlung-neuhuspark-in-der-vermarktung\/#primaryimage"},"thumbnailUrl":"https:\/\/www.immobilienbusiness.ch\/wp-content\/uploads\/2016\/12\/Meggen-Siedlung-Neuhuspark-in-der-Vermarktung-immobilien-business.jpg","datePublished":"2015-11-16T08:32:14+00:00","description":"Die Siedlung Neuhuspark in Meggen bietet ab M\u00e4rz 2017 moderne Eigentumswohnungen im Minergie-Standard. Mehr zu den Immobilien im Kanton Luzern.","breadcrumb":{"@id":"https:\/\/www.immobilienbusiness.ch\/residential\/2015-11-16\/meggen-siedlung-neuhuspark-in-der-vermarktung\/#breadcrumb"},"inLanguage":"fr-FR","potentialAction":[{"@type":"ReadAction","target":["https:\/\/www.immobilienbusiness.ch\/residential\/2015-11-16\/meggen-siedlung-neuhuspark-in-der-vermarktung\/"]}]},{"@type":"ImageObject","inLanguage":"fr-FR","@id":"https:\/\/www.immobilienbusiness.ch\/residential\/2015-11-16\/meggen-siedlung-neuhuspark-in-der-vermarktung\/#primaryimage","url":"https:\/\/www.immobilienbusiness.ch\/wp-content\/uploads\/2016\/12\/Meggen-Siedlung-Neuhuspark-in-der-Vermarktung-immobilien-business.jpg","contentUrl":"https:\/\/www.immobilienbusiness.ch\/wp-content\/uploads\/2016\/12\/Meggen-Siedlung-Neuhuspark-in-der-Vermarktung-immobilien-business.jpg","width":2000,"height":1000,"caption":"Neuhuspark Meggen (Visualisierung: Alfred M\u00fcller AG)"},{"@type":"BreadcrumbList","@id":"https:\/\/www.immobilienbusiness.ch\/residential\/2015-11-16\/meggen-siedlung-neuhuspark-in-der-vermarktung\/#breadcrumb","itemListElement":[{"@type":"ListItem","position":1,"name":"Home","item":"https:\/\/www.immobilienbusiness.ch\/"},{"@type":"ListItem","position":2,"name":"Meggen: Siedlung Neuhuspark in der Vermarktung"}]},{"@type":"WebSite","@id":"https:\/\/www.immobilienbusiness.ch\/#website","url":"https:\/\/www.immobilienbusiness.ch\/","name":"IMMOBILIER Business","description":"Magazine \u00e9conomique suisse ind\u00e9pendant ax\u00e9 sur l'immobilier, l'architecture et la construction ainsi que sur les investissements et le financement.","publisher":{"@id":"https:\/\/www.immobilienbusiness.ch\/#organization"},"potentialAction":[{"@type":"SearchAction","target":{"@type":"EntryPoint","urlTemplate":"https:\/\/www.immobilienbusiness.ch\/?s={search_term_string}"},"query-input":{"@type":"PropertyValueSpecification","valueRequired":true,"valueName":"search_term_string"}}],"inLanguage":"fr-FR"},{"@type":"Organization","@id":"https:\/\/www.immobilienbusiness.ch\/#organization","name":"IMMOBILIER Business","url":"https:\/\/www.immobilienbusiness.ch\/","logo":{"@type":"ImageObject","inLanguage":"fr-FR","@id":"https:\/\/www.immobilienbusiness.ch\/#\/schema\/logo\/image\/","url":"https:\/\/www.immobilienbusiness.ch\/wp-content\/uploads\/2021\/07\/logo_ib.png","contentUrl":"https:\/\/www.immobilienbusiness.ch\/wp-content\/uploads\/2021\/07\/logo_ib.png","width":800,"height":181,"caption":"IMMOBILIEN Business"},"image":{"@id":"https:\/\/www.immobilienbusiness.ch\/#\/schema\/logo\/image\/"},"sameAs":["https:\/\/www.facebook.com\/immobilienbusiness\/"]},{"@type":"Person","@id":"https:\/\/www.immobilienbusiness.ch\/#\/schema\/person\/aa2bace6c5c5aad60102004a50c4eb1c","name":"Editorial","image":{"@type":"ImageObject","inLanguage":"fr-FR","@id":"https:\/\/secure.gravatar.com\/avatar\/ae2f4d718e6c49043e314ce431e7e645d646302a24a5ef5a8bc8e3f5a032e319?s=96&d=mm&r=g","url":"https:\/\/secure.gravatar.com\/avatar\/ae2f4d718e6c49043e314ce431e7e645d646302a24a5ef5a8bc8e3f5a032e319?s=96&d=mm&r=g","contentUrl":"https:\/\/secure.gravatar.com\/avatar\/ae2f4d718e6c49043e314ce431e7e645d646302a24a5ef5a8bc8e3f5a032e319?s=96&d=mm&r=g","caption":"Redaktion"},"sameAs":["http:\/\/develop.organisator.galledia.ch"],"url":"https:\/\/www.immobilienbusiness.ch\/fr\/author\/admin\/"}]}},"_links":{"self":[{"href":"https:\/\/www.immobilienbusiness.ch\/fr\/wp-json\/wp\/v2\/posts\/1549","targetHints":{"allow":["GET"]}}],"collection":[{"href":"https:\/\/www.immobilienbusiness.ch\/fr\/wp-json\/wp\/v2\/posts"}],"about":[{"href":"https:\/\/www.immobilienbusiness.ch\/fr\/wp-json\/wp\/v2\/types\/post"}],"author":[{"embeddable":true,"href":"https:\/\/www.immobilienbusiness.ch\/fr\/wp-json\/wp\/v2\/users\/1"}],"replies":[{"embeddable":true,"href":"https:\/\/www.immobilienbusiness.ch\/fr\/wp-json\/wp\/v2\/comments?post=1549"}],"version-history":[{"count":0,"href":"https:\/\/www.immobilienbusiness.ch\/fr\/wp-json\/wp\/v2\/posts\/1549\/revisions"}],"wp:featuredmedia":[{"embeddable":true,"href":"https:\/\/www.immobilienbusiness.ch\/fr\/wp-json\/wp\/v2\/media\/1550"}],"wp:attachment":[{"href":"https:\/\/www.immobilienbusiness.ch\/fr\/wp-json\/wp\/v2\/media?parent=1549"}],"wp:term":[{"taxonomy":"category","embeddable":true,"href":"https:\/\/www.immobilienbusiness.ch\/fr\/wp-json\/wp\/v2\/categories?post=1549"},{"taxonomy":"post_tag","embeddable":true,"href":"https:\/\/www.immobilienbusiness.ch\/fr\/wp-json\/wp\/v2\/tags?post=1549"}],"curies":[{"name":"wp","href":"https:\/\/api.w.org\/{rel}","templated":true}]}}