{"id":15464,"date":"2019-01-10T09:18:31","date_gmt":"2019-01-10T08:18:31","guid":{"rendered":"https:\/\/www.immobilienbusiness.ch\/?p=15464"},"modified":"2019-01-10T09:18:31","modified_gmt":"2019-01-10T08:18:31","slug":"jan-tanner-uebernimmt-fuehrung-des-shopping-center-forums-switzerland","status":"publish","type":"post","link":"https:\/\/www.immobilienbusiness.ch\/fr\/unternehmen\/2019-01-10\/jan-tanner-uebernimmt-fuehrung-des-shopping-center-forums-switzerland\/","title":{"rendered":"Jan Tanner prend la direction du Shopping Center Forum"},"content":{"rendered":"<figure id=\"attachment_15466\" aria-describedby=\"caption-attachment-15466\" style=\"width: 680px\" class=\"wp-caption alignnone\"><img loading=\"lazy\" decoding=\"async\" class=\"size-medium wp-image-15466\" src=\"https:\/\/www.immobilienbusiness.ch\/wp-content\/uploads\/2019\/01\/Jan-Tanner-Header.jpg\" alt=\"\" width=\"680\" height=\"453\" srcset=\"https:\/\/www.immobilienbusiness.ch\/wp-content\/uploads\/2019\/01\/Jan-Tanner-Header.jpg 2560w, https:\/\/www.immobilienbusiness.ch\/wp-content\/uploads\/2019\/01\/Jan-Tanner-Header-300x200.jpg 300w, https:\/\/www.immobilienbusiness.ch\/wp-content\/uploads\/2019\/01\/Jan-Tanner-Header-1024x683.jpg 1024w, https:\/\/www.immobilienbusiness.ch\/wp-content\/uploads\/2019\/01\/Jan-Tanner-Header-768x512.jpg 768w, https:\/\/www.immobilienbusiness.ch\/wp-content\/uploads\/2019\/01\/Jan-Tanner-Header-1536x1024.jpg 1536w, https:\/\/www.immobilienbusiness.ch\/wp-content\/uploads\/2019\/01\/Jan-Tanner-Header-2048x1366.jpg 2048w, https:\/\/www.immobilienbusiness.ch\/wp-content\/uploads\/2019\/01\/Jan-Tanner-Header-16x12.jpg 16w, https:\/\/www.immobilienbusiness.ch\/wp-content\/uploads\/2019\/01\/Jan-Tanner-Header-262x175.jpg 262w, https:\/\/www.immobilienbusiness.ch\/wp-content\/uploads\/2019\/01\/Jan-Tanner-Header-525x350.jpg 525w, https:\/\/www.immobilienbusiness.ch\/wp-content\/uploads\/2019\/01\/Jan-Tanner-Header-1200x800.jpg 1200w, https:\/\/www.immobilienbusiness.ch\/wp-content\/uploads\/2019\/01\/Jan-Tanner-Header-920x613.jpg 920w, https:\/\/www.immobilienbusiness.ch\/wp-content\/uploads\/2019\/01\/Jan-Tanner-Header-1400x933.jpg 1400w\" sizes=\"auto, (max-width: 680px) 100vw, 680px\" \/><figcaption id=\"caption-attachment-15466\" class=\"wp-caption-text\">Jan Tanner (photo : Shopping Center Forum)<\/figcaption><\/figure>\n<p>Comme le Shopping Center Forum le communique, le conseil d'administration Dr Olaf Marks et Jan Tanner se sont mis d'accord pour que Tanner reprenne la responsabilit\u00e9 de ce congr\u00e8s professionnel renomm\u00e9 avec effet au 1er mai 2019. Tanner a \u00e9t\u00e9 pr\u00e9sident et membre fondateur du Swiss Council of Shopping Centers (SCSC) de 2011 \u00e0 fin 2017 et fondateur du Shopping Center Forum, qui se tient chaque ann\u00e9e \u00e0 Zurich depuis 2008.<\/p>\n<p>Marks continuera \u00e0 travailler pour le forum en tant que conseiller, Mike Neuhaus restera directeur du congr\u00e8s et Michele Stasolla sera le gestionnaire du congr\u00e8s.<\/p>\n<p>Tanner, 50 ans, est consid\u00e9r\u00e9 comme l'un des experts les plus reconnus en mati\u00e8re de d\u00e9veloppement de centres commerciaux et de quartiers en Suisse. Jusqu'\u00e0 fin 2018, il \u00e9tait responsable de l'immobilier pour la Suisse romande chez Mobimo ; \u00e0 cette occasion, il a mis en place un management de quartier pour le quartier du Flon \u00e0 Lausanne et l'a accompagn\u00e9 en tant que manager pendant quatre ans. Il reste li\u00e9 \u00e0 Mobimo en tant que conseiller.<\/p>\n<p>De 2009 \u00e0 2014, Tanner a travaill\u00e9 pour l'ECE \u00e0 Hambourg et a \u00e9t\u00e9 son directeur de succursale pour la Suisse. Durant cette p\u00e9riode, il a \u00e9t\u00e9 directeur du centre St\u00fccki Shopping \u00e0 B\u00e2le et responsable du Westside \u00e0 Berne pendant la phase de pr\u00e9-ouverture.<\/p>\n<p>A partir du mois de mai, Tanner travaillera comme conseiller pour des entreprises du secteur des centres commerciaux, de l'immobilier de commerce de d\u00e9tail et de la vente au d\u00e9tail. Il pourra s'appuyer sur la structure de l'agence de publicit\u00e9 crbasel, qui compte 18 collaborateurs et dont Tanner reprendra la direction d\u00e9but mai, ajoute le communiqu\u00e9 du Shopping Center Forum. <em>(ah)<\/em><\/p>","protected":false},"excerpt":{"rendered":"<p>Jan Tanner assumera la responsabilit\u00e9 du congr\u00e8s professionnel Shopping Center Forums Switzerland, qui aura lieu le 9 mai.<\/p>","protected":false},"author":3,"featured_media":15466,"comment_status":"closed","ping_status":"open","sticky":false,"template":"","format":"standard","meta":{"_acf_changed":false,"_yoast_wpseo_focuskw":"Jan Tanner","_yoast_wpseo_title":"","_yoast_wpseo_metadesc":"Jan Tanner wird wieder die Verantwortung f\u00fcr den Fachkongress Shopping Center Forums Switzerland \u00fcbernehmen, der am 9. Mai stattfinden wird.","_yoast_wpseo_linkdex":75,"pgc_sgb_lightbox_settings":"","footnotes":""},"categories":[988],"tags":[1214,1563,1643],"class_list":["post-15464","post","type-post","status-publish","format-standard","has-post-thumbnail","hentry","category-unternehmen","tag-fachkongressfachmesse","tag-personalia","tag-retail"],"acf":[],"yoast_head":"<!-- This site is optimized with the Yoast SEO plugin v27.4 - https:\/\/yoast.com\/product\/yoast-seo-wordpress\/ -->\n<title>Jan Tanner \u00fcbernimmt F\u00fchrung des Shopping Center Forums - IMMOBILIEN Business<\/title>\n<meta name=\"description\" content=\"Jan Tanner wird wieder die Verantwortung f\u00fcr den Fachkongress Shopping Center Forums Switzerland \u00fcbernehmen, der am 9. Mai stattfinden wird.\" \/>\n<meta name=\"robots\" content=\"index, follow, max-snippet:-1, max-image-preview:large, max-video-preview:-1\" \/>\n<link rel=\"canonical\" href=\"https:\/\/www.immobilienbusiness.ch\/fr\/unternehmen\/2019-01-10\/jan-tanner-uebernimmt-fuehrung-des-shopping-center-forums-switzerland\/\" \/>\n<meta property=\"og:locale\" content=\"fr_FR\" \/>\n<meta property=\"og:type\" content=\"article\" \/>\n<meta property=\"og:title\" content=\"Jan Tanner \u00fcbernimmt F\u00fchrung des Shopping Center Forums - IMMOBILIEN Business\" \/>\n<meta property=\"og:description\" content=\"Jan Tanner wird wieder die Verantwortung f\u00fcr den Fachkongress Shopping Center Forums Switzerland \u00fcbernehmen, der am 9. Mai stattfinden wird.\" \/>\n<meta property=\"og:url\" content=\"https:\/\/www.immobilienbusiness.ch\/fr\/unternehmen\/2019-01-10\/jan-tanner-uebernimmt-fuehrung-des-shopping-center-forums-switzerland\/\" \/>\n<meta property=\"og:site_name\" content=\"IMMOBILIEN Business\" \/>\n<meta property=\"article:publisher\" content=\"https:\/\/www.facebook.com\/immobilienbusiness\/\" \/>\n<meta property=\"article:published_time\" content=\"2019-01-10T08:18:31+00:00\" \/>\n<meta property=\"og:image\" content=\"https:\/\/www.immobilienbusiness.ch\/wp-content\/uploads\/2019\/01\/Jan-Tanner-Header.jpg\" \/>\n\t<meta property=\"og:image:width\" content=\"2560\" \/>\n\t<meta property=\"og:image:height\" content=\"1707\" \/>\n\t<meta property=\"og:image:type\" content=\"image\/jpeg\" \/>\n<meta name=\"author\" content=\"anja.hall\" \/>\n<meta name=\"twitter:card\" content=\"summary_large_image\" \/>\n<meta name=\"twitter:image\" content=\"https:\/\/www.immobilienbusiness.ch\/wp-content\/uploads\/2019\/01\/Jan-Tanner-Header.jpg\" \/>\n<script type=\"application\/ld+json\" class=\"yoast-schema-graph\">{\"@context\":\"https:\\\/\\\/schema.org\",\"@graph\":[{\"@type\":\"Article\",\"@id\":\"https:\\\/\\\/www.immobilienbusiness.ch\\\/de\\\/unternehmen\\\/2019-01-10\\\/jan-tanner-uebernimmt-fuehrung-des-shopping-center-forums-switzerland\\\/#article\",\"isPartOf\":{\"@id\":\"https:\\\/\\\/www.immobilienbusiness.ch\\\/de\\\/unternehmen\\\/2019-01-10\\\/jan-tanner-uebernimmt-fuehrung-des-shopping-center-forums-switzerland\\\/\"},\"author\":{\"name\":\"anja.hall\",\"@id\":\"https:\\\/\\\/www.immobilienbusiness.ch\\\/#\\\/schema\\\/person\\\/3fc036297b10b9f42d6db5ee932af8c8\"},\"headline\":\"Jan Tanner \u00fcbernimmt F\u00fchrung des Shopping Center Forums\",\"datePublished\":\"2019-01-10T08:18:31+00:00\",\"mainEntityOfPage\":{\"@id\":\"https:\\\/\\\/www.immobilienbusiness.ch\\\/de\\\/unternehmen\\\/2019-01-10\\\/jan-tanner-uebernimmt-fuehrung-des-shopping-center-forums-switzerland\\\/\"},\"wordCount\":261,\"publisher\":{\"@id\":\"https:\\\/\\\/www.immobilienbusiness.ch\\\/#organization\"},\"image\":{\"@id\":\"https:\\\/\\\/www.immobilienbusiness.ch\\\/de\\\/unternehmen\\\/2019-01-10\\\/jan-tanner-uebernimmt-fuehrung-des-shopping-center-forums-switzerland\\\/#primaryimage\"},\"thumbnailUrl\":\"https:\\\/\\\/www.immobilienbusiness.ch\\\/wp-content\\\/uploads\\\/2019\\\/01\\\/Jan-Tanner-Header.jpg\",\"keywords\":[\"Fachkongress\\\/Fachmesse\",\"Personalia\",\"Retail\"],\"articleSection\":[\"UNTERNEHMEN\"],\"inLanguage\":\"fr-FR\"},{\"@type\":\"WebPage\",\"@id\":\"https:\\\/\\\/www.immobilienbusiness.ch\\\/de\\\/unternehmen\\\/2019-01-10\\\/jan-tanner-uebernimmt-fuehrung-des-shopping-center-forums-switzerland\\\/\",\"url\":\"https:\\\/\\\/www.immobilienbusiness.ch\\\/de\\\/unternehmen\\\/2019-01-10\\\/jan-tanner-uebernimmt-fuehrung-des-shopping-center-forums-switzerland\\\/\",\"name\":\"Jan Tanner \u00fcbernimmt F\u00fchrung des Shopping Center Forums - IMMOBILIEN Business\",\"isPartOf\":{\"@id\":\"https:\\\/\\\/www.immobilienbusiness.ch\\\/#website\"},\"primaryImageOfPage\":{\"@id\":\"https:\\\/\\\/www.immobilienbusiness.ch\\\/de\\\/unternehmen\\\/2019-01-10\\\/jan-tanner-uebernimmt-fuehrung-des-shopping-center-forums-switzerland\\\/#primaryimage\"},\"image\":{\"@id\":\"https:\\\/\\\/www.immobilienbusiness.ch\\\/de\\\/unternehmen\\\/2019-01-10\\\/jan-tanner-uebernimmt-fuehrung-des-shopping-center-forums-switzerland\\\/#primaryimage\"},\"thumbnailUrl\":\"https:\\\/\\\/www.immobilienbusiness.ch\\\/wp-content\\\/uploads\\\/2019\\\/01\\\/Jan-Tanner-Header.jpg\",\"datePublished\":\"2019-01-10T08:18:31+00:00\",\"description\":\"Jan Tanner wird wieder die Verantwortung f\u00fcr den Fachkongress Shopping Center Forums Switzerland \u00fcbernehmen, der am 9. Mai stattfinden wird.\",\"breadcrumb\":{\"@id\":\"https:\\\/\\\/www.immobilienbusiness.ch\\\/de\\\/unternehmen\\\/2019-01-10\\\/jan-tanner-uebernimmt-fuehrung-des-shopping-center-forums-switzerland\\\/#breadcrumb\"},\"inLanguage\":\"fr-FR\",\"potentialAction\":[{\"@type\":\"ReadAction\",\"target\":[\"https:\\\/\\\/www.immobilienbusiness.ch\\\/de\\\/unternehmen\\\/2019-01-10\\\/jan-tanner-uebernimmt-fuehrung-des-shopping-center-forums-switzerland\\\/\"]}]},{\"@type\":\"ImageObject\",\"inLanguage\":\"fr-FR\",\"@id\":\"https:\\\/\\\/www.immobilienbusiness.ch\\\/de\\\/unternehmen\\\/2019-01-10\\\/jan-tanner-uebernimmt-fuehrung-des-shopping-center-forums-switzerland\\\/#primaryimage\",\"url\":\"https:\\\/\\\/www.immobilienbusiness.ch\\\/wp-content\\\/uploads\\\/2019\\\/01\\\/Jan-Tanner-Header.jpg\",\"contentUrl\":\"https:\\\/\\\/www.immobilienbusiness.ch\\\/wp-content\\\/uploads\\\/2019\\\/01\\\/Jan-Tanner-Header.jpg\",\"width\":2560,\"height\":1707,\"caption\":\"Jan Tanner (Bild: Shopping Center Forum)\"},{\"@type\":\"BreadcrumbList\",\"@id\":\"https:\\\/\\\/www.immobilienbusiness.ch\\\/de\\\/unternehmen\\\/2019-01-10\\\/jan-tanner-uebernimmt-fuehrung-des-shopping-center-forums-switzerland\\\/#breadcrumb\",\"itemListElement\":[{\"@type\":\"ListItem\",\"position\":1,\"name\":\"Home\",\"item\":\"https:\\\/\\\/www.immobilienbusiness.ch\\\/\"},{\"@type\":\"ListItem\",\"position\":2,\"name\":\"Jan Tanner \u00fcbernimmt F\u00fchrung des Shopping Center Forums\"}]},{\"@type\":\"WebSite\",\"@id\":\"https:\\\/\\\/www.immobilienbusiness.ch\\\/#website\",\"url\":\"https:\\\/\\\/www.immobilienbusiness.ch\\\/\",\"name\":\"IMMOBILIEN Business\",\"description\":\"Unabh\u00e4ngiges Schweizer Wirtschaftsmagazin mit Fokus auf Immobilien, Architektur- und Bau sowie Investment- und Finanzierung.\",\"publisher\":{\"@id\":\"https:\\\/\\\/www.immobilienbusiness.ch\\\/#organization\"},\"potentialAction\":[{\"@type\":\"SearchAction\",\"target\":{\"@type\":\"EntryPoint\",\"urlTemplate\":\"https:\\\/\\\/www.immobilienbusiness.ch\\\/?s={search_term_string}\"},\"query-input\":{\"@type\":\"PropertyValueSpecification\",\"valueRequired\":true,\"valueName\":\"search_term_string\"}}],\"inLanguage\":\"fr-FR\"},{\"@type\":\"Organization\",\"@id\":\"https:\\\/\\\/www.immobilienbusiness.ch\\\/#organization\",\"name\":\"IMMOBILIEN Business\",\"url\":\"https:\\\/\\\/www.immobilienbusiness.ch\\\/\",\"logo\":{\"@type\":\"ImageObject\",\"inLanguage\":\"fr-FR\",\"@id\":\"https:\\\/\\\/www.immobilienbusiness.ch\\\/#\\\/schema\\\/logo\\\/image\\\/\",\"url\":\"https:\\\/\\\/www.immobilienbusiness.ch\\\/wp-content\\\/uploads\\\/2021\\\/07\\\/logo_ib.png\",\"contentUrl\":\"https:\\\/\\\/www.immobilienbusiness.ch\\\/wp-content\\\/uploads\\\/2021\\\/07\\\/logo_ib.png\",\"width\":800,\"height\":181,\"caption\":\"IMMOBILIEN Business\"},\"image\":{\"@id\":\"https:\\\/\\\/www.immobilienbusiness.ch\\\/#\\\/schema\\\/logo\\\/image\\\/\"},\"sameAs\":[\"https:\\\/\\\/www.facebook.com\\\/immobilienbusiness\\\/\"]},{\"@type\":\"Person\",\"@id\":\"https:\\\/\\\/www.immobilienbusiness.ch\\\/#\\\/schema\\\/person\\\/3fc036297b10b9f42d6db5ee932af8c8\",\"name\":\"anja.hall\",\"image\":{\"@type\":\"ImageObject\",\"inLanguage\":\"fr-FR\",\"@id\":\"https:\\\/\\\/secure.gravatar.com\\\/avatar\\\/066b5a0d447013502c71a5782f4f3469f03cfe595cc2329fb94652fe47511bfb?s=96&d=mm&r=g\",\"url\":\"https:\\\/\\\/secure.gravatar.com\\\/avatar\\\/066b5a0d447013502c71a5782f4f3469f03cfe595cc2329fb94652fe47511bfb?s=96&d=mm&r=g\",\"contentUrl\":\"https:\\\/\\\/secure.gravatar.com\\\/avatar\\\/066b5a0d447013502c71a5782f4f3469f03cfe595cc2329fb94652fe47511bfb?s=96&d=mm&r=g\",\"caption\":\"anja.hall\"},\"url\":\"https:\\\/\\\/www.immobilienbusiness.ch\\\/fr\\\/author\\\/anja-hall\\\/\"}]}<\/script>\n<!-- \/ Yoast SEO plugin. -->","yoast_head_json":{"title":"Jan Tanner \u00fcbernimmt F\u00fchrung des Shopping Center Forums - IMMOBILIEN Business","description":"Jan Tanner wird wieder die Verantwortung f\u00fcr den Fachkongress Shopping Center Forums Switzerland \u00fcbernehmen, der am 9. Mai stattfinden wird.","robots":{"index":"index","follow":"follow","max-snippet":"max-snippet:-1","max-image-preview":"max-image-preview:large","max-video-preview":"max-video-preview:-1"},"canonical":"https:\/\/www.immobilienbusiness.ch\/fr\/unternehmen\/2019-01-10\/jan-tanner-uebernimmt-fuehrung-des-shopping-center-forums-switzerland\/","og_locale":"fr_FR","og_type":"article","og_title":"Jan Tanner \u00fcbernimmt F\u00fchrung des Shopping Center Forums - IMMOBILIEN Business","og_description":"Jan Tanner wird wieder die Verantwortung f\u00fcr den Fachkongress Shopping Center Forums Switzerland \u00fcbernehmen, der am 9. Mai stattfinden wird.","og_url":"https:\/\/www.immobilienbusiness.ch\/fr\/unternehmen\/2019-01-10\/jan-tanner-uebernimmt-fuehrung-des-shopping-center-forums-switzerland\/","og_site_name":"IMMOBILIEN Business","article_publisher":"https:\/\/www.facebook.com\/immobilienbusiness\/","article_published_time":"2019-01-10T08:18:31+00:00","og_image":[{"width":2560,"height":1707,"url":"https:\/\/www.immobilienbusiness.ch\/wp-content\/uploads\/2019\/01\/Jan-Tanner-Header.jpg","type":"image\/jpeg"}],"author":"anja.hall","twitter_card":"summary_large_image","twitter_image":"https:\/\/www.immobilienbusiness.ch\/wp-content\/uploads\/2019\/01\/Jan-Tanner-Header.jpg","schema":{"@context":"https:\/\/schema.org","@graph":[{"@type":"Article","@id":"https:\/\/www.immobilienbusiness.ch\/de\/unternehmen\/2019-01-10\/jan-tanner-uebernimmt-fuehrung-des-shopping-center-forums-switzerland\/#article","isPartOf":{"@id":"https:\/\/www.immobilienbusiness.ch\/de\/unternehmen\/2019-01-10\/jan-tanner-uebernimmt-fuehrung-des-shopping-center-forums-switzerland\/"},"author":{"name":"anja.hall","@id":"https:\/\/www.immobilienbusiness.ch\/#\/schema\/person\/3fc036297b10b9f42d6db5ee932af8c8"},"headline":"Jan Tanner \u00fcbernimmt F\u00fchrung des Shopping Center Forums","datePublished":"2019-01-10T08:18:31+00:00","mainEntityOfPage":{"@id":"https:\/\/www.immobilienbusiness.ch\/de\/unternehmen\/2019-01-10\/jan-tanner-uebernimmt-fuehrung-des-shopping-center-forums-switzerland\/"},"wordCount":261,"publisher":{"@id":"https:\/\/www.immobilienbusiness.ch\/#organization"},"image":{"@id":"https:\/\/www.immobilienbusiness.ch\/de\/unternehmen\/2019-01-10\/jan-tanner-uebernimmt-fuehrung-des-shopping-center-forums-switzerland\/#primaryimage"},"thumbnailUrl":"https:\/\/www.immobilienbusiness.ch\/wp-content\/uploads\/2019\/01\/Jan-Tanner-Header.jpg","keywords":["Fachkongress\/Fachmesse","Personalia","Retail"],"articleSection":["UNTERNEHMEN"],"inLanguage":"fr-FR"},{"@type":"WebPage","@id":"https:\/\/www.immobilienbusiness.ch\/de\/unternehmen\/2019-01-10\/jan-tanner-uebernimmt-fuehrung-des-shopping-center-forums-switzerland\/","url":"https:\/\/www.immobilienbusiness.ch\/de\/unternehmen\/2019-01-10\/jan-tanner-uebernimmt-fuehrung-des-shopping-center-forums-switzerland\/","name":"Jan Tanner \u00fcbernimmt F\u00fchrung des Shopping Center Forums - IMMOBILIEN Business","isPartOf":{"@id":"https:\/\/www.immobilienbusiness.ch\/#website"},"primaryImageOfPage":{"@id":"https:\/\/www.immobilienbusiness.ch\/de\/unternehmen\/2019-01-10\/jan-tanner-uebernimmt-fuehrung-des-shopping-center-forums-switzerland\/#primaryimage"},"image":{"@id":"https:\/\/www.immobilienbusiness.ch\/de\/unternehmen\/2019-01-10\/jan-tanner-uebernimmt-fuehrung-des-shopping-center-forums-switzerland\/#primaryimage"},"thumbnailUrl":"https:\/\/www.immobilienbusiness.ch\/wp-content\/uploads\/2019\/01\/Jan-Tanner-Header.jpg","datePublished":"2019-01-10T08:18:31+00:00","description":"Jan Tanner wird wieder die Verantwortung f\u00fcr den Fachkongress Shopping Center Forums Switzerland \u00fcbernehmen, der am 9. Mai stattfinden wird.","breadcrumb":{"@id":"https:\/\/www.immobilienbusiness.ch\/de\/unternehmen\/2019-01-10\/jan-tanner-uebernimmt-fuehrung-des-shopping-center-forums-switzerland\/#breadcrumb"},"inLanguage":"fr-FR","potentialAction":[{"@type":"ReadAction","target":["https:\/\/www.immobilienbusiness.ch\/de\/unternehmen\/2019-01-10\/jan-tanner-uebernimmt-fuehrung-des-shopping-center-forums-switzerland\/"]}]},{"@type":"ImageObject","inLanguage":"fr-FR","@id":"https:\/\/www.immobilienbusiness.ch\/de\/unternehmen\/2019-01-10\/jan-tanner-uebernimmt-fuehrung-des-shopping-center-forums-switzerland\/#primaryimage","url":"https:\/\/www.immobilienbusiness.ch\/wp-content\/uploads\/2019\/01\/Jan-Tanner-Header.jpg","contentUrl":"https:\/\/www.immobilienbusiness.ch\/wp-content\/uploads\/2019\/01\/Jan-Tanner-Header.jpg","width":2560,"height":1707,"caption":"Jan Tanner (Bild: Shopping Center Forum)"},{"@type":"BreadcrumbList","@id":"https:\/\/www.immobilienbusiness.ch\/de\/unternehmen\/2019-01-10\/jan-tanner-uebernimmt-fuehrung-des-shopping-center-forums-switzerland\/#breadcrumb","itemListElement":[{"@type":"ListItem","position":1,"name":"Home","item":"https:\/\/www.immobilienbusiness.ch\/"},{"@type":"ListItem","position":2,"name":"Jan Tanner \u00fcbernimmt F\u00fchrung des Shopping Center Forums"}]},{"@type":"WebSite","@id":"https:\/\/www.immobilienbusiness.ch\/#website","url":"https:\/\/www.immobilienbusiness.ch\/","name":"IMMOBILIER Business","description":"Magazine \u00e9conomique suisse ind\u00e9pendant ax\u00e9 sur l'immobilier, l'architecture et la construction ainsi que sur les investissements et le financement.","publisher":{"@id":"https:\/\/www.immobilienbusiness.ch\/#organization"},"potentialAction":[{"@type":"SearchAction","target":{"@type":"EntryPoint","urlTemplate":"https:\/\/www.immobilienbusiness.ch\/?s={search_term_string}"},"query-input":{"@type":"PropertyValueSpecification","valueRequired":true,"valueName":"search_term_string"}}],"inLanguage":"fr-FR"},{"@type":"Organization","@id":"https:\/\/www.immobilienbusiness.ch\/#organization","name":"IMMOBILIER Business","url":"https:\/\/www.immobilienbusiness.ch\/","logo":{"@type":"ImageObject","inLanguage":"fr-FR","@id":"https:\/\/www.immobilienbusiness.ch\/#\/schema\/logo\/image\/","url":"https:\/\/www.immobilienbusiness.ch\/wp-content\/uploads\/2021\/07\/logo_ib.png","contentUrl":"https:\/\/www.immobilienbusiness.ch\/wp-content\/uploads\/2021\/07\/logo_ib.png","width":800,"height":181,"caption":"IMMOBILIEN Business"},"image":{"@id":"https:\/\/www.immobilienbusiness.ch\/#\/schema\/logo\/image\/"},"sameAs":["https:\/\/www.facebook.com\/immobilienbusiness\/"]},{"@type":"Person","@id":"https:\/\/www.immobilienbusiness.ch\/#\/schema\/person\/3fc036297b10b9f42d6db5ee932af8c8","name":"anja.hall","image":{"@type":"ImageObject","inLanguage":"fr-FR","@id":"https:\/\/secure.gravatar.com\/avatar\/066b5a0d447013502c71a5782f4f3469f03cfe595cc2329fb94652fe47511bfb?s=96&d=mm&r=g","url":"https:\/\/secure.gravatar.com\/avatar\/066b5a0d447013502c71a5782f4f3469f03cfe595cc2329fb94652fe47511bfb?s=96&d=mm&r=g","contentUrl":"https:\/\/secure.gravatar.com\/avatar\/066b5a0d447013502c71a5782f4f3469f03cfe595cc2329fb94652fe47511bfb?s=96&d=mm&r=g","caption":"anja.hall"},"url":"https:\/\/www.immobilienbusiness.ch\/fr\/author\/anja-hall\/"}]}},"_links":{"self":[{"href":"https:\/\/www.immobilienbusiness.ch\/fr\/wp-json\/wp\/v2\/posts\/15464","targetHints":{"allow":["GET"]}}],"collection":[{"href":"https:\/\/www.immobilienbusiness.ch\/fr\/wp-json\/wp\/v2\/posts"}],"about":[{"href":"https:\/\/www.immobilienbusiness.ch\/fr\/wp-json\/wp\/v2\/types\/post"}],"author":[{"embeddable":true,"href":"https:\/\/www.immobilienbusiness.ch\/fr\/wp-json\/wp\/v2\/users\/3"}],"replies":[{"embeddable":true,"href":"https:\/\/www.immobilienbusiness.ch\/fr\/wp-json\/wp\/v2\/comments?post=15464"}],"version-history":[{"count":0,"href":"https:\/\/www.immobilienbusiness.ch\/fr\/wp-json\/wp\/v2\/posts\/15464\/revisions"}],"wp:featuredmedia":[{"embeddable":true,"href":"https:\/\/www.immobilienbusiness.ch\/fr\/wp-json\/wp\/v2\/media\/15466"}],"wp:attachment":[{"href":"https:\/\/www.immobilienbusiness.ch\/fr\/wp-json\/wp\/v2\/media?parent=15464"}],"wp:term":[{"taxonomy":"category","embeddable":true,"href":"https:\/\/www.immobilienbusiness.ch\/fr\/wp-json\/wp\/v2\/categories?post=15464"},{"taxonomy":"post_tag","embeddable":true,"href":"https:\/\/www.immobilienbusiness.ch\/fr\/wp-json\/wp\/v2\/tags?post=15464"}],"curies":[{"name":"wp","href":"https:\/\/api.w.org\/{rel}","templated":true}]}}