{"id":15435,"date":"2019-01-08T08:27:32","date_gmt":"2019-01-08T07:27:32","guid":{"rendered":"https:\/\/www.immobilienbusiness.ch\/?p=15435"},"modified":"2019-01-08T08:27:32","modified_gmt":"2019-01-08T07:27:32","slug":"grenchen-baustart-fuer-wohnueberbauung-sunnepark","status":"publish","type":"post","link":"https:\/\/www.immobilienbusiness.ch\/fr\/regionen\/2019-01-08\/grenchen-baustart-fuer-wohnueberbauung-sunnepark\/","title":{"rendered":"La ville de Granges : D\u00e9but de la construction du complexe r\u00e9sidentiel Sunnepark"},"content":{"rendered":"<figure id=\"attachment_15438\" aria-describedby=\"caption-attachment-15438\" style=\"width: 680px\" class=\"wp-caption alignnone\"><img loading=\"lazy\" decoding=\"async\" class=\"size-medium wp-image-15438\" src=\"https:\/\/www.immobilienbusiness.ch\/wp-content\/uploads\/2019\/01\/Visualisierung-Wohnungen-Grenchen-kleiner.jpg\" alt=\"\" width=\"680\" height=\"319\" srcset=\"https:\/\/www.immobilienbusiness.ch\/wp-content\/uploads\/2019\/01\/Visualisierung-Wohnungen-Grenchen-kleiner.jpg 2560w, https:\/\/www.immobilienbusiness.ch\/wp-content\/uploads\/2019\/01\/Visualisierung-Wohnungen-Grenchen-kleiner-300x141.jpg 300w, https:\/\/www.immobilienbusiness.ch\/wp-content\/uploads\/2019\/01\/Visualisierung-Wohnungen-Grenchen-kleiner-1024x481.jpg 1024w, https:\/\/www.immobilienbusiness.ch\/wp-content\/uploads\/2019\/01\/Visualisierung-Wohnungen-Grenchen-kleiner-768x361.jpg 768w, https:\/\/www.immobilienbusiness.ch\/wp-content\/uploads\/2019\/01\/Visualisierung-Wohnungen-Grenchen-kleiner-1536x722.jpg 1536w, https:\/\/www.immobilienbusiness.ch\/wp-content\/uploads\/2019\/01\/Visualisierung-Wohnungen-Grenchen-kleiner-2048x962.jpg 2048w, https:\/\/www.immobilienbusiness.ch\/wp-content\/uploads\/2019\/01\/Visualisierung-Wohnungen-Grenchen-kleiner-16x8.jpg 16w, https:\/\/www.immobilienbusiness.ch\/wp-content\/uploads\/2019\/01\/Visualisierung-Wohnungen-Grenchen-kleiner-372x175.jpg 372w, https:\/\/www.immobilienbusiness.ch\/wp-content\/uploads\/2019\/01\/Visualisierung-Wohnungen-Grenchen-kleiner-745x350.jpg 745w, https:\/\/www.immobilienbusiness.ch\/wp-content\/uploads\/2019\/01\/Visualisierung-Wohnungen-Grenchen-kleiner-1600x752.jpg 1600w, https:\/\/www.immobilienbusiness.ch\/wp-content\/uploads\/2019\/01\/Visualisierung-Wohnungen-Grenchen-kleiner-920x432.jpg 920w, https:\/\/www.immobilienbusiness.ch\/wp-content\/uploads\/2019\/01\/Visualisierung-Wohnungen-Grenchen-kleiner-1400x658.jpg 1400w\" sizes=\"auto, (max-width: 680px) 100vw, 680px\" \/><figcaption id=\"caption-attachment-15438\" class=\"wp-caption-text\">Le lotissement Sunnepark est en construction \u00e0 Granges (visualisation, source : Thomasgraf AG).<\/figcaption><\/figure>\n<p>Le ma\u00eetre d'ouvrage est Solviva AG de Cham, et l'entreprise g\u00e9n\u00e9rale Genu Partner de Zurich r\u00e9alise le projet de construction, dont le premier coup de pioche a \u00e9t\u00e9 donn\u00e9 le 6 d\u00e9cembre 2018. La soci\u00e9t\u00e9 Thomasgraf AG a \u00e9t\u00e9 charg\u00e9e de la vente et de la location des appartements.<\/p>\n<p>Le Sunnepark se trouve sur le versant sud de Granges et jouxte le centre de sant\u00e9 du m\u00eame nom, qui existe depuis cinq ans et qui a \u00e9galement \u00e9t\u00e9 r\u00e9alis\u00e9 par Solviva. D'ici 2021, plus de 100 appartements en location et en propri\u00e9t\u00e9 de diff\u00e9rentes tailles, sans obstacles, seront r\u00e9alis\u00e9s dans six b\u00e2timents, et des appartements de soins sont pr\u00e9vus dans un immeuble. Un parking souterrain d'un seul tenant sera \u00e9galement construit, et une cr\u00e8che est \u00e9galement pr\u00e9vue.<\/p>\n<p>Comme l'indique Thomasgraf, chaque habitant du lotissement doit pouvoir b\u00e9n\u00e9ficier des services du centre de soins (soins, service d'habillement, nettoyage, repas, etc.) et avoir droit \u00e0 une place de soins s'il le souhaite. Les immeubles d'habitation et le centre de soins seront reli\u00e9s entre eux par un parc ouvert et verdoyant.<\/p>\n<p>La soci\u00e9t\u00e9 Solviva de l'entrepreneur de Suisse centrale Willi Gyger avait repris en droit de superficie l'h\u00f4pital de Granges ferm\u00e9 par le canton et en avait fait un \u00e9tablissement de soins d'une bonne centaine de places, un service de d\u00e9mence de 28 places et un centre de formation pour les cours du personnel soignant. Le dernier \u00e9tage du b\u00e2timent principal abrite un restaurant avec une grande terrasse panoramique, \u00e9galement ouvert au public. <em>(ah)<\/em><\/p>","protected":false},"excerpt":{"rendered":"<p>A Granges (SO), le lotissement Sunnepark est actuellement en construction sur le site de l'ancien h\u00f4pital. Une fois achev\u00e9, il comprendra plus de 100 logements.<\/p>","protected":false},"author":3,"featured_media":15438,"comment_status":"closed","ping_status":"open","sticky":false,"template":"","format":"standard","meta":{"_acf_changed":false,"_yoast_wpseo_focuskw":"Grenchen","_yoast_wpseo_title":"","_yoast_wpseo_metadesc":"In Grenchen (SO) entsteht derzeit auf dem Areal des ehemaligen Spitals die \u00dcberbauung \u00abSunnepark\u00bb mit mehr als 100 Wohnungen.","_yoast_wpseo_linkdex":75,"pgc_sgb_lightbox_settings":"","footnotes":""},"categories":[985],"tags":[1205,1599,1863],"class_list":["post-15435","post","type-post","status-publish","format-standard","has-post-thumbnail","hentry","category-regionen","tag-espace-mittelland","tag-projekt-in-bau","tag-wohnimmobilien"],"acf":[],"yoast_head":"<!-- This site is optimized with the Yoast SEO plugin v27.4 - https:\/\/yoast.com\/product\/yoast-seo-wordpress\/ -->\n<title>Grenchen: Baustart f\u00fcr Wohn\u00fcberbauung Sunnepark - IMMOBILIEN Business<\/title>\n<meta name=\"description\" content=\"In Grenchen (SO) entsteht derzeit auf dem Areal des ehemaligen Spitals die \u00dcberbauung \u00abSunnepark\u00bb mit mehr als 100 Wohnungen.\" \/>\n<meta name=\"robots\" content=\"index, follow, max-snippet:-1, max-image-preview:large, max-video-preview:-1\" \/>\n<link rel=\"canonical\" href=\"https:\/\/www.immobilienbusiness.ch\/fr\/regionen\/2019-01-08\/grenchen-baustart-fuer-wohnueberbauung-sunnepark\/\" \/>\n<meta property=\"og:locale\" content=\"fr_FR\" \/>\n<meta property=\"og:type\" content=\"article\" \/>\n<meta property=\"og:title\" content=\"Grenchen: Baustart f\u00fcr Wohn\u00fcberbauung Sunnepark - IMMOBILIEN Business\" \/>\n<meta property=\"og:description\" content=\"In Grenchen (SO) entsteht derzeit auf dem Areal des ehemaligen Spitals die \u00dcberbauung \u00abSunnepark\u00bb mit mehr als 100 Wohnungen.\" \/>\n<meta property=\"og:url\" content=\"https:\/\/www.immobilienbusiness.ch\/fr\/regionen\/2019-01-08\/grenchen-baustart-fuer-wohnueberbauung-sunnepark\/\" \/>\n<meta property=\"og:site_name\" content=\"IMMOBILIEN Business\" \/>\n<meta property=\"article:publisher\" content=\"https:\/\/www.facebook.com\/immobilienbusiness\/\" \/>\n<meta property=\"article:published_time\" content=\"2019-01-08T07:27:32+00:00\" \/>\n<meta property=\"og:image\" content=\"https:\/\/www.immobilienbusiness.ch\/wp-content\/uploads\/2019\/01\/Visualisierung-Wohnungen-Grenchen-kleiner-1024x481.jpg\" \/>\n\t<meta property=\"og:image:width\" content=\"1024\" \/>\n\t<meta property=\"og:image:height\" content=\"481\" \/>\n\t<meta property=\"og:image:type\" content=\"image\/jpeg\" \/>\n<meta name=\"author\" content=\"anja.hall\" \/>\n<meta name=\"twitter:card\" content=\"summary_large_image\" \/>\n<meta name=\"twitter:image\" content=\"https:\/\/www.immobilienbusiness.ch\/wp-content\/uploads\/2019\/01\/Visualisierung-Wohnungen-Grenchen-kleiner.jpg\" \/>\n<script type=\"application\/ld+json\" class=\"yoast-schema-graph\">{\"@context\":\"https:\\\/\\\/schema.org\",\"@graph\":[{\"@type\":\"Article\",\"@id\":\"https:\\\/\\\/www.immobilienbusiness.ch\\\/de\\\/regionen\\\/2019-01-08\\\/grenchen-baustart-fuer-wohnueberbauung-sunnepark\\\/#article\",\"isPartOf\":{\"@id\":\"https:\\\/\\\/www.immobilienbusiness.ch\\\/de\\\/regionen\\\/2019-01-08\\\/grenchen-baustart-fuer-wohnueberbauung-sunnepark\\\/\"},\"author\":{\"name\":\"anja.hall\",\"@id\":\"https:\\\/\\\/www.immobilienbusiness.ch\\\/#\\\/schema\\\/person\\\/3fc036297b10b9f42d6db5ee932af8c8\"},\"headline\":\"Grenchen: Baustart f\u00fcr Wohn\u00fcberbauung Sunnepark\",\"datePublished\":\"2019-01-08T07:27:32+00:00\",\"mainEntityOfPage\":{\"@id\":\"https:\\\/\\\/www.immobilienbusiness.ch\\\/de\\\/regionen\\\/2019-01-08\\\/grenchen-baustart-fuer-wohnueberbauung-sunnepark\\\/\"},\"wordCount\":239,\"publisher\":{\"@id\":\"https:\\\/\\\/www.immobilienbusiness.ch\\\/#organization\"},\"image\":{\"@id\":\"https:\\\/\\\/www.immobilienbusiness.ch\\\/de\\\/regionen\\\/2019-01-08\\\/grenchen-baustart-fuer-wohnueberbauung-sunnepark\\\/#primaryimage\"},\"thumbnailUrl\":\"https:\\\/\\\/www.immobilienbusiness.ch\\\/wp-content\\\/uploads\\\/2019\\\/01\\\/Visualisierung-Wohnungen-Grenchen-kleiner.jpg\",\"keywords\":[\"Espace Mittelland\",\"Projekt in Bau\",\"Wohnimmobilien\"],\"articleSection\":[\"REGIONEN\"],\"inLanguage\":\"fr-FR\"},{\"@type\":\"WebPage\",\"@id\":\"https:\\\/\\\/www.immobilienbusiness.ch\\\/de\\\/regionen\\\/2019-01-08\\\/grenchen-baustart-fuer-wohnueberbauung-sunnepark\\\/\",\"url\":\"https:\\\/\\\/www.immobilienbusiness.ch\\\/de\\\/regionen\\\/2019-01-08\\\/grenchen-baustart-fuer-wohnueberbauung-sunnepark\\\/\",\"name\":\"Grenchen: Baustart f\u00fcr Wohn\u00fcberbauung Sunnepark - IMMOBILIEN Business\",\"isPartOf\":{\"@id\":\"https:\\\/\\\/www.immobilienbusiness.ch\\\/#website\"},\"primaryImageOfPage\":{\"@id\":\"https:\\\/\\\/www.immobilienbusiness.ch\\\/de\\\/regionen\\\/2019-01-08\\\/grenchen-baustart-fuer-wohnueberbauung-sunnepark\\\/#primaryimage\"},\"image\":{\"@id\":\"https:\\\/\\\/www.immobilienbusiness.ch\\\/de\\\/regionen\\\/2019-01-08\\\/grenchen-baustart-fuer-wohnueberbauung-sunnepark\\\/#primaryimage\"},\"thumbnailUrl\":\"https:\\\/\\\/www.immobilienbusiness.ch\\\/wp-content\\\/uploads\\\/2019\\\/01\\\/Visualisierung-Wohnungen-Grenchen-kleiner.jpg\",\"datePublished\":\"2019-01-08T07:27:32+00:00\",\"description\":\"In Grenchen (SO) entsteht derzeit auf dem Areal des ehemaligen Spitals die \u00dcberbauung \u00abSunnepark\u00bb mit mehr als 100 Wohnungen.\",\"breadcrumb\":{\"@id\":\"https:\\\/\\\/www.immobilienbusiness.ch\\\/de\\\/regionen\\\/2019-01-08\\\/grenchen-baustart-fuer-wohnueberbauung-sunnepark\\\/#breadcrumb\"},\"inLanguage\":\"fr-FR\",\"potentialAction\":[{\"@type\":\"ReadAction\",\"target\":[\"https:\\\/\\\/www.immobilienbusiness.ch\\\/de\\\/regionen\\\/2019-01-08\\\/grenchen-baustart-fuer-wohnueberbauung-sunnepark\\\/\"]}]},{\"@type\":\"ImageObject\",\"inLanguage\":\"fr-FR\",\"@id\":\"https:\\\/\\\/www.immobilienbusiness.ch\\\/de\\\/regionen\\\/2019-01-08\\\/grenchen-baustart-fuer-wohnueberbauung-sunnepark\\\/#primaryimage\",\"url\":\"https:\\\/\\\/www.immobilienbusiness.ch\\\/wp-content\\\/uploads\\\/2019\\\/01\\\/Visualisierung-Wohnungen-Grenchen-kleiner.jpg\",\"contentUrl\":\"https:\\\/\\\/www.immobilienbusiness.ch\\\/wp-content\\\/uploads\\\/2019\\\/01\\\/Visualisierung-Wohnungen-Grenchen-kleiner.jpg\",\"width\":2560,\"height\":1203,\"caption\":\"In Grenchen ist die \u00dcberbauung Sunnepark in Bau (Visualisierung, Quelle: Thomasgraf AG)\"},{\"@type\":\"BreadcrumbList\",\"@id\":\"https:\\\/\\\/www.immobilienbusiness.ch\\\/de\\\/regionen\\\/2019-01-08\\\/grenchen-baustart-fuer-wohnueberbauung-sunnepark\\\/#breadcrumb\",\"itemListElement\":[{\"@type\":\"ListItem\",\"position\":1,\"name\":\"Home\",\"item\":\"https:\\\/\\\/www.immobilienbusiness.ch\\\/\"},{\"@type\":\"ListItem\",\"position\":2,\"name\":\"Grenchen: Baustart f\u00fcr Wohn\u00fcberbauung Sunnepark\"}]},{\"@type\":\"WebSite\",\"@id\":\"https:\\\/\\\/www.immobilienbusiness.ch\\\/#website\",\"url\":\"https:\\\/\\\/www.immobilienbusiness.ch\\\/\",\"name\":\"IMMOBILIEN Business\",\"description\":\"Unabh\u00e4ngiges Schweizer Wirtschaftsmagazin mit Fokus auf Immobilien, Architektur- und Bau sowie Investment- und Finanzierung.\",\"publisher\":{\"@id\":\"https:\\\/\\\/www.immobilienbusiness.ch\\\/#organization\"},\"potentialAction\":[{\"@type\":\"SearchAction\",\"target\":{\"@type\":\"EntryPoint\",\"urlTemplate\":\"https:\\\/\\\/www.immobilienbusiness.ch\\\/?s={search_term_string}\"},\"query-input\":{\"@type\":\"PropertyValueSpecification\",\"valueRequired\":true,\"valueName\":\"search_term_string\"}}],\"inLanguage\":\"fr-FR\"},{\"@type\":\"Organization\",\"@id\":\"https:\\\/\\\/www.immobilienbusiness.ch\\\/#organization\",\"name\":\"IMMOBILIEN Business\",\"url\":\"https:\\\/\\\/www.immobilienbusiness.ch\\\/\",\"logo\":{\"@type\":\"ImageObject\",\"inLanguage\":\"fr-FR\",\"@id\":\"https:\\\/\\\/www.immobilienbusiness.ch\\\/#\\\/schema\\\/logo\\\/image\\\/\",\"url\":\"https:\\\/\\\/www.immobilienbusiness.ch\\\/wp-content\\\/uploads\\\/2021\\\/07\\\/logo_ib.png\",\"contentUrl\":\"https:\\\/\\\/www.immobilienbusiness.ch\\\/wp-content\\\/uploads\\\/2021\\\/07\\\/logo_ib.png\",\"width\":800,\"height\":181,\"caption\":\"IMMOBILIEN Business\"},\"image\":{\"@id\":\"https:\\\/\\\/www.immobilienbusiness.ch\\\/#\\\/schema\\\/logo\\\/image\\\/\"},\"sameAs\":[\"https:\\\/\\\/www.facebook.com\\\/immobilienbusiness\\\/\"]},{\"@type\":\"Person\",\"@id\":\"https:\\\/\\\/www.immobilienbusiness.ch\\\/#\\\/schema\\\/person\\\/3fc036297b10b9f42d6db5ee932af8c8\",\"name\":\"anja.hall\",\"image\":{\"@type\":\"ImageObject\",\"inLanguage\":\"fr-FR\",\"@id\":\"https:\\\/\\\/secure.gravatar.com\\\/avatar\\\/066b5a0d447013502c71a5782f4f3469f03cfe595cc2329fb94652fe47511bfb?s=96&d=mm&r=g\",\"url\":\"https:\\\/\\\/secure.gravatar.com\\\/avatar\\\/066b5a0d447013502c71a5782f4f3469f03cfe595cc2329fb94652fe47511bfb?s=96&d=mm&r=g\",\"contentUrl\":\"https:\\\/\\\/secure.gravatar.com\\\/avatar\\\/066b5a0d447013502c71a5782f4f3469f03cfe595cc2329fb94652fe47511bfb?s=96&d=mm&r=g\",\"caption\":\"anja.hall\"},\"url\":\"https:\\\/\\\/www.immobilienbusiness.ch\\\/fr\\\/author\\\/anja-hall\\\/\"}]}<\/script>\n<!-- \/ Yoast SEO plugin. -->","yoast_head_json":{"title":"Grenchen: Baustart f\u00fcr Wohn\u00fcberbauung Sunnepark - IMMOBILIEN Business","description":"In Grenchen (SO) entsteht derzeit auf dem Areal des ehemaligen Spitals die \u00dcberbauung \u00abSunnepark\u00bb mit mehr als 100 Wohnungen.","robots":{"index":"index","follow":"follow","max-snippet":"max-snippet:-1","max-image-preview":"max-image-preview:large","max-video-preview":"max-video-preview:-1"},"canonical":"https:\/\/www.immobilienbusiness.ch\/fr\/regionen\/2019-01-08\/grenchen-baustart-fuer-wohnueberbauung-sunnepark\/","og_locale":"fr_FR","og_type":"article","og_title":"Grenchen: Baustart f\u00fcr Wohn\u00fcberbauung Sunnepark - IMMOBILIEN Business","og_description":"In Grenchen (SO) entsteht derzeit auf dem Areal des ehemaligen Spitals die \u00dcberbauung \u00abSunnepark\u00bb mit mehr als 100 Wohnungen.","og_url":"https:\/\/www.immobilienbusiness.ch\/fr\/regionen\/2019-01-08\/grenchen-baustart-fuer-wohnueberbauung-sunnepark\/","og_site_name":"IMMOBILIEN Business","article_publisher":"https:\/\/www.facebook.com\/immobilienbusiness\/","article_published_time":"2019-01-08T07:27:32+00:00","og_image":[{"width":1024,"height":481,"url":"https:\/\/www.immobilienbusiness.ch\/wp-content\/uploads\/2019\/01\/Visualisierung-Wohnungen-Grenchen-kleiner-1024x481.jpg","type":"image\/jpeg"}],"author":"anja.hall","twitter_card":"summary_large_image","twitter_image":"https:\/\/www.immobilienbusiness.ch\/wp-content\/uploads\/2019\/01\/Visualisierung-Wohnungen-Grenchen-kleiner.jpg","schema":{"@context":"https:\/\/schema.org","@graph":[{"@type":"Article","@id":"https:\/\/www.immobilienbusiness.ch\/de\/regionen\/2019-01-08\/grenchen-baustart-fuer-wohnueberbauung-sunnepark\/#article","isPartOf":{"@id":"https:\/\/www.immobilienbusiness.ch\/de\/regionen\/2019-01-08\/grenchen-baustart-fuer-wohnueberbauung-sunnepark\/"},"author":{"name":"anja.hall","@id":"https:\/\/www.immobilienbusiness.ch\/#\/schema\/person\/3fc036297b10b9f42d6db5ee932af8c8"},"headline":"Grenchen: Baustart f\u00fcr Wohn\u00fcberbauung Sunnepark","datePublished":"2019-01-08T07:27:32+00:00","mainEntityOfPage":{"@id":"https:\/\/www.immobilienbusiness.ch\/de\/regionen\/2019-01-08\/grenchen-baustart-fuer-wohnueberbauung-sunnepark\/"},"wordCount":239,"publisher":{"@id":"https:\/\/www.immobilienbusiness.ch\/#organization"},"image":{"@id":"https:\/\/www.immobilienbusiness.ch\/de\/regionen\/2019-01-08\/grenchen-baustart-fuer-wohnueberbauung-sunnepark\/#primaryimage"},"thumbnailUrl":"https:\/\/www.immobilienbusiness.ch\/wp-content\/uploads\/2019\/01\/Visualisierung-Wohnungen-Grenchen-kleiner.jpg","keywords":["Espace Mittelland","Projekt in Bau","Wohnimmobilien"],"articleSection":["REGIONEN"],"inLanguage":"fr-FR"},{"@type":"WebPage","@id":"https:\/\/www.immobilienbusiness.ch\/de\/regionen\/2019-01-08\/grenchen-baustart-fuer-wohnueberbauung-sunnepark\/","url":"https:\/\/www.immobilienbusiness.ch\/de\/regionen\/2019-01-08\/grenchen-baustart-fuer-wohnueberbauung-sunnepark\/","name":"Grenchen: Baustart f\u00fcr Wohn\u00fcberbauung Sunnepark - IMMOBILIEN Business","isPartOf":{"@id":"https:\/\/www.immobilienbusiness.ch\/#website"},"primaryImageOfPage":{"@id":"https:\/\/www.immobilienbusiness.ch\/de\/regionen\/2019-01-08\/grenchen-baustart-fuer-wohnueberbauung-sunnepark\/#primaryimage"},"image":{"@id":"https:\/\/www.immobilienbusiness.ch\/de\/regionen\/2019-01-08\/grenchen-baustart-fuer-wohnueberbauung-sunnepark\/#primaryimage"},"thumbnailUrl":"https:\/\/www.immobilienbusiness.ch\/wp-content\/uploads\/2019\/01\/Visualisierung-Wohnungen-Grenchen-kleiner.jpg","datePublished":"2019-01-08T07:27:32+00:00","description":"In Grenchen (SO) entsteht derzeit auf dem Areal des ehemaligen Spitals die \u00dcberbauung \u00abSunnepark\u00bb mit mehr als 100 Wohnungen.","breadcrumb":{"@id":"https:\/\/www.immobilienbusiness.ch\/de\/regionen\/2019-01-08\/grenchen-baustart-fuer-wohnueberbauung-sunnepark\/#breadcrumb"},"inLanguage":"fr-FR","potentialAction":[{"@type":"ReadAction","target":["https:\/\/www.immobilienbusiness.ch\/de\/regionen\/2019-01-08\/grenchen-baustart-fuer-wohnueberbauung-sunnepark\/"]}]},{"@type":"ImageObject","inLanguage":"fr-FR","@id":"https:\/\/www.immobilienbusiness.ch\/de\/regionen\/2019-01-08\/grenchen-baustart-fuer-wohnueberbauung-sunnepark\/#primaryimage","url":"https:\/\/www.immobilienbusiness.ch\/wp-content\/uploads\/2019\/01\/Visualisierung-Wohnungen-Grenchen-kleiner.jpg","contentUrl":"https:\/\/www.immobilienbusiness.ch\/wp-content\/uploads\/2019\/01\/Visualisierung-Wohnungen-Grenchen-kleiner.jpg","width":2560,"height":1203,"caption":"In Grenchen ist die \u00dcberbauung Sunnepark in Bau (Visualisierung, Quelle: Thomasgraf AG)"},{"@type":"BreadcrumbList","@id":"https:\/\/www.immobilienbusiness.ch\/de\/regionen\/2019-01-08\/grenchen-baustart-fuer-wohnueberbauung-sunnepark\/#breadcrumb","itemListElement":[{"@type":"ListItem","position":1,"name":"Home","item":"https:\/\/www.immobilienbusiness.ch\/"},{"@type":"ListItem","position":2,"name":"Grenchen: Baustart f\u00fcr Wohn\u00fcberbauung Sunnepark"}]},{"@type":"WebSite","@id":"https:\/\/www.immobilienbusiness.ch\/#website","url":"https:\/\/www.immobilienbusiness.ch\/","name":"IMMOBILIER Business","description":"Magazine \u00e9conomique suisse ind\u00e9pendant ax\u00e9 sur l'immobilier, l'architecture et la construction ainsi que sur les investissements et le financement.","publisher":{"@id":"https:\/\/www.immobilienbusiness.ch\/#organization"},"potentialAction":[{"@type":"SearchAction","target":{"@type":"EntryPoint","urlTemplate":"https:\/\/www.immobilienbusiness.ch\/?s={search_term_string}"},"query-input":{"@type":"PropertyValueSpecification","valueRequired":true,"valueName":"search_term_string"}}],"inLanguage":"fr-FR"},{"@type":"Organization","@id":"https:\/\/www.immobilienbusiness.ch\/#organization","name":"IMMOBILIER Business","url":"https:\/\/www.immobilienbusiness.ch\/","logo":{"@type":"ImageObject","inLanguage":"fr-FR","@id":"https:\/\/www.immobilienbusiness.ch\/#\/schema\/logo\/image\/","url":"https:\/\/www.immobilienbusiness.ch\/wp-content\/uploads\/2021\/07\/logo_ib.png","contentUrl":"https:\/\/www.immobilienbusiness.ch\/wp-content\/uploads\/2021\/07\/logo_ib.png","width":800,"height":181,"caption":"IMMOBILIEN Business"},"image":{"@id":"https:\/\/www.immobilienbusiness.ch\/#\/schema\/logo\/image\/"},"sameAs":["https:\/\/www.facebook.com\/immobilienbusiness\/"]},{"@type":"Person","@id":"https:\/\/www.immobilienbusiness.ch\/#\/schema\/person\/3fc036297b10b9f42d6db5ee932af8c8","name":"anja.hall","image":{"@type":"ImageObject","inLanguage":"fr-FR","@id":"https:\/\/secure.gravatar.com\/avatar\/066b5a0d447013502c71a5782f4f3469f03cfe595cc2329fb94652fe47511bfb?s=96&d=mm&r=g","url":"https:\/\/secure.gravatar.com\/avatar\/066b5a0d447013502c71a5782f4f3469f03cfe595cc2329fb94652fe47511bfb?s=96&d=mm&r=g","contentUrl":"https:\/\/secure.gravatar.com\/avatar\/066b5a0d447013502c71a5782f4f3469f03cfe595cc2329fb94652fe47511bfb?s=96&d=mm&r=g","caption":"anja.hall"},"url":"https:\/\/www.immobilienbusiness.ch\/fr\/author\/anja-hall\/"}]}},"_links":{"self":[{"href":"https:\/\/www.immobilienbusiness.ch\/fr\/wp-json\/wp\/v2\/posts\/15435","targetHints":{"allow":["GET"]}}],"collection":[{"href":"https:\/\/www.immobilienbusiness.ch\/fr\/wp-json\/wp\/v2\/posts"}],"about":[{"href":"https:\/\/www.immobilienbusiness.ch\/fr\/wp-json\/wp\/v2\/types\/post"}],"author":[{"embeddable":true,"href":"https:\/\/www.immobilienbusiness.ch\/fr\/wp-json\/wp\/v2\/users\/3"}],"replies":[{"embeddable":true,"href":"https:\/\/www.immobilienbusiness.ch\/fr\/wp-json\/wp\/v2\/comments?post=15435"}],"version-history":[{"count":0,"href":"https:\/\/www.immobilienbusiness.ch\/fr\/wp-json\/wp\/v2\/posts\/15435\/revisions"}],"wp:featuredmedia":[{"embeddable":true,"href":"https:\/\/www.immobilienbusiness.ch\/fr\/wp-json\/wp\/v2\/media\/15438"}],"wp:attachment":[{"href":"https:\/\/www.immobilienbusiness.ch\/fr\/wp-json\/wp\/v2\/media?parent=15435"}],"wp:term":[{"taxonomy":"category","embeddable":true,"href":"https:\/\/www.immobilienbusiness.ch\/fr\/wp-json\/wp\/v2\/categories?post=15435"},{"taxonomy":"post_tag","embeddable":true,"href":"https:\/\/www.immobilienbusiness.ch\/fr\/wp-json\/wp\/v2\/tags?post=15435"}],"curies":[{"name":"wp","href":"https:\/\/api.w.org\/{rel}","templated":true}]}}