{"id":15317,"date":"2018-12-20T08:59:47","date_gmt":"2018-12-20T07:59:47","guid":{"rendered":"https:\/\/www.immobilienbusiness.ch\/?p=15317"},"modified":"2023-08-10T21:45:02","modified_gmt":"2023-08-10T19:45:02","slug":"iss-und-swisscom-verlaengern-fm-vertrag","status":"publish","type":"post","link":"https:\/\/www.immobilienbusiness.ch\/fr\/unternehmen\/2018-12-20\/iss-und-swisscom-verlaengern-fm-vertrag\/","title":{"rendered":"ISS et Swisscom prolongent leur contrat FM"},"content":{"rendered":"<figure id=\"attachment_13073\" aria-describedby=\"caption-attachment-13073\" style=\"width: 300px\" class=\"wp-caption alignnone\"><img loading=\"lazy\" decoding=\"async\" class=\"wp-image-13073 size-medium\" src=\"https:\/\/www.immobilienbusiness.ch\/wp-content\/uploads\/2018\/06\/fernandozhiminaicela-300x200.jpg\" alt=\"FM-Dienstleistungen\" width=\"300\" height=\"200\" srcset=\"https:\/\/www.immobilienbusiness.ch\/wp-content\/uploads\/2018\/06\/fernandozhiminaicela-300x200.jpg 300w, https:\/\/www.immobilienbusiness.ch\/wp-content\/uploads\/2018\/06\/fernandozhiminaicela-1024x683.jpg 1024w, https:\/\/www.immobilienbusiness.ch\/wp-content\/uploads\/2018\/06\/fernandozhiminaicela-768x512.jpg 768w, https:\/\/www.immobilienbusiness.ch\/wp-content\/uploads\/2018\/06\/fernandozhiminaicela-1536x1024.jpg 1536w, https:\/\/www.immobilienbusiness.ch\/wp-content\/uploads\/2018\/06\/fernandozhiminaicela-16x12.jpg 16w, https:\/\/www.immobilienbusiness.ch\/wp-content\/uploads\/2018\/06\/fernandozhiminaicela-263x175.jpg 263w, https:\/\/www.immobilienbusiness.ch\/wp-content\/uploads\/2018\/06\/fernandozhiminaicela-525x350.jpg 525w, https:\/\/www.immobilienbusiness.ch\/wp-content\/uploads\/2018\/06\/fernandozhiminaicela-1200x800.jpg 1200w, https:\/\/www.immobilienbusiness.ch\/wp-content\/uploads\/2018\/06\/fernandozhiminaicela-920x613.jpg 920w, https:\/\/www.immobilienbusiness.ch\/wp-content\/uploads\/2018\/06\/fernandozhiminaicela-1400x933.jpg 1400w, https:\/\/www.immobilienbusiness.ch\/wp-content\/uploads\/2018\/06\/fernandozhiminaicela.jpg 1920w\" sizes=\"auto, (max-width: 300px) 100vw, 300px\" \/><figcaption id=\"caption-attachment-13073\" class=\"wp-caption-text\">ISS continue de fournir des prestations FM pour Swisscom (Image : depositphotos)<\/figcaption><\/figure>\n<p>ISS travaille pour Swisscom depuis 1999, l'entreprise a d'abord pris en charge des services de nettoyage et de conciergerie. Il y a quatre ans, le prestataire de services FM a ensuite remport\u00e9 l'appel d'offres pour le Facility Management int\u00e9gral de Swisscom - du point de vue d'ISS, \"un succ\u00e8s strat\u00e9gique important\". Depuis, l'entreprise est responsable de tous les services FM infrastructurels et techniques dans l'ensemble du portefeuille de b\u00e2timents de Swisscom. Selon un communiqu\u00e9, les contrats de prestations englobent 24 centres de calcul, environ 60 immeubles de bureaux et plus de 1 000 b\u00e2timents d'exploitation d'une surface totale d'environ 1,1 million de m\u00e8tres carr\u00e9s.<\/p>\n<p>Avec la prolongation du contrat, ISS et Swisscom se sont mis d'accord sur un nouveau mod\u00e8le, l'accent \u00e9tant mis sur une \"collaboration bas\u00e9e sur l'output\" et ISS assumant des responsabilit\u00e9s fiduciaires suppl\u00e9mentaires, ajoute le communiqu\u00e9. <em>(ah)<\/em><\/p>","protected":false},"excerpt":{"rendered":"<p>ISS Suisse et Swisscom ont convenu de prolonger les contrats de Facility Management int\u00e9gral de mani\u00e8re anticip\u00e9e au 1er janvier 2019 jusqu'\u00e0 fin mars 2024. Parall\u00e8lement, un nouveau mod\u00e8le de contrat sera mis en \u0153uvre.<\/p>","protected":false},"author":3,"featured_media":13073,"comment_status":"closed","ping_status":"closed","sticky":false,"template":"","format":"standard","meta":{"_acf_changed":false,"_yoast_wpseo_focuskw":"FM-Dienstleistungen","_yoast_wpseo_title":"","_yoast_wpseo_metadesc":"ISS Schweiz und Swisscom haben die Vertr\u00e4ge \u00fcber das Integrale Facility Management vorzeitig per 1. Januar 2019 bis Ende M\u00e4rz 2024 verl\u00e4ngert.","_yoast_wpseo_linkdex":46,"pgc_sgb_lightbox_settings":"","footnotes":""},"categories":[988],"tags":[1216,1385],"class_list":["post-15317","post","type-post","status-publish","format-standard","has-post-thumbnail","hentry","category-unternehmen","tag-facility-management","tag-iss"],"acf":[],"yoast_head":"<!-- This site is optimized with the Yoast SEO plugin v27.4 - https:\/\/yoast.com\/product\/yoast-seo-wordpress\/ -->\n<title>ISS und Swisscom verl\u00e4ngern FM-Vertrag - IMMOBILIEN Business<\/title>\n<meta name=\"description\" content=\"ISS Schweiz und Swisscom haben die Vertr\u00e4ge \u00fcber das Integrale Facility Management vorzeitig per 1. Januar 2019 bis Ende M\u00e4rz 2024 verl\u00e4ngert.\" \/>\n<meta name=\"robots\" content=\"index, follow, max-snippet:-1, max-image-preview:large, max-video-preview:-1\" \/>\n<link rel=\"canonical\" href=\"https:\/\/www.immobilienbusiness.ch\/fr\/unternehmen\/2018-12-20\/iss-und-swisscom-verlaengern-fm-vertrag\/\" \/>\n<meta property=\"og:locale\" content=\"fr_FR\" \/>\n<meta property=\"og:type\" content=\"article\" \/>\n<meta property=\"og:title\" content=\"ISS und Swisscom verl\u00e4ngern FM-Vertrag - IMMOBILIEN Business\" \/>\n<meta property=\"og:description\" content=\"ISS Schweiz und Swisscom haben die Vertr\u00e4ge \u00fcber das Integrale Facility Management vorzeitig per 1. Januar 2019 bis Ende M\u00e4rz 2024 verl\u00e4ngert.\" \/>\n<meta property=\"og:url\" content=\"https:\/\/www.immobilienbusiness.ch\/fr\/unternehmen\/2018-12-20\/iss-und-swisscom-verlaengern-fm-vertrag\/\" \/>\n<meta property=\"og:site_name\" content=\"IMMOBILIEN Business\" \/>\n<meta property=\"article:publisher\" content=\"https:\/\/www.facebook.com\/immobilienbusiness\/\" \/>\n<meta property=\"article:published_time\" content=\"2018-12-20T07:59:47+00:00\" \/>\n<meta property=\"article:modified_time\" content=\"2023-08-10T19:45:02+00:00\" \/>\n<meta property=\"og:image\" content=\"https:\/\/www.immobilienbusiness.ch\/wp-content\/uploads\/2018\/06\/fernandozhiminaicela.jpg\" \/>\n\t<meta property=\"og:image:width\" content=\"1920\" \/>\n\t<meta property=\"og:image:height\" content=\"1280\" \/>\n\t<meta property=\"og:image:type\" content=\"image\/jpeg\" \/>\n<meta name=\"author\" content=\"anja.hall\" \/>\n<meta name=\"twitter:card\" content=\"summary_large_image\" \/>\n<meta name=\"twitter:image\" content=\"https:\/\/www.immobilienbusiness.ch\/wp-content\/uploads\/2018\/06\/fernandozhiminaicela.jpg\" \/>\n<script type=\"application\/ld+json\" class=\"yoast-schema-graph\">{\"@context\":\"https:\\\/\\\/schema.org\",\"@graph\":[{\"@type\":\"Article\",\"@id\":\"https:\\\/\\\/www.immobilienbusiness.ch\\\/de\\\/unternehmen\\\/2018-12-20\\\/iss-und-swisscom-verlaengern-fm-vertrag\\\/#article\",\"isPartOf\":{\"@id\":\"https:\\\/\\\/www.immobilienbusiness.ch\\\/de\\\/unternehmen\\\/2018-12-20\\\/iss-und-swisscom-verlaengern-fm-vertrag\\\/\"},\"author\":{\"name\":\"anja.hall\",\"@id\":\"https:\\\/\\\/www.immobilienbusiness.ch\\\/#\\\/schema\\\/person\\\/3fc036297b10b9f42d6db5ee932af8c8\"},\"headline\":\"ISS und Swisscom verl\u00e4ngern FM-Vertrag\",\"datePublished\":\"2018-12-20T07:59:47+00:00\",\"dateModified\":\"2023-08-10T19:45:02+00:00\",\"mainEntityOfPage\":{\"@id\":\"https:\\\/\\\/www.immobilienbusiness.ch\\\/de\\\/unternehmen\\\/2018-12-20\\\/iss-und-swisscom-verlaengern-fm-vertrag\\\/\"},\"wordCount\":140,\"publisher\":{\"@id\":\"https:\\\/\\\/www.immobilienbusiness.ch\\\/#organization\"},\"image\":{\"@id\":\"https:\\\/\\\/www.immobilienbusiness.ch\\\/de\\\/unternehmen\\\/2018-12-20\\\/iss-und-swisscom-verlaengern-fm-vertrag\\\/#primaryimage\"},\"thumbnailUrl\":\"https:\\\/\\\/www.immobilienbusiness.ch\\\/wp-content\\\/uploads\\\/2018\\\/06\\\/fernandozhiminaicela.jpg\",\"keywords\":[\"Facility Management\",\"ISS\"],\"articleSection\":[\"UNTERNEHMEN\"],\"inLanguage\":\"fr-FR\"},{\"@type\":\"WebPage\",\"@id\":\"https:\\\/\\\/www.immobilienbusiness.ch\\\/de\\\/unternehmen\\\/2018-12-20\\\/iss-und-swisscom-verlaengern-fm-vertrag\\\/\",\"url\":\"https:\\\/\\\/www.immobilienbusiness.ch\\\/de\\\/unternehmen\\\/2018-12-20\\\/iss-und-swisscom-verlaengern-fm-vertrag\\\/\",\"name\":\"ISS und Swisscom verl\u00e4ngern FM-Vertrag - IMMOBILIEN Business\",\"isPartOf\":{\"@id\":\"https:\\\/\\\/www.immobilienbusiness.ch\\\/#website\"},\"primaryImageOfPage\":{\"@id\":\"https:\\\/\\\/www.immobilienbusiness.ch\\\/de\\\/unternehmen\\\/2018-12-20\\\/iss-und-swisscom-verlaengern-fm-vertrag\\\/#primaryimage\"},\"image\":{\"@id\":\"https:\\\/\\\/www.immobilienbusiness.ch\\\/de\\\/unternehmen\\\/2018-12-20\\\/iss-und-swisscom-verlaengern-fm-vertrag\\\/#primaryimage\"},\"thumbnailUrl\":\"https:\\\/\\\/www.immobilienbusiness.ch\\\/wp-content\\\/uploads\\\/2018\\\/06\\\/fernandozhiminaicela.jpg\",\"datePublished\":\"2018-12-20T07:59:47+00:00\",\"dateModified\":\"2023-08-10T19:45:02+00:00\",\"description\":\"ISS Schweiz und Swisscom haben die Vertr\u00e4ge \u00fcber das Integrale Facility Management vorzeitig per 1. Januar 2019 bis Ende M\u00e4rz 2024 verl\u00e4ngert.\",\"breadcrumb\":{\"@id\":\"https:\\\/\\\/www.immobilienbusiness.ch\\\/de\\\/unternehmen\\\/2018-12-20\\\/iss-und-swisscom-verlaengern-fm-vertrag\\\/#breadcrumb\"},\"inLanguage\":\"fr-FR\",\"potentialAction\":[{\"@type\":\"ReadAction\",\"target\":[\"https:\\\/\\\/www.immobilienbusiness.ch\\\/de\\\/unternehmen\\\/2018-12-20\\\/iss-und-swisscom-verlaengern-fm-vertrag\\\/\"]}]},{\"@type\":\"ImageObject\",\"inLanguage\":\"fr-FR\",\"@id\":\"https:\\\/\\\/www.immobilienbusiness.ch\\\/de\\\/unternehmen\\\/2018-12-20\\\/iss-und-swisscom-verlaengern-fm-vertrag\\\/#primaryimage\",\"url\":\"https:\\\/\\\/www.immobilienbusiness.ch\\\/wp-content\\\/uploads\\\/2018\\\/06\\\/fernandozhiminaicela.jpg\",\"contentUrl\":\"https:\\\/\\\/www.immobilienbusiness.ch\\\/wp-content\\\/uploads\\\/2018\\\/06\\\/fernandozhiminaicela.jpg\",\"width\":1920,\"height\":1280,\"caption\":\"Am Hypothekarmarkt werden die Wu\u0308rfel neu gemischt.\"},{\"@type\":\"BreadcrumbList\",\"@id\":\"https:\\\/\\\/www.immobilienbusiness.ch\\\/de\\\/unternehmen\\\/2018-12-20\\\/iss-und-swisscom-verlaengern-fm-vertrag\\\/#breadcrumb\",\"itemListElement\":[{\"@type\":\"ListItem\",\"position\":1,\"name\":\"Home\",\"item\":\"https:\\\/\\\/www.immobilienbusiness.ch\\\/\"},{\"@type\":\"ListItem\",\"position\":2,\"name\":\"ISS und Swisscom verl\u00e4ngern FM-Vertrag\"}]},{\"@type\":\"WebSite\",\"@id\":\"https:\\\/\\\/www.immobilienbusiness.ch\\\/#website\",\"url\":\"https:\\\/\\\/www.immobilienbusiness.ch\\\/\",\"name\":\"IMMOBILIEN Business\",\"description\":\"Unabh\u00e4ngiges Schweizer Wirtschaftsmagazin mit Fokus auf Immobilien, Architektur- und Bau sowie Investment- und Finanzierung.\",\"publisher\":{\"@id\":\"https:\\\/\\\/www.immobilienbusiness.ch\\\/#organization\"},\"potentialAction\":[{\"@type\":\"SearchAction\",\"target\":{\"@type\":\"EntryPoint\",\"urlTemplate\":\"https:\\\/\\\/www.immobilienbusiness.ch\\\/?s={search_term_string}\"},\"query-input\":{\"@type\":\"PropertyValueSpecification\",\"valueRequired\":true,\"valueName\":\"search_term_string\"}}],\"inLanguage\":\"fr-FR\"},{\"@type\":\"Organization\",\"@id\":\"https:\\\/\\\/www.immobilienbusiness.ch\\\/#organization\",\"name\":\"IMMOBILIEN Business\",\"url\":\"https:\\\/\\\/www.immobilienbusiness.ch\\\/\",\"logo\":{\"@type\":\"ImageObject\",\"inLanguage\":\"fr-FR\",\"@id\":\"https:\\\/\\\/www.immobilienbusiness.ch\\\/#\\\/schema\\\/logo\\\/image\\\/\",\"url\":\"https:\\\/\\\/www.immobilienbusiness.ch\\\/wp-content\\\/uploads\\\/2021\\\/07\\\/logo_ib.png\",\"contentUrl\":\"https:\\\/\\\/www.immobilienbusiness.ch\\\/wp-content\\\/uploads\\\/2021\\\/07\\\/logo_ib.png\",\"width\":800,\"height\":181,\"caption\":\"IMMOBILIEN Business\"},\"image\":{\"@id\":\"https:\\\/\\\/www.immobilienbusiness.ch\\\/#\\\/schema\\\/logo\\\/image\\\/\"},\"sameAs\":[\"https:\\\/\\\/www.facebook.com\\\/immobilienbusiness\\\/\"]},{\"@type\":\"Person\",\"@id\":\"https:\\\/\\\/www.immobilienbusiness.ch\\\/#\\\/schema\\\/person\\\/3fc036297b10b9f42d6db5ee932af8c8\",\"name\":\"anja.hall\",\"image\":{\"@type\":\"ImageObject\",\"inLanguage\":\"fr-FR\",\"@id\":\"https:\\\/\\\/secure.gravatar.com\\\/avatar\\\/066b5a0d447013502c71a5782f4f3469f03cfe595cc2329fb94652fe47511bfb?s=96&d=mm&r=g\",\"url\":\"https:\\\/\\\/secure.gravatar.com\\\/avatar\\\/066b5a0d447013502c71a5782f4f3469f03cfe595cc2329fb94652fe47511bfb?s=96&d=mm&r=g\",\"contentUrl\":\"https:\\\/\\\/secure.gravatar.com\\\/avatar\\\/066b5a0d447013502c71a5782f4f3469f03cfe595cc2329fb94652fe47511bfb?s=96&d=mm&r=g\",\"caption\":\"anja.hall\"},\"url\":\"https:\\\/\\\/www.immobilienbusiness.ch\\\/fr\\\/author\\\/anja-hall\\\/\"}]}<\/script>\n<!-- \/ Yoast SEO plugin. -->","yoast_head_json":{"title":"ISS et Swisscom prolongent le contrat FM - IMMOBILIER Business","description":"ISS Suisse et Swisscom ont prolong\u00e9 les contrats de Facility Management int\u00e9gral de mani\u00e8re anticip\u00e9e au 1er janvier 2019 jusqu'\u00e0 fin mars 2024.","robots":{"index":"index","follow":"follow","max-snippet":"max-snippet:-1","max-image-preview":"max-image-preview:large","max-video-preview":"max-video-preview:-1"},"canonical":"https:\/\/www.immobilienbusiness.ch\/fr\/unternehmen\/2018-12-20\/iss-und-swisscom-verlaengern-fm-vertrag\/","og_locale":"fr_FR","og_type":"article","og_title":"ISS und Swisscom verl\u00e4ngern FM-Vertrag - IMMOBILIEN Business","og_description":"ISS Schweiz und Swisscom haben die Vertr\u00e4ge \u00fcber das Integrale Facility Management vorzeitig per 1. Januar 2019 bis Ende M\u00e4rz 2024 verl\u00e4ngert.","og_url":"https:\/\/www.immobilienbusiness.ch\/fr\/unternehmen\/2018-12-20\/iss-und-swisscom-verlaengern-fm-vertrag\/","og_site_name":"IMMOBILIEN Business","article_publisher":"https:\/\/www.facebook.com\/immobilienbusiness\/","article_published_time":"2018-12-20T07:59:47+00:00","article_modified_time":"2023-08-10T19:45:02+00:00","og_image":[{"width":1920,"height":1280,"url":"https:\/\/www.immobilienbusiness.ch\/wp-content\/uploads\/2018\/06\/fernandozhiminaicela.jpg","type":"image\/jpeg"}],"author":"anja.hall","twitter_card":"summary_large_image","twitter_image":"https:\/\/www.immobilienbusiness.ch\/wp-content\/uploads\/2018\/06\/fernandozhiminaicela.jpg","schema":{"@context":"https:\/\/schema.org","@graph":[{"@type":"Article","@id":"https:\/\/www.immobilienbusiness.ch\/de\/unternehmen\/2018-12-20\/iss-und-swisscom-verlaengern-fm-vertrag\/#article","isPartOf":{"@id":"https:\/\/www.immobilienbusiness.ch\/de\/unternehmen\/2018-12-20\/iss-und-swisscom-verlaengern-fm-vertrag\/"},"author":{"name":"anja.hall","@id":"https:\/\/www.immobilienbusiness.ch\/#\/schema\/person\/3fc036297b10b9f42d6db5ee932af8c8"},"headline":"ISS und Swisscom verl\u00e4ngern FM-Vertrag","datePublished":"2018-12-20T07:59:47+00:00","dateModified":"2023-08-10T19:45:02+00:00","mainEntityOfPage":{"@id":"https:\/\/www.immobilienbusiness.ch\/de\/unternehmen\/2018-12-20\/iss-und-swisscom-verlaengern-fm-vertrag\/"},"wordCount":140,"publisher":{"@id":"https:\/\/www.immobilienbusiness.ch\/#organization"},"image":{"@id":"https:\/\/www.immobilienbusiness.ch\/de\/unternehmen\/2018-12-20\/iss-und-swisscom-verlaengern-fm-vertrag\/#primaryimage"},"thumbnailUrl":"https:\/\/www.immobilienbusiness.ch\/wp-content\/uploads\/2018\/06\/fernandozhiminaicela.jpg","keywords":["Facility Management","ISS"],"articleSection":["UNTERNEHMEN"],"inLanguage":"fr-FR"},{"@type":"WebPage","@id":"https:\/\/www.immobilienbusiness.ch\/de\/unternehmen\/2018-12-20\/iss-und-swisscom-verlaengern-fm-vertrag\/","url":"https:\/\/www.immobilienbusiness.ch\/de\/unternehmen\/2018-12-20\/iss-und-swisscom-verlaengern-fm-vertrag\/","name":"ISS et Swisscom prolongent le contrat FM - IMMOBILIER Business","isPartOf":{"@id":"https:\/\/www.immobilienbusiness.ch\/#website"},"primaryImageOfPage":{"@id":"https:\/\/www.immobilienbusiness.ch\/de\/unternehmen\/2018-12-20\/iss-und-swisscom-verlaengern-fm-vertrag\/#primaryimage"},"image":{"@id":"https:\/\/www.immobilienbusiness.ch\/de\/unternehmen\/2018-12-20\/iss-und-swisscom-verlaengern-fm-vertrag\/#primaryimage"},"thumbnailUrl":"https:\/\/www.immobilienbusiness.ch\/wp-content\/uploads\/2018\/06\/fernandozhiminaicela.jpg","datePublished":"2018-12-20T07:59:47+00:00","dateModified":"2023-08-10T19:45:02+00:00","description":"ISS Suisse et Swisscom ont prolong\u00e9 les contrats de Facility Management int\u00e9gral de mani\u00e8re anticip\u00e9e au 1er janvier 2019 jusqu'\u00e0 fin mars 2024.","breadcrumb":{"@id":"https:\/\/www.immobilienbusiness.ch\/de\/unternehmen\/2018-12-20\/iss-und-swisscom-verlaengern-fm-vertrag\/#breadcrumb"},"inLanguage":"fr-FR","potentialAction":[{"@type":"ReadAction","target":["https:\/\/www.immobilienbusiness.ch\/de\/unternehmen\/2018-12-20\/iss-und-swisscom-verlaengern-fm-vertrag\/"]}]},{"@type":"ImageObject","inLanguage":"fr-FR","@id":"https:\/\/www.immobilienbusiness.ch\/de\/unternehmen\/2018-12-20\/iss-und-swisscom-verlaengern-fm-vertrag\/#primaryimage","url":"https:\/\/www.immobilienbusiness.ch\/wp-content\/uploads\/2018\/06\/fernandozhiminaicela.jpg","contentUrl":"https:\/\/www.immobilienbusiness.ch\/wp-content\/uploads\/2018\/06\/fernandozhiminaicela.jpg","width":1920,"height":1280,"caption":"Am Hypothekarmarkt werden die Wu\u0308rfel neu gemischt."},{"@type":"BreadcrumbList","@id":"https:\/\/www.immobilienbusiness.ch\/de\/unternehmen\/2018-12-20\/iss-und-swisscom-verlaengern-fm-vertrag\/#breadcrumb","itemListElement":[{"@type":"ListItem","position":1,"name":"Home","item":"https:\/\/www.immobilienbusiness.ch\/"},{"@type":"ListItem","position":2,"name":"ISS und Swisscom verl\u00e4ngern FM-Vertrag"}]},{"@type":"WebSite","@id":"https:\/\/www.immobilienbusiness.ch\/#website","url":"https:\/\/www.immobilienbusiness.ch\/","name":"IMMOBILIER Business","description":"Magazine \u00e9conomique suisse ind\u00e9pendant ax\u00e9 sur l'immobilier, l'architecture et la construction ainsi que sur les investissements et le financement.","publisher":{"@id":"https:\/\/www.immobilienbusiness.ch\/#organization"},"potentialAction":[{"@type":"SearchAction","target":{"@type":"EntryPoint","urlTemplate":"https:\/\/www.immobilienbusiness.ch\/?s={search_term_string}"},"query-input":{"@type":"PropertyValueSpecification","valueRequired":true,"valueName":"search_term_string"}}],"inLanguage":"fr-FR"},{"@type":"Organization","@id":"https:\/\/www.immobilienbusiness.ch\/#organization","name":"IMMOBILIER Business","url":"https:\/\/www.immobilienbusiness.ch\/","logo":{"@type":"ImageObject","inLanguage":"fr-FR","@id":"https:\/\/www.immobilienbusiness.ch\/#\/schema\/logo\/image\/","url":"https:\/\/www.immobilienbusiness.ch\/wp-content\/uploads\/2021\/07\/logo_ib.png","contentUrl":"https:\/\/www.immobilienbusiness.ch\/wp-content\/uploads\/2021\/07\/logo_ib.png","width":800,"height":181,"caption":"IMMOBILIEN Business"},"image":{"@id":"https:\/\/www.immobilienbusiness.ch\/#\/schema\/logo\/image\/"},"sameAs":["https:\/\/www.facebook.com\/immobilienbusiness\/"]},{"@type":"Person","@id":"https:\/\/www.immobilienbusiness.ch\/#\/schema\/person\/3fc036297b10b9f42d6db5ee932af8c8","name":"anja.hall","image":{"@type":"ImageObject","inLanguage":"fr-FR","@id":"https:\/\/secure.gravatar.com\/avatar\/066b5a0d447013502c71a5782f4f3469f03cfe595cc2329fb94652fe47511bfb?s=96&d=mm&r=g","url":"https:\/\/secure.gravatar.com\/avatar\/066b5a0d447013502c71a5782f4f3469f03cfe595cc2329fb94652fe47511bfb?s=96&d=mm&r=g","contentUrl":"https:\/\/secure.gravatar.com\/avatar\/066b5a0d447013502c71a5782f4f3469f03cfe595cc2329fb94652fe47511bfb?s=96&d=mm&r=g","caption":"anja.hall"},"url":"https:\/\/www.immobilienbusiness.ch\/fr\/author\/anja-hall\/"}]}},"_links":{"self":[{"href":"https:\/\/www.immobilienbusiness.ch\/fr\/wp-json\/wp\/v2\/posts\/15317","targetHints":{"allow":["GET"]}}],"collection":[{"href":"https:\/\/www.immobilienbusiness.ch\/fr\/wp-json\/wp\/v2\/posts"}],"about":[{"href":"https:\/\/www.immobilienbusiness.ch\/fr\/wp-json\/wp\/v2\/types\/post"}],"author":[{"embeddable":true,"href":"https:\/\/www.immobilienbusiness.ch\/fr\/wp-json\/wp\/v2\/users\/3"}],"replies":[{"embeddable":true,"href":"https:\/\/www.immobilienbusiness.ch\/fr\/wp-json\/wp\/v2\/comments?post=15317"}],"version-history":[{"count":1,"href":"https:\/\/www.immobilienbusiness.ch\/fr\/wp-json\/wp\/v2\/posts\/15317\/revisions"}],"predecessor-version":[{"id":52013,"href":"https:\/\/www.immobilienbusiness.ch\/fr\/wp-json\/wp\/v2\/posts\/15317\/revisions\/52013"}],"wp:featuredmedia":[{"embeddable":true,"href":"https:\/\/www.immobilienbusiness.ch\/fr\/wp-json\/wp\/v2\/media\/13073"}],"wp:attachment":[{"href":"https:\/\/www.immobilienbusiness.ch\/fr\/wp-json\/wp\/v2\/media?parent=15317"}],"wp:term":[{"taxonomy":"category","embeddable":true,"href":"https:\/\/www.immobilienbusiness.ch\/fr\/wp-json\/wp\/v2\/categories?post=15317"},{"taxonomy":"post_tag","embeddable":true,"href":"https:\/\/www.immobilienbusiness.ch\/fr\/wp-json\/wp\/v2\/tags?post=15317"}],"curies":[{"name":"wp","href":"https:\/\/api.w.org\/{rel}","templated":true}]}}