{"id":15127,"date":"2018-12-03T08:42:12","date_gmt":"2018-12-03T07:42:12","guid":{"rendered":"https:\/\/www.immobilienbusiness.ch\/?p=15127"},"modified":"2018-12-03T08:42:12","modified_gmt":"2018-12-03T07:42:12","slug":"implenia-rechnet-mit-weniger-gewinn","status":"publish","type":"post","link":"https:\/\/www.immobilienbusiness.ch\/fr\/unternehmen\/2018-12-03\/implenia-rechnet-mit-weniger-gewinn\/","title":{"rendered":"Implenia s'attend \u00e0 une baisse du b\u00e9n\u00e9fice"},"content":{"rendered":"<figure id=\"attachment_2346\" aria-describedby=\"caption-attachment-2346\" style=\"width: 680px\" class=\"wp-caption alignnone\"><img loading=\"lazy\" decoding=\"async\" class=\"size-medium wp-image-2346\" src=\"https:\/\/www.immobilienbusiness.ch\/wp-content\/uploads\/2016\/12\/Implenia-gl\u00e4nzt-mit-Ebitda-Rekordniveau-immobilien-business.jpg\" alt=\"\" width=\"680\" height=\"453\" \/><figcaption id=\"caption-attachment-2346\" class=\"wp-caption-text\">Implenia s'attend \u00e0 une baisse du b\u00e9n\u00e9fice en 2018 (Image : Implenia)<\/figcaption><\/figure>\n<p>Comme l'a indiqu\u00e9 Implenia, un examen des risques entrepreneuriaux et \u00e9conomiques du groupe montre que les probl\u00e8mes se sont accentu\u00e9s et acc\u00e9l\u00e9r\u00e9s dans le segment International. Par cons\u00e9quent, les objectifs communiqu\u00e9s en ao\u00fbt doivent \u00eatre r\u00e9vis\u00e9s. A l'\u00e9poque, l'entreprise avait chiffr\u00e9 l'Ebit des secteurs d'activit\u00e9 attendu pour 2018 \u00e0 environ CHF 130 millions.<\/p>\n<p>La direction s'attend d\u00e9sormais \u00e0 des corrections de valeur d'un montant total de 70 \u00e0 90 millions pour l'exercice 2018. La raison en est des ajustements d'\u00e9valuation et un r\u00e9sultat plus faible des affaires courantes dans certaines parties du segment International. C'est pourquoi le cash-flow de l'ann\u00e9e 2018 sera probablement inf\u00e9rieur aux attentes pr\u00e9c\u00e9dentes. Le segment International avait cl\u00f4tur\u00e9 le premier semestre 2018 sur une perte. En ao\u00fbt, il a \u00e9t\u00e9 dit que le secteur ne r\u00e9pondait pas encore aux attentes et que le seuil de rentabilit\u00e9 esp\u00e9r\u00e9 ne serait pas encore atteint cette ann\u00e9e.<\/p>\n<p>Les segments Development, Suisse et Infrastructure se d\u00e9velopperaient toutefois conform\u00e9ment aux attentes, selon Implenia. \"Compte tenu de la bonne position de tr\u00e9sorerie inchang\u00e9e et du carnet de commandes \u00e9lev\u00e9 de plus de six milliards\", le groupe de construction continue de penser que le versement d'un dividende pourra \u00eatre propos\u00e9 \u00e0 l'assembl\u00e9e g\u00e9n\u00e9rale de 2019. L'entreprise maintient \u00e9galement les objectifs \u00e0 moyen terme communiqu\u00e9s au printemps 2017, \u00e0 savoir un volume de Top Line d'environ cinq milliards et une marge d'Ebitda comprise entre 5,25 et 5,75%.<\/p>\n<p>Cet examen s'inscrit dans le cadre du d\u00e9veloppement de la strat\u00e9gie d'entreprise, initi\u00e9 par le nouveau CEO d'Implenia, Andr\u00e9 Wyss, imm\u00e9diatement apr\u00e8s sa prise de fonction en octobre 2018. Les r\u00e9sultats doivent \u00eatre communiqu\u00e9s le 26 f\u00e9vrier 2019. <em>(ah)<\/em><\/p>","protected":false},"excerpt":{"rendered":"<p>En raison de probl\u00e8mes dans le segment International, Implenia revoit \u00e0 la baisse ses pr\u00e9visions d'Ebit pour l'ensemble de l'ann\u00e9e. Initialement, le groupe de construction avait tabl\u00e9 sur un Ebit de CHF 130 millions.<\/p>","protected":false},"author":3,"featured_media":2346,"comment_status":"closed","ping_status":"open","sticky":false,"template":"","format":"standard","meta":{"_acf_changed":false,"_yoast_wpseo_focuskw":"Implenia","_yoast_wpseo_title":"","_yoast_wpseo_metadesc":"Implenia passt wegen Problemem im Segment International die Ebit-Prognose von zuletzt 130 Mio CHF f\u00fcr das Gesamtjahr nach unten an.","_yoast_wpseo_linkdex":74,"pgc_sgb_lightbox_settings":"","footnotes":""},"categories":[988],"tags":[1266,1359],"class_list":["post-15127","post","type-post","status-publish","format-standard","has-post-thumbnail","hentry","category-unternehmen","tag-geschaeftszahlen","tag-implenia"],"acf":[],"yoast_head":"<!-- This site is optimized with the Yoast SEO plugin v27.4 - https:\/\/yoast.com\/product\/yoast-seo-wordpress\/ -->\n<title>Implenia rechnet mit weniger Gewinn - IMMOBILIEN Business<\/title>\n<meta name=\"description\" content=\"Implenia passt wegen Problemem im Segment International die Ebit-Prognose von zuletzt 130 Mio CHF f\u00fcr das Gesamtjahr nach unten an.\" \/>\n<meta name=\"robots\" content=\"index, follow, max-snippet:-1, max-image-preview:large, max-video-preview:-1\" \/>\n<link rel=\"canonical\" href=\"https:\/\/www.immobilienbusiness.ch\/fr\/unternehmen\/2018-12-03\/implenia-rechnet-mit-weniger-gewinn\/\" \/>\n<meta property=\"og:locale\" content=\"fr_FR\" \/>\n<meta property=\"og:type\" content=\"article\" \/>\n<meta property=\"og:title\" content=\"Implenia rechnet mit weniger Gewinn - IMMOBILIEN Business\" \/>\n<meta property=\"og:description\" content=\"Implenia passt wegen Problemem im Segment International die Ebit-Prognose von zuletzt 130 Mio CHF f\u00fcr das Gesamtjahr nach unten an.\" \/>\n<meta property=\"og:url\" content=\"https:\/\/www.immobilienbusiness.ch\/fr\/unternehmen\/2018-12-03\/implenia-rechnet-mit-weniger-gewinn\/\" \/>\n<meta property=\"og:site_name\" content=\"IMMOBILIEN Business\" \/>\n<meta property=\"article:publisher\" content=\"https:\/\/www.facebook.com\/immobilienbusiness\/\" \/>\n<meta property=\"article:published_time\" content=\"2018-12-03T07:42:12+00:00\" \/>\n<meta property=\"og:image\" content=\"https:\/\/www.immobilienbusiness.ch\/wp-content\/uploads\/2016\/12\/Implenia-glaenzt-mit-Ebitda-Rekordniveau-immobilien-business-1024x683.jpg\" \/>\n\t<meta property=\"og:image:width\" content=\"1024\" \/>\n\t<meta property=\"og:image:height\" content=\"683\" \/>\n\t<meta property=\"og:image:type\" content=\"image\/jpeg\" \/>\n<meta name=\"author\" content=\"anja.hall\" \/>\n<meta name=\"twitter:card\" content=\"summary_large_image\" \/>\n<meta name=\"twitter:image\" content=\"https:\/\/www.immobilienbusiness.ch\/wp-content\/uploads\/2016\/12\/Implenia-gl\u00e4nzt-mit-Ebitda-Rekordniveau-immobilien-business.jpg\" \/>\n<script type=\"application\/ld+json\" class=\"yoast-schema-graph\">{\"@context\":\"https:\\\/\\\/schema.org\",\"@graph\":[{\"@type\":\"Article\",\"@id\":\"https:\\\/\\\/www.immobilienbusiness.ch\\\/unternehmen\\\/2018-12-03\\\/implenia-rechnet-mit-weniger-gewinn\\\/#article\",\"isPartOf\":{\"@id\":\"https:\\\/\\\/www.immobilienbusiness.ch\\\/unternehmen\\\/2018-12-03\\\/implenia-rechnet-mit-weniger-gewinn\\\/\"},\"author\":{\"name\":\"anja.hall\",\"@id\":\"https:\\\/\\\/www.immobilienbusiness.ch\\\/#\\\/schema\\\/person\\\/3fc036297b10b9f42d6db5ee932af8c8\"},\"headline\":\"Implenia rechnet mit weniger Gewinn\",\"datePublished\":\"2018-12-03T07:42:12+00:00\",\"mainEntityOfPage\":{\"@id\":\"https:\\\/\\\/www.immobilienbusiness.ch\\\/unternehmen\\\/2018-12-03\\\/implenia-rechnet-mit-weniger-gewinn\\\/\"},\"wordCount\":256,\"publisher\":{\"@id\":\"https:\\\/\\\/www.immobilienbusiness.ch\\\/#organization\"},\"image\":{\"@id\":\"https:\\\/\\\/www.immobilienbusiness.ch\\\/unternehmen\\\/2018-12-03\\\/implenia-rechnet-mit-weniger-gewinn\\\/#primaryimage\"},\"thumbnailUrl\":\"https:\\\/\\\/www.immobilienbusiness.ch\\\/wp-content\\\/uploads\\\/2016\\\/12\\\/Implenia-glaenzt-mit-Ebitda-Rekordniveau-immobilien-business.jpg\",\"keywords\":[\"Gesch\u00e4ftszahlen\",\"Implenia\"],\"articleSection\":[\"UNTERNEHMEN\"],\"inLanguage\":\"fr-FR\"},{\"@type\":\"WebPage\",\"@id\":\"https:\\\/\\\/www.immobilienbusiness.ch\\\/unternehmen\\\/2018-12-03\\\/implenia-rechnet-mit-weniger-gewinn\\\/\",\"url\":\"https:\\\/\\\/www.immobilienbusiness.ch\\\/unternehmen\\\/2018-12-03\\\/implenia-rechnet-mit-weniger-gewinn\\\/\",\"name\":\"Implenia rechnet mit weniger Gewinn - IMMOBILIEN Business\",\"isPartOf\":{\"@id\":\"https:\\\/\\\/www.immobilienbusiness.ch\\\/#website\"},\"primaryImageOfPage\":{\"@id\":\"https:\\\/\\\/www.immobilienbusiness.ch\\\/unternehmen\\\/2018-12-03\\\/implenia-rechnet-mit-weniger-gewinn\\\/#primaryimage\"},\"image\":{\"@id\":\"https:\\\/\\\/www.immobilienbusiness.ch\\\/unternehmen\\\/2018-12-03\\\/implenia-rechnet-mit-weniger-gewinn\\\/#primaryimage\"},\"thumbnailUrl\":\"https:\\\/\\\/www.immobilienbusiness.ch\\\/wp-content\\\/uploads\\\/2016\\\/12\\\/Implenia-glaenzt-mit-Ebitda-Rekordniveau-immobilien-business.jpg\",\"datePublished\":\"2018-12-03T07:42:12+00:00\",\"description\":\"Implenia passt wegen Problemem im Segment International die Ebit-Prognose von zuletzt 130 Mio CHF f\u00fcr das Gesamtjahr nach unten an.\",\"breadcrumb\":{\"@id\":\"https:\\\/\\\/www.immobilienbusiness.ch\\\/unternehmen\\\/2018-12-03\\\/implenia-rechnet-mit-weniger-gewinn\\\/#breadcrumb\"},\"inLanguage\":\"fr-FR\",\"potentialAction\":[{\"@type\":\"ReadAction\",\"target\":[\"https:\\\/\\\/www.immobilienbusiness.ch\\\/unternehmen\\\/2018-12-03\\\/implenia-rechnet-mit-weniger-gewinn\\\/\"]}]},{\"@type\":\"ImageObject\",\"inLanguage\":\"fr-FR\",\"@id\":\"https:\\\/\\\/www.immobilienbusiness.ch\\\/unternehmen\\\/2018-12-03\\\/implenia-rechnet-mit-weniger-gewinn\\\/#primaryimage\",\"url\":\"https:\\\/\\\/www.immobilienbusiness.ch\\\/wp-content\\\/uploads\\\/2016\\\/12\\\/Implenia-glaenzt-mit-Ebitda-Rekordniveau-immobilien-business.jpg\",\"contentUrl\":\"https:\\\/\\\/www.immobilienbusiness.ch\\\/wp-content\\\/uploads\\\/2016\\\/12\\\/Implenia-glaenzt-mit-Ebitda-Rekordniveau-immobilien-business.jpg\",\"width\":2560,\"height\":1707,\"caption\":\"Implenia konnte im Gesch\u00e4ftsjahr 2015 erneut ein operatives Ergebnis \u00fcber 100 Mio. CHF erzielen (Bild: Implenia)\"},{\"@type\":\"BreadcrumbList\",\"@id\":\"https:\\\/\\\/www.immobilienbusiness.ch\\\/unternehmen\\\/2018-12-03\\\/implenia-rechnet-mit-weniger-gewinn\\\/#breadcrumb\",\"itemListElement\":[{\"@type\":\"ListItem\",\"position\":1,\"name\":\"Home\",\"item\":\"https:\\\/\\\/www.immobilienbusiness.ch\\\/\"},{\"@type\":\"ListItem\",\"position\":2,\"name\":\"Implenia rechnet mit weniger Gewinn\"}]},{\"@type\":\"WebSite\",\"@id\":\"https:\\\/\\\/www.immobilienbusiness.ch\\\/#website\",\"url\":\"https:\\\/\\\/www.immobilienbusiness.ch\\\/\",\"name\":\"IMMOBILIEN Business\",\"description\":\"Unabh\u00e4ngiges Schweizer Wirtschaftsmagazin mit Fokus auf Immobilien, Architektur- und Bau sowie Investment- und Finanzierung.\",\"publisher\":{\"@id\":\"https:\\\/\\\/www.immobilienbusiness.ch\\\/#organization\"},\"potentialAction\":[{\"@type\":\"SearchAction\",\"target\":{\"@type\":\"EntryPoint\",\"urlTemplate\":\"https:\\\/\\\/www.immobilienbusiness.ch\\\/?s={search_term_string}\"},\"query-input\":{\"@type\":\"PropertyValueSpecification\",\"valueRequired\":true,\"valueName\":\"search_term_string\"}}],\"inLanguage\":\"fr-FR\"},{\"@type\":\"Organization\",\"@id\":\"https:\\\/\\\/www.immobilienbusiness.ch\\\/#organization\",\"name\":\"IMMOBILIEN Business\",\"url\":\"https:\\\/\\\/www.immobilienbusiness.ch\\\/\",\"logo\":{\"@type\":\"ImageObject\",\"inLanguage\":\"fr-FR\",\"@id\":\"https:\\\/\\\/www.immobilienbusiness.ch\\\/#\\\/schema\\\/logo\\\/image\\\/\",\"url\":\"https:\\\/\\\/www.immobilienbusiness.ch\\\/wp-content\\\/uploads\\\/2021\\\/07\\\/logo_ib.png\",\"contentUrl\":\"https:\\\/\\\/www.immobilienbusiness.ch\\\/wp-content\\\/uploads\\\/2021\\\/07\\\/logo_ib.png\",\"width\":800,\"height\":181,\"caption\":\"IMMOBILIEN Business\"},\"image\":{\"@id\":\"https:\\\/\\\/www.immobilienbusiness.ch\\\/#\\\/schema\\\/logo\\\/image\\\/\"},\"sameAs\":[\"https:\\\/\\\/www.facebook.com\\\/immobilienbusiness\\\/\"]},{\"@type\":\"Person\",\"@id\":\"https:\\\/\\\/www.immobilienbusiness.ch\\\/#\\\/schema\\\/person\\\/3fc036297b10b9f42d6db5ee932af8c8\",\"name\":\"anja.hall\",\"image\":{\"@type\":\"ImageObject\",\"inLanguage\":\"fr-FR\",\"@id\":\"https:\\\/\\\/secure.gravatar.com\\\/avatar\\\/066b5a0d447013502c71a5782f4f3469f03cfe595cc2329fb94652fe47511bfb?s=96&d=mm&r=g\",\"url\":\"https:\\\/\\\/secure.gravatar.com\\\/avatar\\\/066b5a0d447013502c71a5782f4f3469f03cfe595cc2329fb94652fe47511bfb?s=96&d=mm&r=g\",\"contentUrl\":\"https:\\\/\\\/secure.gravatar.com\\\/avatar\\\/066b5a0d447013502c71a5782f4f3469f03cfe595cc2329fb94652fe47511bfb?s=96&d=mm&r=g\",\"caption\":\"anja.hall\"},\"url\":\"https:\\\/\\\/www.immobilienbusiness.ch\\\/fr\\\/author\\\/anja-hall\\\/\"}]}<\/script>\n<!-- \/ Yoast SEO plugin. -->","yoast_head_json":{"title":"Implenia rechnet mit weniger Gewinn - IMMOBILIEN Business","description":"Implenia passt wegen Problemem im Segment International die Ebit-Prognose von zuletzt 130 Mio CHF f\u00fcr das Gesamtjahr nach unten an.","robots":{"index":"index","follow":"follow","max-snippet":"max-snippet:-1","max-image-preview":"max-image-preview:large","max-video-preview":"max-video-preview:-1"},"canonical":"https:\/\/www.immobilienbusiness.ch\/fr\/unternehmen\/2018-12-03\/implenia-rechnet-mit-weniger-gewinn\/","og_locale":"fr_FR","og_type":"article","og_title":"Implenia rechnet mit weniger Gewinn - IMMOBILIEN Business","og_description":"Implenia passt wegen Problemem im Segment International die Ebit-Prognose von zuletzt 130 Mio CHF f\u00fcr das Gesamtjahr nach unten an.","og_url":"https:\/\/www.immobilienbusiness.ch\/fr\/unternehmen\/2018-12-03\/implenia-rechnet-mit-weniger-gewinn\/","og_site_name":"IMMOBILIEN Business","article_publisher":"https:\/\/www.facebook.com\/immobilienbusiness\/","article_published_time":"2018-12-03T07:42:12+00:00","og_image":[{"width":1024,"height":683,"url":"https:\/\/www.immobilienbusiness.ch\/wp-content\/uploads\/2016\/12\/Implenia-glaenzt-mit-Ebitda-Rekordniveau-immobilien-business-1024x683.jpg","type":"image\/jpeg"}],"author":"anja.hall","twitter_card":"summary_large_image","twitter_image":"https:\/\/www.immobilienbusiness.ch\/wp-content\/uploads\/2016\/12\/Implenia-gl\u00e4nzt-mit-Ebitda-Rekordniveau-immobilien-business.jpg","schema":{"@context":"https:\/\/schema.org","@graph":[{"@type":"Article","@id":"https:\/\/www.immobilienbusiness.ch\/unternehmen\/2018-12-03\/implenia-rechnet-mit-weniger-gewinn\/#article","isPartOf":{"@id":"https:\/\/www.immobilienbusiness.ch\/unternehmen\/2018-12-03\/implenia-rechnet-mit-weniger-gewinn\/"},"author":{"name":"anja.hall","@id":"https:\/\/www.immobilienbusiness.ch\/#\/schema\/person\/3fc036297b10b9f42d6db5ee932af8c8"},"headline":"Implenia rechnet mit weniger Gewinn","datePublished":"2018-12-03T07:42:12+00:00","mainEntityOfPage":{"@id":"https:\/\/www.immobilienbusiness.ch\/unternehmen\/2018-12-03\/implenia-rechnet-mit-weniger-gewinn\/"},"wordCount":256,"publisher":{"@id":"https:\/\/www.immobilienbusiness.ch\/#organization"},"image":{"@id":"https:\/\/www.immobilienbusiness.ch\/unternehmen\/2018-12-03\/implenia-rechnet-mit-weniger-gewinn\/#primaryimage"},"thumbnailUrl":"https:\/\/www.immobilienbusiness.ch\/wp-content\/uploads\/2016\/12\/Implenia-glaenzt-mit-Ebitda-Rekordniveau-immobilien-business.jpg","keywords":["Gesch\u00e4ftszahlen","Implenia"],"articleSection":["UNTERNEHMEN"],"inLanguage":"fr-FR"},{"@type":"WebPage","@id":"https:\/\/www.immobilienbusiness.ch\/unternehmen\/2018-12-03\/implenia-rechnet-mit-weniger-gewinn\/","url":"https:\/\/www.immobilienbusiness.ch\/unternehmen\/2018-12-03\/implenia-rechnet-mit-weniger-gewinn\/","name":"Implenia rechnet mit weniger Gewinn - IMMOBILIEN Business","isPartOf":{"@id":"https:\/\/www.immobilienbusiness.ch\/#website"},"primaryImageOfPage":{"@id":"https:\/\/www.immobilienbusiness.ch\/unternehmen\/2018-12-03\/implenia-rechnet-mit-weniger-gewinn\/#primaryimage"},"image":{"@id":"https:\/\/www.immobilienbusiness.ch\/unternehmen\/2018-12-03\/implenia-rechnet-mit-weniger-gewinn\/#primaryimage"},"thumbnailUrl":"https:\/\/www.immobilienbusiness.ch\/wp-content\/uploads\/2016\/12\/Implenia-glaenzt-mit-Ebitda-Rekordniveau-immobilien-business.jpg","datePublished":"2018-12-03T07:42:12+00:00","description":"Implenia passt wegen Problemem im Segment International die Ebit-Prognose von zuletzt 130 Mio CHF f\u00fcr das Gesamtjahr nach unten an.","breadcrumb":{"@id":"https:\/\/www.immobilienbusiness.ch\/unternehmen\/2018-12-03\/implenia-rechnet-mit-weniger-gewinn\/#breadcrumb"},"inLanguage":"fr-FR","potentialAction":[{"@type":"ReadAction","target":["https:\/\/www.immobilienbusiness.ch\/unternehmen\/2018-12-03\/implenia-rechnet-mit-weniger-gewinn\/"]}]},{"@type":"ImageObject","inLanguage":"fr-FR","@id":"https:\/\/www.immobilienbusiness.ch\/unternehmen\/2018-12-03\/implenia-rechnet-mit-weniger-gewinn\/#primaryimage","url":"https:\/\/www.immobilienbusiness.ch\/wp-content\/uploads\/2016\/12\/Implenia-glaenzt-mit-Ebitda-Rekordniveau-immobilien-business.jpg","contentUrl":"https:\/\/www.immobilienbusiness.ch\/wp-content\/uploads\/2016\/12\/Implenia-glaenzt-mit-Ebitda-Rekordniveau-immobilien-business.jpg","width":2560,"height":1707,"caption":"Implenia konnte im Gesch\u00e4ftsjahr 2015 erneut ein operatives Ergebnis \u00fcber 100 Mio. CHF erzielen (Bild: Implenia)"},{"@type":"BreadcrumbList","@id":"https:\/\/www.immobilienbusiness.ch\/unternehmen\/2018-12-03\/implenia-rechnet-mit-weniger-gewinn\/#breadcrumb","itemListElement":[{"@type":"ListItem","position":1,"name":"Home","item":"https:\/\/www.immobilienbusiness.ch\/"},{"@type":"ListItem","position":2,"name":"Implenia rechnet mit weniger Gewinn"}]},{"@type":"WebSite","@id":"https:\/\/www.immobilienbusiness.ch\/#website","url":"https:\/\/www.immobilienbusiness.ch\/","name":"IMMOBILIER Business","description":"Magazine \u00e9conomique suisse ind\u00e9pendant ax\u00e9 sur l'immobilier, l'architecture et la construction ainsi que sur les investissements et le financement.","publisher":{"@id":"https:\/\/www.immobilienbusiness.ch\/#organization"},"potentialAction":[{"@type":"SearchAction","target":{"@type":"EntryPoint","urlTemplate":"https:\/\/www.immobilienbusiness.ch\/?s={search_term_string}"},"query-input":{"@type":"PropertyValueSpecification","valueRequired":true,"valueName":"search_term_string"}}],"inLanguage":"fr-FR"},{"@type":"Organization","@id":"https:\/\/www.immobilienbusiness.ch\/#organization","name":"IMMOBILIER Business","url":"https:\/\/www.immobilienbusiness.ch\/","logo":{"@type":"ImageObject","inLanguage":"fr-FR","@id":"https:\/\/www.immobilienbusiness.ch\/#\/schema\/logo\/image\/","url":"https:\/\/www.immobilienbusiness.ch\/wp-content\/uploads\/2021\/07\/logo_ib.png","contentUrl":"https:\/\/www.immobilienbusiness.ch\/wp-content\/uploads\/2021\/07\/logo_ib.png","width":800,"height":181,"caption":"IMMOBILIEN Business"},"image":{"@id":"https:\/\/www.immobilienbusiness.ch\/#\/schema\/logo\/image\/"},"sameAs":["https:\/\/www.facebook.com\/immobilienbusiness\/"]},{"@type":"Person","@id":"https:\/\/www.immobilienbusiness.ch\/#\/schema\/person\/3fc036297b10b9f42d6db5ee932af8c8","name":"anja.hall","image":{"@type":"ImageObject","inLanguage":"fr-FR","@id":"https:\/\/secure.gravatar.com\/avatar\/066b5a0d447013502c71a5782f4f3469f03cfe595cc2329fb94652fe47511bfb?s=96&d=mm&r=g","url":"https:\/\/secure.gravatar.com\/avatar\/066b5a0d447013502c71a5782f4f3469f03cfe595cc2329fb94652fe47511bfb?s=96&d=mm&r=g","contentUrl":"https:\/\/secure.gravatar.com\/avatar\/066b5a0d447013502c71a5782f4f3469f03cfe595cc2329fb94652fe47511bfb?s=96&d=mm&r=g","caption":"anja.hall"},"url":"https:\/\/www.immobilienbusiness.ch\/fr\/author\/anja-hall\/"}]}},"_links":{"self":[{"href":"https:\/\/www.immobilienbusiness.ch\/fr\/wp-json\/wp\/v2\/posts\/15127","targetHints":{"allow":["GET"]}}],"collection":[{"href":"https:\/\/www.immobilienbusiness.ch\/fr\/wp-json\/wp\/v2\/posts"}],"about":[{"href":"https:\/\/www.immobilienbusiness.ch\/fr\/wp-json\/wp\/v2\/types\/post"}],"author":[{"embeddable":true,"href":"https:\/\/www.immobilienbusiness.ch\/fr\/wp-json\/wp\/v2\/users\/3"}],"replies":[{"embeddable":true,"href":"https:\/\/www.immobilienbusiness.ch\/fr\/wp-json\/wp\/v2\/comments?post=15127"}],"version-history":[{"count":0,"href":"https:\/\/www.immobilienbusiness.ch\/fr\/wp-json\/wp\/v2\/posts\/15127\/revisions"}],"wp:featuredmedia":[{"embeddable":true,"href":"https:\/\/www.immobilienbusiness.ch\/fr\/wp-json\/wp\/v2\/media\/2346"}],"wp:attachment":[{"href":"https:\/\/www.immobilienbusiness.ch\/fr\/wp-json\/wp\/v2\/media?parent=15127"}],"wp:term":[{"taxonomy":"category","embeddable":true,"href":"https:\/\/www.immobilienbusiness.ch\/fr\/wp-json\/wp\/v2\/categories?post=15127"},{"taxonomy":"post_tag","embeddable":true,"href":"https:\/\/www.immobilienbusiness.ch\/fr\/wp-json\/wp\/v2\/tags?post=15127"}],"curies":[{"name":"wp","href":"https:\/\/api.w.org\/{rel}","templated":true}]}}