{"id":14922,"date":"2018-11-20T08:55:09","date_gmt":"2018-11-20T07:55:09","guid":{"rendered":"https:\/\/www.immobilienbusiness.ch\/?p=14922"},"modified":"2018-11-20T08:55:09","modified_gmt":"2018-11-20T07:55:09","slug":"st-gallen-ibis-eroeffnet-hotel-in-ueberbauung-vier-winkel","status":"publish","type":"post","link":"https:\/\/www.immobilienbusiness.ch\/fr\/regionen\/2018-11-20\/st-gallen-ibis-eroeffnet-hotel-in-ueberbauung-vier-winkel\/","title":{"rendered":"La ville de Saint-Gall : Ibis ouvre un h\u00f4tel dans le lotissement Vier Winkel"},"content":{"rendered":"<figure id=\"attachment_14020\" aria-describedby=\"caption-attachment-14020\" style=\"width: 680px\" class=\"wp-caption alignnone\"><img loading=\"lazy\" decoding=\"async\" class=\"size-medium wp-image-14020\" src=\"https:\/\/www.immobilienbusiness.ch\/wp-content\/uploads\/2018\/09\/Depositphotos_208816580_m-2015.jpg\" alt=\"\" width=\"680\" height=\"509\" srcset=\"https:\/\/www.immobilienbusiness.ch\/wp-content\/uploads\/2018\/09\/Depositphotos_208816580_m-2015.jpg 1000w, https:\/\/www.immobilienbusiness.ch\/wp-content\/uploads\/2018\/09\/Depositphotos_208816580_m-2015-300x225.jpg 300w, https:\/\/www.immobilienbusiness.ch\/wp-content\/uploads\/2018\/09\/Depositphotos_208816580_m-2015-768x575.jpg 768w, https:\/\/www.immobilienbusiness.ch\/wp-content\/uploads\/2018\/09\/Depositphotos_208816580_m-2015-16x12.jpg 16w, https:\/\/www.immobilienbusiness.ch\/wp-content\/uploads\/2018\/09\/Depositphotos_208816580_m-2015-234x175.jpg 234w, https:\/\/www.immobilienbusiness.ch\/wp-content\/uploads\/2018\/09\/Depositphotos_208816580_m-2015-467x350.jpg 467w, https:\/\/www.immobilienbusiness.ch\/wp-content\/uploads\/2018\/09\/Depositphotos_208816580_m-2015-920x689.jpg 920w\" sizes=\"auto, (max-width: 680px) 100vw, 680px\" \/><figcaption id=\"caption-attachment-14020\" class=\"wp-caption-text\">Saint-Gall (photo : RuslanKal - depositphotos)<\/figcaption><\/figure>\n<p>Le lotissement Vier Winkel, un projet de Mettler2Invest , est en construction \u00e0 St. Fiden depuis juillet. D'ici 2020, quelque 8000 m2 de surface commerciale, r\u00e9partis sur six \u00e9tages, seront construits. <a href=\"https:\/\/www.tagblatt.ch\/ostschweiz\/stgallen\/104-zimmer-die-stadt-stgallen-bekommt-ein-neues-hotel-ld.1069373\">Comment le <em>St. Galler Tagblatt<\/em> rapporte<\/a>Le premier et plus grand locataire, Ibis, est d\u00e9sormais connu. La cha\u00eene h\u00f4teli\u00e8re pr\u00e9voit un \u00e9tablissement de la marque \"Ibis Styles\" avec 104 chambres. L'h\u00f4tel occupera ainsi plus de la moiti\u00e9 de la surface locative totale du lotissement - environ 5.800 m\u00b2, parking souterrain compris.<\/p>\n<p>Le chef de projet J\u00f6rg Nellen a d\u00e9clar\u00e9 au journal que Mettler2Invest n'avait pas activement recherch\u00e9 un \u00e9tablissement h\u00f4telier pour le lotissement. Le groupe fran\u00e7ais Accor, auquel appartient Ibis, aurait manifest\u00e9 son int\u00e9r\u00eat de son propre chef. Pour le reste, Vier Winkel s'adresse surtout \u00e0 des locataires de bureaux tels que des prestataires de services financiers, des agences de marketing ou des assurances.<\/p>\n<p>Jusqu'\u00e0 pr\u00e9sent, Ibis n'est pas repr\u00e9sent\u00e9 en Suisse orientale. Saint-Gall est une ville en plein essor, c'est pourquoi on profite de l'occasion pour y ouvrir un premier site, cite le journal. <em>St. Galler Tagblatt<\/em> un porte-parole d'Accor. <em>(ah)<\/em><\/p>","protected":false},"excerpt":{"rendered":"<p>Selon un article de presse, la cha\u00eene d'h\u00f4tels Ibis va ouvrir un \u00e9tablissement de 104 chambres dans le lotissement Vier Winkel pr\u00e8s de la gare de St. Fiden.<\/p>","protected":false},"author":3,"featured_media":14021,"comment_status":"open","ping_status":"open","sticky":false,"template":"","format":"standard","meta":{"_acf_changed":false,"_yoast_wpseo_focuskw":"Vier Winkel","_yoast_wpseo_title":"","_yoast_wpseo_metadesc":"Laut einem Medienbericht wird die Hotelkette Ibis in der \u00dcberbauung Vier Winkel beim Bahnhof St. Fiden ein Haus er\u00f6ffnen.","_yoast_wpseo_linkdex":59,"pgc_sgb_lightbox_settings":"","footnotes":""},"categories":[985],"tags":[1119,1313,1599,1722],"class_list":["post-14922","post","type-post","status-publish","format-standard","has-post-thumbnail","hentry","category-regionen","tag-bueroimmobilien","tag-hotel","tag-projekt-in-bau","tag-st-gallen"],"acf":[],"yoast_head":"<!-- This site is optimized with the Yoast SEO plugin v27.4 - https:\/\/yoast.com\/product\/yoast-seo-wordpress\/ -->\n<title>St. Gallen: Ibis er\u00f6ffnet Hotel in \u00dcberbauung Vier Winkel - IMMOBILIEN Business<\/title>\n<meta name=\"description\" content=\"Laut einem Medienbericht wird die Hotelkette Ibis in der \u00dcberbauung Vier Winkel beim Bahnhof St. Fiden ein Haus er\u00f6ffnen.\" \/>\n<meta name=\"robots\" content=\"index, follow, max-snippet:-1, max-image-preview:large, max-video-preview:-1\" \/>\n<link rel=\"canonical\" href=\"https:\/\/www.immobilienbusiness.ch\/fr\/regionen\/2018-11-20\/st-gallen-ibis-eroeffnet-hotel-in-ueberbauung-vier-winkel\/\" \/>\n<meta property=\"og:locale\" content=\"fr_FR\" \/>\n<meta property=\"og:type\" content=\"article\" \/>\n<meta property=\"og:title\" content=\"St. Gallen: Ibis er\u00f6ffnet Hotel in \u00dcberbauung Vier Winkel - IMMOBILIEN Business\" \/>\n<meta property=\"og:description\" content=\"Laut einem Medienbericht wird die Hotelkette Ibis in der \u00dcberbauung Vier Winkel beim Bahnhof St. Fiden ein Haus er\u00f6ffnen.\" \/>\n<meta property=\"og:url\" content=\"https:\/\/www.immobilienbusiness.ch\/fr\/regionen\/2018-11-20\/st-gallen-ibis-eroeffnet-hotel-in-ueberbauung-vier-winkel\/\" \/>\n<meta property=\"og:site_name\" content=\"IMMOBILIEN Business\" \/>\n<meta property=\"article:publisher\" content=\"https:\/\/www.facebook.com\/immobilienbusiness\/\" \/>\n<meta property=\"article:published_time\" content=\"2018-11-20T07:55:09+00:00\" \/>\n<meta property=\"og:image\" content=\"https:\/\/www.immobilienbusiness.ch\/wp-content\/uploads\/2018\/09\/Depositphotos_208816580_m-2015-1-e1708331128582.jpg\" \/>\n\t<meta property=\"og:image:width\" content=\"1000\" \/>\n\t<meta property=\"og:image:height\" content=\"666\" \/>\n\t<meta property=\"og:image:type\" content=\"image\/jpeg\" \/>\n<meta name=\"author\" content=\"anja.hall\" \/>\n<meta name=\"twitter:card\" content=\"summary_large_image\" \/>\n<meta name=\"twitter:image\" content=\"https:\/\/www.immobilienbusiness.ch\/wp-content\/uploads\/2018\/09\/Depositphotos_208816580_m-2015-1.jpg\" \/>\n<script type=\"application\/ld+json\" class=\"yoast-schema-graph\">{\"@context\":\"https:\\\/\\\/schema.org\",\"@graph\":[{\"@type\":\"Article\",\"@id\":\"https:\\\/\\\/www.immobilienbusiness.ch\\\/regionen\\\/2018-11-20\\\/st-gallen-ibis-eroeffnet-hotel-in-ueberbauung-vier-winkel\\\/#article\",\"isPartOf\":{\"@id\":\"https:\\\/\\\/www.immobilienbusiness.ch\\\/regionen\\\/2018-11-20\\\/st-gallen-ibis-eroeffnet-hotel-in-ueberbauung-vier-winkel\\\/\"},\"author\":{\"name\":\"anja.hall\",\"@id\":\"https:\\\/\\\/www.immobilienbusiness.ch\\\/#\\\/schema\\\/person\\\/3fc036297b10b9f42d6db5ee932af8c8\"},\"headline\":\"St. Gallen: Ibis er\u00f6ffnet Hotel in \u00dcberbauung Vier Winkel\",\"datePublished\":\"2018-11-20T07:55:09+00:00\",\"mainEntityOfPage\":{\"@id\":\"https:\\\/\\\/www.immobilienbusiness.ch\\\/regionen\\\/2018-11-20\\\/st-gallen-ibis-eroeffnet-hotel-in-ueberbauung-vier-winkel\\\/\"},\"wordCount\":186,\"commentCount\":0,\"publisher\":{\"@id\":\"https:\\\/\\\/www.immobilienbusiness.ch\\\/#organization\"},\"image\":{\"@id\":\"https:\\\/\\\/www.immobilienbusiness.ch\\\/regionen\\\/2018-11-20\\\/st-gallen-ibis-eroeffnet-hotel-in-ueberbauung-vier-winkel\\\/#primaryimage\"},\"thumbnailUrl\":\"https:\\\/\\\/www.immobilienbusiness.ch\\\/wp-content\\\/uploads\\\/2018\\\/09\\\/Depositphotos_208816580_m-2015-1-e1708331128582.jpg\",\"keywords\":[\"B\u00fcroimmobilien\",\"Hotel\",\"Projekt in Bau\",\"St. Gallen\"],\"articleSection\":[\"REGIONEN\"],\"inLanguage\":\"fr-FR\"},{\"@type\":\"WebPage\",\"@id\":\"https:\\\/\\\/www.immobilienbusiness.ch\\\/regionen\\\/2018-11-20\\\/st-gallen-ibis-eroeffnet-hotel-in-ueberbauung-vier-winkel\\\/\",\"url\":\"https:\\\/\\\/www.immobilienbusiness.ch\\\/regionen\\\/2018-11-20\\\/st-gallen-ibis-eroeffnet-hotel-in-ueberbauung-vier-winkel\\\/\",\"name\":\"St. Gallen: Ibis er\u00f6ffnet Hotel in \u00dcberbauung Vier Winkel - IMMOBILIEN Business\",\"isPartOf\":{\"@id\":\"https:\\\/\\\/www.immobilienbusiness.ch\\\/#website\"},\"primaryImageOfPage\":{\"@id\":\"https:\\\/\\\/www.immobilienbusiness.ch\\\/regionen\\\/2018-11-20\\\/st-gallen-ibis-eroeffnet-hotel-in-ueberbauung-vier-winkel\\\/#primaryimage\"},\"image\":{\"@id\":\"https:\\\/\\\/www.immobilienbusiness.ch\\\/regionen\\\/2018-11-20\\\/st-gallen-ibis-eroeffnet-hotel-in-ueberbauung-vier-winkel\\\/#primaryimage\"},\"thumbnailUrl\":\"https:\\\/\\\/www.immobilienbusiness.ch\\\/wp-content\\\/uploads\\\/2018\\\/09\\\/Depositphotos_208816580_m-2015-1-e1708331128582.jpg\",\"datePublished\":\"2018-11-20T07:55:09+00:00\",\"description\":\"Laut einem Medienbericht wird die Hotelkette Ibis in der \u00dcberbauung Vier Winkel beim Bahnhof St. Fiden ein Haus er\u00f6ffnen.\",\"breadcrumb\":{\"@id\":\"https:\\\/\\\/www.immobilienbusiness.ch\\\/regionen\\\/2018-11-20\\\/st-gallen-ibis-eroeffnet-hotel-in-ueberbauung-vier-winkel\\\/#breadcrumb\"},\"inLanguage\":\"fr-FR\",\"potentialAction\":[{\"@type\":\"ReadAction\",\"target\":[\"https:\\\/\\\/www.immobilienbusiness.ch\\\/regionen\\\/2018-11-20\\\/st-gallen-ibis-eroeffnet-hotel-in-ueberbauung-vier-winkel\\\/\"]}]},{\"@type\":\"ImageObject\",\"inLanguage\":\"fr-FR\",\"@id\":\"https:\\\/\\\/www.immobilienbusiness.ch\\\/regionen\\\/2018-11-20\\\/st-gallen-ibis-eroeffnet-hotel-in-ueberbauung-vier-winkel\\\/#primaryimage\",\"url\":\"https:\\\/\\\/www.immobilienbusiness.ch\\\/wp-content\\\/uploads\\\/2018\\\/09\\\/Depositphotos_208816580_m-2015-1-e1708331128582.jpg\",\"contentUrl\":\"https:\\\/\\\/www.immobilienbusiness.ch\\\/wp-content\\\/uploads\\\/2018\\\/09\\\/Depositphotos_208816580_m-2015-1-e1708331128582.jpg\",\"width\":1000,\"height\":666,\"caption\":\"St. Gallen (Bild: RuslanKal - depositphotos)\"},{\"@type\":\"BreadcrumbList\",\"@id\":\"https:\\\/\\\/www.immobilienbusiness.ch\\\/regionen\\\/2018-11-20\\\/st-gallen-ibis-eroeffnet-hotel-in-ueberbauung-vier-winkel\\\/#breadcrumb\",\"itemListElement\":[{\"@type\":\"ListItem\",\"position\":1,\"name\":\"Home\",\"item\":\"https:\\\/\\\/www.immobilienbusiness.ch\\\/\"},{\"@type\":\"ListItem\",\"position\":2,\"name\":\"St. Gallen: Ibis er\u00f6ffnet Hotel in \u00dcberbauung Vier Winkel\"}]},{\"@type\":\"WebSite\",\"@id\":\"https:\\\/\\\/www.immobilienbusiness.ch\\\/#website\",\"url\":\"https:\\\/\\\/www.immobilienbusiness.ch\\\/\",\"name\":\"IMMOBILIEN Business\",\"description\":\"Unabh\u00e4ngiges Schweizer Wirtschaftsmagazin mit Fokus auf Immobilien, Architektur- und Bau sowie Investment- und Finanzierung.\",\"publisher\":{\"@id\":\"https:\\\/\\\/www.immobilienbusiness.ch\\\/#organization\"},\"potentialAction\":[{\"@type\":\"SearchAction\",\"target\":{\"@type\":\"EntryPoint\",\"urlTemplate\":\"https:\\\/\\\/www.immobilienbusiness.ch\\\/?s={search_term_string}\"},\"query-input\":{\"@type\":\"PropertyValueSpecification\",\"valueRequired\":true,\"valueName\":\"search_term_string\"}}],\"inLanguage\":\"fr-FR\"},{\"@type\":\"Organization\",\"@id\":\"https:\\\/\\\/www.immobilienbusiness.ch\\\/#organization\",\"name\":\"IMMOBILIEN Business\",\"url\":\"https:\\\/\\\/www.immobilienbusiness.ch\\\/\",\"logo\":{\"@type\":\"ImageObject\",\"inLanguage\":\"fr-FR\",\"@id\":\"https:\\\/\\\/www.immobilienbusiness.ch\\\/#\\\/schema\\\/logo\\\/image\\\/\",\"url\":\"https:\\\/\\\/www.immobilienbusiness.ch\\\/wp-content\\\/uploads\\\/2021\\\/07\\\/logo_ib.png\",\"contentUrl\":\"https:\\\/\\\/www.immobilienbusiness.ch\\\/wp-content\\\/uploads\\\/2021\\\/07\\\/logo_ib.png\",\"width\":800,\"height\":181,\"caption\":\"IMMOBILIEN Business\"},\"image\":{\"@id\":\"https:\\\/\\\/www.immobilienbusiness.ch\\\/#\\\/schema\\\/logo\\\/image\\\/\"},\"sameAs\":[\"https:\\\/\\\/www.facebook.com\\\/immobilienbusiness\\\/\"]},{\"@type\":\"Person\",\"@id\":\"https:\\\/\\\/www.immobilienbusiness.ch\\\/#\\\/schema\\\/person\\\/3fc036297b10b9f42d6db5ee932af8c8\",\"name\":\"anja.hall\",\"image\":{\"@type\":\"ImageObject\",\"inLanguage\":\"fr-FR\",\"@id\":\"https:\\\/\\\/secure.gravatar.com\\\/avatar\\\/066b5a0d447013502c71a5782f4f3469f03cfe595cc2329fb94652fe47511bfb?s=96&d=mm&r=g\",\"url\":\"https:\\\/\\\/secure.gravatar.com\\\/avatar\\\/066b5a0d447013502c71a5782f4f3469f03cfe595cc2329fb94652fe47511bfb?s=96&d=mm&r=g\",\"contentUrl\":\"https:\\\/\\\/secure.gravatar.com\\\/avatar\\\/066b5a0d447013502c71a5782f4f3469f03cfe595cc2329fb94652fe47511bfb?s=96&d=mm&r=g\",\"caption\":\"anja.hall\"},\"url\":\"https:\\\/\\\/www.immobilienbusiness.ch\\\/fr\\\/author\\\/anja-hall\\\/\"}]}<\/script>\n<!-- \/ Yoast SEO plugin. -->","yoast_head_json":{"title":"St. Gallen: Ibis er\u00f6ffnet Hotel in \u00dcberbauung Vier Winkel - IMMOBILIEN Business","description":"Laut einem Medienbericht wird die Hotelkette Ibis in der \u00dcberbauung Vier Winkel beim Bahnhof St. Fiden ein Haus er\u00f6ffnen.","robots":{"index":"index","follow":"follow","max-snippet":"max-snippet:-1","max-image-preview":"max-image-preview:large","max-video-preview":"max-video-preview:-1"},"canonical":"https:\/\/www.immobilienbusiness.ch\/fr\/regionen\/2018-11-20\/st-gallen-ibis-eroeffnet-hotel-in-ueberbauung-vier-winkel\/","og_locale":"fr_FR","og_type":"article","og_title":"St. Gallen: Ibis er\u00f6ffnet Hotel in \u00dcberbauung Vier Winkel - IMMOBILIEN Business","og_description":"Laut einem Medienbericht wird die Hotelkette Ibis in der \u00dcberbauung Vier Winkel beim Bahnhof St. Fiden ein Haus er\u00f6ffnen.","og_url":"https:\/\/www.immobilienbusiness.ch\/fr\/regionen\/2018-11-20\/st-gallen-ibis-eroeffnet-hotel-in-ueberbauung-vier-winkel\/","og_site_name":"IMMOBILIEN Business","article_publisher":"https:\/\/www.facebook.com\/immobilienbusiness\/","article_published_time":"2018-11-20T07:55:09+00:00","og_image":[{"width":1000,"height":666,"url":"https:\/\/www.immobilienbusiness.ch\/wp-content\/uploads\/2018\/09\/Depositphotos_208816580_m-2015-1-e1708331128582.jpg","type":"image\/jpeg"}],"author":"anja.hall","twitter_card":"summary_large_image","twitter_image":"https:\/\/www.immobilienbusiness.ch\/wp-content\/uploads\/2018\/09\/Depositphotos_208816580_m-2015-1.jpg","schema":{"@context":"https:\/\/schema.org","@graph":[{"@type":"Article","@id":"https:\/\/www.immobilienbusiness.ch\/regionen\/2018-11-20\/st-gallen-ibis-eroeffnet-hotel-in-ueberbauung-vier-winkel\/#article","isPartOf":{"@id":"https:\/\/www.immobilienbusiness.ch\/regionen\/2018-11-20\/st-gallen-ibis-eroeffnet-hotel-in-ueberbauung-vier-winkel\/"},"author":{"name":"anja.hall","@id":"https:\/\/www.immobilienbusiness.ch\/#\/schema\/person\/3fc036297b10b9f42d6db5ee932af8c8"},"headline":"St. Gallen: Ibis er\u00f6ffnet Hotel in \u00dcberbauung Vier Winkel","datePublished":"2018-11-20T07:55:09+00:00","mainEntityOfPage":{"@id":"https:\/\/www.immobilienbusiness.ch\/regionen\/2018-11-20\/st-gallen-ibis-eroeffnet-hotel-in-ueberbauung-vier-winkel\/"},"wordCount":186,"commentCount":0,"publisher":{"@id":"https:\/\/www.immobilienbusiness.ch\/#organization"},"image":{"@id":"https:\/\/www.immobilienbusiness.ch\/regionen\/2018-11-20\/st-gallen-ibis-eroeffnet-hotel-in-ueberbauung-vier-winkel\/#primaryimage"},"thumbnailUrl":"https:\/\/www.immobilienbusiness.ch\/wp-content\/uploads\/2018\/09\/Depositphotos_208816580_m-2015-1-e1708331128582.jpg","keywords":["B\u00fcroimmobilien","Hotel","Projekt in Bau","St. Gallen"],"articleSection":["REGIONEN"],"inLanguage":"fr-FR"},{"@type":"WebPage","@id":"https:\/\/www.immobilienbusiness.ch\/regionen\/2018-11-20\/st-gallen-ibis-eroeffnet-hotel-in-ueberbauung-vier-winkel\/","url":"https:\/\/www.immobilienbusiness.ch\/regionen\/2018-11-20\/st-gallen-ibis-eroeffnet-hotel-in-ueberbauung-vier-winkel\/","name":"St. Gallen: Ibis er\u00f6ffnet Hotel in \u00dcberbauung Vier Winkel - IMMOBILIEN Business","isPartOf":{"@id":"https:\/\/www.immobilienbusiness.ch\/#website"},"primaryImageOfPage":{"@id":"https:\/\/www.immobilienbusiness.ch\/regionen\/2018-11-20\/st-gallen-ibis-eroeffnet-hotel-in-ueberbauung-vier-winkel\/#primaryimage"},"image":{"@id":"https:\/\/www.immobilienbusiness.ch\/regionen\/2018-11-20\/st-gallen-ibis-eroeffnet-hotel-in-ueberbauung-vier-winkel\/#primaryimage"},"thumbnailUrl":"https:\/\/www.immobilienbusiness.ch\/wp-content\/uploads\/2018\/09\/Depositphotos_208816580_m-2015-1-e1708331128582.jpg","datePublished":"2018-11-20T07:55:09+00:00","description":"Laut einem Medienbericht wird die Hotelkette Ibis in der \u00dcberbauung Vier Winkel beim Bahnhof St. Fiden ein Haus er\u00f6ffnen.","breadcrumb":{"@id":"https:\/\/www.immobilienbusiness.ch\/regionen\/2018-11-20\/st-gallen-ibis-eroeffnet-hotel-in-ueberbauung-vier-winkel\/#breadcrumb"},"inLanguage":"fr-FR","potentialAction":[{"@type":"ReadAction","target":["https:\/\/www.immobilienbusiness.ch\/regionen\/2018-11-20\/st-gallen-ibis-eroeffnet-hotel-in-ueberbauung-vier-winkel\/"]}]},{"@type":"ImageObject","inLanguage":"fr-FR","@id":"https:\/\/www.immobilienbusiness.ch\/regionen\/2018-11-20\/st-gallen-ibis-eroeffnet-hotel-in-ueberbauung-vier-winkel\/#primaryimage","url":"https:\/\/www.immobilienbusiness.ch\/wp-content\/uploads\/2018\/09\/Depositphotos_208816580_m-2015-1-e1708331128582.jpg","contentUrl":"https:\/\/www.immobilienbusiness.ch\/wp-content\/uploads\/2018\/09\/Depositphotos_208816580_m-2015-1-e1708331128582.jpg","width":1000,"height":666,"caption":"St. Gallen (Bild: RuslanKal - depositphotos)"},{"@type":"BreadcrumbList","@id":"https:\/\/www.immobilienbusiness.ch\/regionen\/2018-11-20\/st-gallen-ibis-eroeffnet-hotel-in-ueberbauung-vier-winkel\/#breadcrumb","itemListElement":[{"@type":"ListItem","position":1,"name":"Home","item":"https:\/\/www.immobilienbusiness.ch\/"},{"@type":"ListItem","position":2,"name":"St. Gallen: Ibis er\u00f6ffnet Hotel in \u00dcberbauung Vier Winkel"}]},{"@type":"WebSite","@id":"https:\/\/www.immobilienbusiness.ch\/#website","url":"https:\/\/www.immobilienbusiness.ch\/","name":"IMMOBILIER Business","description":"Magazine \u00e9conomique suisse ind\u00e9pendant ax\u00e9 sur l'immobilier, l'architecture et la construction ainsi que sur les investissements et le financement.","publisher":{"@id":"https:\/\/www.immobilienbusiness.ch\/#organization"},"potentialAction":[{"@type":"SearchAction","target":{"@type":"EntryPoint","urlTemplate":"https:\/\/www.immobilienbusiness.ch\/?s={search_term_string}"},"query-input":{"@type":"PropertyValueSpecification","valueRequired":true,"valueName":"search_term_string"}}],"inLanguage":"fr-FR"},{"@type":"Organization","@id":"https:\/\/www.immobilienbusiness.ch\/#organization","name":"IMMOBILIER Business","url":"https:\/\/www.immobilienbusiness.ch\/","logo":{"@type":"ImageObject","inLanguage":"fr-FR","@id":"https:\/\/www.immobilienbusiness.ch\/#\/schema\/logo\/image\/","url":"https:\/\/www.immobilienbusiness.ch\/wp-content\/uploads\/2021\/07\/logo_ib.png","contentUrl":"https:\/\/www.immobilienbusiness.ch\/wp-content\/uploads\/2021\/07\/logo_ib.png","width":800,"height":181,"caption":"IMMOBILIEN Business"},"image":{"@id":"https:\/\/www.immobilienbusiness.ch\/#\/schema\/logo\/image\/"},"sameAs":["https:\/\/www.facebook.com\/immobilienbusiness\/"]},{"@type":"Person","@id":"https:\/\/www.immobilienbusiness.ch\/#\/schema\/person\/3fc036297b10b9f42d6db5ee932af8c8","name":"anja.hall","image":{"@type":"ImageObject","inLanguage":"fr-FR","@id":"https:\/\/secure.gravatar.com\/avatar\/066b5a0d447013502c71a5782f4f3469f03cfe595cc2329fb94652fe47511bfb?s=96&d=mm&r=g","url":"https:\/\/secure.gravatar.com\/avatar\/066b5a0d447013502c71a5782f4f3469f03cfe595cc2329fb94652fe47511bfb?s=96&d=mm&r=g","contentUrl":"https:\/\/secure.gravatar.com\/avatar\/066b5a0d447013502c71a5782f4f3469f03cfe595cc2329fb94652fe47511bfb?s=96&d=mm&r=g","caption":"anja.hall"},"url":"https:\/\/www.immobilienbusiness.ch\/fr\/author\/anja-hall\/"}]}},"_links":{"self":[{"href":"https:\/\/www.immobilienbusiness.ch\/fr\/wp-json\/wp\/v2\/posts\/14922","targetHints":{"allow":["GET"]}}],"collection":[{"href":"https:\/\/www.immobilienbusiness.ch\/fr\/wp-json\/wp\/v2\/posts"}],"about":[{"href":"https:\/\/www.immobilienbusiness.ch\/fr\/wp-json\/wp\/v2\/types\/post"}],"author":[{"embeddable":true,"href":"https:\/\/www.immobilienbusiness.ch\/fr\/wp-json\/wp\/v2\/users\/3"}],"replies":[{"embeddable":true,"href":"https:\/\/www.immobilienbusiness.ch\/fr\/wp-json\/wp\/v2\/comments?post=14922"}],"version-history":[{"count":0,"href":"https:\/\/www.immobilienbusiness.ch\/fr\/wp-json\/wp\/v2\/posts\/14922\/revisions"}],"wp:featuredmedia":[{"embeddable":true,"href":"https:\/\/www.immobilienbusiness.ch\/fr\/wp-json\/wp\/v2\/media\/14021"}],"wp:attachment":[{"href":"https:\/\/www.immobilienbusiness.ch\/fr\/wp-json\/wp\/v2\/media?parent=14922"}],"wp:term":[{"taxonomy":"category","embeddable":true,"href":"https:\/\/www.immobilienbusiness.ch\/fr\/wp-json\/wp\/v2\/categories?post=14922"},{"taxonomy":"post_tag","embeddable":true,"href":"https:\/\/www.immobilienbusiness.ch\/fr\/wp-json\/wp\/v2\/tags?post=14922"}],"curies":[{"name":"wp","href":"https:\/\/api.w.org\/{rel}","templated":true}]}}