{"id":14835,"date":"2018-11-13T08:48:40","date_gmt":"2018-11-13T07:48:40","guid":{"rendered":"https:\/\/www.immobilienbusiness.ch\/?p=14835"},"modified":"2018-11-13T08:48:40","modified_gmt":"2018-11-13T07:48:40","slug":"intershop-plant-ueberbauung-in-waedenswil","status":"publish","type":"post","link":"https:\/\/www.immobilienbusiness.ch\/fr\/regionen\/2018-11-13\/intershop-plant-ueberbauung-in-waedenswil\/","title":{"rendered":"Intershop pr\u00e9voit un lotissement \u00e0 W\u00e4denswil"},"content":{"rendered":"<figure id=\"attachment_13266\" aria-describedby=\"caption-attachment-13266\" style=\"width: 680px\" class=\"wp-caption alignnone\"><img loading=\"lazy\" decoding=\"async\" class=\"size-medium wp-image-13266\" src=\"https:\/\/www.immobilienbusiness.ch\/wp-content\/uploads\/2018\/07\/Depositphotos_10731714_m-2015.jpg\" alt=\"\" width=\"680\" height=\"454\" srcset=\"https:\/\/www.immobilienbusiness.ch\/wp-content\/uploads\/2018\/07\/Depositphotos_10731714_m-2015.jpg 1000w, https:\/\/www.immobilienbusiness.ch\/wp-content\/uploads\/2018\/07\/Depositphotos_10731714_m-2015-300x200.jpg 300w, https:\/\/www.immobilienbusiness.ch\/wp-content\/uploads\/2018\/07\/Depositphotos_10731714_m-2015-768x512.jpg 768w, https:\/\/www.immobilienbusiness.ch\/wp-content\/uploads\/2018\/07\/Depositphotos_10731714_m-2015-16x12.jpg 16w, https:\/\/www.immobilienbusiness.ch\/wp-content\/uploads\/2018\/07\/Depositphotos_10731714_m-2015-262x175.jpg 262w, https:\/\/www.immobilienbusiness.ch\/wp-content\/uploads\/2018\/07\/Depositphotos_10731714_m-2015-525x350.jpg 525w, https:\/\/www.immobilienbusiness.ch\/wp-content\/uploads\/2018\/07\/Depositphotos_10731714_m-2015-920x614.jpg 920w\" sizes=\"auto, (max-width: 680px) 100vw, 680px\" \/><figcaption id=\"caption-attachment-13266\" class=\"wp-caption-text\">Intershop a revu les plans du projet AuPark (photo : pressmaster - depositphotos)<\/figcaption><\/figure>\n<p><span class=\"TextRun SCXW5625908\" lang=\"DE-CH\" xml:lang=\"DE-CH\"><span class=\"NormalTextRun SCXW5625908\">Le site AuPark - \u00e9galement connu sous le nom de site Alcatel ou de site AuCenter - se situe dans le quartier Au-W\u00e4denswil, entre la presqu'\u00eele Au et les zones r\u00e9sidentielles adjacentes situ\u00e9es \u00e0 l'arri\u00e8re. <\/span><\/span><span class=\"TextRun SCXW5625908\" lang=\"DE-CH\" xml:lang=\"DE-CH\"><span class=\"NormalTextRun SCXW5625908\">Intershop veut y construire un ensemble d'environ 200 logements avec des services de quartier compl\u00e9mentaires et des surfaces commerciales. <\/span><\/span>En outre, le site doit accueillir une \u00e9cole cantonale avec une aula, un r\u00e9fectoire et deux salles de sport. Il est \u00e9galement pr\u00e9vu d'am\u00e9nager un parc accessible au public avec une aire de jeux.<\/p>\n<p>Comme plusieurs objections avaient \u00e9t\u00e9 formul\u00e9es lors de la mise \u00e0 l'enqu\u00eate publique du plan d'am\u00e9nagement priv\u00e9 AuPark il y a un peu plus d'un an, Intershop, en tant que propri\u00e9taire foncier, a proc\u00e9d\u00e9 \u00e0 des adaptations importantes du projet.<\/p>\n<p>La hauteur des b\u00e2timents a surtout \u00e9t\u00e9 limit\u00e9e \u00e0 25 m\u00e8tres maximum, les immeubles \u00e9tant d\u00e9sormais explicitement exclus du site. Mesur\u00e9e \u00e0 partir du sol naturel, la hauteur des b\u00e2timents du projet indicatif se situe entre 13 et 23 m\u00e8tres en raison de la situation en pente du site. L'indice d'utilisation du terrain a en outre \u00e9t\u00e9 abaiss\u00e9 de 140 \u00e0 133 pour cent. La part de logements abordables a \u00e9t\u00e9 augment\u00e9e de 12,5 \u00e0 20 pour cent. Selon un communiqu\u00e9 de la commune de W\u00e4denswil, cela correspond \u00e0 50 \u00e0 60 logements. <em>(ah)<\/em><\/p>","protected":false},"excerpt":{"rendered":"<p>Intershop veut construire \u00e0 W\u00e4denswil (ZH) un ensemble de logements et de commerces. Le plan d'am\u00e9nagement r\u00e9vis\u00e9 pour le projet AuPark vient d'\u00eatre adopt\u00e9.<\/p>","protected":false},"author":3,"featured_media":13266,"comment_status":"open","ping_status":"open","sticky":false,"template":"","format":"standard","meta":{"_acf_changed":false,"_yoast_wpseo_focuskw":"AuPark","_yoast_wpseo_title":"","_yoast_wpseo_metadesc":"Intershop plant in W\u00e4denswil (ZH) eine \u00dcberbauung mit Wohnen und Gewerbe. Der \u00fcberarbeitete Gestaltungsplan f\u00fcr das Projekt AuPark wurde nun verabschiedet.","_yoast_wpseo_linkdex":60,"pgc_sgb_lightbox_settings":"","footnotes":""},"categories":[985],"tags":[1377,1410,1600,1863],"class_list":["post-14835","post","type-post","status-publish","format-standard","has-post-thumbnail","hentry","category-regionen","tag-intershop","tag-kanton-zuerich","tag-projekt-in-planung","tag-wohnimmobilien"],"acf":[],"yoast_head":"<!-- This site is optimized with the Yoast SEO plugin v27.4 - https:\/\/yoast.com\/product\/yoast-seo-wordpress\/ -->\n<title>Intershop plant \u00dcberbauung in W\u00e4denswil - IMMOBILIEN Business<\/title>\n<meta name=\"description\" content=\"Intershop plant in W\u00e4denswil (ZH) eine \u00dcberbauung mit Wohnen und Gewerbe. Der \u00fcberarbeitete Gestaltungsplan f\u00fcr das Projekt AuPark wurde nun verabschiedet.\" \/>\n<meta name=\"robots\" content=\"index, follow, max-snippet:-1, max-image-preview:large, max-video-preview:-1\" \/>\n<link rel=\"canonical\" href=\"https:\/\/www.immobilienbusiness.ch\/fr\/regionen\/2018-11-13\/intershop-plant-ueberbauung-in-waedenswil\/\" \/>\n<meta property=\"og:locale\" content=\"fr_FR\" \/>\n<meta property=\"og:type\" content=\"article\" \/>\n<meta property=\"og:title\" content=\"Intershop plant \u00dcberbauung in W\u00e4denswil - IMMOBILIEN Business\" \/>\n<meta property=\"og:description\" content=\"Intershop plant in W\u00e4denswil (ZH) eine \u00dcberbauung mit Wohnen und Gewerbe. Der \u00fcberarbeitete Gestaltungsplan f\u00fcr das Projekt AuPark wurde nun verabschiedet.\" \/>\n<meta property=\"og:url\" content=\"https:\/\/www.immobilienbusiness.ch\/fr\/regionen\/2018-11-13\/intershop-plant-ueberbauung-in-waedenswil\/\" \/>\n<meta property=\"og:site_name\" content=\"IMMOBILIEN Business\" \/>\n<meta property=\"article:publisher\" content=\"https:\/\/www.facebook.com\/immobilienbusiness\/\" \/>\n<meta property=\"article:published_time\" content=\"2018-11-13T07:48:40+00:00\" \/>\n<meta property=\"og:image\" content=\"https:\/\/www.immobilienbusiness.ch\/wp-content\/uploads\/2018\/07\/Depositphotos_10731714_m-2015.jpg\" \/>\n\t<meta property=\"og:image:width\" content=\"1000\" \/>\n\t<meta property=\"og:image:height\" content=\"667\" \/>\n\t<meta property=\"og:image:type\" content=\"image\/jpeg\" \/>\n<meta name=\"author\" content=\"anja.hall\" \/>\n<meta name=\"twitter:card\" content=\"summary_large_image\" \/>\n<meta name=\"twitter:image\" content=\"https:\/\/www.immobilienbusiness.ch\/wp-content\/uploads\/2018\/07\/Depositphotos_10731714_m-2015.jpg\" \/>\n<script type=\"application\/ld+json\" class=\"yoast-schema-graph\">{\"@context\":\"https:\\\/\\\/schema.org\",\"@graph\":[{\"@type\":\"Article\",\"@id\":\"https:\\\/\\\/www.immobilienbusiness.ch\\\/en\\\/regionen\\\/2018-11-13\\\/intershop-plant-ueberbauung-in-waedenswil\\\/#article\",\"isPartOf\":{\"@id\":\"https:\\\/\\\/www.immobilienbusiness.ch\\\/en\\\/regionen\\\/2018-11-13\\\/intershop-plant-ueberbauung-in-waedenswil\\\/\"},\"author\":{\"name\":\"anja.hall\",\"@id\":\"https:\\\/\\\/www.immobilienbusiness.ch\\\/#\\\/schema\\\/person\\\/3fc036297b10b9f42d6db5ee932af8c8\"},\"headline\":\"Intershop plant \u00dcberbauung in W\u00e4denswil\",\"datePublished\":\"2018-11-13T07:48:40+00:00\",\"mainEntityOfPage\":{\"@id\":\"https:\\\/\\\/www.immobilienbusiness.ch\\\/en\\\/regionen\\\/2018-11-13\\\/intershop-plant-ueberbauung-in-waedenswil\\\/\"},\"wordCount\":199,\"commentCount\":0,\"publisher\":{\"@id\":\"https:\\\/\\\/www.immobilienbusiness.ch\\\/#organization\"},\"image\":{\"@id\":\"https:\\\/\\\/www.immobilienbusiness.ch\\\/en\\\/regionen\\\/2018-11-13\\\/intershop-plant-ueberbauung-in-waedenswil\\\/#primaryimage\"},\"thumbnailUrl\":\"https:\\\/\\\/www.immobilienbusiness.ch\\\/wp-content\\\/uploads\\\/2018\\\/07\\\/Depositphotos_10731714_m-2015.jpg\",\"keywords\":[\"Intershop\",\"Kanton Z\u00fcrich\",\"Projekt in Planung\",\"Wohnimmobilien\"],\"articleSection\":[\"REGIONEN\"],\"inLanguage\":\"fr-FR\"},{\"@type\":\"WebPage\",\"@id\":\"https:\\\/\\\/www.immobilienbusiness.ch\\\/en\\\/regionen\\\/2018-11-13\\\/intershop-plant-ueberbauung-in-waedenswil\\\/\",\"url\":\"https:\\\/\\\/www.immobilienbusiness.ch\\\/en\\\/regionen\\\/2018-11-13\\\/intershop-plant-ueberbauung-in-waedenswil\\\/\",\"name\":\"Intershop plant \u00dcberbauung in W\u00e4denswil - IMMOBILIEN Business\",\"isPartOf\":{\"@id\":\"https:\\\/\\\/www.immobilienbusiness.ch\\\/#website\"},\"primaryImageOfPage\":{\"@id\":\"https:\\\/\\\/www.immobilienbusiness.ch\\\/en\\\/regionen\\\/2018-11-13\\\/intershop-plant-ueberbauung-in-waedenswil\\\/#primaryimage\"},\"image\":{\"@id\":\"https:\\\/\\\/www.immobilienbusiness.ch\\\/en\\\/regionen\\\/2018-11-13\\\/intershop-plant-ueberbauung-in-waedenswil\\\/#primaryimage\"},\"thumbnailUrl\":\"https:\\\/\\\/www.immobilienbusiness.ch\\\/wp-content\\\/uploads\\\/2018\\\/07\\\/Depositphotos_10731714_m-2015.jpg\",\"datePublished\":\"2018-11-13T07:48:40+00:00\",\"description\":\"Intershop plant in W\u00e4denswil (ZH) eine \u00dcberbauung mit Wohnen und Gewerbe. Der \u00fcberarbeitete Gestaltungsplan f\u00fcr das Projekt AuPark wurde nun verabschiedet.\",\"breadcrumb\":{\"@id\":\"https:\\\/\\\/www.immobilienbusiness.ch\\\/en\\\/regionen\\\/2018-11-13\\\/intershop-plant-ueberbauung-in-waedenswil\\\/#breadcrumb\"},\"inLanguage\":\"fr-FR\",\"potentialAction\":[{\"@type\":\"ReadAction\",\"target\":[\"https:\\\/\\\/www.immobilienbusiness.ch\\\/en\\\/regionen\\\/2018-11-13\\\/intershop-plant-ueberbauung-in-waedenswil\\\/\"]}]},{\"@type\":\"ImageObject\",\"inLanguage\":\"fr-FR\",\"@id\":\"https:\\\/\\\/www.immobilienbusiness.ch\\\/en\\\/regionen\\\/2018-11-13\\\/intershop-plant-ueberbauung-in-waedenswil\\\/#primaryimage\",\"url\":\"https:\\\/\\\/www.immobilienbusiness.ch\\\/wp-content\\\/uploads\\\/2018\\\/07\\\/Depositphotos_10731714_m-2015.jpg\",\"contentUrl\":\"https:\\\/\\\/www.immobilienbusiness.ch\\\/wp-content\\\/uploads\\\/2018\\\/07\\\/Depositphotos_10731714_m-2015.jpg\",\"width\":1000,\"height\":667,\"caption\":\"(Bild: pressmaster - depositphotos)\"},{\"@type\":\"BreadcrumbList\",\"@id\":\"https:\\\/\\\/www.immobilienbusiness.ch\\\/en\\\/regionen\\\/2018-11-13\\\/intershop-plant-ueberbauung-in-waedenswil\\\/#breadcrumb\",\"itemListElement\":[{\"@type\":\"ListItem\",\"position\":1,\"name\":\"Home\",\"item\":\"https:\\\/\\\/www.immobilienbusiness.ch\\\/\"},{\"@type\":\"ListItem\",\"position\":2,\"name\":\"Intershop plant \u00dcberbauung in W\u00e4denswil\"}]},{\"@type\":\"WebSite\",\"@id\":\"https:\\\/\\\/www.immobilienbusiness.ch\\\/#website\",\"url\":\"https:\\\/\\\/www.immobilienbusiness.ch\\\/\",\"name\":\"IMMOBILIEN Business\",\"description\":\"Unabh\u00e4ngiges Schweizer Wirtschaftsmagazin mit Fokus auf Immobilien, Architektur- und Bau sowie Investment- und Finanzierung.\",\"publisher\":{\"@id\":\"https:\\\/\\\/www.immobilienbusiness.ch\\\/#organization\"},\"potentialAction\":[{\"@type\":\"SearchAction\",\"target\":{\"@type\":\"EntryPoint\",\"urlTemplate\":\"https:\\\/\\\/www.immobilienbusiness.ch\\\/?s={search_term_string}\"},\"query-input\":{\"@type\":\"PropertyValueSpecification\",\"valueRequired\":true,\"valueName\":\"search_term_string\"}}],\"inLanguage\":\"fr-FR\"},{\"@type\":\"Organization\",\"@id\":\"https:\\\/\\\/www.immobilienbusiness.ch\\\/#organization\",\"name\":\"IMMOBILIEN Business\",\"url\":\"https:\\\/\\\/www.immobilienbusiness.ch\\\/\",\"logo\":{\"@type\":\"ImageObject\",\"inLanguage\":\"fr-FR\",\"@id\":\"https:\\\/\\\/www.immobilienbusiness.ch\\\/#\\\/schema\\\/logo\\\/image\\\/\",\"url\":\"https:\\\/\\\/www.immobilienbusiness.ch\\\/wp-content\\\/uploads\\\/2021\\\/07\\\/logo_ib.png\",\"contentUrl\":\"https:\\\/\\\/www.immobilienbusiness.ch\\\/wp-content\\\/uploads\\\/2021\\\/07\\\/logo_ib.png\",\"width\":800,\"height\":181,\"caption\":\"IMMOBILIEN Business\"},\"image\":{\"@id\":\"https:\\\/\\\/www.immobilienbusiness.ch\\\/#\\\/schema\\\/logo\\\/image\\\/\"},\"sameAs\":[\"https:\\\/\\\/www.facebook.com\\\/immobilienbusiness\\\/\"]},{\"@type\":\"Person\",\"@id\":\"https:\\\/\\\/www.immobilienbusiness.ch\\\/#\\\/schema\\\/person\\\/3fc036297b10b9f42d6db5ee932af8c8\",\"name\":\"anja.hall\",\"image\":{\"@type\":\"ImageObject\",\"inLanguage\":\"fr-FR\",\"@id\":\"https:\\\/\\\/secure.gravatar.com\\\/avatar\\\/066b5a0d447013502c71a5782f4f3469f03cfe595cc2329fb94652fe47511bfb?s=96&d=mm&r=g\",\"url\":\"https:\\\/\\\/secure.gravatar.com\\\/avatar\\\/066b5a0d447013502c71a5782f4f3469f03cfe595cc2329fb94652fe47511bfb?s=96&d=mm&r=g\",\"contentUrl\":\"https:\\\/\\\/secure.gravatar.com\\\/avatar\\\/066b5a0d447013502c71a5782f4f3469f03cfe595cc2329fb94652fe47511bfb?s=96&d=mm&r=g\",\"caption\":\"anja.hall\"},\"url\":\"https:\\\/\\\/www.immobilienbusiness.ch\\\/fr\\\/author\\\/anja-hall\\\/\"}]}<\/script>\n<!-- \/ Yoast SEO plugin. -->","yoast_head_json":{"title":"Intershop plant \u00dcberbauung in W\u00e4denswil - IMMOBILIEN Business","description":"Intershop plant in W\u00e4denswil (ZH) eine \u00dcberbauung mit Wohnen und Gewerbe. Der \u00fcberarbeitete Gestaltungsplan f\u00fcr das Projekt AuPark wurde nun verabschiedet.","robots":{"index":"index","follow":"follow","max-snippet":"max-snippet:-1","max-image-preview":"max-image-preview:large","max-video-preview":"max-video-preview:-1"},"canonical":"https:\/\/www.immobilienbusiness.ch\/fr\/regionen\/2018-11-13\/intershop-plant-ueberbauung-in-waedenswil\/","og_locale":"fr_FR","og_type":"article","og_title":"Intershop plant \u00dcberbauung in W\u00e4denswil - IMMOBILIEN Business","og_description":"Intershop plant in W\u00e4denswil (ZH) eine \u00dcberbauung mit Wohnen und Gewerbe. Der \u00fcberarbeitete Gestaltungsplan f\u00fcr das Projekt AuPark wurde nun verabschiedet.","og_url":"https:\/\/www.immobilienbusiness.ch\/fr\/regionen\/2018-11-13\/intershop-plant-ueberbauung-in-waedenswil\/","og_site_name":"IMMOBILIEN Business","article_publisher":"https:\/\/www.facebook.com\/immobilienbusiness\/","article_published_time":"2018-11-13T07:48:40+00:00","og_image":[{"width":1000,"height":667,"url":"https:\/\/www.immobilienbusiness.ch\/wp-content\/uploads\/2018\/07\/Depositphotos_10731714_m-2015.jpg","type":"image\/jpeg"}],"author":"anja.hall","twitter_card":"summary_large_image","twitter_image":"https:\/\/www.immobilienbusiness.ch\/wp-content\/uploads\/2018\/07\/Depositphotos_10731714_m-2015.jpg","schema":{"@context":"https:\/\/schema.org","@graph":[{"@type":"Article","@id":"https:\/\/www.immobilienbusiness.ch\/en\/regionen\/2018-11-13\/intershop-plant-ueberbauung-in-waedenswil\/#article","isPartOf":{"@id":"https:\/\/www.immobilienbusiness.ch\/en\/regionen\/2018-11-13\/intershop-plant-ueberbauung-in-waedenswil\/"},"author":{"name":"anja.hall","@id":"https:\/\/www.immobilienbusiness.ch\/#\/schema\/person\/3fc036297b10b9f42d6db5ee932af8c8"},"headline":"Intershop plant \u00dcberbauung in W\u00e4denswil","datePublished":"2018-11-13T07:48:40+00:00","mainEntityOfPage":{"@id":"https:\/\/www.immobilienbusiness.ch\/en\/regionen\/2018-11-13\/intershop-plant-ueberbauung-in-waedenswil\/"},"wordCount":199,"commentCount":0,"publisher":{"@id":"https:\/\/www.immobilienbusiness.ch\/#organization"},"image":{"@id":"https:\/\/www.immobilienbusiness.ch\/en\/regionen\/2018-11-13\/intershop-plant-ueberbauung-in-waedenswil\/#primaryimage"},"thumbnailUrl":"https:\/\/www.immobilienbusiness.ch\/wp-content\/uploads\/2018\/07\/Depositphotos_10731714_m-2015.jpg","keywords":["Intershop","Kanton Z\u00fcrich","Projekt in Planung","Wohnimmobilien"],"articleSection":["REGIONEN"],"inLanguage":"fr-FR"},{"@type":"WebPage","@id":"https:\/\/www.immobilienbusiness.ch\/en\/regionen\/2018-11-13\/intershop-plant-ueberbauung-in-waedenswil\/","url":"https:\/\/www.immobilienbusiness.ch\/en\/regionen\/2018-11-13\/intershop-plant-ueberbauung-in-waedenswil\/","name":"Intershop plant \u00dcberbauung in W\u00e4denswil - IMMOBILIEN Business","isPartOf":{"@id":"https:\/\/www.immobilienbusiness.ch\/#website"},"primaryImageOfPage":{"@id":"https:\/\/www.immobilienbusiness.ch\/en\/regionen\/2018-11-13\/intershop-plant-ueberbauung-in-waedenswil\/#primaryimage"},"image":{"@id":"https:\/\/www.immobilienbusiness.ch\/en\/regionen\/2018-11-13\/intershop-plant-ueberbauung-in-waedenswil\/#primaryimage"},"thumbnailUrl":"https:\/\/www.immobilienbusiness.ch\/wp-content\/uploads\/2018\/07\/Depositphotos_10731714_m-2015.jpg","datePublished":"2018-11-13T07:48:40+00:00","description":"Intershop plant in W\u00e4denswil (ZH) eine \u00dcberbauung mit Wohnen und Gewerbe. Der \u00fcberarbeitete Gestaltungsplan f\u00fcr das Projekt AuPark wurde nun verabschiedet.","breadcrumb":{"@id":"https:\/\/www.immobilienbusiness.ch\/en\/regionen\/2018-11-13\/intershop-plant-ueberbauung-in-waedenswil\/#breadcrumb"},"inLanguage":"fr-FR","potentialAction":[{"@type":"ReadAction","target":["https:\/\/www.immobilienbusiness.ch\/en\/regionen\/2018-11-13\/intershop-plant-ueberbauung-in-waedenswil\/"]}]},{"@type":"ImageObject","inLanguage":"fr-FR","@id":"https:\/\/www.immobilienbusiness.ch\/en\/regionen\/2018-11-13\/intershop-plant-ueberbauung-in-waedenswil\/#primaryimage","url":"https:\/\/www.immobilienbusiness.ch\/wp-content\/uploads\/2018\/07\/Depositphotos_10731714_m-2015.jpg","contentUrl":"https:\/\/www.immobilienbusiness.ch\/wp-content\/uploads\/2018\/07\/Depositphotos_10731714_m-2015.jpg","width":1000,"height":667,"caption":"(Bild: pressmaster - depositphotos)"},{"@type":"BreadcrumbList","@id":"https:\/\/www.immobilienbusiness.ch\/en\/regionen\/2018-11-13\/intershop-plant-ueberbauung-in-waedenswil\/#breadcrumb","itemListElement":[{"@type":"ListItem","position":1,"name":"Home","item":"https:\/\/www.immobilienbusiness.ch\/"},{"@type":"ListItem","position":2,"name":"Intershop plant \u00dcberbauung in W\u00e4denswil"}]},{"@type":"WebSite","@id":"https:\/\/www.immobilienbusiness.ch\/#website","url":"https:\/\/www.immobilienbusiness.ch\/","name":"IMMOBILIER Business","description":"Magazine \u00e9conomique suisse ind\u00e9pendant ax\u00e9 sur l'immobilier, l'architecture et la construction ainsi que sur les investissements et le financement.","publisher":{"@id":"https:\/\/www.immobilienbusiness.ch\/#organization"},"potentialAction":[{"@type":"SearchAction","target":{"@type":"EntryPoint","urlTemplate":"https:\/\/www.immobilienbusiness.ch\/?s={search_term_string}"},"query-input":{"@type":"PropertyValueSpecification","valueRequired":true,"valueName":"search_term_string"}}],"inLanguage":"fr-FR"},{"@type":"Organization","@id":"https:\/\/www.immobilienbusiness.ch\/#organization","name":"IMMOBILIER Business","url":"https:\/\/www.immobilienbusiness.ch\/","logo":{"@type":"ImageObject","inLanguage":"fr-FR","@id":"https:\/\/www.immobilienbusiness.ch\/#\/schema\/logo\/image\/","url":"https:\/\/www.immobilienbusiness.ch\/wp-content\/uploads\/2021\/07\/logo_ib.png","contentUrl":"https:\/\/www.immobilienbusiness.ch\/wp-content\/uploads\/2021\/07\/logo_ib.png","width":800,"height":181,"caption":"IMMOBILIEN Business"},"image":{"@id":"https:\/\/www.immobilienbusiness.ch\/#\/schema\/logo\/image\/"},"sameAs":["https:\/\/www.facebook.com\/immobilienbusiness\/"]},{"@type":"Person","@id":"https:\/\/www.immobilienbusiness.ch\/#\/schema\/person\/3fc036297b10b9f42d6db5ee932af8c8","name":"anja.hall","image":{"@type":"ImageObject","inLanguage":"fr-FR","@id":"https:\/\/secure.gravatar.com\/avatar\/066b5a0d447013502c71a5782f4f3469f03cfe595cc2329fb94652fe47511bfb?s=96&d=mm&r=g","url":"https:\/\/secure.gravatar.com\/avatar\/066b5a0d447013502c71a5782f4f3469f03cfe595cc2329fb94652fe47511bfb?s=96&d=mm&r=g","contentUrl":"https:\/\/secure.gravatar.com\/avatar\/066b5a0d447013502c71a5782f4f3469f03cfe595cc2329fb94652fe47511bfb?s=96&d=mm&r=g","caption":"anja.hall"},"url":"https:\/\/www.immobilienbusiness.ch\/fr\/author\/anja-hall\/"}]}},"_links":{"self":[{"href":"https:\/\/www.immobilienbusiness.ch\/fr\/wp-json\/wp\/v2\/posts\/14835","targetHints":{"allow":["GET"]}}],"collection":[{"href":"https:\/\/www.immobilienbusiness.ch\/fr\/wp-json\/wp\/v2\/posts"}],"about":[{"href":"https:\/\/www.immobilienbusiness.ch\/fr\/wp-json\/wp\/v2\/types\/post"}],"author":[{"embeddable":true,"href":"https:\/\/www.immobilienbusiness.ch\/fr\/wp-json\/wp\/v2\/users\/3"}],"replies":[{"embeddable":true,"href":"https:\/\/www.immobilienbusiness.ch\/fr\/wp-json\/wp\/v2\/comments?post=14835"}],"version-history":[{"count":0,"href":"https:\/\/www.immobilienbusiness.ch\/fr\/wp-json\/wp\/v2\/posts\/14835\/revisions"}],"wp:featuredmedia":[{"embeddable":true,"href":"https:\/\/www.immobilienbusiness.ch\/fr\/wp-json\/wp\/v2\/media\/13266"}],"wp:attachment":[{"href":"https:\/\/www.immobilienbusiness.ch\/fr\/wp-json\/wp\/v2\/media?parent=14835"}],"wp:term":[{"taxonomy":"category","embeddable":true,"href":"https:\/\/www.immobilienbusiness.ch\/fr\/wp-json\/wp\/v2\/categories?post=14835"},{"taxonomy":"post_tag","embeddable":true,"href":"https:\/\/www.immobilienbusiness.ch\/fr\/wp-json\/wp\/v2\/tags?post=14835"}],"curies":[{"name":"wp","href":"https:\/\/api.w.org\/{rel}","templated":true}]}}