{"id":1483,"date":"2021-03-11T14:37:38","date_gmt":"2021-03-11T13:37:38","guid":{"rendered":"https:\/\/develop.immobilienbusiness.ch\/de\/allgemein\/2021-03-11\/avobis-group-ubernahme-der-verit-immobilien-ag\/"},"modified":"2023-07-05T08:43:37","modified_gmt":"2023-07-05T06:43:37","slug":"avobis-group-ubernahme-der-verit-immobilien-ag","status":"publish","type":"post","link":"https:\/\/www.immobilienbusiness.ch\/fr\/ib\/2021-03-11\/avobis-group-ubernahme-der-verit-immobilien-ag\/","title":{"rendered":"Avobis Group : Acquisition de Verit Immobilien AG"},"content":{"rendered":"<div class=\"swpm-post-not-logged-in-msg\">Vous devez \u00eatre connect\u00e9 pour voir ce contenu. Veuillez consulter <a class=\"swpm-login-link\" href=\"https:\/\/www.immobilienbusiness.ch\/fr\/login\/?swpm_redirect_to=https%3A%2F%2Fwww.immobilienbusiness.ch%2Ffr%2Fwp-json%2Fwp%2Fv2%2Fposts%2F1483\">Connexion<\/a>. Vous n'\u00eates pas membre ? <a href=\"https:\/\/www.immobilienbusiness.ch\/fr\/registrieren\/\">Nous Rejoindre<\/a><\/div>","protected":false},"excerpt":{"rendered":"<p><span><span>Le groupe Avobis,\u00a0<\/span><\/span>Gestionnaire d'hypoth\u00e8ques et de biens immobiliers en Suisse et pionni\u00e8re dans le domaine des solutions bas\u00e9es sur les donn\u00e9es,<span><span> devient propri\u00e9taire de la soci\u00e9t\u00e9 Verit Immobilien AG, qui se concentre sur la gestion immobili\u00e8re, et reprend ses sites et ses collaborateurs. <\/span><\/span><\/p>","protected":false},"author":8,"featured_media":0,"comment_status":"closed","ping_status":"closed","sticky":false,"template":"","format":"standard","meta":{"_acf_changed":false,"_yoast_wpseo_focuskw":"Zusammenschluss","_yoast_wpseo_title":"","_yoast_wpseo_metadesc":"Die Avobis Group, Managerin von Hypotheken und Immobilien in der Schweiz und Pionierin im Bereich datenbasierter L\u00f6sungen, wird Eigent\u00fcmerin der auf Immobilienbewirtschaftung fokussierten Verit Immobilien AG und \u00fcbernimmt deren Standorte und Mitarbeitende.","_yoast_wpseo_linkdex":48,"pgc_sgb_lightbox_settings":"","footnotes":""},"categories":[1951],"tags":[1992,1321,1563],"class_list":["post-1483","post","type-post","status-publish","format-standard","hentry","category-ib","tag-facility-property-manager","tag-hypotheken","tag-personalia"],"acf":[],"yoast_head":"<!-- This site is optimized with the Yoast SEO plugin v27.4 - https:\/\/yoast.com\/product\/yoast-seo-wordpress\/ -->\n<title>Avobis Group: \u00dcbernahme der Verit Immobilien AG - IMMOBILIEN Business<\/title>\n<meta name=\"description\" content=\"Die Avobis Group, Managerin von Hypotheken und Immobilien in der Schweiz und Pionierin im Bereich datenbasierter L\u00f6sungen, wird Eigent\u00fcmerin der auf Immobilienbewirtschaftung fokussierten Verit Immobilien AG und \u00fcbernimmt deren Standorte und Mitarbeitende.\" \/>\n<meta name=\"robots\" content=\"index, follow, max-snippet:-1, max-image-preview:large, max-video-preview:-1\" \/>\n<link rel=\"canonical\" href=\"https:\/\/www.immobilienbusiness.ch\/fr\/ib\/2021-03-11\/avobis-group-ubernahme-der-verit-immobilien-ag\/\" \/>\n<meta property=\"og:locale\" content=\"fr_FR\" \/>\n<meta property=\"og:type\" content=\"article\" \/>\n<meta property=\"og:title\" content=\"Avobis Group: \u00dcbernahme der Verit Immobilien AG - IMMOBILIEN Business\" \/>\n<meta property=\"og:description\" content=\"Die Avobis Group, Managerin von Hypotheken und Immobilien in der Schweiz und Pionierin im Bereich datenbasierter L\u00f6sungen, wird Eigent\u00fcmerin der auf Immobilienbewirtschaftung fokussierten Verit Immobilien AG und \u00fcbernimmt deren Standorte und Mitarbeitende.\" \/>\n<meta property=\"og:url\" content=\"https:\/\/www.immobilienbusiness.ch\/fr\/ib\/2021-03-11\/avobis-group-ubernahme-der-verit-immobilien-ag\/\" \/>\n<meta property=\"og:site_name\" content=\"IMMOBILIEN Business\" \/>\n<meta property=\"article:publisher\" content=\"https:\/\/www.facebook.com\/immobilienbusiness\/\" \/>\n<meta property=\"article:published_time\" content=\"2021-03-11T13:37:38+00:00\" \/>\n<meta property=\"article:modified_time\" content=\"2023-07-05T06:43:37+00:00\" \/>\n<meta name=\"author\" content=\"birgitt.wuest\" \/>\n<meta name=\"twitter:card\" content=\"summary_large_image\" \/>\n<script type=\"application\/ld+json\" class=\"yoast-schema-graph\">{\"@context\":\"https:\\\/\\\/schema.org\",\"@graph\":[{\"@type\":\"Article\",\"@id\":\"https:\\\/\\\/www.immobilienbusiness.ch\\\/en\\\/ib\\\/2021-03-11\\\/avobis-group-ubernahme-der-verit-immobilien-ag\\\/#article\",\"isPartOf\":{\"@id\":\"https:\\\/\\\/www.immobilienbusiness.ch\\\/en\\\/ib\\\/2021-03-11\\\/avobis-group-ubernahme-der-verit-immobilien-ag\\\/\"},\"author\":{\"name\":\"birgitt.wuest\",\"@id\":\"https:\\\/\\\/www.immobilienbusiness.ch\\\/#\\\/schema\\\/person\\\/9071de3b430793052e78768378adb039\"},\"headline\":\"Avobis Group: \u00dcbernahme der Verit Immobilien AG\",\"datePublished\":\"2021-03-11T13:37:38+00:00\",\"dateModified\":\"2023-07-05T06:43:37+00:00\",\"mainEntityOfPage\":{\"@id\":\"https:\\\/\\\/www.immobilienbusiness.ch\\\/en\\\/ib\\\/2021-03-11\\\/avobis-group-ubernahme-der-verit-immobilien-ag\\\/\"},\"wordCount\":254,\"publisher\":{\"@id\":\"https:\\\/\\\/www.immobilienbusiness.ch\\\/#organization\"},\"keywords\":[\"Facility\\\/Property Manager\",\"Hypotheken\",\"Personalia\"],\"articleSection\":[\"IB+\"],\"inLanguage\":\"fr-FR\"},{\"@type\":\"WebPage\",\"@id\":\"https:\\\/\\\/www.immobilienbusiness.ch\\\/en\\\/ib\\\/2021-03-11\\\/avobis-group-ubernahme-der-verit-immobilien-ag\\\/\",\"url\":\"https:\\\/\\\/www.immobilienbusiness.ch\\\/en\\\/ib\\\/2021-03-11\\\/avobis-group-ubernahme-der-verit-immobilien-ag\\\/\",\"name\":\"Avobis Group: \u00dcbernahme der Verit Immobilien AG - IMMOBILIEN Business\",\"isPartOf\":{\"@id\":\"https:\\\/\\\/www.immobilienbusiness.ch\\\/#website\"},\"datePublished\":\"2021-03-11T13:37:38+00:00\",\"dateModified\":\"2023-07-05T06:43:37+00:00\",\"description\":\"Die Avobis Group, Managerin von Hypotheken und Immobilien in der Schweiz und Pionierin im Bereich datenbasierter L\u00f6sungen, wird Eigent\u00fcmerin der auf Immobilienbewirtschaftung fokussierten Verit Immobilien AG und \u00fcbernimmt deren Standorte und Mitarbeitende.\",\"breadcrumb\":{\"@id\":\"https:\\\/\\\/www.immobilienbusiness.ch\\\/en\\\/ib\\\/2021-03-11\\\/avobis-group-ubernahme-der-verit-immobilien-ag\\\/#breadcrumb\"},\"inLanguage\":\"fr-FR\",\"potentialAction\":[{\"@type\":\"ReadAction\",\"target\":[\"https:\\\/\\\/www.immobilienbusiness.ch\\\/en\\\/ib\\\/2021-03-11\\\/avobis-group-ubernahme-der-verit-immobilien-ag\\\/\"]}]},{\"@type\":\"BreadcrumbList\",\"@id\":\"https:\\\/\\\/www.immobilienbusiness.ch\\\/en\\\/ib\\\/2021-03-11\\\/avobis-group-ubernahme-der-verit-immobilien-ag\\\/#breadcrumb\",\"itemListElement\":[{\"@type\":\"ListItem\",\"position\":1,\"name\":\"Home\",\"item\":\"https:\\\/\\\/www.immobilienbusiness.ch\\\/\"},{\"@type\":\"ListItem\",\"position\":2,\"name\":\"Avobis Group: \u00dcbernahme der Verit Immobilien AG\"}]},{\"@type\":\"WebSite\",\"@id\":\"https:\\\/\\\/www.immobilienbusiness.ch\\\/#website\",\"url\":\"https:\\\/\\\/www.immobilienbusiness.ch\\\/\",\"name\":\"IMMOBILIEN Business\",\"description\":\"Unabh\u00e4ngiges Schweizer Wirtschaftsmagazin mit Fokus auf Immobilien, Architektur- und Bau sowie Investment- und Finanzierung.\",\"publisher\":{\"@id\":\"https:\\\/\\\/www.immobilienbusiness.ch\\\/#organization\"},\"potentialAction\":[{\"@type\":\"SearchAction\",\"target\":{\"@type\":\"EntryPoint\",\"urlTemplate\":\"https:\\\/\\\/www.immobilienbusiness.ch\\\/?s={search_term_string}\"},\"query-input\":{\"@type\":\"PropertyValueSpecification\",\"valueRequired\":true,\"valueName\":\"search_term_string\"}}],\"inLanguage\":\"fr-FR\"},{\"@type\":\"Organization\",\"@id\":\"https:\\\/\\\/www.immobilienbusiness.ch\\\/#organization\",\"name\":\"IMMOBILIEN Business\",\"url\":\"https:\\\/\\\/www.immobilienbusiness.ch\\\/\",\"logo\":{\"@type\":\"ImageObject\",\"inLanguage\":\"fr-FR\",\"@id\":\"https:\\\/\\\/www.immobilienbusiness.ch\\\/#\\\/schema\\\/logo\\\/image\\\/\",\"url\":\"https:\\\/\\\/www.immobilienbusiness.ch\\\/wp-content\\\/uploads\\\/2021\\\/07\\\/logo_ib.png\",\"contentUrl\":\"https:\\\/\\\/www.immobilienbusiness.ch\\\/wp-content\\\/uploads\\\/2021\\\/07\\\/logo_ib.png\",\"width\":800,\"height\":181,\"caption\":\"IMMOBILIEN Business\"},\"image\":{\"@id\":\"https:\\\/\\\/www.immobilienbusiness.ch\\\/#\\\/schema\\\/logo\\\/image\\\/\"},\"sameAs\":[\"https:\\\/\\\/www.facebook.com\\\/immobilienbusiness\\\/\"]},{\"@type\":\"Person\",\"@id\":\"https:\\\/\\\/www.immobilienbusiness.ch\\\/#\\\/schema\\\/person\\\/9071de3b430793052e78768378adb039\",\"name\":\"birgitt.wuest\",\"image\":{\"@type\":\"ImageObject\",\"inLanguage\":\"fr-FR\",\"@id\":\"https:\\\/\\\/secure.gravatar.com\\\/avatar\\\/938f7e46a2aa35420af239a36e5ed08a1034598c7d4a6d4dccff5f20b49eefca?s=96&d=mm&r=g\",\"url\":\"https:\\\/\\\/secure.gravatar.com\\\/avatar\\\/938f7e46a2aa35420af239a36e5ed08a1034598c7d4a6d4dccff5f20b49eefca?s=96&d=mm&r=g\",\"contentUrl\":\"https:\\\/\\\/secure.gravatar.com\\\/avatar\\\/938f7e46a2aa35420af239a36e5ed08a1034598c7d4a6d4dccff5f20b49eefca?s=96&d=mm&r=g\",\"caption\":\"birgitt.wuest\"},\"url\":\"https:\\\/\\\/www.immobilienbusiness.ch\\\/fr\\\/author\\\/birgitt-wuest\\\/\"}]}<\/script>\n<!-- \/ Yoast SEO plugin. -->","yoast_head_json":{"title":"Avobis Group: \u00dcbernahme der Verit Immobilien AG - IMMOBILIEN Business","description":"Le groupe Avobis, gestionnaire d'hypoth\u00e8ques et de biens immobiliers en Suisse et pionnier dans le domaine des solutions bas\u00e9es sur les donn\u00e9es, devient propri\u00e9taire de la soci\u00e9t\u00e9 Verit Immobilien AG, ax\u00e9e sur la gestion immobili\u00e8re, et reprend ses sites et ses collaborateurs.","robots":{"index":"index","follow":"follow","max-snippet":"max-snippet:-1","max-image-preview":"max-image-preview:large","max-video-preview":"max-video-preview:-1"},"canonical":"https:\/\/www.immobilienbusiness.ch\/fr\/ib\/2021-03-11\/avobis-group-ubernahme-der-verit-immobilien-ag\/","og_locale":"fr_FR","og_type":"article","og_title":"Avobis Group: \u00dcbernahme der Verit Immobilien AG - IMMOBILIEN Business","og_description":"Die Avobis Group, Managerin von Hypotheken und Immobilien in der Schweiz und Pionierin im Bereich datenbasierter L\u00f6sungen, wird Eigent\u00fcmerin der auf Immobilienbewirtschaftung fokussierten Verit Immobilien AG und \u00fcbernimmt deren Standorte und Mitarbeitende.","og_url":"https:\/\/www.immobilienbusiness.ch\/fr\/ib\/2021-03-11\/avobis-group-ubernahme-der-verit-immobilien-ag\/","og_site_name":"IMMOBILIEN Business","article_publisher":"https:\/\/www.facebook.com\/immobilienbusiness\/","article_published_time":"2021-03-11T13:37:38+00:00","article_modified_time":"2023-07-05T06:43:37+00:00","author":"birgitt.wuest","twitter_card":"summary_large_image","schema":{"@context":"https:\/\/schema.org","@graph":[{"@type":"Article","@id":"https:\/\/www.immobilienbusiness.ch\/en\/ib\/2021-03-11\/avobis-group-ubernahme-der-verit-immobilien-ag\/#article","isPartOf":{"@id":"https:\/\/www.immobilienbusiness.ch\/en\/ib\/2021-03-11\/avobis-group-ubernahme-der-verit-immobilien-ag\/"},"author":{"name":"birgitt.wuest","@id":"https:\/\/www.immobilienbusiness.ch\/#\/schema\/person\/9071de3b430793052e78768378adb039"},"headline":"Avobis Group: \u00dcbernahme der Verit Immobilien AG","datePublished":"2021-03-11T13:37:38+00:00","dateModified":"2023-07-05T06:43:37+00:00","mainEntityOfPage":{"@id":"https:\/\/www.immobilienbusiness.ch\/en\/ib\/2021-03-11\/avobis-group-ubernahme-der-verit-immobilien-ag\/"},"wordCount":254,"publisher":{"@id":"https:\/\/www.immobilienbusiness.ch\/#organization"},"keywords":["Facility\/Property Manager","Hypotheken","Personalia"],"articleSection":["IB+"],"inLanguage":"fr-FR"},{"@type":"WebPage","@id":"https:\/\/www.immobilienbusiness.ch\/en\/ib\/2021-03-11\/avobis-group-ubernahme-der-verit-immobilien-ag\/","url":"https:\/\/www.immobilienbusiness.ch\/en\/ib\/2021-03-11\/avobis-group-ubernahme-der-verit-immobilien-ag\/","name":"Avobis Group: \u00dcbernahme der Verit Immobilien AG - IMMOBILIEN Business","isPartOf":{"@id":"https:\/\/www.immobilienbusiness.ch\/#website"},"datePublished":"2021-03-11T13:37:38+00:00","dateModified":"2023-07-05T06:43:37+00:00","description":"Le groupe Avobis, gestionnaire d'hypoth\u00e8ques et de biens immobiliers en Suisse et pionnier dans le domaine des solutions bas\u00e9es sur les donn\u00e9es, devient propri\u00e9taire de la soci\u00e9t\u00e9 Verit Immobilien AG, ax\u00e9e sur la gestion immobili\u00e8re, et reprend ses sites et ses collaborateurs.","breadcrumb":{"@id":"https:\/\/www.immobilienbusiness.ch\/en\/ib\/2021-03-11\/avobis-group-ubernahme-der-verit-immobilien-ag\/#breadcrumb"},"inLanguage":"fr-FR","potentialAction":[{"@type":"ReadAction","target":["https:\/\/www.immobilienbusiness.ch\/en\/ib\/2021-03-11\/avobis-group-ubernahme-der-verit-immobilien-ag\/"]}]},{"@type":"BreadcrumbList","@id":"https:\/\/www.immobilienbusiness.ch\/en\/ib\/2021-03-11\/avobis-group-ubernahme-der-verit-immobilien-ag\/#breadcrumb","itemListElement":[{"@type":"ListItem","position":1,"name":"Home","item":"https:\/\/www.immobilienbusiness.ch\/"},{"@type":"ListItem","position":2,"name":"Avobis Group: \u00dcbernahme der Verit Immobilien AG"}]},{"@type":"WebSite","@id":"https:\/\/www.immobilienbusiness.ch\/#website","url":"https:\/\/www.immobilienbusiness.ch\/","name":"IMMOBILIER Business","description":"Magazine \u00e9conomique suisse ind\u00e9pendant ax\u00e9 sur l'immobilier, l'architecture et la construction ainsi que sur les investissements et le financement.","publisher":{"@id":"https:\/\/www.immobilienbusiness.ch\/#organization"},"potentialAction":[{"@type":"SearchAction","target":{"@type":"EntryPoint","urlTemplate":"https:\/\/www.immobilienbusiness.ch\/?s={search_term_string}"},"query-input":{"@type":"PropertyValueSpecification","valueRequired":true,"valueName":"search_term_string"}}],"inLanguage":"fr-FR"},{"@type":"Organization","@id":"https:\/\/www.immobilienbusiness.ch\/#organization","name":"IMMOBILIER Business","url":"https:\/\/www.immobilienbusiness.ch\/","logo":{"@type":"ImageObject","inLanguage":"fr-FR","@id":"https:\/\/www.immobilienbusiness.ch\/#\/schema\/logo\/image\/","url":"https:\/\/www.immobilienbusiness.ch\/wp-content\/uploads\/2021\/07\/logo_ib.png","contentUrl":"https:\/\/www.immobilienbusiness.ch\/wp-content\/uploads\/2021\/07\/logo_ib.png","width":800,"height":181,"caption":"IMMOBILIEN Business"},"image":{"@id":"https:\/\/www.immobilienbusiness.ch\/#\/schema\/logo\/image\/"},"sameAs":["https:\/\/www.facebook.com\/immobilienbusiness\/"]},{"@type":"Person","@id":"https:\/\/www.immobilienbusiness.ch\/#\/schema\/person\/9071de3b430793052e78768378adb039","name":"birgitt.wuest","image":{"@type":"ImageObject","inLanguage":"fr-FR","@id":"https:\/\/secure.gravatar.com\/avatar\/938f7e46a2aa35420af239a36e5ed08a1034598c7d4a6d4dccff5f20b49eefca?s=96&d=mm&r=g","url":"https:\/\/secure.gravatar.com\/avatar\/938f7e46a2aa35420af239a36e5ed08a1034598c7d4a6d4dccff5f20b49eefca?s=96&d=mm&r=g","contentUrl":"https:\/\/secure.gravatar.com\/avatar\/938f7e46a2aa35420af239a36e5ed08a1034598c7d4a6d4dccff5f20b49eefca?s=96&d=mm&r=g","caption":"birgitt.wuest"},"url":"https:\/\/www.immobilienbusiness.ch\/fr\/author\/birgitt-wuest\/"}]}},"_links":{"self":[{"href":"https:\/\/www.immobilienbusiness.ch\/fr\/wp-json\/wp\/v2\/posts\/1483","targetHints":{"allow":["GET"]}}],"collection":[{"href":"https:\/\/www.immobilienbusiness.ch\/fr\/wp-json\/wp\/v2\/posts"}],"about":[{"href":"https:\/\/www.immobilienbusiness.ch\/fr\/wp-json\/wp\/v2\/types\/post"}],"author":[{"embeddable":true,"href":"https:\/\/www.immobilienbusiness.ch\/fr\/wp-json\/wp\/v2\/users\/8"}],"replies":[{"embeddable":true,"href":"https:\/\/www.immobilienbusiness.ch\/fr\/wp-json\/wp\/v2\/comments?post=1483"}],"version-history":[{"count":1,"href":"https:\/\/www.immobilienbusiness.ch\/fr\/wp-json\/wp\/v2\/posts\/1483\/revisions"}],"predecessor-version":[{"id":49521,"href":"https:\/\/www.immobilienbusiness.ch\/fr\/wp-json\/wp\/v2\/posts\/1483\/revisions\/49521"}],"wp:attachment":[{"href":"https:\/\/www.immobilienbusiness.ch\/fr\/wp-json\/wp\/v2\/media?parent=1483"}],"wp:term":[{"taxonomy":"category","embeddable":true,"href":"https:\/\/www.immobilienbusiness.ch\/fr\/wp-json\/wp\/v2\/categories?post=1483"},{"taxonomy":"post_tag","embeddable":true,"href":"https:\/\/www.immobilienbusiness.ch\/fr\/wp-json\/wp\/v2\/tags?post=1483"}],"curies":[{"name":"wp","href":"https:\/\/api.w.org\/{rel}","templated":true}]}}