{"id":14802,"date":"2018-11-08T09:16:32","date_gmt":"2018-11-08T08:16:32","guid":{"rendered":"https:\/\/www.immobilienbusiness.ch\/?p=14802"},"modified":"2018-11-08T09:16:32","modified_gmt":"2018-11-08T08:16:32","slug":"neuer-fondsmanager-fuer-den-cs-1a-immo-pk","status":"publish","type":"post","link":"https:\/\/www.immobilienbusiness.ch\/fr\/unternehmen\/2018-11-08\/neuer-fondsmanager-fuer-den-cs-1a-immo-pk\/","title":{"rendered":"Nouveau gestionnaire de fonds pour CS 1a Immo PK"},"content":{"rendered":"<figure id=\"attachment_14804\" aria-describedby=\"caption-attachment-14804\" style=\"width: 478px\" class=\"wp-caption alignnone\"><img loading=\"lazy\" decoding=\"async\" class=\"size-full wp-image-14804\" src=\"https:\/\/www.immobilienbusiness.ch\/wp-content\/uploads\/2018\/11\/denner.png\" alt=\"\" width=\"478\" height=\"319\" srcset=\"https:\/\/www.immobilienbusiness.ch\/wp-content\/uploads\/2018\/11\/denner.png 478w, https:\/\/www.immobilienbusiness.ch\/wp-content\/uploads\/2018\/11\/denner-300x200.png 300w, https:\/\/www.immobilienbusiness.ch\/wp-content\/uploads\/2018\/11\/denner-16x12.png 16w, https:\/\/www.immobilienbusiness.ch\/wp-content\/uploads\/2018\/11\/denner-262x175.png 262w\" sizes=\"auto, (max-width: 478px) 100vw, 478px\" \/><figcaption id=\"caption-attachment-14804\" class=\"wp-caption-text\">Marcel Denner (Image : Credit Suisse Asset Management)<\/figcaption><\/figure>\n<p>Marcel Denner (n\u00e9 en 1981) a rejoint le 5 novembre le d\u00e9partement Global Real Estate de Credit Suisse Asset Management. En plus de sa fonction de gestionnaire de fonds, qu'il assumera en mars prochain, il dirigera les projets strat\u00e9giques de Global Real Estate Switzerland, informe le Credit Suisse.<\/p>\n<p>M. Denner vient de Hiag Data, o\u00f9 il \u00e9tait directeur financier. De 2012 \u00e0 2018, il a occup\u00e9 diverses fonctions chez Swiss Prime Site, en dernier lieu en tant que Head Corporate Ventures &amp; Development et membre de la direction de Swiss Prime Site Management. M. Denner a pr\u00e9c\u00e9demment travaill\u00e9 au sein du Credit Suisse de 2009 \u00e0 2012, notamment en tant que responsable de la gestion des affaires au sein de Credit Suisse Investor Services.<\/p>\n<p>M. Denner a obtenu un dipl\u00f4me de gestion d'entreprise \u00e0 Ludwigshafen, a suivi une formation compl\u00e9mentaire Curem essentielle \u00e0 l'universit\u00e9 de Zurich et un Executive MBA \u00e0 l'universit\u00e9 de Saint-Gall.<\/p>\n<p>Thomas Vonaesch, son pr\u00e9d\u00e9cesseur \u00e0 la t\u00eate du CS 1a Immo PK, a g\u00e9r\u00e9 ce fonds pendant 16 ans. Il a jou\u00e9 un r\u00f4le de premier plan dans la cr\u00e9ation du fonds et en a fait l'un des plus grands fonds immobiliers suisses, a indiqu\u00e9 le Credit Suisse dans son communiqu\u00e9. <em>(ah)<\/em><\/p>","protected":false},"excerpt":{"rendered":"<p>Marcel Denner deviendra le gestionnaire du fonds CS 1a Immo PK du Credit Suisse le 1er mars 2019. Il succ\u00e8de \u00e0 Thomas Vonaesch, qui se concentrera sur son r\u00f4le de responsable de la gestion des fonds immobiliers chez Credit Suisse Funds AG.<\/p>","protected":false},"author":3,"featured_media":14804,"comment_status":"open","ping_status":"open","sticky":false,"template":"","format":"standard","meta":{"_acf_changed":false,"_yoast_wpseo_focuskw":"CS 1a Immo PK","_yoast_wpseo_title":"","_yoast_wpseo_metadesc":"Marcel Denner wird zum 1. M\u00e4rz 2019 Fondsmanager des Credit-Suisse-Fonds CS 1a Immo PK. Er folgt auf Thomas Vonaesch, der den Fonds 16 Jahre leitete.","_yoast_wpseo_linkdex":63,"pgc_sgb_lightbox_settings":"","footnotes":""},"categories":[988],"tags":[1146,1344,1563],"class_list":["post-14802","post","type-post","status-publish","format-standard","has-post-thumbnail","hentry","category-unternehmen","tag-credit-suisse","tag-immobilienfonds","tag-personalia"],"acf":[],"yoast_head":"<!-- This site is optimized with the Yoast SEO plugin v27.4 - https:\/\/yoast.com\/product\/yoast-seo-wordpress\/ -->\n<title>Neuer Fondsmanager f\u00fcr den CS 1a Immo PK - IMMOBILIEN Business<\/title>\n<meta name=\"description\" content=\"Marcel Denner wird zum 1. M\u00e4rz 2019 Fondsmanager des Credit-Suisse-Fonds CS 1a Immo PK. Er folgt auf Thomas Vonaesch, der den Fonds 16 Jahre leitete.\" \/>\n<meta name=\"robots\" content=\"index, follow, max-snippet:-1, max-image-preview:large, max-video-preview:-1\" \/>\n<link rel=\"canonical\" href=\"https:\/\/www.immobilienbusiness.ch\/fr\/unternehmen\/2018-11-08\/neuer-fondsmanager-fuer-den-cs-1a-immo-pk\/\" \/>\n<meta property=\"og:locale\" content=\"fr_FR\" \/>\n<meta property=\"og:type\" content=\"article\" \/>\n<meta property=\"og:title\" content=\"Neuer Fondsmanager f\u00fcr den CS 1a Immo PK - IMMOBILIEN Business\" \/>\n<meta property=\"og:description\" content=\"Marcel Denner wird zum 1. M\u00e4rz 2019 Fondsmanager des Credit-Suisse-Fonds CS 1a Immo PK. Er folgt auf Thomas Vonaesch, der den Fonds 16 Jahre leitete.\" \/>\n<meta property=\"og:url\" content=\"https:\/\/www.immobilienbusiness.ch\/fr\/unternehmen\/2018-11-08\/neuer-fondsmanager-fuer-den-cs-1a-immo-pk\/\" \/>\n<meta property=\"og:site_name\" content=\"IMMOBILIEN Business\" \/>\n<meta property=\"article:publisher\" content=\"https:\/\/www.facebook.com\/immobilienbusiness\/\" \/>\n<meta property=\"article:published_time\" content=\"2018-11-08T08:16:32+00:00\" \/>\n<meta property=\"og:image\" content=\"https:\/\/www.immobilienbusiness.ch\/wp-content\/uploads\/2018\/11\/denner.png\" \/>\n\t<meta property=\"og:image:width\" content=\"478\" \/>\n\t<meta property=\"og:image:height\" content=\"319\" \/>\n\t<meta property=\"og:image:type\" content=\"image\/png\" \/>\n<meta name=\"author\" content=\"anja.hall\" \/>\n<meta name=\"twitter:card\" content=\"summary_large_image\" \/>\n<meta name=\"twitter:image\" content=\"https:\/\/www.immobilienbusiness.ch\/wp-content\/uploads\/2018\/11\/denner.png\" \/>\n<script type=\"application\/ld+json\" class=\"yoast-schema-graph\">{\"@context\":\"https:\\\/\\\/schema.org\",\"@graph\":[{\"@type\":\"Article\",\"@id\":\"https:\\\/\\\/www.immobilienbusiness.ch\\\/unternehmen\\\/2018-11-08\\\/neuer-fondsmanager-fuer-den-cs-1a-immo-pk\\\/#article\",\"isPartOf\":{\"@id\":\"https:\\\/\\\/www.immobilienbusiness.ch\\\/unternehmen\\\/2018-11-08\\\/neuer-fondsmanager-fuer-den-cs-1a-immo-pk\\\/\"},\"author\":{\"name\":\"anja.hall\",\"@id\":\"https:\\\/\\\/www.immobilienbusiness.ch\\\/#\\\/schema\\\/person\\\/3fc036297b10b9f42d6db5ee932af8c8\"},\"headline\":\"Neuer Fondsmanager f\u00fcr den CS 1a Immo PK\",\"datePublished\":\"2018-11-08T08:16:32+00:00\",\"mainEntityOfPage\":{\"@id\":\"https:\\\/\\\/www.immobilienbusiness.ch\\\/unternehmen\\\/2018-11-08\\\/neuer-fondsmanager-fuer-den-cs-1a-immo-pk\\\/\"},\"wordCount\":205,\"commentCount\":0,\"publisher\":{\"@id\":\"https:\\\/\\\/www.immobilienbusiness.ch\\\/#organization\"},\"image\":{\"@id\":\"https:\\\/\\\/www.immobilienbusiness.ch\\\/unternehmen\\\/2018-11-08\\\/neuer-fondsmanager-fuer-den-cs-1a-immo-pk\\\/#primaryimage\"},\"thumbnailUrl\":\"https:\\\/\\\/www.immobilienbusiness.ch\\\/wp-content\\\/uploads\\\/2018\\\/11\\\/denner.png\",\"keywords\":[\"Credit Suisse\",\"Immobilienfonds\",\"Personalia\"],\"articleSection\":[\"UNTERNEHMEN\"],\"inLanguage\":\"fr-FR\"},{\"@type\":\"WebPage\",\"@id\":\"https:\\\/\\\/www.immobilienbusiness.ch\\\/unternehmen\\\/2018-11-08\\\/neuer-fondsmanager-fuer-den-cs-1a-immo-pk\\\/\",\"url\":\"https:\\\/\\\/www.immobilienbusiness.ch\\\/unternehmen\\\/2018-11-08\\\/neuer-fondsmanager-fuer-den-cs-1a-immo-pk\\\/\",\"name\":\"Neuer Fondsmanager f\u00fcr den CS 1a Immo PK - IMMOBILIEN Business\",\"isPartOf\":{\"@id\":\"https:\\\/\\\/www.immobilienbusiness.ch\\\/#website\"},\"primaryImageOfPage\":{\"@id\":\"https:\\\/\\\/www.immobilienbusiness.ch\\\/unternehmen\\\/2018-11-08\\\/neuer-fondsmanager-fuer-den-cs-1a-immo-pk\\\/#primaryimage\"},\"image\":{\"@id\":\"https:\\\/\\\/www.immobilienbusiness.ch\\\/unternehmen\\\/2018-11-08\\\/neuer-fondsmanager-fuer-den-cs-1a-immo-pk\\\/#primaryimage\"},\"thumbnailUrl\":\"https:\\\/\\\/www.immobilienbusiness.ch\\\/wp-content\\\/uploads\\\/2018\\\/11\\\/denner.png\",\"datePublished\":\"2018-11-08T08:16:32+00:00\",\"description\":\"Marcel Denner wird zum 1. M\u00e4rz 2019 Fondsmanager des Credit-Suisse-Fonds CS 1a Immo PK. Er folgt auf Thomas Vonaesch, der den Fonds 16 Jahre leitete.\",\"breadcrumb\":{\"@id\":\"https:\\\/\\\/www.immobilienbusiness.ch\\\/unternehmen\\\/2018-11-08\\\/neuer-fondsmanager-fuer-den-cs-1a-immo-pk\\\/#breadcrumb\"},\"inLanguage\":\"fr-FR\",\"potentialAction\":[{\"@type\":\"ReadAction\",\"target\":[\"https:\\\/\\\/www.immobilienbusiness.ch\\\/unternehmen\\\/2018-11-08\\\/neuer-fondsmanager-fuer-den-cs-1a-immo-pk\\\/\"]}]},{\"@type\":\"ImageObject\",\"inLanguage\":\"fr-FR\",\"@id\":\"https:\\\/\\\/www.immobilienbusiness.ch\\\/unternehmen\\\/2018-11-08\\\/neuer-fondsmanager-fuer-den-cs-1a-immo-pk\\\/#primaryimage\",\"url\":\"https:\\\/\\\/www.immobilienbusiness.ch\\\/wp-content\\\/uploads\\\/2018\\\/11\\\/denner.png\",\"contentUrl\":\"https:\\\/\\\/www.immobilienbusiness.ch\\\/wp-content\\\/uploads\\\/2018\\\/11\\\/denner.png\",\"width\":478,\"height\":319,\"caption\":\"Marcel Denner (Bild: Credit Suisse Asset Management)\"},{\"@type\":\"BreadcrumbList\",\"@id\":\"https:\\\/\\\/www.immobilienbusiness.ch\\\/unternehmen\\\/2018-11-08\\\/neuer-fondsmanager-fuer-den-cs-1a-immo-pk\\\/#breadcrumb\",\"itemListElement\":[{\"@type\":\"ListItem\",\"position\":1,\"name\":\"Home\",\"item\":\"https:\\\/\\\/www.immobilienbusiness.ch\\\/\"},{\"@type\":\"ListItem\",\"position\":2,\"name\":\"Neuer Fondsmanager f\u00fcr den CS 1a Immo PK\"}]},{\"@type\":\"WebSite\",\"@id\":\"https:\\\/\\\/www.immobilienbusiness.ch\\\/#website\",\"url\":\"https:\\\/\\\/www.immobilienbusiness.ch\\\/\",\"name\":\"IMMOBILIEN Business\",\"description\":\"Unabh\u00e4ngiges Schweizer Wirtschaftsmagazin mit Fokus auf Immobilien, Architektur- und Bau sowie Investment- und Finanzierung.\",\"publisher\":{\"@id\":\"https:\\\/\\\/www.immobilienbusiness.ch\\\/#organization\"},\"potentialAction\":[{\"@type\":\"SearchAction\",\"target\":{\"@type\":\"EntryPoint\",\"urlTemplate\":\"https:\\\/\\\/www.immobilienbusiness.ch\\\/?s={search_term_string}\"},\"query-input\":{\"@type\":\"PropertyValueSpecification\",\"valueRequired\":true,\"valueName\":\"search_term_string\"}}],\"inLanguage\":\"fr-FR\"},{\"@type\":\"Organization\",\"@id\":\"https:\\\/\\\/www.immobilienbusiness.ch\\\/#organization\",\"name\":\"IMMOBILIEN Business\",\"url\":\"https:\\\/\\\/www.immobilienbusiness.ch\\\/\",\"logo\":{\"@type\":\"ImageObject\",\"inLanguage\":\"fr-FR\",\"@id\":\"https:\\\/\\\/www.immobilienbusiness.ch\\\/#\\\/schema\\\/logo\\\/image\\\/\",\"url\":\"https:\\\/\\\/www.immobilienbusiness.ch\\\/wp-content\\\/uploads\\\/2021\\\/07\\\/logo_ib.png\",\"contentUrl\":\"https:\\\/\\\/www.immobilienbusiness.ch\\\/wp-content\\\/uploads\\\/2021\\\/07\\\/logo_ib.png\",\"width\":800,\"height\":181,\"caption\":\"IMMOBILIEN Business\"},\"image\":{\"@id\":\"https:\\\/\\\/www.immobilienbusiness.ch\\\/#\\\/schema\\\/logo\\\/image\\\/\"},\"sameAs\":[\"https:\\\/\\\/www.facebook.com\\\/immobilienbusiness\\\/\"]},{\"@type\":\"Person\",\"@id\":\"https:\\\/\\\/www.immobilienbusiness.ch\\\/#\\\/schema\\\/person\\\/3fc036297b10b9f42d6db5ee932af8c8\",\"name\":\"anja.hall\",\"image\":{\"@type\":\"ImageObject\",\"inLanguage\":\"fr-FR\",\"@id\":\"https:\\\/\\\/secure.gravatar.com\\\/avatar\\\/066b5a0d447013502c71a5782f4f3469f03cfe595cc2329fb94652fe47511bfb?s=96&d=mm&r=g\",\"url\":\"https:\\\/\\\/secure.gravatar.com\\\/avatar\\\/066b5a0d447013502c71a5782f4f3469f03cfe595cc2329fb94652fe47511bfb?s=96&d=mm&r=g\",\"contentUrl\":\"https:\\\/\\\/secure.gravatar.com\\\/avatar\\\/066b5a0d447013502c71a5782f4f3469f03cfe595cc2329fb94652fe47511bfb?s=96&d=mm&r=g\",\"caption\":\"anja.hall\"},\"url\":\"https:\\\/\\\/www.immobilienbusiness.ch\\\/fr\\\/author\\\/anja-hall\\\/\"}]}<\/script>\n<!-- \/ Yoast SEO plugin. -->","yoast_head_json":{"title":"Neuer Fondsmanager f\u00fcr den CS 1a Immo PK - IMMOBILIEN Business","description":"Marcel Denner wird zum 1. M\u00e4rz 2019 Fondsmanager des Credit-Suisse-Fonds CS 1a Immo PK. Er folgt auf Thomas Vonaesch, der den Fonds 16 Jahre leitete.","robots":{"index":"index","follow":"follow","max-snippet":"max-snippet:-1","max-image-preview":"max-image-preview:large","max-video-preview":"max-video-preview:-1"},"canonical":"https:\/\/www.immobilienbusiness.ch\/fr\/unternehmen\/2018-11-08\/neuer-fondsmanager-fuer-den-cs-1a-immo-pk\/","og_locale":"fr_FR","og_type":"article","og_title":"Neuer Fondsmanager f\u00fcr den CS 1a Immo PK - IMMOBILIEN Business","og_description":"Marcel Denner wird zum 1. M\u00e4rz 2019 Fondsmanager des Credit-Suisse-Fonds CS 1a Immo PK. Er folgt auf Thomas Vonaesch, der den Fonds 16 Jahre leitete.","og_url":"https:\/\/www.immobilienbusiness.ch\/fr\/unternehmen\/2018-11-08\/neuer-fondsmanager-fuer-den-cs-1a-immo-pk\/","og_site_name":"IMMOBILIEN Business","article_publisher":"https:\/\/www.facebook.com\/immobilienbusiness\/","article_published_time":"2018-11-08T08:16:32+00:00","og_image":[{"width":478,"height":319,"url":"https:\/\/www.immobilienbusiness.ch\/wp-content\/uploads\/2018\/11\/denner.png","type":"image\/png"}],"author":"anja.hall","twitter_card":"summary_large_image","twitter_image":"https:\/\/www.immobilienbusiness.ch\/wp-content\/uploads\/2018\/11\/denner.png","schema":{"@context":"https:\/\/schema.org","@graph":[{"@type":"Article","@id":"https:\/\/www.immobilienbusiness.ch\/unternehmen\/2018-11-08\/neuer-fondsmanager-fuer-den-cs-1a-immo-pk\/#article","isPartOf":{"@id":"https:\/\/www.immobilienbusiness.ch\/unternehmen\/2018-11-08\/neuer-fondsmanager-fuer-den-cs-1a-immo-pk\/"},"author":{"name":"anja.hall","@id":"https:\/\/www.immobilienbusiness.ch\/#\/schema\/person\/3fc036297b10b9f42d6db5ee932af8c8"},"headline":"Neuer Fondsmanager f\u00fcr den CS 1a Immo PK","datePublished":"2018-11-08T08:16:32+00:00","mainEntityOfPage":{"@id":"https:\/\/www.immobilienbusiness.ch\/unternehmen\/2018-11-08\/neuer-fondsmanager-fuer-den-cs-1a-immo-pk\/"},"wordCount":205,"commentCount":0,"publisher":{"@id":"https:\/\/www.immobilienbusiness.ch\/#organization"},"image":{"@id":"https:\/\/www.immobilienbusiness.ch\/unternehmen\/2018-11-08\/neuer-fondsmanager-fuer-den-cs-1a-immo-pk\/#primaryimage"},"thumbnailUrl":"https:\/\/www.immobilienbusiness.ch\/wp-content\/uploads\/2018\/11\/denner.png","keywords":["Credit Suisse","Immobilienfonds","Personalia"],"articleSection":["UNTERNEHMEN"],"inLanguage":"fr-FR"},{"@type":"WebPage","@id":"https:\/\/www.immobilienbusiness.ch\/unternehmen\/2018-11-08\/neuer-fondsmanager-fuer-den-cs-1a-immo-pk\/","url":"https:\/\/www.immobilienbusiness.ch\/unternehmen\/2018-11-08\/neuer-fondsmanager-fuer-den-cs-1a-immo-pk\/","name":"Neuer Fondsmanager f\u00fcr den CS 1a Immo PK - IMMOBILIEN Business","isPartOf":{"@id":"https:\/\/www.immobilienbusiness.ch\/#website"},"primaryImageOfPage":{"@id":"https:\/\/www.immobilienbusiness.ch\/unternehmen\/2018-11-08\/neuer-fondsmanager-fuer-den-cs-1a-immo-pk\/#primaryimage"},"image":{"@id":"https:\/\/www.immobilienbusiness.ch\/unternehmen\/2018-11-08\/neuer-fondsmanager-fuer-den-cs-1a-immo-pk\/#primaryimage"},"thumbnailUrl":"https:\/\/www.immobilienbusiness.ch\/wp-content\/uploads\/2018\/11\/denner.png","datePublished":"2018-11-08T08:16:32+00:00","description":"Marcel Denner wird zum 1. M\u00e4rz 2019 Fondsmanager des Credit-Suisse-Fonds CS 1a Immo PK. Er folgt auf Thomas Vonaesch, der den Fonds 16 Jahre leitete.","breadcrumb":{"@id":"https:\/\/www.immobilienbusiness.ch\/unternehmen\/2018-11-08\/neuer-fondsmanager-fuer-den-cs-1a-immo-pk\/#breadcrumb"},"inLanguage":"fr-FR","potentialAction":[{"@type":"ReadAction","target":["https:\/\/www.immobilienbusiness.ch\/unternehmen\/2018-11-08\/neuer-fondsmanager-fuer-den-cs-1a-immo-pk\/"]}]},{"@type":"ImageObject","inLanguage":"fr-FR","@id":"https:\/\/www.immobilienbusiness.ch\/unternehmen\/2018-11-08\/neuer-fondsmanager-fuer-den-cs-1a-immo-pk\/#primaryimage","url":"https:\/\/www.immobilienbusiness.ch\/wp-content\/uploads\/2018\/11\/denner.png","contentUrl":"https:\/\/www.immobilienbusiness.ch\/wp-content\/uploads\/2018\/11\/denner.png","width":478,"height":319,"caption":"Marcel Denner (Bild: Credit Suisse Asset Management)"},{"@type":"BreadcrumbList","@id":"https:\/\/www.immobilienbusiness.ch\/unternehmen\/2018-11-08\/neuer-fondsmanager-fuer-den-cs-1a-immo-pk\/#breadcrumb","itemListElement":[{"@type":"ListItem","position":1,"name":"Home","item":"https:\/\/www.immobilienbusiness.ch\/"},{"@type":"ListItem","position":2,"name":"Neuer Fondsmanager f\u00fcr den CS 1a Immo PK"}]},{"@type":"WebSite","@id":"https:\/\/www.immobilienbusiness.ch\/#website","url":"https:\/\/www.immobilienbusiness.ch\/","name":"IMMOBILIER Business","description":"Magazine \u00e9conomique suisse ind\u00e9pendant ax\u00e9 sur l'immobilier, l'architecture et la construction ainsi que sur les investissements et le financement.","publisher":{"@id":"https:\/\/www.immobilienbusiness.ch\/#organization"},"potentialAction":[{"@type":"SearchAction","target":{"@type":"EntryPoint","urlTemplate":"https:\/\/www.immobilienbusiness.ch\/?s={search_term_string}"},"query-input":{"@type":"PropertyValueSpecification","valueRequired":true,"valueName":"search_term_string"}}],"inLanguage":"fr-FR"},{"@type":"Organization","@id":"https:\/\/www.immobilienbusiness.ch\/#organization","name":"IMMOBILIER Business","url":"https:\/\/www.immobilienbusiness.ch\/","logo":{"@type":"ImageObject","inLanguage":"fr-FR","@id":"https:\/\/www.immobilienbusiness.ch\/#\/schema\/logo\/image\/","url":"https:\/\/www.immobilienbusiness.ch\/wp-content\/uploads\/2021\/07\/logo_ib.png","contentUrl":"https:\/\/www.immobilienbusiness.ch\/wp-content\/uploads\/2021\/07\/logo_ib.png","width":800,"height":181,"caption":"IMMOBILIEN Business"},"image":{"@id":"https:\/\/www.immobilienbusiness.ch\/#\/schema\/logo\/image\/"},"sameAs":["https:\/\/www.facebook.com\/immobilienbusiness\/"]},{"@type":"Person","@id":"https:\/\/www.immobilienbusiness.ch\/#\/schema\/person\/3fc036297b10b9f42d6db5ee932af8c8","name":"anja.hall","image":{"@type":"ImageObject","inLanguage":"fr-FR","@id":"https:\/\/secure.gravatar.com\/avatar\/066b5a0d447013502c71a5782f4f3469f03cfe595cc2329fb94652fe47511bfb?s=96&d=mm&r=g","url":"https:\/\/secure.gravatar.com\/avatar\/066b5a0d447013502c71a5782f4f3469f03cfe595cc2329fb94652fe47511bfb?s=96&d=mm&r=g","contentUrl":"https:\/\/secure.gravatar.com\/avatar\/066b5a0d447013502c71a5782f4f3469f03cfe595cc2329fb94652fe47511bfb?s=96&d=mm&r=g","caption":"anja.hall"},"url":"https:\/\/www.immobilienbusiness.ch\/fr\/author\/anja-hall\/"}]}},"_links":{"self":[{"href":"https:\/\/www.immobilienbusiness.ch\/fr\/wp-json\/wp\/v2\/posts\/14802","targetHints":{"allow":["GET"]}}],"collection":[{"href":"https:\/\/www.immobilienbusiness.ch\/fr\/wp-json\/wp\/v2\/posts"}],"about":[{"href":"https:\/\/www.immobilienbusiness.ch\/fr\/wp-json\/wp\/v2\/types\/post"}],"author":[{"embeddable":true,"href":"https:\/\/www.immobilienbusiness.ch\/fr\/wp-json\/wp\/v2\/users\/3"}],"replies":[{"embeddable":true,"href":"https:\/\/www.immobilienbusiness.ch\/fr\/wp-json\/wp\/v2\/comments?post=14802"}],"version-history":[{"count":0,"href":"https:\/\/www.immobilienbusiness.ch\/fr\/wp-json\/wp\/v2\/posts\/14802\/revisions"}],"wp:featuredmedia":[{"embeddable":true,"href":"https:\/\/www.immobilienbusiness.ch\/fr\/wp-json\/wp\/v2\/media\/14804"}],"wp:attachment":[{"href":"https:\/\/www.immobilienbusiness.ch\/fr\/wp-json\/wp\/v2\/media?parent=14802"}],"wp:term":[{"taxonomy":"category","embeddable":true,"href":"https:\/\/www.immobilienbusiness.ch\/fr\/wp-json\/wp\/v2\/categories?post=14802"},{"taxonomy":"post_tag","embeddable":true,"href":"https:\/\/www.immobilienbusiness.ch\/fr\/wp-json\/wp\/v2\/tags?post=14802"}],"curies":[{"name":"wp","href":"https:\/\/api.w.org\/{rel}","templated":true}]}}