{"id":14775,"date":"2018-11-06T07:52:09","date_gmt":"2018-11-06T06:52:09","guid":{"rendered":"https:\/\/www.immobilienbusiness.ch\/?p=14775"},"modified":"2018-11-06T07:52:09","modified_gmt":"2018-11-06T06:52:09","slug":"ubs-direct-residential-schliesst-kapitalerhoehung-ab","status":"publish","type":"post","link":"https:\/\/www.immobilienbusiness.ch\/fr\/unternehmen\/2018-11-06\/ubs-direct-residential-schliesst-kapitalerhoehung-ab\/","title":{"rendered":"UBS Direct Residential cl\u00f4ture son augmentation de capital"},"content":{"rendered":"<figure id=\"attachment_14189\" aria-describedby=\"caption-attachment-14189\" style=\"width: 680px\" class=\"wp-caption alignnone\"><img loading=\"lazy\" decoding=\"async\" class=\"size-medium wp-image-14189\" src=\"https:\/\/www.immobilienbusiness.ch\/wp-content\/uploads\/2018\/09\/Depositphotos_2461374_m-2015.jpg\" alt=\"\" width=\"680\" height=\"454\" srcset=\"https:\/\/www.immobilienbusiness.ch\/wp-content\/uploads\/2018\/09\/Depositphotos_2461374_m-2015.jpg 1000w, https:\/\/www.immobilienbusiness.ch\/wp-content\/uploads\/2018\/09\/Depositphotos_2461374_m-2015-300x200.jpg 300w, https:\/\/www.immobilienbusiness.ch\/wp-content\/uploads\/2018\/09\/Depositphotos_2461374_m-2015-768x512.jpg 768w, https:\/\/www.immobilienbusiness.ch\/wp-content\/uploads\/2018\/09\/Depositphotos_2461374_m-2015-16x12.jpg 16w, https:\/\/www.immobilienbusiness.ch\/wp-content\/uploads\/2018\/09\/Depositphotos_2461374_m-2015-262x175.jpg 262w, https:\/\/www.immobilienbusiness.ch\/wp-content\/uploads\/2018\/09\/Depositphotos_2461374_m-2015-525x350.jpg 525w, https:\/\/www.immobilienbusiness.ch\/wp-content\/uploads\/2018\/09\/Depositphotos_2461374_m-2015-920x614.jpg 920w\" sizes=\"auto, (max-width: 680px) 100vw, 680px\" \/><figcaption id=\"caption-attachment-14189\" class=\"wp-caption-text\">UBS Direct Residential a lev\u00e9 94 millions de CHF lors de sa derni\u00e8re augmentation de capital (photo : shirotie - depositphotos)<\/figcaption><\/figure>\n<p>Comme l'indique UBS, une grande partie du produit de l'\u00e9mission sera utilis\u00e9e pour des acquisitions et des projets de construction. Selon les indications, le fonds acquiert des immeubles d'habitation \u00e0 Bienne (volume de placement de 7 millions) et \u00e0 Bad Zurzach (8 millions). En outre, 15 millions sont investis dans la construction de l'immeuble d'habitation \"Holenbaumacker\" \u00e0 Egerkingen et dans l'immeuble d'habitation \"Zentrum\" \u00e0 Oftringen.<\/p>\n<p>32 millions sont pr\u00e9vus pour le remplacement de l'immeuble \u00e0 usage mixte \"Zentrumweg\" \u00e0 Niederhasli, et 17 millions seront investis dans le remplacement d'un immeuble d'habitation \u00e0 l'Ankengasse\/Stationstrasse \u00e0 Wetzikon, est-il encore pr\u00e9cis\u00e9.<\/p>\n<p>Le produit restant de l'\u00e9mission doit permettre d'acheter des biens immobiliers suppl\u00e9mentaires, de financer des r\u00e9novations et des projets de construction et de rembourser des financements externes. <em>(ah)<\/em><\/p>","protected":false},"excerpt":{"rendered":"<p>L'augmentation de capital pour l'UBS (CH) Property Fund Direct Residential a \u00e9t\u00e9 enti\u00e8rement plac\u00e9e, le fonds a re\u00e7u un produit d'environ 94 millions de CHF.<\/p>","protected":false},"author":3,"featured_media":14189,"comment_status":"open","ping_status":"open","sticky":false,"template":"","format":"standard","meta":{"_acf_changed":false,"_yoast_wpseo_focuskw":"UBS","_yoast_wpseo_title":"","_yoast_wpseo_metadesc":"Die Kapitalerh\u00f6hung f\u00fcr den UBS Direct Residential wurde vollst\u00e4ndig platziert, dem Fonds ist ein Erl\u00f6s von rund 94 Mio CHF zugeflossen.","_yoast_wpseo_linkdex":56,"pgc_sgb_lightbox_settings":"","footnotes":""},"categories":[988],"tags":[1332,1412,1796],"class_list":["post-14775","post","type-post","status-publish","format-standard","has-post-thumbnail","hentry","category-unternehmen","tag-immobilien-fonds","tag-kapitalerhoehung","tag-ubs"],"acf":[],"yoast_head":"<!-- This site is optimized with the Yoast SEO plugin v27.4 - https:\/\/yoast.com\/product\/yoast-seo-wordpress\/ -->\n<title>UBS Direct Residential schliesst Kapitalerh\u00f6hung ab - IMMOBILIEN Business<\/title>\n<meta name=\"description\" content=\"Die Kapitalerh\u00f6hung f\u00fcr den UBS Direct Residential wurde vollst\u00e4ndig platziert, dem Fonds ist ein Erl\u00f6s von rund 94 Mio CHF zugeflossen.\" \/>\n<meta name=\"robots\" content=\"index, follow, max-snippet:-1, max-image-preview:large, max-video-preview:-1\" \/>\n<link rel=\"canonical\" href=\"https:\/\/www.immobilienbusiness.ch\/fr\/unternehmen\/2018-11-06\/ubs-direct-residential-schliesst-kapitalerhoehung-ab\/\" \/>\n<meta property=\"og:locale\" content=\"fr_FR\" \/>\n<meta property=\"og:type\" content=\"article\" \/>\n<meta property=\"og:title\" content=\"UBS Direct Residential schliesst Kapitalerh\u00f6hung ab - IMMOBILIEN Business\" \/>\n<meta property=\"og:description\" content=\"Die Kapitalerh\u00f6hung f\u00fcr den UBS Direct Residential wurde vollst\u00e4ndig platziert, dem Fonds ist ein Erl\u00f6s von rund 94 Mio CHF zugeflossen.\" \/>\n<meta property=\"og:url\" content=\"https:\/\/www.immobilienbusiness.ch\/fr\/unternehmen\/2018-11-06\/ubs-direct-residential-schliesst-kapitalerhoehung-ab\/\" \/>\n<meta property=\"og:site_name\" content=\"IMMOBILIEN Business\" \/>\n<meta property=\"article:publisher\" content=\"https:\/\/www.facebook.com\/immobilienbusiness\/\" \/>\n<meta property=\"article:published_time\" content=\"2018-11-06T06:52:09+00:00\" \/>\n<meta property=\"og:image\" content=\"https:\/\/www.immobilienbusiness.ch\/wp-content\/uploads\/2018\/09\/Depositphotos_2461374_m-2015.jpg\" \/>\n\t<meta property=\"og:image:width\" content=\"1000\" \/>\n\t<meta property=\"og:image:height\" content=\"667\" \/>\n\t<meta property=\"og:image:type\" content=\"image\/jpeg\" \/>\n<meta name=\"author\" content=\"anja.hall\" \/>\n<meta name=\"twitter:card\" content=\"summary_large_image\" \/>\n<meta name=\"twitter:image\" content=\"https:\/\/www.immobilienbusiness.ch\/wp-content\/uploads\/2018\/09\/Depositphotos_2461374_m-2015.jpg\" \/>\n<script type=\"application\/ld+json\" class=\"yoast-schema-graph\">{\"@context\":\"https:\\\/\\\/schema.org\",\"@graph\":[{\"@type\":\"Article\",\"@id\":\"https:\\\/\\\/www.immobilienbusiness.ch\\\/it\\\/unternehmen\\\/2018-11-06\\\/ubs-direct-residential-schliesst-kapitalerhoehung-ab\\\/#article\",\"isPartOf\":{\"@id\":\"https:\\\/\\\/www.immobilienbusiness.ch\\\/it\\\/unternehmen\\\/2018-11-06\\\/ubs-direct-residential-schliesst-kapitalerhoehung-ab\\\/\"},\"author\":{\"name\":\"anja.hall\",\"@id\":\"https:\\\/\\\/www.immobilienbusiness.ch\\\/#\\\/schema\\\/person\\\/3fc036297b10b9f42d6db5ee932af8c8\"},\"headline\":\"UBS Direct Residential schliesst Kapitalerh\u00f6hung ab\",\"datePublished\":\"2018-11-06T06:52:09+00:00\",\"mainEntityOfPage\":{\"@id\":\"https:\\\/\\\/www.immobilienbusiness.ch\\\/it\\\/unternehmen\\\/2018-11-06\\\/ubs-direct-residential-schliesst-kapitalerhoehung-ab\\\/\"},\"wordCount\":136,\"commentCount\":0,\"publisher\":{\"@id\":\"https:\\\/\\\/www.immobilienbusiness.ch\\\/#organization\"},\"image\":{\"@id\":\"https:\\\/\\\/www.immobilienbusiness.ch\\\/it\\\/unternehmen\\\/2018-11-06\\\/ubs-direct-residential-schliesst-kapitalerhoehung-ab\\\/#primaryimage\"},\"thumbnailUrl\":\"https:\\\/\\\/www.immobilienbusiness.ch\\\/wp-content\\\/uploads\\\/2018\\\/09\\\/Depositphotos_2461374_m-2015.jpg\",\"keywords\":[\"Immobilien-Fonds\",\"Kapitalerh\u00f6hung\",\"UBS\"],\"articleSection\":[\"UNTERNEHMEN\"],\"inLanguage\":\"fr-FR\"},{\"@type\":\"WebPage\",\"@id\":\"https:\\\/\\\/www.immobilienbusiness.ch\\\/it\\\/unternehmen\\\/2018-11-06\\\/ubs-direct-residential-schliesst-kapitalerhoehung-ab\\\/\",\"url\":\"https:\\\/\\\/www.immobilienbusiness.ch\\\/it\\\/unternehmen\\\/2018-11-06\\\/ubs-direct-residential-schliesst-kapitalerhoehung-ab\\\/\",\"name\":\"UBS Direct Residential schliesst Kapitalerh\u00f6hung ab - IMMOBILIEN Business\",\"isPartOf\":{\"@id\":\"https:\\\/\\\/www.immobilienbusiness.ch\\\/#website\"},\"primaryImageOfPage\":{\"@id\":\"https:\\\/\\\/www.immobilienbusiness.ch\\\/it\\\/unternehmen\\\/2018-11-06\\\/ubs-direct-residential-schliesst-kapitalerhoehung-ab\\\/#primaryimage\"},\"image\":{\"@id\":\"https:\\\/\\\/www.immobilienbusiness.ch\\\/it\\\/unternehmen\\\/2018-11-06\\\/ubs-direct-residential-schliesst-kapitalerhoehung-ab\\\/#primaryimage\"},\"thumbnailUrl\":\"https:\\\/\\\/www.immobilienbusiness.ch\\\/wp-content\\\/uploads\\\/2018\\\/09\\\/Depositphotos_2461374_m-2015.jpg\",\"datePublished\":\"2018-11-06T06:52:09+00:00\",\"description\":\"Die Kapitalerh\u00f6hung f\u00fcr den UBS Direct Residential wurde vollst\u00e4ndig platziert, dem Fonds ist ein Erl\u00f6s von rund 94 Mio CHF zugeflossen.\",\"breadcrumb\":{\"@id\":\"https:\\\/\\\/www.immobilienbusiness.ch\\\/it\\\/unternehmen\\\/2018-11-06\\\/ubs-direct-residential-schliesst-kapitalerhoehung-ab\\\/#breadcrumb\"},\"inLanguage\":\"fr-FR\",\"potentialAction\":[{\"@type\":\"ReadAction\",\"target\":[\"https:\\\/\\\/www.immobilienbusiness.ch\\\/it\\\/unternehmen\\\/2018-11-06\\\/ubs-direct-residential-schliesst-kapitalerhoehung-ab\\\/\"]}]},{\"@type\":\"ImageObject\",\"inLanguage\":\"fr-FR\",\"@id\":\"https:\\\/\\\/www.immobilienbusiness.ch\\\/it\\\/unternehmen\\\/2018-11-06\\\/ubs-direct-residential-schliesst-kapitalerhoehung-ab\\\/#primaryimage\",\"url\":\"https:\\\/\\\/www.immobilienbusiness.ch\\\/wp-content\\\/uploads\\\/2018\\\/09\\\/Depositphotos_2461374_m-2015.jpg\",\"contentUrl\":\"https:\\\/\\\/www.immobilienbusiness.ch\\\/wp-content\\\/uploads\\\/2018\\\/09\\\/Depositphotos_2461374_m-2015.jpg\",\"width\":1000,\"height\":667,\"caption\":\"Der SF Sustainable Fund plant den n\u00e4chsten Wachstumsschritt (Bild: shirotie - depositphotos)\"},{\"@type\":\"BreadcrumbList\",\"@id\":\"https:\\\/\\\/www.immobilienbusiness.ch\\\/it\\\/unternehmen\\\/2018-11-06\\\/ubs-direct-residential-schliesst-kapitalerhoehung-ab\\\/#breadcrumb\",\"itemListElement\":[{\"@type\":\"ListItem\",\"position\":1,\"name\":\"Home\",\"item\":\"https:\\\/\\\/www.immobilienbusiness.ch\\\/\"},{\"@type\":\"ListItem\",\"position\":2,\"name\":\"UBS Direct Residential schliesst Kapitalerh\u00f6hung ab\"}]},{\"@type\":\"WebSite\",\"@id\":\"https:\\\/\\\/www.immobilienbusiness.ch\\\/#website\",\"url\":\"https:\\\/\\\/www.immobilienbusiness.ch\\\/\",\"name\":\"IMMOBILIEN Business\",\"description\":\"Unabh\u00e4ngiges Schweizer Wirtschaftsmagazin mit Fokus auf Immobilien, Architektur- und Bau sowie Investment- und Finanzierung.\",\"publisher\":{\"@id\":\"https:\\\/\\\/www.immobilienbusiness.ch\\\/#organization\"},\"potentialAction\":[{\"@type\":\"SearchAction\",\"target\":{\"@type\":\"EntryPoint\",\"urlTemplate\":\"https:\\\/\\\/www.immobilienbusiness.ch\\\/?s={search_term_string}\"},\"query-input\":{\"@type\":\"PropertyValueSpecification\",\"valueRequired\":true,\"valueName\":\"search_term_string\"}}],\"inLanguage\":\"fr-FR\"},{\"@type\":\"Organization\",\"@id\":\"https:\\\/\\\/www.immobilienbusiness.ch\\\/#organization\",\"name\":\"IMMOBILIEN Business\",\"url\":\"https:\\\/\\\/www.immobilienbusiness.ch\\\/\",\"logo\":{\"@type\":\"ImageObject\",\"inLanguage\":\"fr-FR\",\"@id\":\"https:\\\/\\\/www.immobilienbusiness.ch\\\/#\\\/schema\\\/logo\\\/image\\\/\",\"url\":\"https:\\\/\\\/www.immobilienbusiness.ch\\\/wp-content\\\/uploads\\\/2021\\\/07\\\/logo_ib.png\",\"contentUrl\":\"https:\\\/\\\/www.immobilienbusiness.ch\\\/wp-content\\\/uploads\\\/2021\\\/07\\\/logo_ib.png\",\"width\":800,\"height\":181,\"caption\":\"IMMOBILIEN Business\"},\"image\":{\"@id\":\"https:\\\/\\\/www.immobilienbusiness.ch\\\/#\\\/schema\\\/logo\\\/image\\\/\"},\"sameAs\":[\"https:\\\/\\\/www.facebook.com\\\/immobilienbusiness\\\/\"]},{\"@type\":\"Person\",\"@id\":\"https:\\\/\\\/www.immobilienbusiness.ch\\\/#\\\/schema\\\/person\\\/3fc036297b10b9f42d6db5ee932af8c8\",\"name\":\"anja.hall\",\"image\":{\"@type\":\"ImageObject\",\"inLanguage\":\"fr-FR\",\"@id\":\"https:\\\/\\\/secure.gravatar.com\\\/avatar\\\/066b5a0d447013502c71a5782f4f3469f03cfe595cc2329fb94652fe47511bfb?s=96&d=mm&r=g\",\"url\":\"https:\\\/\\\/secure.gravatar.com\\\/avatar\\\/066b5a0d447013502c71a5782f4f3469f03cfe595cc2329fb94652fe47511bfb?s=96&d=mm&r=g\",\"contentUrl\":\"https:\\\/\\\/secure.gravatar.com\\\/avatar\\\/066b5a0d447013502c71a5782f4f3469f03cfe595cc2329fb94652fe47511bfb?s=96&d=mm&r=g\",\"caption\":\"anja.hall\"},\"url\":\"https:\\\/\\\/www.immobilienbusiness.ch\\\/fr\\\/author\\\/anja-hall\\\/\"}]}<\/script>\n<!-- \/ Yoast SEO plugin. -->","yoast_head_json":{"title":"UBS Direct Residential schliesst Kapitalerh\u00f6hung ab - IMMOBILIEN Business","description":"Die Kapitalerh\u00f6hung f\u00fcr den UBS Direct Residential wurde vollst\u00e4ndig platziert, dem Fonds ist ein Erl\u00f6s von rund 94 Mio CHF zugeflossen.","robots":{"index":"index","follow":"follow","max-snippet":"max-snippet:-1","max-image-preview":"max-image-preview:large","max-video-preview":"max-video-preview:-1"},"canonical":"https:\/\/www.immobilienbusiness.ch\/fr\/unternehmen\/2018-11-06\/ubs-direct-residential-schliesst-kapitalerhoehung-ab\/","og_locale":"fr_FR","og_type":"article","og_title":"UBS Direct Residential schliesst Kapitalerh\u00f6hung ab - IMMOBILIEN Business","og_description":"Die Kapitalerh\u00f6hung f\u00fcr den UBS Direct Residential wurde vollst\u00e4ndig platziert, dem Fonds ist ein Erl\u00f6s von rund 94 Mio CHF zugeflossen.","og_url":"https:\/\/www.immobilienbusiness.ch\/fr\/unternehmen\/2018-11-06\/ubs-direct-residential-schliesst-kapitalerhoehung-ab\/","og_site_name":"IMMOBILIEN Business","article_publisher":"https:\/\/www.facebook.com\/immobilienbusiness\/","article_published_time":"2018-11-06T06:52:09+00:00","og_image":[{"width":1000,"height":667,"url":"https:\/\/www.immobilienbusiness.ch\/wp-content\/uploads\/2018\/09\/Depositphotos_2461374_m-2015.jpg","type":"image\/jpeg"}],"author":"anja.hall","twitter_card":"summary_large_image","twitter_image":"https:\/\/www.immobilienbusiness.ch\/wp-content\/uploads\/2018\/09\/Depositphotos_2461374_m-2015.jpg","schema":{"@context":"https:\/\/schema.org","@graph":[{"@type":"Article","@id":"https:\/\/www.immobilienbusiness.ch\/it\/unternehmen\/2018-11-06\/ubs-direct-residential-schliesst-kapitalerhoehung-ab\/#article","isPartOf":{"@id":"https:\/\/www.immobilienbusiness.ch\/it\/unternehmen\/2018-11-06\/ubs-direct-residential-schliesst-kapitalerhoehung-ab\/"},"author":{"name":"anja.hall","@id":"https:\/\/www.immobilienbusiness.ch\/#\/schema\/person\/3fc036297b10b9f42d6db5ee932af8c8"},"headline":"UBS Direct Residential schliesst Kapitalerh\u00f6hung ab","datePublished":"2018-11-06T06:52:09+00:00","mainEntityOfPage":{"@id":"https:\/\/www.immobilienbusiness.ch\/it\/unternehmen\/2018-11-06\/ubs-direct-residential-schliesst-kapitalerhoehung-ab\/"},"wordCount":136,"commentCount":0,"publisher":{"@id":"https:\/\/www.immobilienbusiness.ch\/#organization"},"image":{"@id":"https:\/\/www.immobilienbusiness.ch\/it\/unternehmen\/2018-11-06\/ubs-direct-residential-schliesst-kapitalerhoehung-ab\/#primaryimage"},"thumbnailUrl":"https:\/\/www.immobilienbusiness.ch\/wp-content\/uploads\/2018\/09\/Depositphotos_2461374_m-2015.jpg","keywords":["Immobilien-Fonds","Kapitalerh\u00f6hung","UBS"],"articleSection":["UNTERNEHMEN"],"inLanguage":"fr-FR"},{"@type":"WebPage","@id":"https:\/\/www.immobilienbusiness.ch\/it\/unternehmen\/2018-11-06\/ubs-direct-residential-schliesst-kapitalerhoehung-ab\/","url":"https:\/\/www.immobilienbusiness.ch\/it\/unternehmen\/2018-11-06\/ubs-direct-residential-schliesst-kapitalerhoehung-ab\/","name":"UBS Direct Residential schliesst Kapitalerh\u00f6hung ab - IMMOBILIEN Business","isPartOf":{"@id":"https:\/\/www.immobilienbusiness.ch\/#website"},"primaryImageOfPage":{"@id":"https:\/\/www.immobilienbusiness.ch\/it\/unternehmen\/2018-11-06\/ubs-direct-residential-schliesst-kapitalerhoehung-ab\/#primaryimage"},"image":{"@id":"https:\/\/www.immobilienbusiness.ch\/it\/unternehmen\/2018-11-06\/ubs-direct-residential-schliesst-kapitalerhoehung-ab\/#primaryimage"},"thumbnailUrl":"https:\/\/www.immobilienbusiness.ch\/wp-content\/uploads\/2018\/09\/Depositphotos_2461374_m-2015.jpg","datePublished":"2018-11-06T06:52:09+00:00","description":"Die Kapitalerh\u00f6hung f\u00fcr den UBS Direct Residential wurde vollst\u00e4ndig platziert, dem Fonds ist ein Erl\u00f6s von rund 94 Mio CHF zugeflossen.","breadcrumb":{"@id":"https:\/\/www.immobilienbusiness.ch\/it\/unternehmen\/2018-11-06\/ubs-direct-residential-schliesst-kapitalerhoehung-ab\/#breadcrumb"},"inLanguage":"fr-FR","potentialAction":[{"@type":"ReadAction","target":["https:\/\/www.immobilienbusiness.ch\/it\/unternehmen\/2018-11-06\/ubs-direct-residential-schliesst-kapitalerhoehung-ab\/"]}]},{"@type":"ImageObject","inLanguage":"fr-FR","@id":"https:\/\/www.immobilienbusiness.ch\/it\/unternehmen\/2018-11-06\/ubs-direct-residential-schliesst-kapitalerhoehung-ab\/#primaryimage","url":"https:\/\/www.immobilienbusiness.ch\/wp-content\/uploads\/2018\/09\/Depositphotos_2461374_m-2015.jpg","contentUrl":"https:\/\/www.immobilienbusiness.ch\/wp-content\/uploads\/2018\/09\/Depositphotos_2461374_m-2015.jpg","width":1000,"height":667,"caption":"Der SF Sustainable Fund plant den n\u00e4chsten Wachstumsschritt (Bild: shirotie - depositphotos)"},{"@type":"BreadcrumbList","@id":"https:\/\/www.immobilienbusiness.ch\/it\/unternehmen\/2018-11-06\/ubs-direct-residential-schliesst-kapitalerhoehung-ab\/#breadcrumb","itemListElement":[{"@type":"ListItem","position":1,"name":"Home","item":"https:\/\/www.immobilienbusiness.ch\/"},{"@type":"ListItem","position":2,"name":"UBS Direct Residential schliesst Kapitalerh\u00f6hung ab"}]},{"@type":"WebSite","@id":"https:\/\/www.immobilienbusiness.ch\/#website","url":"https:\/\/www.immobilienbusiness.ch\/","name":"IMMOBILIER Business","description":"Magazine \u00e9conomique suisse ind\u00e9pendant ax\u00e9 sur l'immobilier, l'architecture et la construction ainsi que sur les investissements et le financement.","publisher":{"@id":"https:\/\/www.immobilienbusiness.ch\/#organization"},"potentialAction":[{"@type":"SearchAction","target":{"@type":"EntryPoint","urlTemplate":"https:\/\/www.immobilienbusiness.ch\/?s={search_term_string}"},"query-input":{"@type":"PropertyValueSpecification","valueRequired":true,"valueName":"search_term_string"}}],"inLanguage":"fr-FR"},{"@type":"Organization","@id":"https:\/\/www.immobilienbusiness.ch\/#organization","name":"IMMOBILIER Business","url":"https:\/\/www.immobilienbusiness.ch\/","logo":{"@type":"ImageObject","inLanguage":"fr-FR","@id":"https:\/\/www.immobilienbusiness.ch\/#\/schema\/logo\/image\/","url":"https:\/\/www.immobilienbusiness.ch\/wp-content\/uploads\/2021\/07\/logo_ib.png","contentUrl":"https:\/\/www.immobilienbusiness.ch\/wp-content\/uploads\/2021\/07\/logo_ib.png","width":800,"height":181,"caption":"IMMOBILIEN Business"},"image":{"@id":"https:\/\/www.immobilienbusiness.ch\/#\/schema\/logo\/image\/"},"sameAs":["https:\/\/www.facebook.com\/immobilienbusiness\/"]},{"@type":"Person","@id":"https:\/\/www.immobilienbusiness.ch\/#\/schema\/person\/3fc036297b10b9f42d6db5ee932af8c8","name":"anja.hall","image":{"@type":"ImageObject","inLanguage":"fr-FR","@id":"https:\/\/secure.gravatar.com\/avatar\/066b5a0d447013502c71a5782f4f3469f03cfe595cc2329fb94652fe47511bfb?s=96&d=mm&r=g","url":"https:\/\/secure.gravatar.com\/avatar\/066b5a0d447013502c71a5782f4f3469f03cfe595cc2329fb94652fe47511bfb?s=96&d=mm&r=g","contentUrl":"https:\/\/secure.gravatar.com\/avatar\/066b5a0d447013502c71a5782f4f3469f03cfe595cc2329fb94652fe47511bfb?s=96&d=mm&r=g","caption":"anja.hall"},"url":"https:\/\/www.immobilienbusiness.ch\/fr\/author\/anja-hall\/"}]}},"_links":{"self":[{"href":"https:\/\/www.immobilienbusiness.ch\/fr\/wp-json\/wp\/v2\/posts\/14775","targetHints":{"allow":["GET"]}}],"collection":[{"href":"https:\/\/www.immobilienbusiness.ch\/fr\/wp-json\/wp\/v2\/posts"}],"about":[{"href":"https:\/\/www.immobilienbusiness.ch\/fr\/wp-json\/wp\/v2\/types\/post"}],"author":[{"embeddable":true,"href":"https:\/\/www.immobilienbusiness.ch\/fr\/wp-json\/wp\/v2\/users\/3"}],"replies":[{"embeddable":true,"href":"https:\/\/www.immobilienbusiness.ch\/fr\/wp-json\/wp\/v2\/comments?post=14775"}],"version-history":[{"count":0,"href":"https:\/\/www.immobilienbusiness.ch\/fr\/wp-json\/wp\/v2\/posts\/14775\/revisions"}],"wp:featuredmedia":[{"embeddable":true,"href":"https:\/\/www.immobilienbusiness.ch\/fr\/wp-json\/wp\/v2\/media\/14189"}],"wp:attachment":[{"href":"https:\/\/www.immobilienbusiness.ch\/fr\/wp-json\/wp\/v2\/media?parent=14775"}],"wp:term":[{"taxonomy":"category","embeddable":true,"href":"https:\/\/www.immobilienbusiness.ch\/fr\/wp-json\/wp\/v2\/categories?post=14775"},{"taxonomy":"post_tag","embeddable":true,"href":"https:\/\/www.immobilienbusiness.ch\/fr\/wp-json\/wp\/v2\/tags?post=14775"}],"curies":[{"name":"wp","href":"https:\/\/api.w.org\/{rel}","templated":true}]}}